{"id":200780,"date":"2026-04-29T17:35:00","date_gmt":"2026-04-29T20:35:00","guid":{"rendered":"https:\/\/www.em.com.br\/emfoco\/?p=200780"},"modified":"2026-04-28T16:54:01","modified_gmt":"2026-04-28T19:54:01","slug":"manjericao-murcho-o-jeito-certo-de-plantar-em-casa-e-colher-folhas-sempre-frescas","status":"publish","type":"post","link":"https:\/\/www.em.com.br\/emfoco\/2026\/04\/29\/manjericao-murcho-o-jeito-certo-de-plantar-em-casa-e-colher-folhas-sempre-frescas\/","title":{"rendered":"Manjeric\u00e3o murcho? O jeito certo de plantar em casa e colher folhas sempre frescas"},"content":{"rendered":"\n<p>Eu estava na cozinha picando tomates quando percebi que faltava aquele aroma fresco que s\u00f3 aparece quando aprendemos <strong>como plantar manjeric\u00e3o<\/strong>. Ser\u00e1 que existe um segredo enterrado no vaso que garante folhas gigantes e perfumadas durante o ano inteiro?<\/p>\n\n\n\n<h2 class=\"wp-block-heading\">Onde posicionar seu vaso para colher resultados incr\u00edveis<\/h2>\n\n\n\n<p>O manjeric\u00e3o adora receber luz solar direta por pelo menos seis horas di\u00e1rias para desenvolver seus \u00f3leos arom\u00e1ticos com perfei\u00e7\u00e3o t\u00e9cnica. Voc\u00ea deve escolher uma janela bem ensolarada ou um canto protegido da varanda que receba o calor intenso da manh\u00e3. Manter a planta em locais escuros costuma deixar os galhos muito finos e as folhas sem o <strong>brilho caracter\u00edstico<\/strong> e a <strong>vitalidade necess\u00e1ria<\/strong>.<\/p>\n\n\n\n<p>Al\u00e9m da luz, a ventila\u00e7\u00e3o adequada impede que fungos indesejados ataquem a estrutura sens\u00edvel dessa erva mediterr\u00e2nea t\u00e3o apreciada na culin\u00e1ria. Evite deixar os vasos muito grudados na parede para permitir que o ar circule livremente entre os ramos densos e saud\u00e1veis. Esse cuidado b\u00e1sico garante uma <strong>folhagem vi\u00e7osa<\/strong> e afasta <strong>pragas comuns<\/strong> que costumam atacar jardins urbanos sem aviso pr\u00e9vio.<\/p>\n\n\n<div class=\"wp-block-image\">\n<figure class=\"aligncenter size-large\"><img loading=\"lazy\" decoding=\"async\" width=\"1024\" height=\"576\" src=\"https:\/\/www.em.com.br\/emfoco\/wp-content\/uploads\/2026\/01\/Gemini_Generated_Image_fxw2mfxw2mfxw2mf-1-1024x576.png\" alt=\"como plantar manjeric\u00e3o\" class=\"wp-image-148888\" srcset=\"https:\/\/www.em.com.br\/emfoco\/wp-content\/uploads\/2026\/01\/Gemini_Generated_Image_fxw2mfxw2mfxw2mf-1-1024x576.png 1024w, https:\/\/www.em.com.br\/emfoco\/wp-content\/uploads\/2026\/01\/Gemini_Generated_Image_fxw2mfxw2mfxw2mf-1-300x169.png 300w, https:\/\/www.em.com.br\/emfoco\/wp-content\/uploads\/2026\/01\/Gemini_Generated_Image_fxw2mfxw2mfxw2mf-1-768x432.png 768w, https:\/\/www.em.com.br\/emfoco\/wp-content\/uploads\/2026\/01\/Gemini_Generated_Image_fxw2mfxw2mfxw2mf-1-750x422.png 750w, https:\/\/www.em.com.br\/emfoco\/wp-content\/uploads\/2026\/01\/Gemini_Generated_Image_fxw2mfxw2mfxw2mf-1-1140x641.png 1140w, https:\/\/www.em.com.br\/emfoco\/wp-content\/uploads\/2026\/01\/Gemini_Generated_Image_fxw2mfxw2mfxw2mf-1.png 1280w\" sizes=\"auto, (max-width: 1024px) 100vw, 1024px\" \/><figcaption class=\"wp-element-caption\">Al\u00e9m da luz, a ventila\u00e7\u00e3o adequada impede que fungos indesejados ataquem a estrutura sens\u00edvel dessa erva mediterr\u00e2nea t\u00e3o apreciada<\/figcaption><\/figure><\/div>\n\n\n<p>Leia tamb\u00e9m: <a href=\"https:\/\/www.em.com.br\/emfoco\/2026\/04\/11\/aprenda-a-como-plantar-cravo-da-india-e-cultivar-flores-aromaticas-em-casa\/\" target=\"_blank\" rel=\"noreferrer noopener\">Aprenda a como plantar cravo-da-\u00edndia e cultivar flores arom\u00e1ticas em casa<\/a><\/p>\n\n\n\n<h2 class=\"wp-block-heading\">O segredo do solo em como plantar manjeric\u00e3o<\/h2>\n\n\n\n<p>Preparar uma terra rica em mat\u00e9ria org\u00e2nica \u00e9 o primeiro passo t\u00e9cnico para quem deseja saber <strong>como plantar manjeric\u00e3o<\/strong> com sucesso absoluto. Utilize uma mistura de terra vegetal com h\u00famus de minhoca para fornecer os nutrientes b\u00e1sicos ao crescimento r\u00e1pido e vigoroso. Solo compactado demais impede que as ra\u00edzes respirem e acaba sufocando o <strong>desenvolvimento natural<\/strong> da sua muda em <strong>poucas semanas<\/strong>.<\/p>\n\n\n\n<p>Antes de colocar a semente ou a estaca, voc\u00ea precisa organizar o sistema de drenagem no fundo do recipiente escolhido para o cultivo. O excesso de \u00e1gua parada causa o apodrecimento das ra\u00edzes e atrai insetos que prejudicam a sa\u00fade vegetal de forma irrevers\u00edvel. A lista abaixo apresenta os itens que ajudam na <strong>montagem do vaso<\/strong> e garantem a <strong>drenagem eficiente<\/strong> da sua horta dom\u00e9stica:<\/p>\n\n\n\n<ul class=\"wp-block-list\">\n<li>Argila expandida ou brita para forrar o fundo e facilitar a sa\u00edda da \u00e1gua.<\/li>\n\n\n\n<li>Manta de bidim para separar as pedras da terra f\u00e9rtil e evitar entupimentos.<\/li>\n\n\n\n<li>Areia grossa misturada ao substrato para manter a terra sempre solta e arejada.<\/li>\n<\/ul>\n\n\n\n<figure class=\"wp-block-embed is-type-rich is-provider-pinterest wp-block-embed-pinterest\"><div class=\"wp-block-embed__wrapper\">\n<iframe loading=\"lazy\" title=\"Como fazer mudas de manjeric\u00e3o. Como propagar manjeric\u00e3o.  Como plantar manjeric\u00e3o na \u00e1gua.\" src=\"https:\/\/assets.pinterest.com\/ext\/embed.html?id=714242822166789235&#038;src=oembed\" height=\"899\" width=\"450\" frameborder=\"0\" scrolling=\"no\" ><\/iframe>\n<\/div><\/figure>\n\n\n\n<h2 class=\"wp-block-heading\">Dicas de rega em como plantar manjeric\u00e3o<\/h2>\n\n\n\n<p>Molhar a planta nos hor\u00e1rios mais frescos do dia evita que a \u00e1gua evapore antes de atingir a profundidade das ra\u00edzes. Voc\u00ea deve manter a terra sempre \u00famida ao toque sem nunca deixar o substrato totalmente encharcado ou com aspecto lamacento. O equil\u00edbrio h\u00eddrico \u00e9 o fator determinante para manter o <strong>sabor intenso<\/strong> e o <strong>perfume marcante<\/strong> das suas folhas durante a colheita.<\/p>\n\n\n\n<p>Evite molhar diretamente a folhagem durante a rega manual para n\u00e3o favorecer o surgimento de manchas escuras ou doen\u00e7as f\u00fangicas oportunistas. Direcione o bico do regador para a base do caule garantindo que a umidade chegue onde o sistema radicular realmente precisa. Esse h\u00e1bito simples preserva a <strong>integridade celular<\/strong> e promove uma <strong>fartura constante<\/strong> em todos os ramos da planta.<\/p>\n\n\n\n<p>Para voc\u00ea que gosta de se cuidar, separamos um v\u00eddeo do canal <a href=\"https:\/\/www.youtube.com\/@cultivando-canal\" target=\"_blank\" rel=\"noreferrer noopener\">Cultivando<\/a> com dicas para plantar manjeric\u00e3o:<\/p>\n\n\n\n<figure class=\"wp-block-embed is-type-video is-provider-youtube wp-block-embed-youtube wp-embed-aspect-16-9 wp-has-aspect-ratio\"><div class=\"wp-block-embed__wrapper\">\n<div class=\"jeg_video_container jeg_video_content\"><iframe loading=\"lazy\" title=\"6 Dicas para Cultivar MANJERIC\u00c3O\" width=\"500\" height=\"281\" src=\"https:\/\/www.youtube.com\/embed\/0lXmoxACKeo?start=115&#038;feature=oembed\" frameborder=\"0\" allow=\"accelerometer; autoplay; clipboard-write; encrypted-media; gyroscope; picture-in-picture; web-share\" referrerpolicy=\"strict-origin-when-cross-origin\" allowfullscreen><\/iframe><\/div>\n<\/div><\/figure>\n\n\n\n<h2 class=\"wp-block-heading\">Como plantar manjeric\u00e3o atrav\u00e9s de mudas<\/h2>\n\n\n\n<p>Utilizar estacas de uma planta saud\u00e1vel acelera drasticamente o tempo necess\u00e1rio para voc\u00ea ter temperos frescos dispon\u00edveis na sua bancada. Mergulhe um galho robusto em um copo com \u00e1gua limpa at\u00e9 que as primeiras ra\u00edzes brancas comecem a brotar com for\u00e7a. Muitas pessoas preferem esse m\u00e9todo por ser mais \u00e1gil do que iniciar o processo de <strong>como plantar manjeric\u00e3o<\/strong> atrav\u00e9s do <strong>uso de sementes<\/strong>.<\/p>\n\n\n\n<p>Assim que as ra\u00edzes atingirem dois cent\u00edmetros de comprimento, fa\u00e7a o transplante cuidadoso para o vaso definitivo com terra devidamente adubada. Aperte levemente o solo ao redor do caule para dar firmeza e estabilidade \u00e0 nova moradora do seu jardim particular. Mantenha a planta na sombra por dois dias para garantir a <strong>adapta\u00e7\u00e3o segura<\/strong> e o <strong>pegamento r\u00e1pido<\/strong> da sua nova muda.<\/p>\n\n\n\n<h2 class=\"wp-block-heading\">Maneje sua horta dom\u00e9stica com sabedoria<\/h2>\n\n\n\n<p>Retire as flores assim que elas aparecerem para concentrar toda a energia da planta na produ\u00e7\u00e3o de folhas largas. Fa\u00e7a podas regulares nos galhos mais altos para estimular o nascimento de novos brotos laterais muito mais volumosos. Cultive o h\u00e1bito da <strong>observa\u00e7\u00e3o di\u00e1ria<\/strong> para identificar qualquer necessidade de <strong>nutri\u00e7\u00e3o extra<\/strong> com agilidade.<\/p>\n\n\n\n<p>Aproveite o prazer de colher seus pr\u00f3prios ingredientes naturais para temperar molhos e saladas com muito mais frescor e qualidade. Ter uma horta ativa renova a conex\u00e3o com a natureza e traz paz para a rotina agitada do cotidiano. Invista em <strong>temperos org\u00e2nicos<\/strong> e garanta uma <strong>alimenta\u00e7\u00e3o saud\u00e1vel<\/strong> para todos os seus familiares.<\/p>\n","protected":false},"excerpt":{"rendered":"<p>Eu estava na cozinha picando tomates quando percebi que faltava aquele aroma fresco que s\u00f3 aparece quando aprendemos como plantar manjeric\u00e3o. Ser\u00e1 que existe um segredo enterrado no vaso que garante folhas gigantes e perfumadas durante o ano inteiro? Onde posicionar seu vaso para colher resultados incr\u00edveis O manjeric\u00e3o adora receber luz solar direta por [&hellip;]<\/p>\n","protected":false},"author":9,"featured_media":200888,"comment_status":"open","ping_status":"open","sticky":false,"template":"","format":"standard","meta":{"jnews-multi-image_gallery":[],"jnews_single_post":{"format":"standard"},"jnews_primary_category":[],"jnews_social_meta":[],"jnews_override_counter":[],"footnotes":""},"categories":[8691,8819],"tags":[3815,8257,28934],"class_list":["post-200780","post","type-post","status-publish","format-standard","has-post-thumbnail","hentry","category-bem-estar","category-curiosidades","tag-horta-em-casa","tag-jardinagem-urbana","tag-temperos-organicos"],"yoast_head":"<!-- This site is optimized with the Yoast SEO plugin v23.8 - https:\/\/yoast.com\/wordpress\/plugins\/seo\/ -->\n<title>Manjeric\u00e3o murcho? O jeito certo de plantar em casa e colher folhas sempre frescas - Estado de Minas - Em foco<\/title>\n<meta name=\"description\" content=\"Aprenda como plantar manjeric\u00e3o em casa para ter temperos frescos sempre \u00e0 m\u00e3o. Siga nossas orienta\u00e7\u00f5es t\u00e9cnicas e garanta muita fartura.\" \/>\n<meta name=\"robots\" content=\"index, follow, max-snippet:-1, max-image-preview:large, max-video-preview:-1\" \/>\n<link rel=\"canonical\" href=\"https:\/\/www.em.com.br\/emfoco\/2026\/04\/29\/manjericao-murcho-o-jeito-certo-de-plantar-em-casa-e-colher-folhas-sempre-frescas\/\" \/>\n<meta property=\"og:locale\" content=\"pt_BR\" \/>\n<meta property=\"og:type\" content=\"article\" \/>\n<meta property=\"og:title\" content=\"Manjeric\u00e3o murcho? O jeito certo de plantar em casa e colher folhas sempre frescas - Estado de Minas - Em foco\" \/>\n<meta property=\"og:description\" content=\"Aprenda como plantar manjeric\u00e3o em casa para ter temperos frescos sempre \u00e0 m\u00e3o. Siga nossas orienta\u00e7\u00f5es t\u00e9cnicas e garanta muita fartura.\" \/>\n<meta property=\"og:url\" content=\"https:\/\/www.em.com.br\/emfoco\/2026\/04\/29\/manjericao-murcho-o-jeito-certo-de-plantar-em-casa-e-colher-folhas-sempre-frescas\/\" \/>\n<meta property=\"og:site_name\" content=\"Estado de Minas - Em foco\" \/>\n<meta property=\"article:published_time\" content=\"2026-04-29T20:35:00+00:00\" \/>\n<meta property=\"article:modified_time\" content=\"2026-04-28T19:54:01+00:00\" \/>\n<meta property=\"og:image\" content=\"https:\/\/www.em.com.br\/emfoco\/wp-content\/uploads\/2026\/04\/EmFoco_17-9.jpg\" \/>\n\t<meta property=\"og:image:width\" content=\"1280\" \/>\n\t<meta property=\"og:image:height\" content=\"720\" \/>\n\t<meta property=\"og:image:type\" content=\"image\/jpeg\" \/>\n<meta name=\"author\" content=\"Daniely Cardoso\" \/>\n<meta name=\"twitter:card\" content=\"summary_large_image\" \/>\n<meta name=\"twitter:label1\" content=\"Escrito por\" \/>\n\t<meta name=\"twitter:data1\" content=\"Daniely Cardoso\" \/>\n\t<meta name=\"twitter:label2\" content=\"Est. tempo de leitura\" \/>\n\t<meta name=\"twitter:data2\" content=\"5 minutos\" \/>\n<!-- \/ Yoast SEO plugin. -->","yoast_head_json":{"title":"Manjeric\u00e3o murcho? O jeito certo de plantar em casa e colher folhas sempre frescas - Estado de Minas - Em foco","description":"Aprenda como plantar manjeric\u00e3o em casa para ter temperos frescos sempre \u00e0 m\u00e3o. Siga nossas orienta\u00e7\u00f5es t\u00e9cnicas e garanta muita fartura.","robots":{"index":"index","follow":"follow","max-snippet":"max-snippet:-1","max-image-preview":"max-image-preview:large","max-video-preview":"max-video-preview:-1"},"canonical":"https:\/\/www.em.com.br\/emfoco\/2026\/04\/29\/manjericao-murcho-o-jeito-certo-de-plantar-em-casa-e-colher-folhas-sempre-frescas\/","og_locale":"pt_BR","og_type":"article","og_title":"Manjeric\u00e3o murcho? O jeito certo de plantar em casa e colher folhas sempre frescas - Estado de Minas - Em foco","og_description":"Aprenda como plantar manjeric\u00e3o em casa para ter temperos frescos sempre \u00e0 m\u00e3o. Siga nossas orienta\u00e7\u00f5es t\u00e9cnicas e garanta muita fartura.","og_url":"https:\/\/www.em.com.br\/emfoco\/2026\/04\/29\/manjericao-murcho-o-jeito-certo-de-plantar-em-casa-e-colher-folhas-sempre-frescas\/","og_site_name":"Estado de Minas - Em foco","article_published_time":"2026-04-29T20:35:00+00:00","article_modified_time":"2026-04-28T19:54:01+00:00","og_image":[{"width":1280,"height":720,"url":"https:\/\/www.em.com.br\/emfoco\/wp-content\/uploads\/2026\/04\/EmFoco_17-9.jpg","type":"image\/jpeg"}],"author":"Daniely Cardoso","twitter_card":"summary_large_image","twitter_misc":{"Escrito por":"Daniely Cardoso","Est. tempo de leitura":"5 minutos"},"schema":{"@context":"https:\/\/schema.org","@graph":[{"@type":"WebPage","@id":"https:\/\/www.em.com.br\/emfoco\/2026\/04\/29\/manjericao-murcho-o-jeito-certo-de-plantar-em-casa-e-colher-folhas-sempre-frescas\/","url":"https:\/\/www.em.com.br\/emfoco\/2026\/04\/29\/manjericao-murcho-o-jeito-certo-de-plantar-em-casa-e-colher-folhas-sempre-frescas\/","name":"Manjeric\u00e3o murcho? O jeito certo de plantar em casa e colher folhas sempre frescas - Estado de Minas - Em foco","isPartOf":{"@id":"https:\/\/www.em.com.br\/emfoco\/#website"},"primaryImageOfPage":{"@id":"https:\/\/www.em.com.br\/emfoco\/2026\/04\/29\/manjericao-murcho-o-jeito-certo-de-plantar-em-casa-e-colher-folhas-sempre-frescas\/#primaryimage"},"image":{"@id":"https:\/\/www.em.com.br\/emfoco\/2026\/04\/29\/manjericao-murcho-o-jeito-certo-de-plantar-em-casa-e-colher-folhas-sempre-frescas\/#primaryimage"},"thumbnailUrl":"https:\/\/www.em.com.br\/emfoco\/wp-content\/uploads\/2026\/04\/EmFoco_17-9.jpg","datePublished":"2026-04-29T20:35:00+00:00","dateModified":"2026-04-28T19:54:01+00:00","author":{"@id":"https:\/\/www.em.com.br\/emfoco\/#\/schema\/person\/0a8186d72f2c3a5c6276d90b41f271a0"},"description":"Aprenda como plantar manjeric\u00e3o em casa para ter temperos frescos sempre \u00e0 m\u00e3o. Siga nossas orienta\u00e7\u00f5es t\u00e9cnicas e garanta muita fartura.","breadcrumb":{"@id":"https:\/\/www.em.com.br\/emfoco\/2026\/04\/29\/manjericao-murcho-o-jeito-certo-de-plantar-em-casa-e-colher-folhas-sempre-frescas\/#breadcrumb"},"inLanguage":"pt-BR","potentialAction":[{"@type":"ReadAction","target":["https:\/\/www.em.com.br\/emfoco\/2026\/04\/29\/manjericao-murcho-o-jeito-certo-de-plantar-em-casa-e-colher-folhas-sempre-frescas\/"]}]},{"@type":"ImageObject","inLanguage":"pt-BR","@id":"https:\/\/www.em.com.br\/emfoco\/2026\/04\/29\/manjericao-murcho-o-jeito-certo-de-plantar-em-casa-e-colher-folhas-sempre-frescas\/#primaryimage","url":"https:\/\/www.em.com.br\/emfoco\/wp-content\/uploads\/2026\/04\/EmFoco_17-9.jpg","contentUrl":"https:\/\/www.em.com.br\/emfoco\/wp-content\/uploads\/2026\/04\/EmFoco_17-9.jpg","width":1280,"height":720,"caption":"Manejo de ervas arom\u00e1ticas que exige sol direto e drenagem eficiente do solo"},{"@type":"BreadcrumbList","@id":"https:\/\/www.em.com.br\/emfoco\/2026\/04\/29\/manjericao-murcho-o-jeito-certo-de-plantar-em-casa-e-colher-folhas-sempre-frescas\/#breadcrumb","itemListElement":[{"@type":"ListItem","position":1,"name":"In\u00edcio","item":"https:\/\/www.em.com.br\/emfoco\/"},{"@type":"ListItem","position":2,"name":"Manjeric\u00e3o murcho? O jeito certo de plantar em casa e colher folhas sempre frescas"}]},{"@type":"WebSite","@id":"https:\/\/www.em.com.br\/emfoco\/#website","url":"https:\/\/www.em.com.br\/emfoco\/","name":"Estado de Minas - Em foco","description":"Acompanhe as \u00faltimas not\u00edcias e fique bem informado sobre tudo o que acontece em Minas Gerais, Brasil e no mundo.","potentialAction":[{"@type":"SearchAction","target":{"@type":"EntryPoint","urlTemplate":"https:\/\/www.em.com.br\/emfoco\/?s={search_term_string}"},"query-input":{"@type":"PropertyValueSpecification","valueRequired":true,"valueName":"search_term_string"}}],"inLanguage":"pt-BR"},{"@type":"Person","@id":"https:\/\/www.em.com.br\/emfoco\/#\/schema\/person\/0a8186d72f2c3a5c6276d90b41f271a0","name":"Daniely Cardoso","image":{"@type":"ImageObject","inLanguage":"pt-BR","@id":"https:\/\/www.em.com.br\/emfoco\/#\/schema\/person\/image\/","url":"https:\/\/secure.gravatar.com\/avatar\/4b80ddbd124d1f071b626d52d62e5dff?s=96&d=mm&r=g","contentUrl":"https:\/\/secure.gravatar.com\/avatar\/4b80ddbd124d1f071b626d52d62e5dff?s=96&d=mm&r=g","caption":"Daniely Cardoso"},"url":"https:\/\/www.em.com.br\/emfoco\/author\/danielymyth\/"}]}},"_links":{"self":[{"href":"https:\/\/www.em.com.br\/emfoco\/wp-json\/wp\/v2\/posts\/200780","targetHints":{"allow":["GET"]}}],"collection":[{"href":"https:\/\/www.em.com.br\/emfoco\/wp-json\/wp\/v2\/posts"}],"about":[{"href":"https:\/\/www.em.com.br\/emfoco\/wp-json\/wp\/v2\/types\/post"}],"author":[{"embeddable":true,"href":"https:\/\/www.em.com.br\/emfoco\/wp-json\/wp\/v2\/users\/9"}],"replies":[{"embeddable":true,"href":"https:\/\/www.em.com.br\/emfoco\/wp-json\/wp\/v2\/comments?post=200780"}],"version-history":[{"count":3,"href":"https:\/\/www.em.com.br\/emfoco\/wp-json\/wp\/v2\/posts\/200780\/revisions"}],"predecessor-version":[{"id":200994,"href":"https:\/\/www.em.com.br\/emfoco\/wp-json\/wp\/v2\/posts\/200780\/revisions\/200994"}],"wp:featuredmedia":[{"embeddable":true,"href":"https:\/\/www.em.com.br\/emfoco\/wp-json\/wp\/v2\/media\/200888"}],"wp:attachment":[{"href":"https:\/\/www.em.com.br\/emfoco\/wp-json\/wp\/v2\/media?parent=200780"}],"wp:term":[{"taxonomy":"category","embeddable":true,"href":"https:\/\/www.em.com.br\/emfoco\/wp-json\/wp\/v2\/categories?post=200780"},{"taxonomy":"post_tag","embeddable":true,"href":"https:\/\/www.em.com.br\/emfoco\/wp-json\/wp\/v2\/tags?post=200780"}],"curies":[{"name":"wp","href":"https:\/\/api.w.org\/{rel}","templated":true}]}}