{"id":200775,"date":"2026-04-29T15:45:00","date_gmt":"2026-04-29T18:45:00","guid":{"rendered":"https:\/\/www.em.com.br\/emfoco\/?p=200775"},"modified":"2026-04-28T16:51:10","modified_gmt":"2026-04-28T19:51:10","slug":"o-cha-amargo-que-muita-gente-usa-apos-refeicoes-e-pode-ajudar-na-sensacao-de-estomago-pesado","status":"publish","type":"post","link":"https:\/\/www.em.com.br\/emfoco\/2026\/04\/29\/o-cha-amargo-que-muita-gente-usa-apos-refeicoes-e-pode-ajudar-na-sensacao-de-estomago-pesado\/","title":{"rendered":"O ch\u00e1 amargo que muita gente usa ap\u00f3s refei\u00e7\u00f5es e pode ajudar na sensa\u00e7\u00e3o de est\u00f4mago pesado"},"content":{"rendered":"\n<p>Preparei uma x\u00edcara quente para aliviar o peso no est\u00f4mago ap\u00f3s o almo\u00e7o de domingo e logo senti os <strong>benef\u00edcios da carqueja<\/strong> agindo. Voc\u00ea imagina como essa erva amarga do quintal consegue realizar uma faxina completa no seu organismo em poucos minutos?<\/p>\n\n\n\n<h2 class=\"wp-block-heading\">Como aproveitar os benef\u00edcios da carqueja na digest\u00e3o<\/h2>\n\n\n\n<p>O sabor amargo caracter\u00edstico dessa planta silvestre ativa imediatamente a produ\u00e7\u00e3o de suco g\u00e1strico para processar alimentos pesados. Essa estimula\u00e7\u00e3o natural auxilia o p\u00e2ncreas a liberar enzimas que facilitam a quebra de gorduras acumuladas durante as refei\u00e7\u00f5es principais. Voc\u00ea sentir\u00e1 uma <strong>leveza abdominal<\/strong> e a <strong>redu\u00e7\u00e3o de gases<\/strong> logo ap\u00f3s as primeiras goladas da infus\u00e3o.<\/p>\n\n\n\n<p>Al\u00e9m disso, os compostos presentes no ch\u00e1 ajudam a combater a azia e o refluxo de forma totalmente org\u00e2nica. Muitas pessoas utilizam essa bebida para evitar aquela sensa\u00e7\u00e3o de estufamento que costuma surgir no final da tarde. Priorize o <strong>consumo frequente<\/strong> e mantenha o <strong>equil\u00edbrio digestivo<\/strong> com o aux\u00edlio dessa hortali\u00e7a medicinal poderosa.<\/p>\n\n\n<div class=\"wp-block-image\">\n<figure class=\"aligncenter size-large\"><img loading=\"lazy\" decoding=\"async\" width=\"1024\" height=\"576\" src=\"https:\/\/www.em.com.br\/emfoco\/wp-content\/uploads\/2026\/04\/beneficios-da-carqueja-1024x576.jpg\" alt=\"benef\u00edcios da carqueja\" class=\"wp-image-200776\" srcset=\"https:\/\/www.em.com.br\/emfoco\/wp-content\/uploads\/2026\/04\/beneficios-da-carqueja-1024x576.jpg 1024w, https:\/\/www.em.com.br\/emfoco\/wp-content\/uploads\/2026\/04\/beneficios-da-carqueja-300x169.jpg 300w, https:\/\/www.em.com.br\/emfoco\/wp-content\/uploads\/2026\/04\/beneficios-da-carqueja-768x432.jpg 768w, https:\/\/www.em.com.br\/emfoco\/wp-content\/uploads\/2026\/04\/beneficios-da-carqueja-750x422.jpg 750w, https:\/\/www.em.com.br\/emfoco\/wp-content\/uploads\/2026\/04\/beneficios-da-carqueja-1140x641.jpg 1140w, https:\/\/www.em.com.br\/emfoco\/wp-content\/uploads\/2026\/04\/beneficios-da-carqueja.jpg 1280w\" sizes=\"auto, (max-width: 1024px) 100vw, 1024px\" \/><figcaption class=\"wp-element-caption\">Al\u00e9m disso, os compostos presentes no ch\u00e1 ajudam a combater a azia e o refluxo de forma totalmente org\u00e2nica<\/figcaption><\/figure><\/div>\n\n\n<p>Leia tamb\u00e9m: <a href=\"https:\/\/www.em.com.br\/emfoco\/2026\/04\/11\/aprenda-a-como-plantar-cravo-da-india-e-cultivar-flores-aromaticas-em-casa\/\" target=\"_blank\" rel=\"noreferrer noopener\">Aprenda a como plantar cravo-da-\u00edndia e cultivar flores arom\u00e1ticas em casa<\/a><\/p>\n\n\n\n<h2 class=\"wp-block-heading\">A a\u00e7\u00e3o detox dos benef\u00edcios da carqueja no f\u00edgado<\/h2>\n\n\n\n<p>As subst\u00e2ncias hepatoprotetoras presentes nas hastes da planta funcionam como um escudo contra as toxinas ingeridas na dieta moderna. O consumo regular ajuda a filtrar impurezas do sangue e melhora consideravelmente o funcionamento das c\u00e9lulas hep\u00e1ticas mais profundas. Essa <strong>limpeza interna<\/strong> garante <strong>mais energia<\/strong> para realizar todas as suas tarefas cotidianas com disposi\u00e7\u00e3o renovada.<\/p>\n\n\n\n<p>A ci\u00eancia explica que os flavonoides encontrados na erva combatem os radicais livres que inflamam o organismo silenciosamente. \u00c9 poss\u00edvel observar uma melhora na apar\u00eancia da pele e na vitalidade geral ao incluir esse h\u00e1bito na sua rotina matinal. Observe os pontos positivos de utilizar esse extrato natural para obter <strong>sa\u00fade hep\u00e1tica<\/strong> e uma <strong>desintoxica\u00e7\u00e3o real<\/strong>:<\/p>\n\n\n\n<ul class=\"wp-block-list\">\n<li>Est\u00edmulo da <strong>produ\u00e7\u00e3o de bile<\/strong> para queimar gorduras localizadas com efici\u00eancia.<\/li>\n\n\n\n<li>Combate direto \u00e0 <strong>reten\u00e7\u00e3o de l\u00edquidos<\/strong> que causa incha\u00e7o nas pernas e abd\u00f4men.<\/li>\n\n\n\n<li>Prote\u00e7\u00e3o contra <strong>processos inflamat\u00f3rios<\/strong> cr\u00f4nicos em diversos \u00f3rg\u00e3os vitais do corpo.<\/li>\n<\/ul>\n\n\n\n<figure class=\"wp-block-embed is-type-rich is-provider-pinterest wp-block-embed-pinterest\"><div class=\"wp-block-embed__wrapper\">\n<iframe loading=\"lazy\" title=\"Carqueija\" src=\"https:\/\/assets.pinterest.com\/ext\/embed.html?id=644437027908666358&#038;src=oembed\" height=\"690\" width=\"450\" frameborder=\"0\" scrolling=\"no\" ><\/iframe>\n<\/div><\/figure>\n\n\n\n<h2 class=\"wp-block-heading\">Controle de a\u00e7\u00facar e colesterol com infus\u00f5es naturais<\/h2>\n\n\n\n<p>O ch\u00e1 de carqueja tamb\u00e9m se destaca por auxiliar no controle dos n\u00edveis de glicose circulantes na corrente sangu\u00ednea. Seus princ\u00edpios ativos melhoram a resposta insul\u00ednica do corpo e evitam picos perigosos de a\u00e7\u00facar ap\u00f3s a ingest\u00e3o de carboidratos. Essa <strong>estabilidade glic\u00eamica<\/strong> promove uma <strong>saciedade prolongada<\/strong> e ajuda muito no controle do peso corporal saud\u00e1vel.<\/p>\n\n\n\n<p>A redu\u00e7\u00e3o do colesterol ruim \u00e9 outro ponto forte observado por quem adota essa bebida milenar com disciplina e regularidade. As fibras e polifen\u00f3is impedem a absor\u00e7\u00e3o excessiva de gorduras saturadas vindas de frituras ou alimentos ultraprocessados. Invista na <strong>preven\u00e7\u00e3o cardiovascular<\/strong> e mantenha suas <strong>art\u00e9rias limpas<\/strong> utilizando o poder das plantas brasileiras encontradas facilmente em feiras.<\/p>\n\n\n\n<p>Para voc\u00ea que gosta de se cuidar, separamos um v\u00eddeo do canal do <a href=\"https:\/\/www.youtube.com\/@DrJulianoTeles\" target=\"_blank\" rel=\"noreferrer noopener\">Dr Juliano Teles<\/a> com dicas de consumo e benef\u00edcios da carqueja:<\/p>\n\n\n\n<figure class=\"wp-block-embed is-type-video is-provider-youtube wp-block-embed-youtube wp-embed-aspect-16-9 wp-has-aspect-ratio\"><div class=\"wp-block-embed__wrapper\">\n<div class=\"jeg_video_container jeg_video_content\"><iframe loading=\"lazy\" title=\"Benef\u00edcios do ch\u00e1 de carqueja | Dr Juliano Teles\" width=\"500\" height=\"281\" src=\"https:\/\/www.youtube.com\/embed\/VyQhZ3hAxrM?start=13&#038;feature=oembed\" frameborder=\"0\" allow=\"accelerometer; autoplay; clipboard-write; encrypted-media; gyroscope; picture-in-picture; web-share\" referrerpolicy=\"strict-origin-when-cross-origin\" allowfullscreen><\/iframe><\/div>\n<\/div><\/figure>\n\n\n\n<h2 class=\"wp-block-heading\">Modo de preparo para extrair os benef\u00edcios da carqueja<\/h2>\n\n\n\n<p>Para garantir todas as propriedades medicinais, \u00e9 fundamental utilizar \u00e1gua filtrada prestes a atingir o ponto de fervura total. Adicione duas colheres das hastes secas para cada litro de l\u00edquido e deixe descansar por dez minutos em infus\u00e3o fechada. Esse <strong>tempo de repouso<\/strong> preserva os <strong>\u00f3leos essenciais<\/strong> que s\u00e3o vol\u00e1teis e extremamente sens\u00edveis ao calor excessivo.<\/p>\n\n\n\n<p>O ideal \u00e9 consumir o l\u00edquido sem a\u00e7\u00facar ou ado\u00e7antes artificiais para n\u00e3o interferir na a\u00e7\u00e3o biol\u00f3gica dos componentes amargos. Caso o sabor seja muito intenso para o seu paladar, misture algumas gotas de lim\u00e3o ou folhas de hortel\u00e3 fresca. Garanta uma <strong>ingest\u00e3o pura<\/strong> e aproveite o <strong>m\u00e1ximo potencial<\/strong> curativo que a natureza oferece generosamente para todos n\u00f3s.<\/p>\n\n\n\n<h2 class=\"wp-block-heading\">Sa\u00fade e bem estar com ervas medicinais<\/h2>\n\n\n\n<p>Adote o h\u00e1bito de beber ch\u00e1s naturais para fortalecer o seu sistema imunol\u00f3gico de forma constante. O cuidado preventivo com a alimenta\u00e7\u00e3o transforma a sua qualidade de vida ao longo dos anos. Escolha <strong>op\u00e7\u00f5es saud\u00e1veis<\/strong> e sinta a <strong>vitalidade retornando<\/strong> diariamente.<\/p>\n\n\n\n<p>Respeite o ritmo do seu corpo e ofere\u00e7a os nutrientes necess\u00e1rios para um funcionamento celular pleno. A natureza possui as ferramentas certas para equilibrar o seu organismo com muita efici\u00eancia. Busque <strong>longevidade ativa<\/strong> e mantenha sua <strong>mente focada<\/strong> na sa\u00fade constante.<\/p>\n","protected":false},"excerpt":{"rendered":"<p>Preparei uma x\u00edcara quente para aliviar o peso no est\u00f4mago ap\u00f3s o almo\u00e7o de domingo e logo senti os benef\u00edcios da carqueja agindo. Voc\u00ea imagina como essa erva amarga do quintal consegue realizar uma faxina completa no seu organismo em poucos minutos? Como aproveitar os benef\u00edcios da carqueja na digest\u00e3o O sabor amargo caracter\u00edstico dessa [&hellip;]<\/p>\n","protected":false},"author":9,"featured_media":200886,"comment_status":"open","ping_status":"open","sticky":false,"template":"","format":"standard","meta":{"jnews-multi-image_gallery":[],"jnews_single_post":{"format":"standard"},"jnews_primary_category":[],"jnews_social_meta":[],"jnews_override_counter":[],"footnotes":""},"categories":[8691,9053],"tags":[8723,28933,6632],"class_list":["post-200775","post","type-post","status-publish","format-standard","has-post-thumbnail","hentry","category-bem-estar","category-saude","tag-cha-medicinal","tag-detox-hepatico","tag-saude-natural"],"yoast_head":"<!-- This site is optimized with the Yoast SEO plugin v23.8 - https:\/\/yoast.com\/wordpress\/plugins\/seo\/ -->\n<title>O ch\u00e1 amargo que muita gente usa ap\u00f3s refei\u00e7\u00f5es e pode ajudar na sensa\u00e7\u00e3o de est\u00f4mago pesado - Estado de Minas - Em foco<\/title>\n<meta name=\"description\" content=\"Os benef\u00edcios da carqueja ajudam na digest\u00e3o e protegem o f\u00edgado de forma natural. Entenda como essa planta renova sua sa\u00fade diariamente.\" \/>\n<meta name=\"robots\" content=\"index, follow, max-snippet:-1, max-image-preview:large, max-video-preview:-1\" \/>\n<link rel=\"canonical\" href=\"https:\/\/www.em.com.br\/emfoco\/2026\/04\/29\/o-cha-amargo-que-muita-gente-usa-apos-refeicoes-e-pode-ajudar-na-sensacao-de-estomago-pesado\/\" \/>\n<meta property=\"og:locale\" content=\"pt_BR\" \/>\n<meta property=\"og:type\" content=\"article\" \/>\n<meta property=\"og:title\" content=\"O ch\u00e1 amargo que muita gente usa ap\u00f3s refei\u00e7\u00f5es e pode ajudar na sensa\u00e7\u00e3o de est\u00f4mago pesado - Estado de Minas - Em foco\" \/>\n<meta property=\"og:description\" content=\"Os benef\u00edcios da carqueja ajudam na digest\u00e3o e protegem o f\u00edgado de forma natural. Entenda como essa planta renova sua sa\u00fade diariamente.\" \/>\n<meta property=\"og:url\" content=\"https:\/\/www.em.com.br\/emfoco\/2026\/04\/29\/o-cha-amargo-que-muita-gente-usa-apos-refeicoes-e-pode-ajudar-na-sensacao-de-estomago-pesado\/\" \/>\n<meta property=\"og:site_name\" content=\"Estado de Minas - Em foco\" \/>\n<meta property=\"article:published_time\" content=\"2026-04-29T18:45:00+00:00\" \/>\n<meta property=\"article:modified_time\" content=\"2026-04-28T19:51:10+00:00\" \/>\n<meta property=\"og:image\" content=\"https:\/\/www.em.com.br\/emfoco\/wp-content\/uploads\/2026\/04\/EmFoco_19-8.jpg\" \/>\n\t<meta property=\"og:image:width\" content=\"1280\" \/>\n\t<meta property=\"og:image:height\" content=\"720\" \/>\n\t<meta property=\"og:image:type\" content=\"image\/jpeg\" \/>\n<meta name=\"author\" content=\"Daniely Cardoso\" \/>\n<meta name=\"twitter:card\" content=\"summary_large_image\" \/>\n<meta name=\"twitter:label1\" content=\"Escrito por\" \/>\n\t<meta name=\"twitter:data1\" content=\"Daniely Cardoso\" \/>\n\t<meta name=\"twitter:label2\" content=\"Est. tempo de leitura\" \/>\n\t<meta name=\"twitter:data2\" content=\"5 minutos\" \/>\n<!-- \/ Yoast SEO plugin. -->","yoast_head_json":{"title":"O ch\u00e1 amargo que muita gente usa ap\u00f3s refei\u00e7\u00f5es e pode ajudar na sensa\u00e7\u00e3o de est\u00f4mago pesado - Estado de Minas - Em foco","description":"Os benef\u00edcios da carqueja ajudam na digest\u00e3o e protegem o f\u00edgado de forma natural. Entenda como essa planta renova sua sa\u00fade diariamente.","robots":{"index":"index","follow":"follow","max-snippet":"max-snippet:-1","max-image-preview":"max-image-preview:large","max-video-preview":"max-video-preview:-1"},"canonical":"https:\/\/www.em.com.br\/emfoco\/2026\/04\/29\/o-cha-amargo-que-muita-gente-usa-apos-refeicoes-e-pode-ajudar-na-sensacao-de-estomago-pesado\/","og_locale":"pt_BR","og_type":"article","og_title":"O ch\u00e1 amargo que muita gente usa ap\u00f3s refei\u00e7\u00f5es e pode ajudar na sensa\u00e7\u00e3o de est\u00f4mago pesado - Estado de Minas - Em foco","og_description":"Os benef\u00edcios da carqueja ajudam na digest\u00e3o e protegem o f\u00edgado de forma natural. Entenda como essa planta renova sua sa\u00fade diariamente.","og_url":"https:\/\/www.em.com.br\/emfoco\/2026\/04\/29\/o-cha-amargo-que-muita-gente-usa-apos-refeicoes-e-pode-ajudar-na-sensacao-de-estomago-pesado\/","og_site_name":"Estado de Minas - Em foco","article_published_time":"2026-04-29T18:45:00+00:00","article_modified_time":"2026-04-28T19:51:10+00:00","og_image":[{"width":1280,"height":720,"url":"https:\/\/www.em.com.br\/emfoco\/wp-content\/uploads\/2026\/04\/EmFoco_19-8.jpg","type":"image\/jpeg"}],"author":"Daniely Cardoso","twitter_card":"summary_large_image","twitter_misc":{"Escrito por":"Daniely Cardoso","Est. tempo de leitura":"5 minutos"},"schema":{"@context":"https:\/\/schema.org","@graph":[{"@type":"WebPage","@id":"https:\/\/www.em.com.br\/emfoco\/2026\/04\/29\/o-cha-amargo-que-muita-gente-usa-apos-refeicoes-e-pode-ajudar-na-sensacao-de-estomago-pesado\/","url":"https:\/\/www.em.com.br\/emfoco\/2026\/04\/29\/o-cha-amargo-que-muita-gente-usa-apos-refeicoes-e-pode-ajudar-na-sensacao-de-estomago-pesado\/","name":"O ch\u00e1 amargo que muita gente usa ap\u00f3s refei\u00e7\u00f5es e pode ajudar na sensa\u00e7\u00e3o de est\u00f4mago pesado - Estado de Minas - Em foco","isPartOf":{"@id":"https:\/\/www.em.com.br\/emfoco\/#website"},"primaryImageOfPage":{"@id":"https:\/\/www.em.com.br\/emfoco\/2026\/04\/29\/o-cha-amargo-que-muita-gente-usa-apos-refeicoes-e-pode-ajudar-na-sensacao-de-estomago-pesado\/#primaryimage"},"image":{"@id":"https:\/\/www.em.com.br\/emfoco\/2026\/04\/29\/o-cha-amargo-que-muita-gente-usa-apos-refeicoes-e-pode-ajudar-na-sensacao-de-estomago-pesado\/#primaryimage"},"thumbnailUrl":"https:\/\/www.em.com.br\/emfoco\/wp-content\/uploads\/2026\/04\/EmFoco_19-8.jpg","datePublished":"2026-04-29T18:45:00+00:00","dateModified":"2026-04-28T19:51:10+00:00","author":{"@id":"https:\/\/www.em.com.br\/emfoco\/#\/schema\/person\/0a8186d72f2c3a5c6276d90b41f271a0"},"description":"Os benef\u00edcios da carqueja ajudam na digest\u00e3o e protegem o f\u00edgado de forma natural. Entenda como essa planta renova sua sa\u00fade diariamente.","breadcrumb":{"@id":"https:\/\/www.em.com.br\/emfoco\/2026\/04\/29\/o-cha-amargo-que-muita-gente-usa-apos-refeicoes-e-pode-ajudar-na-sensacao-de-estomago-pesado\/#breadcrumb"},"inLanguage":"pt-BR","potentialAction":[{"@type":"ReadAction","target":["https:\/\/www.em.com.br\/emfoco\/2026\/04\/29\/o-cha-amargo-que-muita-gente-usa-apos-refeicoes-e-pode-ajudar-na-sensacao-de-estomago-pesado\/"]}]},{"@type":"ImageObject","inLanguage":"pt-BR","@id":"https:\/\/www.em.com.br\/emfoco\/2026\/04\/29\/o-cha-amargo-que-muita-gente-usa-apos-refeicoes-e-pode-ajudar-na-sensacao-de-estomago-pesado\/#primaryimage","url":"https:\/\/www.em.com.br\/emfoco\/wp-content\/uploads\/2026\/04\/EmFoco_19-8.jpg","contentUrl":"https:\/\/www.em.com.br\/emfoco\/wp-content\/uploads\/2026\/04\/EmFoco_19-8.jpg","width":1280,"height":720,"caption":"Planta medicinal de a\u00e7\u00e3o digestiva e hepatoprotetora que auxilia na desintoxica\u00e7\u00e3o org\u00e2nica"},{"@type":"BreadcrumbList","@id":"https:\/\/www.em.com.br\/emfoco\/2026\/04\/29\/o-cha-amargo-que-muita-gente-usa-apos-refeicoes-e-pode-ajudar-na-sensacao-de-estomago-pesado\/#breadcrumb","itemListElement":[{"@type":"ListItem","position":1,"name":"In\u00edcio","item":"https:\/\/www.em.com.br\/emfoco\/"},{"@type":"ListItem","position":2,"name":"O ch\u00e1 amargo que muita gente usa ap\u00f3s refei\u00e7\u00f5es e pode ajudar na sensa\u00e7\u00e3o de est\u00f4mago pesado"}]},{"@type":"WebSite","@id":"https:\/\/www.em.com.br\/emfoco\/#website","url":"https:\/\/www.em.com.br\/emfoco\/","name":"Estado de Minas - Em foco","description":"Acompanhe as \u00faltimas not\u00edcias e fique bem informado sobre tudo o que acontece em Minas Gerais, Brasil e no mundo.","potentialAction":[{"@type":"SearchAction","target":{"@type":"EntryPoint","urlTemplate":"https:\/\/www.em.com.br\/emfoco\/?s={search_term_string}"},"query-input":{"@type":"PropertyValueSpecification","valueRequired":true,"valueName":"search_term_string"}}],"inLanguage":"pt-BR"},{"@type":"Person","@id":"https:\/\/www.em.com.br\/emfoco\/#\/schema\/person\/0a8186d72f2c3a5c6276d90b41f271a0","name":"Daniely Cardoso","image":{"@type":"ImageObject","inLanguage":"pt-BR","@id":"https:\/\/www.em.com.br\/emfoco\/#\/schema\/person\/image\/","url":"https:\/\/secure.gravatar.com\/avatar\/4b80ddbd124d1f071b626d52d62e5dff?s=96&d=mm&r=g","contentUrl":"https:\/\/secure.gravatar.com\/avatar\/4b80ddbd124d1f071b626d52d62e5dff?s=96&d=mm&r=g","caption":"Daniely Cardoso"},"url":"https:\/\/www.em.com.br\/emfoco\/author\/danielymyth\/"}]}},"_links":{"self":[{"href":"https:\/\/www.em.com.br\/emfoco\/wp-json\/wp\/v2\/posts\/200775","targetHints":{"allow":["GET"]}}],"collection":[{"href":"https:\/\/www.em.com.br\/emfoco\/wp-json\/wp\/v2\/posts"}],"about":[{"href":"https:\/\/www.em.com.br\/emfoco\/wp-json\/wp\/v2\/types\/post"}],"author":[{"embeddable":true,"href":"https:\/\/www.em.com.br\/emfoco\/wp-json\/wp\/v2\/users\/9"}],"replies":[{"embeddable":true,"href":"https:\/\/www.em.com.br\/emfoco\/wp-json\/wp\/v2\/comments?post=200775"}],"version-history":[{"count":2,"href":"https:\/\/www.em.com.br\/emfoco\/wp-json\/wp\/v2\/posts\/200775\/revisions"}],"predecessor-version":[{"id":200991,"href":"https:\/\/www.em.com.br\/emfoco\/wp-json\/wp\/v2\/posts\/200775\/revisions\/200991"}],"wp:featuredmedia":[{"embeddable":true,"href":"https:\/\/www.em.com.br\/emfoco\/wp-json\/wp\/v2\/media\/200886"}],"wp:attachment":[{"href":"https:\/\/www.em.com.br\/emfoco\/wp-json\/wp\/v2\/media?parent=200775"}],"wp:term":[{"taxonomy":"category","embeddable":true,"href":"https:\/\/www.em.com.br\/emfoco\/wp-json\/wp\/v2\/categories?post=200775"},{"taxonomy":"post_tag","embeddable":true,"href":"https:\/\/www.em.com.br\/emfoco\/wp-json\/wp\/v2\/tags?post=200775"}],"curies":[{"name":"wp","href":"https:\/\/api.w.org\/{rel}","templated":true}]}}