{"id":200761,"date":"2026-04-29T15:25:00","date_gmt":"2026-04-29T18:25:00","guid":{"rendered":"https:\/\/www.em.com.br\/emfoco\/?p=200761"},"modified":"2026-04-28T16:50:33","modified_gmt":"2026-04-28T19:50:33","slug":"o-passo-a-passo-simples-para-iniciar-a-transicao-capilar-e-recuperar-a-textura-natural-dos-fios","status":"publish","type":"post","link":"https:\/\/www.em.com.br\/emfoco\/2026\/04\/29\/o-passo-a-passo-simples-para-iniciar-a-transicao-capilar-e-recuperar-a-textura-natural-dos-fios\/","title":{"rendered":"O passo a passo simples para iniciar a transi\u00e7\u00e3o capilar e recuperar a textura natural dos fios"},"content":{"rendered":"\n<p>Parei diante do espelho para observar as duas texturas diferentes que surgiam na raiz enquanto buscava uma <strong>transi\u00e7\u00e3o capilar saud\u00e1vel<\/strong> para meus fios. Voc\u00ea est\u00e1 pronta para entender o que realmente faz a diferen\u00e7a para vencer essa fase de mudan\u00e7as sem perder a autoestima no caminho?<\/p>\n\n\n\n<h2 class=\"wp-block-heading\">Como iniciar sua transi\u00e7\u00e3o capilar saud\u00e1vel<\/h2>\n\n\n\n<p>O primeiro passo envolve aceitar o crescimento natural da raiz sem a interfer\u00eancia de qualquer tipo de qu\u00edmica alisante ou relaxamento agressivo. Essa decis\u00e3o pessoal exige <strong>paci\u00eancia constante<\/strong> e um <strong>planejamento cuidadoso<\/strong> para lidar com o volume desigual que surge nos primeiros meses. Voc\u00ea deve focar exclusivamente na <strong>sa\u00fade do couro<\/strong> cabeludo para garantir que os novos fios nas\u00e7am com for\u00e7a total e vitalidade renovada.<\/p>\n\n\n\n<p>Cortar as pontas alisadas de forma gradual ajuda a remover a parte mais danificada e pesada do seu cabelo de maneira estrat\u00e9gica. Esse processo mec\u00e2nico evita que a quebra ocorra justamente no ponto cr\u00edtico onde as duas texturas se encontram diariamente. Utilize sempre <strong>tesouras profissionais<\/strong> amoladas e mantenha o <strong>foco no resultado<\/strong> final que voc\u00ea deseja alcan\u00e7ar com muita dedica\u00e7\u00e3o e persist\u00eancia.<\/p>\n\n\n<div class=\"wp-block-image\">\n<figure class=\"aligncenter size-large\"><img loading=\"lazy\" decoding=\"async\" width=\"1024\" height=\"576\" src=\"https:\/\/www.em.com.br\/emfoco\/wp-content\/uploads\/2026\/04\/transicao-capilar-saudavel-1024x576.jpg\" alt=\"transi\u00e7\u00e3o capilar saud\u00e1vel\" class=\"wp-image-200771\" srcset=\"https:\/\/www.em.com.br\/emfoco\/wp-content\/uploads\/2026\/04\/transicao-capilar-saudavel-1024x576.jpg 1024w, https:\/\/www.em.com.br\/emfoco\/wp-content\/uploads\/2026\/04\/transicao-capilar-saudavel-300x169.jpg 300w, https:\/\/www.em.com.br\/emfoco\/wp-content\/uploads\/2026\/04\/transicao-capilar-saudavel-768x432.jpg 768w, https:\/\/www.em.com.br\/emfoco\/wp-content\/uploads\/2026\/04\/transicao-capilar-saudavel-750x422.jpg 750w, https:\/\/www.em.com.br\/emfoco\/wp-content\/uploads\/2026\/04\/transicao-capilar-saudavel-1140x641.jpg 1140w, https:\/\/www.em.com.br\/emfoco\/wp-content\/uploads\/2026\/04\/transicao-capilar-saudavel.jpg 1280w\" sizes=\"auto, (max-width: 1024px) 100vw, 1024px\" \/><figcaption class=\"wp-element-caption\">Cortar as pontas alisadas de forma gradual ajuda a remover a parte mais danificada e pesada do seu cabelo de maneira estrat\u00e9gica.<\/figcaption><\/figure><\/div>\n\n\n<p>Leia tamb\u00e9m: <a href=\"https:\/\/www.em.com.br\/emfoco\/2026\/04\/19\/tomar-banho-todo-dia-faz-mal-a-resposta-vai-te-surpreender\/\" target=\"_blank\" rel=\"noreferrer noopener\">Tomar banho todo dia faz mal? A resposta vai te surpreender<\/a><\/p>\n\n\n\n<h2 class=\"wp-block-heading\">Cuidados di\u00e1rios na transi\u00e7\u00e3o capilar saud\u00e1vel<\/h2>\n\n\n\n<p>A hidrata\u00e7\u00e3o semanal se torna a sua maior aliada para manter a maleabilidade das partes que ainda possuem resqu\u00edcios de qu\u00edmica antiga. Fios que est\u00e3o passando por mudan\u00e7as estruturais profundas precisam de <strong>nutri\u00e7\u00e3o profunda<\/strong> para n\u00e3o ficarem opacos ou extremamente quebradi\u00e7os com o tempo. Aplique <strong>m\u00e1scaras vegetais<\/strong> ricas em \u00f3leos nutritivos para garantir <strong>brilho intenso<\/strong> e maciez imediata em toda a extens\u00e3o da fibra capilar.<\/p>\n\n\n\n<p>Lavar o seu cabelo com produtos que n\u00e3o contenham sulfatos agressivos preserva a oleosidade natural necess\u00e1ria para a defini\u00e7\u00e3o dos novos cachos. O uso de condicionadores potentes ajuda a desembara\u00e7ar as mechas com muito mais facilidade e seguran\u00e7a evitando a perda de fios saud\u00e1veis. Acompanhe abaixo os itens fundamentais que voc\u00ea deve incluir na sua prateleira para obter <strong>fios resistentes<\/strong> e um <strong>crescimento acelerado<\/strong> durante todo o ano:<\/p>\n\n\n\n<ul class=\"wp-block-list\">\n<li>Shampoo de <strong>limpeza suave<\/strong> para higienizar sem ressecar as pontas sens\u00edveis.<\/li>\n\n\n\n<li>\u00d3leo de <strong>r\u00edcino puro<\/strong> para massagear o couro cabeludo e estimular os bulbos.<\/li>\n\n\n\n<li>Creme de <strong>pentear consistente<\/strong> para auxiliar na texturiza\u00e7\u00e3o manual das partes lisas.<\/li>\n<\/ul>\n\n\n\n<figure class=\"wp-block-embed is-type-rich is-provider-pinterest wp-block-embed-pinterest\"><div class=\"wp-block-embed__wrapper\">\n<iframe loading=\"lazy\" title=\"TRANSI\u00c7\u00c3O CAPILAR DICAS | Dicas para quem est\u00e1 passando por transi\u00e7\u00e3o capilar\" src=\"https:\/\/assets.pinterest.com\/ext\/embed.html?id=898186719432598547&#038;src=oembed\" height=\"899\" width=\"450\" frameborder=\"0\" scrolling=\"no\" ><\/iframe>\n<\/div><\/figure>\n\n\n\n<h2 class=\"wp-block-heading\">T\u00e9cnicas para uma transi\u00e7\u00e3o capilar saud\u00e1vel<\/h2>\n\n\n\n<p>A texturiza\u00e7\u00e3o manual ajuda a camuflar a diferen\u00e7a est\u00e9tica entre a raiz cacheada e as pontas lisas de forma criativa e vers\u00e1til. Voc\u00ea pode utilizar o m\u00e9todo dedoliss ou fazer tran\u00e7as antes de dormir para criar formas tempor\u00e1rias que unifiquem o visual completo. Essas t\u00e1ticas simples garantem uma <strong>apar\u00eancia harmoniosa<\/strong> constante e aumentam consideravelmente a sua <strong>confian\u00e7a pessoal<\/strong> durante os seus compromissos sociais.<\/p>\n\n\n\n<p>Evitar o uso excessivo de fontes de calor intenso protege os novos fios que est\u00e3o surgindo agora com a sua textura original. O calor da chapinha ou do modelador pode danificar permanentemente a mem\u00f3ria do cacho que o seu organismo est\u00e1 tentando recuperar. Priorize a <strong>secagem natural<\/strong> sempre que poss\u00edvel e use <strong>protetor t\u00e9rmico<\/strong> apenas quando for extremamente necess\u00e1rio realizar um penteado mais elaborado.<\/p>\n\n\n\n<p>Para voc\u00ea que gosta de se cuidar, separamos um v\u00eddeo do canal da <a href=\"https:\/\/www.youtube.com\/@isaziemer\" target=\"_blank\" rel=\"noreferrer noopener\">Isabelle Ziemer <\/a>com dicas para quem est\u00e1 fazendo transi\u00e7\u00e3o capilar:<\/p>\n\n\n\n<figure class=\"wp-block-embed is-type-video is-provider-youtube wp-block-embed-youtube wp-embed-aspect-16-9 wp-has-aspect-ratio\"><div class=\"wp-block-embed__wrapper\">\n<div class=\"jeg_video_container jeg_video_content\"><iframe loading=\"lazy\" title=\"9 MESES EM TRANSI\u00c7\u00c3O CAPILAR - #8 \" width=\"500\" height=\"281\" src=\"https:\/\/www.youtube.com\/embed\/k8rvZK30M0c?feature=oembed\" frameborder=\"0\" allow=\"accelerometer; autoplay; clipboard-write; encrypted-media; gyroscope; picture-in-picture; web-share\" referrerpolicy=\"strict-origin-when-cross-origin\" allowfullscreen><\/iframe><\/div>\n<\/div><\/figure>\n\n\n\n<h2 class=\"wp-block-heading\">O papel do cronograma capilar nos fios<\/h2>\n\n\n\n<p>Alternar entre as etapas de hidrata\u00e7\u00e3o, nutri\u00e7\u00e3o e reconstru\u00e7\u00e3o fortalece a estrutura da fibra de dentro para fora de maneira sist\u00eamica. Cada fase oferece um benef\u00edcio nutritivo espec\u00edfico que combate a porosidade e a falta de vitaminas b\u00e1sicas no c\u00f3rtex capilar. Mantenha a <strong>disciplina semanal<\/strong> rigorosa para conquistar <strong>resultados duradouros<\/strong> e um toque muito mais sedoso e agrad\u00e1vel ao longo do dia.<\/p>\n\n\n\n<p>A reconstru\u00e7\u00e3o com queratina l\u00edquida deve ser feita com cautela para n\u00e3o enrijecer demais as partes mais sens\u00edveis do seu cabelo atual. O excesso proteico pode causar o indesejado efeito rebote e levar ao rompimento dos fios que est\u00e3o mais finos e porosos. Busque sempre o <strong>equil\u00edbrio nutritivo<\/strong> ideal e utilize <strong>\u00f3leos finalizadores<\/strong> leves para selar as cut\u00edculas e manter o brilho natural.<\/p>\n\n\n\n<h2 class=\"wp-block-heading\">O seu novo caminho de liberdade capilar<\/h2>\n\n\n\n<p>Valorize cada pequeno cent\u00edmetro que cresce e celebre a beleza da sua textura natural recuperada com muito esfor\u00e7o. Esse processo interno de autoconhecimento transforma a sua rela\u00e7\u00e3o com o espelho de forma profunda e extremamente positiva. Mantenha o <strong>pensamento focado<\/strong> no futuro e cultive a <strong>paci\u00eancia di\u00e1ria<\/strong> necess\u00e1ria para vencer essa etapa.<\/p>\n\n\n\n<p>O resultado final compensar\u00e1 cada desafio t\u00e9cnico enfrentado durante os meses de espera e dedica\u00e7\u00e3o intensa ao seu autocuidado. Sinta orgulho da sua coragem em assumir a sua identidade visual mais aut\u00eantica e poderosa diante da sociedade. Use <strong>acess\u00f3rios charmosos<\/strong> para variar o visual e aproveite a <strong>liberta\u00e7\u00e3o real<\/strong> de n\u00e3o depender mais de qu\u00edmicas.<\/p>\n","protected":false},"excerpt":{"rendered":"<p>Parei diante do espelho para observar as duas texturas diferentes que surgiam na raiz enquanto buscava uma transi\u00e7\u00e3o capilar saud\u00e1vel para meus fios. Voc\u00ea est\u00e1 pronta para entender o que realmente faz a diferen\u00e7a para vencer essa fase de mudan\u00e7as sem perder a autoestima no caminho? Como iniciar sua transi\u00e7\u00e3o capilar saud\u00e1vel O primeiro passo [&hellip;]<\/p>\n","protected":false},"author":9,"featured_media":200905,"comment_status":"open","ping_status":"open","sticky":false,"template":"","format":"standard","meta":{"jnews-multi-image_gallery":[],"jnews_single_post":{"format":"standard"},"jnews_primary_category":[],"jnews_social_meta":[],"jnews_override_counter":[],"footnotes":""},"categories":[8691,9053],"tags":[6813,6494,5931],"class_list":["post-200761","post","type-post","status-publish","format-standard","has-post-thumbnail","hentry","category-bem-estar","category-saude","tag-cabelo-natural","tag-cronograma-capilar","tag-cuidados-capilares"],"yoast_head":"<!-- This site is optimized with the Yoast SEO plugin v23.8 - https:\/\/yoast.com\/wordpress\/plugins\/seo\/ -->\n<title>O passo a passo simples para iniciar a transi\u00e7\u00e3o capilar e recuperar a textura natural dos fios - Estado de Minas - Em foco<\/title>\n<meta name=\"description\" content=\"Fa\u00e7a uma transi\u00e7\u00e3o capilar saud\u00e1vel com dicas pr\u00e1ticas de hidrata\u00e7\u00e3o e texturiza\u00e7\u00e3o. Recupere seus fios naturais com paci\u00eancia.\" \/>\n<meta name=\"robots\" content=\"index, follow, max-snippet:-1, max-image-preview:large, max-video-preview:-1\" \/>\n<link rel=\"canonical\" href=\"https:\/\/www.em.com.br\/emfoco\/2026\/04\/29\/o-passo-a-passo-simples-para-iniciar-a-transicao-capilar-e-recuperar-a-textura-natural-dos-fios\/\" \/>\n<meta property=\"og:locale\" content=\"pt_BR\" \/>\n<meta property=\"og:type\" content=\"article\" \/>\n<meta property=\"og:title\" content=\"O passo a passo simples para iniciar a transi\u00e7\u00e3o capilar e recuperar a textura natural dos fios - Estado de Minas - Em foco\" \/>\n<meta property=\"og:description\" content=\"Fa\u00e7a uma transi\u00e7\u00e3o capilar saud\u00e1vel com dicas pr\u00e1ticas de hidrata\u00e7\u00e3o e texturiza\u00e7\u00e3o. Recupere seus fios naturais com paci\u00eancia.\" \/>\n<meta property=\"og:url\" content=\"https:\/\/www.em.com.br\/emfoco\/2026\/04\/29\/o-passo-a-passo-simples-para-iniciar-a-transicao-capilar-e-recuperar-a-textura-natural-dos-fios\/\" \/>\n<meta property=\"og:site_name\" content=\"Estado de Minas - Em foco\" \/>\n<meta property=\"article:published_time\" content=\"2026-04-29T18:25:00+00:00\" \/>\n<meta property=\"article:modified_time\" content=\"2026-04-28T19:50:33+00:00\" \/>\n<meta property=\"og:image\" content=\"https:\/\/www.em.com.br\/emfoco\/wp-content\/uploads\/2026\/04\/EmFoco_21-8.jpg\" \/>\n\t<meta property=\"og:image:width\" content=\"1280\" \/>\n\t<meta property=\"og:image:height\" content=\"720\" \/>\n\t<meta property=\"og:image:type\" content=\"image\/jpeg\" \/>\n<meta name=\"author\" content=\"Daniely Cardoso\" \/>\n<meta name=\"twitter:card\" content=\"summary_large_image\" \/>\n<meta name=\"twitter:label1\" content=\"Escrito por\" \/>\n\t<meta name=\"twitter:data1\" content=\"Daniely Cardoso\" \/>\n\t<meta name=\"twitter:label2\" content=\"Est. tempo de leitura\" \/>\n\t<meta name=\"twitter:data2\" content=\"5 minutos\" \/>\n<!-- \/ Yoast SEO plugin. -->","yoast_head_json":{"title":"O passo a passo simples para iniciar a transi\u00e7\u00e3o capilar e recuperar a textura natural dos fios - Estado de Minas - Em foco","description":"Fa\u00e7a uma transi\u00e7\u00e3o capilar saud\u00e1vel com dicas pr\u00e1ticas de hidrata\u00e7\u00e3o e texturiza\u00e7\u00e3o. Recupere seus fios naturais com paci\u00eancia.","robots":{"index":"index","follow":"follow","max-snippet":"max-snippet:-1","max-image-preview":"max-image-preview:large","max-video-preview":"max-video-preview:-1"},"canonical":"https:\/\/www.em.com.br\/emfoco\/2026\/04\/29\/o-passo-a-passo-simples-para-iniciar-a-transicao-capilar-e-recuperar-a-textura-natural-dos-fios\/","og_locale":"pt_BR","og_type":"article","og_title":"O passo a passo simples para iniciar a transi\u00e7\u00e3o capilar e recuperar a textura natural dos fios - Estado de Minas - Em foco","og_description":"Fa\u00e7a uma transi\u00e7\u00e3o capilar saud\u00e1vel com dicas pr\u00e1ticas de hidrata\u00e7\u00e3o e texturiza\u00e7\u00e3o. Recupere seus fios naturais com paci\u00eancia.","og_url":"https:\/\/www.em.com.br\/emfoco\/2026\/04\/29\/o-passo-a-passo-simples-para-iniciar-a-transicao-capilar-e-recuperar-a-textura-natural-dos-fios\/","og_site_name":"Estado de Minas - Em foco","article_published_time":"2026-04-29T18:25:00+00:00","article_modified_time":"2026-04-28T19:50:33+00:00","og_image":[{"width":1280,"height":720,"url":"https:\/\/www.em.com.br\/emfoco\/wp-content\/uploads\/2026\/04\/EmFoco_21-8.jpg","type":"image\/jpeg"}],"author":"Daniely Cardoso","twitter_card":"summary_large_image","twitter_misc":{"Escrito por":"Daniely Cardoso","Est. tempo de leitura":"5 minutos"},"schema":{"@context":"https:\/\/schema.org","@graph":[{"@type":"WebPage","@id":"https:\/\/www.em.com.br\/emfoco\/2026\/04\/29\/o-passo-a-passo-simples-para-iniciar-a-transicao-capilar-e-recuperar-a-textura-natural-dos-fios\/","url":"https:\/\/www.em.com.br\/emfoco\/2026\/04\/29\/o-passo-a-passo-simples-para-iniciar-a-transicao-capilar-e-recuperar-a-textura-natural-dos-fios\/","name":"O passo a passo simples para iniciar a transi\u00e7\u00e3o capilar e recuperar a textura natural dos fios - Estado de Minas - Em foco","isPartOf":{"@id":"https:\/\/www.em.com.br\/emfoco\/#website"},"primaryImageOfPage":{"@id":"https:\/\/www.em.com.br\/emfoco\/2026\/04\/29\/o-passo-a-passo-simples-para-iniciar-a-transicao-capilar-e-recuperar-a-textura-natural-dos-fios\/#primaryimage"},"image":{"@id":"https:\/\/www.em.com.br\/emfoco\/2026\/04\/29\/o-passo-a-passo-simples-para-iniciar-a-transicao-capilar-e-recuperar-a-textura-natural-dos-fios\/#primaryimage"},"thumbnailUrl":"https:\/\/www.em.com.br\/emfoco\/wp-content\/uploads\/2026\/04\/EmFoco_21-8.jpg","datePublished":"2026-04-29T18:25:00+00:00","dateModified":"2026-04-28T19:50:33+00:00","author":{"@id":"https:\/\/www.em.com.br\/emfoco\/#\/schema\/person\/0a8186d72f2c3a5c6276d90b41f271a0"},"description":"Fa\u00e7a uma transi\u00e7\u00e3o capilar saud\u00e1vel com dicas pr\u00e1ticas de hidrata\u00e7\u00e3o e texturiza\u00e7\u00e3o. Recupere seus fios naturais com paci\u00eancia.","breadcrumb":{"@id":"https:\/\/www.em.com.br\/emfoco\/2026\/04\/29\/o-passo-a-passo-simples-para-iniciar-a-transicao-capilar-e-recuperar-a-textura-natural-dos-fios\/#breadcrumb"},"inLanguage":"pt-BR","potentialAction":[{"@type":"ReadAction","target":["https:\/\/www.em.com.br\/emfoco\/2026\/04\/29\/o-passo-a-passo-simples-para-iniciar-a-transicao-capilar-e-recuperar-a-textura-natural-dos-fios\/"]}]},{"@type":"ImageObject","inLanguage":"pt-BR","@id":"https:\/\/www.em.com.br\/emfoco\/2026\/04\/29\/o-passo-a-passo-simples-para-iniciar-a-transicao-capilar-e-recuperar-a-textura-natural-dos-fios\/#primaryimage","url":"https:\/\/www.em.com.br\/emfoco\/wp-content\/uploads\/2026\/04\/EmFoco_21-8.jpg","contentUrl":"https:\/\/www.em.com.br\/emfoco\/wp-content\/uploads\/2026\/04\/EmFoco_21-8.jpg","width":1280,"height":720,"caption":"Processo de recupera\u00e7\u00e3o da textura natural atrav\u00e9s do corte e hidrata\u00e7\u00e3o profunda"},{"@type":"BreadcrumbList","@id":"https:\/\/www.em.com.br\/emfoco\/2026\/04\/29\/o-passo-a-passo-simples-para-iniciar-a-transicao-capilar-e-recuperar-a-textura-natural-dos-fios\/#breadcrumb","itemListElement":[{"@type":"ListItem","position":1,"name":"In\u00edcio","item":"https:\/\/www.em.com.br\/emfoco\/"},{"@type":"ListItem","position":2,"name":"O passo a passo simples para iniciar a transi\u00e7\u00e3o capilar e recuperar a textura natural dos fios"}]},{"@type":"WebSite","@id":"https:\/\/www.em.com.br\/emfoco\/#website","url":"https:\/\/www.em.com.br\/emfoco\/","name":"Estado de Minas - Em foco","description":"Acompanhe as \u00faltimas not\u00edcias e fique bem informado sobre tudo o que acontece em Minas Gerais, Brasil e no mundo.","potentialAction":[{"@type":"SearchAction","target":{"@type":"EntryPoint","urlTemplate":"https:\/\/www.em.com.br\/emfoco\/?s={search_term_string}"},"query-input":{"@type":"PropertyValueSpecification","valueRequired":true,"valueName":"search_term_string"}}],"inLanguage":"pt-BR"},{"@type":"Person","@id":"https:\/\/www.em.com.br\/emfoco\/#\/schema\/person\/0a8186d72f2c3a5c6276d90b41f271a0","name":"Daniely Cardoso","image":{"@type":"ImageObject","inLanguage":"pt-BR","@id":"https:\/\/www.em.com.br\/emfoco\/#\/schema\/person\/image\/","url":"https:\/\/secure.gravatar.com\/avatar\/4b80ddbd124d1f071b626d52d62e5dff?s=96&d=mm&r=g","contentUrl":"https:\/\/secure.gravatar.com\/avatar\/4b80ddbd124d1f071b626d52d62e5dff?s=96&d=mm&r=g","caption":"Daniely Cardoso"},"url":"https:\/\/www.em.com.br\/emfoco\/author\/danielymyth\/"}]}},"_links":{"self":[{"href":"https:\/\/www.em.com.br\/emfoco\/wp-json\/wp\/v2\/posts\/200761","targetHints":{"allow":["GET"]}}],"collection":[{"href":"https:\/\/www.em.com.br\/emfoco\/wp-json\/wp\/v2\/posts"}],"about":[{"href":"https:\/\/www.em.com.br\/emfoco\/wp-json\/wp\/v2\/types\/post"}],"author":[{"embeddable":true,"href":"https:\/\/www.em.com.br\/emfoco\/wp-json\/wp\/v2\/users\/9"}],"replies":[{"embeddable":true,"href":"https:\/\/www.em.com.br\/emfoco\/wp-json\/wp\/v2\/comments?post=200761"}],"version-history":[{"count":3,"href":"https:\/\/www.em.com.br\/emfoco\/wp-json\/wp\/v2\/posts\/200761\/revisions"}],"predecessor-version":[{"id":200989,"href":"https:\/\/www.em.com.br\/emfoco\/wp-json\/wp\/v2\/posts\/200761\/revisions\/200989"}],"wp:featuredmedia":[{"embeddable":true,"href":"https:\/\/www.em.com.br\/emfoco\/wp-json\/wp\/v2\/media\/200905"}],"wp:attachment":[{"href":"https:\/\/www.em.com.br\/emfoco\/wp-json\/wp\/v2\/media?parent=200761"}],"wp:term":[{"taxonomy":"category","embeddable":true,"href":"https:\/\/www.em.com.br\/emfoco\/wp-json\/wp\/v2\/categories?post=200761"},{"taxonomy":"post_tag","embeddable":true,"href":"https:\/\/www.em.com.br\/emfoco\/wp-json\/wp\/v2\/tags?post=200761"}],"curies":[{"name":"wp","href":"https:\/\/api.w.org\/{rel}","templated":true}]}}