{"id":200755,"date":"2026-04-29T14:25:00","date_gmt":"2026-04-29T17:25:00","guid":{"rendered":"https:\/\/www.em.com.br\/emfoco\/?p=200755"},"modified":"2026-04-28T16:42:14","modified_gmt":"2026-04-28T19:42:14","slug":"o-corte-de-cabelo-ideal-para-mulheres-40-que-querem-praticidade-e-elegancia-no-dia-a-dia","status":"publish","type":"post","link":"https:\/\/www.em.com.br\/emfoco\/2026\/04\/29\/o-corte-de-cabelo-ideal-para-mulheres-40-que-querem-praticidade-e-elegancia-no-dia-a-dia\/","title":{"rendered":"O corte de cabelo ideal para mulheres 40+ que querem praticidade e eleg\u00e2ncia no dia a dia"},"content":{"rendered":"\n<p>Olhei para o rel\u00f3gio e percebi que gastei tempo demais tentando domar meus fios rebeldes antes de finalmente adotar um <strong>visual de baixa manuten\u00e7\u00e3o<\/strong> sofisticado. Ser\u00e1 que existe um corte capaz de unir a eleg\u00e2ncia que voc\u00ea merece com a agilidade que o seu cotidiano exige?<\/p>\n\n\n\n<h2 class=\"wp-block-heading\">Por que o visual de baixa manuten\u00e7\u00e3o conquistou as mulheres<\/h2>\n\n\n\n<p>Muitas mulheres sentem que o tempo gasto no sal\u00e3o poderia ser melhor aproveitado com a fam\u00edlia ou no crescimento profissional. Abandonar os estilos extremamente complexos traz um <strong>al\u00edvio imediato<\/strong> e renova a sua <strong>autoconfian\u00e7a di\u00e1ria<\/strong> de forma surpreendente. Voc\u00ea merece um espelho que reflita uma imagem poderosa sem exigir sacrif\u00edcios cansativos todos os dias nas primeiras horas da manh\u00e3.<\/p>\n\n\n\n<p>A maturidade pede escolhas inteligentes que facilitem a rotina sem abrir m\u00e3o da sofistica\u00e7\u00e3o est\u00e9tica necess\u00e1ria para circular em qualquer ambiente. Optar por comprimentos m\u00e9dios ou curtos ajuda a real\u00e7ar a <strong>beleza natural<\/strong> e proporciona <strong>leveza facial<\/strong> para enfrentar os desafios. Essa mudan\u00e7a estrat\u00e9gica permite que o seu rosto ganhe um destaque muito mais vibrante e acolhedor para o olhar alheio.<\/p>\n\n\n<div class=\"wp-block-image\">\n<figure class=\"aligncenter size-large\"><img loading=\"lazy\" decoding=\"async\" width=\"1024\" height=\"576\" src=\"https:\/\/www.em.com.br\/emfoco\/wp-content\/uploads\/2026\/04\/visual-de-baixa-manutencao-1024x576.jpg\" alt=\"visual de baixa manuten\u00e7\u00e3o\" class=\"wp-image-200757\" srcset=\"https:\/\/www.em.com.br\/emfoco\/wp-content\/uploads\/2026\/04\/visual-de-baixa-manutencao-1024x576.jpg 1024w, https:\/\/www.em.com.br\/emfoco\/wp-content\/uploads\/2026\/04\/visual-de-baixa-manutencao-300x169.jpg 300w, https:\/\/www.em.com.br\/emfoco\/wp-content\/uploads\/2026\/04\/visual-de-baixa-manutencao-768x432.jpg 768w, https:\/\/www.em.com.br\/emfoco\/wp-content\/uploads\/2026\/04\/visual-de-baixa-manutencao-750x422.jpg 750w, https:\/\/www.em.com.br\/emfoco\/wp-content\/uploads\/2026\/04\/visual-de-baixa-manutencao-1140x641.jpg 1140w, https:\/\/www.em.com.br\/emfoco\/wp-content\/uploads\/2026\/04\/visual-de-baixa-manutencao.jpg 1280w\" sizes=\"auto, (max-width: 1024px) 100vw, 1024px\" \/><figcaption class=\"wp-element-caption\">Muitas mulheres sentem que o tempo gasto no sal\u00e3o poderia ser melhor aproveitado com a fam\u00edlia ou no crescimento profissional<\/figcaption><\/figure><\/div>\n\n\n<p>Leia tamb\u00e9m: <a href=\"https:\/\/www.em.com.br\/emfoco\/2026\/04\/23\/cortes-de-cabelo-que-valorizam-mulheres-40-e-deixam-o-visual-leve-e-sofisticado\/\" target=\"_blank\" rel=\"noreferrer noopener\">Cortes de cabelo que valorizam mulheres 40+ e deixam o visual leve e sofisticado<\/a><\/p>\n\n\n\n<h2 class=\"wp-block-heading\">O corte Bob \u00e9 o segredo do visual de baixa manuten\u00e7\u00e3o<\/h2>\n\n\n\n<p>O corte Bob desfiado permanece como uma escolha imbat\u00edvel para quem busca modernidade e agilidade em um \u00fanico pacote capilar. Essa estrutura garante um <strong>movimento natural<\/strong> invej\u00e1vel e disfar\u00e7a pontas duplas com muita efici\u00eancia t\u00e9cnica durante o uso constante. As camadas leves proporcionam <strong>volume equilibrado<\/strong> e eliminam o peso excessivo que costuma envelhecer a fisionomia feminina de maneira desnecess\u00e1ria.<\/p>\n\n\n\n<p>Diferentes varia\u00e7\u00f5es deste modelo permitem que cada mulher encontre o equil\u00edbrio perfeito para o seu tipo espec\u00edfico de fio e textura. A lista abaixo detalha as principais caracter\u00edsticas que tornam este estilo t\u00e3o desejado por quem valoriza o <strong>conforto visual<\/strong> e a <strong>praticidade t\u00e9cnica<\/strong>:<\/p>\n\n\n\n<ul class=\"wp-block-list\">\n<li>Comprimento na altura do queixo que <strong>alonga o pesco\u00e7o<\/strong> de forma elegante e muito sutil.<\/li>\n\n\n\n<li>Pontas desconectadas para garantir uma <strong>finaliza\u00e7\u00e3o r\u00e1pida<\/strong> apenas com o uso das m\u00e3os e pouco produto.<\/li>\n\n\n\n<li>Base reta que oferece uma <strong>estrutura s\u00f3lida<\/strong> e facilita a manuten\u00e7\u00e3o saud\u00e1vel das pontas por mais tempo.<\/li>\n<\/ul>\n\n\n\n<figure class=\"wp-block-embed is-type-rich is-provider-pinterest wp-block-embed-pinterest\"><div class=\"wp-block-embed__wrapper\">\n<iframe loading=\"lazy\" title=\"21 Stunning Lob Haircut for Older Women\" src=\"https:\/\/assets.pinterest.com\/ext\/embed.html?id=8373949304071367&#038;src=oembed\" height=\"775\" width=\"450\" frameborder=\"0\" scrolling=\"no\" ><\/iframe>\n<\/div><\/figure>\n\n\n\n<h2 class=\"wp-block-heading\">Quais texturas valorizam o seu rosto<\/h2>\n\n\n\n<p>As texturas naturais est\u00e3o ganhando cada vez mais espa\u00e7o nos editoriais de moda voltados para o p\u00fablico maduro que busca autenticidade. Aceitar as ondas ou o volume original dos fios promove uma <strong>liberdade incr\u00edvel<\/strong> e reduz a depend\u00eancia de qu\u00edmicas agressivas e caras. Utilize <strong>finalizadores suaves<\/strong> para manter a defini\u00e7\u00e3o sem comprometer a maleabilidade necess\u00e1ria para o seu dia a dia agitado.<\/p>\n\n\n\n<p>A harmonia visual depende diretamente de como o corte interage com a cor e o brilho do seu cabelo natural. Fios bem tratados refletem a luz com mais intensidade e garantem um <strong>aspecto saud\u00e1vel<\/strong> mesmo com poucos passos de cuidado. Busque <strong>hidrata\u00e7\u00f5es r\u00e1pidas<\/strong> no banho para manter a integridade da fibra capilar sempre em dia e com brilho intenso.<\/p>\n\n\n\n<p>Para voc\u00ea que gosta de se cuidar, separamos um v\u00eddeo do canal <a href=\"https:\/\/www.youtube.com\/@bemnaturallifestyle\" target=\"_blank\" rel=\"noreferrer noopener\">Bem Natural Lifestyle<\/a> com dicas de cortes para melhorar seu visual:<\/p>\n\n\n\n<figure class=\"wp-block-embed is-type-video is-provider-youtube wp-block-embed-youtube wp-embed-aspect-16-9 wp-has-aspect-ratio\"><div class=\"wp-block-embed__wrapper\">\n<div class=\"jeg_video_container jeg_video_content\"><iframe loading=\"lazy\" title=\"CORTES DE CABELO 2026 PARA TODAS AS IDADES QUE REJUVENESCEM!\" width=\"500\" height=\"281\" src=\"https:\/\/www.youtube.com\/embed\/wpK-9q_A0_M?feature=oembed\" frameborder=\"0\" allow=\"accelerometer; autoplay; clipboard-write; encrypted-media; gyroscope; picture-in-picture; web-share\" referrerpolicy=\"strict-origin-when-cross-origin\" allowfullscreen><\/iframe><\/div>\n<\/div><\/figure>\n\n\n\n<h2 class=\"wp-block-heading\">Como o visual de baixa manuten\u00e7\u00e3o economiza seu tempo<\/h2>\n\n\n\n<p>Adotar o <strong>visual de baixa manuten\u00e7\u00e3o<\/strong> significa reduzir drasticamente o uso de secadores e chapinhas que danificam a queratina dos seus fios. Voc\u00ea ganhar\u00e1 minutos preciosos de sono ou lazer ao simplificar o processo de finaliza\u00e7\u00e3o matinal em frente ao espelho. Invista em <strong>acabamentos discretos<\/strong> para variar o look sem precisar de habilidades profissionais de cabeleireiro no seu cotidiano.<\/p>\n\n\n\n<p>A durabilidade deste tipo de corte permite que as visitas ao sal\u00e3o sejam mais espa\u00e7adas e planejadas com calma pelo profissional. Essa previsibilidade financeira e de tempo gera uma <strong>tranquilidade mental<\/strong> que reflete positivamente em todas as \u00e1reas da sua vida. Escolha <strong>produtos de qualidade<\/strong> para os cuidados b\u00e1sicos e sinta a diferen\u00e7a na textura e na sa\u00fade dos fios.<\/p>\n\n\n\n<figure class=\"wp-block-embed is-type-rich is-provider-pinterest wp-block-embed-pinterest\"><div class=\"wp-block-embed__wrapper\">\n<iframe loading=\"lazy\" title=\" \" src=\"https:\/\/assets.pinterest.com\/ext\/embed.html?id=55943220366837621&#038;src=oembed\" height=\"699\" width=\"450\" frameborder=\"0\" scrolling=\"no\" ><\/iframe>\n<\/div><\/figure>\n\n\n\n<h2 class=\"wp-block-heading\">Aposte na sua autenticidade hoje<\/h2>\n\n\n\n<p>Aposte na sua for\u00e7a para brilhar com muito estilo e leveza em qualquer idade ou ambiente que frequentar. Renovar a imagem \u00e9 um ato de carinho que impulsiona a sua <strong>felicidade interna<\/strong> imediata de forma vis\u00edvel. Escolha <strong>mudan\u00e7as conscientes<\/strong> agora.<\/p>\n\n\n\n<p>O segredo da beleza madura reside na simplicidade que destaca a sua personalidade forte e decidida perante o mundo. Aproveite a nova fase para explorar caminhos que tragam mais <strong>tempo livre<\/strong> e satisfa\u00e7\u00e3o pessoal duradoura. Garanta <strong>sofistica\u00e7\u00e3o real<\/strong> sempre.<\/p>\n","protected":false},"excerpt":{"rendered":"<p>Olhei para o rel\u00f3gio e percebi que gastei tempo demais tentando domar meus fios rebeldes antes de finalmente adotar um visual de baixa manuten\u00e7\u00e3o sofisticado. Ser\u00e1 que existe um corte capaz de unir a eleg\u00e2ncia que voc\u00ea merece com a agilidade que o seu cotidiano exige? Por que o visual de baixa manuten\u00e7\u00e3o conquistou as [&hellip;]<\/p>\n","protected":false},"author":9,"featured_media":200904,"comment_status":"open","ping_status":"open","sticky":false,"template":"","format":"standard","meta":{"jnews-multi-image_gallery":[],"jnews_single_post":{"format":"standard"},"jnews_primary_category":[],"jnews_social_meta":[],"jnews_override_counter":[],"footnotes":""},"categories":[8691,29],"tags":[8408,28931,27690],"class_list":["post-200755","post","type-post","status-publish","format-standard","has-post-thumbnail","hentry","category-bem-estar","category-entretenimento","tag-beleza-feminina","tag-cortes-40","tag-estilo-pratico"],"yoast_head":"<!-- This site is optimized with the Yoast SEO plugin v23.8 - https:\/\/yoast.com\/wordpress\/plugins\/seo\/ -->\n<title>O corte de cabelo ideal para mulheres 40+ que querem praticidade e eleg\u00e2ncia no dia a dia - Estado de Minas - Em foco<\/title>\n<meta name=\"description\" content=\"O visual de baixa manuten\u00e7\u00e3o \u00e9 a escolha ideal para mulheres maduras que buscam praticidade. Saiba como renovar seu estilo com eleg\u00e2ncia.\" \/>\n<meta name=\"robots\" content=\"index, follow, max-snippet:-1, max-image-preview:large, max-video-preview:-1\" \/>\n<link rel=\"canonical\" href=\"https:\/\/www.em.com.br\/emfoco\/2026\/04\/29\/o-corte-de-cabelo-ideal-para-mulheres-40-que-querem-praticidade-e-elegancia-no-dia-a-dia\/\" \/>\n<meta property=\"og:locale\" content=\"pt_BR\" \/>\n<meta property=\"og:type\" content=\"article\" \/>\n<meta property=\"og:title\" content=\"O corte de cabelo ideal para mulheres 40+ que querem praticidade e eleg\u00e2ncia no dia a dia - Estado de Minas - Em foco\" \/>\n<meta property=\"og:description\" content=\"O visual de baixa manuten\u00e7\u00e3o \u00e9 a escolha ideal para mulheres maduras que buscam praticidade. Saiba como renovar seu estilo com eleg\u00e2ncia.\" \/>\n<meta property=\"og:url\" content=\"https:\/\/www.em.com.br\/emfoco\/2026\/04\/29\/o-corte-de-cabelo-ideal-para-mulheres-40-que-querem-praticidade-e-elegancia-no-dia-a-dia\/\" \/>\n<meta property=\"og:site_name\" content=\"Estado de Minas - Em foco\" \/>\n<meta property=\"article:published_time\" content=\"2026-04-29T17:25:00+00:00\" \/>\n<meta property=\"article:modified_time\" content=\"2026-04-28T19:42:14+00:00\" \/>\n<meta property=\"og:image\" content=\"https:\/\/www.em.com.br\/emfoco\/wp-content\/uploads\/2026\/04\/EmFoco_22-8.jpg\" \/>\n\t<meta property=\"og:image:width\" content=\"1280\" \/>\n\t<meta property=\"og:image:height\" content=\"720\" \/>\n\t<meta property=\"og:image:type\" content=\"image\/jpeg\" \/>\n<meta name=\"author\" content=\"Daniely Cardoso\" \/>\n<meta name=\"twitter:card\" content=\"summary_large_image\" \/>\n<meta name=\"twitter:label1\" content=\"Escrito por\" \/>\n\t<meta name=\"twitter:data1\" content=\"Daniely Cardoso\" \/>\n\t<meta name=\"twitter:label2\" content=\"Est. tempo de leitura\" \/>\n\t<meta name=\"twitter:data2\" content=\"5 minutos\" \/>\n<!-- \/ Yoast SEO plugin. -->","yoast_head_json":{"title":"O corte de cabelo ideal para mulheres 40+ que querem praticidade e eleg\u00e2ncia no dia a dia - Estado de Minas - Em foco","description":"O visual de baixa manuten\u00e7\u00e3o \u00e9 a escolha ideal para mulheres maduras que buscam praticidade. Saiba como renovar seu estilo com eleg\u00e2ncia.","robots":{"index":"index","follow":"follow","max-snippet":"max-snippet:-1","max-image-preview":"max-image-preview:large","max-video-preview":"max-video-preview:-1"},"canonical":"https:\/\/www.em.com.br\/emfoco\/2026\/04\/29\/o-corte-de-cabelo-ideal-para-mulheres-40-que-querem-praticidade-e-elegancia-no-dia-a-dia\/","og_locale":"pt_BR","og_type":"article","og_title":"O corte de cabelo ideal para mulheres 40+ que querem praticidade e eleg\u00e2ncia no dia a dia - Estado de Minas - Em foco","og_description":"O visual de baixa manuten\u00e7\u00e3o \u00e9 a escolha ideal para mulheres maduras que buscam praticidade. Saiba como renovar seu estilo com eleg\u00e2ncia.","og_url":"https:\/\/www.em.com.br\/emfoco\/2026\/04\/29\/o-corte-de-cabelo-ideal-para-mulheres-40-que-querem-praticidade-e-elegancia-no-dia-a-dia\/","og_site_name":"Estado de Minas - Em foco","article_published_time":"2026-04-29T17:25:00+00:00","article_modified_time":"2026-04-28T19:42:14+00:00","og_image":[{"width":1280,"height":720,"url":"https:\/\/www.em.com.br\/emfoco\/wp-content\/uploads\/2026\/04\/EmFoco_22-8.jpg","type":"image\/jpeg"}],"author":"Daniely Cardoso","twitter_card":"summary_large_image","twitter_misc":{"Escrito por":"Daniely Cardoso","Est. tempo de leitura":"5 minutos"},"schema":{"@context":"https:\/\/schema.org","@graph":[{"@type":"WebPage","@id":"https:\/\/www.em.com.br\/emfoco\/2026\/04\/29\/o-corte-de-cabelo-ideal-para-mulheres-40-que-querem-praticidade-e-elegancia-no-dia-a-dia\/","url":"https:\/\/www.em.com.br\/emfoco\/2026\/04\/29\/o-corte-de-cabelo-ideal-para-mulheres-40-que-querem-praticidade-e-elegancia-no-dia-a-dia\/","name":"O corte de cabelo ideal para mulheres 40+ que querem praticidade e eleg\u00e2ncia no dia a dia - Estado de Minas - Em foco","isPartOf":{"@id":"https:\/\/www.em.com.br\/emfoco\/#website"},"primaryImageOfPage":{"@id":"https:\/\/www.em.com.br\/emfoco\/2026\/04\/29\/o-corte-de-cabelo-ideal-para-mulheres-40-que-querem-praticidade-e-elegancia-no-dia-a-dia\/#primaryimage"},"image":{"@id":"https:\/\/www.em.com.br\/emfoco\/2026\/04\/29\/o-corte-de-cabelo-ideal-para-mulheres-40-que-querem-praticidade-e-elegancia-no-dia-a-dia\/#primaryimage"},"thumbnailUrl":"https:\/\/www.em.com.br\/emfoco\/wp-content\/uploads\/2026\/04\/EmFoco_22-8.jpg","datePublished":"2026-04-29T17:25:00+00:00","dateModified":"2026-04-28T19:42:14+00:00","author":{"@id":"https:\/\/www.em.com.br\/emfoco\/#\/schema\/person\/0a8186d72f2c3a5c6276d90b41f271a0"},"description":"O visual de baixa manuten\u00e7\u00e3o \u00e9 a escolha ideal para mulheres maduras que buscam praticidade. Saiba como renovar seu estilo com eleg\u00e2ncia.","breadcrumb":{"@id":"https:\/\/www.em.com.br\/emfoco\/2026\/04\/29\/o-corte-de-cabelo-ideal-para-mulheres-40-que-querem-praticidade-e-elegancia-no-dia-a-dia\/#breadcrumb"},"inLanguage":"pt-BR","potentialAction":[{"@type":"ReadAction","target":["https:\/\/www.em.com.br\/emfoco\/2026\/04\/29\/o-corte-de-cabelo-ideal-para-mulheres-40-que-querem-praticidade-e-elegancia-no-dia-a-dia\/"]}]},{"@type":"ImageObject","inLanguage":"pt-BR","@id":"https:\/\/www.em.com.br\/emfoco\/2026\/04\/29\/o-corte-de-cabelo-ideal-para-mulheres-40-que-querem-praticidade-e-elegancia-no-dia-a-dia\/#primaryimage","url":"https:\/\/www.em.com.br\/emfoco\/wp-content\/uploads\/2026\/04\/EmFoco_22-8.jpg","contentUrl":"https:\/\/www.em.com.br\/emfoco\/wp-content\/uploads\/2026\/04\/EmFoco_22-8.jpg","width":1280,"height":720,"caption":"Estilos pr\u00e1ticos que unem sofistica\u00e7\u00e3o e agilidade para a rotina feminina moderna"},{"@type":"BreadcrumbList","@id":"https:\/\/www.em.com.br\/emfoco\/2026\/04\/29\/o-corte-de-cabelo-ideal-para-mulheres-40-que-querem-praticidade-e-elegancia-no-dia-a-dia\/#breadcrumb","itemListElement":[{"@type":"ListItem","position":1,"name":"In\u00edcio","item":"https:\/\/www.em.com.br\/emfoco\/"},{"@type":"ListItem","position":2,"name":"O corte de cabelo ideal para mulheres 40+ que querem praticidade e eleg\u00e2ncia no dia a dia"}]},{"@type":"WebSite","@id":"https:\/\/www.em.com.br\/emfoco\/#website","url":"https:\/\/www.em.com.br\/emfoco\/","name":"Estado de Minas - Em foco","description":"Acompanhe as \u00faltimas not\u00edcias e fique bem informado sobre tudo o que acontece em Minas Gerais, Brasil e no mundo.","potentialAction":[{"@type":"SearchAction","target":{"@type":"EntryPoint","urlTemplate":"https:\/\/www.em.com.br\/emfoco\/?s={search_term_string}"},"query-input":{"@type":"PropertyValueSpecification","valueRequired":true,"valueName":"search_term_string"}}],"inLanguage":"pt-BR"},{"@type":"Person","@id":"https:\/\/www.em.com.br\/emfoco\/#\/schema\/person\/0a8186d72f2c3a5c6276d90b41f271a0","name":"Daniely Cardoso","image":{"@type":"ImageObject","inLanguage":"pt-BR","@id":"https:\/\/www.em.com.br\/emfoco\/#\/schema\/person\/image\/","url":"https:\/\/secure.gravatar.com\/avatar\/4b80ddbd124d1f071b626d52d62e5dff?s=96&d=mm&r=g","contentUrl":"https:\/\/secure.gravatar.com\/avatar\/4b80ddbd124d1f071b626d52d62e5dff?s=96&d=mm&r=g","caption":"Daniely Cardoso"},"url":"https:\/\/www.em.com.br\/emfoco\/author\/danielymyth\/"}]}},"_links":{"self":[{"href":"https:\/\/www.em.com.br\/emfoco\/wp-json\/wp\/v2\/posts\/200755","targetHints":{"allow":["GET"]}}],"collection":[{"href":"https:\/\/www.em.com.br\/emfoco\/wp-json\/wp\/v2\/posts"}],"about":[{"href":"https:\/\/www.em.com.br\/emfoco\/wp-json\/wp\/v2\/types\/post"}],"author":[{"embeddable":true,"href":"https:\/\/www.em.com.br\/emfoco\/wp-json\/wp\/v2\/users\/9"}],"replies":[{"embeddable":true,"href":"https:\/\/www.em.com.br\/emfoco\/wp-json\/wp\/v2\/comments?post=200755"}],"version-history":[{"count":2,"href":"https:\/\/www.em.com.br\/emfoco\/wp-json\/wp\/v2\/posts\/200755\/revisions"}],"predecessor-version":[{"id":200983,"href":"https:\/\/www.em.com.br\/emfoco\/wp-json\/wp\/v2\/posts\/200755\/revisions\/200983"}],"wp:featuredmedia":[{"embeddable":true,"href":"https:\/\/www.em.com.br\/emfoco\/wp-json\/wp\/v2\/media\/200904"}],"wp:attachment":[{"href":"https:\/\/www.em.com.br\/emfoco\/wp-json\/wp\/v2\/media?parent=200755"}],"wp:term":[{"taxonomy":"category","embeddable":true,"href":"https:\/\/www.em.com.br\/emfoco\/wp-json\/wp\/v2\/categories?post=200755"},{"taxonomy":"post_tag","embeddable":true,"href":"https:\/\/www.em.com.br\/emfoco\/wp-json\/wp\/v2\/tags?post=200755"}],"curies":[{"name":"wp","href":"https:\/\/api.w.org\/{rel}","templated":true}]}}