{"id":200747,"date":"2026-04-29T13:25:00","date_gmt":"2026-04-29T16:25:00","guid":{"rendered":"https:\/\/www.em.com.br\/emfoco\/?p=200747"},"modified":"2026-04-28T16:41:07","modified_gmt":"2026-04-28T19:41:07","slug":"como-plantar-uma-especiaria-aromatica-em-casa-e-garantir-crescimento-saudavel-por-muitos-anos","status":"publish","type":"post","link":"https:\/\/www.em.com.br\/emfoco\/2026\/04\/29\/como-plantar-uma-especiaria-aromatica-em-casa-e-garantir-crescimento-saudavel-por-muitos-anos\/","title":{"rendered":"Como plantar uma especiaria arom\u00e1tica em casa e garantir crescimento saud\u00e1vel por muitos anos"},"content":{"rendered":"\n<p>Preparei o solo do meu quintal com muito cuidado antes de <strong>plantar cravo-da-\u00edndia<\/strong> em um vaso grande e fundo. Voc\u00ea conhece os passos necess\u00e1rios para que essa \u00e1rvore tropical cres\u00e7a saud\u00e1vel e ofere\u00e7a colheitas arom\u00e1ticas todos os anos?<\/p>\n\n\n\n<h2 class=\"wp-block-heading\">O clima ideal para plantar cravo-da-\u00edndia<\/h2>\n\n\n\n<p>O cultivo bem-sucedido desta \u00e1rvore exige temperaturas est\u00e1veis e muita umidade no ar durante todas as esta\u00e7\u00f5es do ano. Essa esp\u00e9cie de origem asi\u00e1tica prefere locais protegidos de ventos fortes que podem prejudicar o <strong>crescimento saud\u00e1vel<\/strong> dos galhos mais jovens. Garanta um <strong>ambiente quente<\/strong> para que a muda consiga atingir a maturidade com vigor e vitalidade constante.<\/p>\n\n\n\n<p>Muitas pessoas esquecem que a planta detesta geadas e mudan\u00e7as bruscas de temperatura em regi\u00f5es mais frias ou secas. O solo deve permanecer drenado para evitar o <strong>apodrecimento radicular<\/strong> e garantir que os nutrientes alcancem as folhas superiores. Busque uma <strong>exposi\u00e7\u00e3o solar<\/strong> equilibrada para evitar que os brotos fiquem estiolados e visualmente fracos no in\u00edcio.<\/p>\n\n\n<div class=\"wp-block-image\">\n<figure class=\"aligncenter size-large\"><img loading=\"lazy\" decoding=\"async\" width=\"1024\" height=\"576\" src=\"https:\/\/www.em.com.br\/emfoco\/wp-content\/uploads\/2026\/04\/cravo-da-india-_1777346109374-1024x576.jpg\" alt=\"plantar cravo-da-\u00edndia\" class=\"wp-image-200751\" srcset=\"https:\/\/www.em.com.br\/emfoco\/wp-content\/uploads\/2026\/04\/cravo-da-india-_1777346109374-1024x576.jpg 1024w, https:\/\/www.em.com.br\/emfoco\/wp-content\/uploads\/2026\/04\/cravo-da-india-_1777346109374-300x169.jpg 300w, https:\/\/www.em.com.br\/emfoco\/wp-content\/uploads\/2026\/04\/cravo-da-india-_1777346109374-768x432.jpg 768w, https:\/\/www.em.com.br\/emfoco\/wp-content\/uploads\/2026\/04\/cravo-da-india-_1777346109374-750x422.jpg 750w, https:\/\/www.em.com.br\/emfoco\/wp-content\/uploads\/2026\/04\/cravo-da-india-_1777346109374-1140x641.jpg 1140w, https:\/\/www.em.com.br\/emfoco\/wp-content\/uploads\/2026\/04\/cravo-da-india-_1777346109374.jpg 1280w\" sizes=\"auto, (max-width: 1024px) 100vw, 1024px\" \/><figcaption class=\"wp-element-caption\">Muitas pessoas esquecem que a planta detesta geadas e mudan\u00e7as bruscas de temperatura em regi\u00f5es mais frias ou secas &#8211; Cr\u00e9ditos: depositphotos.com \/ AlinaDem<\/figcaption><\/figure><\/div>\n\n\n<p>Leia tamb\u00e9m: <a href=\"https:\/\/www.em.com.br\/emfoco\/2026\/04\/05\/entenda-como-plantar-amarilis-no-vaso-para-decorar-sua-sala-com-elegancia-e-muita-cor\/\" target=\"_blank\" rel=\"noreferrer noopener\">Entenda como plantar amar\u00edlis no vaso para decorar sua sala com eleg\u00e2ncia e muita cor<\/a><\/p>\n\n\n\n<h2 class=\"wp-block-heading\">Como preparar o solo e plantar cravo-da-\u00edndia<\/h2>\n\n\n\n<p>A escolha da terra certa faz toda a diferen\u00e7a para obter flores arom\u00e1ticas e cheias de \u00f3leos essenciais potentes. Utilize uma mistura rica em mat\u00e9ria org\u00e2nica com uma boa propor\u00e7\u00e3o de areia para facilitar o <strong>escoamento h\u00eddrico<\/strong> necess\u00e1rio. Adicione <strong>composto natural<\/strong> para fortalecer a base nutricional do arbusto durante os primeiros meses de desenvolvimento em campo.<\/p>\n\n\n\n<p>O plantio inicial requer aten\u00e7\u00e3o especial ao tamanho do ber\u00e7o onde a raiz ser\u00e1 acomodada definitivamente pelo jardineiro. Antes de colocar a semente ou a muda no local escolhido, \u00e9 importante verificar alguns pontos fundamentais para o sucesso. A lista a seguir apresenta os materiais que ajudam na <strong>forma\u00e7\u00e3o vegetal<\/strong> e na <strong>prote\u00e7\u00e3o inicial<\/strong> da sua especiaria:<\/p>\n\n\n\n<ul class=\"wp-block-list\">\n<li><strong>Sementes frescas<\/strong> colhidas recentemente de \u00e1rvores que sejam comprovadamente saud\u00e1veis e produtivas.<\/li>\n\n\n\n<li><strong>Vasos profundos<\/strong> com furos na base para impedir o ac\u00famulo de \u00e1gua parada nas ra\u00edzes sens\u00edveis.<\/li>\n\n\n\n<li><strong>Substrato leve<\/strong> que permita a respira\u00e7\u00e3o celular e o avan\u00e7o das ra\u00edzes em crescimento lateral.<\/li>\n<\/ul>\n\n\n\n<figure class=\"wp-block-embed is-type-rich is-provider-pinterest wp-block-embed-pinterest\"><div class=\"wp-block-embed__wrapper\">\n<iframe loading=\"lazy\" title=\"Cravos\" src=\"https:\/\/assets.pinterest.com\/ext\/embed.html?id=33495590973976872&#038;src=oembed\" height=\"899\" width=\"450\" frameborder=\"0\" scrolling=\"no\" ><\/iframe>\n<\/div><\/figure>\n\n\n\n<h2 class=\"wp-block-heading\">Cuidados fundamentais ao plantar cravo-da-\u00edndia<\/h2>\n\n\n\n<p>A rega deve ser frequente para manter a terra sempre \u00famida mas nunca encharcada de forma prejudicial ao caule. Realize <strong>podas de limpeza<\/strong> para remover galhos secos e permitir que a luz alcance as partes internas da \u00e1rvore. Aplique <strong>fertilizantes org\u00e2nicos<\/strong> para repor os minerais consumidos durante a fase de flora\u00e7\u00e3o intensa e bastante perfumada.<\/p>\n\n\n\n<p>Monitorar a presen\u00e7a de pragas comuns como pulg\u00f5es e fungos garante que a \u00e1rvore viva por muitas d\u00e9cadas seguidas. O uso de repelentes naturais mant\u00e9m a <strong>sa\u00fade biol\u00f3gica<\/strong> sem contaminar os bot\u00f5es que ser\u00e3o utilizados na sua culin\u00e1ria. Mantenha a <strong>vigil\u00e2ncia constante<\/strong> para identificar qualquer altera\u00e7\u00e3o nas folhas ou no tronco principal da planta jovem.<\/p>\n\n\n\n<p>Para voc\u00ea que gosta de plantar, separamos um v\u00eddeo do canal <a href=\"https:\/\/www.youtube.com\/@cadinderoca\" target=\"_blank\" rel=\"noreferrer noopener\">CADIN DE RO\u00c7A <\/a>com dicas para germinar cravo da \u00edndia:<\/p>\n\n\n\n<figure class=\"wp-block-embed is-type-video is-provider-youtube wp-block-embed-youtube wp-embed-aspect-16-9 wp-has-aspect-ratio\"><div class=\"wp-block-embed__wrapper\">\n<div class=\"jeg_video_container jeg_video_content\"><iframe loading=\"lazy\" title=\"Como plantar p\u00e9 de Cravo-da-\u00cdndia em casa? | Passo a Passo completo!\" width=\"500\" height=\"281\" src=\"https:\/\/www.youtube.com\/embed\/Yxi966D3Utc?feature=oembed\" frameborder=\"0\" allow=\"accelerometer; autoplay; clipboard-write; encrypted-media; gyroscope; picture-in-picture; web-share\" referrerpolicy=\"strict-origin-when-cross-origin\" allowfullscreen><\/iframe><\/div>\n<\/div><\/figure>\n\n\n\n<h2 class=\"wp-block-heading\">Manejo de regas e ilumina\u00e7\u00e3o di\u00e1ria<\/h2>\n\n\n\n<p>A \u00e1gua utilizada na irriga\u00e7\u00e3o deve ser livre de cloro excessivo para n\u00e3o agredir a microbiota do solo f\u00e9rtil. Posicione o seu vaso em um local que receba luz indireta durante as horas mais quentes do dia. Promova uma <strong>hidrata\u00e7\u00e3o equilibrada<\/strong> para manter o vigor das folhas verdes e garantir a <strong>produ\u00e7\u00e3o futura<\/strong> de bot\u00f5es.<\/p>\n\n\n\n<p>O ac\u00famulo de poeira nas folhas pode atrapalhar a fotoss\u00edntese e diminuir a for\u00e7a da planta em ambientes internos fechados. Utilize um pano \u00famido para limpar as superf\u00edcies vegetais e permitir que o arbusto realize as <strong>trocas gasosas<\/strong> eficientemente. Essa <strong>manuten\u00e7\u00e3o simples<\/strong> evita o surgimento de doen\u00e7as e promove um visual muito mais bonito e vistoso.<\/p>\n\n\n\n<h2 class=\"wp-block-heading\">Cultive sua pr\u00f3pria especiaria com paci\u00eancia<\/h2>\n\n\n\n<p>Ter uma \u00e1rvore produtiva no quintal transforma a sua rela\u00e7\u00e3o com os temperos naturais e com a natureza ao redor. Aproveite o processo de aprendizado di\u00e1rio para relaxar e observar o desenvolvimento das pequenas folhas. Use o <strong>tempo livre<\/strong> para cuidar do seu jardim com muito <strong>zelo e carinho<\/strong>.<\/p>\n\n\n\n<p>A paci\u00eancia \u00e9 a maior virtude de quem deseja colher frutos saud\u00e1veis e arom\u00e1ticos diretamente da pr\u00f3pria terra f\u00e9rtil. Persista nos cuidados b\u00e1sicos e sinta o prazer de utilizar produtos cultivados por suas pr\u00f3prias m\u00e3os. Mantenha o <strong>foco produtivo<\/strong> e garanta um <strong>futuro perfumado<\/strong> para a sua casa.<\/p>\n","protected":false},"excerpt":{"rendered":"<p>Preparei o solo do meu quintal com muito cuidado antes de plantar cravo-da-\u00edndia em um vaso grande e fundo. Voc\u00ea conhece os passos necess\u00e1rios para que essa \u00e1rvore tropical cres\u00e7a saud\u00e1vel e ofere\u00e7a colheitas arom\u00e1ticas todos os anos? O clima ideal para plantar cravo-da-\u00edndia O cultivo bem-sucedido desta \u00e1rvore exige temperaturas est\u00e1veis e muita umidade [&hellip;]<\/p>\n","protected":false},"author":9,"featured_media":200906,"comment_status":"open","ping_status":"open","sticky":false,"template":"","format":"standard","meta":{"jnews-multi-image_gallery":[],"jnews_single_post":{"format":"standard"},"jnews_primary_category":[],"jnews_social_meta":[],"jnews_override_counter":[],"footnotes":""},"categories":[8691,8819],"tags":[12690,3815,3358],"class_list":["post-200747","post","type-post","status-publish","format-standard","has-post-thumbnail","hentry","category-bem-estar","category-curiosidades","tag-especiarias-naturais","tag-horta-em-casa","tag-jardinagem"],"yoast_head":"<!-- This site is optimized with the Yoast SEO plugin v23.8 - https:\/\/yoast.com\/wordpress\/plugins\/seo\/ -->\n<title>Como plantar uma especiaria arom\u00e1tica em casa e garantir crescimento saud\u00e1vel por muitos anos - Estado de Minas - Em foco<\/title>\n<meta name=\"description\" content=\"Aprenda a plantar cravo-da-\u00edndia em sua casa com t\u00e9cnicas simples de cultivo e solo. Tenha especiarias sempre frescas e muito perfumadas.\" \/>\n<meta name=\"robots\" content=\"index, follow, max-snippet:-1, max-image-preview:large, max-video-preview:-1\" \/>\n<link rel=\"canonical\" href=\"https:\/\/www.em.com.br\/emfoco\/2026\/04\/29\/como-plantar-uma-especiaria-aromatica-em-casa-e-garantir-crescimento-saudavel-por-muitos-anos\/\" \/>\n<meta property=\"og:locale\" content=\"pt_BR\" \/>\n<meta property=\"og:type\" content=\"article\" \/>\n<meta property=\"og:title\" content=\"Como plantar uma especiaria arom\u00e1tica em casa e garantir crescimento saud\u00e1vel por muitos anos - Estado de Minas - Em foco\" \/>\n<meta property=\"og:description\" content=\"Aprenda a plantar cravo-da-\u00edndia em sua casa com t\u00e9cnicas simples de cultivo e solo. Tenha especiarias sempre frescas e muito perfumadas.\" \/>\n<meta property=\"og:url\" content=\"https:\/\/www.em.com.br\/emfoco\/2026\/04\/29\/como-plantar-uma-especiaria-aromatica-em-casa-e-garantir-crescimento-saudavel-por-muitos-anos\/\" \/>\n<meta property=\"og:site_name\" content=\"Estado de Minas - Em foco\" \/>\n<meta property=\"article:published_time\" content=\"2026-04-29T16:25:00+00:00\" \/>\n<meta property=\"article:modified_time\" content=\"2026-04-28T19:41:07+00:00\" \/>\n<meta property=\"og:image\" content=\"https:\/\/www.em.com.br\/emfoco\/wp-content\/uploads\/2026\/04\/EmFoco_30-8.jpg\" \/>\n\t<meta property=\"og:image:width\" content=\"1280\" \/>\n\t<meta property=\"og:image:height\" content=\"720\" \/>\n\t<meta property=\"og:image:type\" content=\"image\/jpeg\" \/>\n<meta name=\"author\" content=\"Daniely Cardoso\" \/>\n<meta name=\"twitter:card\" content=\"summary_large_image\" \/>\n<meta name=\"twitter:label1\" content=\"Escrito por\" \/>\n\t<meta name=\"twitter:data1\" content=\"Daniely Cardoso\" \/>\n\t<meta name=\"twitter:label2\" content=\"Est. tempo de leitura\" \/>\n\t<meta name=\"twitter:data2\" content=\"5 minutos\" \/>\n<!-- \/ Yoast SEO plugin. -->","yoast_head_json":{"title":"Como plantar uma especiaria arom\u00e1tica em casa e garantir crescimento saud\u00e1vel por muitos anos - Estado de Minas - Em foco","description":"Aprenda a plantar cravo-da-\u00edndia em sua casa com t\u00e9cnicas simples de cultivo e solo. Tenha especiarias sempre frescas e muito perfumadas.","robots":{"index":"index","follow":"follow","max-snippet":"max-snippet:-1","max-image-preview":"max-image-preview:large","max-video-preview":"max-video-preview:-1"},"canonical":"https:\/\/www.em.com.br\/emfoco\/2026\/04\/29\/como-plantar-uma-especiaria-aromatica-em-casa-e-garantir-crescimento-saudavel-por-muitos-anos\/","og_locale":"pt_BR","og_type":"article","og_title":"Como plantar uma especiaria arom\u00e1tica em casa e garantir crescimento saud\u00e1vel por muitos anos - Estado de Minas - Em foco","og_description":"Aprenda a plantar cravo-da-\u00edndia em sua casa com t\u00e9cnicas simples de cultivo e solo. Tenha especiarias sempre frescas e muito perfumadas.","og_url":"https:\/\/www.em.com.br\/emfoco\/2026\/04\/29\/como-plantar-uma-especiaria-aromatica-em-casa-e-garantir-crescimento-saudavel-por-muitos-anos\/","og_site_name":"Estado de Minas - Em foco","article_published_time":"2026-04-29T16:25:00+00:00","article_modified_time":"2026-04-28T19:41:07+00:00","og_image":[{"width":1280,"height":720,"url":"https:\/\/www.em.com.br\/emfoco\/wp-content\/uploads\/2026\/04\/EmFoco_30-8.jpg","type":"image\/jpeg"}],"author":"Daniely Cardoso","twitter_card":"summary_large_image","twitter_misc":{"Escrito por":"Daniely Cardoso","Est. tempo de leitura":"5 minutos"},"schema":{"@context":"https:\/\/schema.org","@graph":[{"@type":"WebPage","@id":"https:\/\/www.em.com.br\/emfoco\/2026\/04\/29\/como-plantar-uma-especiaria-aromatica-em-casa-e-garantir-crescimento-saudavel-por-muitos-anos\/","url":"https:\/\/www.em.com.br\/emfoco\/2026\/04\/29\/como-plantar-uma-especiaria-aromatica-em-casa-e-garantir-crescimento-saudavel-por-muitos-anos\/","name":"Como plantar uma especiaria arom\u00e1tica em casa e garantir crescimento saud\u00e1vel por muitos anos - Estado de Minas - Em foco","isPartOf":{"@id":"https:\/\/www.em.com.br\/emfoco\/#website"},"primaryImageOfPage":{"@id":"https:\/\/www.em.com.br\/emfoco\/2026\/04\/29\/como-plantar-uma-especiaria-aromatica-em-casa-e-garantir-crescimento-saudavel-por-muitos-anos\/#primaryimage"},"image":{"@id":"https:\/\/www.em.com.br\/emfoco\/2026\/04\/29\/como-plantar-uma-especiaria-aromatica-em-casa-e-garantir-crescimento-saudavel-por-muitos-anos\/#primaryimage"},"thumbnailUrl":"https:\/\/www.em.com.br\/emfoco\/wp-content\/uploads\/2026\/04\/EmFoco_30-8.jpg","datePublished":"2026-04-29T16:25:00+00:00","dateModified":"2026-04-28T19:41:07+00:00","author":{"@id":"https:\/\/www.em.com.br\/emfoco\/#\/schema\/person\/0a8186d72f2c3a5c6276d90b41f271a0"},"description":"Aprenda a plantar cravo-da-\u00edndia em sua casa com t\u00e9cnicas simples de cultivo e solo. Tenha especiarias sempre frescas e muito perfumadas.","breadcrumb":{"@id":"https:\/\/www.em.com.br\/emfoco\/2026\/04\/29\/como-plantar-uma-especiaria-aromatica-em-casa-e-garantir-crescimento-saudavel-por-muitos-anos\/#breadcrumb"},"inLanguage":"pt-BR","potentialAction":[{"@type":"ReadAction","target":["https:\/\/www.em.com.br\/emfoco\/2026\/04\/29\/como-plantar-uma-especiaria-aromatica-em-casa-e-garantir-crescimento-saudavel-por-muitos-anos\/"]}]},{"@type":"ImageObject","inLanguage":"pt-BR","@id":"https:\/\/www.em.com.br\/emfoco\/2026\/04\/29\/como-plantar-uma-especiaria-aromatica-em-casa-e-garantir-crescimento-saudavel-por-muitos-anos\/#primaryimage","url":"https:\/\/www.em.com.br\/emfoco\/wp-content\/uploads\/2026\/04\/EmFoco_30-8.jpg","contentUrl":"https:\/\/www.em.com.br\/emfoco\/wp-content\/uploads\/2026\/04\/EmFoco_30-8.jpg","width":1280,"height":720,"caption":"Cultivo de \u00e1rvore arom\u00e1tica tropical que exige solo org\u00e2nico e umidade constante"},{"@type":"BreadcrumbList","@id":"https:\/\/www.em.com.br\/emfoco\/2026\/04\/29\/como-plantar-uma-especiaria-aromatica-em-casa-e-garantir-crescimento-saudavel-por-muitos-anos\/#breadcrumb","itemListElement":[{"@type":"ListItem","position":1,"name":"In\u00edcio","item":"https:\/\/www.em.com.br\/emfoco\/"},{"@type":"ListItem","position":2,"name":"Como plantar uma especiaria arom\u00e1tica em casa e garantir crescimento saud\u00e1vel por muitos anos"}]},{"@type":"WebSite","@id":"https:\/\/www.em.com.br\/emfoco\/#website","url":"https:\/\/www.em.com.br\/emfoco\/","name":"Estado de Minas - Em foco","description":"Acompanhe as \u00faltimas not\u00edcias e fique bem informado sobre tudo o que acontece em Minas Gerais, Brasil e no mundo.","potentialAction":[{"@type":"SearchAction","target":{"@type":"EntryPoint","urlTemplate":"https:\/\/www.em.com.br\/emfoco\/?s={search_term_string}"},"query-input":{"@type":"PropertyValueSpecification","valueRequired":true,"valueName":"search_term_string"}}],"inLanguage":"pt-BR"},{"@type":"Person","@id":"https:\/\/www.em.com.br\/emfoco\/#\/schema\/person\/0a8186d72f2c3a5c6276d90b41f271a0","name":"Daniely Cardoso","image":{"@type":"ImageObject","inLanguage":"pt-BR","@id":"https:\/\/www.em.com.br\/emfoco\/#\/schema\/person\/image\/","url":"https:\/\/secure.gravatar.com\/avatar\/4b80ddbd124d1f071b626d52d62e5dff?s=96&d=mm&r=g","contentUrl":"https:\/\/secure.gravatar.com\/avatar\/4b80ddbd124d1f071b626d52d62e5dff?s=96&d=mm&r=g","caption":"Daniely Cardoso"},"url":"https:\/\/www.em.com.br\/emfoco\/author\/danielymyth\/"}]}},"_links":{"self":[{"href":"https:\/\/www.em.com.br\/emfoco\/wp-json\/wp\/v2\/posts\/200747","targetHints":{"allow":["GET"]}}],"collection":[{"href":"https:\/\/www.em.com.br\/emfoco\/wp-json\/wp\/v2\/posts"}],"about":[{"href":"https:\/\/www.em.com.br\/emfoco\/wp-json\/wp\/v2\/types\/post"}],"author":[{"embeddable":true,"href":"https:\/\/www.em.com.br\/emfoco\/wp-json\/wp\/v2\/users\/9"}],"replies":[{"embeddable":true,"href":"https:\/\/www.em.com.br\/emfoco\/wp-json\/wp\/v2\/comments?post=200747"}],"version-history":[{"count":2,"href":"https:\/\/www.em.com.br\/emfoco\/wp-json\/wp\/v2\/posts\/200747\/revisions"}],"predecessor-version":[{"id":200982,"href":"https:\/\/www.em.com.br\/emfoco\/wp-json\/wp\/v2\/posts\/200747\/revisions\/200982"}],"wp:featuredmedia":[{"embeddable":true,"href":"https:\/\/www.em.com.br\/emfoco\/wp-json\/wp\/v2\/media\/200906"}],"wp:attachment":[{"href":"https:\/\/www.em.com.br\/emfoco\/wp-json\/wp\/v2\/media?parent=200747"}],"wp:term":[{"taxonomy":"category","embeddable":true,"href":"https:\/\/www.em.com.br\/emfoco\/wp-json\/wp\/v2\/categories?post=200747"},{"taxonomy":"post_tag","embeddable":true,"href":"https:\/\/www.em.com.br\/emfoco\/wp-json\/wp\/v2\/tags?post=200747"}],"curies":[{"name":"wp","href":"https:\/\/api.w.org\/{rel}","templated":true}]}}