{"id":200742,"date":"2026-04-29T13:15:00","date_gmt":"2026-04-29T16:15:00","guid":{"rendered":"https:\/\/www.em.com.br\/emfoco\/?p=200742"},"modified":"2026-04-28T16:39:58","modified_gmt":"2026-04-28T19:39:58","slug":"como-um-produto-queridinho-da-skincare-pode-estar-tirando-a-hidratacao-da-sua-pele","status":"publish","type":"post","link":"https:\/\/www.em.com.br\/emfoco\/2026\/04\/29\/como-um-produto-queridinho-da-skincare-pode-estar-tirando-a-hidratacao-da-sua-pele\/","title":{"rendered":"Como um produto queridinho da skincare pode estar tirando a hidrata\u00e7\u00e3o da sua pele"},"content":{"rendered":"\n<p>Apliquei o <strong>\u00e1cido hialur\u00f4nico<\/strong> logo cedo e senti minha pele repuxar estranhamente ap\u00f3s alguns minutos de frente para o espelho. Ser\u00e1 que um dos ativos mais famosos da dermatologia pode estar secretamente roubando a umidade do seu rosto?<\/p>\n\n\n\n<h2 class=\"wp-block-heading\">Como o \u00e1cido hialur\u00f4nico age na hidrata\u00e7\u00e3o<\/h2>\n\n\n\n<p>Essa mol\u00e9cula poderosa consegue atrair e reter centenas de vezes o seu pr\u00f3prio peso em \u00e1gua pura dentro das c\u00e9lulas. Quando o ambiente externo est\u00e1 muito seco, o produto busca umidade nas camadas mais profundas da sua derme para se equilibrar. Voc\u00ea precisa garantir uma <strong>barreira protetora<\/strong> eficiente para evitar a <strong>perda transepid\u00e9rmica<\/strong> de hidrata\u00e7\u00e3o que envelhece o rosto precocemente.<\/p>\n\n\n\n<p>A aplica\u00e7\u00e3o inadequada interrompe o ciclo natural de renova\u00e7\u00e3o celular e causa desconforto imediato na regi\u00e3o facial mais sens\u00edvel. Muitas pessoas ignoram a necessidade de um ve\u00edculo \u00famido para que o ativo funcione com <strong>total efic\u00e1cia<\/strong> durante o dia todo. O uso estrat\u00e9gico desse composto garante um <strong>vi\u00e7o radiante<\/strong> e uma textura muito mais macia para todos os tipos de pele madura.<\/p>\n\n\n\n<figure class=\"wp-block-image size-large\"><img loading=\"lazy\" decoding=\"async\" width=\"1024\" height=\"576\" src=\"https:\/\/www.em.com.br\/emfoco\/wp-content\/uploads\/2026\/04\/acido-hialuronico_1777345701965-1024x576.jpg\" alt=\"\u00e1cido hialur\u00f4nico\" class=\"wp-image-200743\" srcset=\"https:\/\/www.em.com.br\/emfoco\/wp-content\/uploads\/2026\/04\/acido-hialuronico_1777345701965-1024x576.jpg 1024w, https:\/\/www.em.com.br\/emfoco\/wp-content\/uploads\/2026\/04\/acido-hialuronico_1777345701965-300x169.jpg 300w, https:\/\/www.em.com.br\/emfoco\/wp-content\/uploads\/2026\/04\/acido-hialuronico_1777345701965-768x432.jpg 768w, https:\/\/www.em.com.br\/emfoco\/wp-content\/uploads\/2026\/04\/acido-hialuronico_1777345701965-750x422.jpg 750w, https:\/\/www.em.com.br\/emfoco\/wp-content\/uploads\/2026\/04\/acido-hialuronico_1777345701965-1140x641.jpg 1140w, https:\/\/www.em.com.br\/emfoco\/wp-content\/uploads\/2026\/04\/acido-hialuronico_1777345701965.jpg 1280w\" sizes=\"auto, (max-width: 1024px) 100vw, 1024px\" \/><figcaption class=\"wp-element-caption\">A aplica\u00e7\u00e3o inadequada interrompe o ciclo natural de renova\u00e7\u00e3o celular e causa desconforto imediato na regi\u00e3o facial mais sens\u00edvel. &#8211; Cr\u00e9ditos: depositphotos.com \/ IgorVetushko<\/figcaption><\/figure>\n\n\n\n<p>Leia tamb\u00e9m: <a href=\"https:\/\/www.em.com.br\/emfoco\/2026\/04\/26\/estes-5-minutos-de-autocuidado-no-banho-podem-transformar-a-autoestima-da-mulher-40-no-dia-a-dia\/\" target=\"_blank\" rel=\"noreferrer noopener\">Estes 5 minutos de autocuidado no banho podem transformar a autoestima da mulher 40+ no dia a dia<\/a><\/p>\n\n\n\n<h2 class=\"wp-block-heading\">Qual o segredo para usar \u00e1cido hialur\u00f4nico sem erro<\/h2>\n\n\n\n<p>O rosto deve estar levemente umedecido com \u00e1gua termal ou filtrada antes de espalhar as gotas do s\u00e9rum concentrado. Essa t\u00e9cnica simples oferece a \u00e1gua necess\u00e1ria para que a subst\u00e2ncia se ligue e preencha as linhas finas com rapidez. Garanta uma <strong>absor\u00e7\u00e3o profunda<\/strong> e evite que o produto puxe a hidrata\u00e7\u00e3o natural da sua <strong>pr\u00f3pria pele<\/strong> para a superf\u00edcie seca.<\/p>\n\n\n\n<p>Logo ap\u00f3s a aplica\u00e7\u00e3o do s\u00e9rum, \u00e9 fundamental selar tudo com um creme hidratante oclusivo de boa qualidade t\u00e9cnica. Esse passo impede que a umidade evapore rapidamente para o ar seco do escrit\u00f3rio ou do quarto climatizado. Observe os benef\u00edcios diretos de seguir essa <strong>rotina disciplinada<\/strong> e os <strong>resultados positivos<\/strong> listados a seguir:<\/p>\n\n\n\n<ul class=\"wp-block-list\">\n<li>Manuten\u00e7\u00e3o da <strong>elasticidade natural<\/strong> por muito mais tempo durante o dia exaustivo.<\/li>\n\n\n\n<li>Redu\u00e7\u00e3o vis\u00edvel das <strong>linhas de express\u00e3o<\/strong> finas ao redor dos olhos e l\u00e1bios.<\/li>\n\n\n\n<li>Preenchimento suave que devolve o <strong>volume facial<\/strong> perdido com o passar dos anos.<\/li>\n<\/ul>\n\n\n\n<figure class=\"wp-block-embed is-type-rich is-provider-pinterest wp-block-embed-pinterest\"><div class=\"wp-block-embed__wrapper\">\n<iframe loading=\"lazy\" title=\"Como ter uma PELE PERFEITA com o uso de cada tipo de \u00c1cido para o ROSTO!\" src=\"https:\/\/assets.pinterest.com\/ext\/embed.html?id=998954761085720650&#038;src=oembed\" height=\"899\" width=\"450\" frameborder=\"0\" scrolling=\"no\" ><\/iframe>\n<\/div><\/figure>\n\n\n\n<h2 class=\"wp-block-heading\">Entenda o perigo do efeito rebote com \u00e1cido hialur\u00f4nico<\/h2>\n\n\n\n<p>O efeito rebote acontece quando o ativo retira a \u00e1gua do interior das c\u00e9lulas para a superf\u00edcie externa totalmente desprotegida. Esse processo inverte a l\u00f3gica da hidrata\u00e7\u00e3o e deixa o rosto com um aspecto craquelado e bastante sem vida. Voc\u00ea deve manter a <strong>ingest\u00e3o de l\u00edquidos<\/strong> alta e usar <strong>finalizadores adequados<\/strong> para proteger a derme contra agress\u00f5es externas.<\/p>\n\n\n\n<p>Ambientes com ar-condicionado forte aceleram a desidrata\u00e7\u00e3o e exigem um cuidado redobrado com a finaliza\u00e7\u00e3o da sua maquiagem di\u00e1ria. O uso de \u00f3leos faciais leves pode ajudar a criar uma pel\u00edcula isolante sobre o s\u00e9rum j\u00e1 aplicado anteriormente. Promova um <strong>equil\u00edbrio h\u00eddrico<\/strong> constante e proteja a sua <strong>sa\u00fade cut\u00e2nea<\/strong> com intelig\u00eancia e produtos de alta performance.<\/p>\n\n\n\n<p>Para voc\u00ea que gosta de se cuidar, separamos um v\u00eddeo do canal da <a href=\"https:\/\/www.youtube.com\/@DraMarinaHayashida\" target=\"_blank\" rel=\"noreferrer noopener\">Dra. Marina Hayashida<\/a> com dicas de como usar \u00e1cido na skincare:<\/p>\n\n\n\n<figure class=\"wp-block-embed is-type-video is-provider-youtube wp-block-embed-youtube wp-embed-aspect-16-9 wp-has-aspect-ratio\"><div class=\"wp-block-embed__wrapper\">\n<div class=\"jeg_video_container jeg_video_content\"><iframe loading=\"lazy\" title=\"\u00c1CIDO HIALUR\u00d4NICO | Como usar no SKIN CARE\" width=\"500\" height=\"281\" src=\"https:\/\/www.youtube.com\/embed\/k4Mbtg8pYKI?feature=oembed\" frameborder=\"0\" allow=\"accelerometer; autoplay; clipboard-write; encrypted-media; gyroscope; picture-in-picture; web-share\" referrerpolicy=\"strict-origin-when-cross-origin\" allowfullscreen><\/iframe><\/div>\n<\/div><\/figure>\n\n\n\n<h2 class=\"wp-block-heading\">Frequ\u00eancia ideal para aplicar o produto na rotina<\/h2>\n\n\n\n<p>A maioria dos m\u00e9dicos recomenda o uso duas vezes ao dia para manter os n\u00edveis de hidrata\u00e7\u00e3o sempre est\u00e1veis e saud\u00e1veis. Aplique o produto pela manh\u00e3 antes do protetor solar e \u00e0 noite ap\u00f3s a limpeza facial profunda de rotina. Sinta a <strong>textura aveludada<\/strong> retornar e aproveite a <strong>apar\u00eancia rejuvenescida<\/strong> em poucos dias de uso cont\u00ednuo e bem executado.<\/p>\n\n\n\n<p>Peles sens\u00edveis devem come\u00e7ar com concentra\u00e7\u00f5es menores para testar a adapta\u00e7\u00e3o do organismo ao novo componente cosm\u00e9tico potente e eficaz. Monitore qualquer sinal de vermelhid\u00e3o ou ard\u00eancia incomum durante as primeiras aplica\u00e7\u00f5es realizadas em casa com cuidado. Escolha <strong>marcas confi\u00e1veis<\/strong> e mantenha o foco no <strong>cuidado preventivo<\/strong> di\u00e1rio e atencioso para obter o brilho desejado.<\/p>\n\n\n\n<h2 class=\"wp-block-heading\">Sua pele merece uma hidrata\u00e7\u00e3o inteligente<\/h2>\n\n\n\n<p>Transforme seu momento de autocuidado em uma pr\u00e1tica consciente e cheia de bons resultados t\u00e9cnicos. O uso correto deste ativo potente renova sua confian\u00e7a diante do espelho todas as manh\u00e3s. Aplique <strong>camadas leves<\/strong> e garanta <strong>prote\u00e7\u00e3o total<\/strong>.<\/p>\n\n\n\n<p>Aprenda a ouvir as necessidades do seu rosto e ajuste os produtos conforme as varia\u00e7\u00f5es do clima. A const\u00e2ncia nos cuidados b\u00e1sicos reflete uma sa\u00fade radiante em qualquer fase da sua jornada. Busque <strong>vi\u00e7o natural<\/strong> e muita <strong>firmeza facial<\/strong>.<\/p>\n","protected":false},"excerpt":{"rendered":"<p>Apliquei o \u00e1cido hialur\u00f4nico logo cedo e senti minha pele repuxar estranhamente ap\u00f3s alguns minutos de frente para o espelho. Ser\u00e1 que um dos ativos mais famosos da dermatologia pode estar secretamente roubando a umidade do seu rosto? Como o \u00e1cido hialur\u00f4nico age na hidrata\u00e7\u00e3o Essa mol\u00e9cula poderosa consegue atrair e reter centenas de vezes [&hellip;]<\/p>\n","protected":false},"author":9,"featured_media":200903,"comment_status":"open","ping_status":"open","sticky":false,"template":"","format":"standard","meta":{"jnews-multi-image_gallery":[],"jnews_single_post":{"format":"standard"},"jnews_primary_category":[],"jnews_social_meta":[],"jnews_override_counter":[],"footnotes":""},"categories":[8691,29],"tags":[6862,15818,4948],"class_list":["post-200742","post","type-post","status-publish","format-standard","has-post-thumbnail","hentry","category-bem-estar","category-entretenimento","tag-dermatologia","tag-hidratacao-facial","tag-skincare"],"yoast_head":"<!-- This site is optimized with the Yoast SEO plugin v23.8 - https:\/\/yoast.com\/wordpress\/plugins\/seo\/ -->\n<title>Como um produto queridinho da skincare pode estar tirando a hidrata\u00e7\u00e3o da sua pele - Estado de Minas - Em foco<\/title>\n<meta name=\"description\" content=\"Use o \u00e1cido hialur\u00f4nico do jeito certo e evite que sua pele fique ressecada. Entenda como essa mol\u00e9cula garante uma hidrata\u00e7\u00e3o bem profunda.\" \/>\n<meta name=\"robots\" content=\"index, follow, max-snippet:-1, max-image-preview:large, max-video-preview:-1\" \/>\n<link rel=\"canonical\" href=\"https:\/\/www.em.com.br\/emfoco\/2026\/04\/29\/como-um-produto-queridinho-da-skincare-pode-estar-tirando-a-hidratacao-da-sua-pele\/\" \/>\n<meta property=\"og:locale\" content=\"pt_BR\" \/>\n<meta property=\"og:type\" content=\"article\" \/>\n<meta property=\"og:title\" content=\"Como um produto queridinho da skincare pode estar tirando a hidrata\u00e7\u00e3o da sua pele - Estado de Minas - Em foco\" \/>\n<meta property=\"og:description\" content=\"Use o \u00e1cido hialur\u00f4nico do jeito certo e evite que sua pele fique ressecada. Entenda como essa mol\u00e9cula garante uma hidrata\u00e7\u00e3o bem profunda.\" \/>\n<meta property=\"og:url\" content=\"https:\/\/www.em.com.br\/emfoco\/2026\/04\/29\/como-um-produto-queridinho-da-skincare-pode-estar-tirando-a-hidratacao-da-sua-pele\/\" \/>\n<meta property=\"og:site_name\" content=\"Estado de Minas - Em foco\" \/>\n<meta property=\"article:published_time\" content=\"2026-04-29T16:15:00+00:00\" \/>\n<meta property=\"article:modified_time\" content=\"2026-04-28T19:39:58+00:00\" \/>\n<meta property=\"og:image\" content=\"https:\/\/www.em.com.br\/emfoco\/wp-content\/uploads\/2026\/04\/EmFoco_23-8.jpg\" \/>\n\t<meta property=\"og:image:width\" content=\"1280\" \/>\n\t<meta property=\"og:image:height\" content=\"720\" \/>\n\t<meta property=\"og:image:type\" content=\"image\/jpeg\" \/>\n<meta name=\"author\" content=\"Daniely Cardoso\" \/>\n<meta name=\"twitter:card\" content=\"summary_large_image\" \/>\n<meta name=\"twitter:label1\" content=\"Escrito por\" \/>\n\t<meta name=\"twitter:data1\" content=\"Daniely Cardoso\" \/>\n\t<meta name=\"twitter:label2\" content=\"Est. tempo de leitura\" \/>\n\t<meta name=\"twitter:data2\" content=\"5 minutos\" \/>\n<!-- \/ Yoast SEO plugin. -->","yoast_head_json":{"title":"Como um produto queridinho da skincare pode estar tirando a hidrata\u00e7\u00e3o da sua pele - Estado de Minas - Em foco","description":"Use o \u00e1cido hialur\u00f4nico do jeito certo e evite que sua pele fique ressecada. Entenda como essa mol\u00e9cula garante uma hidrata\u00e7\u00e3o bem profunda.","robots":{"index":"index","follow":"follow","max-snippet":"max-snippet:-1","max-image-preview":"max-image-preview:large","max-video-preview":"max-video-preview:-1"},"canonical":"https:\/\/www.em.com.br\/emfoco\/2026\/04\/29\/como-um-produto-queridinho-da-skincare-pode-estar-tirando-a-hidratacao-da-sua-pele\/","og_locale":"pt_BR","og_type":"article","og_title":"Como um produto queridinho da skincare pode estar tirando a hidrata\u00e7\u00e3o da sua pele - Estado de Minas - Em foco","og_description":"Use o \u00e1cido hialur\u00f4nico do jeito certo e evite que sua pele fique ressecada. Entenda como essa mol\u00e9cula garante uma hidrata\u00e7\u00e3o bem profunda.","og_url":"https:\/\/www.em.com.br\/emfoco\/2026\/04\/29\/como-um-produto-queridinho-da-skincare-pode-estar-tirando-a-hidratacao-da-sua-pele\/","og_site_name":"Estado de Minas - Em foco","article_published_time":"2026-04-29T16:15:00+00:00","article_modified_time":"2026-04-28T19:39:58+00:00","og_image":[{"width":1280,"height":720,"url":"https:\/\/www.em.com.br\/emfoco\/wp-content\/uploads\/2026\/04\/EmFoco_23-8.jpg","type":"image\/jpeg"}],"author":"Daniely Cardoso","twitter_card":"summary_large_image","twitter_misc":{"Escrito por":"Daniely Cardoso","Est. tempo de leitura":"5 minutos"},"schema":{"@context":"https:\/\/schema.org","@graph":[{"@type":"WebPage","@id":"https:\/\/www.em.com.br\/emfoco\/2026\/04\/29\/como-um-produto-queridinho-da-skincare-pode-estar-tirando-a-hidratacao-da-sua-pele\/","url":"https:\/\/www.em.com.br\/emfoco\/2026\/04\/29\/como-um-produto-queridinho-da-skincare-pode-estar-tirando-a-hidratacao-da-sua-pele\/","name":"Como um produto queridinho da skincare pode estar tirando a hidrata\u00e7\u00e3o da sua pele - Estado de Minas - Em foco","isPartOf":{"@id":"https:\/\/www.em.com.br\/emfoco\/#website"},"primaryImageOfPage":{"@id":"https:\/\/www.em.com.br\/emfoco\/2026\/04\/29\/como-um-produto-queridinho-da-skincare-pode-estar-tirando-a-hidratacao-da-sua-pele\/#primaryimage"},"image":{"@id":"https:\/\/www.em.com.br\/emfoco\/2026\/04\/29\/como-um-produto-queridinho-da-skincare-pode-estar-tirando-a-hidratacao-da-sua-pele\/#primaryimage"},"thumbnailUrl":"https:\/\/www.em.com.br\/emfoco\/wp-content\/uploads\/2026\/04\/EmFoco_23-8.jpg","datePublished":"2026-04-29T16:15:00+00:00","dateModified":"2026-04-28T19:39:58+00:00","author":{"@id":"https:\/\/www.em.com.br\/emfoco\/#\/schema\/person\/0a8186d72f2c3a5c6276d90b41f271a0"},"description":"Use o \u00e1cido hialur\u00f4nico do jeito certo e evite que sua pele fique ressecada. Entenda como essa mol\u00e9cula garante uma hidrata\u00e7\u00e3o bem profunda.","breadcrumb":{"@id":"https:\/\/www.em.com.br\/emfoco\/2026\/04\/29\/como-um-produto-queridinho-da-skincare-pode-estar-tirando-a-hidratacao-da-sua-pele\/#breadcrumb"},"inLanguage":"pt-BR","potentialAction":[{"@type":"ReadAction","target":["https:\/\/www.em.com.br\/emfoco\/2026\/04\/29\/como-um-produto-queridinho-da-skincare-pode-estar-tirando-a-hidratacao-da-sua-pele\/"]}]},{"@type":"ImageObject","inLanguage":"pt-BR","@id":"https:\/\/www.em.com.br\/emfoco\/2026\/04\/29\/como-um-produto-queridinho-da-skincare-pode-estar-tirando-a-hidratacao-da-sua-pele\/#primaryimage","url":"https:\/\/www.em.com.br\/emfoco\/wp-content\/uploads\/2026\/04\/EmFoco_23-8.jpg","contentUrl":"https:\/\/www.em.com.br\/emfoco\/wp-content\/uploads\/2026\/04\/EmFoco_23-8.jpg","width":1280,"height":720,"caption":"Ativo hidratante que ret\u00e9m \u00e1gua celular mas requer selagem para evitar ressecamento"},{"@type":"BreadcrumbList","@id":"https:\/\/www.em.com.br\/emfoco\/2026\/04\/29\/como-um-produto-queridinho-da-skincare-pode-estar-tirando-a-hidratacao-da-sua-pele\/#breadcrumb","itemListElement":[{"@type":"ListItem","position":1,"name":"In\u00edcio","item":"https:\/\/www.em.com.br\/emfoco\/"},{"@type":"ListItem","position":2,"name":"Como um produto queridinho da skincare pode estar tirando a hidrata\u00e7\u00e3o da sua pele"}]},{"@type":"WebSite","@id":"https:\/\/www.em.com.br\/emfoco\/#website","url":"https:\/\/www.em.com.br\/emfoco\/","name":"Estado de Minas - Em foco","description":"Acompanhe as \u00faltimas not\u00edcias e fique bem informado sobre tudo o que acontece em Minas Gerais, Brasil e no mundo.","potentialAction":[{"@type":"SearchAction","target":{"@type":"EntryPoint","urlTemplate":"https:\/\/www.em.com.br\/emfoco\/?s={search_term_string}"},"query-input":{"@type":"PropertyValueSpecification","valueRequired":true,"valueName":"search_term_string"}}],"inLanguage":"pt-BR"},{"@type":"Person","@id":"https:\/\/www.em.com.br\/emfoco\/#\/schema\/person\/0a8186d72f2c3a5c6276d90b41f271a0","name":"Daniely Cardoso","image":{"@type":"ImageObject","inLanguage":"pt-BR","@id":"https:\/\/www.em.com.br\/emfoco\/#\/schema\/person\/image\/","url":"https:\/\/secure.gravatar.com\/avatar\/4b80ddbd124d1f071b626d52d62e5dff?s=96&d=mm&r=g","contentUrl":"https:\/\/secure.gravatar.com\/avatar\/4b80ddbd124d1f071b626d52d62e5dff?s=96&d=mm&r=g","caption":"Daniely Cardoso"},"url":"https:\/\/www.em.com.br\/emfoco\/author\/danielymyth\/"}]}},"_links":{"self":[{"href":"https:\/\/www.em.com.br\/emfoco\/wp-json\/wp\/v2\/posts\/200742","targetHints":{"allow":["GET"]}}],"collection":[{"href":"https:\/\/www.em.com.br\/emfoco\/wp-json\/wp\/v2\/posts"}],"about":[{"href":"https:\/\/www.em.com.br\/emfoco\/wp-json\/wp\/v2\/types\/post"}],"author":[{"embeddable":true,"href":"https:\/\/www.em.com.br\/emfoco\/wp-json\/wp\/v2\/users\/9"}],"replies":[{"embeddable":true,"href":"https:\/\/www.em.com.br\/emfoco\/wp-json\/wp\/v2\/comments?post=200742"}],"version-history":[{"count":2,"href":"https:\/\/www.em.com.br\/emfoco\/wp-json\/wp\/v2\/posts\/200742\/revisions"}],"predecessor-version":[{"id":200981,"href":"https:\/\/www.em.com.br\/emfoco\/wp-json\/wp\/v2\/posts\/200742\/revisions\/200981"}],"wp:featuredmedia":[{"embeddable":true,"href":"https:\/\/www.em.com.br\/emfoco\/wp-json\/wp\/v2\/media\/200903"}],"wp:attachment":[{"href":"https:\/\/www.em.com.br\/emfoco\/wp-json\/wp\/v2\/media?parent=200742"}],"wp:term":[{"taxonomy":"category","embeddable":true,"href":"https:\/\/www.em.com.br\/emfoco\/wp-json\/wp\/v2\/categories?post=200742"},{"taxonomy":"post_tag","embeddable":true,"href":"https:\/\/www.em.com.br\/emfoco\/wp-json\/wp\/v2\/tags?post=200742"}],"curies":[{"name":"wp","href":"https:\/\/api.w.org\/{rel}","templated":true}]}}