{"id":200734,"date":"2026-04-29T10:45:00","date_gmt":"2026-04-29T13:45:00","guid":{"rendered":"https:\/\/www.em.com.br\/emfoco\/?p=200734"},"modified":"2026-04-28T13:32:54","modified_gmt":"2026-04-28T16:32:54","slug":"esta-infusao-potente-de-nutrientes-protege-suas-unhas-durante-as-atividades-domesticas-comuns","status":"publish","type":"post","link":"https:\/\/www.em.com.br\/emfoco\/2026\/04\/29\/esta-infusao-potente-de-nutrientes-protege-suas-unhas-durante-as-atividades-domesticas-comuns\/","title":{"rendered":"Esta infus\u00e3o potente de nutrientes protege suas unhas durante as atividades dom\u00e9sticas comuns"},"content":{"rendered":"\n<p>Olhei para minhas unhas descamando e resolvi testar a famosa receita de <strong>cravo na base<\/strong> que minha av\u00f3 sempre indicava com convic\u00e7\u00e3o. Voc\u00ea consegue imaginar como um ingrediente comum da culin\u00e1ria pode salvar suas m\u00e3os de anos de fragilidade extrema e quebras constantes?<\/p>\n\n\n\n<h2 class=\"wp-block-heading\">Por que as unhas ficam fracas e quebradi\u00e7as<\/h2>\n\n\n\n<p>O uso constante de produtos de limpeza sem a devida prote\u00e7\u00e3o das m\u00e3os agride profundamente a queratina natural dos dedos todos os dias. Essa exposi\u00e7\u00e3o qu\u00edmica remove a oleosidade necess\u00e1ria para manter a flexibilidade e a resist\u00eancia f\u00edsica das pontas das m\u00e3os. Muitas pessoas sofrem com o <strong>quebramento constante<\/strong> e buscam desesperadamente por uma <strong>solu\u00e7\u00e3o barata<\/strong> e realmente eficiente.<\/p>\n\n\n\n<p>A falta de nutrientes espec\u00edficos na dieta di\u00e1ria tamb\u00e9m reflete diretamente na apar\u00eancia externa e na sa\u00fade das l\u00e2minas ungueais de forma vis\u00edvel. O corpo prioriza \u00f3rg\u00e3os vitais e acaba deixando as extremidades desprotegidas e visivelmente opacas para o olhar atento do espelho. \u00c9 fundamental buscar <strong>fortalecimento real<\/strong> atrav\u00e9s de <strong>ingredientes nutritivos<\/strong> que realmente penetrem na estrutura porosa de maneira profunda.<\/p>\n\n\n<div class=\"wp-block-image\">\n<figure class=\"aligncenter size-large\"><img loading=\"lazy\" decoding=\"async\" width=\"1024\" height=\"576\" src=\"https:\/\/www.em.com.br\/emfoco\/wp-content\/uploads\/2026\/04\/unhas-e-cuticulas-1024x576.jpg\" alt=\"cravo na base\" class=\"wp-image-192019\" srcset=\"https:\/\/www.em.com.br\/emfoco\/wp-content\/uploads\/2026\/04\/unhas-e-cuticulas-1024x576.jpg 1024w, https:\/\/www.em.com.br\/emfoco\/wp-content\/uploads\/2026\/04\/unhas-e-cuticulas-300x169.jpg 300w, https:\/\/www.em.com.br\/emfoco\/wp-content\/uploads\/2026\/04\/unhas-e-cuticulas-768x432.jpg 768w, https:\/\/www.em.com.br\/emfoco\/wp-content\/uploads\/2026\/04\/unhas-e-cuticulas-750x422.jpg 750w, https:\/\/www.em.com.br\/emfoco\/wp-content\/uploads\/2026\/04\/unhas-e-cuticulas-1140x641.jpg 1140w, https:\/\/www.em.com.br\/emfoco\/wp-content\/uploads\/2026\/04\/unhas-e-cuticulas.jpg 1280w\" sizes=\"auto, (max-width: 1024px) 100vw, 1024px\" \/><figcaption class=\"wp-element-caption\">A falta de nutrientes espec\u00edficos na dieta di\u00e1ria tamb\u00e9m reflete diretamente na apar\u00eancia externa e na sa\u00fade das l\u00e2minas<\/figcaption><\/figure><\/div>\n\n\n<p>Leia tamb\u00e9m: <a href=\"https:\/\/www.em.com.br\/emfoco\/2026\/04\/26\/estes-5-minutos-de-autocuidado-no-banho-podem-transformar-a-autoestima-da-mulher-40-no-dia-a-dia\/\" target=\"_blank\" rel=\"noreferrer noopener\">Estes 5 minutos de autocuidado no banho podem transformar a autoestima da mulher 40+ no dia a dia<\/a><\/p>\n\n\n\n<h2 class=\"wp-block-heading\">Benef\u00edcios de colocar cravo na base de unha<\/h2>\n\n\n\n<p>O cravo-da-\u00edndia possui propriedades antiss\u00e9pticas potentes que combatem fungos e bact\u00e9rias escondidos sob as cut\u00edculas sens\u00edveis das m\u00e3os. Adicionar o <strong>cravo na base<\/strong> cria uma barreira protetora que impede a prolifera\u00e7\u00e3o de microrganismos nocivos \u00e0 integridade dos dedos. Voc\u00ea notar\u00e1 uma <strong>prote\u00e7\u00e3o biol\u00f3gica<\/strong> intensa e uma <strong>sa\u00fade renovada<\/strong> logo nas primeiras semanas de uso cont\u00ednuo da mistura.<\/p>\n\n\n\n<p>Al\u00e9m da a\u00e7\u00e3o higienizante, os \u00f3leos essenciais liberados pela especiaria estimulam a circula\u00e7\u00e3o sangu\u00ednea na regi\u00e3o da matriz da unha. Esse fluxo aumentado garante que as c\u00e9lulas recebam mais oxig\u00eanio e consigam produzir uma camada de queratina muito mais densa. A lista abaixo detalha como os componentes agem para entregar <strong>unhas inquebr\u00e1veis<\/strong> e uma <strong>est\u00e9tica impec\u00e1vel<\/strong> no dia a dia:<\/p>\n\n\n\n<ul class=\"wp-block-list\">\n<li>Eugenol para garantir uma <strong>a\u00e7\u00e3o bactericida<\/strong> eficiente contra invasores microsc\u00f3picos.<\/li>\n\n\n\n<li>Vitaminas que auxiliam na <strong>regenera\u00e7\u00e3o celular<\/strong> acelerada das l\u00e2minas danificadas pelo tempo.<\/li>\n\n\n\n<li>Minerais que endurecem a estrutura sem causar o <strong>ressecamento excessivo<\/strong> da pele ao redor.<\/li>\n<\/ul>\n\n\n\n<figure class=\"wp-block-embed is-type-rich is-provider-pinterest wp-block-embed-pinterest\"><div class=\"wp-block-embed__wrapper\">\n<iframe loading=\"lazy\" title=\"suas UNHAS v\u00e3o CRESCER MUITO \ud83e\udd2b\ud83d\udc85\ud83c\udffe j\u00e1 manda pra uma amiga e n\u00e3o esquece de salvar!   essas s\u00e3o as minhas dicas de tchutchuca para manter as unhas grandes e saud\u00e1veis sem alongamento, se tiver alguma dica, deixa aqui nos coment\u00e1rios \u2b07\ufe0f  #dicasdebeleza #dicadebeleza #unhas #nails #unhasnaturais\" src=\"https:\/\/assets.pinterest.com\/ext\/embed.html?id=17240411069987205&#038;src=oembed\" height=\"899\" width=\"450\" frameborder=\"0\" scrolling=\"no\" ><\/iframe>\n<\/div><\/figure>\n\n\n\n<h2 class=\"wp-block-heading\">Como preparar a mistura de cravo na base corretamente<\/h2>\n\n\n\n<p>A prepara\u00e7\u00e3o exige que voc\u00ea selecione de tr\u00eas a cinco bot\u00f5es secos para cada vidrinho de esmalte incolor comum dispon\u00edvel em casa. Insira o <strong>cravo na base<\/strong> com cuidado e deixe a mistura descansar por pelo menos quarenta e oito horas seguidas. Esse tempo de espera garante a <strong>libera\u00e7\u00e3o total<\/strong> dos ativos naturais e uma <strong>infus\u00e3o potente<\/strong> de nutrientes protetores.<\/p>\n\n\n\n<p>Muitas mulheres optam por adicionar um dente de alho picado para potencializar ainda mais o efeito endurecedor da receita caseira tradicional. O cheiro forte desaparece logo ap\u00f3s a secagem completa do produto sobre a superf\u00edcie lisa e limpa das pontas dos dedos. Utilize <strong>materiais limpos<\/strong> e mantenha o <strong>frasco fechado<\/strong> para preservar todas as qualidades terap\u00eauticas da solu\u00e7\u00e3o fortalecedora.<\/p>\n\n\n\n<p>Para voc\u00ea que gosta de se cuidar, separamos um v\u00eddeo do canal <a href=\"https:\/\/www.youtube.com\/@GarotaRadiante\" target=\"_blank\" rel=\"noreferrer noopener\">Garota Radiante<\/a> com dicas para cuidar das suas unhas:<\/p>\n\n\n\n<figure class=\"wp-block-embed is-type-video is-provider-youtube wp-block-embed-youtube wp-embed-aspect-16-9 wp-has-aspect-ratio\"><div class=\"wp-block-embed__wrapper\">\n<div class=\"jeg_video_container jeg_video_content\"><iframe loading=\"lazy\" title=\"Como ter unhas LONGAS e FORTES sem gastar. Cuidados, dicas ,unhas grandes\" width=\"500\" height=\"281\" src=\"https:\/\/www.youtube.com\/embed\/3rtHLfNkxYg?feature=oembed\" frameborder=\"0\" allow=\"accelerometer; autoplay; clipboard-write; encrypted-media; gyroscope; picture-in-picture; web-share\" referrerpolicy=\"strict-origin-when-cross-origin\" allowfullscreen><\/iframe><\/div>\n<\/div><\/figure>\n\n\n\n<h2 class=\"wp-block-heading\">Dicas para aplicar cravo na base com sucesso<\/h2>\n\n\n\n<p>Remova qualquer res\u00edduo de esmalte antigo antes de passar a primeira camada da sua nova f\u00f3rmula endurecedora personalizada e nutritiva. Aplique o <strong>cravo na base<\/strong> duas vezes por semana para garantir que os nutrientes estejam sempre presentes e ativos na superf\u00edcie. Esse h\u00e1bito simples promove um <strong>crescimento acelerado<\/strong> e evita que as pontas lasquem durante as <strong>atividades dom\u00e9sticas<\/strong> comuns.<\/p>\n\n\n\n<p>Lembre-se de hidratar as cut\u00edculas diariamente com \u00f3leos vegetais ou cremes espec\u00edficos para evitar o surgimento de peles soltas doloridas. A combina\u00e7\u00e3o da prote\u00e7\u00e3o qu\u00edmica com a hidrata\u00e7\u00e3o manual cria o cen\u00e1rio perfeito para m\u00e3os sempre bonitas e bem cuidadas. Mantenha a <strong>const\u00e2ncia semanal<\/strong> e observe o <strong>brilho natural<\/strong> retornando com for\u00e7a total em pouco tempo de tratamento.<\/p>\n\n\n\n<h2 class=\"wp-block-heading\">Suas m\u00e3os merecem um cuidado especial constante<\/h2>\n\n\n\n<p>Pequenos h\u00e1bitos caseiros transformam a sua autoestima de forma r\u00e1pida e muito econ\u00f4mica para o bolso. Valorize o poder dos ingredientes naturais para conquistar o visual que voc\u00ea sempre desejou ter. Invista em <strong>autocuidado di\u00e1rio<\/strong> e colha <strong>resultados duradouros<\/strong>.<\/p>\n\n\n\n<p>O segredo das m\u00e3os impec\u00e1veis est\u00e1 na paci\u00eancia e no uso de produtos que respeitem a sua biologia \u00fanica. Deixe as receitas qu\u00edmicas pesadas de lado e teste o que a natureza oferece de melhor agora. Garanta <strong>for\u00e7a m\u00e1xima<\/strong> e muita <strong>confian\u00e7a pessoal<\/strong> todos os dias.<\/p>\n","protected":false},"excerpt":{"rendered":"<p>Olhei para minhas unhas descamando e resolvi testar a famosa receita de cravo na base que minha av\u00f3 sempre indicava com convic\u00e7\u00e3o. Voc\u00ea consegue imaginar como um ingrediente comum da culin\u00e1ria pode salvar suas m\u00e3os de anos de fragilidade extrema e quebras constantes? Por que as unhas ficam fracas e quebradi\u00e7as O uso constante de [&hellip;]<\/p>\n","protected":false},"author":9,"featured_media":200898,"comment_status":"open","ping_status":"open","sticky":false,"template":"","format":"standard","meta":{"jnews-multi-image_gallery":[],"jnews_single_post":{"format":"standard"},"jnews_primary_category":[],"jnews_social_meta":[],"jnews_override_counter":[],"footnotes":""},"categories":[8691,29],"tags":[6064,20409,18509],"class_list":["post-200734","post","type-post","status-publish","format-standard","has-post-thumbnail","hentry","category-bem-estar","category-entretenimento","tag-beleza-natural","tag-cuidados-com-as-maos","tag-unhas-fortes"],"yoast_head":"<!-- This site is optimized with the Yoast SEO plugin v23.8 - https:\/\/yoast.com\/wordpress\/plugins\/seo\/ -->\n<title>Esta infus\u00e3o potente de nutrientes protege suas unhas durante as atividades dom\u00e9sticas comuns - Estado de Minas - Em foco<\/title>\n<meta name=\"description\" content=\"O uso de cravo na base fortalece as unhas e evita a quebra de forma natural. Entenda como essa mistura caseira protege suas m\u00e3os.\" \/>\n<meta name=\"robots\" content=\"index, follow, max-snippet:-1, max-image-preview:large, max-video-preview:-1\" \/>\n<link rel=\"canonical\" href=\"https:\/\/www.em.com.br\/emfoco\/2026\/04\/29\/esta-infusao-potente-de-nutrientes-protege-suas-unhas-durante-as-atividades-domesticas-comuns\/\" \/>\n<meta property=\"og:locale\" content=\"pt_BR\" \/>\n<meta property=\"og:type\" content=\"article\" \/>\n<meta property=\"og:title\" content=\"Esta infus\u00e3o potente de nutrientes protege suas unhas durante as atividades dom\u00e9sticas comuns - Estado de Minas - Em foco\" \/>\n<meta property=\"og:description\" content=\"O uso de cravo na base fortalece as unhas e evita a quebra de forma natural. Entenda como essa mistura caseira protege suas m\u00e3os.\" \/>\n<meta property=\"og:url\" content=\"https:\/\/www.em.com.br\/emfoco\/2026\/04\/29\/esta-infusao-potente-de-nutrientes-protege-suas-unhas-durante-as-atividades-domesticas-comuns\/\" \/>\n<meta property=\"og:site_name\" content=\"Estado de Minas - Em foco\" \/>\n<meta property=\"article:published_time\" content=\"2026-04-29T13:45:00+00:00\" \/>\n<meta property=\"article:modified_time\" content=\"2026-04-28T16:32:54+00:00\" \/>\n<meta property=\"og:image\" content=\"https:\/\/www.em.com.br\/emfoco\/wp-content\/uploads\/2026\/04\/EmFoco_28-8.jpg\" \/>\n\t<meta property=\"og:image:width\" content=\"1280\" \/>\n\t<meta property=\"og:image:height\" content=\"720\" \/>\n\t<meta property=\"og:image:type\" content=\"image\/jpeg\" \/>\n<meta name=\"author\" content=\"Daniely Cardoso\" \/>\n<meta name=\"twitter:card\" content=\"summary_large_image\" \/>\n<meta name=\"twitter:label1\" content=\"Escrito por\" \/>\n\t<meta name=\"twitter:data1\" content=\"Daniely Cardoso\" \/>\n\t<meta name=\"twitter:label2\" content=\"Est. tempo de leitura\" \/>\n\t<meta name=\"twitter:data2\" content=\"5 minutos\" \/>\n<!-- \/ Yoast SEO plugin. -->","yoast_head_json":{"title":"Esta infus\u00e3o potente de nutrientes protege suas unhas durante as atividades dom\u00e9sticas comuns - Estado de Minas - Em foco","description":"O uso de cravo na base fortalece as unhas e evita a quebra de forma natural. Entenda como essa mistura caseira protege suas m\u00e3os.","robots":{"index":"index","follow":"follow","max-snippet":"max-snippet:-1","max-image-preview":"max-image-preview:large","max-video-preview":"max-video-preview:-1"},"canonical":"https:\/\/www.em.com.br\/emfoco\/2026\/04\/29\/esta-infusao-potente-de-nutrientes-protege-suas-unhas-durante-as-atividades-domesticas-comuns\/","og_locale":"pt_BR","og_type":"article","og_title":"Esta infus\u00e3o potente de nutrientes protege suas unhas durante as atividades dom\u00e9sticas comuns - Estado de Minas - Em foco","og_description":"O uso de cravo na base fortalece as unhas e evita a quebra de forma natural. Entenda como essa mistura caseira protege suas m\u00e3os.","og_url":"https:\/\/www.em.com.br\/emfoco\/2026\/04\/29\/esta-infusao-potente-de-nutrientes-protege-suas-unhas-durante-as-atividades-domesticas-comuns\/","og_site_name":"Estado de Minas - Em foco","article_published_time":"2026-04-29T13:45:00+00:00","article_modified_time":"2026-04-28T16:32:54+00:00","og_image":[{"width":1280,"height":720,"url":"https:\/\/www.em.com.br\/emfoco\/wp-content\/uploads\/2026\/04\/EmFoco_28-8.jpg","type":"image\/jpeg"}],"author":"Daniely Cardoso","twitter_card":"summary_large_image","twitter_misc":{"Escrito por":"Daniely Cardoso","Est. tempo de leitura":"5 minutos"},"schema":{"@context":"https:\/\/schema.org","@graph":[{"@type":"WebPage","@id":"https:\/\/www.em.com.br\/emfoco\/2026\/04\/29\/esta-infusao-potente-de-nutrientes-protege-suas-unhas-durante-as-atividades-domesticas-comuns\/","url":"https:\/\/www.em.com.br\/emfoco\/2026\/04\/29\/esta-infusao-potente-de-nutrientes-protege-suas-unhas-durante-as-atividades-domesticas-comuns\/","name":"Esta infus\u00e3o potente de nutrientes protege suas unhas durante as atividades dom\u00e9sticas comuns - Estado de Minas - Em foco","isPartOf":{"@id":"https:\/\/www.em.com.br\/emfoco\/#website"},"primaryImageOfPage":{"@id":"https:\/\/www.em.com.br\/emfoco\/2026\/04\/29\/esta-infusao-potente-de-nutrientes-protege-suas-unhas-durante-as-atividades-domesticas-comuns\/#primaryimage"},"image":{"@id":"https:\/\/www.em.com.br\/emfoco\/2026\/04\/29\/esta-infusao-potente-de-nutrientes-protege-suas-unhas-durante-as-atividades-domesticas-comuns\/#primaryimage"},"thumbnailUrl":"https:\/\/www.em.com.br\/emfoco\/wp-content\/uploads\/2026\/04\/EmFoco_28-8.jpg","datePublished":"2026-04-29T13:45:00+00:00","dateModified":"2026-04-28T16:32:54+00:00","author":{"@id":"https:\/\/www.em.com.br\/emfoco\/#\/schema\/person\/0a8186d72f2c3a5c6276d90b41f271a0"},"description":"O uso de cravo na base fortalece as unhas e evita a quebra de forma natural. Entenda como essa mistura caseira protege suas m\u00e3os.","breadcrumb":{"@id":"https:\/\/www.em.com.br\/emfoco\/2026\/04\/29\/esta-infusao-potente-de-nutrientes-protege-suas-unhas-durante-as-atividades-domesticas-comuns\/#breadcrumb"},"inLanguage":"pt-BR","potentialAction":[{"@type":"ReadAction","target":["https:\/\/www.em.com.br\/emfoco\/2026\/04\/29\/esta-infusao-potente-de-nutrientes-protege-suas-unhas-durante-as-atividades-domesticas-comuns\/"]}]},{"@type":"ImageObject","inLanguage":"pt-BR","@id":"https:\/\/www.em.com.br\/emfoco\/2026\/04\/29\/esta-infusao-potente-de-nutrientes-protege-suas-unhas-durante-as-atividades-domesticas-comuns\/#primaryimage","url":"https:\/\/www.em.com.br\/emfoco\/wp-content\/uploads\/2026\/04\/EmFoco_28-8.jpg","contentUrl":"https:\/\/www.em.com.br\/emfoco\/wp-content\/uploads\/2026\/04\/EmFoco_28-8.jpg","width":1280,"height":720,"caption":"Solu\u00e7\u00e3o caseira fortalecedora que utiliza propriedades antiss\u00e9pticas para recuperar unhas quebradi\u00e7as"},{"@type":"BreadcrumbList","@id":"https:\/\/www.em.com.br\/emfoco\/2026\/04\/29\/esta-infusao-potente-de-nutrientes-protege-suas-unhas-durante-as-atividades-domesticas-comuns\/#breadcrumb","itemListElement":[{"@type":"ListItem","position":1,"name":"In\u00edcio","item":"https:\/\/www.em.com.br\/emfoco\/"},{"@type":"ListItem","position":2,"name":"Esta infus\u00e3o potente de nutrientes protege suas unhas durante as atividades dom\u00e9sticas comuns"}]},{"@type":"WebSite","@id":"https:\/\/www.em.com.br\/emfoco\/#website","url":"https:\/\/www.em.com.br\/emfoco\/","name":"Estado de Minas - Em foco","description":"Acompanhe as \u00faltimas not\u00edcias e fique bem informado sobre tudo o que acontece em Minas Gerais, Brasil e no mundo.","potentialAction":[{"@type":"SearchAction","target":{"@type":"EntryPoint","urlTemplate":"https:\/\/www.em.com.br\/emfoco\/?s={search_term_string}"},"query-input":{"@type":"PropertyValueSpecification","valueRequired":true,"valueName":"search_term_string"}}],"inLanguage":"pt-BR"},{"@type":"Person","@id":"https:\/\/www.em.com.br\/emfoco\/#\/schema\/person\/0a8186d72f2c3a5c6276d90b41f271a0","name":"Daniely Cardoso","image":{"@type":"ImageObject","inLanguage":"pt-BR","@id":"https:\/\/www.em.com.br\/emfoco\/#\/schema\/person\/image\/","url":"https:\/\/secure.gravatar.com\/avatar\/4b80ddbd124d1f071b626d52d62e5dff?s=96&d=mm&r=g","contentUrl":"https:\/\/secure.gravatar.com\/avatar\/4b80ddbd124d1f071b626d52d62e5dff?s=96&d=mm&r=g","caption":"Daniely Cardoso"},"url":"https:\/\/www.em.com.br\/emfoco\/author\/danielymyth\/"}]}},"_links":{"self":[{"href":"https:\/\/www.em.com.br\/emfoco\/wp-json\/wp\/v2\/posts\/200734","targetHints":{"allow":["GET"]}}],"collection":[{"href":"https:\/\/www.em.com.br\/emfoco\/wp-json\/wp\/v2\/posts"}],"about":[{"href":"https:\/\/www.em.com.br\/emfoco\/wp-json\/wp\/v2\/types\/post"}],"author":[{"embeddable":true,"href":"https:\/\/www.em.com.br\/emfoco\/wp-json\/wp\/v2\/users\/9"}],"replies":[{"embeddable":true,"href":"https:\/\/www.em.com.br\/emfoco\/wp-json\/wp\/v2\/comments?post=200734"}],"version-history":[{"count":1,"href":"https:\/\/www.em.com.br\/emfoco\/wp-json\/wp\/v2\/posts\/200734\/revisions"}],"predecessor-version":[{"id":200735,"href":"https:\/\/www.em.com.br\/emfoco\/wp-json\/wp\/v2\/posts\/200734\/revisions\/200735"}],"wp:featuredmedia":[{"embeddable":true,"href":"https:\/\/www.em.com.br\/emfoco\/wp-json\/wp\/v2\/media\/200898"}],"wp:attachment":[{"href":"https:\/\/www.em.com.br\/emfoco\/wp-json\/wp\/v2\/media?parent=200734"}],"wp:term":[{"taxonomy":"category","embeddable":true,"href":"https:\/\/www.em.com.br\/emfoco\/wp-json\/wp\/v2\/categories?post=200734"},{"taxonomy":"post_tag","embeddable":true,"href":"https:\/\/www.em.com.br\/emfoco\/wp-json\/wp\/v2\/tags?post=200734"}],"curies":[{"name":"wp","href":"https:\/\/api.w.org\/{rel}","templated":true}]}}