{"id":200729,"date":"2026-04-29T07:25:00","date_gmt":"2026-04-29T10:25:00","guid":{"rendered":"https:\/\/www.em.com.br\/emfoco\/?p=200729"},"modified":"2026-04-28T13:37:25","modified_gmt":"2026-04-28T16:37:25","slug":"adeus-aos-fios-no-ralo-a-combinacao-de-babosa-e-ricino-que-devolve-a-densidade-ao-couro-cabeludo","status":"publish","type":"post","link":"https:\/\/www.em.com.br\/emfoco\/2026\/04\/29\/adeus-aos-fios-no-ralo-a-combinacao-de-babosa-e-ricino-que-devolve-a-densidade-ao-couro-cabeludo\/","title":{"rendered":"Adeus aos fios no ralo, a combina\u00e7\u00e3o de babosa e r\u00edcino que devolve a densidade ao couro cabeludo"},"content":{"rendered":"\n<p>Misturei <strong>babosa e r\u00edcino<\/strong> no banheiro ap\u00f3s notar que meus fios estavam caindo pelo ralo de forma preocupante todas as manh\u00e3s. Ser\u00e1 que essa combina\u00e7\u00e3o caseira realmente possui a for\u00e7a necess\u00e1ria para devolver a densidade que o seu couro cabeludo tanto precisa?<\/p>\n\n\n\n<h2 class=\"wp-block-heading\">Como a polpa da planta age no couro cabeludo<\/h2>\n\n\n\n<p>A polpa transparente da folha cont\u00e9m enzimas poderosas que removem as c\u00e9lulas mortas e desobstruem os fol\u00edculos pilosos entupidos com res\u00edduos. Esse processo de limpeza profunda permite que os nutrientes cheguem com muito mais facilidade at\u00e9 a base da raiz capilar. Voc\u00ea sentir\u00e1 uma <strong>hidrata\u00e7\u00e3o imediata<\/strong> e um <strong>frescor revigorante<\/strong> logo ap\u00f3s a primeira aplica\u00e7\u00e3o dessa m\u00e1scara natural potente.<\/p>\n\n\n\n<p>Al\u00e9m da limpeza, a planta \u00e9 rica em minerais e vitaminas que devolvem a elasticidade perdida pela exposi\u00e7\u00e3o excessiva ao sol forte. Fios quebradi\u00e7os ganham uma nova estrutura interna s\u00f3lida que impede a queda precoce por danos externos ou tra\u00e7\u00e3o constante. Invista em <strong>ingredientes colhidos na hora<\/strong> para garantir uma <strong>recupera\u00e7\u00e3o capilar<\/strong> vis\u00edvel e duradoura ao longo das semanas.<\/p>\n\n\n<div class=\"wp-block-image\">\n<figure class=\"aligncenter size-large\"><img loading=\"lazy\" decoding=\"async\" width=\"1024\" height=\"576\" src=\"https:\/\/www.em.com.br\/emfoco\/wp-content\/uploads\/2026\/04\/cabelo-ralo_1777344945605-1024x576.jpg\" alt=\"babosa e r\u00edcino\" class=\"wp-image-200730\" srcset=\"https:\/\/www.em.com.br\/emfoco\/wp-content\/uploads\/2026\/04\/cabelo-ralo_1777344945605-1024x576.jpg 1024w, https:\/\/www.em.com.br\/emfoco\/wp-content\/uploads\/2026\/04\/cabelo-ralo_1777344945605-300x169.jpg 300w, https:\/\/www.em.com.br\/emfoco\/wp-content\/uploads\/2026\/04\/cabelo-ralo_1777344945605-768x432.jpg 768w, https:\/\/www.em.com.br\/emfoco\/wp-content\/uploads\/2026\/04\/cabelo-ralo_1777344945605-750x422.jpg 750w, https:\/\/www.em.com.br\/emfoco\/wp-content\/uploads\/2026\/04\/cabelo-ralo_1777344945605-1140x641.jpg 1140w, https:\/\/www.em.com.br\/emfoco\/wp-content\/uploads\/2026\/04\/cabelo-ralo_1777344945605.jpg 1280w\" sizes=\"auto, (max-width: 1024px) 100vw, 1024px\" \/><figcaption class=\"wp-element-caption\">Al\u00e9m da limpeza, a planta \u00e9 rica em minerais e vitaminas que devolvem a elasticidade perdida pela exposi\u00e7\u00e3o excessiva ao sol forte  &#8211; Cr\u00e9ditos: depositphotos.com \/ serezniy<\/figcaption><\/figure><\/div>\n\n\n<p>Leia tamb\u00e9m: <a href=\"https:\/\/www.em.com.br\/emfoco\/2026\/04\/26\/estes-5-minutos-de-autocuidado-no-banho-podem-transformar-a-autoestima-da-mulher-40-no-dia-a-dia\/\" target=\"_blank\" rel=\"noreferrer noopener\">Estes 5 minutos de autocuidado no banho podem transformar a autoestima da mulher 40+ no dia a dia<\/a><\/p>\n\n\n\n<h2 class=\"wp-block-heading\">O papel da babosa e r\u00edcino no fortalecimento<\/h2>\n\n\n\n<p>O \u00f3leo extra\u00eddo da mamona possui propriedades antibacterianas que combatem microrganismos causadores de coceiras e descama\u00e7\u00f5es indesejadas na cabe\u00e7a. Quando unimos a <strong>babosa e r\u00edcino<\/strong>, criamos um ambiente biol\u00f3gico perfeito para que os fios nas\u00e7am com muito mais resist\u00eancia e brilho. Essa combina\u00e7\u00e3o entrega <strong>nutri\u00e7\u00e3o profunda<\/strong> e um <strong>fortalecimento real<\/strong> para quem sofre com o afinamento capilar progressivo.<\/p>\n\n\n\n<p>A massagem circular realizada durante a aplica\u00e7\u00e3o estimula a circula\u00e7\u00e3o sangu\u00ednea perif\u00e9rica de maneira muito eficiente e totalmente natural. Esse fluxo aumentado transporta o oxig\u00eanio necess\u00e1rio para acelerar a renova\u00e7\u00e3o das c\u00e9lulas respons\u00e1veis pelo nascimento de novos fios saud\u00e1veis. A lista a seguir detalha como esse tratamento auxilia no seu <strong>cronograma capilar<\/strong> e quais <strong>benef\u00edcios diretos<\/strong> voc\u00ea poder\u00e1 observar rapidamente:<\/p>\n\n\n\n<ul class=\"wp-block-list\">\n<li><strong>Acelera\u00e7\u00e3o do crescimento<\/strong> atrav\u00e9s da estimula\u00e7\u00e3o direta dos bulbos capilares que estavam em fase de repouso.<\/li>\n\n\n\n<li><strong>Redu\u00e7\u00e3o da quebra<\/strong> excessiva causada pelo ressecamento severo das pontas e pela falta de umidade natural.<\/li>\n\n\n\n<li><strong>Brilho intenso<\/strong> proporcionado pelo selamento das cut\u00edculas dos fios que apresentam alta porosidade ou danos t\u00e9rmicos.<\/li>\n<\/ul>\n\n\n\n<figure class=\"wp-block-embed is-type-rich is-provider-pinterest wp-block-embed-pinterest\"><div class=\"wp-block-embed__wrapper\">\n<iframe loading=\"lazy\" title=\"Dica importante para antes de passar a babosa no rosto!\" src=\"https:\/\/assets.pinterest.com\/ext\/embed.html?id=44824958787473073&#038;src=oembed\" height=\"899\" width=\"450\" frameborder=\"0\" scrolling=\"no\" ><\/iframe>\n<\/div><\/figure>\n\n\n\n<h2 class=\"wp-block-heading\">Modo de usar babosa e r\u00edcino com efic\u00e1cia<\/h2>\n\n\n\n<p>Preparar o creme caseiro exige apenas a polpa de uma folha m\u00e9dia bem misturada com uma colher de sopa do \u00f3leo vegetal. Aplique a solu\u00e7\u00e3o diretamente na raiz seca e espalhe o restante do conte\u00fado por todo o comprimento at\u00e9 as pontas. Utilize uma <strong>touca t\u00e9rmica<\/strong> para potencializar a <strong>penetra\u00e7\u00e3o dos ativos<\/strong> nos poros dilatados pelo calor suave gerado pela prote\u00e7\u00e3o.<\/p>\n\n\n\n<p>O tempo de pausa ideal varia entre trinta e sessenta minutos para que a fibra absorva todos os componentes nutritivos da mistura. Remova o excesso com \u00e1gua morna abundante e utilize um shampoo neutro para eliminar qualquer res\u00edduo gorduroso que possa restar. Garanta um <strong>enx\u00e1gue cuidadoso<\/strong> para manter o <strong>balan\u00e7o natural<\/strong> e evitar que o cabelo fique com um aspecto pesado.<\/p>\n\n\n\n<p>Para voc\u00ea que gosta de se cuidar, separamos um v\u00eddeos do canal da <a href=\"https:\/\/www.youtube.com\/@ElenyInoueNatureFlores\" target=\"_blank\" rel=\"noreferrer noopener\">Eleny Inoue<\/a> com dicas para usar essa mistura:<\/p>\n\n\n\n<figure class=\"wp-block-embed is-type-video is-provider-youtube wp-block-embed-youtube wp-embed-aspect-16-9 wp-has-aspect-ratio\"><div class=\"wp-block-embed__wrapper\">\n<div class=\"jeg_video_container jeg_video_content\"><iframe loading=\"lazy\" title=\"Como Fazer um SHAMPOO DE ALOE VERA com \u00d3LEO de RICINO\" width=\"500\" height=\"281\" src=\"https:\/\/www.youtube.com\/embed\/tcjGLJifkSE?feature=oembed\" frameborder=\"0\" allow=\"accelerometer; autoplay; clipboard-write; encrypted-media; gyroscope; picture-in-picture; web-share\" referrerpolicy=\"strict-origin-when-cross-origin\" allowfullscreen><\/iframe><\/div>\n<\/div><\/figure>\n\n\n\n<h2 class=\"wp-block-heading\">Frequ\u00eancia ideal para babosa e r\u00edcino semanal<\/h2>\n\n\n\n<p>Repetir esse procedimento uma vez por semana \u00e9 suficiente para observar mudan\u00e7as significativas na textura e na for\u00e7a da sua cabeleira. O uso exagerado de \u00f3leos pesados pode acabar obstruindo os poros e causar o efeito contr\u00e1rio ao que foi desejado originalmente. Mantenha a <strong>const\u00e2ncia semanal<\/strong> para obter um <strong>volume saud\u00e1vel<\/strong> e fios muito mais encorpados e protegidos contra agress\u00f5es.<\/p>\n\n\n\n<p>Acompanhe o progresso atrav\u00e9s de fotos mensais para validar a evolu\u00e7\u00e3o real do comprimento e da densidade total dos fios. Paci\u00eancia e persist\u00eancia s\u00e3o as chaves fundamentais para alcan\u00e7ar resultados duradouros sem precisar recorrer a procedimentos qu\u00edmicos invasivos e caros. Escolha sempre <strong>materiais org\u00e2nicos<\/strong> e priorize a <strong>integridade capilar<\/strong> em todas as etapas do seu novo cuidado pessoal.<\/p>\n\n\n\n<h2 class=\"wp-block-heading\">Aposte no poder da natureza hoje<\/h2>\n\n\n\n<p>Cuide do seu visual com dedica\u00e7\u00e3o e aproveite os benef\u00edcios que os ingredientes naturais oferecem generosamente para o seu corpo. Cabelos fortes aumentam a autoconfian\u00e7a e refletem o seu cuidado com a sa\u00fade f\u00edsica e est\u00e9tica. Adote <strong>bons h\u00e1bitos<\/strong> para colher <strong>resultados incr\u00edveis<\/strong>.<\/p>\n\n\n\n<p>Experimente essa t\u00e9cnica agora e sinta a diferen\u00e7a na maciez logo ap\u00f3s a primeira lavagem realizada com os produtos certos. O caminho para um cabelo longo exige foco e ativos de alta qualidade t\u00e9cnica para funcionar bem. Busque <strong>brilho radiante<\/strong> e muita <strong>vitalidade capilar<\/strong>.<\/p>\n","protected":false},"excerpt":{"rendered":"<p>Misturei babosa e r\u00edcino no banheiro ap\u00f3s notar que meus fios estavam caindo pelo ralo de forma preocupante todas as manh\u00e3s. Ser\u00e1 que essa combina\u00e7\u00e3o caseira realmente possui a for\u00e7a necess\u00e1ria para devolver a densidade que o seu couro cabeludo tanto precisa? Como a polpa da planta age no couro cabeludo A polpa transparente da [&hellip;]<\/p>\n","protected":false},"author":9,"featured_media":200909,"comment_status":"open","ping_status":"open","sticky":false,"template":"","format":"standard","meta":{"jnews-multi-image_gallery":[],"jnews_single_post":{"format":"standard"},"jnews_primary_category":[],"jnews_social_meta":[],"jnews_override_counter":[],"footnotes":""},"categories":[8691,29],"tags":[5377,13332,5044],"class_list":["post-200729","post","type-post","status-publish","format-standard","has-post-thumbnail","hentry","category-bem-estar","category-entretenimento","tag-crescimento-capilar","tag-hidratacao-natural","tag-queda-de-cabelo"],"yoast_head":"<!-- This site is optimized with the Yoast SEO plugin v23.8 - https:\/\/yoast.com\/wordpress\/plugins\/seo\/ -->\n<title>Adeus aos fios no ralo, a combina\u00e7\u00e3o de babosa e r\u00edcino que devolve a densidade ao couro cabeludo - Estado de Minas - Em foco<\/title>\n<meta name=\"description\" content=\"A mistura de babosa e r\u00edcino acelera o crescimento capilar e fortalece os fios desde a raiz. Veja como usar essa receita para ter brilho.\" \/>\n<meta name=\"robots\" content=\"index, follow, max-snippet:-1, max-image-preview:large, max-video-preview:-1\" \/>\n<link rel=\"canonical\" href=\"https:\/\/www.em.com.br\/emfoco\/2026\/04\/29\/adeus-aos-fios-no-ralo-a-combinacao-de-babosa-e-ricino-que-devolve-a-densidade-ao-couro-cabeludo\/\" \/>\n<meta property=\"og:locale\" content=\"pt_BR\" \/>\n<meta property=\"og:type\" content=\"article\" \/>\n<meta property=\"og:title\" content=\"Adeus aos fios no ralo, a combina\u00e7\u00e3o de babosa e r\u00edcino que devolve a densidade ao couro cabeludo - Estado de Minas - Em foco\" \/>\n<meta property=\"og:description\" content=\"A mistura de babosa e r\u00edcino acelera o crescimento capilar e fortalece os fios desde a raiz. Veja como usar essa receita para ter brilho.\" \/>\n<meta property=\"og:url\" content=\"https:\/\/www.em.com.br\/emfoco\/2026\/04\/29\/adeus-aos-fios-no-ralo-a-combinacao-de-babosa-e-ricino-que-devolve-a-densidade-ao-couro-cabeludo\/\" \/>\n<meta property=\"og:site_name\" content=\"Estado de Minas - Em foco\" \/>\n<meta property=\"article:published_time\" content=\"2026-04-29T10:25:00+00:00\" \/>\n<meta property=\"article:modified_time\" content=\"2026-04-28T16:37:25+00:00\" \/>\n<meta property=\"og:image\" content=\"https:\/\/www.em.com.br\/emfoco\/wp-content\/uploads\/2026\/04\/EmFoco_33-7.jpg\" \/>\n\t<meta property=\"og:image:width\" content=\"1280\" \/>\n\t<meta property=\"og:image:height\" content=\"720\" \/>\n\t<meta property=\"og:image:type\" content=\"image\/jpeg\" \/>\n<meta name=\"author\" content=\"Daniely Cardoso\" \/>\n<meta name=\"twitter:card\" content=\"summary_large_image\" \/>\n<meta name=\"twitter:label1\" content=\"Escrito por\" \/>\n\t<meta name=\"twitter:data1\" content=\"Daniely Cardoso\" \/>\n\t<meta name=\"twitter:label2\" content=\"Est. tempo de leitura\" \/>\n\t<meta name=\"twitter:data2\" content=\"5 minutos\" \/>\n<!-- \/ Yoast SEO plugin. -->","yoast_head_json":{"title":"Adeus aos fios no ralo, a combina\u00e7\u00e3o de babosa e r\u00edcino que devolve a densidade ao couro cabeludo - Estado de Minas - Em foco","description":"A mistura de babosa e r\u00edcino acelera o crescimento capilar e fortalece os fios desde a raiz. Veja como usar essa receita para ter brilho.","robots":{"index":"index","follow":"follow","max-snippet":"max-snippet:-1","max-image-preview":"max-image-preview:large","max-video-preview":"max-video-preview:-1"},"canonical":"https:\/\/www.em.com.br\/emfoco\/2026\/04\/29\/adeus-aos-fios-no-ralo-a-combinacao-de-babosa-e-ricino-que-devolve-a-densidade-ao-couro-cabeludo\/","og_locale":"pt_BR","og_type":"article","og_title":"Adeus aos fios no ralo, a combina\u00e7\u00e3o de babosa e r\u00edcino que devolve a densidade ao couro cabeludo - Estado de Minas - Em foco","og_description":"A mistura de babosa e r\u00edcino acelera o crescimento capilar e fortalece os fios desde a raiz. Veja como usar essa receita para ter brilho.","og_url":"https:\/\/www.em.com.br\/emfoco\/2026\/04\/29\/adeus-aos-fios-no-ralo-a-combinacao-de-babosa-e-ricino-que-devolve-a-densidade-ao-couro-cabeludo\/","og_site_name":"Estado de Minas - Em foco","article_published_time":"2026-04-29T10:25:00+00:00","article_modified_time":"2026-04-28T16:37:25+00:00","og_image":[{"width":1280,"height":720,"url":"https:\/\/www.em.com.br\/emfoco\/wp-content\/uploads\/2026\/04\/EmFoco_33-7.jpg","type":"image\/jpeg"}],"author":"Daniely Cardoso","twitter_card":"summary_large_image","twitter_misc":{"Escrito por":"Daniely Cardoso","Est. tempo de leitura":"5 minutos"},"schema":{"@context":"https:\/\/schema.org","@graph":[{"@type":"WebPage","@id":"https:\/\/www.em.com.br\/emfoco\/2026\/04\/29\/adeus-aos-fios-no-ralo-a-combinacao-de-babosa-e-ricino-que-devolve-a-densidade-ao-couro-cabeludo\/","url":"https:\/\/www.em.com.br\/emfoco\/2026\/04\/29\/adeus-aos-fios-no-ralo-a-combinacao-de-babosa-e-ricino-que-devolve-a-densidade-ao-couro-cabeludo\/","name":"Adeus aos fios no ralo, a combina\u00e7\u00e3o de babosa e r\u00edcino que devolve a densidade ao couro cabeludo - Estado de Minas - Em foco","isPartOf":{"@id":"https:\/\/www.em.com.br\/emfoco\/#website"},"primaryImageOfPage":{"@id":"https:\/\/www.em.com.br\/emfoco\/2026\/04\/29\/adeus-aos-fios-no-ralo-a-combinacao-de-babosa-e-ricino-que-devolve-a-densidade-ao-couro-cabeludo\/#primaryimage"},"image":{"@id":"https:\/\/www.em.com.br\/emfoco\/2026\/04\/29\/adeus-aos-fios-no-ralo-a-combinacao-de-babosa-e-ricino-que-devolve-a-densidade-ao-couro-cabeludo\/#primaryimage"},"thumbnailUrl":"https:\/\/www.em.com.br\/emfoco\/wp-content\/uploads\/2026\/04\/EmFoco_33-7.jpg","datePublished":"2026-04-29T10:25:00+00:00","dateModified":"2026-04-28T16:37:25+00:00","author":{"@id":"https:\/\/www.em.com.br\/emfoco\/#\/schema\/person\/0a8186d72f2c3a5c6276d90b41f271a0"},"description":"A mistura de babosa e r\u00edcino acelera o crescimento capilar e fortalece os fios desde a raiz. Veja como usar essa receita para ter brilho.","breadcrumb":{"@id":"https:\/\/www.em.com.br\/emfoco\/2026\/04\/29\/adeus-aos-fios-no-ralo-a-combinacao-de-babosa-e-ricino-que-devolve-a-densidade-ao-couro-cabeludo\/#breadcrumb"},"inLanguage":"pt-BR","potentialAction":[{"@type":"ReadAction","target":["https:\/\/www.em.com.br\/emfoco\/2026\/04\/29\/adeus-aos-fios-no-ralo-a-combinacao-de-babosa-e-ricino-que-devolve-a-densidade-ao-couro-cabeludo\/"]}]},{"@type":"ImageObject","inLanguage":"pt-BR","@id":"https:\/\/www.em.com.br\/emfoco\/2026\/04\/29\/adeus-aos-fios-no-ralo-a-combinacao-de-babosa-e-ricino-que-devolve-a-densidade-ao-couro-cabeludo\/#primaryimage","url":"https:\/\/www.em.com.br\/emfoco\/wp-content\/uploads\/2026\/04\/EmFoco_33-7.jpg","contentUrl":"https:\/\/www.em.com.br\/emfoco\/wp-content\/uploads\/2026\/04\/EmFoco_33-7.jpg","width":1280,"height":720,"caption":"Mistura natural que desobstrui fol\u00edculos e fortalece a raiz para combater queda"},{"@type":"BreadcrumbList","@id":"https:\/\/www.em.com.br\/emfoco\/2026\/04\/29\/adeus-aos-fios-no-ralo-a-combinacao-de-babosa-e-ricino-que-devolve-a-densidade-ao-couro-cabeludo\/#breadcrumb","itemListElement":[{"@type":"ListItem","position":1,"name":"In\u00edcio","item":"https:\/\/www.em.com.br\/emfoco\/"},{"@type":"ListItem","position":2,"name":"Adeus aos fios no ralo, a combina\u00e7\u00e3o de babosa e r\u00edcino que devolve a densidade ao couro cabeludo"}]},{"@type":"WebSite","@id":"https:\/\/www.em.com.br\/emfoco\/#website","url":"https:\/\/www.em.com.br\/emfoco\/","name":"Estado de Minas - Em foco","description":"Acompanhe as \u00faltimas not\u00edcias e fique bem informado sobre tudo o que acontece em Minas Gerais, Brasil e no mundo.","potentialAction":[{"@type":"SearchAction","target":{"@type":"EntryPoint","urlTemplate":"https:\/\/www.em.com.br\/emfoco\/?s={search_term_string}"},"query-input":{"@type":"PropertyValueSpecification","valueRequired":true,"valueName":"search_term_string"}}],"inLanguage":"pt-BR"},{"@type":"Person","@id":"https:\/\/www.em.com.br\/emfoco\/#\/schema\/person\/0a8186d72f2c3a5c6276d90b41f271a0","name":"Daniely Cardoso","image":{"@type":"ImageObject","inLanguage":"pt-BR","@id":"https:\/\/www.em.com.br\/emfoco\/#\/schema\/person\/image\/","url":"https:\/\/secure.gravatar.com\/avatar\/4b80ddbd124d1f071b626d52d62e5dff?s=96&d=mm&r=g","contentUrl":"https:\/\/secure.gravatar.com\/avatar\/4b80ddbd124d1f071b626d52d62e5dff?s=96&d=mm&r=g","caption":"Daniely Cardoso"},"url":"https:\/\/www.em.com.br\/emfoco\/author\/danielymyth\/"}]}},"_links":{"self":[{"href":"https:\/\/www.em.com.br\/emfoco\/wp-json\/wp\/v2\/posts\/200729","targetHints":{"allow":["GET"]}}],"collection":[{"href":"https:\/\/www.em.com.br\/emfoco\/wp-json\/wp\/v2\/posts"}],"about":[{"href":"https:\/\/www.em.com.br\/emfoco\/wp-json\/wp\/v2\/types\/post"}],"author":[{"embeddable":true,"href":"https:\/\/www.em.com.br\/emfoco\/wp-json\/wp\/v2\/users\/9"}],"replies":[{"embeddable":true,"href":"https:\/\/www.em.com.br\/emfoco\/wp-json\/wp\/v2\/comments?post=200729"}],"version-history":[{"count":1,"href":"https:\/\/www.em.com.br\/emfoco\/wp-json\/wp\/v2\/posts\/200729\/revisions"}],"predecessor-version":[{"id":200731,"href":"https:\/\/www.em.com.br\/emfoco\/wp-json\/wp\/v2\/posts\/200729\/revisions\/200731"}],"wp:featuredmedia":[{"embeddable":true,"href":"https:\/\/www.em.com.br\/emfoco\/wp-json\/wp\/v2\/media\/200909"}],"wp:attachment":[{"href":"https:\/\/www.em.com.br\/emfoco\/wp-json\/wp\/v2\/media?parent=200729"}],"wp:term":[{"taxonomy":"category","embeddable":true,"href":"https:\/\/www.em.com.br\/emfoco\/wp-json\/wp\/v2\/categories?post=200729"},{"taxonomy":"post_tag","embeddable":true,"href":"https:\/\/www.em.com.br\/emfoco\/wp-json\/wp\/v2\/tags?post=200729"}],"curies":[{"name":"wp","href":"https:\/\/api.w.org\/{rel}","templated":true}]}}