{"id":200725,"date":"2026-04-29T06:55:00","date_gmt":"2026-04-29T09:55:00","guid":{"rendered":"https:\/\/www.em.com.br\/emfoco\/?p=200725"},"modified":"2026-04-28T13:37:32","modified_gmt":"2026-04-28T16:37:32","slug":"colocar-cravos-da-india-perto-das-frutas-para-que-serve-e-como-ajuda-a-espantar-insetos","status":"publish","type":"post","link":"https:\/\/www.em.com.br\/emfoco\/2026\/04\/29\/colocar-cravos-da-india-perto-das-frutas-para-que-serve-e-como-ajuda-a-espantar-insetos\/","title":{"rendered":"Colocar cravos-da-\u00edndia perto das frutas: para que serve e como ajuda a espantar insetos"},"content":{"rendered":"\n<p>Parei diante da fruteira e vi aquelas mosquinhas irritantes rondando as bananas maduras antes de testar o truque dos <strong>cravos-da-\u00edndia<\/strong>. Voc\u00ea j\u00e1 se perguntou como um tempero t\u00e3o pequeno consegue espantar invasores sem o uso de venenos qu\u00edmicos pesados?<\/p>\n\n\n\n<h2 class=\"wp-block-heading\">Por que as moscas evitam os cravos-da-\u00edndia<\/h2>\n\n\n\n<p>O aroma intenso liberado por essa especiaria milenar funciona como uma barreira invis\u00edvel e poderosa contra os insetos voadores. As moscas das frutas possuem um sistema sensorial extremamente sens\u00edvel que detecta odores fortes a longas dist\u00e2ncias na cozinha. Utilizar <strong>cravos-da-\u00edndia<\/strong> cria um ambiente hostil para esses pequenos visitantes que buscam a\u00e7\u00facares naturais em abund\u00e2ncia.<\/p>\n\n\n\n<p>O eugenol \u00e9 o componente qu\u00edmico principal respons\u00e1vel pelo cheiro caracter\u00edstico que n\u00f3s adoramos mas que os bichos detestam. Essa subst\u00e2ncia age diretamente nos receptores olfativos das pragas e causa uma desorienta\u00e7\u00e3o imediata nos invasores alados. Manter a <strong>higiene alimentar<\/strong> e o <strong>frescor dos itens<\/strong> se torna muito mais simples com esse aux\u00edlio bot\u00e2nico gratuito.<\/p>\n\n\n<div class=\"wp-block-image\">\n<figure class=\"aligncenter size-large\"><img loading=\"lazy\" decoding=\"async\" width=\"1024\" height=\"576\" src=\"https:\/\/www.em.com.br\/emfoco\/wp-content\/uploads\/2025\/11\/cravo-da-india-cha_1763059631589-1024x576.jpg\" alt=\"cravos-da-\u00edndia\" class=\"wp-image-127185\" srcset=\"https:\/\/www.em.com.br\/emfoco\/wp-content\/uploads\/2025\/11\/cravo-da-india-cha_1763059631589-1024x576.jpg 1024w, https:\/\/www.em.com.br\/emfoco\/wp-content\/uploads\/2025\/11\/cravo-da-india-cha_1763059631589-300x169.jpg 300w, https:\/\/www.em.com.br\/emfoco\/wp-content\/uploads\/2025\/11\/cravo-da-india-cha_1763059631589-768x432.jpg 768w, https:\/\/www.em.com.br\/emfoco\/wp-content\/uploads\/2025\/11\/cravo-da-india-cha_1763059631589-750x422.jpg 750w, https:\/\/www.em.com.br\/emfoco\/wp-content\/uploads\/2025\/11\/cravo-da-india-cha_1763059631589-1140x641.jpg 1140w, https:\/\/www.em.com.br\/emfoco\/wp-content\/uploads\/2025\/11\/cravo-da-india-cha_1763059631589.jpg 1280w\" sizes=\"auto, (max-width: 1024px) 100vw, 1024px\" \/><figcaption class=\"wp-element-caption\">O eugenol \u00e9 o componente qu\u00edmico principal respons\u00e1vel pelo cheiro caracter\u00edstico que n\u00f3s adoramos mas que os bichos detestam.- Cr\u00e9ditos: depositphotos.com \/ KolesnikovSY<\/figcaption><\/figure><\/div>\n\n\n<p>Leia tamb\u00e9m: <a href=\"https:\/\/www.em.com.br\/emfoco\/2026\/04\/11\/aprenda-a-como-plantar-cravo-da-india-e-cultivar-flores-aromaticas-em-casa\/\" target=\"_blank\" rel=\"noreferrer noopener\">Aprenda a como plantar cravo-da-\u00edndia e cultivar flores arom\u00e1ticas em casa<\/a><\/p>\n\n\n\n<h2 class=\"wp-block-heading\">Como aplicar o m\u00e9todo de forma eficiente<\/h2>\n\n\n\n<p>Voc\u00ea pode espalhar alguns bot\u00f5es secos diretamente entre as ma\u00e7\u00e3s e peras para garantir uma prote\u00e7\u00e3o constante e arom\u00e1tica. Outra t\u00e9cnica bastante utilizada consiste em espetar os temperos em uma fatia de lim\u00e3o ou laranja para potencializar a libera\u00e7\u00e3o do \u00f3leo. Essa combina\u00e7\u00e3o gera uma <strong>fragr\u00e2ncia agrad\u00e1vel<\/strong> enquanto mant\u00e9m a <strong>integridade das frutas<\/strong> por muito mais tempo na bancada.<\/p>\n\n\n\n<p>A organiza\u00e7\u00e3o estrat\u00e9gica dos potes na cozinha influencia diretamente na efic\u00e1cia do repelente natural que voc\u00ea acabou de criar. Muitas pessoas preferem utilizar pequenos recipientes de vidro abertos para concentrar o aroma em pontos espec\u00edficos de maior vulnerabilidade. A lista a seguir apresenta as melhores formas de posicionar os elementos para obter <strong>m\u00e1xima prote\u00e7\u00e3o<\/strong> e <strong>resultados duradouros<\/strong>:<\/p>\n\n\n\n<ul class=\"wp-block-list\">\n<li>Colocar em sach\u00eas de gaze fina para permitir a <strong>passagem do aroma<\/strong> sem sujar o balc\u00e3o.<\/li>\n\n\n\n<li>Espetar em metades de lim\u00e3o para unir o <strong>poder c\u00edtrico<\/strong> com a a\u00e7\u00e3o do eugenol.<\/li>\n\n\n\n<li>Distribuir os bot\u00f5es soltos na base da fruteira para criar uma <strong>blindagem inferior<\/strong> completa.<\/li>\n<\/ul>\n\n\n\n<figure class=\"wp-block-embed is-type-rich is-provider-pinterest wp-block-embed-pinterest\"><div class=\"wp-block-embed__wrapper\">\n<iframe loading=\"lazy\" title=\"Banho de Cravo da \u00cdndia\" src=\"https:\/\/assets.pinterest.com\/ext\/embed.html?id=533113674657334292&#038;src=oembed\" height=\"659\" width=\"450\" frameborder=\"0\" scrolling=\"no\" ><\/iframe>\n<\/div><\/figure>\n\n\n\n<h2 class=\"wp-block-heading\">Benef\u00edcios de usar cravos-da-\u00edndia na cozinha<\/h2>\n\n\n\n<p>A principal vantagem de adotar os <strong>cravos-da-\u00edndia<\/strong> \u00e9 a aus\u00eancia total de componentes t\u00f3xicos que poderiam contaminar os seus alimentos frescos. Diferente dos aeross\u00f3is convencionais, essa solu\u00e7\u00e3o \u00e9 totalmente segura para resid\u00eancias com crian\u00e7as pequenas ou animais de estima\u00e7\u00e3o curiosos. Voc\u00ea promove um <strong>consumo consciente<\/strong> e mant\u00e9m a <strong>seguran\u00e7a biol\u00f3gica<\/strong> da sua fam\u00edlia com um investimento baix\u00edssimo.<\/p>\n\n\n\n<p>Al\u00e9m de repelir mosquinhas, o tempero ajuda a perfumar o ambiente de maneira suave e muito acolhedora para os moradores. O custo reduzido do produto permite que voc\u00ea renove a prote\u00e7\u00e3o semanalmente sem pesar no or\u00e7amento dom\u00e9stico mensal. Aproveite essa <strong>economia dom\u00e9stica<\/strong> inteligente para focar em <strong>solu\u00e7\u00f5es sustent\u00e1veis<\/strong> que realmente funcionam na pr\u00e1tica cotidiana.<\/p>\n\n\n\n<p>Para voc\u00ea que gosta de se cuidar, separamos um v\u00eddeo do canal <a href=\"https:\/\/www.youtube.com\/@Cantinhodecasa\" target=\"_blank\" rel=\"noreferrer noopener\">Cantinho de casa<\/a> com dicas para usar cravo para espantar mosquitos:<\/p>\n\n\n\n<figure class=\"wp-block-embed is-type-video is-provider-youtube wp-block-embed-youtube wp-embed-aspect-16-9 wp-has-aspect-ratio\"><div class=\"wp-block-embed__wrapper\">\n<div class=\"jeg_video_container jeg_video_content\"><iframe loading=\"lazy\" title=\"\u00c9 s\u00f3 botar CRAVOS no RAID VAZIO para nunca mais sofrer com pernilongos em casa\" width=\"500\" height=\"281\" src=\"https:\/\/www.youtube.com\/embed\/J7UI9QwXoZA?start=1&#038;feature=oembed\" frameborder=\"0\" allow=\"accelerometer; autoplay; clipboard-write; encrypted-media; gyroscope; picture-in-picture; web-share\" referrerpolicy=\"strict-origin-when-cross-origin\" allowfullscreen><\/iframe><\/div>\n<\/div><\/figure>\n\n\n\n<h2 class=\"wp-block-heading\">Dura\u00e7\u00e3o e manuten\u00e7\u00e3o dos cravos-da-\u00edndia<\/h2>\n\n\n\n<p>A pot\u00eancia arom\u00e1tica dos <strong>cravos-da-\u00edndia<\/strong> costuma diminuir gradualmente conforme o \u00f3leo essencial evapora em contato com o ar seco. \u00c9 fundamental observar o comportamento dos insetos para identificar o momento exato de substituir os bot\u00f5es por unidades novas e frescas. Realizar a <strong>troca peri\u00f3dica<\/strong> garante que a <strong>barreira repelente<\/strong> permane\u00e7a ativa e eficiente contra novos focos de infesta\u00e7\u00e3o.<\/p>\n\n\n\n<p>Ambientes muito ventilados podem dispersar o cheiro mais r\u00e1pido e exigir uma quantidade maior de especiarias espalhadas pela \u00e1rea. Mantenha os seus suprimentos guardados em potes herm\u00e9ticos para preservar as propriedades qu\u00edmicas originais antes do uso definitivo na fruteira. Essa <strong>organiza\u00e7\u00e3o pr\u00e9via<\/strong> potencializa a <strong>a\u00e7\u00e3o inseticida<\/strong> natural e evita o desperd\u00edcio de material precioso na despensa.<\/p>\n\n\n\n<h2 class=\"wp-block-heading\">Proteja suas frutas com intelig\u00eancia<\/h2>\n\n\n\n<p>Adotar m\u00e9todos naturais transforma a sua rela\u00e7\u00e3o com o ambiente dom\u00e9stico de forma positiva e muito saud\u00e1vel. O uso constante de temperos afasta pragas sem agredir a natureza ou a sa\u00fade dos seus filhos. Escolha <strong>m\u00e9todos limpos<\/strong> e mantenha a <strong>casa perfumada<\/strong>.<\/p>\n\n\n\n<p>Pequenas mudan\u00e7as nos h\u00e1bitos de limpeza geram resultados surpreendentes no controle de insetos indesejados na cozinha moderna. Valorize as dicas caseiras que unem efic\u00e1cia comprovada com baixo impacto ambiental para o seu dia a dia. Garanta <strong>alimentos protegidos<\/strong> e <strong>tranquilidade familiar<\/strong> agora.<\/p>\n","protected":false},"excerpt":{"rendered":"<p>Parei diante da fruteira e vi aquelas mosquinhas irritantes rondando as bananas maduras antes de testar o truque dos cravos-da-\u00edndia. Voc\u00ea j\u00e1 se perguntou como um tempero t\u00e3o pequeno consegue espantar invasores sem o uso de venenos qu\u00edmicos pesados? Por que as moscas evitam os cravos-da-\u00edndia O aroma intenso liberado por essa especiaria milenar funciona [&hellip;]<\/p>\n","protected":false},"author":9,"featured_media":200908,"comment_status":"open","ping_status":"open","sticky":false,"template":"","format":"standard","meta":{"jnews-multi-image_gallery":[],"jnews_single_post":{"format":"standard"},"jnews_primary_category":[],"jnews_social_meta":[],"jnews_override_counter":[],"footnotes":""},"categories":[8691,8819],"tags":[8197,2557,7643],"class_list":["post-200725","post","type-post","status-publish","format-standard","has-post-thumbnail","hentry","category-bem-estar","category-curiosidades","tag-controle-de-pragas","tag-dicas-de-cozinha","tag-repelente-natural"],"yoast_head":"<!-- This site is optimized with the Yoast SEO plugin v23.8 - https:\/\/yoast.com\/wordpress\/plugins\/seo\/ -->\n<title>Colocar cravos-da-\u00edndia perto das frutas: para que serve e como ajuda a espantar insetos - Estado de Minas - Em foco<\/title>\n<meta name=\"description\" content=\"O uso de cravos-da-\u00edndia na fruteira afasta insetos de forma natural e segura. Aprenda como aplicar esse m\u00e9todo para proteger seus alimentos.\" \/>\n<meta name=\"robots\" content=\"index, follow, max-snippet:-1, max-image-preview:large, max-video-preview:-1\" \/>\n<link rel=\"canonical\" href=\"https:\/\/www.em.com.br\/emfoco\/2026\/04\/29\/colocar-cravos-da-india-perto-das-frutas-para-que-serve-e-como-ajuda-a-espantar-insetos\/\" \/>\n<meta property=\"og:locale\" content=\"pt_BR\" \/>\n<meta property=\"og:type\" content=\"article\" \/>\n<meta property=\"og:title\" content=\"Colocar cravos-da-\u00edndia perto das frutas: para que serve e como ajuda a espantar insetos - Estado de Minas - Em foco\" \/>\n<meta property=\"og:description\" content=\"O uso de cravos-da-\u00edndia na fruteira afasta insetos de forma natural e segura. Aprenda como aplicar esse m\u00e9todo para proteger seus alimentos.\" \/>\n<meta property=\"og:url\" content=\"https:\/\/www.em.com.br\/emfoco\/2026\/04\/29\/colocar-cravos-da-india-perto-das-frutas-para-que-serve-e-como-ajuda-a-espantar-insetos\/\" \/>\n<meta property=\"og:site_name\" content=\"Estado de Minas - Em foco\" \/>\n<meta property=\"article:published_time\" content=\"2026-04-29T09:55:00+00:00\" \/>\n<meta property=\"article:modified_time\" content=\"2026-04-28T16:37:32+00:00\" \/>\n<meta property=\"og:image\" content=\"https:\/\/www.em.com.br\/emfoco\/wp-content\/uploads\/2026\/04\/EmFoco_34-8.jpg\" \/>\n\t<meta property=\"og:image:width\" content=\"1280\" \/>\n\t<meta property=\"og:image:height\" content=\"720\" \/>\n\t<meta property=\"og:image:type\" content=\"image\/jpeg\" \/>\n<meta name=\"author\" content=\"Daniely Cardoso\" \/>\n<meta name=\"twitter:card\" content=\"summary_large_image\" \/>\n<meta name=\"twitter:label1\" content=\"Escrito por\" \/>\n\t<meta name=\"twitter:data1\" content=\"Daniely Cardoso\" \/>\n\t<meta name=\"twitter:label2\" content=\"Est. tempo de leitura\" \/>\n\t<meta name=\"twitter:data2\" content=\"5 minutos\" \/>\n<!-- \/ Yoast SEO plugin. -->","yoast_head_json":{"title":"Colocar cravos-da-\u00edndia perto das frutas: para que serve e como ajuda a espantar insetos - Estado de Minas - Em foco","description":"O uso de cravos-da-\u00edndia na fruteira afasta insetos de forma natural e segura. Aprenda como aplicar esse m\u00e9todo para proteger seus alimentos.","robots":{"index":"index","follow":"follow","max-snippet":"max-snippet:-1","max-image-preview":"max-image-preview:large","max-video-preview":"max-video-preview:-1"},"canonical":"https:\/\/www.em.com.br\/emfoco\/2026\/04\/29\/colocar-cravos-da-india-perto-das-frutas-para-que-serve-e-como-ajuda-a-espantar-insetos\/","og_locale":"pt_BR","og_type":"article","og_title":"Colocar cravos-da-\u00edndia perto das frutas: para que serve e como ajuda a espantar insetos - Estado de Minas - Em foco","og_description":"O uso de cravos-da-\u00edndia na fruteira afasta insetos de forma natural e segura. Aprenda como aplicar esse m\u00e9todo para proteger seus alimentos.","og_url":"https:\/\/www.em.com.br\/emfoco\/2026\/04\/29\/colocar-cravos-da-india-perto-das-frutas-para-que-serve-e-como-ajuda-a-espantar-insetos\/","og_site_name":"Estado de Minas - Em foco","article_published_time":"2026-04-29T09:55:00+00:00","article_modified_time":"2026-04-28T16:37:32+00:00","og_image":[{"width":1280,"height":720,"url":"https:\/\/www.em.com.br\/emfoco\/wp-content\/uploads\/2026\/04\/EmFoco_34-8.jpg","type":"image\/jpeg"}],"author":"Daniely Cardoso","twitter_card":"summary_large_image","twitter_misc":{"Escrito por":"Daniely Cardoso","Est. tempo de leitura":"5 minutos"},"schema":{"@context":"https:\/\/schema.org","@graph":[{"@type":"WebPage","@id":"https:\/\/www.em.com.br\/emfoco\/2026\/04\/29\/colocar-cravos-da-india-perto-das-frutas-para-que-serve-e-como-ajuda-a-espantar-insetos\/","url":"https:\/\/www.em.com.br\/emfoco\/2026\/04\/29\/colocar-cravos-da-india-perto-das-frutas-para-que-serve-e-como-ajuda-a-espantar-insetos\/","name":"Colocar cravos-da-\u00edndia perto das frutas: para que serve e como ajuda a espantar insetos - Estado de Minas - Em foco","isPartOf":{"@id":"https:\/\/www.em.com.br\/emfoco\/#website"},"primaryImageOfPage":{"@id":"https:\/\/www.em.com.br\/emfoco\/2026\/04\/29\/colocar-cravos-da-india-perto-das-frutas-para-que-serve-e-como-ajuda-a-espantar-insetos\/#primaryimage"},"image":{"@id":"https:\/\/www.em.com.br\/emfoco\/2026\/04\/29\/colocar-cravos-da-india-perto-das-frutas-para-que-serve-e-como-ajuda-a-espantar-insetos\/#primaryimage"},"thumbnailUrl":"https:\/\/www.em.com.br\/emfoco\/wp-content\/uploads\/2026\/04\/EmFoco_34-8.jpg","datePublished":"2026-04-29T09:55:00+00:00","dateModified":"2026-04-28T16:37:32+00:00","author":{"@id":"https:\/\/www.em.com.br\/emfoco\/#\/schema\/person\/0a8186d72f2c3a5c6276d90b41f271a0"},"description":"O uso de cravos-da-\u00edndia na fruteira afasta insetos de forma natural e segura. Aprenda como aplicar esse m\u00e9todo para proteger seus alimentos.","breadcrumb":{"@id":"https:\/\/www.em.com.br\/emfoco\/2026\/04\/29\/colocar-cravos-da-india-perto-das-frutas-para-que-serve-e-como-ajuda-a-espantar-insetos\/#breadcrumb"},"inLanguage":"pt-BR","potentialAction":[{"@type":"ReadAction","target":["https:\/\/www.em.com.br\/emfoco\/2026\/04\/29\/colocar-cravos-da-india-perto-das-frutas-para-que-serve-e-como-ajuda-a-espantar-insetos\/"]}]},{"@type":"ImageObject","inLanguage":"pt-BR","@id":"https:\/\/www.em.com.br\/emfoco\/2026\/04\/29\/colocar-cravos-da-india-perto-das-frutas-para-que-serve-e-como-ajuda-a-espantar-insetos\/#primaryimage","url":"https:\/\/www.em.com.br\/emfoco\/wp-content\/uploads\/2026\/04\/EmFoco_34-8.jpg","contentUrl":"https:\/\/www.em.com.br\/emfoco\/wp-content\/uploads\/2026\/04\/EmFoco_34-8.jpg","width":1280,"height":720,"caption":"Repelente org\u00e2nico que utiliza eugenol para afastar insetos de alimentos frescos"},{"@type":"BreadcrumbList","@id":"https:\/\/www.em.com.br\/emfoco\/2026\/04\/29\/colocar-cravos-da-india-perto-das-frutas-para-que-serve-e-como-ajuda-a-espantar-insetos\/#breadcrumb","itemListElement":[{"@type":"ListItem","position":1,"name":"In\u00edcio","item":"https:\/\/www.em.com.br\/emfoco\/"},{"@type":"ListItem","position":2,"name":"Colocar cravos-da-\u00edndia perto das frutas: para que serve e como ajuda a espantar insetos"}]},{"@type":"WebSite","@id":"https:\/\/www.em.com.br\/emfoco\/#website","url":"https:\/\/www.em.com.br\/emfoco\/","name":"Estado de Minas - Em foco","description":"Acompanhe as \u00faltimas not\u00edcias e fique bem informado sobre tudo o que acontece em Minas Gerais, Brasil e no mundo.","potentialAction":[{"@type":"SearchAction","target":{"@type":"EntryPoint","urlTemplate":"https:\/\/www.em.com.br\/emfoco\/?s={search_term_string}"},"query-input":{"@type":"PropertyValueSpecification","valueRequired":true,"valueName":"search_term_string"}}],"inLanguage":"pt-BR"},{"@type":"Person","@id":"https:\/\/www.em.com.br\/emfoco\/#\/schema\/person\/0a8186d72f2c3a5c6276d90b41f271a0","name":"Daniely Cardoso","image":{"@type":"ImageObject","inLanguage":"pt-BR","@id":"https:\/\/www.em.com.br\/emfoco\/#\/schema\/person\/image\/","url":"https:\/\/secure.gravatar.com\/avatar\/4b80ddbd124d1f071b626d52d62e5dff?s=96&d=mm&r=g","contentUrl":"https:\/\/secure.gravatar.com\/avatar\/4b80ddbd124d1f071b626d52d62e5dff?s=96&d=mm&r=g","caption":"Daniely Cardoso"},"url":"https:\/\/www.em.com.br\/emfoco\/author\/danielymyth\/"}]}},"_links":{"self":[{"href":"https:\/\/www.em.com.br\/emfoco\/wp-json\/wp\/v2\/posts\/200725","targetHints":{"allow":["GET"]}}],"collection":[{"href":"https:\/\/www.em.com.br\/emfoco\/wp-json\/wp\/v2\/posts"}],"about":[{"href":"https:\/\/www.em.com.br\/emfoco\/wp-json\/wp\/v2\/types\/post"}],"author":[{"embeddable":true,"href":"https:\/\/www.em.com.br\/emfoco\/wp-json\/wp\/v2\/users\/9"}],"replies":[{"embeddable":true,"href":"https:\/\/www.em.com.br\/emfoco\/wp-json\/wp\/v2\/comments?post=200725"}],"version-history":[{"count":1,"href":"https:\/\/www.em.com.br\/emfoco\/wp-json\/wp\/v2\/posts\/200725\/revisions"}],"predecessor-version":[{"id":200726,"href":"https:\/\/www.em.com.br\/emfoco\/wp-json\/wp\/v2\/posts\/200725\/revisions\/200726"}],"wp:featuredmedia":[{"embeddable":true,"href":"https:\/\/www.em.com.br\/emfoco\/wp-json\/wp\/v2\/media\/200908"}],"wp:attachment":[{"href":"https:\/\/www.em.com.br\/emfoco\/wp-json\/wp\/v2\/media?parent=200725"}],"wp:term":[{"taxonomy":"category","embeddable":true,"href":"https:\/\/www.em.com.br\/emfoco\/wp-json\/wp\/v2\/categories?post=200725"},{"taxonomy":"post_tag","embeddable":true,"href":"https:\/\/www.em.com.br\/emfoco\/wp-json\/wp\/v2\/tags?post=200725"}],"curies":[{"name":"wp","href":"https:\/\/api.w.org\/{rel}","templated":true}]}}