{"id":200721,"date":"2026-04-29T06:25:00","date_gmt":"2026-04-29T09:25:00","guid":{"rendered":"https:\/\/www.em.com.br\/emfoco\/?p=200721"},"modified":"2026-04-28T16:33:34","modified_gmt":"2026-04-28T19:33:34","slug":"como-uma-folha-amarga-pode-transformar-sua-sensacao-de-estomago-pesado-apos-as-refeicoes","status":"publish","type":"post","link":"https:\/\/www.em.com.br\/emfoco\/2026\/04\/29\/como-uma-folha-amarga-pode-transformar-sua-sensacao-de-estomago-pesado-apos-as-refeicoes\/","title":{"rendered":"Como uma folha amarga pode transformar sua sensa\u00e7\u00e3o de est\u00f4mago pesado ap\u00f3s as refei\u00e7\u00f5es"},"content":{"rendered":"\n<p>Servi um prato com <strong>almeir\u00e3o para o f\u00edgado<\/strong> ao notar que minha digest\u00e3o andava pesada nos \u00faltimos dias. Ser\u00e1 que uma hortali\u00e7a t\u00e3o comum esconde um poder medicinal capaz de transformar o funcionamento do seu sistema digestivo?<\/p>\n\n\n\n<h2 class=\"wp-block-heading\">Por que o sabor amargo ajuda o organismo<\/h2>\n\n\n\n<p>O paladar mais forte dessa verdura verde-escura estimula imediatamente a produ\u00e7\u00e3o de enzimas fundamentais para a quebra de gorduras pesadas. Essas subst\u00e2ncias naturais enviam sinais diretos para a ves\u00edcula biliar trabalhar com muito mais efici\u00eancia e rapidez durante o dia. Voc\u00ea notar\u00e1 uma melhora significativa na <strong>digest\u00e3o leve<\/strong> e na redu\u00e7\u00e3o daquele inc\u00f4modo <strong>estufamento g\u00e1strico<\/strong> ap\u00f3s as refei\u00e7\u00f5es principais.<\/p>\n\n\n\n<p>A saliva\u00e7\u00e3o intensa provocada pelo amargor prepara todo o trato intestinal superior para receber os nutrientes de forma totalmente otimizada. Esse processo biol\u00f3gico natural auxilia na <strong>absor\u00e7\u00e3o vitam\u00ednica<\/strong> e evita a pregui\u00e7a digestiva que causa cansa\u00e7o extremo durante o per\u00edodo da tarde. Manter o <strong>equil\u00edbrio metab\u00f3lico<\/strong> se torna uma tarefa muito mais simples quando inclu\u00edmos folhas verdes escuras crocantes no prato.<\/p>\n\n\n<div class=\"wp-block-image\">\n<figure class=\"aligncenter size-large\"><img loading=\"lazy\" decoding=\"async\" width=\"1024\" height=\"576\" src=\"https:\/\/www.em.com.br\/emfoco\/wp-content\/uploads\/2026\/02\/Cichorium-intybus-_1770062262443-1024x576.jpg\" alt=\"almeir\u00e3o para o f\u00edgado\" class=\"wp-image-163746\" srcset=\"https:\/\/www.em.com.br\/emfoco\/wp-content\/uploads\/2026\/02\/Cichorium-intybus-_1770062262443-1024x576.jpg 1024w, https:\/\/www.em.com.br\/emfoco\/wp-content\/uploads\/2026\/02\/Cichorium-intybus-_1770062262443-300x169.jpg 300w, https:\/\/www.em.com.br\/emfoco\/wp-content\/uploads\/2026\/02\/Cichorium-intybus-_1770062262443-768x432.jpg 768w, https:\/\/www.em.com.br\/emfoco\/wp-content\/uploads\/2026\/02\/Cichorium-intybus-_1770062262443-750x422.jpg 750w, https:\/\/www.em.com.br\/emfoco\/wp-content\/uploads\/2026\/02\/Cichorium-intybus-_1770062262443-1140x641.jpg 1140w, https:\/\/www.em.com.br\/emfoco\/wp-content\/uploads\/2026\/02\/Cichorium-intybus-_1770062262443.jpg 1280w\" sizes=\"auto, (max-width: 1024px) 100vw, 1024px\" \/><figcaption class=\"wp-element-caption\">A saliva\u00e7\u00e3o intensa provocada pelo amargor prepara todo o trato intestinal superior para receber os nutrientes &#8211; Cr\u00e9ditos: depositphotos.com \/ zavg.tb<\/figcaption><\/figure><\/div>\n\n\n<p>Leia tamb\u00e9m: <a href=\"https:\/\/www.em.com.br\/emfoco\/2026\/04\/18\/esse-composto-usado-na-tosse-tambem-pode-apoiar-figado-pulmoes-e-imunidade\/\" target=\"_blank\" rel=\"noreferrer noopener\">Esse composto usado na tosse tamb\u00e9m pode apoiar f\u00edgado, pulm\u00f5es e imunidade<\/a><\/p>\n\n\n\n<h2 class=\"wp-block-heading\">O papel do almeir\u00e3o para o f\u00edgado na desintoxica\u00e7\u00e3o<\/h2>\n\n\n\n<p>O consumo regular de <strong>almeir\u00e3o para o f\u00edgado<\/strong> auxilia na remo\u00e7\u00e3o constante de toxinas acumuladas pelo excesso de alimentos processados e bebidas alco\u00f3licas. Seus compostos bioativos potentes atuam como um escudo protetor contra agentes oxidantes que inflamam as c\u00e9lulas hep\u00e1ticas saud\u00e1veis diariamente. Esta <strong>limpeza natural<\/strong> promove uma <strong>regenera\u00e7\u00e3o celular<\/strong> mais veloz e eficiente para o seu sistema interno.<\/p>\n\n\n\n<p>As subst\u00e2ncias amargas presentes nas folhas ativam a circula\u00e7\u00e3o sangu\u00ednea perif\u00e9rica dentro do \u00f3rg\u00e3o central de filtragem do organismo humano. Isso facilita a excre\u00e7\u00e3o de res\u00edduos metab\u00f3licos pesados que costumam deixar a pele opaca e o sistema imunol\u00f3gico bastante fragilizado. A lista abaixo detalha como esses elementos qu\u00edmicos naturais agem positivamente no seu <strong>vigo corporal<\/strong> e na <strong>sa\u00fade geral<\/strong><\/p>\n\n\n\n<ul class=\"wp-block-list\">\n<li><strong>Cinarina<\/strong> para estimular a libera\u00e7\u00e3o de bile e facilitar o processamento de lip\u00eddios complexos.<\/li>\n\n\n\n<li><strong>Lactucopicrina<\/strong> que atua como um t\u00f4nico digestivo potente para quem possui o est\u00f4mago sens\u00edvel.<\/li>\n\n\n\n<li><strong>Fibras sol\u00faveis<\/strong> que auxiliam no controle do colesterol ruim circulante nas art\u00e9rias e veias.<\/li>\n<\/ul>\n\n\n\n<figure class=\"wp-block-embed is-type-rich is-provider-pinterest wp-block-embed-pinterest\"><div class=\"wp-block-embed__wrapper\">\n<iframe loading=\"lazy\" title=\"#ALMEIR\u00c3O #SA\u00daDE #VIDA #BENEF\u00cdCIOS\" src=\"https:\/\/assets.pinterest.com\/ext\/embed.html?id=691513717808842268&#038;src=oembed\" height=\"820\" width=\"450\" frameborder=\"0\" scrolling=\"no\" ><\/iframe>\n<\/div><\/figure>\n\n\n\n<h2 class=\"wp-block-heading\">Vitaminas e minerais presentes no almeir\u00e3o para o f\u00edgado<\/h2>\n\n\n\n<p>A riqueza nutricional encontrada no <strong>almeir\u00e3o para o f\u00edgado<\/strong> inclui altas doses de vitamina A e vitaminas do complexo B. Esses componentes org\u00e2nicos s\u00e3o fundamentais para manter o metabolismo energ\u00e9tico em pleno funcionamento sem depender de suplementos sint\u00e9ticos muito caros. Ter uma <strong>imunidade alta<\/strong> e uma <strong>vis\u00e3o protegida<\/strong> contra danos externos s\u00e3o apenas alguns dos b\u00f4nus dessa escolha alimentar.<\/p>\n\n\n\n<p>Minerais como o ferro e o pot\u00e1ssio ajudam a regular a press\u00e3o arterial e combater a anemia de forma org\u00e2nica e segura. A presen\u00e7a abundante de c\u00e1lcio tamb\u00e9m fortalece a estrutura \u00f3ssea enquanto os antioxidantes combatem o envelhecimento precoce das c\u00e9lulas internas. Aproveite os <strong>nutrientes biodispon\u00edveis<\/strong> para conquistar mais <strong>energia f\u00edsica<\/strong> e muita disposi\u00e7\u00e3o para realizar todas as atividades rotineiras.<\/p>\n\n\n\n<p>Para voc\u00ea que gosta de se cuidar, separamos um v\u00eddeo do canal da <a href=\"https:\/\/www.youtube.com\/@NutricionistaPatriciaLeite\" target=\"_blank\" rel=\"noreferrer noopener\">Nutricionista Patricia Leite<\/a> com dicas para o consumo de almeir\u00e3o:<\/p>\n\n\n\n<figure class=\"wp-block-embed is-type-video is-provider-youtube wp-block-embed-youtube wp-embed-aspect-16-9 wp-has-aspect-ratio\"><div class=\"wp-block-embed__wrapper\">\n<div class=\"jeg_video_container jeg_video_content\"><iframe loading=\"lazy\" title=\"Planta para IMUNIDADE, EMAGRECER, SA\u00daDE e mais - Benef\u00edcios do Almeir\u00e3o, Como Usar e Dicas\" width=\"500\" height=\"281\" src=\"https:\/\/www.youtube.com\/embed\/qMHqmvzxbOg?start=6&#038;feature=oembed\" frameborder=\"0\" allow=\"accelerometer; autoplay; clipboard-write; encrypted-media; gyroscope; picture-in-picture; web-share\" referrerpolicy=\"strict-origin-when-cross-origin\" allowfullscreen><\/iframe><\/div>\n<\/div><\/figure>\n\n\n\n<h2 class=\"wp-block-heading\">Como consumir almeir\u00e3o para o f\u00edgado de forma correta<\/h2>\n\n\n\n<p>A melhor maneira de aproveitar o <strong>almeir\u00e3o para o f\u00edgado<\/strong> \u00e9 ingerir as folhas cruas em saladas bem temperadas com gotas de lim\u00e3o fresco. O calor excessivo do cozimento tradicional pode destruir parte das enzimas sens\u00edveis que garantem os efeitos terap\u00eauticos citados anteriormente pelos especialistas. Busque sempre <strong>folhas frescas<\/strong> e com <strong>colora\u00e7\u00e3o intensa<\/strong> para garantir o m\u00e1ximo de benef\u00edcios reais para sua sa\u00fade digestiva.<\/p>\n\n\n\n<p>Voc\u00ea tamb\u00e9m pode preparar sucos verdes refrescantes misturando a hortali\u00e7a com frutas c\u00edtricas para suavizar o sabor forte caracter\u00edstico da planta. Essa combina\u00e7\u00e3o poderosa acelera o <strong>processo depurativo<\/strong> interno e mant\u00e9m o corpo devidamente hidratado durante os dias mais quentes do ano. Utilize <strong>ingredientes org\u00e2nicos<\/strong> para evitar a ingest\u00e3o de agrot\u00f3xicos nocivos que sobrecarregam o <strong>sistema hep\u00e1tico<\/strong> de forma perigosa.<\/p>\n\n\n\n<h2 class=\"wp-block-heading\">Pratique uma alimenta\u00e7\u00e3o mais saud\u00e1vel e equilibrada<\/h2>\n\n\n\n<p>Adote o h\u00e1bito de incluir verduras amargas em suas refei\u00e7\u00f5es principais pelo menos tr\u00eas vezes por semana. Essa pequena mudan\u00e7a gera impactos profundos na sua qualidade de vida e longevidade. Escolha <strong>alimentos vivos<\/strong> para nutrir seu organismo com <strong>consci\u00eancia plena<\/strong>.<\/p>\n\n\n\n<p>O cuidado com o que voc\u00ea ingere reflete diretamente na sua sa\u00fade f\u00edsica e mental a longo prazo. Respeite o ritmo do seu corpo e ofere\u00e7a os combust\u00edveis naturais mais adequados para o funcionamento celular. Garanta <strong>bem-estar constante<\/strong> e uma <strong>digest\u00e3o impec\u00e1vel<\/strong> diariamente.<\/p>\n","protected":false},"excerpt":{"rendered":"<p>Servi um prato com almeir\u00e3o para o f\u00edgado ao notar que minha digest\u00e3o andava pesada nos \u00faltimos dias. Ser\u00e1 que uma hortali\u00e7a t\u00e3o comum esconde um poder medicinal capaz de transformar o funcionamento do seu sistema digestivo? Por que o sabor amargo ajuda o organismo O paladar mais forte dessa verdura verde-escura estimula imediatamente a [&hellip;]<\/p>\n","protected":false},"author":9,"featured_media":200907,"comment_status":"open","ping_status":"open","sticky":false,"template":"","format":"standard","meta":{"jnews-multi-image_gallery":[],"jnews_single_post":{"format":"standard"},"jnews_primary_category":[],"jnews_social_meta":[],"jnews_override_counter":[],"footnotes":""},"categories":[8691,9053],"tags":[911,28928,28927],"class_list":["post-200721","post","type-post","status-publish","format-standard","has-post-thumbnail","hentry","category-bem-estar","category-saude","tag-alimentacao-saudavel","tag-beneficios-do-almeirao","tag-saude-hepatica"],"yoast_head":"<!-- This site is optimized with the Yoast SEO plugin v23.8 - https:\/\/yoast.com\/wordpress\/plugins\/seo\/ -->\n<title>Como uma folha amarga pode transformar sua sensa\u00e7\u00e3o de est\u00f4mago pesado ap\u00f3s as refei\u00e7\u00f5es - Estado de Minas - Em foco<\/title>\n<meta name=\"description\" content=\"O almeir\u00e3o para o f\u00edgado ajuda na limpeza das toxinas e melhora a digest\u00e3o de gorduras. Entenda como essa hortali\u00e7a protege sua sa\u00fade.\" \/>\n<meta name=\"robots\" content=\"index, follow, max-snippet:-1, max-image-preview:large, max-video-preview:-1\" \/>\n<link rel=\"canonical\" href=\"https:\/\/www.em.com.br\/emfoco\/2026\/04\/29\/como-uma-folha-amarga-pode-transformar-sua-sensacao-de-estomago-pesado-apos-as-refeicoes\/\" \/>\n<meta property=\"og:locale\" content=\"pt_BR\" \/>\n<meta property=\"og:type\" content=\"article\" \/>\n<meta property=\"og:title\" content=\"Como uma folha amarga pode transformar sua sensa\u00e7\u00e3o de est\u00f4mago pesado ap\u00f3s as refei\u00e7\u00f5es - Estado de Minas - Em foco\" \/>\n<meta property=\"og:description\" content=\"O almeir\u00e3o para o f\u00edgado ajuda na limpeza das toxinas e melhora a digest\u00e3o de gorduras. Entenda como essa hortali\u00e7a protege sua sa\u00fade.\" \/>\n<meta property=\"og:url\" content=\"https:\/\/www.em.com.br\/emfoco\/2026\/04\/29\/como-uma-folha-amarga-pode-transformar-sua-sensacao-de-estomago-pesado-apos-as-refeicoes\/\" \/>\n<meta property=\"og:site_name\" content=\"Estado de Minas - Em foco\" \/>\n<meta property=\"article:published_time\" content=\"2026-04-29T09:25:00+00:00\" \/>\n<meta property=\"article:modified_time\" content=\"2026-04-28T19:33:34+00:00\" \/>\n<meta property=\"og:image\" content=\"https:\/\/www.em.com.br\/emfoco\/wp-content\/uploads\/2026\/04\/EmFoco_35-8.jpg\" \/>\n\t<meta property=\"og:image:width\" content=\"1280\" \/>\n\t<meta property=\"og:image:height\" content=\"720\" \/>\n\t<meta property=\"og:image:type\" content=\"image\/jpeg\" \/>\n<meta name=\"author\" content=\"Daniely Cardoso\" \/>\n<meta name=\"twitter:card\" content=\"summary_large_image\" \/>\n<meta name=\"twitter:label1\" content=\"Escrito por\" \/>\n\t<meta name=\"twitter:data1\" content=\"Daniely Cardoso\" \/>\n\t<meta name=\"twitter:label2\" content=\"Est. tempo de leitura\" \/>\n\t<meta name=\"twitter:data2\" content=\"5 minutos\" \/>\n<!-- \/ Yoast SEO plugin. -->","yoast_head_json":{"title":"Como uma folha amarga pode transformar sua sensa\u00e7\u00e3o de est\u00f4mago pesado ap\u00f3s as refei\u00e7\u00f5es - Estado de Minas - Em foco","description":"O almeir\u00e3o para o f\u00edgado ajuda na limpeza das toxinas e melhora a digest\u00e3o de gorduras. Entenda como essa hortali\u00e7a protege sua sa\u00fade.","robots":{"index":"index","follow":"follow","max-snippet":"max-snippet:-1","max-image-preview":"max-image-preview:large","max-video-preview":"max-video-preview:-1"},"canonical":"https:\/\/www.em.com.br\/emfoco\/2026\/04\/29\/como-uma-folha-amarga-pode-transformar-sua-sensacao-de-estomago-pesado-apos-as-refeicoes\/","og_locale":"pt_BR","og_type":"article","og_title":"Como uma folha amarga pode transformar sua sensa\u00e7\u00e3o de est\u00f4mago pesado ap\u00f3s as refei\u00e7\u00f5es - Estado de Minas - Em foco","og_description":"O almeir\u00e3o para o f\u00edgado ajuda na limpeza das toxinas e melhora a digest\u00e3o de gorduras. Entenda como essa hortali\u00e7a protege sua sa\u00fade.","og_url":"https:\/\/www.em.com.br\/emfoco\/2026\/04\/29\/como-uma-folha-amarga-pode-transformar-sua-sensacao-de-estomago-pesado-apos-as-refeicoes\/","og_site_name":"Estado de Minas - Em foco","article_published_time":"2026-04-29T09:25:00+00:00","article_modified_time":"2026-04-28T19:33:34+00:00","og_image":[{"width":1280,"height":720,"url":"https:\/\/www.em.com.br\/emfoco\/wp-content\/uploads\/2026\/04\/EmFoco_35-8.jpg","type":"image\/jpeg"}],"author":"Daniely Cardoso","twitter_card":"summary_large_image","twitter_misc":{"Escrito por":"Daniely Cardoso","Est. tempo de leitura":"5 minutos"},"schema":{"@context":"https:\/\/schema.org","@graph":[{"@type":"WebPage","@id":"https:\/\/www.em.com.br\/emfoco\/2026\/04\/29\/como-uma-folha-amarga-pode-transformar-sua-sensacao-de-estomago-pesado-apos-as-refeicoes\/","url":"https:\/\/www.em.com.br\/emfoco\/2026\/04\/29\/como-uma-folha-amarga-pode-transformar-sua-sensacao-de-estomago-pesado-apos-as-refeicoes\/","name":"Como uma folha amarga pode transformar sua sensa\u00e7\u00e3o de est\u00f4mago pesado ap\u00f3s as refei\u00e7\u00f5es - Estado de Minas - Em foco","isPartOf":{"@id":"https:\/\/www.em.com.br\/emfoco\/#website"},"primaryImageOfPage":{"@id":"https:\/\/www.em.com.br\/emfoco\/2026\/04\/29\/como-uma-folha-amarga-pode-transformar-sua-sensacao-de-estomago-pesado-apos-as-refeicoes\/#primaryimage"},"image":{"@id":"https:\/\/www.em.com.br\/emfoco\/2026\/04\/29\/como-uma-folha-amarga-pode-transformar-sua-sensacao-de-estomago-pesado-apos-as-refeicoes\/#primaryimage"},"thumbnailUrl":"https:\/\/www.em.com.br\/emfoco\/wp-content\/uploads\/2026\/04\/EmFoco_35-8.jpg","datePublished":"2026-04-29T09:25:00+00:00","dateModified":"2026-04-28T19:33:34+00:00","author":{"@id":"https:\/\/www.em.com.br\/emfoco\/#\/schema\/person\/0a8186d72f2c3a5c6276d90b41f271a0"},"description":"O almeir\u00e3o para o f\u00edgado ajuda na limpeza das toxinas e melhora a digest\u00e3o de gorduras. Entenda como essa hortali\u00e7a protege sua sa\u00fade.","breadcrumb":{"@id":"https:\/\/www.em.com.br\/emfoco\/2026\/04\/29\/como-uma-folha-amarga-pode-transformar-sua-sensacao-de-estomago-pesado-apos-as-refeicoes\/#breadcrumb"},"inLanguage":"pt-BR","potentialAction":[{"@type":"ReadAction","target":["https:\/\/www.em.com.br\/emfoco\/2026\/04\/29\/como-uma-folha-amarga-pode-transformar-sua-sensacao-de-estomago-pesado-apos-as-refeicoes\/"]}]},{"@type":"ImageObject","inLanguage":"pt-BR","@id":"https:\/\/www.em.com.br\/emfoco\/2026\/04\/29\/como-uma-folha-amarga-pode-transformar-sua-sensacao-de-estomago-pesado-apos-as-refeicoes\/#primaryimage","url":"https:\/\/www.em.com.br\/emfoco\/wp-content\/uploads\/2026\/04\/EmFoco_35-8.jpg","contentUrl":"https:\/\/www.em.com.br\/emfoco\/wp-content\/uploads\/2026\/04\/EmFoco_35-8.jpg","width":1280,"height":720,"caption":"Hortali\u00e7a amarga que estimula enzimas digestivas e auxilia na desintoxica\u00e7\u00e3o hep\u00e1tica"},{"@type":"BreadcrumbList","@id":"https:\/\/www.em.com.br\/emfoco\/2026\/04\/29\/como-uma-folha-amarga-pode-transformar-sua-sensacao-de-estomago-pesado-apos-as-refeicoes\/#breadcrumb","itemListElement":[{"@type":"ListItem","position":1,"name":"In\u00edcio","item":"https:\/\/www.em.com.br\/emfoco\/"},{"@type":"ListItem","position":2,"name":"Como uma folha amarga pode transformar sua sensa\u00e7\u00e3o de est\u00f4mago pesado ap\u00f3s as refei\u00e7\u00f5es"}]},{"@type":"WebSite","@id":"https:\/\/www.em.com.br\/emfoco\/#website","url":"https:\/\/www.em.com.br\/emfoco\/","name":"Estado de Minas - Em foco","description":"Acompanhe as \u00faltimas not\u00edcias e fique bem informado sobre tudo o que acontece em Minas Gerais, Brasil e no mundo.","potentialAction":[{"@type":"SearchAction","target":{"@type":"EntryPoint","urlTemplate":"https:\/\/www.em.com.br\/emfoco\/?s={search_term_string}"},"query-input":{"@type":"PropertyValueSpecification","valueRequired":true,"valueName":"search_term_string"}}],"inLanguage":"pt-BR"},{"@type":"Person","@id":"https:\/\/www.em.com.br\/emfoco\/#\/schema\/person\/0a8186d72f2c3a5c6276d90b41f271a0","name":"Daniely Cardoso","image":{"@type":"ImageObject","inLanguage":"pt-BR","@id":"https:\/\/www.em.com.br\/emfoco\/#\/schema\/person\/image\/","url":"https:\/\/secure.gravatar.com\/avatar\/4b80ddbd124d1f071b626d52d62e5dff?s=96&d=mm&r=g","contentUrl":"https:\/\/secure.gravatar.com\/avatar\/4b80ddbd124d1f071b626d52d62e5dff?s=96&d=mm&r=g","caption":"Daniely Cardoso"},"url":"https:\/\/www.em.com.br\/emfoco\/author\/danielymyth\/"}]}},"_links":{"self":[{"href":"https:\/\/www.em.com.br\/emfoco\/wp-json\/wp\/v2\/posts\/200721","targetHints":{"allow":["GET"]}}],"collection":[{"href":"https:\/\/www.em.com.br\/emfoco\/wp-json\/wp\/v2\/posts"}],"about":[{"href":"https:\/\/www.em.com.br\/emfoco\/wp-json\/wp\/v2\/types\/post"}],"author":[{"embeddable":true,"href":"https:\/\/www.em.com.br\/emfoco\/wp-json\/wp\/v2\/users\/9"}],"replies":[{"embeddable":true,"href":"https:\/\/www.em.com.br\/emfoco\/wp-json\/wp\/v2\/comments?post=200721"}],"version-history":[{"count":2,"href":"https:\/\/www.em.com.br\/emfoco\/wp-json\/wp\/v2\/posts\/200721\/revisions"}],"predecessor-version":[{"id":200968,"href":"https:\/\/www.em.com.br\/emfoco\/wp-json\/wp\/v2\/posts\/200721\/revisions\/200968"}],"wp:featuredmedia":[{"embeddable":true,"href":"https:\/\/www.em.com.br\/emfoco\/wp-json\/wp\/v2\/media\/200907"}],"wp:attachment":[{"href":"https:\/\/www.em.com.br\/emfoco\/wp-json\/wp\/v2\/media?parent=200721"}],"wp:term":[{"taxonomy":"category","embeddable":true,"href":"https:\/\/www.em.com.br\/emfoco\/wp-json\/wp\/v2\/categories?post=200721"},{"taxonomy":"post_tag","embeddable":true,"href":"https:\/\/www.em.com.br\/emfoco\/wp-json\/wp\/v2\/tags?post=200721"}],"curies":[{"name":"wp","href":"https:\/\/api.w.org\/{rel}","templated":true}]}}