{"id":200717,"date":"2026-04-29T19:15:00","date_gmt":"2026-04-29T22:15:00","guid":{"rendered":"https:\/\/www.em.com.br\/emfoco\/?p=200717"},"modified":"2026-04-28T13:25:54","modified_gmt":"2026-04-28T16:25:54","slug":"adeus-a-camisa-listrada-a-tendencia-que-esta-bombando-neste-outono-inverno-de-2026","status":"publish","type":"post","link":"https:\/\/www.em.com.br\/emfoco\/2026\/04\/29\/adeus-a-camisa-listrada-a-tendencia-que-esta-bombando-neste-outono-inverno-de-2026\/","title":{"rendered":"Adeus \u00e0 camisa listrada: a tend\u00eancia que est\u00e1 bombando neste outono-inverno de 2026"},"content":{"rendered":"\n<p>Abri meu guarda-roupa para os dias frios e percebi que a cl\u00e1ssica <strong>camisa de textura<\/strong> tomou o lugar de destaque que antes pertencia \u00e0s listras tradicionais. Voc\u00ea est\u00e1 pronta para entender por que essa mudan\u00e7a sutil est\u00e1 transformando o visual das mulheres mais elegantes desta temporada?<\/p>\n\n\n\n<h2 class=\"wp-block-heading\">Por que as listras perderam o trono absoluto<\/h2>\n\n\n\n<p>O padr\u00e3o linear que dominou as vitrines nos \u00faltimos anos finalmente cansou o olhar de quem busca inova\u00e7\u00e3o est\u00e9tica constante. As mulheres agora procuram pe\u00e7as que transmitam profundidade t\u00e1til sem a necessidade de estampas contrastantes e visivelmente cansativas. Selecione <strong>materiais nobres<\/strong> para elevar a sua imagem pessoal com uma <strong>sofistica\u00e7\u00e3o imediata<\/strong>.<\/p>\n\n\n\n<p>A polui\u00e7\u00e3o visual das listras muitas vezes dificulta as combina\u00e7\u00f5es mais r\u00e1pidas e eficientes do cotidiano moderno. Optar por cores s\u00f3lidas com relevos discretos garante um <strong>guarda-roupa vers\u00e1til<\/strong> e muito mais harm\u00f4nico para diferentes ocasi\u00f5es. Aposte na <strong>simplicidade luxuosa<\/strong> para garantir produ\u00e7\u00f5es que transmitem calma, poder e muito bom gosto.<\/p>\n\n\n<div class=\"wp-block-image\">\n<figure class=\"aligncenter size-large\"><img loading=\"lazy\" decoding=\"async\" width=\"1024\" height=\"576\" src=\"https:\/\/www.em.com.br\/emfoco\/wp-content\/uploads\/2026\/02\/Gemini_Generated_Image_787noc787noc787n-1-1024x576.png\" alt=\"camisa de textura\" class=\"wp-image-166356\" srcset=\"https:\/\/www.em.com.br\/emfoco\/wp-content\/uploads\/2026\/02\/Gemini_Generated_Image_787noc787noc787n-1-1024x576.png 1024w, https:\/\/www.em.com.br\/emfoco\/wp-content\/uploads\/2026\/02\/Gemini_Generated_Image_787noc787noc787n-1-300x169.png 300w, https:\/\/www.em.com.br\/emfoco\/wp-content\/uploads\/2026\/02\/Gemini_Generated_Image_787noc787noc787n-1-768x432.png 768w, https:\/\/www.em.com.br\/emfoco\/wp-content\/uploads\/2026\/02\/Gemini_Generated_Image_787noc787noc787n-1-750x422.png 750w, https:\/\/www.em.com.br\/emfoco\/wp-content\/uploads\/2026\/02\/Gemini_Generated_Image_787noc787noc787n-1-1140x641.png 1140w, https:\/\/www.em.com.br\/emfoco\/wp-content\/uploads\/2026\/02\/Gemini_Generated_Image_787noc787noc787n-1.png 1280w\" sizes=\"auto, (max-width: 1024px) 100vw, 1024px\" \/><figcaption class=\"wp-element-caption\">A polui\u00e7\u00e3o visual das listras muitas vezes dificulta as combina\u00e7\u00f5es mais r\u00e1pidas e eficientes do cotidiano moderno<\/figcaption><\/figure><\/div>\n\n\n<p>Leia tamb\u00e9m: <a href=\"https:\/\/www.em.com.br\/emfoco\/2026\/03\/16\/os-saltos-muito-altos-ja-nao-dominam-a-moda-o-novo-sapato-elegante-aposta-no-conforto\/\" target=\"_blank\" rel=\"noreferrer noopener\">Os saltos muito altos j\u00e1 n\u00e3o dominam a moda: o novo sapato elegante aposta no conforto<\/a><\/p>\n\n\n\n<h2 class=\"wp-block-heading\">O charme \u00fanico da camisa de textura no visual<\/h2>\n\n\n\n<p>A <strong>camisa de textura<\/strong> se destaca pelo toque tridimensional que o tecido proporciona ao entrar em contato direto com a luz ambiente. Diferente das estampas chapadas, o relevo cria sombras suaves que valorizam o corte da pe\u00e7a de maneira magistral e \u00fanica. Prefira <strong>tecidos naturais<\/strong> para obter um <strong>caimento impec\u00e1vel<\/strong> e muito conforto t\u00e9rmico durante as baixas temperaturas.<\/p>\n\n\n\n<p>O visual monocrom\u00e1tico ganha uma vida nova quando as superf\u00edcies deixam de ser totalmente lisas e ganham personalidade pr\u00f3pria nas tramas. Essa tend\u00eancia permite que voc\u00ea misture diferentes tecidos no mesmo look sem criar um conflito visual desnecess\u00e1rio ou exagerado. O mercado apresenta as seguintes op\u00e7\u00f5es que mais aparecem nas cole\u00e7\u00f5es de alta costura deste ano:<\/p>\n\n\n\n<ul class=\"wp-block-list\">\n<li>Linho com tramas aparentes para um <strong>estilo org\u00e2nico<\/strong> e refinado.<\/li>\n\n\n\n<li>Algod\u00e3o piquet com micro-relevos para garantir <strong>maior durabilidade<\/strong> e frescor.<\/li>\n\n\n\n<li>Seda r\u00fastica que entrega um <strong>brilho discreto<\/strong> e uma eleg\u00e2ncia incompar\u00e1vel.<\/li>\n<\/ul>\n\n\n\n<figure class=\"wp-block-embed is-type-rich is-provider-pinterest wp-block-embed-pinterest\"><div class=\"wp-block-embed__wrapper\">\n<iframe loading=\"lazy\" title=\"Cal\u00e7a Reta Rita Dudalina Feminina - Dudalina\" src=\"https:\/\/assets.pinterest.com\/ext\/embed.html?id=4592827296800150656&#038;src=oembed\" height=\"714\" width=\"450\" frameborder=\"0\" scrolling=\"no\" ><\/iframe>\n<\/div><\/figure>\n\n\n\n<h2 class=\"wp-block-heading\">Como combinar a camisa de textura no frio intenso<\/h2>\n\n\n\n<p>As sobreposi\u00e7\u00f5es funcionam muito melhor quando utilizamos a <strong>camisa de textura<\/strong> por baixo de casacos pesados de l\u00e3 ou couro leg\u00edtimo. O contraste entre o relevo do tecido e a superf\u00edcie lisa do agasalho cria uma camada visual rica e extremamente interessante. Busque <strong>tons terrosos<\/strong> para harmonizar o conjunto com a <strong>paleta sazonal<\/strong> e garantir uma apar\u00eancia atualizada.<\/p>\n\n\n\n<p>Cal\u00e7as de alfaiataria em tons neutros s\u00e3o as companheiras ideais para equilibrar o volume trazido pelas novas tramas t\u00eaxteis do momento. Voc\u00ea pode usar acess\u00f3rios met\u00e1licos discretos para iluminar os pontos estrat\u00e9gicos do tronco sem carregar demais a produ\u00e7\u00e3o final. Garanta <strong>equil\u00edbrio est\u00e9tico<\/strong> e mantenha a <strong>postura elegante<\/strong> em eventos corporativos ou jantares especiais com amigos.<\/p>\n\n\n\n<p>Para voc\u00ea que gosta de vestir bem, separamos um v\u00eddeo do canal <a href=\"https:\/\/www.youtube.com\/@chiquesemfrescura\" target=\"_blank\" rel=\"noreferrer noopener\">Chique sem Frescura <\/a>com dicas para usar camisa:<\/p>\n\n\n\n<figure class=\"wp-block-embed is-type-video is-provider-youtube wp-block-embed-youtube wp-embed-aspect-16-9 wp-has-aspect-ratio\"><div class=\"wp-block-embed__wrapper\">\n<div class=\"jeg_video_container jeg_video_content\"><iframe loading=\"lazy\" title=\"REVELADO: Como usar CAMISA para CRIAR LOOKS CHIQUES e ATEMPORAIS! CONFIRA AQUI\" width=\"500\" height=\"281\" src=\"https:\/\/www.youtube.com\/embed\/lUu1OgRDU00?feature=oembed\" frameborder=\"0\" allow=\"accelerometer; autoplay; clipboard-write; encrypted-media; gyroscope; picture-in-picture; web-share\" referrerpolicy=\"strict-origin-when-cross-origin\" allowfullscreen><\/iframe><\/div>\n<\/div><\/figure>\n\n\n\n<h2 class=\"wp-block-heading\">Praticidade e durabilidade para o seu acervo de moda<\/h2>\n\n\n\n<p>Investir em uma pe\u00e7a de alta qualidade significa ter um item que resiste \u00e0s lavagens sem perder o charme original das fibras. As tramas trabalhadas costumam disfar\u00e7ar melhor os pequenos amassados que surgem naturalmente durante as longas horas de uso no escrit\u00f3rio. Valorize a <strong>facilidade di\u00e1ria<\/strong> e selecione itens que exigem <strong>pouca manuten\u00e7\u00e3o<\/strong> t\u00e9cnica ou passadoria constante e exaustiva.<\/p>\n\n\n\n<p>A aus\u00eancia de estampas datadas faz com que essa tend\u00eancia permane\u00e7a atual por muito mais tempo no seu acervo pessoal de moda. Pe\u00e7as atemporais economizam recursos financeiros e ajudam a construir uma identidade visual mais s\u00f3lida e coerente com a maturidade. Utilize <strong>lavagem delicada<\/strong> para preservar as fibras e garantir <strong>longa vida \u00fatil<\/strong> ao seu novo investimento fashion.<\/p>\n\n\n\n<figure class=\"wp-block-embed is-type-rich is-provider-pinterest wp-block-embed-pinterest\"><div class=\"wp-block-embed__wrapper\">\n<iframe loading=\"lazy\" title=\"Outfit Ideas for Dresses Perfect for Casual and Formal Occasions\" src=\"https:\/\/assets.pinterest.com\/ext\/embed.html?id=1900024839702044&#038;src=oembed\" height=\"865\" width=\"450\" frameborder=\"0\" scrolling=\"no\" ><\/iframe>\n<\/div><\/figure>\n\n\n\n<h2 class=\"wp-block-heading\">O futuro do seu estilo invernal renovado<\/h2>\n\n\n\n<p>Abra\u00e7ar as novas texturas \u00e9 o caminho mais curto para modernizar sua imagem sem perder a sobriedade necess\u00e1ria. O toque do tecido sobre a pele renova sua experi\u00eancia com a moda autoral todos os dias. Escolha <strong>pe\u00e7as aut\u00eanticas<\/strong> agora.<\/p>\n\n\n\n<p>Deixe as listras antigas guardadas e experimente o poder do relevo monocrom\u00e1tico na sua pr\u00f3xima sa\u00edda importante. Sinta a confian\u00e7a de estar vestindo o que h\u00e1 de mais atual no cen\u00e1rio global. Garanta <strong>eleg\u00e2ncia total<\/strong> sempre.<\/p>\n","protected":false},"excerpt":{"rendered":"<p>Abri meu guarda-roupa para os dias frios e percebi que a cl\u00e1ssica camisa de textura tomou o lugar de destaque que antes pertencia \u00e0s listras tradicionais. Voc\u00ea est\u00e1 pronta para entender por que essa mudan\u00e7a sutil est\u00e1 transformando o visual das mulheres mais elegantes desta temporada? Por que as listras perderam o trono absoluto O [&hellip;]<\/p>\n","protected":false},"author":9,"featured_media":200891,"comment_status":"open","ping_status":"open","sticky":false,"template":"","format":"standard","meta":{"jnews-multi-image_gallery":[],"jnews_single_post":{"format":"standard"},"jnews_primary_category":[],"jnews_social_meta":[],"jnews_override_counter":[],"footnotes":""},"categories":[8691,29],"tags":[7062,6687,15217],"class_list":["post-200717","post","type-post","status-publish","format-standard","has-post-thumbnail","hentry","category-bem-estar","category-entretenimento","tag-moda-feminina","tag-outono-inverno","tag-tendencias-2026"],"yoast_head":"<!-- This site is optimized with the Yoast SEO plugin v23.8 - https:\/\/yoast.com\/wordpress\/plugins\/seo\/ -->\n<title>Adeus \u00e0 camisa listrada: a tend\u00eancia que est\u00e1 bombando neste outono-inverno de 2026 - Estado de Minas - Em foco<\/title>\n<meta name=\"description\" content=\"A camisa de textura substitui as listras no outono inverno de 2026 com eleg\u00e2ncia e sofistica\u00e7\u00e3o. Saiba como usar essa nova tend\u00eancia.\" \/>\n<meta name=\"robots\" content=\"index, follow, max-snippet:-1, max-image-preview:large, max-video-preview:-1\" \/>\n<link rel=\"canonical\" href=\"https:\/\/www.em.com.br\/emfoco\/2026\/04\/29\/adeus-a-camisa-listrada-a-tendencia-que-esta-bombando-neste-outono-inverno-de-2026\/\" \/>\n<meta property=\"og:locale\" content=\"pt_BR\" \/>\n<meta property=\"og:type\" content=\"article\" \/>\n<meta property=\"og:title\" content=\"Adeus \u00e0 camisa listrada: a tend\u00eancia que est\u00e1 bombando neste outono-inverno de 2026 - Estado de Minas - Em foco\" \/>\n<meta property=\"og:description\" content=\"A camisa de textura substitui as listras no outono inverno de 2026 com eleg\u00e2ncia e sofistica\u00e7\u00e3o. Saiba como usar essa nova tend\u00eancia.\" \/>\n<meta property=\"og:url\" content=\"https:\/\/www.em.com.br\/emfoco\/2026\/04\/29\/adeus-a-camisa-listrada-a-tendencia-que-esta-bombando-neste-outono-inverno-de-2026\/\" \/>\n<meta property=\"og:site_name\" content=\"Estado de Minas - Em foco\" \/>\n<meta property=\"article:published_time\" content=\"2026-04-29T22:15:00+00:00\" \/>\n<meta property=\"article:modified_time\" content=\"2026-04-28T16:25:54+00:00\" \/>\n<meta property=\"og:image\" content=\"https:\/\/www.em.com.br\/emfoco\/wp-content\/uploads\/2026\/04\/EmFoco_14-9.jpg\" \/>\n\t<meta property=\"og:image:width\" content=\"1280\" \/>\n\t<meta property=\"og:image:height\" content=\"720\" \/>\n\t<meta property=\"og:image:type\" content=\"image\/jpeg\" \/>\n<meta name=\"author\" content=\"Daniely Cardoso\" \/>\n<meta name=\"twitter:card\" content=\"summary_large_image\" \/>\n<meta name=\"twitter:label1\" content=\"Escrito por\" \/>\n\t<meta name=\"twitter:data1\" content=\"Daniely Cardoso\" \/>\n\t<meta name=\"twitter:label2\" content=\"Est. tempo de leitura\" \/>\n\t<meta name=\"twitter:data2\" content=\"5 minutos\" \/>\n<!-- \/ Yoast SEO plugin. -->","yoast_head_json":{"title":"Adeus \u00e0 camisa listrada: a tend\u00eancia que est\u00e1 bombando neste outono-inverno de 2026 - Estado de Minas - Em foco","description":"A camisa de textura substitui as listras no outono inverno de 2026 com eleg\u00e2ncia e sofistica\u00e7\u00e3o. Saiba como usar essa nova tend\u00eancia.","robots":{"index":"index","follow":"follow","max-snippet":"max-snippet:-1","max-image-preview":"max-image-preview:large","max-video-preview":"max-video-preview:-1"},"canonical":"https:\/\/www.em.com.br\/emfoco\/2026\/04\/29\/adeus-a-camisa-listrada-a-tendencia-que-esta-bombando-neste-outono-inverno-de-2026\/","og_locale":"pt_BR","og_type":"article","og_title":"Adeus \u00e0 camisa listrada: a tend\u00eancia que est\u00e1 bombando neste outono-inverno de 2026 - Estado de Minas - Em foco","og_description":"A camisa de textura substitui as listras no outono inverno de 2026 com eleg\u00e2ncia e sofistica\u00e7\u00e3o. Saiba como usar essa nova tend\u00eancia.","og_url":"https:\/\/www.em.com.br\/emfoco\/2026\/04\/29\/adeus-a-camisa-listrada-a-tendencia-que-esta-bombando-neste-outono-inverno-de-2026\/","og_site_name":"Estado de Minas - Em foco","article_published_time":"2026-04-29T22:15:00+00:00","article_modified_time":"2026-04-28T16:25:54+00:00","og_image":[{"width":1280,"height":720,"url":"https:\/\/www.em.com.br\/emfoco\/wp-content\/uploads\/2026\/04\/EmFoco_14-9.jpg","type":"image\/jpeg"}],"author":"Daniely Cardoso","twitter_card":"summary_large_image","twitter_misc":{"Escrito por":"Daniely Cardoso","Est. tempo de leitura":"5 minutos"},"schema":{"@context":"https:\/\/schema.org","@graph":[{"@type":"WebPage","@id":"https:\/\/www.em.com.br\/emfoco\/2026\/04\/29\/adeus-a-camisa-listrada-a-tendencia-que-esta-bombando-neste-outono-inverno-de-2026\/","url":"https:\/\/www.em.com.br\/emfoco\/2026\/04\/29\/adeus-a-camisa-listrada-a-tendencia-que-esta-bombando-neste-outono-inverno-de-2026\/","name":"Adeus \u00e0 camisa listrada: a tend\u00eancia que est\u00e1 bombando neste outono-inverno de 2026 - Estado de Minas - Em foco","isPartOf":{"@id":"https:\/\/www.em.com.br\/emfoco\/#website"},"primaryImageOfPage":{"@id":"https:\/\/www.em.com.br\/emfoco\/2026\/04\/29\/adeus-a-camisa-listrada-a-tendencia-que-esta-bombando-neste-outono-inverno-de-2026\/#primaryimage"},"image":{"@id":"https:\/\/www.em.com.br\/emfoco\/2026\/04\/29\/adeus-a-camisa-listrada-a-tendencia-que-esta-bombando-neste-outono-inverno-de-2026\/#primaryimage"},"thumbnailUrl":"https:\/\/www.em.com.br\/emfoco\/wp-content\/uploads\/2026\/04\/EmFoco_14-9.jpg","datePublished":"2026-04-29T22:15:00+00:00","dateModified":"2026-04-28T16:25:54+00:00","author":{"@id":"https:\/\/www.em.com.br\/emfoco\/#\/schema\/person\/0a8186d72f2c3a5c6276d90b41f271a0"},"description":"A camisa de textura substitui as listras no outono inverno de 2026 com eleg\u00e2ncia e sofistica\u00e7\u00e3o. Saiba como usar essa nova tend\u00eancia.","breadcrumb":{"@id":"https:\/\/www.em.com.br\/emfoco\/2026\/04\/29\/adeus-a-camisa-listrada-a-tendencia-que-esta-bombando-neste-outono-inverno-de-2026\/#breadcrumb"},"inLanguage":"pt-BR","potentialAction":[{"@type":"ReadAction","target":["https:\/\/www.em.com.br\/emfoco\/2026\/04\/29\/adeus-a-camisa-listrada-a-tendencia-que-esta-bombando-neste-outono-inverno-de-2026\/"]}]},{"@type":"ImageObject","inLanguage":"pt-BR","@id":"https:\/\/www.em.com.br\/emfoco\/2026\/04\/29\/adeus-a-camisa-listrada-a-tendencia-que-esta-bombando-neste-outono-inverno-de-2026\/#primaryimage","url":"https:\/\/www.em.com.br\/emfoco\/wp-content\/uploads\/2026\/04\/EmFoco_14-9.jpg","contentUrl":"https:\/\/www.em.com.br\/emfoco\/wp-content\/uploads\/2026\/04\/EmFoco_14-9.jpg","width":1280,"height":720,"caption":"Tend\u00eancia de moda invernal que prioriza relevos t\u00eaxteis e eleg\u00e2ncia monocrom\u00e1tica atemporal"},{"@type":"BreadcrumbList","@id":"https:\/\/www.em.com.br\/emfoco\/2026\/04\/29\/adeus-a-camisa-listrada-a-tendencia-que-esta-bombando-neste-outono-inverno-de-2026\/#breadcrumb","itemListElement":[{"@type":"ListItem","position":1,"name":"In\u00edcio","item":"https:\/\/www.em.com.br\/emfoco\/"},{"@type":"ListItem","position":2,"name":"Adeus \u00e0 camisa listrada: a tend\u00eancia que est\u00e1 bombando neste outono-inverno de 2026"}]},{"@type":"WebSite","@id":"https:\/\/www.em.com.br\/emfoco\/#website","url":"https:\/\/www.em.com.br\/emfoco\/","name":"Estado de Minas - Em foco","description":"Acompanhe as \u00faltimas not\u00edcias e fique bem informado sobre tudo o que acontece em Minas Gerais, Brasil e no mundo.","potentialAction":[{"@type":"SearchAction","target":{"@type":"EntryPoint","urlTemplate":"https:\/\/www.em.com.br\/emfoco\/?s={search_term_string}"},"query-input":{"@type":"PropertyValueSpecification","valueRequired":true,"valueName":"search_term_string"}}],"inLanguage":"pt-BR"},{"@type":"Person","@id":"https:\/\/www.em.com.br\/emfoco\/#\/schema\/person\/0a8186d72f2c3a5c6276d90b41f271a0","name":"Daniely Cardoso","image":{"@type":"ImageObject","inLanguage":"pt-BR","@id":"https:\/\/www.em.com.br\/emfoco\/#\/schema\/person\/image\/","url":"https:\/\/secure.gravatar.com\/avatar\/4b80ddbd124d1f071b626d52d62e5dff?s=96&d=mm&r=g","contentUrl":"https:\/\/secure.gravatar.com\/avatar\/4b80ddbd124d1f071b626d52d62e5dff?s=96&d=mm&r=g","caption":"Daniely Cardoso"},"url":"https:\/\/www.em.com.br\/emfoco\/author\/danielymyth\/"}]}},"_links":{"self":[{"href":"https:\/\/www.em.com.br\/emfoco\/wp-json\/wp\/v2\/posts\/200717","targetHints":{"allow":["GET"]}}],"collection":[{"href":"https:\/\/www.em.com.br\/emfoco\/wp-json\/wp\/v2\/posts"}],"about":[{"href":"https:\/\/www.em.com.br\/emfoco\/wp-json\/wp\/v2\/types\/post"}],"author":[{"embeddable":true,"href":"https:\/\/www.em.com.br\/emfoco\/wp-json\/wp\/v2\/users\/9"}],"replies":[{"embeddable":true,"href":"https:\/\/www.em.com.br\/emfoco\/wp-json\/wp\/v2\/comments?post=200717"}],"version-history":[{"count":1,"href":"https:\/\/www.em.com.br\/emfoco\/wp-json\/wp\/v2\/posts\/200717\/revisions"}],"predecessor-version":[{"id":200718,"href":"https:\/\/www.em.com.br\/emfoco\/wp-json\/wp\/v2\/posts\/200717\/revisions\/200718"}],"wp:featuredmedia":[{"embeddable":true,"href":"https:\/\/www.em.com.br\/emfoco\/wp-json\/wp\/v2\/media\/200891"}],"wp:attachment":[{"href":"https:\/\/www.em.com.br\/emfoco\/wp-json\/wp\/v2\/media?parent=200717"}],"wp:term":[{"taxonomy":"category","embeddable":true,"href":"https:\/\/www.em.com.br\/emfoco\/wp-json\/wp\/v2\/categories?post=200717"},{"taxonomy":"post_tag","embeddable":true,"href":"https:\/\/www.em.com.br\/emfoco\/wp-json\/wp\/v2\/tags?post=200717"}],"curies":[{"name":"wp","href":"https:\/\/api.w.org\/{rel}","templated":true}]}}