{"id":200712,"date":"2026-04-29T16:35:00","date_gmt":"2026-04-29T19:35:00","guid":{"rendered":"https:\/\/www.em.com.br\/emfoco\/?p=200712"},"modified":"2026-04-28T13:26:30","modified_gmt":"2026-04-28T16:26:30","slug":"o-blush-ideal-para-mulheres-depois-dos-50-que-rejuvenesce-a-pele-sem-marcar-a-textura-do-rosto","status":"publish","type":"post","link":"https:\/\/www.em.com.br\/emfoco\/2026\/04\/29\/o-blush-ideal-para-mulheres-depois-dos-50-que-rejuvenesce-a-pele-sem-marcar-a-textura-do-rosto\/","title":{"rendered":"O blush ideal para mulheres depois dos 50 que rejuvenesce a pele sem marcar a textura do rosto"},"content":{"rendered":"\n<p>Apliquei o <strong>blush para mulheres maduras<\/strong> antes de sair para o trabalho e percebi como o vi\u00e7o natural retornou instantaneamente para a minha pele. Voc\u00ea imagina qual \u00e9 o segredo para conseguir esse efeito de rejuvenescimento sem marcar as rugas mais profundas?<\/p>\n\n\n\n<h2 class=\"wp-block-heading\">Por que escolher o blush para mulheres maduras em creme<\/h2>\n\n\n\n<p>A pele madura tende a perder a hidrata\u00e7\u00e3o natural e o volume nas ma\u00e7\u00e3s do rosto com o passar dos anos acumulados. O uso do <strong>blush para mulheres maduras<\/strong> em formato cremoso ajuda a repor essa <strong>apar\u00eancia de frescor<\/strong> imediata na fisionomia. Voc\u00ea consegue um <strong>acabamento acetinado<\/strong> que reflete a luz de maneira muito mais jovem e suave do que os p\u00f3s convencionais.<\/p>\n\n\n\n<p>Evitar f\u00f3rmulas em p\u00f3 muito secas impede que os pigmentos se acumulem nas pequenas dobras da pele durante o dia agitado. Esses produtos mais densos oferecem uma <strong>textura aveludada<\/strong> que se funde perfeitamente com a base ou o protetor solar com cor. Priorize <strong>f\u00f3rmulas nutritivas<\/strong> que contenham ingredientes como \u00e1cido hialur\u00f4nico ou \u00f3leos vegetais leves para garantir um <strong>tratamento cont\u00ednuo<\/strong> enquanto voc\u00ea se embeleza.<\/p>\n\n\n<div class=\"wp-block-image\">\n<figure class=\"aligncenter size-large\"><img loading=\"lazy\" decoding=\"async\" width=\"1024\" height=\"576\" src=\"https:\/\/www.em.com.br\/emfoco\/wp-content\/uploads\/2026\/04\/blush_1777343511975-1024x576.jpg\" alt=\"blush para mulheres maduras\" class=\"wp-image-200713\" srcset=\"https:\/\/www.em.com.br\/emfoco\/wp-content\/uploads\/2026\/04\/blush_1777343511975-1024x576.jpg 1024w, https:\/\/www.em.com.br\/emfoco\/wp-content\/uploads\/2026\/04\/blush_1777343511975-300x169.jpg 300w, https:\/\/www.em.com.br\/emfoco\/wp-content\/uploads\/2026\/04\/blush_1777343511975-768x432.jpg 768w, https:\/\/www.em.com.br\/emfoco\/wp-content\/uploads\/2026\/04\/blush_1777343511975-750x422.jpg 750w, https:\/\/www.em.com.br\/emfoco\/wp-content\/uploads\/2026\/04\/blush_1777343511975-1140x641.jpg 1140w, https:\/\/www.em.com.br\/emfoco\/wp-content\/uploads\/2026\/04\/blush_1777343511975.jpg 1280w\" sizes=\"auto, (max-width: 1024px) 100vw, 1024px\" \/><figcaption class=\"wp-element-caption\">Evitar f\u00f3rmulas em p\u00f3 muito secas impede que os pigmentos se acumulem nas pequenas dobras da pele durante o dia agitado &#8211; Cr\u00e9ditos: depositphotos.com \/ IgorVetushko<\/figcaption><\/figure><\/div>\n\n\n<p>Leia tamb\u00e9m: <a href=\"https:\/\/www.em.com.br\/emfoco\/2026\/04\/26\/estes-5-minutos-de-autocuidado-no-banho-podem-transformar-a-autoestima-da-mulher-40-no-dia-a-dia\/\" target=\"_blank\" rel=\"noreferrer noopener\">Estes 5 minutos de autocuidado no banho podem transformar a autoestima da mulher 40+ no dia a dia<\/a><\/p>\n\n\n\n<h2 class=\"wp-block-heading\">Melhores cores de blush para mulheres maduras que rejuvenescem<\/h2>\n\n\n\n<p>Tons de p\u00eassego e rosados suaves costumam ser as escolhas ideais para iluminar o semblante de forma muito natural e elegante. Essas cores quentes neutralizam o aspecto p\u00e1lido ou acinzentado que pode surgir com a diminui\u00e7\u00e3o da circula\u00e7\u00e3o perif\u00e9rica na face. Escolha <strong>pigmentos transl\u00facidos<\/strong> para garantir uma <strong>transi\u00e7\u00e3o invis\u00edvel<\/strong> entre a maquiagem e o seu tom de pele real sem criar manchas artificiais.<\/p>\n\n\n\n<p>A aplica\u00e7\u00e3o estrat\u00e9gica do produto deve focar sempre na parte mais alta das bochechas para criar um efeito visual de levantamento imediato. \u00c9 interessante conhecer as varia\u00e7\u00f5es de produtos que melhor se comportam em climas quentes ou ambientes fechados com ar-condicionado constante. A lista a seguir apresenta as op\u00e7\u00f5es de acabamento que mais valorizam a beleza de quem busca praticidade e sofistica\u00e7\u00e3o:<\/p>\n\n\n\n<ul class=\"wp-block-list\">\n<li>Blush l\u00edquido para uma <strong>pigmenta\u00e7\u00e3o suave<\/strong> e de longa dura\u00e7\u00e3o em peles que transpiram com facilidade.<\/li>\n\n\n\n<li>Bast\u00f5es multifuncionais que facilitam o <strong>esfumado r\u00e1pido<\/strong> com a ponta dos dedos em qualquer lugar.<\/li>\n\n\n\n<li>S\u00e9runs coloridos que oferecem <strong>hidrata\u00e7\u00e3o profunda<\/strong> enquanto colorem o rosto levemente com ativos ben\u00e9ficos.<\/li>\n<\/ul>\n\n\n\n<figure class=\"wp-block-embed is-type-rich is-provider-pinterest wp-block-embed-pinterest\"><div class=\"wp-block-embed__wrapper\">\n<iframe loading=\"lazy\" title=\"Blush Ideal para seu Tom de Pele \ud83c\udf1f \u2764\ufe0fCurso Online de Maquiagem Apenas 37,00Link na Minha Bio \ud83d\ude09\ud83d\udc97#maquiagem #makeup #fyp #fypage #blush\" src=\"https:\/\/assets.pinterest.com\/ext\/embed.html?id=978407087803615913&#038;src=oembed\" height=\"898\" width=\"450\" frameborder=\"0\" scrolling=\"no\" ><\/iframe>\n<\/div><\/figure>\n\n\n\n<h2 class=\"wp-block-heading\">Como aplicar o blush para mulheres maduras sem erro<\/h2>\n\n\n\n<p>Sorrir levemente para identificar o centro da ma\u00e7\u00e3 do rosto ajuda a posicionar o pigmento no local correto para o seu formato facial \u00fanico. Evite aproximar a cor demais da regi\u00e3o do nariz para n\u00e3o criar um aspecto de rosto ca\u00eddo ou excessivamente cansado. Use <strong>movimentos ascendentes<\/strong> para promover um <strong>efeito lifting<\/strong> natural que valoriza os contornos da sua mand\u00edbula de forma muito sutil.<\/p>\n\n\n\n<p>Esfumar as bordas com um pincel de cerdas macias ou com uma esponja \u00famida garante que n\u00e3o fiquem marcas evidentes de maquiagem pesada. A delicadeza na aplica\u00e7\u00e3o evita que voc\u00ea sobrecarregue a pele e acabe destacando poros abertos ou pequenas cicatrizes antigas. Busque <strong>naturalidade total<\/strong> e uma <strong>ilumina\u00e7\u00e3o sutil<\/strong> para manter a eleg\u00e2ncia em qualquer evento social diurno ou noturno.<\/p>\n\n\n\n<p>Para voc\u00ea que gosta de se maquiar, separamos um v\u00eddeo do canal da <a href=\"https:\/\/www.youtube.com\/@LilianFigueiredomake\" target=\"_blank\" rel=\"noreferrer noopener\">Lilian Figueiredo <\/a>com dicas para escolehr um blush ideal:<\/p>\n\n\n\n<figure class=\"wp-block-embed is-type-video is-provider-youtube wp-block-embed-youtube wp-embed-aspect-16-9 wp-has-aspect-ratio\"><div class=\"wp-block-embed__wrapper\">\n<div class=\"jeg_video_container jeg_video_content\"><iframe loading=\"lazy\" title=\"GUIA DE BLUSHES: QUAL SEU BLUSH IDEAL? QUAL COR TE VALORIZA?MANEIRAS DE APLICAR E EFEITOS DIFERENTES\" width=\"500\" height=\"281\" src=\"https:\/\/www.youtube.com\/embed\/9IAIU7Wz4Gw?feature=oembed\" frameborder=\"0\" allow=\"accelerometer; autoplay; clipboard-write; encrypted-media; gyroscope; picture-in-picture; web-share\" referrerpolicy=\"strict-origin-when-cross-origin\" allowfullscreen><\/iframe><\/div>\n<\/div><\/figure>\n\n\n\n<h2 class=\"wp-block-heading\">Erros comuns ao maquiar o rosto maduro<\/h2>\n\n\n\n<p>Utilizar tons muito escuros ou roxos pode criar sombras profundas que pesam o olhar e envelhecem a fisionomia de forma desnecess\u00e1ria. O brilho excessivo com part\u00edculas de glitter tamb\u00e9m deve ser evitado para n\u00e3o chamar aten\u00e7\u00e3o indesejada para as irregularidades da pele. Opte por <strong>reflexos suaves<\/strong> que tragam uma <strong>sa\u00fade radiante<\/strong> sem parecer que voc\u00ea est\u00e1 usando uma m\u00e1scara desconfort\u00e1vel.<\/p>\n\n\n\n<p>Esquecer de preparar a pele com um bom hidratante antes de come\u00e7ar a pintura \u00e9 a falha mais grave na rotina de beleza. O produto precisa de uma superf\u00edcie lisa e \u00famida para deslizar corretamente e n\u00e3o craquelar ap\u00f3s algumas horas de uso. Garanta uma <strong>prepara\u00e7\u00e3o impec\u00e1vel<\/strong> para obter <strong>resultados duradouros<\/strong> e manter a eleg\u00e2ncia durante todo o seu compromisso agendado.<\/p>\n\n\n\n<h2 class=\"wp-block-heading\">Valorize sua beleza natural com o tom certo<\/h2>\n\n\n\n<p>Adote produtos que respeitem a nova fase da sua vida e tragam conforto para o seu cotidiano moderno. Experimentar novas texturas renova a sua autoestima e permite que voc\u00ea se sinta sempre cuidada. Escolha <strong>marcas confi\u00e1veis<\/strong> e mantenha a <strong>praticidade di\u00e1ria<\/strong>.<\/p>\n\n\n\n<p>Sinta orgulho das suas conquistas e utilize a maquiagem apenas para real\u00e7ar a mulher incr\u00edvel que voc\u00ea se tornou. A cor certa no rosto traz uma vitalidade que ilumina o esp\u00edrito e os seus relacionamentos. Busque <strong>vi\u00e7o real<\/strong> e muita <strong>confian\u00e7a pessoal<\/strong>.<\/p>\n","protected":false},"excerpt":{"rendered":"<p>Apliquei o blush para mulheres maduras antes de sair para o trabalho e percebi como o vi\u00e7o natural retornou instantaneamente para a minha pele. Voc\u00ea imagina qual \u00e9 o segredo para conseguir esse efeito de rejuvenescimento sem marcar as rugas mais profundas? Por que escolher o blush para mulheres maduras em creme A pele madura [&hellip;]<\/p>\n","protected":false},"author":9,"featured_media":200887,"comment_status":"open","ping_status":"open","sticky":false,"template":"","format":"standard","meta":{"jnews-multi-image_gallery":[],"jnews_single_post":{"format":"standard"},"jnews_primary_category":[],"jnews_social_meta":[],"jnews_override_counter":[],"footnotes":""},"categories":[8691,29],"tags":[4914,7073,2782],"class_list":["post-200712","post","type-post","status-publish","format-standard","has-post-thumbnail","hentry","category-bem-estar","category-entretenimento","tag-maquiagem","tag-pele-madura","tag-rejuvenescimento"],"yoast_head":"<!-- This site is optimized with the Yoast SEO plugin v23.8 - https:\/\/yoast.com\/wordpress\/plugins\/seo\/ -->\n<title>O blush ideal para mulheres depois dos 50 que rejuvenesce a pele sem marcar a textura do rosto - Estado de Minas - Em foco<\/title>\n<meta name=\"description\" content=\"O blush para mulheres maduras devolve o vi\u00e7o e o brilho natural sem marcar rugas ou poros. Saiba como escolher as cores ideais.\" \/>\n<meta name=\"robots\" content=\"index, follow, max-snippet:-1, max-image-preview:large, max-video-preview:-1\" \/>\n<link rel=\"canonical\" href=\"https:\/\/www.em.com.br\/emfoco\/2026\/04\/29\/o-blush-ideal-para-mulheres-depois-dos-50-que-rejuvenesce-a-pele-sem-marcar-a-textura-do-rosto\/\" \/>\n<meta property=\"og:locale\" content=\"pt_BR\" \/>\n<meta property=\"og:type\" content=\"article\" \/>\n<meta property=\"og:title\" content=\"O blush ideal para mulheres depois dos 50 que rejuvenesce a pele sem marcar a textura do rosto - Estado de Minas - Em foco\" \/>\n<meta property=\"og:description\" content=\"O blush para mulheres maduras devolve o vi\u00e7o e o brilho natural sem marcar rugas ou poros. Saiba como escolher as cores ideais.\" \/>\n<meta property=\"og:url\" content=\"https:\/\/www.em.com.br\/emfoco\/2026\/04\/29\/o-blush-ideal-para-mulheres-depois-dos-50-que-rejuvenesce-a-pele-sem-marcar-a-textura-do-rosto\/\" \/>\n<meta property=\"og:site_name\" content=\"Estado de Minas - Em foco\" \/>\n<meta property=\"article:published_time\" content=\"2026-04-29T19:35:00+00:00\" \/>\n<meta property=\"article:modified_time\" content=\"2026-04-28T16:26:30+00:00\" \/>\n<meta property=\"og:image\" content=\"https:\/\/www.em.com.br\/emfoco\/wp-content\/uploads\/2026\/04\/EmFoco_18-8.jpg\" \/>\n\t<meta property=\"og:image:width\" content=\"1280\" \/>\n\t<meta property=\"og:image:height\" content=\"720\" \/>\n\t<meta property=\"og:image:type\" content=\"image\/jpeg\" \/>\n<meta name=\"author\" content=\"Daniely Cardoso\" \/>\n<meta name=\"twitter:card\" content=\"summary_large_image\" \/>\n<meta name=\"twitter:label1\" content=\"Escrito por\" \/>\n\t<meta name=\"twitter:data1\" content=\"Daniely Cardoso\" \/>\n\t<meta name=\"twitter:label2\" content=\"Est. tempo de leitura\" \/>\n\t<meta name=\"twitter:data2\" content=\"5 minutos\" \/>\n<!-- \/ Yoast SEO plugin. -->","yoast_head_json":{"title":"O blush ideal para mulheres depois dos 50 que rejuvenesce a pele sem marcar a textura do rosto - Estado de Minas - Em foco","description":"O blush para mulheres maduras devolve o vi\u00e7o e o brilho natural sem marcar rugas ou poros. Saiba como escolher as cores ideais.","robots":{"index":"index","follow":"follow","max-snippet":"max-snippet:-1","max-image-preview":"max-image-preview:large","max-video-preview":"max-video-preview:-1"},"canonical":"https:\/\/www.em.com.br\/emfoco\/2026\/04\/29\/o-blush-ideal-para-mulheres-depois-dos-50-que-rejuvenesce-a-pele-sem-marcar-a-textura-do-rosto\/","og_locale":"pt_BR","og_type":"article","og_title":"O blush ideal para mulheres depois dos 50 que rejuvenesce a pele sem marcar a textura do rosto - Estado de Minas - Em foco","og_description":"O blush para mulheres maduras devolve o vi\u00e7o e o brilho natural sem marcar rugas ou poros. Saiba como escolher as cores ideais.","og_url":"https:\/\/www.em.com.br\/emfoco\/2026\/04\/29\/o-blush-ideal-para-mulheres-depois-dos-50-que-rejuvenesce-a-pele-sem-marcar-a-textura-do-rosto\/","og_site_name":"Estado de Minas - Em foco","article_published_time":"2026-04-29T19:35:00+00:00","article_modified_time":"2026-04-28T16:26:30+00:00","og_image":[{"width":1280,"height":720,"url":"https:\/\/www.em.com.br\/emfoco\/wp-content\/uploads\/2026\/04\/EmFoco_18-8.jpg","type":"image\/jpeg"}],"author":"Daniely Cardoso","twitter_card":"summary_large_image","twitter_misc":{"Escrito por":"Daniely Cardoso","Est. tempo de leitura":"5 minutos"},"schema":{"@context":"https:\/\/schema.org","@graph":[{"@type":"WebPage","@id":"https:\/\/www.em.com.br\/emfoco\/2026\/04\/29\/o-blush-ideal-para-mulheres-depois-dos-50-que-rejuvenesce-a-pele-sem-marcar-a-textura-do-rosto\/","url":"https:\/\/www.em.com.br\/emfoco\/2026\/04\/29\/o-blush-ideal-para-mulheres-depois-dos-50-que-rejuvenesce-a-pele-sem-marcar-a-textura-do-rosto\/","name":"O blush ideal para mulheres depois dos 50 que rejuvenesce a pele sem marcar a textura do rosto - Estado de Minas - Em foco","isPartOf":{"@id":"https:\/\/www.em.com.br\/emfoco\/#website"},"primaryImageOfPage":{"@id":"https:\/\/www.em.com.br\/emfoco\/2026\/04\/29\/o-blush-ideal-para-mulheres-depois-dos-50-que-rejuvenesce-a-pele-sem-marcar-a-textura-do-rosto\/#primaryimage"},"image":{"@id":"https:\/\/www.em.com.br\/emfoco\/2026\/04\/29\/o-blush-ideal-para-mulheres-depois-dos-50-que-rejuvenesce-a-pele-sem-marcar-a-textura-do-rosto\/#primaryimage"},"thumbnailUrl":"https:\/\/www.em.com.br\/emfoco\/wp-content\/uploads\/2026\/04\/EmFoco_18-8.jpg","datePublished":"2026-04-29T19:35:00+00:00","dateModified":"2026-04-28T16:26:30+00:00","author":{"@id":"https:\/\/www.em.com.br\/emfoco\/#\/schema\/person\/0a8186d72f2c3a5c6276d90b41f271a0"},"description":"O blush para mulheres maduras devolve o vi\u00e7o e o brilho natural sem marcar rugas ou poros. Saiba como escolher as cores ideais.","breadcrumb":{"@id":"https:\/\/www.em.com.br\/emfoco\/2026\/04\/29\/o-blush-ideal-para-mulheres-depois-dos-50-que-rejuvenesce-a-pele-sem-marcar-a-textura-do-rosto\/#breadcrumb"},"inLanguage":"pt-BR","potentialAction":[{"@type":"ReadAction","target":["https:\/\/www.em.com.br\/emfoco\/2026\/04\/29\/o-blush-ideal-para-mulheres-depois-dos-50-que-rejuvenesce-a-pele-sem-marcar-a-textura-do-rosto\/"]}]},{"@type":"ImageObject","inLanguage":"pt-BR","@id":"https:\/\/www.em.com.br\/emfoco\/2026\/04\/29\/o-blush-ideal-para-mulheres-depois-dos-50-que-rejuvenesce-a-pele-sem-marcar-a-textura-do-rosto\/#primaryimage","url":"https:\/\/www.em.com.br\/emfoco\/wp-content\/uploads\/2026\/04\/EmFoco_18-8.jpg","contentUrl":"https:\/\/www.em.com.br\/emfoco\/wp-content\/uploads\/2026\/04\/EmFoco_18-8.jpg","width":1280,"height":720,"caption":"Maquiagem com texturas cremosas que devolve o vi\u00e7o natural sem marcar rugas"},{"@type":"BreadcrumbList","@id":"https:\/\/www.em.com.br\/emfoco\/2026\/04\/29\/o-blush-ideal-para-mulheres-depois-dos-50-que-rejuvenesce-a-pele-sem-marcar-a-textura-do-rosto\/#breadcrumb","itemListElement":[{"@type":"ListItem","position":1,"name":"In\u00edcio","item":"https:\/\/www.em.com.br\/emfoco\/"},{"@type":"ListItem","position":2,"name":"O blush ideal para mulheres depois dos 50 que rejuvenesce a pele sem marcar a textura do rosto"}]},{"@type":"WebSite","@id":"https:\/\/www.em.com.br\/emfoco\/#website","url":"https:\/\/www.em.com.br\/emfoco\/","name":"Estado de Minas - Em foco","description":"Acompanhe as \u00faltimas not\u00edcias e fique bem informado sobre tudo o que acontece em Minas Gerais, Brasil e no mundo.","potentialAction":[{"@type":"SearchAction","target":{"@type":"EntryPoint","urlTemplate":"https:\/\/www.em.com.br\/emfoco\/?s={search_term_string}"},"query-input":{"@type":"PropertyValueSpecification","valueRequired":true,"valueName":"search_term_string"}}],"inLanguage":"pt-BR"},{"@type":"Person","@id":"https:\/\/www.em.com.br\/emfoco\/#\/schema\/person\/0a8186d72f2c3a5c6276d90b41f271a0","name":"Daniely Cardoso","image":{"@type":"ImageObject","inLanguage":"pt-BR","@id":"https:\/\/www.em.com.br\/emfoco\/#\/schema\/person\/image\/","url":"https:\/\/secure.gravatar.com\/avatar\/4b80ddbd124d1f071b626d52d62e5dff?s=96&d=mm&r=g","contentUrl":"https:\/\/secure.gravatar.com\/avatar\/4b80ddbd124d1f071b626d52d62e5dff?s=96&d=mm&r=g","caption":"Daniely Cardoso"},"url":"https:\/\/www.em.com.br\/emfoco\/author\/danielymyth\/"}]}},"_links":{"self":[{"href":"https:\/\/www.em.com.br\/emfoco\/wp-json\/wp\/v2\/posts\/200712","targetHints":{"allow":["GET"]}}],"collection":[{"href":"https:\/\/www.em.com.br\/emfoco\/wp-json\/wp\/v2\/posts"}],"about":[{"href":"https:\/\/www.em.com.br\/emfoco\/wp-json\/wp\/v2\/types\/post"}],"author":[{"embeddable":true,"href":"https:\/\/www.em.com.br\/emfoco\/wp-json\/wp\/v2\/users\/9"}],"replies":[{"embeddable":true,"href":"https:\/\/www.em.com.br\/emfoco\/wp-json\/wp\/v2\/comments?post=200712"}],"version-history":[{"count":1,"href":"https:\/\/www.em.com.br\/emfoco\/wp-json\/wp\/v2\/posts\/200712\/revisions"}],"predecessor-version":[{"id":200714,"href":"https:\/\/www.em.com.br\/emfoco\/wp-json\/wp\/v2\/posts\/200712\/revisions\/200714"}],"wp:featuredmedia":[{"embeddable":true,"href":"https:\/\/www.em.com.br\/emfoco\/wp-json\/wp\/v2\/media\/200887"}],"wp:attachment":[{"href":"https:\/\/www.em.com.br\/emfoco\/wp-json\/wp\/v2\/media?parent=200712"}],"wp:term":[{"taxonomy":"category","embeddable":true,"href":"https:\/\/www.em.com.br\/emfoco\/wp-json\/wp\/v2\/categories?post=200712"},{"taxonomy":"post_tag","embeddable":true,"href":"https:\/\/www.em.com.br\/emfoco\/wp-json\/wp\/v2\/tags?post=200712"}],"curies":[{"name":"wp","href":"https:\/\/api.w.org\/{rel}","templated":true}]}}