{"id":200703,"date":"2026-04-29T12:05:00","date_gmt":"2026-04-29T15:05:00","guid":{"rendered":"https:\/\/www.em.com.br\/emfoco\/?p=200703"},"modified":"2026-04-28T13:32:44","modified_gmt":"2026-04-28T16:32:44","slug":"os-3-cortes-de-cabelo-para-mulheres-de-50-que-rejuvenescem-o-visual-e-exigem-pouca-manutencao","status":"publish","type":"post","link":"https:\/\/www.em.com.br\/emfoco\/2026\/04\/29\/os-3-cortes-de-cabelo-para-mulheres-de-50-que-rejuvenescem-o-visual-e-exigem-pouca-manutencao\/","title":{"rendered":"Os 3 cortes de cabelo para mulheres de 50+ que rejuvenescem o visual e exigem pouca manuten\u00e7\u00e3o"},"content":{"rendered":"\n<p>Minha tia passou horas na frente do espelho tentando disfar\u00e7ar o cansa\u00e7o do rosto com acess\u00f3rios caros antes de finalmente testar os <strong>cortes de cabelo rejuvenescedores<\/strong>. Ser\u00e1 que uma simples mudan\u00e7a no comprimento dos fios consegue apagar anos da sua express\u00e3o facial sem exigir visitas semanais ao sal\u00e3o de beleza?<\/p>\n\n\n\n<h2 class=\"wp-block-heading\">Por que investir em cortes de cabelo rejuvenescedores<\/h2>\n\n\n\n<p>O envelhecimento natural altera a textura e o volume das madeixas de forma bastante vis\u00edvel ao longo das d\u00e9cadas vividas com muita intensidade e sabedoria. Muitas mulheres percebem que o estilo utilizado aos trinta anos j\u00e1 n\u00e3o valoriza mais os seus tra\u00e7os faciais atuais e buscam por <strong>renova\u00e7\u00e3o imediata<\/strong>. Adotar os novos modelos devolve o <strong>movimento natural<\/strong> dos fios e traz uma <strong>luminosidade incr\u00edvel<\/strong> para a pele madura que precisa de destaque.<\/p>\n\n\n\n<p>A escolha correta do formato ajuda a suavizar linhas de express\u00e3o e destacar os pontos fortes da sua estrutura \u00f3ssea facial de maneira elegante. Fios muito longos e retos costumam pesar o visual geral e criar sombras indesejadas na regi\u00e3o sens\u00edvel do pesco\u00e7o e do queixo. Busque <strong>estilos modernos<\/strong> que ofere\u00e7am <strong>praticidade di\u00e1ria<\/strong> absoluta e um toque de sofistica\u00e7\u00e3o para elevar a sua imagem pessoal em qualquer ambiente.<\/p>\n\n\n<div class=\"wp-block-image\">\n<figure class=\"aligncenter size-large\"><img loading=\"lazy\" decoding=\"async\" width=\"1024\" height=\"576\" src=\"https:\/\/www.em.com.br\/emfoco\/wp-content\/uploads\/2026\/04\/cabelo-curto-1-1-1024x576.jpg\" alt=\"cortes de cabelo rejuvenescedores\" class=\"wp-image-190490\" srcset=\"https:\/\/www.em.com.br\/emfoco\/wp-content\/uploads\/2026\/04\/cabelo-curto-1-1-1024x576.jpg 1024w, https:\/\/www.em.com.br\/emfoco\/wp-content\/uploads\/2026\/04\/cabelo-curto-1-1-300x169.jpg 300w, https:\/\/www.em.com.br\/emfoco\/wp-content\/uploads\/2026\/04\/cabelo-curto-1-1-768x432.jpg 768w, https:\/\/www.em.com.br\/emfoco\/wp-content\/uploads\/2026\/04\/cabelo-curto-1-1-750x422.jpg 750w, https:\/\/www.em.com.br\/emfoco\/wp-content\/uploads\/2026\/04\/cabelo-curto-1-1-1140x641.jpg 1140w, https:\/\/www.em.com.br\/emfoco\/wp-content\/uploads\/2026\/04\/cabelo-curto-1-1.jpg 1280w\" sizes=\"auto, (max-width: 1024px) 100vw, 1024px\" \/><figcaption class=\"wp-element-caption\">Para conquistar essa textura, o profissional costuma usar t\u00e9cnicas de desfiado ou navalha, criando mechas irregulares<\/figcaption><\/figure><\/div>\n\n\n<p>Leia tamb\u00e9m: <a href=\"https:\/\/www.em.com.br\/emfoco\/2026\/04\/25\/os-cortes-que-favorecem-cabelos-grossos-independentemente-da-textura-ou-comprimento\/\" target=\"_blank\" rel=\"noreferrer noopener\">Os cortes que favorecem cabelos grossos, independentemente da textura ou comprimento<\/a><\/p>\n\n\n\n<h2 class=\"wp-block-heading\">O charme do corte Pixie e dos cortes de cabelo rejuvenescedores<\/h2>\n\n\n\n<p>O estilo Pixie se destaca como uma das op\u00e7\u00f5es mais pr\u00e1ticas para quem deseja eliminar o peso excessivo dos fios com muita atitude. Essa escolha permite que voc\u00ea gaste poucos minutos na finaliza\u00e7\u00e3o di\u00e1ria utilizando apenas uma pequena quantidade de pomada modeladora de boa qualidade. Os visuais curtos real\u00e7am o <strong>olhar expressivo<\/strong> da mulher madura e promovem uma <strong>sensa\u00e7\u00e3o de liberdade<\/strong> \u00fanica para enfrentar a rotina contempor\u00e2nea.<\/p>\n\n\n\n<p>Existem diversas varia\u00e7\u00f5es desse modelo que se adaptam perfeitamente a diferentes tipos de rostos e densidades capilares espec\u00edficas encontradas em cada cliente. Abaixo est\u00e3o as principais raz\u00f5es pelas quais esse visual curto permanece no topo das tend\u00eancias de beleza para o p\u00fablico que busca por <strong>agilidade e eleg\u00e2ncia<\/strong>:<\/p>\n\n\n\n<ul class=\"wp-block-list\">\n<li>Facilidade extrema para realizar a <strong>lavagem e secagem<\/strong> r\u00e1pida durante a rotina agitada do seu dia a dia profissional.<\/li>\n\n\n\n<li>Destaque natural para as <strong>ma\u00e7\u00e3s do rosto<\/strong> e pesco\u00e7o criando um perfil visual muito mais alongado e sofisticado.<\/li>\n\n\n\n<li>Redu\u00e7\u00e3o dr\u00e1stica no uso frequente de <strong>produtos qu\u00edmicos<\/strong> pesados para manter a sa\u00fade e o brilho do couro cabeludo.<\/li>\n<\/ul>\n\n\n\n<figure class=\"wp-block-embed is-type-rich is-provider-pinterest wp-block-embed-pinterest\"><div class=\"wp-block-embed__wrapper\">\n<iframe loading=\"lazy\" title=\"Antes e Depois ( Before and After).\" src=\"https:\/\/assets.pinterest.com\/ext\/embed.html?id=394487248624881446&#038;src=oembed\" height=\"899\" width=\"450\" frameborder=\"0\" scrolling=\"no\" ><\/iframe>\n<\/div><\/figure>\n\n\n\n<h2 class=\"wp-block-heading\">Bob repicado \u00e9 um dos cortes de cabelo rejuvenescedores mais amados<\/h2>\n\n\n\n<p>O famoso Bob repicado \u00e9 vers\u00e1til o suficiente para transitar entre o cl\u00e1ssico e o moderno com muita fluidez em diferentes ocasi\u00f5es sociais. Suas camadas estrategicamente cortadas criam um volume natural que disfar\u00e7a com efici\u00eancia o afinamento dos fios comum ap\u00f3s o per\u00edodo da menopausa. Esse modelo oferece uma <strong>moldura suave<\/strong> para o rosto que suaviza \u00e2ngulos r\u00edgidos e proporciona um <strong>aspecto saud\u00e1vel<\/strong> imediato para o visual.<\/p>\n\n\n\n<p>Manter esse comprimento m\u00e9dio exige poucas manuten\u00e7\u00f5es profissionais e permite varia\u00e7\u00f5es de uso como o efeito ondulado ou o liso totalmente impec\u00e1vel. O movimento constante das pontas desconectadas traz uma energia din\u00e2mica que ajuda a neutralizar a seriedade excessiva de alguns looks mais tradicionais. Utilize <strong>finalizadores leves<\/strong> para conquistar <strong>balan\u00e7o natural<\/strong> e garantir que o corte mantenha a sua forma original por v\u00e1rias semanas seguidas.<\/p>\n\n\n\n<p>Para voc\u00ea que gosta de se cuidar, separamos um v\u00eddeo do canal da <a href=\"https:\/\/www.youtube.com\/@isabellamorettiBR\" target=\"_blank\" rel=\"noreferrer noopener\">Isabella Moretti<\/a> com dicas de cortes apra ficar eleg\u00e2nte:<\/p>\n\n\n\n<figure class=\"wp-block-embed is-type-video is-provider-youtube wp-block-embed-youtube wp-embed-aspect-16-9 wp-has-aspect-ratio\"><div class=\"wp-block-embed__wrapper\">\n<div class=\"jeg_video_container jeg_video_content\"><iframe loading=\"lazy\" title=\"7 CORTES DE CABELO Que REJUVENESCEM e Te Deixam Com Apar\u00eancia De MULHER RICA\" width=\"500\" height=\"281\" src=\"https:\/\/www.youtube.com\/embed\/VXlkTWKSva4?start=243&#038;feature=oembed\" frameborder=\"0\" allow=\"accelerometer; autoplay; clipboard-write; encrypted-media; gyroscope; picture-in-picture; web-share\" referrerpolicy=\"strict-origin-when-cross-origin\" allowfullscreen><\/iframe><\/div>\n<\/div><\/figure>\n\n\n\n<h2 class=\"wp-block-heading\">Melhores formas de manter o brilho dos fios brancos<\/h2>\n\n\n\n<p>Cuidar da sa\u00fade capilar \u00e9 t\u00e3o importante quanto escolher o design ideal para o seu novo momento de vida e maturidade pessoal. Cabelos grisalhos ou totalmente brancos tendem a ficar mais ressecados e precisam de hidrata\u00e7\u00f5es potentes para manter o brilho prateado sempre em evid\u00eancia. Utilize <strong>m\u00e1scaras nutritivas<\/strong> e \u00f3leos finalizadores de alta performance para garantir que a <strong>textura sedosa<\/strong> permane\u00e7a evidente em todos os \u00e2ngulos poss\u00edveis.<\/p>\n\n\n\n<p>O corte certo facilita muito a absor\u00e7\u00e3o de nutrientes vitais e evita a forma\u00e7\u00e3o de pontas duplas que envelhecem a apar\u00eancia geral do cabelo. Evite o uso de ferramentas de calor em excesso sem a prote\u00e7\u00e3o t\u00e9rmica adequada para n\u00e3o comprometer a estrutura delicada da fibra capilar. Priorize <strong>shampoos espec\u00edficos<\/strong> para neutralizar tons amarelados indesejados e manter a <strong>cor vibrante<\/strong> e luminosa por muito mais tempo entre as lavagens.<\/p>\n\n\n\n<figure class=\"wp-block-embed is-type-rich is-provider-pinterest wp-block-embed-pinterest\"><div class=\"wp-block-embed__wrapper\">\n<iframe loading=\"lazy\" title=\" \" src=\"https:\/\/assets.pinterest.com\/ext\/embed.html?id=8866530511774687&#038;src=oembed\" height=\"899\" width=\"450\" frameborder=\"0\" scrolling=\"no\" ><\/iframe>\n<\/div><\/figure>\n\n\n\n<h2 class=\"wp-block-heading\">Celebre sua maturidade com estilo<\/h2>\n\n\n\n<p>Aceitar as mudan\u00e7as do tempo com eleg\u00e2ncia reflete uma autoconfian\u00e7a que nenhuma maquiagem consegue substituir com perfei\u00e7\u00e3o absoluta no cotidiano. Escolha um visual que combine com a sua personalidade e facilite as suas tarefas cotidianas mais importantes de forma fluida. Sinta-se <strong>segura e bonita<\/strong> em todas as etapas da sua jornada pessoal de <strong>autocuidado constante<\/strong> e renovador.<\/p>\n\n\n\n<p>Pequenas transforma\u00e7\u00f5es no espelho geram grandes impactos positivos no seu bem-estar emocional e na sua disposi\u00e7\u00e3o para viver novas experi\u00eancias incr\u00edveis. Valorize o seu rosto com formas que tragam luz e suavidade para os seus tra\u00e7os naturais mais bonitos e marcantes. Invista em <strong>praticidade sofisticada<\/strong> para brilhar com <strong>muita autenticidade<\/strong> agora e sempre em qualquer lugar.<\/p>\n","protected":false},"excerpt":{"rendered":"<p>Minha tia passou horas na frente do espelho tentando disfar\u00e7ar o cansa\u00e7o do rosto com acess\u00f3rios caros antes de finalmente testar os cortes de cabelo rejuvenescedores. Ser\u00e1 que uma simples mudan\u00e7a no comprimento dos fios consegue apagar anos da sua express\u00e3o facial sem exigir visitas semanais ao sal\u00e3o de beleza? Por que investir em cortes [&hellip;]<\/p>\n","protected":false},"author":9,"featured_media":200899,"comment_status":"open","ping_status":"open","sticky":false,"template":"","format":"standard","meta":{"jnews-multi-image_gallery":[],"jnews_single_post":{"format":"standard"},"jnews_primary_category":[],"jnews_social_meta":[],"jnews_override_counter":[],"footnotes":""},"categories":[8691,29],"tags":[8408,28925,14398],"class_list":["post-200703","post","type-post","status-publish","format-standard","has-post-thumbnail","hentry","category-bem-estar","category-entretenimento","tag-beleza-feminina","tag-cabelos-50","tag-dicas-de-estilo"],"yoast_head":"<!-- This site is optimized with the Yoast SEO plugin v23.8 - https:\/\/yoast.com\/wordpress\/plugins\/seo\/ -->\n<title>Os 3 cortes de cabelo para mulheres de 50+ que rejuvenescem o visual e exigem pouca manuten\u00e7\u00e3o - Estado de Minas - Em foco<\/title>\n<meta name=\"description\" content=\"Adote os melhores cortes de cabelo rejuvenescedores para renovar o visual aos 50 anos com praticidade. Ganhe estilo e brilho com estas dicas.\" \/>\n<meta name=\"robots\" content=\"index, follow, max-snippet:-1, max-image-preview:large, max-video-preview:-1\" \/>\n<link rel=\"canonical\" href=\"https:\/\/www.em.com.br\/emfoco\/2026\/04\/29\/os-3-cortes-de-cabelo-para-mulheres-de-50-que-rejuvenescem-o-visual-e-exigem-pouca-manutencao\/\" \/>\n<meta property=\"og:locale\" content=\"pt_BR\" \/>\n<meta property=\"og:type\" content=\"article\" \/>\n<meta property=\"og:title\" content=\"Os 3 cortes de cabelo para mulheres de 50+ que rejuvenescem o visual e exigem pouca manuten\u00e7\u00e3o - Estado de Minas - Em foco\" \/>\n<meta property=\"og:description\" content=\"Adote os melhores cortes de cabelo rejuvenescedores para renovar o visual aos 50 anos com praticidade. Ganhe estilo e brilho com estas dicas.\" \/>\n<meta property=\"og:url\" content=\"https:\/\/www.em.com.br\/emfoco\/2026\/04\/29\/os-3-cortes-de-cabelo-para-mulheres-de-50-que-rejuvenescem-o-visual-e-exigem-pouca-manutencao\/\" \/>\n<meta property=\"og:site_name\" content=\"Estado de Minas - Em foco\" \/>\n<meta property=\"article:published_time\" content=\"2026-04-29T15:05:00+00:00\" \/>\n<meta property=\"article:modified_time\" content=\"2026-04-28T16:32:44+00:00\" \/>\n<meta property=\"og:image\" content=\"https:\/\/www.em.com.br\/emfoco\/wp-content\/uploads\/2026\/04\/EmFoco_27-7.jpg\" \/>\n\t<meta property=\"og:image:width\" content=\"1280\" \/>\n\t<meta property=\"og:image:height\" content=\"720\" \/>\n\t<meta property=\"og:image:type\" content=\"image\/jpeg\" \/>\n<meta name=\"author\" content=\"Daniely Cardoso\" \/>\n<meta name=\"twitter:card\" content=\"summary_large_image\" \/>\n<meta name=\"twitter:label1\" content=\"Escrito por\" \/>\n\t<meta name=\"twitter:data1\" content=\"Daniely Cardoso\" \/>\n\t<meta name=\"twitter:label2\" content=\"Est. tempo de leitura\" \/>\n\t<meta name=\"twitter:data2\" content=\"5 minutos\" \/>\n<!-- \/ Yoast SEO plugin. -->","yoast_head_json":{"title":"Os 3 cortes de cabelo para mulheres de 50+ que rejuvenescem o visual e exigem pouca manuten\u00e7\u00e3o - Estado de Minas - Em foco","description":"Adote os melhores cortes de cabelo rejuvenescedores para renovar o visual aos 50 anos com praticidade. Ganhe estilo e brilho com estas dicas.","robots":{"index":"index","follow":"follow","max-snippet":"max-snippet:-1","max-image-preview":"max-image-preview:large","max-video-preview":"max-video-preview:-1"},"canonical":"https:\/\/www.em.com.br\/emfoco\/2026\/04\/29\/os-3-cortes-de-cabelo-para-mulheres-de-50-que-rejuvenescem-o-visual-e-exigem-pouca-manutencao\/","og_locale":"pt_BR","og_type":"article","og_title":"Os 3 cortes de cabelo para mulheres de 50+ que rejuvenescem o visual e exigem pouca manuten\u00e7\u00e3o - Estado de Minas - Em foco","og_description":"Adote os melhores cortes de cabelo rejuvenescedores para renovar o visual aos 50 anos com praticidade. Ganhe estilo e brilho com estas dicas.","og_url":"https:\/\/www.em.com.br\/emfoco\/2026\/04\/29\/os-3-cortes-de-cabelo-para-mulheres-de-50-que-rejuvenescem-o-visual-e-exigem-pouca-manutencao\/","og_site_name":"Estado de Minas - Em foco","article_published_time":"2026-04-29T15:05:00+00:00","article_modified_time":"2026-04-28T16:32:44+00:00","og_image":[{"width":1280,"height":720,"url":"https:\/\/www.em.com.br\/emfoco\/wp-content\/uploads\/2026\/04\/EmFoco_27-7.jpg","type":"image\/jpeg"}],"author":"Daniely Cardoso","twitter_card":"summary_large_image","twitter_misc":{"Escrito por":"Daniely Cardoso","Est. tempo de leitura":"5 minutos"},"schema":{"@context":"https:\/\/schema.org","@graph":[{"@type":"WebPage","@id":"https:\/\/www.em.com.br\/emfoco\/2026\/04\/29\/os-3-cortes-de-cabelo-para-mulheres-de-50-que-rejuvenescem-o-visual-e-exigem-pouca-manutencao\/","url":"https:\/\/www.em.com.br\/emfoco\/2026\/04\/29\/os-3-cortes-de-cabelo-para-mulheres-de-50-que-rejuvenescem-o-visual-e-exigem-pouca-manutencao\/","name":"Os 3 cortes de cabelo para mulheres de 50+ que rejuvenescem o visual e exigem pouca manuten\u00e7\u00e3o - Estado de Minas - Em foco","isPartOf":{"@id":"https:\/\/www.em.com.br\/emfoco\/#website"},"primaryImageOfPage":{"@id":"https:\/\/www.em.com.br\/emfoco\/2026\/04\/29\/os-3-cortes-de-cabelo-para-mulheres-de-50-que-rejuvenescem-o-visual-e-exigem-pouca-manutencao\/#primaryimage"},"image":{"@id":"https:\/\/www.em.com.br\/emfoco\/2026\/04\/29\/os-3-cortes-de-cabelo-para-mulheres-de-50-que-rejuvenescem-o-visual-e-exigem-pouca-manutencao\/#primaryimage"},"thumbnailUrl":"https:\/\/www.em.com.br\/emfoco\/wp-content\/uploads\/2026\/04\/EmFoco_27-7.jpg","datePublished":"2026-04-29T15:05:00+00:00","dateModified":"2026-04-28T16:32:44+00:00","author":{"@id":"https:\/\/www.em.com.br\/emfoco\/#\/schema\/person\/0a8186d72f2c3a5c6276d90b41f271a0"},"description":"Adote os melhores cortes de cabelo rejuvenescedores para renovar o visual aos 50 anos com praticidade. Ganhe estilo e brilho com estas dicas.","breadcrumb":{"@id":"https:\/\/www.em.com.br\/emfoco\/2026\/04\/29\/os-3-cortes-de-cabelo-para-mulheres-de-50-que-rejuvenescem-o-visual-e-exigem-pouca-manutencao\/#breadcrumb"},"inLanguage":"pt-BR","potentialAction":[{"@type":"ReadAction","target":["https:\/\/www.em.com.br\/emfoco\/2026\/04\/29\/os-3-cortes-de-cabelo-para-mulheres-de-50-que-rejuvenescem-o-visual-e-exigem-pouca-manutencao\/"]}]},{"@type":"ImageObject","inLanguage":"pt-BR","@id":"https:\/\/www.em.com.br\/emfoco\/2026\/04\/29\/os-3-cortes-de-cabelo-para-mulheres-de-50-que-rejuvenescem-o-visual-e-exigem-pouca-manutencao\/#primaryimage","url":"https:\/\/www.em.com.br\/emfoco\/wp-content\/uploads\/2026\/04\/EmFoco_27-7.jpg","contentUrl":"https:\/\/www.em.com.br\/emfoco\/wp-content\/uploads\/2026\/04\/EmFoco_27-7.jpg","width":1280,"height":720,"caption":"Design capilar estrat\u00e9gico que suaviza tra\u00e7os faciais e valoriza a beleza madura"},{"@type":"BreadcrumbList","@id":"https:\/\/www.em.com.br\/emfoco\/2026\/04\/29\/os-3-cortes-de-cabelo-para-mulheres-de-50-que-rejuvenescem-o-visual-e-exigem-pouca-manutencao\/#breadcrumb","itemListElement":[{"@type":"ListItem","position":1,"name":"In\u00edcio","item":"https:\/\/www.em.com.br\/emfoco\/"},{"@type":"ListItem","position":2,"name":"Os 3 cortes de cabelo para mulheres de 50+ que rejuvenescem o visual e exigem pouca manuten\u00e7\u00e3o"}]},{"@type":"WebSite","@id":"https:\/\/www.em.com.br\/emfoco\/#website","url":"https:\/\/www.em.com.br\/emfoco\/","name":"Estado de Minas - Em foco","description":"Acompanhe as \u00faltimas not\u00edcias e fique bem informado sobre tudo o que acontece em Minas Gerais, Brasil e no mundo.","potentialAction":[{"@type":"SearchAction","target":{"@type":"EntryPoint","urlTemplate":"https:\/\/www.em.com.br\/emfoco\/?s={search_term_string}"},"query-input":{"@type":"PropertyValueSpecification","valueRequired":true,"valueName":"search_term_string"}}],"inLanguage":"pt-BR"},{"@type":"Person","@id":"https:\/\/www.em.com.br\/emfoco\/#\/schema\/person\/0a8186d72f2c3a5c6276d90b41f271a0","name":"Daniely Cardoso","image":{"@type":"ImageObject","inLanguage":"pt-BR","@id":"https:\/\/www.em.com.br\/emfoco\/#\/schema\/person\/image\/","url":"https:\/\/secure.gravatar.com\/avatar\/4b80ddbd124d1f071b626d52d62e5dff?s=96&d=mm&r=g","contentUrl":"https:\/\/secure.gravatar.com\/avatar\/4b80ddbd124d1f071b626d52d62e5dff?s=96&d=mm&r=g","caption":"Daniely Cardoso"},"url":"https:\/\/www.em.com.br\/emfoco\/author\/danielymyth\/"}]}},"_links":{"self":[{"href":"https:\/\/www.em.com.br\/emfoco\/wp-json\/wp\/v2\/posts\/200703","targetHints":{"allow":["GET"]}}],"collection":[{"href":"https:\/\/www.em.com.br\/emfoco\/wp-json\/wp\/v2\/posts"}],"about":[{"href":"https:\/\/www.em.com.br\/emfoco\/wp-json\/wp\/v2\/types\/post"}],"author":[{"embeddable":true,"href":"https:\/\/www.em.com.br\/emfoco\/wp-json\/wp\/v2\/users\/9"}],"replies":[{"embeddable":true,"href":"https:\/\/www.em.com.br\/emfoco\/wp-json\/wp\/v2\/comments?post=200703"}],"version-history":[{"count":1,"href":"https:\/\/www.em.com.br\/emfoco\/wp-json\/wp\/v2\/posts\/200703\/revisions"}],"predecessor-version":[{"id":200704,"href":"https:\/\/www.em.com.br\/emfoco\/wp-json\/wp\/v2\/posts\/200703\/revisions\/200704"}],"wp:featuredmedia":[{"embeddable":true,"href":"https:\/\/www.em.com.br\/emfoco\/wp-json\/wp\/v2\/media\/200899"}],"wp:attachment":[{"href":"https:\/\/www.em.com.br\/emfoco\/wp-json\/wp\/v2\/media?parent=200703"}],"wp:term":[{"taxonomy":"category","embeddable":true,"href":"https:\/\/www.em.com.br\/emfoco\/wp-json\/wp\/v2\/categories?post=200703"},{"taxonomy":"post_tag","embeddable":true,"href":"https:\/\/www.em.com.br\/emfoco\/wp-json\/wp\/v2\/tags?post=200703"}],"curies":[{"name":"wp","href":"https:\/\/api.w.org\/{rel}","templated":true}]}}