{"id":200698,"date":"2026-04-29T12:05:00","date_gmt":"2026-04-29T15:05:00","guid":{"rendered":"https:\/\/www.em.com.br\/emfoco\/?p=200698"},"modified":"2026-04-28T13:32:36","modified_gmt":"2026-04-28T16:32:36","slug":"essa-planta-esta-sendo-chamada-de-hotel-de-carrapatos-um-alerta-preocupa-quem-tem-jardim-ou-pets","status":"publish","type":"post","link":"https:\/\/www.em.com.br\/emfoco\/2026\/04\/29\/essa-planta-esta-sendo-chamada-de-hotel-de-carrapatos-um-alerta-preocupa-quem-tem-jardim-ou-pets\/","title":{"rendered":"Essa planta est\u00e1 sendo chamada de hotel de carrapatos: um alerta preocupa quem tem jardim ou pets"},"content":{"rendered":"\n<p>Eu caminhava pelo quintal quando notei que a <strong>B\u00e9rberis no jardim<\/strong> estava mais densa do que o normal naquela tarde quente de abril. Voc\u00ea j\u00e1 parou para pensar se a beleza das suas folhagens avermelhadas pode esconder um risco invis\u00edvel para a sa\u00fade da sua fam\u00edlia?<\/p>\n\n\n\n<h2 class=\"wp-block-heading\">Por que a planta b\u00e9rberis thunbergii ganhou fama negativa<\/h2>\n\n\n\n<p>A b\u00e9rberis thunbergii se tornou muito popular em projetos paisag\u00edsticos modernos devido aos seus tons intensos e extrema resist\u00eancia clim\u00e1tica. No entanto, pesquisadores come\u00e7aram a associar esse arbusto japon\u00eas a um aumento preocupante na popula\u00e7\u00e3o de aracn\u00eddeos parasitas em \u00e1reas residenciais. Esse <a href=\"https:\/\/waterlandlife.org\/invasives\/japanese-barberry\/#:~:text=This%20attractive%20shrub%20has%20red,be%20sold%20in%20many%20locations.\" target=\"_blank\" rel=\"noreferrer noopener\">estudo cient\u00edfico sobre a esp\u00e9cie<\/a> revela que a planta cria um microclima \u00famido perfeito para a sobreviv\u00eancia de diversos invasores indesejados.<\/p>\n\n\n\n<p>O apelido de hotel de carrapatos n\u00e3o surgiu por acaso e preocupa veterin\u00e1rios que cuidam de animais dom\u00e9sticos expostos ao ambiente externo. A estrutura densa dos galhos oferece <strong>prote\u00e7\u00e3o contra o calor<\/strong> excessivo e mant\u00e9m a <strong>umidade ideal<\/strong> para o ciclo de vida completo dos parasitas. Essa caracter\u00edstica biol\u00f3gica transforma o arbusto em um <strong>ponto de concentra\u00e7\u00e3o<\/strong> perigoso para qualquer pessoa ou animal que transite por perto.<\/p>\n\n\n<div class=\"wp-block-image\">\n<figure class=\"aligncenter size-large\"><img loading=\"lazy\" decoding=\"async\" width=\"1024\" height=\"576\" src=\"https:\/\/www.em.com.br\/emfoco\/wp-content\/uploads\/2026\/04\/carrapato_1777338891465-1024x576.jpg\" alt=\"B\u00e9rberis no jardim\" class=\"wp-image-200699\" srcset=\"https:\/\/www.em.com.br\/emfoco\/wp-content\/uploads\/2026\/04\/carrapato_1777338891465-1024x576.jpg 1024w, https:\/\/www.em.com.br\/emfoco\/wp-content\/uploads\/2026\/04\/carrapato_1777338891465-300x169.jpg 300w, https:\/\/www.em.com.br\/emfoco\/wp-content\/uploads\/2026\/04\/carrapato_1777338891465-768x432.jpg 768w, https:\/\/www.em.com.br\/emfoco\/wp-content\/uploads\/2026\/04\/carrapato_1777338891465-750x422.jpg 750w, https:\/\/www.em.com.br\/emfoco\/wp-content\/uploads\/2026\/04\/carrapato_1777338891465-1140x641.jpg 1140w, https:\/\/www.em.com.br\/emfoco\/wp-content\/uploads\/2026\/04\/carrapato_1777338891465.jpg 1280w\" sizes=\"auto, (max-width: 1024px) 100vw, 1024px\" \/><figcaption class=\"wp-element-caption\">O apelido de hotel de carrapatos n\u00e3o surgiu por acaso e preocupa veterin\u00e1rios que cuidam de animais dom\u00e9sticos e &#8211; Cr\u00e9ditos: depositphotos.com \/ Erik_Karits<\/figcaption><\/figure><\/div>\n\n\n<p>Leia tamb\u00e9m: <a href=\"https:\/\/www.em.com.br\/emfoco\/2026\/03\/09\/cachorros-preferem-petisco-ou-carinho-a-resposta-pode-mudar-o-jeito-que-voce-trata-seu-pet\/\" target=\"_blank\" rel=\"noreferrer noopener\">Cachorros preferem petisco ou carinho? A resposta pode mudar o jeito que voc\u00ea trata seu pet<\/a><\/p>\n\n\n\n<h2 class=\"wp-block-heading\">Como a B\u00e9rberis no jardim atrai os carrapatos<\/h2>\n\n\n\n<p>A presen\u00e7a da <strong>B\u00e9rberis no jardim<\/strong> altera o ecossistema local de uma forma que favorece a prolifera\u00e7\u00e3o descontrolada de vetores de doen\u00e7as. O arbusto denso tamb\u00e9m atrai pequenos roedores que servem como hospedeiros prim\u00e1rios para que esses parasitas se alimentem e se transportem. O ambiente sombreado garante que os ovos eclodam com uma <strong>taxa de sucesso<\/strong> muito maior do que em gramados abertos, secos e ensolarados.<\/p>\n\n\n\n<p>O ac\u00famulo de folhas mortas e espinhosas na base da planta serve como um esconderijo estrat\u00e9gico para as ninfas durante os per\u00edodos mais frios. Esses pequenos seres encontram <strong>abrigo t\u00e9rmico<\/strong> e <strong>isolamento h\u00eddrico<\/strong> sob a copa da b\u00e9rberis thunbergii durante v\u00e1rios meses seguidos. A lista abaixo apresenta os principais fatores que tornam esse arbusto t\u00e3o atraente para os visitantes que amea\u00e7am a sa\u00fade p\u00fablica:<\/p>\n\n\n\n<ul class=\"wp-block-list\">\n<li>Reten\u00e7\u00e3o de <strong>altos n\u00edveis de umidade<\/strong> relativa no solo e nos galhos inferiores do arbusto.<\/li>\n\n\n\n<li>Prote\u00e7\u00e3o f\u00edsica contra predadores naturais devido aos <strong>espinhos afiados<\/strong> e extremamente densos.<\/li>\n\n\n\n<li>Atra\u00e7\u00e3o de camundongos e outros pequenos hospedeiros que funcionam como <strong>transmissores de pat\u00f3genos<\/strong>.<\/li>\n<\/ul>\n\n\n\n<figure class=\"wp-block-embed is-type-rich is-provider-pinterest wp-block-embed-pinterest\"><div class=\"wp-block-embed__wrapper\">\n<iframe loading=\"lazy\" title=\"RED-LEAF JAPANESE BARBERRY  A spiny deciduous shrub with small, rounded leaves that flush deep bronze-red when exposed to enough sunlight. Fall foliage turns red-orange. Bright red berries attract birds.  USDA zones: 4 - 9 Sunset zones: A3, 2b - 24 Mature size: 4 - 6 feet high and wide Light needs: partial to full sun Water needs: moderate water\" src=\"https:\/\/assets.pinterest.com\/ext\/embed.html?id=417357090471231722&#038;src=oembed\" height=\"550\" width=\"450\" frameborder=\"0\" scrolling=\"no\" ><\/iframe>\n<\/div><\/figure>\n\n\n\n<h2 class=\"wp-block-heading\">Dicas para cuidar da esp\u00e9cie com seguran\u00e7a m\u00e1xima<\/h2>\n\n\n\n<p>Manter a poda rigorosa da planta ajuda a reduzir a densidade excessiva e permite a passagem direta de luz solar e vento. A luminosidade intensa e a ventila\u00e7\u00e3o constante s\u00e3o os maiores inimigos naturais da sobreviv\u00eancia dos carrapatos em qualquer \u00e1rea verde residencial. Realize a <strong>limpeza peri\u00f3dica<\/strong> de restos vegetais acumulados no ch\u00e3o e mantenha o <strong>solo bem seco<\/strong> entre as regas controladas.<\/p>\n\n\n\n<p>Utilize sempre luvas de prote\u00e7\u00e3o refor\u00e7adas e roupas compridas durante qualquer interven\u00e7\u00e3o de manuten\u00e7\u00e3o nos canteiros da sua resid\u00eancia atual. Evite o plantio em \u00e1reas de passagem frequente de pets ou crian\u00e7as para minimizar o <strong>contato acidental<\/strong> com poss\u00edveis focos de infesta\u00e7\u00e3o. Escolha <strong>ferramentas de corte<\/strong> muito afiadas para garantir que a cicatriza\u00e7\u00e3o do arbusto seja <strong>r\u00e1pida e saud\u00e1vel<\/strong> ap\u00f3s o manejo.<\/p>\n\n\n\n<p>Para voc\u00ea que quer aprofundar, separamos um v\u00eddeo do canal do <a href=\"https:\/\/www.youtube.com\/@ensinadog\" target=\"_blank\" rel=\"noreferrer noopener\">Rovian Ramos<\/a> com dicas para acabar com as pulgas e carrapatos:<\/p>\n\n\n\n<figure class=\"wp-block-embed is-type-video is-provider-youtube wp-block-embed-youtube wp-embed-aspect-16-9 wp-has-aspect-ratio\"><div class=\"wp-block-embed__wrapper\">\n<div class=\"jeg_video_container jeg_video_content\"><iframe loading=\"lazy\" title=\"2 plantas \u274cACABAR COM PULGAS E CARRAPATOS! | C\u00e3es e gatos\" width=\"500\" height=\"281\" src=\"https:\/\/www.youtube.com\/embed\/7ptyg4s1toY?feature=oembed\" frameborder=\"0\" allow=\"accelerometer; autoplay; clipboard-write; encrypted-media; gyroscope; picture-in-picture; web-share\" referrerpolicy=\"strict-origin-when-cross-origin\" allowfullscreen><\/iframe><\/div>\n<\/div><\/figure>\n\n\n\n<h2 class=\"wp-block-heading\">Estrat\u00e9gias eficazes para evitar infesta\u00e7\u00f5es com B\u00e9rberis no jardim<\/h2>\n\n\n\n<p>Monitorar a sa\u00fade dos animais de estima\u00e7\u00e3o ap\u00f3s os passeios perto da <strong>B\u00e9rberis no jardim<\/strong> \u00e9 uma medida preventiva de extrema import\u00e2ncia. Utilize produtos repelentes espec\u00edficos para o ambiente externo que sejam comprovadamente seguros para a fauna local e para as plantas vizinhas. Aplique <strong>barreiras f\u00edsicas<\/strong> de cascalho ou pedras decorativas ao redor do arbusto para dificultar a <strong>migra\u00e7\u00e3o de pragas<\/strong> para o gramado.<\/p>\n\n\n\n<p>A substitui\u00e7\u00e3o gradual por esp\u00e9cies nativas menos densas pode ser a solu\u00e7\u00e3o definitiva para quem busca um quintal mais seguro e funcional. Plantas que n\u00e3o ret\u00eam tanta umidade no n\u00edvel do solo ajudam a manter o <strong>equil\u00edbrio biol\u00f3gico<\/strong> natural sem atrair vetores de doen\u00e7as perigosas. Aposte em <strong>variedades arom\u00e1ticas<\/strong> que possuem propriedades repelentes naturais para refor\u00e7ar a <strong>seguran\u00e7a sanit\u00e1ria<\/strong> da sua casa e da vizinhan\u00e7a.<\/p>\n\n\n\n<h2 class=\"wp-block-heading\">Proteja sua fam\u00edlia e seus animais agora<\/h2>\n\n\n\n<p>Priorize o bem-estar dos seus entes queridos ao tomar decis\u00f5es sobre o paisagismo da sua propriedade particular em 2026. Escolha esp\u00e9cies vegetais que unam beleza visual com seguran\u00e7a biol\u00f3gica comprovada para evitar dores de cabe\u00e7a futuras. Mantenha o seu <strong>espa\u00e7o externo<\/strong> sempre <strong>limpo e vigiado<\/strong> contra invasores.<\/p>\n\n\n\n<p>A informa\u00e7\u00e3o correta \u00e9 a melhor ferramenta para proteger todos os moradores contra amea\u00e7as invis\u00edveis da natureza selvagem urbana. Ajuste os seus m\u00e9todos de jardinagem conforme as orienta\u00e7\u00f5es dos especialistas para garantir um lazer tranquilo e seguro. Invista em <strong>preven\u00e7\u00e3o ativa<\/strong> e desfrute de um <strong>lar mais saud\u00e1vel<\/strong> todos os dias.<\/p>\n","protected":false},"excerpt":{"rendered":"<p>Eu caminhava pelo quintal quando notei que a B\u00e9rberis no jardim estava mais densa do que o normal naquela tarde quente de abril. Voc\u00ea j\u00e1 parou para pensar se a beleza das suas folhagens avermelhadas pode esconder um risco invis\u00edvel para a sa\u00fade da sua fam\u00edlia? Por que a planta b\u00e9rberis thunbergii ganhou fama negativa [&hellip;]<\/p>\n","protected":false},"author":9,"featured_media":200900,"comment_status":"open","ping_status":"open","sticky":false,"template":"","format":"standard","meta":{"jnews-multi-image_gallery":[],"jnews_single_post":{"format":"standard"},"jnews_primary_category":[],"jnews_social_meta":[],"jnews_override_counter":[],"footnotes":""},"categories":[8691,29],"tags":[28923,28924,13736],"class_list":["post-200698","post","type-post","status-publish","format-standard","has-post-thumbnail","hentry","category-bem-estar","category-entretenimento","tag-berberis-thunbergii","tag-carrapatos-no-jardim","tag-cuidados-com-pets"],"yoast_head":"<!-- This site is optimized with the Yoast SEO plugin v23.8 - https:\/\/yoast.com\/wordpress\/plugins\/seo\/ -->\n<title>Essa planta est\u00e1 sendo chamada de hotel de carrapatos: um alerta preocupa quem tem jardim ou pets - Estado de Minas - Em foco<\/title>\n<meta name=\"description\" content=\"O arbusto B\u00e9rberis no jardim pode esconder carrapatos e riscos \u00e0 sa\u00fade. Aprenda a cuidar dessa planta e proteja sua fam\u00edlia e animais.\" \/>\n<meta name=\"robots\" content=\"index, follow, max-snippet:-1, max-image-preview:large, max-video-preview:-1\" \/>\n<link rel=\"canonical\" href=\"https:\/\/www.em.com.br\/emfoco\/2026\/04\/29\/essa-planta-esta-sendo-chamada-de-hotel-de-carrapatos-um-alerta-preocupa-quem-tem-jardim-ou-pets\/\" \/>\n<meta property=\"og:locale\" content=\"pt_BR\" \/>\n<meta property=\"og:type\" content=\"article\" \/>\n<meta property=\"og:title\" content=\"Essa planta est\u00e1 sendo chamada de hotel de carrapatos: um alerta preocupa quem tem jardim ou pets - Estado de Minas - Em foco\" \/>\n<meta property=\"og:description\" content=\"O arbusto B\u00e9rberis no jardim pode esconder carrapatos e riscos \u00e0 sa\u00fade. Aprenda a cuidar dessa planta e proteja sua fam\u00edlia e animais.\" \/>\n<meta property=\"og:url\" content=\"https:\/\/www.em.com.br\/emfoco\/2026\/04\/29\/essa-planta-esta-sendo-chamada-de-hotel-de-carrapatos-um-alerta-preocupa-quem-tem-jardim-ou-pets\/\" \/>\n<meta property=\"og:site_name\" content=\"Estado de Minas - Em foco\" \/>\n<meta property=\"article:published_time\" content=\"2026-04-29T15:05:00+00:00\" \/>\n<meta property=\"article:modified_time\" content=\"2026-04-28T16:32:36+00:00\" \/>\n<meta property=\"og:image\" content=\"https:\/\/www.em.com.br\/emfoco\/wp-content\/uploads\/2026\/04\/EmFoco_26-8.jpg\" \/>\n\t<meta property=\"og:image:width\" content=\"1280\" \/>\n\t<meta property=\"og:image:height\" content=\"720\" \/>\n\t<meta property=\"og:image:type\" content=\"image\/jpeg\" \/>\n<meta name=\"author\" content=\"Daniely Cardoso\" \/>\n<meta name=\"twitter:card\" content=\"summary_large_image\" \/>\n<meta name=\"twitter:label1\" content=\"Escrito por\" \/>\n\t<meta name=\"twitter:data1\" content=\"Daniely Cardoso\" \/>\n\t<meta name=\"twitter:label2\" content=\"Est. tempo de leitura\" \/>\n\t<meta name=\"twitter:data2\" content=\"5 minutos\" \/>\n<!-- \/ Yoast SEO plugin. -->","yoast_head_json":{"title":"Essa planta est\u00e1 sendo chamada de hotel de carrapatos: um alerta preocupa quem tem jardim ou pets - Estado de Minas - Em foco","description":"O arbusto B\u00e9rberis no jardim pode esconder carrapatos e riscos \u00e0 sa\u00fade. Aprenda a cuidar dessa planta e proteja sua fam\u00edlia e animais.","robots":{"index":"index","follow":"follow","max-snippet":"max-snippet:-1","max-image-preview":"max-image-preview:large","max-video-preview":"max-video-preview:-1"},"canonical":"https:\/\/www.em.com.br\/emfoco\/2026\/04\/29\/essa-planta-esta-sendo-chamada-de-hotel-de-carrapatos-um-alerta-preocupa-quem-tem-jardim-ou-pets\/","og_locale":"pt_BR","og_type":"article","og_title":"Essa planta est\u00e1 sendo chamada de hotel de carrapatos: um alerta preocupa quem tem jardim ou pets - Estado de Minas - Em foco","og_description":"O arbusto B\u00e9rberis no jardim pode esconder carrapatos e riscos \u00e0 sa\u00fade. Aprenda a cuidar dessa planta e proteja sua fam\u00edlia e animais.","og_url":"https:\/\/www.em.com.br\/emfoco\/2026\/04\/29\/essa-planta-esta-sendo-chamada-de-hotel-de-carrapatos-um-alerta-preocupa-quem-tem-jardim-ou-pets\/","og_site_name":"Estado de Minas - Em foco","article_published_time":"2026-04-29T15:05:00+00:00","article_modified_time":"2026-04-28T16:32:36+00:00","og_image":[{"width":1280,"height":720,"url":"https:\/\/www.em.com.br\/emfoco\/wp-content\/uploads\/2026\/04\/EmFoco_26-8.jpg","type":"image\/jpeg"}],"author":"Daniely Cardoso","twitter_card":"summary_large_image","twitter_misc":{"Escrito por":"Daniely Cardoso","Est. tempo de leitura":"5 minutos"},"schema":{"@context":"https:\/\/schema.org","@graph":[{"@type":"WebPage","@id":"https:\/\/www.em.com.br\/emfoco\/2026\/04\/29\/essa-planta-esta-sendo-chamada-de-hotel-de-carrapatos-um-alerta-preocupa-quem-tem-jardim-ou-pets\/","url":"https:\/\/www.em.com.br\/emfoco\/2026\/04\/29\/essa-planta-esta-sendo-chamada-de-hotel-de-carrapatos-um-alerta-preocupa-quem-tem-jardim-ou-pets\/","name":"Essa planta est\u00e1 sendo chamada de hotel de carrapatos: um alerta preocupa quem tem jardim ou pets - Estado de Minas - Em foco","isPartOf":{"@id":"https:\/\/www.em.com.br\/emfoco\/#website"},"primaryImageOfPage":{"@id":"https:\/\/www.em.com.br\/emfoco\/2026\/04\/29\/essa-planta-esta-sendo-chamada-de-hotel-de-carrapatos-um-alerta-preocupa-quem-tem-jardim-ou-pets\/#primaryimage"},"image":{"@id":"https:\/\/www.em.com.br\/emfoco\/2026\/04\/29\/essa-planta-esta-sendo-chamada-de-hotel-de-carrapatos-um-alerta-preocupa-quem-tem-jardim-ou-pets\/#primaryimage"},"thumbnailUrl":"https:\/\/www.em.com.br\/emfoco\/wp-content\/uploads\/2026\/04\/EmFoco_26-8.jpg","datePublished":"2026-04-29T15:05:00+00:00","dateModified":"2026-04-28T16:32:36+00:00","author":{"@id":"https:\/\/www.em.com.br\/emfoco\/#\/schema\/person\/0a8186d72f2c3a5c6276d90b41f271a0"},"description":"O arbusto B\u00e9rberis no jardim pode esconder carrapatos e riscos \u00e0 sa\u00fade. Aprenda a cuidar dessa planta e proteja sua fam\u00edlia e animais.","breadcrumb":{"@id":"https:\/\/www.em.com.br\/emfoco\/2026\/04\/29\/essa-planta-esta-sendo-chamada-de-hotel-de-carrapatos-um-alerta-preocupa-quem-tem-jardim-ou-pets\/#breadcrumb"},"inLanguage":"pt-BR","potentialAction":[{"@type":"ReadAction","target":["https:\/\/www.em.com.br\/emfoco\/2026\/04\/29\/essa-planta-esta-sendo-chamada-de-hotel-de-carrapatos-um-alerta-preocupa-quem-tem-jardim-ou-pets\/"]}]},{"@type":"ImageObject","inLanguage":"pt-BR","@id":"https:\/\/www.em.com.br\/emfoco\/2026\/04\/29\/essa-planta-esta-sendo-chamada-de-hotel-de-carrapatos-um-alerta-preocupa-quem-tem-jardim-ou-pets\/#primaryimage","url":"https:\/\/www.em.com.br\/emfoco\/wp-content\/uploads\/2026\/04\/EmFoco_26-8.jpg","contentUrl":"https:\/\/www.em.com.br\/emfoco\/wp-content\/uploads\/2026\/04\/EmFoco_26-8.jpg","width":1280,"height":720,"caption":"Arbusto ornamental denso que pode favorecer a prolifera\u00e7\u00e3o de carrapatos no quintal"},{"@type":"BreadcrumbList","@id":"https:\/\/www.em.com.br\/emfoco\/2026\/04\/29\/essa-planta-esta-sendo-chamada-de-hotel-de-carrapatos-um-alerta-preocupa-quem-tem-jardim-ou-pets\/#breadcrumb","itemListElement":[{"@type":"ListItem","position":1,"name":"In\u00edcio","item":"https:\/\/www.em.com.br\/emfoco\/"},{"@type":"ListItem","position":2,"name":"Essa planta est\u00e1 sendo chamada de hotel de carrapatos: um alerta preocupa quem tem jardim ou pets"}]},{"@type":"WebSite","@id":"https:\/\/www.em.com.br\/emfoco\/#website","url":"https:\/\/www.em.com.br\/emfoco\/","name":"Estado de Minas - Em foco","description":"Acompanhe as \u00faltimas not\u00edcias e fique bem informado sobre tudo o que acontece em Minas Gerais, Brasil e no mundo.","potentialAction":[{"@type":"SearchAction","target":{"@type":"EntryPoint","urlTemplate":"https:\/\/www.em.com.br\/emfoco\/?s={search_term_string}"},"query-input":{"@type":"PropertyValueSpecification","valueRequired":true,"valueName":"search_term_string"}}],"inLanguage":"pt-BR"},{"@type":"Person","@id":"https:\/\/www.em.com.br\/emfoco\/#\/schema\/person\/0a8186d72f2c3a5c6276d90b41f271a0","name":"Daniely Cardoso","image":{"@type":"ImageObject","inLanguage":"pt-BR","@id":"https:\/\/www.em.com.br\/emfoco\/#\/schema\/person\/image\/","url":"https:\/\/secure.gravatar.com\/avatar\/4b80ddbd124d1f071b626d52d62e5dff?s=96&d=mm&r=g","contentUrl":"https:\/\/secure.gravatar.com\/avatar\/4b80ddbd124d1f071b626d52d62e5dff?s=96&d=mm&r=g","caption":"Daniely Cardoso"},"url":"https:\/\/www.em.com.br\/emfoco\/author\/danielymyth\/"}]}},"_links":{"self":[{"href":"https:\/\/www.em.com.br\/emfoco\/wp-json\/wp\/v2\/posts\/200698","targetHints":{"allow":["GET"]}}],"collection":[{"href":"https:\/\/www.em.com.br\/emfoco\/wp-json\/wp\/v2\/posts"}],"about":[{"href":"https:\/\/www.em.com.br\/emfoco\/wp-json\/wp\/v2\/types\/post"}],"author":[{"embeddable":true,"href":"https:\/\/www.em.com.br\/emfoco\/wp-json\/wp\/v2\/users\/9"}],"replies":[{"embeddable":true,"href":"https:\/\/www.em.com.br\/emfoco\/wp-json\/wp\/v2\/comments?post=200698"}],"version-history":[{"count":1,"href":"https:\/\/www.em.com.br\/emfoco\/wp-json\/wp\/v2\/posts\/200698\/revisions"}],"predecessor-version":[{"id":200700,"href":"https:\/\/www.em.com.br\/emfoco\/wp-json\/wp\/v2\/posts\/200698\/revisions\/200700"}],"wp:featuredmedia":[{"embeddable":true,"href":"https:\/\/www.em.com.br\/emfoco\/wp-json\/wp\/v2\/media\/200900"}],"wp:attachment":[{"href":"https:\/\/www.em.com.br\/emfoco\/wp-json\/wp\/v2\/media?parent=200698"}],"wp:term":[{"taxonomy":"category","embeddable":true,"href":"https:\/\/www.em.com.br\/emfoco\/wp-json\/wp\/v2\/categories?post=200698"},{"taxonomy":"post_tag","embeddable":true,"href":"https:\/\/www.em.com.br\/emfoco\/wp-json\/wp\/v2\/tags?post=200698"}],"curies":[{"name":"wp","href":"https:\/\/api.w.org\/{rel}","templated":true}]}}