{"id":200694,"date":"2026-04-29T09:55:00","date_gmt":"2026-04-29T12:55:00","guid":{"rendered":"https:\/\/www.em.com.br\/emfoco\/?p=200694"},"modified":"2026-04-28T13:33:02","modified_gmt":"2026-04-28T16:33:02","slug":"adeus-a-espada-de-sao-jorge-a-planta-que-cresce-rapidamente-e-mais-elegante-e-enche-a-casa-de-verde-3","status":"publish","type":"post","link":"https:\/\/www.em.com.br\/emfoco\/2026\/04\/29\/adeus-a-espada-de-sao-jorge-a-planta-que-cresce-rapidamente-e-mais-elegante-e-enche-a-casa-de-verde-3\/","title":{"rendered":"Adeus \u00e0 espada-de-s\u00e3o-jorge: a planta que cresce rapidamente, \u00e9 mais elegante e enche a casa de verde"},"content":{"rendered":"\n<p>Minha sala parecia vazia e sem vida at\u00e9 que decidi incluir a <strong>Zamioculca no lar<\/strong> para renovar completamente o astral do ambiente interno. Ser\u00e1 que existe uma esp\u00e9cie capaz de superar a resist\u00eancia das plantas tradicionais e ainda manter uma eleg\u00e2ncia incompar\u00e1vel em qualquer c\u00f4modo?<\/p>\n\n\n\n<h2 class=\"wp-block-heading\">Por que escolher a Zamioculca no lar agora<\/h2>\n\n\n\n<p>Muitos decoradores est\u00e3o abandonando as folhagens antigas em busca de op\u00e7\u00f5es que apresentem um brilho natural mais intenso e duradouro. Essa esp\u00e9cie africana conquistou espa\u00e7o nos apartamentos modernos pela sua capacidade incr\u00edvel de adapta\u00e7\u00e3o em locais que recebem pouca luminosidade natural. Voc\u00ea conseguir\u00e1 manter o <strong>verde vibrante<\/strong> e uma <strong>est\u00e9tica luxuosa<\/strong> em seus espa\u00e7os preferidos sem exigir esfor\u00e7os herc\u00faleos de manuten\u00e7\u00e3o di\u00e1ria.<\/p>\n\n\n\n<p>A facilidade de cuidado atrai principalmente aquelas pessoas que possuem uma rotina profissional bastante agitada e pouco tempo livre para jardinagem. Suas folhas cerosas ret\u00eam \u00e1gua por longos per\u00edodos e garantem uma <strong>durabilidade surpreendente<\/strong> mesmo em climas mais secos ou com ar-condicionado. Esse crescimento vigoroso traz uma <strong>sensa\u00e7\u00e3o de vida<\/strong> imediata e renova o ar de qualquer canto esquecido do seu im\u00f3vel com extrema facilidade.<\/p>\n\n\n<div class=\"wp-block-image\">\n<figure class=\"aligncenter size-large\"><img loading=\"lazy\" decoding=\"async\" width=\"1024\" height=\"576\" src=\"https:\/\/www.em.com.br\/emfoco\/wp-content\/uploads\/2026\/02\/Gemini_Generated_Image_nor4yknor4yknor4-1-1024x576.png\" alt=\"Zamioculca no lar\" class=\"wp-image-171586\" srcset=\"https:\/\/www.em.com.br\/emfoco\/wp-content\/uploads\/2026\/02\/Gemini_Generated_Image_nor4yknor4yknor4-1-1024x576.png 1024w, https:\/\/www.em.com.br\/emfoco\/wp-content\/uploads\/2026\/02\/Gemini_Generated_Image_nor4yknor4yknor4-1-300x169.png 300w, https:\/\/www.em.com.br\/emfoco\/wp-content\/uploads\/2026\/02\/Gemini_Generated_Image_nor4yknor4yknor4-1-768x432.png 768w, https:\/\/www.em.com.br\/emfoco\/wp-content\/uploads\/2026\/02\/Gemini_Generated_Image_nor4yknor4yknor4-1-750x422.png 750w, https:\/\/www.em.com.br\/emfoco\/wp-content\/uploads\/2026\/02\/Gemini_Generated_Image_nor4yknor4yknor4-1-1140x641.png 1140w, https:\/\/www.em.com.br\/emfoco\/wp-content\/uploads\/2026\/02\/Gemini_Generated_Image_nor4yknor4yknor4-1.png 1280w\" sizes=\"auto, (max-width: 1024px) 100vw, 1024px\" \/><figcaption class=\"wp-element-caption\">Ter plantas em casa est\u00e1 cada vez mais ligado \u00e0 redu\u00e7\u00e3o de estresse e aumento da sensa\u00e7\u00e3o de bem-estar<\/figcaption><\/figure><\/div>\n\n\n<p>Leia tamb\u00e9m: <a href=\"https:\/\/www.em.com.br\/emfoco\/2026\/04\/26\/estes-5-minutos-de-autocuidado-no-banho-podem-transformar-a-autoestima-da-mulher-40-no-dia-a-dia\/\" target=\"_blank\" rel=\"noreferrer noopener\">Estes 5 minutos de autocuidado no banho podem transformar a autoestima da mulher 40+ no dia a dia<\/a><\/p>\n\n\n\n<h2 class=\"wp-block-heading\">Vantagens de cultivar esp\u00e9cies de sombra total<\/h2>\n\n\n\n<p>Plantas que dispensam o sol direto s\u00e3o ideais para preencher corredores escuros ou escrit\u00f3rios que dependem apenas de luz artificial para funcionar. Elas filtram o ar de maneira eficiente enquanto adicionam uma textura visual densa que quebra a monotonia das paredes brancas. Invista em <strong>vasos modernos<\/strong> e <strong>aduba\u00e7\u00e3o org\u00e2nica<\/strong> de qualidade para potencializar o brilho das folhas ao longo de todas as esta\u00e7\u00f5es do ano.<\/p>\n\n\n\n<p>Antes de escolher o local definitivo para o seu novo exemplar, considere os benef\u00edcios pr\u00e1ticos que uma vegeta\u00e7\u00e3o robusta proporciona ao ambiente. A lista a seguir destaca os pontos positivos de optar por essa tend\u00eancia bot\u00e2nica espec\u00edfica que est\u00e1 dominando as revistas de arquitetura contempor\u00e2nea:<\/p>\n\n\n\n<ul class=\"wp-block-list\">\n<li><strong>Purifica\u00e7\u00e3o do ar<\/strong> constante em ambientes fechados que sofrem com a falta de ventila\u00e7\u00e3o natural adequada.<\/li>\n\n\n\n<li><strong>Resist\u00eancia extrema<\/strong> contra pragas comuns e fungos que costumam atacar os jardins internos convencionais mais sens\u00edveis.<\/li>\n\n\n\n<li><strong>Baixa frequ\u00eancia<\/strong> de regas necess\u00e1rias para manter a folhagem sempre saud\u00e1vel, brilhante e visualmente impec\u00e1vel.<\/li>\n<\/ul>\n\n\n\n<figure class=\"wp-block-embed is-type-rich is-provider-pinterest wp-block-embed-pinterest\"><div class=\"wp-block-embed__wrapper\">\n<iframe loading=\"lazy\" title=\"ZZ Plant (Zamioculcas zamiifolia)\" src=\"https:\/\/assets.pinterest.com\/ext\/embed.html?id=1092404453353931727&#038;src=oembed\" height=\"775\" width=\"450\" frameborder=\"0\" scrolling=\"no\" ><\/iframe>\n<\/div><\/figure>\n\n\n\n<h2 class=\"wp-block-heading\">Como cuidar da Zamioculca no lar corretamente<\/h2>\n\n\n\n<p>O excesso de \u00e1gua costuma ser o \u00fanico inimigo real dessa planta que detesta ficar com as ra\u00edzes encharcadas em vasos fechados. Utilize sempre um substrato leve que possua <strong>excelente drenagem<\/strong> e verifique a umidade profunda da terra com o dedo antes de molhar. Essa aten\u00e7\u00e3o simples evita o <strong>amarelamento das folhas<\/strong> inferiores e garante que a estrutura continue crescendo de forma muito robusta e saud\u00e1vel.<\/p>\n\n\n\n<p>A aplica\u00e7\u00e3o de fertilizantes l\u00edquidos espec\u00edficos para folhagens ajuda a manter o vigor das hastes novas que surgem com for\u00e7a na primavera. Limpar o p\u00f3 das superf\u00edcies verdes com um pano macio e \u00famido permite uma <strong>fotoss\u00edntese eficiente<\/strong> e real\u00e7a o aspecto encerado. Essas pr\u00e1ticas garantem um <strong>desenvolvimento acelerado<\/strong> para quem deseja conquistar uma decora\u00e7\u00e3o densa e sofisticada em um curto espa\u00e7o de tempo planejado.<\/p>\n\n\n\n<p>Para voc\u00ea que gosta de plantas, separamos um v\u00eddeo do canal <a href=\"https:\/\/www.youtube.com\/@SpagnholPlantas1\" target=\"_blank\" rel=\"noreferrer noopener\">Spagnhol Plantas<\/a> com dicas para plantar e cuidar da zamioculca:<\/p>\n\n\n\n<figure class=\"wp-block-embed is-type-video is-provider-youtube wp-block-embed-youtube wp-embed-aspect-16-9 wp-has-aspect-ratio\"><div class=\"wp-block-embed__wrapper\">\n<div class=\"jeg_video_container jeg_video_content\"><iframe loading=\"lazy\" title=\"SEGREDOS para a ZAMIOCULCAS explodir de FOLHAS| Guia completo de cultivo\" width=\"500\" height=\"281\" src=\"https:\/\/www.youtube.com\/embed\/sWYkm5vTM8o?feature=oembed\" frameborder=\"0\" allow=\"accelerometer; autoplay; clipboard-write; encrypted-media; gyroscope; picture-in-picture; web-share\" referrerpolicy=\"strict-origin-when-cross-origin\" allowfullscreen><\/iframe><\/div>\n<\/div><\/figure>\n\n\n\n<h2 class=\"wp-block-heading\">Onde posicionar a Zamioculca no lar para decorar<\/h2>\n\n\n\n<p>Salas de estar ganham um ar contempor\u00e2neo quando utilizamos vasos altos de cer\u00e2mica para destacar a verticalidade natural das hastes vigorosas. O contraste do verde escuro intenso com m\u00f3veis de madeira clara ou metal cria uma <strong>harmonia visual<\/strong> que agrada aos olhos atentos. Posicione o vaso em <strong>locais estrat\u00e9gicos<\/strong> como ao lado do sof\u00e1 ou pr\u00f3ximo \u00e0 entrada principal para criar pontos de interesse.<\/p>\n\n\n\n<p>Quartos e banheiros sociais tamb\u00e9m s\u00e3o \u00f3timos ambientes para receber essa vegeta\u00e7\u00e3o que tolera bem a umidade vari\u00e1vel encontrada nesses c\u00f4modos internos. A presen\u00e7a constante da natureza ajuda a reduzir o estresse di\u00e1rio acumulado e promove um <strong>relaxamento profundo<\/strong> ap\u00f3s o expediente de trabalho. Escolha <strong>acabamentos minimalistas<\/strong> e cores neutras para manter a eleg\u00e2ncia total e o foco absoluto na beleza natural da sua planta.<\/p>\n\n\n\n<figure class=\"wp-block-embed is-type-rich is-provider-pinterest wp-block-embed-pinterest\"><div class=\"wp-block-embed__wrapper\">\n<iframe loading=\"lazy\" title=\"7 plantas perfeitas para apartamento pequeno\" src=\"https:\/\/assets.pinterest.com\/ext\/embed.html?id=1119848263627996854&#038;src=oembed\" height=\"899\" width=\"450\" frameborder=\"0\" scrolling=\"no\" ><\/iframe>\n<\/div><\/figure>\n\n\n\n<h2 class=\"wp-block-heading\">Mude a cara da sua decora\u00e7\u00e3o hoje<\/h2>\n\n\n\n<p>Experimentar novas esp\u00e9cies vegetais renova a energia da casa de forma simples e com um custo financeiro muito baixo para o morador. A troca de acess\u00f3rios antigos por elementos vivos traz uma <strong>leveza imediata<\/strong> ao seu cotidiano dentro dos grandes centros urbanos. Priorize o seu <strong>conforto visual<\/strong> e a qualidade do ambiente onde voc\u00ea passa a maior parte do tempo livre.<\/p>\n\n\n\n<p>Comece a transformar seus espa\u00e7os favoritos agora com pequenas mudan\u00e7as pontuais que geram grandes impactos positivos no seu humor e disposi\u00e7\u00e3o. Cultivar o verde dentro de casa \u00e9 uma <strong>terapia relaxante<\/strong> que traz benef\u00edcios psicol\u00f3gicos duradouros para todos os membros da fam\u00edlia. Aposte na <strong>eleg\u00e2ncia bot\u00e2nica<\/strong> dessa esp\u00e9cie para criar um ref\u00fagio particular cheio de paz, harmonia e muito frescor.<\/p>\n","protected":false},"excerpt":{"rendered":"<p>Minha sala parecia vazia e sem vida at\u00e9 que decidi incluir a Zamioculca no lar para renovar completamente o astral do ambiente interno. Ser\u00e1 que existe uma esp\u00e9cie capaz de superar a resist\u00eancia das plantas tradicionais e ainda manter uma eleg\u00e2ncia incompar\u00e1vel em qualquer c\u00f4modo? Por que escolher a Zamioculca no lar agora Muitos decoradores [&hellip;]<\/p>\n","protected":false},"author":9,"featured_media":200897,"comment_status":"open","ping_status":"open","sticky":false,"template":"","format":"standard","meta":{"jnews-multi-image_gallery":[],"jnews_single_post":{"format":"standard"},"jnews_primary_category":[],"jnews_social_meta":[],"jnews_override_counter":[],"footnotes":""},"categories":[8819],"tags":[28922,8257,14337],"class_list":["post-200694","post","type-post","status-publish","format-standard","has-post-thumbnail","hentry","category-curiosidades","tag-decoracao-interna","tag-jardinagem-urbana","tag-plantas-de-sombra"],"yoast_head":"<!-- This site is optimized with the Yoast SEO plugin v23.8 - https:\/\/yoast.com\/wordpress\/plugins\/seo\/ -->\n<title>Adeus \u00e0 espada-de-s\u00e3o-jorge: a planta que cresce rapidamente, \u00e9 mais elegante e enche a casa de verde - Estado de Minas - Em foco<\/title>\n<meta name=\"description\" content=\"Transforme sua decora\u00e7\u00e3o com a Zamioculca no lar e garanta um verde vibrante com pouca manuten\u00e7\u00e3o. Saiba por que essa planta \u00e9 a favorita.\" \/>\n<meta name=\"robots\" content=\"index, follow, max-snippet:-1, max-image-preview:large, max-video-preview:-1\" \/>\n<link rel=\"canonical\" href=\"https:\/\/www.em.com.br\/emfoco\/2026\/04\/29\/adeus-a-espada-de-sao-jorge-a-planta-que-cresce-rapidamente-e-mais-elegante-e-enche-a-casa-de-verde-3\/\" \/>\n<meta property=\"og:locale\" content=\"pt_BR\" \/>\n<meta property=\"og:type\" content=\"article\" \/>\n<meta property=\"og:title\" content=\"Adeus \u00e0 espada-de-s\u00e3o-jorge: a planta que cresce rapidamente, \u00e9 mais elegante e enche a casa de verde - Estado de Minas - Em foco\" \/>\n<meta property=\"og:description\" content=\"Transforme sua decora\u00e7\u00e3o com a Zamioculca no lar e garanta um verde vibrante com pouca manuten\u00e7\u00e3o. Saiba por que essa planta \u00e9 a favorita.\" \/>\n<meta property=\"og:url\" content=\"https:\/\/www.em.com.br\/emfoco\/2026\/04\/29\/adeus-a-espada-de-sao-jorge-a-planta-que-cresce-rapidamente-e-mais-elegante-e-enche-a-casa-de-verde-3\/\" \/>\n<meta property=\"og:site_name\" content=\"Estado de Minas - Em foco\" \/>\n<meta property=\"article:published_time\" content=\"2026-04-29T12:55:00+00:00\" \/>\n<meta property=\"article:modified_time\" content=\"2026-04-28T16:33:02+00:00\" \/>\n<meta property=\"og:image\" content=\"https:\/\/www.em.com.br\/emfoco\/wp-content\/uploads\/2026\/04\/EmFoco_29-8.jpg\" \/>\n\t<meta property=\"og:image:width\" content=\"1280\" \/>\n\t<meta property=\"og:image:height\" content=\"720\" \/>\n\t<meta property=\"og:image:type\" content=\"image\/jpeg\" \/>\n<meta name=\"author\" content=\"Daniely Cardoso\" \/>\n<meta name=\"twitter:card\" content=\"summary_large_image\" \/>\n<meta name=\"twitter:label1\" content=\"Escrito por\" \/>\n\t<meta name=\"twitter:data1\" content=\"Daniely Cardoso\" \/>\n\t<meta name=\"twitter:label2\" content=\"Est. tempo de leitura\" \/>\n\t<meta name=\"twitter:data2\" content=\"5 minutos\" \/>\n<!-- \/ Yoast SEO plugin. -->","yoast_head_json":{"title":"Adeus \u00e0 espada-de-s\u00e3o-jorge: a planta que cresce rapidamente, \u00e9 mais elegante e enche a casa de verde - Estado de Minas - Em foco","description":"Transforme sua decora\u00e7\u00e3o com a Zamioculca no lar e garanta um verde vibrante com pouca manuten\u00e7\u00e3o. Saiba por que essa planta \u00e9 a favorita.","robots":{"index":"index","follow":"follow","max-snippet":"max-snippet:-1","max-image-preview":"max-image-preview:large","max-video-preview":"max-video-preview:-1"},"canonical":"https:\/\/www.em.com.br\/emfoco\/2026\/04\/29\/adeus-a-espada-de-sao-jorge-a-planta-que-cresce-rapidamente-e-mais-elegante-e-enche-a-casa-de-verde-3\/","og_locale":"pt_BR","og_type":"article","og_title":"Adeus \u00e0 espada-de-s\u00e3o-jorge: a planta que cresce rapidamente, \u00e9 mais elegante e enche a casa de verde - Estado de Minas - Em foco","og_description":"Transforme sua decora\u00e7\u00e3o com a Zamioculca no lar e garanta um verde vibrante com pouca manuten\u00e7\u00e3o. Saiba por que essa planta \u00e9 a favorita.","og_url":"https:\/\/www.em.com.br\/emfoco\/2026\/04\/29\/adeus-a-espada-de-sao-jorge-a-planta-que-cresce-rapidamente-e-mais-elegante-e-enche-a-casa-de-verde-3\/","og_site_name":"Estado de Minas - Em foco","article_published_time":"2026-04-29T12:55:00+00:00","article_modified_time":"2026-04-28T16:33:02+00:00","og_image":[{"width":1280,"height":720,"url":"https:\/\/www.em.com.br\/emfoco\/wp-content\/uploads\/2026\/04\/EmFoco_29-8.jpg","type":"image\/jpeg"}],"author":"Daniely Cardoso","twitter_card":"summary_large_image","twitter_misc":{"Escrito por":"Daniely Cardoso","Est. tempo de leitura":"5 minutos"},"schema":{"@context":"https:\/\/schema.org","@graph":[{"@type":"WebPage","@id":"https:\/\/www.em.com.br\/emfoco\/2026\/04\/29\/adeus-a-espada-de-sao-jorge-a-planta-que-cresce-rapidamente-e-mais-elegante-e-enche-a-casa-de-verde-3\/","url":"https:\/\/www.em.com.br\/emfoco\/2026\/04\/29\/adeus-a-espada-de-sao-jorge-a-planta-que-cresce-rapidamente-e-mais-elegante-e-enche-a-casa-de-verde-3\/","name":"Adeus \u00e0 espada-de-s\u00e3o-jorge: a planta que cresce rapidamente, \u00e9 mais elegante e enche a casa de verde - Estado de Minas - Em foco","isPartOf":{"@id":"https:\/\/www.em.com.br\/emfoco\/#website"},"primaryImageOfPage":{"@id":"https:\/\/www.em.com.br\/emfoco\/2026\/04\/29\/adeus-a-espada-de-sao-jorge-a-planta-que-cresce-rapidamente-e-mais-elegante-e-enche-a-casa-de-verde-3\/#primaryimage"},"image":{"@id":"https:\/\/www.em.com.br\/emfoco\/2026\/04\/29\/adeus-a-espada-de-sao-jorge-a-planta-que-cresce-rapidamente-e-mais-elegante-e-enche-a-casa-de-verde-3\/#primaryimage"},"thumbnailUrl":"https:\/\/www.em.com.br\/emfoco\/wp-content\/uploads\/2026\/04\/EmFoco_29-8.jpg","datePublished":"2026-04-29T12:55:00+00:00","dateModified":"2026-04-28T16:33:02+00:00","author":{"@id":"https:\/\/www.em.com.br\/emfoco\/#\/schema\/person\/0a8186d72f2c3a5c6276d90b41f271a0"},"description":"Transforme sua decora\u00e7\u00e3o com a Zamioculca no lar e garanta um verde vibrante com pouca manuten\u00e7\u00e3o. Saiba por que essa planta \u00e9 a favorita.","breadcrumb":{"@id":"https:\/\/www.em.com.br\/emfoco\/2026\/04\/29\/adeus-a-espada-de-sao-jorge-a-planta-que-cresce-rapidamente-e-mais-elegante-e-enche-a-casa-de-verde-3\/#breadcrumb"},"inLanguage":"pt-BR","potentialAction":[{"@type":"ReadAction","target":["https:\/\/www.em.com.br\/emfoco\/2026\/04\/29\/adeus-a-espada-de-sao-jorge-a-planta-que-cresce-rapidamente-e-mais-elegante-e-enche-a-casa-de-verde-3\/"]}]},{"@type":"ImageObject","inLanguage":"pt-BR","@id":"https:\/\/www.em.com.br\/emfoco\/2026\/04\/29\/adeus-a-espada-de-sao-jorge-a-planta-que-cresce-rapidamente-e-mais-elegante-e-enche-a-casa-de-verde-3\/#primaryimage","url":"https:\/\/www.em.com.br\/emfoco\/wp-content\/uploads\/2026\/04\/EmFoco_29-8.jpg","contentUrl":"https:\/\/www.em.com.br\/emfoco\/wp-content\/uploads\/2026\/04\/EmFoco_29-8.jpg","width":1280,"height":720,"caption":"Planta ornamental de sombra total ideal para purifica\u00e7\u00e3o do ar e decora\u00e7\u00e3o interna"},{"@type":"BreadcrumbList","@id":"https:\/\/www.em.com.br\/emfoco\/2026\/04\/29\/adeus-a-espada-de-sao-jorge-a-planta-que-cresce-rapidamente-e-mais-elegante-e-enche-a-casa-de-verde-3\/#breadcrumb","itemListElement":[{"@type":"ListItem","position":1,"name":"In\u00edcio","item":"https:\/\/www.em.com.br\/emfoco\/"},{"@type":"ListItem","position":2,"name":"Adeus \u00e0 espada-de-s\u00e3o-jorge: a planta que cresce rapidamente, \u00e9 mais elegante e enche a casa de verde"}]},{"@type":"WebSite","@id":"https:\/\/www.em.com.br\/emfoco\/#website","url":"https:\/\/www.em.com.br\/emfoco\/","name":"Estado de Minas - Em foco","description":"Acompanhe as \u00faltimas not\u00edcias e fique bem informado sobre tudo o que acontece em Minas Gerais, Brasil e no mundo.","potentialAction":[{"@type":"SearchAction","target":{"@type":"EntryPoint","urlTemplate":"https:\/\/www.em.com.br\/emfoco\/?s={search_term_string}"},"query-input":{"@type":"PropertyValueSpecification","valueRequired":true,"valueName":"search_term_string"}}],"inLanguage":"pt-BR"},{"@type":"Person","@id":"https:\/\/www.em.com.br\/emfoco\/#\/schema\/person\/0a8186d72f2c3a5c6276d90b41f271a0","name":"Daniely Cardoso","image":{"@type":"ImageObject","inLanguage":"pt-BR","@id":"https:\/\/www.em.com.br\/emfoco\/#\/schema\/person\/image\/","url":"https:\/\/secure.gravatar.com\/avatar\/4b80ddbd124d1f071b626d52d62e5dff?s=96&d=mm&r=g","contentUrl":"https:\/\/secure.gravatar.com\/avatar\/4b80ddbd124d1f071b626d52d62e5dff?s=96&d=mm&r=g","caption":"Daniely Cardoso"},"url":"https:\/\/www.em.com.br\/emfoco\/author\/danielymyth\/"}]}},"_links":{"self":[{"href":"https:\/\/www.em.com.br\/emfoco\/wp-json\/wp\/v2\/posts\/200694","targetHints":{"allow":["GET"]}}],"collection":[{"href":"https:\/\/www.em.com.br\/emfoco\/wp-json\/wp\/v2\/posts"}],"about":[{"href":"https:\/\/www.em.com.br\/emfoco\/wp-json\/wp\/v2\/types\/post"}],"author":[{"embeddable":true,"href":"https:\/\/www.em.com.br\/emfoco\/wp-json\/wp\/v2\/users\/9"}],"replies":[{"embeddable":true,"href":"https:\/\/www.em.com.br\/emfoco\/wp-json\/wp\/v2\/comments?post=200694"}],"version-history":[{"count":1,"href":"https:\/\/www.em.com.br\/emfoco\/wp-json\/wp\/v2\/posts\/200694\/revisions"}],"predecessor-version":[{"id":200695,"href":"https:\/\/www.em.com.br\/emfoco\/wp-json\/wp\/v2\/posts\/200694\/revisions\/200695"}],"wp:featuredmedia":[{"embeddable":true,"href":"https:\/\/www.em.com.br\/emfoco\/wp-json\/wp\/v2\/media\/200897"}],"wp:attachment":[{"href":"https:\/\/www.em.com.br\/emfoco\/wp-json\/wp\/v2\/media?parent=200694"}],"wp:term":[{"taxonomy":"category","embeddable":true,"href":"https:\/\/www.em.com.br\/emfoco\/wp-json\/wp\/v2\/categories?post=200694"},{"taxonomy":"post_tag","embeddable":true,"href":"https:\/\/www.em.com.br\/emfoco\/wp-json\/wp\/v2\/tags?post=200694"}],"curies":[{"name":"wp","href":"https:\/\/api.w.org\/{rel}","templated":true}]}}