{"id":200687,"date":"2026-04-29T09:25:00","date_gmt":"2026-04-29T12:25:00","guid":{"rendered":"https:\/\/www.em.com.br\/emfoco\/?p=200687"},"modified":"2026-04-28T13:37:09","modified_gmt":"2026-04-28T16:37:09","slug":"um-estudo-identificou-uma-curiosa-caracteristica-fisica-que-algumas-pessoas-nascidas-em-1998-tem-e-quem-nasceu-em-2008-nao-tem","status":"publish","type":"post","link":"https:\/\/www.em.com.br\/emfoco\/2026\/04\/29\/um-estudo-identificou-uma-curiosa-caracteristica-fisica-que-algumas-pessoas-nascidas-em-1998-tem-e-quem-nasceu-em-2008-nao-tem\/","title":{"rendered":"Um estudo identificou uma curiosa caracter\u00edstica f\u00edsica que algumas pessoas nascidas em 1998 t\u00eam e quem nasceu em 2008 n\u00e3o tem"},"content":{"rendered":"\n<p>Enquanto observava as crian\u00e7as brincarem no parque, notei que os <strong>nascidos em novembro<\/strong> pareciam correr com muito mais facilidade e resist\u00eancia que os outros. Qual seria a explica\u00e7\u00e3o biol\u00f3gica oculta por tr\u00e1s dessa for\u00e7a f\u00edsica superior que alguns meses de nascimento proporcionam?<\/p>\n\n\n\n<h2 class=\"wp-block-heading\">Por que os nascidos em novembro s\u00e3o mais fortes<\/h2>\n\n\n\n<p>Um levantamento realizado pela Universidade de Essex apontou que beb\u00eas do final do ano possuem maior massa muscular. Essa diferen\u00e7a f\u00edsica se torna evidente quando comparamos o desempenho atl\u00e9tico de jovens em diversas atividades escolares competitivas. O <a href=\"https:\/\/www.essex.ac.uk\/research\/showcase\/evaluating-child-fitness-to-help-improve-the-health-of-youngsters#:~:text=We%20followed%20this%20up%20with,and%20SEN%20schools%20and%20charities.\" target=\"_blank\" rel=\"noreferrer noopener\">estudo detalhado sobre o tema<\/a> indica que essa condi\u00e7\u00e3o favorece o desenvolvimento motor de forma precoce e <strong>bastante percept\u00edvel<\/strong>.<\/p>\n\n\n\n<p>Os dados mostram que a for\u00e7a muscular \u00e9 cerca de dez por cento maior em compara\u00e7\u00e3o com quem nasceu no primeiro semestre. Esse ganho de pot\u00eancia acontece devido a fatores biol\u00f3gicos espec\u00edficos que ocorrem durante o <strong>per\u00edodo gestacional<\/strong> final. Ter um corpo mais preparado para o movimento gera <strong>vantagens competitivas<\/strong> valiosas ao longo de toda a fase de crescimento.<\/p>\n\n\n<div class=\"wp-block-image\">\n<figure class=\"aligncenter size-large\"><img loading=\"lazy\" decoding=\"async\" width=\"1024\" height=\"576\" src=\"https:\/\/www.em.com.br\/emfoco\/wp-content\/uploads\/2026\/04\/bebe_1777337777171-1024x576.jpg\" alt=\"nascidos em novembro\" class=\"wp-image-200690\" srcset=\"https:\/\/www.em.com.br\/emfoco\/wp-content\/uploads\/2026\/04\/bebe_1777337777171-1024x576.jpg 1024w, https:\/\/www.em.com.br\/emfoco\/wp-content\/uploads\/2026\/04\/bebe_1777337777171-300x169.jpg 300w, https:\/\/www.em.com.br\/emfoco\/wp-content\/uploads\/2026\/04\/bebe_1777337777171-768x432.jpg 768w, https:\/\/www.em.com.br\/emfoco\/wp-content\/uploads\/2026\/04\/bebe_1777337777171-750x422.jpg 750w, https:\/\/www.em.com.br\/emfoco\/wp-content\/uploads\/2026\/04\/bebe_1777337777171-1140x641.jpg 1140w, https:\/\/www.em.com.br\/emfoco\/wp-content\/uploads\/2026\/04\/bebe_1777337777171.jpg 1280w\" sizes=\"auto, (max-width: 1024px) 100vw, 1024px\" \/><figcaption class=\"wp-element-caption\">Os dados mostram que a for\u00e7a muscular \u00e9 cerca de dez por cento maior em compara\u00e7\u00e3o com quem nasceu no primeiro semestre. &#8211; Cr\u00e9ditos: depositphotos.com \/ Luljo<\/figcaption><\/figure><\/div>\n\n\n<p>Leia tamb\u00e9m: <a href=\"https:\/\/www.em.com.br\/emfoco\/2026\/04\/15\/o-corte-de-milhoes-que-transforma-qualquer-idade-e-renova-a-autoestima\/\" target=\"_blank\" rel=\"noreferrer noopener\">O corte de milh\u00f5es que transforma qualquer idade e renova a autoestima<\/a><\/p>\n\n\n\n<h2 class=\"wp-block-heading\">O papel da vitamina D na gesta\u00e7\u00e3o dos nascidos em novembro<\/h2>\n\n\n\n<p>A exposi\u00e7\u00e3o solar da m\u00e3e durante os meses de ver\u00e3o \u00e9 o principal combust\u00edvel para essa forma\u00e7\u00e3o \u00f3ssea e muscular robusta. Quando os <strong>nascidos em novembro<\/strong> est\u00e3o sendo formados, a capta\u00e7\u00e3o de nutrientes importantes atinge o seu pico m\u00e1ximo de efici\u00eancia org\u00e2nica. N\u00edveis elevados de <strong>Vitamina D<\/strong> influenciam diretamente na qualidade das fibras musculares que a crian\u00e7a ter\u00e1 desde os <strong>primeiros anos<\/strong>.<\/p>\n\n\n\n<p>Os especialistas explicam que o Sol atua como um regulador hormonal para a sa\u00fade plena do feto em desenvolvimento. Esse processo qu\u00edmico natural garante que a estrutura esquel\u00e9tica seja mais densa e preparada para sustentar grandes <strong>esfor\u00e7os f\u00edsicos<\/strong> futuros. A biologia utiliza o clima favor\u00e1vel para entregar <strong>benef\u00edcios permanentes<\/strong> que acompanham o indiv\u00edduo por d\u00e9cadas de vida ativa.<\/p>\n\n\n\n<figure class=\"wp-block-embed is-type-rich is-provider-pinterest wp-block-embed-pinterest\"><div class=\"wp-block-embed__wrapper\">\n<iframe loading=\"lazy\" title=\"\ud83d\udcca O peso do seu beb\u00ea n\u00e3o \u00e9 uma regra!A balan\u00e7a causa ansiedade por a\u00ed? Respira fundo, mam\u00e3e. A verdade que voc\u00ea precisa ouvir \u00e9: seu beb\u00ea n\u00e3o \u00e9 um n\u00famero, \u00e9 uma hist\u00f3ria \u00fanica.\u2728 O que voc\u00ea precisa saber:M\u00e9dias n\u00e3o s\u00e3o metas: As tabelas da OMS s\u00e3o refer\u00eancias, n\u00e3o obriga\u00e7\u00f5es.Ritmo Pr\u00f3prio: Cada crian\u00e7a tem sua gen\u00e9tica e seu tempo de desenvolvimento.Curva &gt; N\u00famero: O mais importante \u00e9 a evolu\u00e7\u00e3o constante na curva de crescimento, e n\u00e3o um peso isolado.\ud83d\udea8 Sinais para ligar o alerta:Pe...\" src=\"https:\/\/assets.pinterest.com\/ext\/embed.html?id=1127377719237670444&#038;src=oembed\" height=\"657\" width=\"450\" frameborder=\"0\" scrolling=\"no\" ><\/iframe>\n<\/div><\/figure>\n\n\n\n<h2 class=\"wp-block-heading\">Desempenho atl\u00e9tico dos nascidos em novembro<\/h2>\n\n\n\n<p>As escolas brit\u00e2nicas serviram de base para as medi\u00e7\u00f5es de f\u00f4lego e for\u00e7a de preens\u00e3o manual entre milhares de estudantes. Ficou provado que as crian\u00e7as nascidas no outono europeu superam os colegas de primavera em quase todos os <strong>testes de aptid\u00e3o<\/strong>. Esse fen\u00f4meno cria uma base s\u00f3lida para que esses jovens se destaquem em esportes que exigem <strong>explos\u00e3o muscular<\/strong> e agilidade constante.<\/p>\n\n\n\n<p>A coordena\u00e7\u00e3o motora refinada desses alunos facilita o aprendizado de novas modalidades esportivas complexas com uma velocidade de absor\u00e7\u00e3o incr\u00edvel. O ambiente escolar se torna o palco perfeito para observar como essas <strong>diferen\u00e7as biol\u00f3gicas<\/strong> influenciam na autoestima e no engajamento esportivo. Algumas qualidades principais foram listadas pelos pesquisadores como marcas registradas desse grupo espec\u00edfico:<\/p>\n\n\n\n<ul class=\"wp-block-list\">\n<li><strong>For\u00e7a de preens\u00e3o<\/strong> manual superior aos par\u00e2metros normais de idade.<\/li>\n\n\n\n<li><strong>Capacidade pulmonar<\/strong> ampliada para sustentar atividades de alta intensidade.<\/li>\n\n\n\n<li><strong>Agilidade corporal<\/strong> desenvolvida que facilita mudan\u00e7as r\u00e1pidas de dire\u00e7\u00e3o.<\/li>\n<\/ul>\n\n\n\n<p>Para voc\u00ea que gosta de aprofundar, separamos um v\u00eddeo do canal da <a href=\"https:\/\/www.youtube.com\/@leitedanielle\" target=\"_blank\" rel=\"noreferrer noopener\">Dra. Danielle Leite | Pediatra<\/a> com dicas para acompanahr o peso do beb\u00ea:<\/p>\n\n\n\n<figure class=\"wp-block-embed is-type-video is-provider-youtube wp-block-embed-youtube wp-embed-aspect-16-9 wp-has-aspect-ratio\"><div class=\"wp-block-embed__wrapper\">\n<div class=\"jeg_video_container jeg_video_content\"><iframe loading=\"lazy\" title=\"MEU BEB\u00ca N\u00c3O EST\u00c1 GANHANDO PESO, e agora? | Tudo o que voc\u00ea precisa saber | Informa\u00e7\u00f5es atualizadas\" width=\"500\" height=\"281\" src=\"https:\/\/www.youtube.com\/embed\/GWPppOtnKlc?feature=oembed\" frameborder=\"0\" allow=\"accelerometer; autoplay; clipboard-write; encrypted-media; gyroscope; picture-in-picture; web-share\" referrerpolicy=\"strict-origin-when-cross-origin\" allowfullscreen><\/iframe><\/div>\n<\/div><\/figure>\n\n\n\n<h2 class=\"wp-block-heading\">Impacto da sazonalidade no desenvolvimento humano<\/h2>\n\n\n\n<p>Entender como o m\u00eas de nascimento molda o nosso f\u00edsico ajuda a planejar melhor o suporte educacional e esportivo para cada perfil. Os indiv\u00edduos dessa \u00e9poca carregam uma heran\u00e7a clim\u00e1tica que potencializa a sua intera\u00e7\u00e3o com o <strong>meio ambiente<\/strong> externo. Essas evid\u00eancias cient\u00edficas desmistificam a ideia de que o talento esportivo depende apenas de <strong>fatores gen\u00e9ticos<\/strong> isolados.<\/p>\n\n\n\n<p>A intera\u00e7\u00e3o entre o feto e o ambiente externo cria uma assinatura biol\u00f3gica que dita o ritmo de crescimento e matura\u00e7\u00e3o. Ter acesso a essas informa\u00e7\u00f5es permite que pais e treinadores direcionem melhor as <strong>atividades recreativas<\/strong> para maximizar o potencial inato. O equil\u00edbrio entre a <strong>natureza biol\u00f3gica<\/strong> e o treino constante define o sucesso de quem nasceu sob essa <strong>configura\u00e7\u00e3o \u00fanica<\/strong>.<\/p>\n\n\n\n<h2 class=\"wp-block-heading\">Valorize sua biologia pessoal com sa\u00fade<\/h2>\n\n\n\n<p>Aproveite a sua disposi\u00e7\u00e3o natural para manter uma rotina de movimentos constantes e nutritivos. O corpo agradece quando utilizamos as suas <strong>capacidades nativas<\/strong> de forma inteligente e produtiva no dia a dia. Busque <strong>desafios f\u00edsicos<\/strong> novos.<\/p>\n\n\n\n<p>Lembre-se que o cuidado di\u00e1rio potencializa qualquer vantagem que a ci\u00eancia tenha identificado em seu organismo. Mantenha a <strong>sa\u00fade em foco<\/strong> sempre que poss\u00edvel para viver bem. Cultive <strong>h\u00e1bitos saud\u00e1veis<\/strong> hoje.<\/p>\n","protected":false},"excerpt":{"rendered":"<p>Enquanto observava as crian\u00e7as brincarem no parque, notei que os nascidos em novembro pareciam correr com muito mais facilidade e resist\u00eancia que os outros. Qual seria a explica\u00e7\u00e3o biol\u00f3gica oculta por tr\u00e1s dessa for\u00e7a f\u00edsica superior que alguns meses de nascimento proporcionam? Por que os nascidos em novembro s\u00e3o mais fortes Um levantamento realizado pela [&hellip;]<\/p>\n","protected":false},"author":9,"featured_media":200911,"comment_status":"open","ping_status":"open","sticky":false,"template":"","format":"standard","meta":{"jnews-multi-image_gallery":[],"jnews_single_post":{"format":"standard"},"jnews_primary_category":[],"jnews_social_meta":[],"jnews_override_counter":[],"footnotes":""},"categories":[8691,9053],"tags":[9793,6746,9429],"class_list":["post-200687","post","type-post","status-publish","format-standard","has-post-thumbnail","hentry","category-bem-estar","category-saude","tag-biologia","tag-desenvolvimento-infantil","tag-saude-fisica"],"yoast_head":"<!-- This site is optimized with the Yoast SEO plugin v23.8 - https:\/\/yoast.com\/wordpress\/plugins\/seo\/ -->\n<title>Um estudo identificou uma curiosa caracter\u00edstica f\u00edsica que algumas pessoas nascidas em 1998 t\u00eam e quem nasceu em 2008 n\u00e3o tem - Estado de Minas - Em foco<\/title>\n<meta name=\"description\" content=\"Estudo mostra que os nascidos em novembro possuem for\u00e7a f\u00edsica superior devido \u00e0 vitamina D. Entenda como o m\u00eas de nascimento molda o corpo.\" \/>\n<meta name=\"robots\" content=\"index, follow, max-snippet:-1, max-image-preview:large, max-video-preview:-1\" \/>\n<link rel=\"canonical\" href=\"https:\/\/www.em.com.br\/emfoco\/2026\/04\/29\/um-estudo-identificou-uma-curiosa-caracteristica-fisica-que-algumas-pessoas-nascidas-em-1998-tem-e-quem-nasceu-em-2008-nao-tem\/\" \/>\n<meta property=\"og:locale\" content=\"pt_BR\" \/>\n<meta property=\"og:type\" content=\"article\" \/>\n<meta property=\"og:title\" content=\"Um estudo identificou uma curiosa caracter\u00edstica f\u00edsica que algumas pessoas nascidas em 1998 t\u00eam e quem nasceu em 2008 n\u00e3o tem - Estado de Minas - Em foco\" \/>\n<meta property=\"og:description\" content=\"Estudo mostra que os nascidos em novembro possuem for\u00e7a f\u00edsica superior devido \u00e0 vitamina D. Entenda como o m\u00eas de nascimento molda o corpo.\" \/>\n<meta property=\"og:url\" content=\"https:\/\/www.em.com.br\/emfoco\/2026\/04\/29\/um-estudo-identificou-uma-curiosa-caracteristica-fisica-que-algumas-pessoas-nascidas-em-1998-tem-e-quem-nasceu-em-2008-nao-tem\/\" \/>\n<meta property=\"og:site_name\" content=\"Estado de Minas - Em foco\" \/>\n<meta property=\"article:published_time\" content=\"2026-04-29T12:25:00+00:00\" \/>\n<meta property=\"article:modified_time\" content=\"2026-04-28T16:37:09+00:00\" \/>\n<meta property=\"og:image\" content=\"https:\/\/www.em.com.br\/emfoco\/wp-content\/uploads\/2026\/04\/EmFoco_31-8.jpg\" \/>\n\t<meta property=\"og:image:width\" content=\"1280\" \/>\n\t<meta property=\"og:image:height\" content=\"720\" \/>\n\t<meta property=\"og:image:type\" content=\"image\/jpeg\" \/>\n<meta name=\"author\" content=\"Daniely Cardoso\" \/>\n<meta name=\"twitter:card\" content=\"summary_large_image\" \/>\n<meta name=\"twitter:label1\" content=\"Escrito por\" \/>\n\t<meta name=\"twitter:data1\" content=\"Daniely Cardoso\" \/>\n\t<meta name=\"twitter:label2\" content=\"Est. tempo de leitura\" \/>\n\t<meta name=\"twitter:data2\" content=\"5 minutos\" \/>\n<!-- \/ Yoast SEO plugin. -->","yoast_head_json":{"title":"Um estudo identificou uma curiosa caracter\u00edstica f\u00edsica que algumas pessoas nascidas em 1998 t\u00eam e quem nasceu em 2008 n\u00e3o tem - Estado de Minas - Em foco","description":"Estudo mostra que os nascidos em novembro possuem for\u00e7a f\u00edsica superior devido \u00e0 vitamina D. Entenda como o m\u00eas de nascimento molda o corpo.","robots":{"index":"index","follow":"follow","max-snippet":"max-snippet:-1","max-image-preview":"max-image-preview:large","max-video-preview":"max-video-preview:-1"},"canonical":"https:\/\/www.em.com.br\/emfoco\/2026\/04\/29\/um-estudo-identificou-uma-curiosa-caracteristica-fisica-que-algumas-pessoas-nascidas-em-1998-tem-e-quem-nasceu-em-2008-nao-tem\/","og_locale":"pt_BR","og_type":"article","og_title":"Um estudo identificou uma curiosa caracter\u00edstica f\u00edsica que algumas pessoas nascidas em 1998 t\u00eam e quem nasceu em 2008 n\u00e3o tem - Estado de Minas - Em foco","og_description":"Estudo mostra que os nascidos em novembro possuem for\u00e7a f\u00edsica superior devido \u00e0 vitamina D. Entenda como o m\u00eas de nascimento molda o corpo.","og_url":"https:\/\/www.em.com.br\/emfoco\/2026\/04\/29\/um-estudo-identificou-uma-curiosa-caracteristica-fisica-que-algumas-pessoas-nascidas-em-1998-tem-e-quem-nasceu-em-2008-nao-tem\/","og_site_name":"Estado de Minas - Em foco","article_published_time":"2026-04-29T12:25:00+00:00","article_modified_time":"2026-04-28T16:37:09+00:00","og_image":[{"width":1280,"height":720,"url":"https:\/\/www.em.com.br\/emfoco\/wp-content\/uploads\/2026\/04\/EmFoco_31-8.jpg","type":"image\/jpeg"}],"author":"Daniely Cardoso","twitter_card":"summary_large_image","twitter_misc":{"Escrito por":"Daniely Cardoso","Est. tempo de leitura":"5 minutos"},"schema":{"@context":"https:\/\/schema.org","@graph":[{"@type":"WebPage","@id":"https:\/\/www.em.com.br\/emfoco\/2026\/04\/29\/um-estudo-identificou-uma-curiosa-caracteristica-fisica-que-algumas-pessoas-nascidas-em-1998-tem-e-quem-nasceu-em-2008-nao-tem\/","url":"https:\/\/www.em.com.br\/emfoco\/2026\/04\/29\/um-estudo-identificou-uma-curiosa-caracteristica-fisica-que-algumas-pessoas-nascidas-em-1998-tem-e-quem-nasceu-em-2008-nao-tem\/","name":"Um estudo identificou uma curiosa caracter\u00edstica f\u00edsica que algumas pessoas nascidas em 1998 t\u00eam e quem nasceu em 2008 n\u00e3o tem - Estado de Minas - Em foco","isPartOf":{"@id":"https:\/\/www.em.com.br\/emfoco\/#website"},"primaryImageOfPage":{"@id":"https:\/\/www.em.com.br\/emfoco\/2026\/04\/29\/um-estudo-identificou-uma-curiosa-caracteristica-fisica-que-algumas-pessoas-nascidas-em-1998-tem-e-quem-nasceu-em-2008-nao-tem\/#primaryimage"},"image":{"@id":"https:\/\/www.em.com.br\/emfoco\/2026\/04\/29\/um-estudo-identificou-uma-curiosa-caracteristica-fisica-que-algumas-pessoas-nascidas-em-1998-tem-e-quem-nasceu-em-2008-nao-tem\/#primaryimage"},"thumbnailUrl":"https:\/\/www.em.com.br\/emfoco\/wp-content\/uploads\/2026\/04\/EmFoco_31-8.jpg","datePublished":"2026-04-29T12:25:00+00:00","dateModified":"2026-04-28T16:37:09+00:00","author":{"@id":"https:\/\/www.em.com.br\/emfoco\/#\/schema\/person\/0a8186d72f2c3a5c6276d90b41f271a0"},"description":"Estudo mostra que os nascidos em novembro possuem for\u00e7a f\u00edsica superior devido \u00e0 vitamina D. Entenda como o m\u00eas de nascimento molda o corpo.","breadcrumb":{"@id":"https:\/\/www.em.com.br\/emfoco\/2026\/04\/29\/um-estudo-identificou-uma-curiosa-caracteristica-fisica-que-algumas-pessoas-nascidas-em-1998-tem-e-quem-nasceu-em-2008-nao-tem\/#breadcrumb"},"inLanguage":"pt-BR","potentialAction":[{"@type":"ReadAction","target":["https:\/\/www.em.com.br\/emfoco\/2026\/04\/29\/um-estudo-identificou-uma-curiosa-caracteristica-fisica-que-algumas-pessoas-nascidas-em-1998-tem-e-quem-nasceu-em-2008-nao-tem\/"]}]},{"@type":"ImageObject","inLanguage":"pt-BR","@id":"https:\/\/www.em.com.br\/emfoco\/2026\/04\/29\/um-estudo-identificou-uma-curiosa-caracteristica-fisica-que-algumas-pessoas-nascidas-em-1998-tem-e-quem-nasceu-em-2008-nao-tem\/#primaryimage","url":"https:\/\/www.em.com.br\/emfoco\/wp-content\/uploads\/2026\/04\/EmFoco_31-8.jpg","contentUrl":"https:\/\/www.em.com.br\/emfoco\/wp-content\/uploads\/2026\/04\/EmFoco_31-8.jpg","width":1280,"height":720,"caption":"Fatores gestacionais e n\u00edveis de vitamina D promovem maior massa muscular fetal"},{"@type":"BreadcrumbList","@id":"https:\/\/www.em.com.br\/emfoco\/2026\/04\/29\/um-estudo-identificou-uma-curiosa-caracteristica-fisica-que-algumas-pessoas-nascidas-em-1998-tem-e-quem-nasceu-em-2008-nao-tem\/#breadcrumb","itemListElement":[{"@type":"ListItem","position":1,"name":"In\u00edcio","item":"https:\/\/www.em.com.br\/emfoco\/"},{"@type":"ListItem","position":2,"name":"Um estudo identificou uma curiosa caracter\u00edstica f\u00edsica que algumas pessoas nascidas em 1998 t\u00eam e quem nasceu em 2008 n\u00e3o tem"}]},{"@type":"WebSite","@id":"https:\/\/www.em.com.br\/emfoco\/#website","url":"https:\/\/www.em.com.br\/emfoco\/","name":"Estado de Minas - Em foco","description":"Acompanhe as \u00faltimas not\u00edcias e fique bem informado sobre tudo o que acontece em Minas Gerais, Brasil e no mundo.","potentialAction":[{"@type":"SearchAction","target":{"@type":"EntryPoint","urlTemplate":"https:\/\/www.em.com.br\/emfoco\/?s={search_term_string}"},"query-input":{"@type":"PropertyValueSpecification","valueRequired":true,"valueName":"search_term_string"}}],"inLanguage":"pt-BR"},{"@type":"Person","@id":"https:\/\/www.em.com.br\/emfoco\/#\/schema\/person\/0a8186d72f2c3a5c6276d90b41f271a0","name":"Daniely Cardoso","image":{"@type":"ImageObject","inLanguage":"pt-BR","@id":"https:\/\/www.em.com.br\/emfoco\/#\/schema\/person\/image\/","url":"https:\/\/secure.gravatar.com\/avatar\/4b80ddbd124d1f071b626d52d62e5dff?s=96&d=mm&r=g","contentUrl":"https:\/\/secure.gravatar.com\/avatar\/4b80ddbd124d1f071b626d52d62e5dff?s=96&d=mm&r=g","caption":"Daniely Cardoso"},"url":"https:\/\/www.em.com.br\/emfoco\/author\/danielymyth\/"}]}},"_links":{"self":[{"href":"https:\/\/www.em.com.br\/emfoco\/wp-json\/wp\/v2\/posts\/200687","targetHints":{"allow":["GET"]}}],"collection":[{"href":"https:\/\/www.em.com.br\/emfoco\/wp-json\/wp\/v2\/posts"}],"about":[{"href":"https:\/\/www.em.com.br\/emfoco\/wp-json\/wp\/v2\/types\/post"}],"author":[{"embeddable":true,"href":"https:\/\/www.em.com.br\/emfoco\/wp-json\/wp\/v2\/users\/9"}],"replies":[{"embeddable":true,"href":"https:\/\/www.em.com.br\/emfoco\/wp-json\/wp\/v2\/comments?post=200687"}],"version-history":[{"count":2,"href":"https:\/\/www.em.com.br\/emfoco\/wp-json\/wp\/v2\/posts\/200687\/revisions"}],"predecessor-version":[{"id":200691,"href":"https:\/\/www.em.com.br\/emfoco\/wp-json\/wp\/v2\/posts\/200687\/revisions\/200691"}],"wp:featuredmedia":[{"embeddable":true,"href":"https:\/\/www.em.com.br\/emfoco\/wp-json\/wp\/v2\/media\/200911"}],"wp:attachment":[{"href":"https:\/\/www.em.com.br\/emfoco\/wp-json\/wp\/v2\/media?parent=200687"}],"wp:term":[{"taxonomy":"category","embeddable":true,"href":"https:\/\/www.em.com.br\/emfoco\/wp-json\/wp\/v2\/categories?post=200687"},{"taxonomy":"post_tag","embeddable":true,"href":"https:\/\/www.em.com.br\/emfoco\/wp-json\/wp\/v2\/tags?post=200687"}],"curies":[{"name":"wp","href":"https:\/\/api.w.org\/{rel}","templated":true}]}}