{"id":200651,"date":"2026-04-30T20:15:00","date_gmt":"2026-04-30T23:15:00","guid":{"rendered":"https:\/\/www.em.com.br\/emfoco\/?p=200651"},"modified":"2026-04-29T16:52:23","modified_gmt":"2026-04-29T19:52:23","slug":"adeus-as-tabuas-empilhadas-debaixo-do-balcao-a-nova-tendencia-para-2026-e-mais-pratica-e-elegante","status":"publish","type":"post","link":"https:\/\/www.em.com.br\/emfoco\/2026\/04\/30\/adeus-as-tabuas-empilhadas-debaixo-do-balcao-a-nova-tendencia-para-2026-e-mais-pratica-e-elegante\/","title":{"rendered":"Adeus \u00e0s t\u00e1buas empilhadas debaixo do balc\u00e3o: a nova tend\u00eancia para 2026 \u00e9 mais pr\u00e1tica e elegante"},"content":{"rendered":"\n<p>Organizar as t\u00e1buas de corte na cozinha deixou de ser apenas uma quest\u00e3o de ordem e hoje faz parte do planejamento inteligente de interiores. A forma como esses utens\u00edlios s\u00e3o guardados impacta diretamente a durabilidade do material, a higiene no preparo dos alimentos e o visual do ambiente, principalmente em cozinhas compactas, onde cada cent\u00edmetro precisa ser bem pensado.<\/p>\n\n\n\n<h2 class=\"wp-block-heading\">Como organizar t\u00e1buas de corte de forma pr\u00e1tica no dia a dia<\/h2>\n\n\n\n<p>Uma das solu\u00e7\u00f5es mais eficientes \u00e9 posicionar as <a href=\"https:\/\/www.em.com.br\/emfoco\/2026\/04\/17\/tabuas-de-carne-suja-o-truque-para-remover-manchas-e-odores-usando-apenas-um-ingrediente\/\" target=\"_blank\" rel=\"noreferrer noopener\">t\u00e1buas <\/a>na vertical, como pastas em um arquivo. Assim, voc\u00ea visualiza cada pe\u00e7a com facilidade, evita atrito constante entre as superf\u00edcies e reduz o risco de deforma\u00e7\u00f5es, principalmente em materiais mais sens\u00edveis.<\/p>\n\n\n\n<p>Organizadores met\u00e1licos de escrit\u00f3rio, separadores de prateleiras, suportes espec\u00edficos para cozinha ou divisores em gavetas profundas podem ser adaptados para manter tudo acess\u00edvel sem empilhar. Essa disposi\u00e7\u00e3o vertical favorece a ventila\u00e7\u00e3o, o escoamento da umidade e a identifica\u00e7\u00e3o r\u00e1pida por tamanho ou tipo de uso.<\/p>\n\n\n\n<figure class=\"wp-block-image size-large\"><img loading=\"lazy\" decoding=\"async\" width=\"1024\" height=\"576\" src=\"https:\/\/www.em.com.br\/emfoco\/wp-content\/uploads\/2026\/04\/Gemini_Generated_Image_l92p0ml92p0ml92p-1-1024x576.png\" alt=\"Organizar t\u00e1buas de corte do jeito mais pr\u00e1tico\" class=\"wp-image-201337\" srcset=\"https:\/\/www.em.com.br\/emfoco\/wp-content\/uploads\/2026\/04\/Gemini_Generated_Image_l92p0ml92p0ml92p-1-1024x576.png 1024w, https:\/\/www.em.com.br\/emfoco\/wp-content\/uploads\/2026\/04\/Gemini_Generated_Image_l92p0ml92p0ml92p-1-300x169.png 300w, https:\/\/www.em.com.br\/emfoco\/wp-content\/uploads\/2026\/04\/Gemini_Generated_Image_l92p0ml92p0ml92p-1-768x432.png 768w, https:\/\/www.em.com.br\/emfoco\/wp-content\/uploads\/2026\/04\/Gemini_Generated_Image_l92p0ml92p0ml92p-1-750x422.png 750w, https:\/\/www.em.com.br\/emfoco\/wp-content\/uploads\/2026\/04\/Gemini_Generated_Image_l92p0ml92p0ml92p-1-1140x641.png 1140w, https:\/\/www.em.com.br\/emfoco\/wp-content\/uploads\/2026\/04\/Gemini_Generated_Image_l92p0ml92p0ml92p-1.png 1280w\" sizes=\"auto, (max-width: 1024px) 100vw, 1024px\" \/><figcaption class=\"wp-element-caption\">Organizar t\u00e1buas de corte do jeito mais pr\u00e1tico<\/figcaption><\/figure>\n\n\n\n<h2 class=\"wp-block-heading\">Quais s\u00e3o os melhores lugares da cozinha para guardar t\u00e1buas de corte<\/h2>\n\n\n\n<p>Os locais de maior uso tendem a ser os mais recomendados, de prefer\u00eancia pr\u00f3ximos \u00e0 \u00e1rea de preparo para evitar deslocamentos desnecess\u00e1rios. Laterais de m\u00f3veis, espa\u00e7os estreitos entre arm\u00e1rios, paredes livres e partes internas de portas s\u00e3o pontos muitas vezes subutilizados que podem ganhar fun\u00e7\u00e3o com pequenos ajustes.<\/p>\n\n\n\n<p>Ao escolher o local, \u00e9 importante considerar a circula\u00e7\u00e3o, para que as t\u00e1buas n\u00e3o atrapalhem a abertura de portas, o uso do fog\u00e3o ou o manuseio de outros utens\u00edlios. Cozinhas menores se beneficiam especialmente de solu\u00e7\u00f5es em superf\u00edcies verticais, liberando espa\u00e7o de bancada e gavetas com bastante efici\u00eancia.<\/p>\n\n\n\n<ul class=\"wp-block-list\">\n<li><strong>Parede pr\u00f3xima \u00e0 bancada<\/strong>&nbsp;\u2013 ideal para barras ou trilhos com ganchos e t\u00e1buas com furo para pendurar.<\/li>\n\n\n\n<li><strong>Laterais de arm\u00e1rios ou da geladeira<\/strong>&nbsp;\u2013 boas para ganchos adesivos ou suportes finos para t\u00e1buas leves.<\/li>\n\n\n\n<li><strong>V\u00e3o estreito entre m\u00f3veis<\/strong>&nbsp;\u2013 pode virar nicho vertical ou pequena \u201cranhura\u201d para deslizar t\u00e1buas.<\/li>\n\n\n\n<li><strong>Interior de portas de arm\u00e1rio<\/strong>&nbsp;\u2013 comporta suportes met\u00e1licos ou de madeira, mantendo tudo escondido e acess\u00edvel.<\/li>\n<\/ul>\n\n\n\n<h2 class=\"wp-block-heading\">Quais organizadores, ganchos e suportes funcionam melhor<\/h2>\n\n\n\n<p>A variedade de organizadores para t\u00e1buas de corte permite adaptar o sistema ao tamanho da cozinha e ao n\u00famero de pe\u00e7as em uso. Sistemas fechados, como gavetas com divisores, s\u00e3o mais discretos, enquanto barras e ganchos deixam as t\u00e1buas expostas, agregando textura ao ambiente, sobretudo quando s\u00e3o de madeira.<\/p>\n\n\n\n<p>Itens de escrit\u00f3rio ou banheiro podem ser reaproveitados, desde que permitam armazenamento vertical e ofere\u00e7am estabilidade. Assim voc\u00ea testa o sistema antes de investir em projetos fixos e ainda reduz custos, mantendo o visual alinhado \u00e0s tend\u00eancias mais atuais de organiza\u00e7\u00e3o.<\/p>\n\n\n\n<ol class=\"wp-block-list\">\n<li><strong>Organizadores verticais internos<\/strong>&nbsp;\u2013 usados em arm\u00e1rios ou gavetas, mant\u00eam as t\u00e1buas de p\u00e9 e alinhadas.<\/li>\n\n\n\n<li><strong>Barras com ganchos<\/strong>&nbsp;\u2013 ideais para t\u00e1buas com furo, deixando tudo vis\u00edvel e \u00e0 m\u00e3o.<\/li>\n\n\n\n<li><strong>Revistereiros e cestos r\u00edgidos<\/strong>&nbsp;\u2013 funcionam como suporte sobre a bancada ou dentro de m\u00f3veis.<\/li>\n\n\n\n<li><strong>Prateleiras finas<\/strong>&nbsp;\u2013 criam um espa\u00e7o exclusivo, ocupando pouca profundidade.<\/li>\n\n\n\n<li><strong>Suportes adesivos<\/strong>&nbsp;\u2013 \u00f3timos para superf\u00edcies lisas, sem necessidade de furar.<\/li>\n<\/ol>\n\n\n\n<figure class=\"wp-block-image size-large\"><img loading=\"lazy\" decoding=\"async\" width=\"1024\" height=\"576\" src=\"https:\/\/www.em.com.br\/emfoco\/wp-content\/uploads\/2026\/04\/Gemini_Generated_Image_e94fshe94fshe94f-1-1024x576.png\" alt=\"Organizar t\u00e1buas de corte do jeito mais pr\u00e1tico\" class=\"wp-image-201340\" srcset=\"https:\/\/www.em.com.br\/emfoco\/wp-content\/uploads\/2026\/04\/Gemini_Generated_Image_e94fshe94fshe94f-1-1024x576.png 1024w, https:\/\/www.em.com.br\/emfoco\/wp-content\/uploads\/2026\/04\/Gemini_Generated_Image_e94fshe94fshe94f-1-300x169.png 300w, https:\/\/www.em.com.br\/emfoco\/wp-content\/uploads\/2026\/04\/Gemini_Generated_Image_e94fshe94fshe94f-1-768x432.png 768w, https:\/\/www.em.com.br\/emfoco\/wp-content\/uploads\/2026\/04\/Gemini_Generated_Image_e94fshe94fshe94f-1-750x422.png 750w, https:\/\/www.em.com.br\/emfoco\/wp-content\/uploads\/2026\/04\/Gemini_Generated_Image_e94fshe94fshe94f-1-1140x641.png 1140w, https:\/\/www.em.com.br\/emfoco\/wp-content\/uploads\/2026\/04\/Gemini_Generated_Image_e94fshe94fshe94f-1.png 1280w\" sizes=\"auto, (max-width: 1024px) 100vw, 1024px\" \/><figcaption class=\"wp-element-caption\">Organizar t\u00e1buas de corte do jeito mais pr\u00e1tico<\/figcaption><\/figure>\n\n\n\n<h2 class=\"wp-block-heading\">Como cuidar das t\u00e1buas de corte para aumentar a durabilidade<\/h2>\n\n\n\n<p>A forma de guardar est\u00e1 diretamente ligada \u00e0 conserva\u00e7\u00e3o das t\u00e1buas, principalmente de madeira, bambu e pl\u00e1stico. Limpar logo ap\u00f3s o uso, secar bem e evitar o ac\u00famulo de umidade s\u00e3o medidas b\u00e1sicas para prevenir mofo, odores e contamina\u00e7\u00e3o cruzada entre diferentes tipos de alimentos.<\/p>\n\n\n\n<p>Al\u00e9m da higieniza\u00e7\u00e3o correta, \u00e9 importante separar por tipo de uso e fazer pequenas manuten\u00e7\u00f5es, como o uso de \u00f3leo mineral em <a href=\"https:\/\/br.pinterest.com\/franciscogaglia\/tabua-de-churrasco\/\" target=\"_blank\" rel=\"noreferrer noopener\">t\u00e1buas de madeira<\/a>. Esses cuidados prolongam a vida \u00fatil das pe\u00e7as, preservam a superf\u00edcie de cortes excessivos e mant\u00eam a cozinha mais segura para toda a fam\u00edlia.<\/p>\n\n\n\n<ul class=\"wp-block-list\">\n<li>Lavar as t\u00e1buas logo ap\u00f3s o uso, com \u00e1gua e detergente neutro.<\/li>\n\n\n\n<li>Secar com pano limpo e deixar ao ar at\u00e9 perder toda a umidade.<\/li>\n\n\n\n<li>Guardar sempre na vertical, longe de \u00e1reas molhadas.<\/li>\n\n\n\n<li>Separar t\u00e1buas por tipo de alimento, como carnes, vegetais e p\u00e3es.<\/li>\n\n\n\n<li>Aplicar periodicamente \u00f3leo mineral em t\u00e1buas de madeira.<\/li>\n<\/ul>\n\n\n\n<h2 class=\"wp-block-heading\">Como aplicar essas ideias hoje mesmo na sua cozinha<\/h2>\n\n\n\n<p>Ao combinar organiza\u00e7\u00e3o vertical, suportes bem posicionados e rotinas simples de limpeza, as t\u00e1buas de corte deixam de ser um item dif\u00edcil de guardar e passam a integrar de forma planejada a rotina e o visual da cozinha. Esse cuidado alinha praticidade, higiene e est\u00e9tica, em sintonia com os espa\u00e7os compactos e funcionais de hoje.<\/p>\n\n\n\n<p>N\u00e3o adie essa mudan\u00e7a: revise agora onde suas t\u00e1buas est\u00e3o, escolha um ponto estrat\u00e9gico perto da \u00e1rea de preparo e implemente ao menos um organizador ainda hoje. Cada ajuste imediato torna o preparo das refei\u00e7\u00f5es mais \u00e1gil, a cozinha mais bonita e a sua sa\u00fade muito mais protegida.<\/p>\n","protected":false},"excerpt":{"rendered":"<p>Organizar as t\u00e1buas de corte na cozinha deixou de ser apenas uma quest\u00e3o de ordem e hoje faz parte do planejamento inteligente de interiores. A forma como esses utens\u00edlios s\u00e3o guardados impacta diretamente a durabilidade do material, a higiene no preparo dos alimentos e o visual do ambiente, principalmente em cozinhas compactas, onde cada cent\u00edmetro [&hellip;]<\/p>\n","protected":false},"author":11,"featured_media":201638,"comment_status":"open","ping_status":"open","sticky":false,"template":"","format":"standard","meta":{"jnews-multi-image_gallery":[],"jnews_single_post":{"format":"standard"},"jnews_primary_category":[],"jnews_social_meta":[],"jnews_override_counter":[],"footnotes":""},"categories":[8819,1],"tags":[3563,6080,4478,28921],"class_list":["post-200651","post","type-post","status-publish","format-standard","has-post-thumbnail","hentry","category-curiosidades","category-noticias","tag-cozinha","tag-higiene","tag-organizacao","tag-tabuas-de-corte"],"yoast_head":"<!-- This site is optimized with the Yoast SEO plugin v23.8 - https:\/\/yoast.com\/wordpress\/plugins\/seo\/ -->\n<title>Adeus \u00e0s t\u00e1buas empilhadas debaixo do balc\u00e3o: a nova tend\u00eancia para 2026 \u00e9 mais pr\u00e1tica e elegante - Estado de Minas - Em foco<\/title>\n<meta name=\"description\" content=\"Organizar t\u00e1buas de corte na vertical libera espa\u00e7o e melhora a higiene. Veja ideias simples para cozinhas pequenas e modernas.\" \/>\n<meta name=\"robots\" content=\"index, follow, max-snippet:-1, max-image-preview:large, max-video-preview:-1\" \/>\n<link rel=\"canonical\" href=\"https:\/\/www.em.com.br\/emfoco\/2026\/04\/30\/adeus-as-tabuas-empilhadas-debaixo-do-balcao-a-nova-tendencia-para-2026-e-mais-pratica-e-elegante\/\" \/>\n<meta property=\"og:locale\" content=\"pt_BR\" \/>\n<meta property=\"og:type\" content=\"article\" \/>\n<meta property=\"og:title\" content=\"Adeus \u00e0s t\u00e1buas empilhadas debaixo do balc\u00e3o: a nova tend\u00eancia para 2026 \u00e9 mais pr\u00e1tica e elegante - Estado de Minas - Em foco\" \/>\n<meta property=\"og:description\" content=\"Organizar t\u00e1buas de corte na vertical libera espa\u00e7o e melhora a higiene. Veja ideias simples para cozinhas pequenas e modernas.\" \/>\n<meta property=\"og:url\" content=\"https:\/\/www.em.com.br\/emfoco\/2026\/04\/30\/adeus-as-tabuas-empilhadas-debaixo-do-balcao-a-nova-tendencia-para-2026-e-mais-pratica-e-elegante\/\" \/>\n<meta property=\"og:site_name\" content=\"Estado de Minas - Em foco\" \/>\n<meta property=\"article:published_time\" content=\"2026-04-30T23:15:00+00:00\" \/>\n<meta property=\"article:modified_time\" content=\"2026-04-29T19:52:23+00:00\" \/>\n<meta property=\"og:image\" content=\"https:\/\/www.em.com.br\/emfoco\/wp-content\/uploads\/2026\/04\/EmFoco_35-9.jpg\" \/>\n\t<meta property=\"og:image:width\" content=\"1280\" \/>\n\t<meta property=\"og:image:height\" content=\"720\" \/>\n\t<meta property=\"og:image:type\" content=\"image\/jpeg\" \/>\n<meta name=\"author\" content=\"Andre\u0301 Rangel\u00a0\" \/>\n<meta name=\"twitter:card\" content=\"summary_large_image\" \/>\n<meta name=\"twitter:label1\" content=\"Escrito por\" \/>\n\t<meta name=\"twitter:data1\" content=\"Andre\u0301 Rangel\u00a0\" \/>\n\t<meta name=\"twitter:label2\" content=\"Est. tempo de leitura\" \/>\n\t<meta name=\"twitter:data2\" content=\"5 minutos\" \/>\n<!-- \/ Yoast SEO plugin. -->","yoast_head_json":{"title":"Adeus \u00e0s t\u00e1buas empilhadas debaixo do balc\u00e3o: a nova tend\u00eancia para 2026 \u00e9 mais pr\u00e1tica e elegante - Estado de Minas - Em foco","description":"Organizar t\u00e1buas de corte na vertical libera espa\u00e7o e melhora a higiene. Veja ideias simples para cozinhas pequenas e modernas.","robots":{"index":"index","follow":"follow","max-snippet":"max-snippet:-1","max-image-preview":"max-image-preview:large","max-video-preview":"max-video-preview:-1"},"canonical":"https:\/\/www.em.com.br\/emfoco\/2026\/04\/30\/adeus-as-tabuas-empilhadas-debaixo-do-balcao-a-nova-tendencia-para-2026-e-mais-pratica-e-elegante\/","og_locale":"pt_BR","og_type":"article","og_title":"Adeus \u00e0s t\u00e1buas empilhadas debaixo do balc\u00e3o: a nova tend\u00eancia para 2026 \u00e9 mais pr\u00e1tica e elegante - Estado de Minas - Em foco","og_description":"Organizar t\u00e1buas de corte na vertical libera espa\u00e7o e melhora a higiene. Veja ideias simples para cozinhas pequenas e modernas.","og_url":"https:\/\/www.em.com.br\/emfoco\/2026\/04\/30\/adeus-as-tabuas-empilhadas-debaixo-do-balcao-a-nova-tendencia-para-2026-e-mais-pratica-e-elegante\/","og_site_name":"Estado de Minas - Em foco","article_published_time":"2026-04-30T23:15:00+00:00","article_modified_time":"2026-04-29T19:52:23+00:00","og_image":[{"width":1280,"height":720,"url":"https:\/\/www.em.com.br\/emfoco\/wp-content\/uploads\/2026\/04\/EmFoco_35-9.jpg","type":"image\/jpeg"}],"author":"Andre\u0301 Rangel\u00a0","twitter_card":"summary_large_image","twitter_misc":{"Escrito por":"Andre\u0301 Rangel\u00a0","Est. tempo de leitura":"5 minutos"},"schema":{"@context":"https:\/\/schema.org","@graph":[{"@type":"WebPage","@id":"https:\/\/www.em.com.br\/emfoco\/2026\/04\/30\/adeus-as-tabuas-empilhadas-debaixo-do-balcao-a-nova-tendencia-para-2026-e-mais-pratica-e-elegante\/","url":"https:\/\/www.em.com.br\/emfoco\/2026\/04\/30\/adeus-as-tabuas-empilhadas-debaixo-do-balcao-a-nova-tendencia-para-2026-e-mais-pratica-e-elegante\/","name":"Adeus \u00e0s t\u00e1buas empilhadas debaixo do balc\u00e3o: a nova tend\u00eancia para 2026 \u00e9 mais pr\u00e1tica e elegante - Estado de Minas - Em foco","isPartOf":{"@id":"https:\/\/www.em.com.br\/emfoco\/#website"},"primaryImageOfPage":{"@id":"https:\/\/www.em.com.br\/emfoco\/2026\/04\/30\/adeus-as-tabuas-empilhadas-debaixo-do-balcao-a-nova-tendencia-para-2026-e-mais-pratica-e-elegante\/#primaryimage"},"image":{"@id":"https:\/\/www.em.com.br\/emfoco\/2026\/04\/30\/adeus-as-tabuas-empilhadas-debaixo-do-balcao-a-nova-tendencia-para-2026-e-mais-pratica-e-elegante\/#primaryimage"},"thumbnailUrl":"https:\/\/www.em.com.br\/emfoco\/wp-content\/uploads\/2026\/04\/EmFoco_35-9.jpg","datePublished":"2026-04-30T23:15:00+00:00","dateModified":"2026-04-29T19:52:23+00:00","author":{"@id":"https:\/\/www.em.com.br\/emfoco\/#\/schema\/person\/60eda09c1fedf0d6891f4cef4b60b8b8"},"description":"Organizar t\u00e1buas de corte na vertical libera espa\u00e7o e melhora a higiene. Veja ideias simples para cozinhas pequenas e modernas.","breadcrumb":{"@id":"https:\/\/www.em.com.br\/emfoco\/2026\/04\/30\/adeus-as-tabuas-empilhadas-debaixo-do-balcao-a-nova-tendencia-para-2026-e-mais-pratica-e-elegante\/#breadcrumb"},"inLanguage":"pt-BR","potentialAction":[{"@type":"ReadAction","target":["https:\/\/www.em.com.br\/emfoco\/2026\/04\/30\/adeus-as-tabuas-empilhadas-debaixo-do-balcao-a-nova-tendencia-para-2026-e-mais-pratica-e-elegante\/"]}]},{"@type":"ImageObject","inLanguage":"pt-BR","@id":"https:\/\/www.em.com.br\/emfoco\/2026\/04\/30\/adeus-as-tabuas-empilhadas-debaixo-do-balcao-a-nova-tendencia-para-2026-e-mais-pratica-e-elegante\/#primaryimage","url":"https:\/\/www.em.com.br\/emfoco\/wp-content\/uploads\/2026\/04\/EmFoco_35-9.jpg","contentUrl":"https:\/\/www.em.com.br\/emfoco\/wp-content\/uploads\/2026\/04\/EmFoco_35-9.jpg","width":1280,"height":720,"caption":"Armazenamento vertical otimiza espa\u00e7o e garante ventila\u00e7\u00e3o necess\u00e1ria para conserva\u00e7\u00e3o das t\u00e1buas"},{"@type":"BreadcrumbList","@id":"https:\/\/www.em.com.br\/emfoco\/2026\/04\/30\/adeus-as-tabuas-empilhadas-debaixo-do-balcao-a-nova-tendencia-para-2026-e-mais-pratica-e-elegante\/#breadcrumb","itemListElement":[{"@type":"ListItem","position":1,"name":"In\u00edcio","item":"https:\/\/www.em.com.br\/emfoco\/"},{"@type":"ListItem","position":2,"name":"Adeus \u00e0s t\u00e1buas empilhadas debaixo do balc\u00e3o: a nova tend\u00eancia para 2026 \u00e9 mais pr\u00e1tica e elegante"}]},{"@type":"WebSite","@id":"https:\/\/www.em.com.br\/emfoco\/#website","url":"https:\/\/www.em.com.br\/emfoco\/","name":"Estado de Minas - Em foco","description":"Acompanhe as \u00faltimas not\u00edcias e fique bem informado sobre tudo o que acontece em Minas Gerais, Brasil e no mundo.","potentialAction":[{"@type":"SearchAction","target":{"@type":"EntryPoint","urlTemplate":"https:\/\/www.em.com.br\/emfoco\/?s={search_term_string}"},"query-input":{"@type":"PropertyValueSpecification","valueRequired":true,"valueName":"search_term_string"}}],"inLanguage":"pt-BR"},{"@type":"Person","@id":"https:\/\/www.em.com.br\/emfoco\/#\/schema\/person\/60eda09c1fedf0d6891f4cef4b60b8b8","name":"Andre\u0301 Rangel\u00a0","image":{"@type":"ImageObject","inLanguage":"pt-BR","@id":"https:\/\/www.em.com.br\/emfoco\/#\/schema\/person\/image\/","url":"https:\/\/secure.gravatar.com\/avatar\/6234dc814c77c8ef6d8bba622c787efc?s=96&d=mm&r=g","contentUrl":"https:\/\/secure.gravatar.com\/avatar\/6234dc814c77c8ef6d8bba622c787efc?s=96&d=mm&r=g","caption":"Andre\u0301 Rangel\u00a0"},"url":"https:\/\/www.em.com.br\/emfoco\/author\/luizmyth\/"}]}},"_links":{"self":[{"href":"https:\/\/www.em.com.br\/emfoco\/wp-json\/wp\/v2\/posts\/200651","targetHints":{"allow":["GET"]}}],"collection":[{"href":"https:\/\/www.em.com.br\/emfoco\/wp-json\/wp\/v2\/posts"}],"about":[{"href":"https:\/\/www.em.com.br\/emfoco\/wp-json\/wp\/v2\/types\/post"}],"author":[{"embeddable":true,"href":"https:\/\/www.em.com.br\/emfoco\/wp-json\/wp\/v2\/users\/11"}],"replies":[{"embeddable":true,"href":"https:\/\/www.em.com.br\/emfoco\/wp-json\/wp\/v2\/comments?post=200651"}],"version-history":[{"count":4,"href":"https:\/\/www.em.com.br\/emfoco\/wp-json\/wp\/v2\/posts\/200651\/revisions"}],"predecessor-version":[{"id":201346,"href":"https:\/\/www.em.com.br\/emfoco\/wp-json\/wp\/v2\/posts\/200651\/revisions\/201346"}],"wp:featuredmedia":[{"embeddable":true,"href":"https:\/\/www.em.com.br\/emfoco\/wp-json\/wp\/v2\/media\/201638"}],"wp:attachment":[{"href":"https:\/\/www.em.com.br\/emfoco\/wp-json\/wp\/v2\/media?parent=200651"}],"wp:term":[{"taxonomy":"category","embeddable":true,"href":"https:\/\/www.em.com.br\/emfoco\/wp-json\/wp\/v2\/categories?post=200651"},{"taxonomy":"post_tag","embeddable":true,"href":"https:\/\/www.em.com.br\/emfoco\/wp-json\/wp\/v2\/tags?post=200651"}],"curies":[{"name":"wp","href":"https:\/\/api.w.org\/{rel}","templated":true}]}}