{"id":200646,"date":"2026-04-28T17:15:00","date_gmt":"2026-04-28T20:15:00","guid":{"rendered":"https:\/\/www.em.com.br\/emfoco\/?p=200646"},"modified":"2026-04-27T19:30:54","modified_gmt":"2026-04-27T22:30:54","slug":"a-psicologia-afirma-que-crescer-sem-internet-nos-anos-80-e-90-desenvolveu-uma-mente-mais-resiliente-ao-tedio-e-a-espera","status":"publish","type":"post","link":"https:\/\/www.em.com.br\/emfoco\/2026\/04\/28\/a-psicologia-afirma-que-crescer-sem-internet-nos-anos-80-e-90-desenvolveu-uma-mente-mais-resiliente-ao-tedio-e-a-espera\/","title":{"rendered":"A psicologia afirma que crescer sem internet nos anos 80 e 90 desenvolveu uma mente mais resiliente ao t\u00e9dio e \u00e0 espera"},"content":{"rendered":"\n<p>A transi\u00e7\u00e3o tecnol\u00f3gica do final do s\u00e9culo passado moldou uma gera\u00e7\u00e3o capaz de transitar entre o anal\u00f3gico e o digital com uma destreza cognitiva \u00fanica no cen\u00e1rio atual. Embora o acesso imediato \u00e0 informa\u00e7\u00e3o seja a norma hoje, a <strong>psicologia<\/strong> aponta que o sil\u00eancio digital das d\u00e9cadas passadas foi o terreno f\u00e9rtil para o desenvolvimento de uma compet\u00eancia essencial para a vida moderna.<\/p>\n\n\n\n<h2 class=\"wp-block-heading\">O desenvolvimento da resili\u00eancia cognitiva em ambientes anal\u00f3gicos<\/h2>\n\n\n\n<p>Quem cresceu entre os <strong>anos 80<\/strong> e <strong>90<\/strong> precisou lidar com o t\u00e9dio e a espera, processos que fortalecem a <strong>resili\u00eancia cognitiva<\/strong> e a capacidade de foco prolongado. Sem a gratifica\u00e7\u00e3o instant\u00e2nea das redes sociais, o c\u00e9rebro dessas crian\u00e7as desenvolveu redes neurais robustas voltadas para a <strong>resolu\u00e7\u00e3o de problemas<\/strong> complexos de forma aut\u00f4noma.<\/p>\n\n\n\n<p>Estudos indicam que a aus\u00eancia de est\u00edmulos digitais constantes permitiu que essa gera\u00e7\u00e3o cultivasse a <strong>paci\u00eancia estrat\u00e9gica<\/strong>, uma virtude rara em tempos de algoritmos. Essa base mental s\u00f3lida atua como um filtro protetor contra o esgotamento mental e a ansiedade gerada pelo excesso de notifica\u00e7\u00f5es que domina o <strong>Brasil<\/strong> e o mundo atualmente.<\/p>\n\n\n<div class=\"wp-block-image\">\n<figure class=\"aligncenter size-large\"><img loading=\"lazy\" decoding=\"async\" width=\"1024\" height=\"576\" src=\"https:\/\/www.em.com.br\/emfoco\/wp-content\/uploads\/2026\/04\/familia-anos-70-criancas_1776888056119-1024x576.jpg\" alt=\"\" class=\"wp-image-197365\" srcset=\"https:\/\/www.em.com.br\/emfoco\/wp-content\/uploads\/2026\/04\/familia-anos-70-criancas_1776888056119-1024x576.jpg 1024w, https:\/\/www.em.com.br\/emfoco\/wp-content\/uploads\/2026\/04\/familia-anos-70-criancas_1776888056119-300x169.jpg 300w, https:\/\/www.em.com.br\/emfoco\/wp-content\/uploads\/2026\/04\/familia-anos-70-criancas_1776888056119-768x432.jpg 768w, https:\/\/www.em.com.br\/emfoco\/wp-content\/uploads\/2026\/04\/familia-anos-70-criancas_1776888056119-750x422.jpg 750w, https:\/\/www.em.com.br\/emfoco\/wp-content\/uploads\/2026\/04\/familia-anos-70-criancas_1776888056119-1140x641.jpg 1140w, https:\/\/www.em.com.br\/emfoco\/wp-content\/uploads\/2026\/04\/familia-anos-70-criancas_1776888056119.jpg 1280w\" sizes=\"auto, (max-width: 1024px) 100vw, 1024px\" \/><figcaption class=\"wp-element-caption\">Permitir que a crian\u00e7a enfrente pequenos desafios sozinhas estimula as conex\u00f5es neurais ligadas \u00e0 resili\u00eancia &#8211; Cr\u00e9ditos: depositphotos.com \/ stu99<\/figcaption><\/figure><\/div>\n\n\n<h2 class=\"wp-block-heading\">Por que a gera\u00e7\u00e3o de transi\u00e7\u00e3o resolve problemas com mais facilidade<\/h2>\n\n\n\n<p>A capacidade de encontrar solu\u00e7\u00f5es sem o aux\u00edlio do <strong>Google<\/strong> for\u00e7ou jovens daquela \u00e9poca a utilizarem o racioc\u00ednio l\u00f3gico e a <strong>mem\u00f3ria de trabalho<\/strong> de maneira mais intensa. Ao enfrentar um desafio t\u00e9cnico ou social, a primeira rea\u00e7\u00e3o desse grupo costuma ser a an\u00e1lise cr\u00edtica interna antes da busca externa por respostas prontas.<\/p>\n\n\n\n<p>Essa autonomia intelectual reflete diretamente no mercado de trabalho, onde a proatividade \u00e9 valorizada como um diferencial competitivo de quem n\u00e3o depende de tutoriais para cada tarefa. O dom\u00ednio de ferramentas f\u00edsicas e digitais simultaneamente confere uma vis\u00e3o sist\u00eamica que muitas vezes escapa aos nativos digitais que nunca vivenciaram o isolamento informativo.<\/p>\n\n\n\n<h2 class=\"wp-block-heading\">O valor da aten\u00e7\u00e3o plena desenvolvida fora das telas<\/h2>\n\n\n\n<p>A <strong>neuroci\u00eancia<\/strong> sugere que a altern\u00e2ncia entre o mundo f\u00edsico e o digital criou uma plasticidade cerebral que favorece a <strong>aten\u00e7\u00e3o plena<\/strong> em atividades manuais e intelectuais. Ter vivido o auge da cultura <strong>Pop<\/strong> sem a interrup\u00e7\u00e3o constante de smartphones permitiu uma imers\u00e3o profunda em hobbies, leituras e intera\u00e7\u00f5es sociais presenciais de alta qualidade.<\/p>\n\n\n\n<p>Diferente do consumo fragmentado de hoje, a experi\u00eancia de lazer nas d\u00e9cadas de <strong>80<\/strong> e <strong>90<\/strong> exigia um compromisso maior com o momento presente, solidificando o aprendizado. Manter viva essa mem\u00f3ria do &#8220;offline&#8221; ajuda a regular o uso da tecnologia no cotidiano, garantindo um equil\u00edbrio saud\u00e1vel entre a produtividade e o descanso mental necess\u00e1rio.<\/p>\n\n\n<div class=\"wp-block-image\">\n<figure class=\"aligncenter size-large\"><img loading=\"lazy\" decoding=\"async\" width=\"1024\" height=\"576\" src=\"https:\/\/www.em.com.br\/emfoco\/wp-content\/uploads\/2026\/03\/pais-e-filhos_1774123725867-1024x576.jpg\" alt=\"\" class=\"wp-image-184316\" srcset=\"https:\/\/www.em.com.br\/emfoco\/wp-content\/uploads\/2026\/03\/pais-e-filhos_1774123725867-1024x576.jpg 1024w, https:\/\/www.em.com.br\/emfoco\/wp-content\/uploads\/2026\/03\/pais-e-filhos_1774123725867-300x169.jpg 300w, https:\/\/www.em.com.br\/emfoco\/wp-content\/uploads\/2026\/03\/pais-e-filhos_1774123725867-768x432.jpg 768w, https:\/\/www.em.com.br\/emfoco\/wp-content\/uploads\/2026\/03\/pais-e-filhos_1774123725867-750x422.jpg 750w, https:\/\/www.em.com.br\/emfoco\/wp-content\/uploads\/2026\/03\/pais-e-filhos_1774123725867-1140x641.jpg 1140w, https:\/\/www.em.com.br\/emfoco\/wp-content\/uploads\/2026\/03\/pais-e-filhos_1774123725867.jpg 1280w\" sizes=\"auto, (max-width: 1024px) 100vw, 1024px\" \/><figcaption class=\"wp-element-caption\">Para que o sil\u00eancio deixe de ser s\u00f3 peso e vire algo mais construtivo &#8211; Cr\u00e9ditos: depositphotos.com \/ HayDmitriy<\/figcaption><\/figure><\/div>\n\n\n<p>Leia tamb\u00e9m: <a href=\"https:\/\/www.em.com.br\/emfoco\/2026\/01\/23\/a-psicologia-por-tras-das-pessoas-que-nunca-postam-nas-redes-sociais\/\" target=\"_blank\" rel=\"noreferrer noopener\">A psicologia por tr\u00e1s das pessoas que nunca postam nas redes sociais<\/a><\/p>\n\n\n\n<h2 class=\"wp-block-heading\">Benef\u00edcios pr\u00e1ticos da inf\u00e2ncia sem conex\u00e3o constante<\/h2>\n\n\n\n<p>A estrutura de pensamento formada nesse per\u00edodo permite uma transi\u00e7\u00e3o mais suave entre diferentes contextos, algo fundamental em uma economia globalizada e vol\u00e1til. A <strong>intelig\u00eancia emocional<\/strong> \u00e9 outro pilar fortalecido, j\u00e1 que os conflitos eram resolvidos face a face, sem o escudo de uma tela de vidro ou o anonimato digital.<\/p>\n\n\n\n<link href=\"https:\/\/fonts.googleapis.com\/css2?family=Inter:wght@400;600;700;800&#038;display=swap\" rel=\"stylesheet\">\n<style>\n\/* Prote\u00e7\u00e3o contra inje\u00e7\u00e3o do \"Veja Tamb\u00e9m\" (JNews inline related posts) *\/\n.rdp-pontos-wrapper .jnews_inline_related_post_wrapper,\n.rdp-pontos-wrapper .jnews_inline_related_post,\n.rdp-pontos-wrapper .jeg_postblock,\n.rdp-pontos-wrapper [class*=\"jnews_inline\"],\n.rdp-pontos-wrapper [class*=\"jeg_postblock\"],\n.rdp-pontos-wrapper [class*=\"jeg_block\"] {\n  display: none !important;\n  height: 0 !important;\n  max-height: 0 !important;\n  overflow: hidden !important;\n  visibility: hidden !important;\n  margin: 0 !important;\n  padding: 0 !important;\n  border: none !important;\n  font-size: 0 !important;\n  line-height: 0 !important;\n}\n.rdp-pontos-wrapper {\n  max-width: 100%;\n  margin: 32px 0;\n  background: #F8F9FA;\n  border: 1px solid #E0E0E0;\n  border-radius: 12px;\n  padding: 28px 28px 20px;\n  font-family: 'Inter', sans-serif;\n  box-shadow: 0 4px 20px rgba(47,195,238,0.12);\n  overflow: hidden;\n  contain: layout style;\n  isolation: isolate;\n  position: relative;\n  z-index: 1;\n}\n.rdp-pontos-wrapper > *:not(.rdp-pontos-title):not(.rdp-pontos-grid) {\n  display: none !important;\n  height: 0 !important;\n  overflow: hidden !important;\n  margin: 0 !important;\n  padding: 0 !important;\n  border: none !important;\n}\n.rdp-pontos-title {\n  font-family: 'Inter', sans-serif;\n  font-size: 20px;\n  font-weight: 800;\n  color: #1A1A1A;\n  margin: 0 0 20px 0;\n  line-height: 1.3;\n  text-align: center;\n}\n.rdp-pontos-grid {\n  display: grid;\n  grid-template-columns: repeat(2, 1fr);\n  gap: 18px;\n}\n.rdp-pontos-item {\n  background: #FFFFFF;\n  border: 1px solid #E0E0E0;\n  border-top: 3px solid #2FC3EE;\n  border-radius: 10px;\n  padding: 22px 20px;\n  box-shadow: 0 2px 10px rgba(47,195,238,0.10);\n  transition: box-shadow 0.3s ease, border-color 0.3s ease;\n  text-align: center;\n}\n.rdp-pontos-item:hover {\n  box-shadow: 0 4px 20px rgba(47,195,238,0.22);\n  border-color: #2FC3EE;\n}\n.rdp-pontos-emoji {\n  font-size: 32px;\n  line-height: 1;\n  margin-bottom: 12px;\n  display: block;\n  text-align: center;\n}\n.rdp-pontos-item-title {\n  font-size: 15px;\n  font-weight: 700;\n  color: #1A1A1A;\n  margin-bottom: 8px;\n  line-height: 1.3;\n}\n.rdp-pontos-item-desc {\n  font-size: 14px;\n  color: #333333;\n  line-height: 1.6;\n  margin: 0;\n}\n@media (max-width: 768px) {\n  .rdp-pontos-wrapper {\n    padding: 20px 16px 14px;\n  }\n  .rdp-pontos-grid {\n    grid-template-columns: 1fr;\n    gap: 14px;\n  }\n  .rdp-pontos-title {\n    font-size: 18px;\n  }\n}\n<\/style>\n\n<div class=\"rdp-pontos-wrapper\">\n  <div class=\"rdp-pontos-title\">Habilidades de Resili\u00eancia Cognitiva<\/div>\n  <div class=\"rdp-pontos-grid\">\n    <div class=\"rdp-pontos-item\">\n      <span class=\"rdp-pontos-emoji\">\ud83e\udde0<\/span>\n      <div class=\"rdp-pontos-item-title\">Capacidade de Abstra\u00e7\u00e3o<\/div>\n      <p class=\"rdp-pontos-item-desc\">Vis\u00e3o elevada para planejar projetos a longo prazo com clareza e profundidade.<\/p>\n    <\/div>\n    <div class=\"rdp-pontos-item\">\n      <span class=\"rdp-pontos-emoji\">\ud83d\udd0c<\/span>\n      <div class=\"rdp-pontos-item-title\">Independ\u00eancia Tecnol\u00f3gica<\/div>\n      <p class=\"rdp-pontos-item-desc\">Autonomia para operar e resolver problemas mesmo em situa\u00e7\u00f5es de falha de conex\u00e3o.<\/p>\n    <\/div>\n    <div class=\"rdp-pontos-item\">\n      <span class=\"rdp-pontos-emoji\">\ud83d\uddfa\ufe0f<\/span>\n      <div class=\"rdp-pontos-item-title\">Mem\u00f3ria Espacial<\/div>\n      <p class=\"rdp-pontos-item-desc\">Orienta\u00e7\u00e3o agu\u00e7ada pelo uso frequente de mapas f\u00edsicos e refer\u00eancias visuais do ambiente.<\/p>\n    <\/div>\n    <div class=\"rdp-pontos-item\">\n      <span class=\"rdp-pontos-emoji\">\ud83d\udde3\ufe0f<\/span>\n      <div class=\"rdp-pontos-item-title\">Poder de S\u00edntese<\/div>\n      <p class=\"rdp-pontos-item-desc\">Comunica\u00e7\u00e3o clara e objetiva, aprimorada pela necessidade de efic\u00e1cia em canais limitados.<\/p>\n    <\/div>\n  <\/div>\n<\/div>\n<div style=\"clear:both;height:0;overflow:hidden;\"><\/div>\n\n\n\n<p>Integrar esses tra\u00e7os de personalidade no dia a dia profissional pode ser a chave para evitar a sobrecarga de informa\u00e7\u00f5es que atinge grandes centros como <strong>S\u00e3o Paulo<\/strong>. Valorizar esse repert\u00f3rio hist\u00f3rico \u00e9 uma forma de garantir que as facilidades tecnol\u00f3gicas n\u00e3o atrofiem nossa capacidade inata de pensar de forma independente e criativa.<\/p>\n\n\n\n<h2 class=\"wp-block-heading\">A integra\u00e7\u00e3o das viv\u00eancias passadas com o futuro digital<\/h2>\n\n\n\n<p>Reconhecer a vantagem de ter crescido em um mundo menos conectado permite que adultos hoje utilizem a tecnologia como ferramenta, e n\u00e3o como uma extens\u00e3o obrigat\u00f3ria do corpo. A <strong>psicologia comportamental<\/strong> refor\u00e7a que o resgate de h\u00e1bitos anal\u00f3gicos pode aumentar drasticamente os n\u00edveis de satisfa\u00e7\u00e3o pessoal e redu\u00e7\u00e3o de estresse cr\u00f4nico.<\/p>\n\n\n\n<p>O<a href=\"https:\/\/www.researchgate.net\/publication\/265449180_The_Decline_of_Play_and_the_Rise_of_Psychopathology_in_Children_and_Adolescents\" target=\"_blank\" rel=\"noreferrer noopener\"> grande diferencial de quem viveu a era pr\u00e9-internet<\/a> \u00e9 a consci\u00eancia de que o mundo continua existindo al\u00e9m da conex\u00e3o Wi-Fi, o que gera uma liberdade mental sem precedentes. Cultivar essa perspectiva h\u00edbrida \u00e9 o caminho para liderar com empatia e seguran\u00e7a em uma sociedade cada vez mais automatizada e dependente de valida\u00e7\u00e3o virtual constante.<\/p>\n","protected":false},"excerpt":{"rendered":"<p>A transi\u00e7\u00e3o tecnol\u00f3gica do final do s\u00e9culo passado moldou uma gera\u00e7\u00e3o capaz de transitar entre o anal\u00f3gico e o digital com uma destreza cognitiva \u00fanica no cen\u00e1rio atual. Embora o acesso imediato \u00e0 informa\u00e7\u00e3o seja a norma hoje, a psicologia aponta que o sil\u00eancio digital das d\u00e9cadas passadas foi o terreno f\u00e9rtil para o desenvolvimento [&hellip;]<\/p>\n","protected":false},"author":9,"featured_media":200681,"comment_status":"open","ping_status":"open","sticky":false,"template":"","format":"standard","meta":{"jnews-multi-image_gallery":[],"jnews_single_post":{"format":"standard"},"jnews_primary_category":[],"jnews_social_meta":[],"jnews_override_counter":[],"footnotes":""},"categories":[8819],"tags":[23243,28917,5155],"class_list":["post-200646","post","type-post","status-publish","format-standard","has-post-thumbnail","hentry","category-curiosidades","tag-geracao","tag-habilidade-mental","tag-psicologia"],"yoast_head":"<!-- This site is optimized with the Yoast SEO plugin v23.8 - https:\/\/yoast.com\/wordpress\/plugins\/seo\/ -->\n<title>A psicologia afirma que crescer sem internet nos anos 80 e 90 desenvolveu uma mente mais resiliente ao t\u00e9dio e \u00e0 espera - Estado de Minas - Em foco<\/title>\n<meta name=\"description\" content=\"Gera\u00e7\u00e3o que cresceu sem internet desenvolveu foco, autonomia mental e maior toler\u00e2ncia ao t\u00e9dio segundo a psicologia moderna.\" \/>\n<meta name=\"robots\" content=\"index, follow, max-snippet:-1, max-image-preview:large, max-video-preview:-1\" \/>\n<link rel=\"canonical\" href=\"https:\/\/www.em.com.br\/emfoco\/2026\/04\/28\/a-psicologia-afirma-que-crescer-sem-internet-nos-anos-80-e-90-desenvolveu-uma-mente-mais-resiliente-ao-tedio-e-a-espera\/\" \/>\n<meta property=\"og:locale\" content=\"pt_BR\" \/>\n<meta property=\"og:type\" content=\"article\" \/>\n<meta property=\"og:title\" content=\"A psicologia afirma que crescer sem internet nos anos 80 e 90 desenvolveu uma mente mais resiliente ao t\u00e9dio e \u00e0 espera - Estado de Minas - Em foco\" \/>\n<meta property=\"og:description\" content=\"Gera\u00e7\u00e3o que cresceu sem internet desenvolveu foco, autonomia mental e maior toler\u00e2ncia ao t\u00e9dio segundo a psicologia moderna.\" \/>\n<meta property=\"og:url\" content=\"https:\/\/www.em.com.br\/emfoco\/2026\/04\/28\/a-psicologia-afirma-que-crescer-sem-internet-nos-anos-80-e-90-desenvolveu-uma-mente-mais-resiliente-ao-tedio-e-a-espera\/\" \/>\n<meta property=\"og:site_name\" content=\"Estado de Minas - Em foco\" \/>\n<meta property=\"article:published_time\" content=\"2026-04-28T20:15:00+00:00\" \/>\n<meta property=\"article:modified_time\" content=\"2026-04-27T22:30:54+00:00\" \/>\n<meta property=\"og:image\" content=\"https:\/\/www.em.com.br\/emfoco\/wp-content\/uploads\/2026\/04\/EmFoco_71-4.jpg\" \/>\n\t<meta property=\"og:image:width\" content=\"1280\" \/>\n\t<meta property=\"og:image:height\" content=\"720\" \/>\n\t<meta property=\"og:image:type\" content=\"image\/jpeg\" \/>\n<meta name=\"author\" content=\"Daniely Cardoso\" \/>\n<meta name=\"twitter:card\" content=\"summary_large_image\" \/>\n<meta name=\"twitter:label1\" content=\"Escrito por\" \/>\n\t<meta name=\"twitter:data1\" content=\"Daniely Cardoso\" \/>\n\t<meta name=\"twitter:label2\" content=\"Est. tempo de leitura\" \/>\n\t<meta name=\"twitter:data2\" content=\"5 minutos\" \/>\n<!-- \/ Yoast SEO plugin. -->","yoast_head_json":{"title":"A psicologia afirma que crescer sem internet nos anos 80 e 90 desenvolveu uma mente mais resiliente ao t\u00e9dio e \u00e0 espera - Estado de Minas - Em foco","description":"Gera\u00e7\u00e3o que cresceu sem internet desenvolveu foco, autonomia mental e maior toler\u00e2ncia ao t\u00e9dio segundo a psicologia moderna.","robots":{"index":"index","follow":"follow","max-snippet":"max-snippet:-1","max-image-preview":"max-image-preview:large","max-video-preview":"max-video-preview:-1"},"canonical":"https:\/\/www.em.com.br\/emfoco\/2026\/04\/28\/a-psicologia-afirma-que-crescer-sem-internet-nos-anos-80-e-90-desenvolveu-uma-mente-mais-resiliente-ao-tedio-e-a-espera\/","og_locale":"pt_BR","og_type":"article","og_title":"A psicologia afirma que crescer sem internet nos anos 80 e 90 desenvolveu uma mente mais resiliente ao t\u00e9dio e \u00e0 espera - Estado de Minas - Em foco","og_description":"Gera\u00e7\u00e3o que cresceu sem internet desenvolveu foco, autonomia mental e maior toler\u00e2ncia ao t\u00e9dio segundo a psicologia moderna.","og_url":"https:\/\/www.em.com.br\/emfoco\/2026\/04\/28\/a-psicologia-afirma-que-crescer-sem-internet-nos-anos-80-e-90-desenvolveu-uma-mente-mais-resiliente-ao-tedio-e-a-espera\/","og_site_name":"Estado de Minas - Em foco","article_published_time":"2026-04-28T20:15:00+00:00","article_modified_time":"2026-04-27T22:30:54+00:00","og_image":[{"width":1280,"height":720,"url":"https:\/\/www.em.com.br\/emfoco\/wp-content\/uploads\/2026\/04\/EmFoco_71-4.jpg","type":"image\/jpeg"}],"author":"Daniely Cardoso","twitter_card":"summary_large_image","twitter_misc":{"Escrito por":"Daniely Cardoso","Est. tempo de leitura":"5 minutos"},"schema":{"@context":"https:\/\/schema.org","@graph":[{"@type":"WebPage","@id":"https:\/\/www.em.com.br\/emfoco\/2026\/04\/28\/a-psicologia-afirma-que-crescer-sem-internet-nos-anos-80-e-90-desenvolveu-uma-mente-mais-resiliente-ao-tedio-e-a-espera\/","url":"https:\/\/www.em.com.br\/emfoco\/2026\/04\/28\/a-psicologia-afirma-que-crescer-sem-internet-nos-anos-80-e-90-desenvolveu-uma-mente-mais-resiliente-ao-tedio-e-a-espera\/","name":"A psicologia afirma que crescer sem internet nos anos 80 e 90 desenvolveu uma mente mais resiliente ao t\u00e9dio e \u00e0 espera - Estado de Minas - Em foco","isPartOf":{"@id":"https:\/\/www.em.com.br\/emfoco\/#website"},"primaryImageOfPage":{"@id":"https:\/\/www.em.com.br\/emfoco\/2026\/04\/28\/a-psicologia-afirma-que-crescer-sem-internet-nos-anos-80-e-90-desenvolveu-uma-mente-mais-resiliente-ao-tedio-e-a-espera\/#primaryimage"},"image":{"@id":"https:\/\/www.em.com.br\/emfoco\/2026\/04\/28\/a-psicologia-afirma-que-crescer-sem-internet-nos-anos-80-e-90-desenvolveu-uma-mente-mais-resiliente-ao-tedio-e-a-espera\/#primaryimage"},"thumbnailUrl":"https:\/\/www.em.com.br\/emfoco\/wp-content\/uploads\/2026\/04\/EmFoco_71-4.jpg","datePublished":"2026-04-28T20:15:00+00:00","dateModified":"2026-04-27T22:30:54+00:00","author":{"@id":"https:\/\/www.em.com.br\/emfoco\/#\/schema\/person\/0a8186d72f2c3a5c6276d90b41f271a0"},"description":"Gera\u00e7\u00e3o que cresceu sem internet desenvolveu foco, autonomia mental e maior toler\u00e2ncia ao t\u00e9dio segundo a psicologia moderna.","breadcrumb":{"@id":"https:\/\/www.em.com.br\/emfoco\/2026\/04\/28\/a-psicologia-afirma-que-crescer-sem-internet-nos-anos-80-e-90-desenvolveu-uma-mente-mais-resiliente-ao-tedio-e-a-espera\/#breadcrumb"},"inLanguage":"pt-BR","potentialAction":[{"@type":"ReadAction","target":["https:\/\/www.em.com.br\/emfoco\/2026\/04\/28\/a-psicologia-afirma-que-crescer-sem-internet-nos-anos-80-e-90-desenvolveu-uma-mente-mais-resiliente-ao-tedio-e-a-espera\/"]}]},{"@type":"ImageObject","inLanguage":"pt-BR","@id":"https:\/\/www.em.com.br\/emfoco\/2026\/04\/28\/a-psicologia-afirma-que-crescer-sem-internet-nos-anos-80-e-90-desenvolveu-uma-mente-mais-resiliente-ao-tedio-e-a-espera\/#primaryimage","url":"https:\/\/www.em.com.br\/emfoco\/wp-content\/uploads\/2026\/04\/EmFoco_71-4.jpg","contentUrl":"https:\/\/www.em.com.br\/emfoco\/wp-content\/uploads\/2026\/04\/EmFoco_71-4.jpg","width":1280,"height":720,"caption":"Transi\u00e7\u00e3o tecnol\u00f3gica entre o f\u00edsico e o digital desenvolveu autonomia intelectual e foco prolongado frente a desafios"},{"@type":"BreadcrumbList","@id":"https:\/\/www.em.com.br\/emfoco\/2026\/04\/28\/a-psicologia-afirma-que-crescer-sem-internet-nos-anos-80-e-90-desenvolveu-uma-mente-mais-resiliente-ao-tedio-e-a-espera\/#breadcrumb","itemListElement":[{"@type":"ListItem","position":1,"name":"In\u00edcio","item":"https:\/\/www.em.com.br\/emfoco\/"},{"@type":"ListItem","position":2,"name":"A psicologia afirma que crescer sem internet nos anos 80 e 90 desenvolveu uma mente mais resiliente ao t\u00e9dio e \u00e0 espera"}]},{"@type":"WebSite","@id":"https:\/\/www.em.com.br\/emfoco\/#website","url":"https:\/\/www.em.com.br\/emfoco\/","name":"Estado de Minas - Em foco","description":"Acompanhe as \u00faltimas not\u00edcias e fique bem informado sobre tudo o que acontece em Minas Gerais, Brasil e no mundo.","potentialAction":[{"@type":"SearchAction","target":{"@type":"EntryPoint","urlTemplate":"https:\/\/www.em.com.br\/emfoco\/?s={search_term_string}"},"query-input":{"@type":"PropertyValueSpecification","valueRequired":true,"valueName":"search_term_string"}}],"inLanguage":"pt-BR"},{"@type":"Person","@id":"https:\/\/www.em.com.br\/emfoco\/#\/schema\/person\/0a8186d72f2c3a5c6276d90b41f271a0","name":"Daniely Cardoso","image":{"@type":"ImageObject","inLanguage":"pt-BR","@id":"https:\/\/www.em.com.br\/emfoco\/#\/schema\/person\/image\/","url":"https:\/\/secure.gravatar.com\/avatar\/4b80ddbd124d1f071b626d52d62e5dff?s=96&d=mm&r=g","contentUrl":"https:\/\/secure.gravatar.com\/avatar\/4b80ddbd124d1f071b626d52d62e5dff?s=96&d=mm&r=g","caption":"Daniely Cardoso"},"url":"https:\/\/www.em.com.br\/emfoco\/author\/danielymyth\/"}]}},"_links":{"self":[{"href":"https:\/\/www.em.com.br\/emfoco\/wp-json\/wp\/v2\/posts\/200646","targetHints":{"allow":["GET"]}}],"collection":[{"href":"https:\/\/www.em.com.br\/emfoco\/wp-json\/wp\/v2\/posts"}],"about":[{"href":"https:\/\/www.em.com.br\/emfoco\/wp-json\/wp\/v2\/types\/post"}],"author":[{"embeddable":true,"href":"https:\/\/www.em.com.br\/emfoco\/wp-json\/wp\/v2\/users\/9"}],"replies":[{"embeddable":true,"href":"https:\/\/www.em.com.br\/emfoco\/wp-json\/wp\/v2\/comments?post=200646"}],"version-history":[{"count":2,"href":"https:\/\/www.em.com.br\/emfoco\/wp-json\/wp\/v2\/posts\/200646\/revisions"}],"predecessor-version":[{"id":200667,"href":"https:\/\/www.em.com.br\/emfoco\/wp-json\/wp\/v2\/posts\/200646\/revisions\/200667"}],"wp:featuredmedia":[{"embeddable":true,"href":"https:\/\/www.em.com.br\/emfoco\/wp-json\/wp\/v2\/media\/200681"}],"wp:attachment":[{"href":"https:\/\/www.em.com.br\/emfoco\/wp-json\/wp\/v2\/media?parent=200646"}],"wp:term":[{"taxonomy":"category","embeddable":true,"href":"https:\/\/www.em.com.br\/emfoco\/wp-json\/wp\/v2\/categories?post=200646"},{"taxonomy":"post_tag","embeddable":true,"href":"https:\/\/www.em.com.br\/emfoco\/wp-json\/wp\/v2\/tags?post=200646"}],"curies":[{"name":"wp","href":"https:\/\/api.w.org\/{rel}","templated":true}]}}