{"id":200645,"date":"2026-04-28T21:15:00","date_gmt":"2026-04-29T00:15:00","guid":{"rendered":"https:\/\/www.em.com.br\/emfoco\/?p=200645"},"modified":"2026-04-27T19:30:46","modified_gmt":"2026-04-27T22:30:46","slug":"a-psicologia-afirma-que-geracoes-nascidas-entre-1950-e-1970-desenvolveram-uma-estabilidade-emocional-rara-hoje","status":"publish","type":"post","link":"https:\/\/www.em.com.br\/emfoco\/2026\/04\/28\/a-psicologia-afirma-que-geracoes-nascidas-entre-1950-e-1970-desenvolveram-uma-estabilidade-emocional-rara-hoje\/","title":{"rendered":"A psicologia afirma que gera\u00e7\u00f5es nascidas entre 1950 e 1970 desenvolveram uma estabilidade emocional rara hoje"},"content":{"rendered":"\n<p>Uma nova pesquisa no campo da psicologia comportamental revelou que as gera\u00e7\u00f5es nascidas entre 1950 e 1970 possuem uma estrutura mental diferenciada para lidar com crises modernas. Embora o foco tecnol\u00f3gico esteja nos jovens, esse grupo carrega uma <strong>resili\u00eancia emocional<\/strong> lapidada por contextos sociais e econ\u00f4micos que exigiam adapta\u00e7\u00e3o constante e paci\u00eancia extrema.<\/p>\n\n\n\n<h2 class=\"wp-block-heading\">O poder da estabilidade emocional em tempos de incerteza<\/h2>\n\n\n\n<p><a href=\"https:\/\/www.researchgate.net\/publication\/265449180_The_Decline_of_Play_and_the_Rise_of_Psychopathology_in_Children_and_Adolescents\" target=\"_blank\" rel=\"noreferrer noopener\">O estudo indica que os indiv\u00edduos<\/a> que cresceram em meados do s\u00e9culo passado desenvolveram uma <strong>autorregula\u00e7\u00e3o emocional<\/strong> superior devido \u00e0 necessidade de resolver conflitos sem media\u00e7\u00e3o digital. Essa caracter\u00edstica permite que enfrentem situa\u00e7\u00f5es de estresse elevado com uma calma pragm\u00e1tica, algo que a <strong>psicologia<\/strong> moderna identifica como um diferencial competitivo no ambiente corporativo e familiar.<\/p>\n\n\n\n<p>Diferente das gera\u00e7\u00f5es imediatistas, quem viveu a juventude entre os anos 50 e 70 aprendeu a valorizar o <strong>tempo de matura\u00e7\u00e3o<\/strong> dos processos, desde a comunica\u00e7\u00e3o por cartas at\u00e9 a espera por not\u00edcias. Esse hist\u00f3rico criou um &#8220;m\u00fasculo mental&#8221; que previne rea\u00e7\u00f5es impulsivas, favorecendo tomadas de decis\u00e3o mais assertivas em momentos de press\u00e3o global ou crises financeiras severas.<\/p>\n\n\n<div class=\"wp-block-image\">\n<figure class=\"aligncenter size-large\"><img loading=\"lazy\" decoding=\"async\" width=\"1024\" height=\"576\" src=\"https:\/\/www.em.com.br\/emfoco\/wp-content\/uploads\/2026\/04\/familia-decada-70_1775766349025-1024x576.jpg\" alt=\"\" class=\"wp-image-190989\" srcset=\"https:\/\/www.em.com.br\/emfoco\/wp-content\/uploads\/2026\/04\/familia-decada-70_1775766349025-1024x576.jpg 1024w, https:\/\/www.em.com.br\/emfoco\/wp-content\/uploads\/2026\/04\/familia-decada-70_1775766349025-300x169.jpg 300w, https:\/\/www.em.com.br\/emfoco\/wp-content\/uploads\/2026\/04\/familia-decada-70_1775766349025-768x432.jpg 768w, https:\/\/www.em.com.br\/emfoco\/wp-content\/uploads\/2026\/04\/familia-decada-70_1775766349025-750x422.jpg 750w, https:\/\/www.em.com.br\/emfoco\/wp-content\/uploads\/2026\/04\/familia-decada-70_1775766349025-1140x641.jpg 1140w, https:\/\/www.em.com.br\/emfoco\/wp-content\/uploads\/2026\/04\/familia-decada-70_1775766349025.jpg 1280w\" sizes=\"auto, (max-width: 1024px) 100vw, 1024px\" \/><figcaption class=\"wp-element-caption\">Na d\u00e9cada de 1960, era comum crian\u00e7as passarem boa parte do dia fora de casa, andando pelo bairro &#8211; Cr\u00e9ditos: depositphotos.com \/ RomanNerud<\/figcaption><\/figure><\/div>\n\n\n<p>Leia tamb\u00e9m: <a href=\"https:\/\/www.em.com.br\/emfoco\/2026\/01\/23\/a-psicologia-por-tras-das-pessoas-que-nunca-postam-nas-redes-sociais\/\" target=\"_blank\" rel=\"noreferrer noopener\">A psicologia por tr\u00e1s das pessoas que nunca postam nas redes sociais<\/a><\/p>\n\n\n\n<h2 class=\"wp-block-heading\">A habilidade de interpreta\u00e7\u00e3o social e empatia cognitiva<\/h2>\n\n\n\n<p>A aus\u00eancia de algoritmos durante a forma\u00e7\u00e3o da personalidade for\u00e7ou esses indiv\u00edduos a dominarem a <strong>leitura de sinais n\u00e3o verbais<\/strong> e a linguagem corporal de forma profunda. Ter que interpretar tons de voz e express\u00f5es faciais em intera\u00e7\u00f5es presenciais di\u00e1rias consolidou uma <strong>empatia cognitiva<\/strong> que muitas vezes falta no ambiente de trabalho mediado por telas de computador.<\/p>\n\n\n\n<p>Essa vantagem permite que l\u00edderes e gestores dessa faixa et\u00e1ria consigam mediar disputas com maior facilidade, entendendo as nuances humanas que os dados frios n\u00e3o conseguem captar. No <strong>Brasil<\/strong>, essa caracter\u00edstica tem sido fundamental para manter a coes\u00e3o em equipes multigeracionais, onde a experi\u00eancia de vida serve como uma \u00e2ncora de sanidade e equil\u00edbrio interpessoal.<\/p>\n\n\n\n<h2 class=\"wp-block-heading\">Resolu\u00e7\u00e3o de problemas atrav\u00e9s do pensamento heur\u00edstico<\/h2>\n\n\n\n<p>A escassez de informa\u00e7\u00f5es instant\u00e2neas na juventude obrigou os nascidos nesse per\u00edodo a utilizarem o <strong>pensamento heur\u00edstico<\/strong>, criando atalhos mentais baseados na l\u00f3gica e na tentativa e erro. Essa capacidade de improvisa\u00e7\u00e3o estruturada \u00e9 o que a <strong>neuroci\u00eancia<\/strong> define como uma das maiores vantagens intelectuais para a resolu\u00e7\u00e3o de problemas complexos que n\u00e3o possuem manual.<\/p>\n\n\n<div class=\"wp-block-image\">\n<figure class=\"aligncenter size-large\"><img loading=\"lazy\" decoding=\"async\" width=\"1024\" height=\"576\" src=\"https:\/\/www.em.com.br\/emfoco\/wp-content\/uploads\/2026\/04\/geracao-anos-70_1777043360825-1024x576.jpg\" alt=\"\" class=\"wp-image-198466\" srcset=\"https:\/\/www.em.com.br\/emfoco\/wp-content\/uploads\/2026\/04\/geracao-anos-70_1777043360825-1024x576.jpg 1024w, https:\/\/www.em.com.br\/emfoco\/wp-content\/uploads\/2026\/04\/geracao-anos-70_1777043360825-300x169.jpg 300w, https:\/\/www.em.com.br\/emfoco\/wp-content\/uploads\/2026\/04\/geracao-anos-70_1777043360825-768x432.jpg 768w, https:\/\/www.em.com.br\/emfoco\/wp-content\/uploads\/2026\/04\/geracao-anos-70_1777043360825-750x422.jpg 750w, https:\/\/www.em.com.br\/emfoco\/wp-content\/uploads\/2026\/04\/geracao-anos-70_1777043360825-1140x641.jpg 1140w, https:\/\/www.em.com.br\/emfoco\/wp-content\/uploads\/2026\/04\/geracao-anos-70_1777043360825.jpg 1280w\" sizes=\"auto, (max-width: 1024px) 100vw, 1024px\" \/><figcaption class=\"wp-element-caption\">As gera\u00e7\u00f5es conhecidas como Baby Boomers e Gera\u00e7\u00e3o X cresceram em um ambiente onde a gratifica\u00e7\u00e3o instant\u00e2nea n\u00e3o existia &#8211; Cr\u00e9ditos: depositphotos.com \/ aremafoto<\/figcaption><\/figure><\/div>\n\n\n<p>Enquanto o acesso r\u00e1pido \u00e0 rede pode limitar a criatividade profunda, a necessidade de buscar solu\u00e7\u00f5es anal\u00f3gicas desenvolveu uma <strong>independ\u00eancia intelectual<\/strong> robusta nessas pessoas. Aplicar essa vis\u00e3o pr\u00e1tica no cotidiano ajuda a evitar o bloqueio mental diante de falhas tecnol\u00f3gicas, garantindo que o fluxo de trabalho continue operando mesmo sob condi\u00e7\u00f5es adversas ou falta de suporte digital.<\/p>\n\n\n\n<h2 class=\"wp-block-heading\">Diferenciais pr\u00e1ticos da forma\u00e7\u00e3o anal\u00f3gica cl\u00e1ssica<\/h2>\n\n\n\n<p>O aprendizado acumulado por quem vivenciou as grandes transforma\u00e7\u00f5es do s\u00e9culo XX oferece uma base de compara\u00e7\u00e3o que as gera\u00e7\u00f5es mais novas simplesmente n\u00e3o possuem. Essa perspectiva hist\u00f3rica permite relativizar problemas contempor\u00e2neos, reduzindo drasticamente a incid\u00eancia de dist\u00farbios como o esgotamento ocupacional e a ansiedade generalizada por desempenho virtual.<\/p>\n\n\n\n<link href=\"https:\/\/fonts.googleapis.com\/css2?family=Inter:wght@400;600;700;800&#038;display=swap\" rel=\"stylesheet\">\n<style>\n\/* Prote\u00e7\u00e3o contra inje\u00e7\u00e3o do \"Veja Tamb\u00e9m\" (JNews inline related posts) *\/\n.rdp-pontos-wrapper .jnews_inline_related_post_wrapper,\n.rdp-pontos-wrapper .jnews_inline_related_post,\n.rdp-pontos-wrapper .jeg_postblock,\n.rdp-pontos-wrapper [class*=\"jnews_inline\"],\n.rdp-pontos-wrapper [class*=\"jeg_postblock\"],\n.rdp-pontos-wrapper [class*=\"jeg_block\"] {\n  display: none !important;\n  height: 0 !important;\n  max-height: 0 !important;\n  overflow: hidden !important;\n  visibility: hidden !important;\n  margin: 0 !important;\n  padding: 0 !important;\n  border: none !important;\n  font-size: 0 !important;\n  line-height: 0 !important;\n}\n.rdp-pontos-wrapper {\n  max-width: 100%;\n  margin: 32px 0;\n  background: #F8F9FA;\n  border: 1px solid #E0E0E0;\n  border-radius: 12px;\n  padding: 28px 28px 20px;\n  font-family: 'Inter', sans-serif;\n  box-shadow: 0 4px 20px rgba(47,195,238,0.12);\n  overflow: hidden;\n  contain: layout style;\n  isolation: isolate;\n  position: relative;\n  z-index: 1;\n}\n.rdp-pontos-wrapper > *:not(.rdp-pontos-title):not(.rdp-pontos-grid) {\n  display: none !important;\n  height: 0 !important;\n  overflow: hidden !important;\n  margin: 0 !important;\n  padding: 0 !important;\n  border: none !important;\n}\n.rdp-pontos-title {\n  font-family: 'Inter', sans-serif;\n  font-size: 20px;\n  font-weight: 800;\n  color: #1A1A1A;\n  margin: 0 0 20px 0;\n  line-height: 1.3;\n  text-align: center;\n}\n.rdp-pontos-grid {\n  display: grid;\n  grid-template-columns: repeat(2, 1fr);\n  gap: 18px;\n}\n.rdp-pontos-item {\n  background: #FFFFFF;\n  border: 1px solid #E0E0E0;\n  border-top: 3px solid #2FC3EE;\n  border-radius: 10px;\n  padding: 22px 20px;\n  box-shadow: 0 2px 10px rgba(47,195,238,0.10);\n  transition: box-shadow 0.3s ease, border-color 0.3s ease;\n  text-align: center;\n}\n.rdp-pontos-item:hover {\n  box-shadow: 0 4px 20px rgba(47,195,238,0.22);\n  border-color: #2FC3EE;\n}\n.rdp-pontos-emoji {\n  font-size: 32px;\n  line-height: 1;\n  margin-bottom: 12px;\n  display: block;\n  text-align: center;\n}\n.rdp-pontos-item-title {\n  font-size: 15px;\n  font-weight: 700;\n  color: #1A1A1A;\n  margin-bottom: 8px;\n  line-height: 1.3;\n}\n.rdp-pontos-item-desc {\n  font-size: 14px;\n  color: #333333;\n  line-height: 1.6;\n  margin: 0;\n}\n@media (max-width: 768px) {\n  .rdp-pontos-wrapper {\n    padding: 20px 16px 14px;\n  }\n  .rdp-pontos-grid {\n    grid-template-columns: 1fr;\n    gap: 14px;\n  }\n  .rdp-pontos-title {\n    font-size: 18px;\n  }\n}\n<\/style>\n\n<div class=\"rdp-pontos-wrapper\">\n  <div class=\"rdp-pontos-title\">Habilidades para o Sucesso e Bem-estar<\/div>\n  <div class=\"rdp-pontos-grid\">\n    <div class=\"rdp-pontos-item\">\n      <span class=\"rdp-pontos-emoji\">\ud83c\udfaf<\/span>\n      <div class=\"rdp-pontos-item-title\">Foco Prolongado<\/div>\n      <p class=\"rdp-pontos-item-desc\">Mantenha a concentra\u00e7\u00e3o em tarefas complexas, minimizando interrup\u00e7\u00f5es para valida\u00e7\u00e3o social.<\/p>\n    <\/div>\n    <div class=\"rdp-pontos-item\">\n      <span class=\"rdp-pontos-emoji\">\ud83d\udd0d<\/span>\n      <div class=\"rdp-pontos-item-title\">Capacidade de S\u00edntese<\/div>\n      <p class=\"rdp-pontos-item-desc\">Aprimore a habilidade de filtrar e extrair o que \u00e9 realmente relevante diante do ru\u00eddo informativo.<\/p>\n    <\/div>\n    <div class=\"rdp-pontos-item\">\n      <span class=\"rdp-pontos-emoji\">\u23f3<\/span>\n      <div class=\"rdp-pontos-item-title\">Paci\u00eancia Estrat\u00e9gica<\/div>\n      <p class=\"rdp-pontos-item-desc\">Cultive a paci\u00eancia para aguardar os resultados de investimentos e projetos de longo prazo.<\/p>\n    <\/div>\n    <div class=\"rdp-pontos-item\">\n      <span class=\"rdp-pontos-emoji\">\ud83e\udd1d<\/span>\n      <div class=\"rdp-pontos-item-title\">Intelig\u00eancia Social<\/div>\n      <p class=\"rdp-pontos-item-desc\">Desenvolva uma intelig\u00eancia social robusta para construir redes de contatos baseadas na confian\u00e7a e reciprocidade real.<\/p>\n    <\/div>\n  <\/div>\n<\/div>\n<div style=\"clear:both;height:0;overflow:hidden;\"><\/div>\n\n\n\n<p>Utilizar essas compet\u00eancias no dia a dia \u00e9 uma forma de equilibrar o ritmo acelerado imposto pelas ferramentas de <strong>Intelig\u00eancia Artificial<\/strong>. O dom\u00ednio da t\u00e9cnica aliado \u00e0 sensibilidade humana de quem viveu a era de ouro do r\u00e1dio e da televis\u00e3o anal\u00f3gica cria um perfil profissional e pessoal completo e altamente resiliente.<\/p>\n\n\n\n<h2 class=\"wp-block-heading\">A lideran\u00e7a baseada na experi\u00eancia e na temperan\u00e7a<\/h2>\n\n\n\n<p>Ao integrar a tecnologia com a sabedoria acumulada, esses indiv\u00edduos tornam-se mentores essenciais para o desenvolvimento de uma sociedade mais consciente e menos ansiosa. A <strong>vantagem psicol\u00f3gica<\/strong> identificada pelo estudo n\u00e3o \u00e9 apenas um tra\u00e7o de personalidade, mas uma ferramenta de sobreviv\u00eancia que pode ser compartilhada com as novas gera\u00e7\u00f5es para promover o bem-estar.<\/p>\n\n\n\n<p>Compreender que o sil\u00eancio e a espera n\u00e3o s\u00e3o lacunas, mas espa\u00e7os de cria\u00e7\u00e3o, \u00e9 a li\u00e7\u00e3o final que os nascidos entre 50 e 70 oferecem ao mundo moderno. Valorizar essa trajet\u00f3ria \u00e9 reconhecer que, independentemente da evolu\u00e7\u00e3o tecnol\u00f3gica, a base da nossa felicidade ainda reside na qualidade das nossas fun\u00e7\u00f5es mentais e na for\u00e7a do nosso car\u00e1ter diante do desconhecido.<\/p>\n","protected":false},"excerpt":{"rendered":"<p>Uma nova pesquisa no campo da psicologia comportamental revelou que as gera\u00e7\u00f5es nascidas entre 1950 e 1970 possuem uma estrutura mental diferenciada para lidar com crises modernas. Embora o foco tecnol\u00f3gico esteja nos jovens, esse grupo carrega uma resili\u00eancia emocional lapidada por contextos sociais e econ\u00f4micos que exigiam adapta\u00e7\u00e3o constante e paci\u00eancia extrema. O poder [&hellip;]<\/p>\n","protected":false},"author":9,"featured_media":200682,"comment_status":"open","ping_status":"open","sticky":false,"template":"","format":"standard","meta":{"jnews-multi-image_gallery":[],"jnews_single_post":{"format":"standard"},"jnews_primary_category":[],"jnews_social_meta":[],"jnews_override_counter":[],"footnotes":""},"categories":[8819],"tags":[7252,10436,5155],"class_list":["post-200645","post","type-post","status-publish","format-standard","has-post-thumbnail","hentry","category-curiosidades","tag-emocional","tag-geracoes","tag-psicologia"],"yoast_head":"<!-- This site is optimized with the Yoast SEO plugin v23.8 - https:\/\/yoast.com\/wordpress\/plugins\/seo\/ -->\n<title>A psicologia afirma que gera\u00e7\u00f5es nascidas entre 1950 e 1970 desenvolveram uma estabilidade emocional rara hoje - Estado de Minas - Em foco<\/title>\n<meta name=\"description\" content=\"Gera\u00e7\u00f5es de 1950 a 1970 desenvolveram resili\u00eancia emocional e leitura social profunda ao crescer sem tecnologia digital constante.\" \/>\n<meta name=\"robots\" content=\"index, follow, max-snippet:-1, max-image-preview:large, max-video-preview:-1\" \/>\n<link rel=\"canonical\" href=\"https:\/\/www.em.com.br\/emfoco\/2026\/04\/28\/a-psicologia-afirma-que-geracoes-nascidas-entre-1950-e-1970-desenvolveram-uma-estabilidade-emocional-rara-hoje\/\" \/>\n<meta property=\"og:locale\" content=\"pt_BR\" \/>\n<meta property=\"og:type\" content=\"article\" \/>\n<meta property=\"og:title\" content=\"A psicologia afirma que gera\u00e7\u00f5es nascidas entre 1950 e 1970 desenvolveram uma estabilidade emocional rara hoje - Estado de Minas - Em foco\" \/>\n<meta property=\"og:description\" content=\"Gera\u00e7\u00f5es de 1950 a 1970 desenvolveram resili\u00eancia emocional e leitura social profunda ao crescer sem tecnologia digital constante.\" \/>\n<meta property=\"og:url\" content=\"https:\/\/www.em.com.br\/emfoco\/2026\/04\/28\/a-psicologia-afirma-que-geracoes-nascidas-entre-1950-e-1970-desenvolveram-uma-estabilidade-emocional-rara-hoje\/\" \/>\n<meta property=\"og:site_name\" content=\"Estado de Minas - Em foco\" \/>\n<meta property=\"article:published_time\" content=\"2026-04-29T00:15:00+00:00\" \/>\n<meta property=\"article:modified_time\" content=\"2026-04-27T22:30:46+00:00\" \/>\n<meta property=\"og:image\" content=\"https:\/\/www.em.com.br\/emfoco\/wp-content\/uploads\/2026\/04\/EmFoco_70-4.jpg\" \/>\n\t<meta property=\"og:image:width\" content=\"1280\" \/>\n\t<meta property=\"og:image:height\" content=\"720\" \/>\n\t<meta property=\"og:image:type\" content=\"image\/jpeg\" \/>\n<meta name=\"author\" content=\"Daniely Cardoso\" \/>\n<meta name=\"twitter:card\" content=\"summary_large_image\" \/>\n<meta name=\"twitter:label1\" content=\"Escrito por\" \/>\n\t<meta name=\"twitter:data1\" content=\"Daniely Cardoso\" \/>\n\t<meta name=\"twitter:label2\" content=\"Est. tempo de leitura\" \/>\n\t<meta name=\"twitter:data2\" content=\"5 minutos\" \/>\n<!-- \/ Yoast SEO plugin. -->","yoast_head_json":{"title":"A psicologia afirma que gera\u00e7\u00f5es nascidas entre 1950 e 1970 desenvolveram uma estabilidade emocional rara hoje - Estado de Minas - Em foco","description":"Gera\u00e7\u00f5es de 1950 a 1970 desenvolveram resili\u00eancia emocional e leitura social profunda ao crescer sem tecnologia digital constante.","robots":{"index":"index","follow":"follow","max-snippet":"max-snippet:-1","max-image-preview":"max-image-preview:large","max-video-preview":"max-video-preview:-1"},"canonical":"https:\/\/www.em.com.br\/emfoco\/2026\/04\/28\/a-psicologia-afirma-que-geracoes-nascidas-entre-1950-e-1970-desenvolveram-uma-estabilidade-emocional-rara-hoje\/","og_locale":"pt_BR","og_type":"article","og_title":"A psicologia afirma que gera\u00e7\u00f5es nascidas entre 1950 e 1970 desenvolveram uma estabilidade emocional rara hoje - Estado de Minas - Em foco","og_description":"Gera\u00e7\u00f5es de 1950 a 1970 desenvolveram resili\u00eancia emocional e leitura social profunda ao crescer sem tecnologia digital constante.","og_url":"https:\/\/www.em.com.br\/emfoco\/2026\/04\/28\/a-psicologia-afirma-que-geracoes-nascidas-entre-1950-e-1970-desenvolveram-uma-estabilidade-emocional-rara-hoje\/","og_site_name":"Estado de Minas - Em foco","article_published_time":"2026-04-29T00:15:00+00:00","article_modified_time":"2026-04-27T22:30:46+00:00","og_image":[{"width":1280,"height":720,"url":"https:\/\/www.em.com.br\/emfoco\/wp-content\/uploads\/2026\/04\/EmFoco_70-4.jpg","type":"image\/jpeg"}],"author":"Daniely Cardoso","twitter_card":"summary_large_image","twitter_misc":{"Escrito por":"Daniely Cardoso","Est. tempo de leitura":"5 minutos"},"schema":{"@context":"https:\/\/schema.org","@graph":[{"@type":"WebPage","@id":"https:\/\/www.em.com.br\/emfoco\/2026\/04\/28\/a-psicologia-afirma-que-geracoes-nascidas-entre-1950-e-1970-desenvolveram-uma-estabilidade-emocional-rara-hoje\/","url":"https:\/\/www.em.com.br\/emfoco\/2026\/04\/28\/a-psicologia-afirma-que-geracoes-nascidas-entre-1950-e-1970-desenvolveram-uma-estabilidade-emocional-rara-hoje\/","name":"A psicologia afirma que gera\u00e7\u00f5es nascidas entre 1950 e 1970 desenvolveram uma estabilidade emocional rara hoje - Estado de Minas - Em foco","isPartOf":{"@id":"https:\/\/www.em.com.br\/emfoco\/#website"},"primaryImageOfPage":{"@id":"https:\/\/www.em.com.br\/emfoco\/2026\/04\/28\/a-psicologia-afirma-que-geracoes-nascidas-entre-1950-e-1970-desenvolveram-uma-estabilidade-emocional-rara-hoje\/#primaryimage"},"image":{"@id":"https:\/\/www.em.com.br\/emfoco\/2026\/04\/28\/a-psicologia-afirma-que-geracoes-nascidas-entre-1950-e-1970-desenvolveram-uma-estabilidade-emocional-rara-hoje\/#primaryimage"},"thumbnailUrl":"https:\/\/www.em.com.br\/emfoco\/wp-content\/uploads\/2026\/04\/EmFoco_70-4.jpg","datePublished":"2026-04-29T00:15:00+00:00","dateModified":"2026-04-27T22:30:46+00:00","author":{"@id":"https:\/\/www.em.com.br\/emfoco\/#\/schema\/person\/0a8186d72f2c3a5c6276d90b41f271a0"},"description":"Gera\u00e7\u00f5es de 1950 a 1970 desenvolveram resili\u00eancia emocional e leitura social profunda ao crescer sem tecnologia digital constante.","breadcrumb":{"@id":"https:\/\/www.em.com.br\/emfoco\/2026\/04\/28\/a-psicologia-afirma-que-geracoes-nascidas-entre-1950-e-1970-desenvolveram-uma-estabilidade-emocional-rara-hoje\/#breadcrumb"},"inLanguage":"pt-BR","potentialAction":[{"@type":"ReadAction","target":["https:\/\/www.em.com.br\/emfoco\/2026\/04\/28\/a-psicologia-afirma-que-geracoes-nascidas-entre-1950-e-1970-desenvolveram-uma-estabilidade-emocional-rara-hoje\/"]}]},{"@type":"ImageObject","inLanguage":"pt-BR","@id":"https:\/\/www.em.com.br\/emfoco\/2026\/04\/28\/a-psicologia-afirma-que-geracoes-nascidas-entre-1950-e-1970-desenvolveram-uma-estabilidade-emocional-rara-hoje\/#primaryimage","url":"https:\/\/www.em.com.br\/emfoco\/wp-content\/uploads\/2026\/04\/EmFoco_70-4.jpg","contentUrl":"https:\/\/www.em.com.br\/emfoco\/wp-content\/uploads\/2026\/04\/EmFoco_70-4.jpg","width":1280,"height":720,"caption":"Forma\u00e7\u00e3o anal\u00f3gica e aus\u00eancia de media\u00e7\u00e3o digital lapidaram resili\u00eancia emocional e pragmatismo nas tomadas de decis\u00e3o"},{"@type":"BreadcrumbList","@id":"https:\/\/www.em.com.br\/emfoco\/2026\/04\/28\/a-psicologia-afirma-que-geracoes-nascidas-entre-1950-e-1970-desenvolveram-uma-estabilidade-emocional-rara-hoje\/#breadcrumb","itemListElement":[{"@type":"ListItem","position":1,"name":"In\u00edcio","item":"https:\/\/www.em.com.br\/emfoco\/"},{"@type":"ListItem","position":2,"name":"A psicologia afirma que gera\u00e7\u00f5es nascidas entre 1950 e 1970 desenvolveram uma estabilidade emocional rara hoje"}]},{"@type":"WebSite","@id":"https:\/\/www.em.com.br\/emfoco\/#website","url":"https:\/\/www.em.com.br\/emfoco\/","name":"Estado de Minas - Em foco","description":"Acompanhe as \u00faltimas not\u00edcias e fique bem informado sobre tudo o que acontece em Minas Gerais, Brasil e no mundo.","potentialAction":[{"@type":"SearchAction","target":{"@type":"EntryPoint","urlTemplate":"https:\/\/www.em.com.br\/emfoco\/?s={search_term_string}"},"query-input":{"@type":"PropertyValueSpecification","valueRequired":true,"valueName":"search_term_string"}}],"inLanguage":"pt-BR"},{"@type":"Person","@id":"https:\/\/www.em.com.br\/emfoco\/#\/schema\/person\/0a8186d72f2c3a5c6276d90b41f271a0","name":"Daniely Cardoso","image":{"@type":"ImageObject","inLanguage":"pt-BR","@id":"https:\/\/www.em.com.br\/emfoco\/#\/schema\/person\/image\/","url":"https:\/\/secure.gravatar.com\/avatar\/4b80ddbd124d1f071b626d52d62e5dff?s=96&d=mm&r=g","contentUrl":"https:\/\/secure.gravatar.com\/avatar\/4b80ddbd124d1f071b626d52d62e5dff?s=96&d=mm&r=g","caption":"Daniely Cardoso"},"url":"https:\/\/www.em.com.br\/emfoco\/author\/danielymyth\/"}]}},"_links":{"self":[{"href":"https:\/\/www.em.com.br\/emfoco\/wp-json\/wp\/v2\/posts\/200645","targetHints":{"allow":["GET"]}}],"collection":[{"href":"https:\/\/www.em.com.br\/emfoco\/wp-json\/wp\/v2\/posts"}],"about":[{"href":"https:\/\/www.em.com.br\/emfoco\/wp-json\/wp\/v2\/types\/post"}],"author":[{"embeddable":true,"href":"https:\/\/www.em.com.br\/emfoco\/wp-json\/wp\/v2\/users\/9"}],"replies":[{"embeddable":true,"href":"https:\/\/www.em.com.br\/emfoco\/wp-json\/wp\/v2\/comments?post=200645"}],"version-history":[{"count":1,"href":"https:\/\/www.em.com.br\/emfoco\/wp-json\/wp\/v2\/posts\/200645\/revisions"}],"predecessor-version":[{"id":200668,"href":"https:\/\/www.em.com.br\/emfoco\/wp-json\/wp\/v2\/posts\/200645\/revisions\/200668"}],"wp:featuredmedia":[{"embeddable":true,"href":"https:\/\/www.em.com.br\/emfoco\/wp-json\/wp\/v2\/media\/200682"}],"wp:attachment":[{"href":"https:\/\/www.em.com.br\/emfoco\/wp-json\/wp\/v2\/media?parent=200645"}],"wp:term":[{"taxonomy":"category","embeddable":true,"href":"https:\/\/www.em.com.br\/emfoco\/wp-json\/wp\/v2\/categories?post=200645"},{"taxonomy":"post_tag","embeddable":true,"href":"https:\/\/www.em.com.br\/emfoco\/wp-json\/wp\/v2\/tags?post=200645"}],"curies":[{"name":"wp","href":"https:\/\/api.w.org\/{rel}","templated":true}]}}