{"id":200602,"date":"2026-04-30T13:45:00","date_gmt":"2026-04-30T16:45:00","guid":{"rendered":"https:\/\/www.em.com.br\/emfoco\/?p=200602"},"modified":"2026-04-29T16:52:53","modified_gmt":"2026-04-29T19:52:53","slug":"supermercado-mais-popular-do-pais-esta-se-despedindo-o-fechamento-de-mais-de-60-lojas-ja-foi-confirmado","status":"publish","type":"post","link":"https:\/\/www.em.com.br\/emfoco\/2026\/04\/30\/supermercado-mais-popular-do-pais-esta-se-despedindo-o-fechamento-de-mais-de-60-lojas-ja-foi-confirmado\/","title":{"rendered":"Supermercado mais popular do pa\u00eds est\u00e1 se despedindo: o fechamento de mais de 60 lojas j\u00e1 foi confirmado"},"content":{"rendered":"\n<p>O fechamento de lojas da<strong> rede Kroger <\/strong>nos <strong>Estados Unidos<\/strong> vem mudando a rotina de milhares de consumidores e trabalhadores desde 2025. A empresa, presente em quase todo o pa\u00eds e dona de v\u00e1rias marcas regionais, tem reduzido opera\u00e7\u00f5es em \u00e1reas consideradas pouco rent\u00e1veis enquanto refor\u00e7a investimentos em mercados vistos como mais promissores, o que vem gerando incerteza econ\u00f4mica, preocupa\u00e7\u00e3o social e intenso debate p\u00fablico.<\/p>\n\n\n\n<h2 class=\"wp-block-heading\">O que est\u00e1 por tr\u00e1s do fechamento de lojas Kroger<\/h2>\n\n\n\n<p>A Kroger informou que o plano prev\u00ea o fechamento de cerca de 60 lojas classificadas como \u201cde baixo rendimento\u201d em at\u00e9 18 meses, considerando volume de vendas, custos operacionais, concorr\u00eancia local e proje\u00e7\u00f5es de crescimento.<\/p>\n\n\n\n<p>Muitas unidades s\u00e3o de m\u00e9dio ou pequeno porte, em bairros de menor renda ou em \u00e1reas com mudan\u00e7as demogr\u00e1ficas recentes. Ao mesmo tempo, a companhia indica que pretende acelerar a abertura de novas lojas em 2026, em ritmo superior a 2025, redistribuindo sua presen\u00e7a geogr\u00e1fica em vez de encolher de forma uniforme.<\/p>\n\n\n\n<figure class=\"wp-block-image\"><img decoding=\"async\" src=\"https:\/\/www.em.com.br\/emfoco\/wp-content\/uploads\/2026\/04\/ChatGPT-Image-9-de-abr.-de-2026-21_42_16-1-1024x576.png\" alt=\"\"\/><figcaption class=\"wp-element-caption\">Milhares sentem impacto ap\u00f3s fechamento de lojas<\/figcaption><\/figure>\n\n\n\n<h2 class=\"wp-block-heading\">Quais marcas e estados foram mais afetados pelos fechamentos<\/h2>\n\n\n\n<p>O plano de encerramento atinge n\u00e3o s\u00f3 lojas com o nome Kroger, mas tamb\u00e9m marcas regionais do grupo, como&nbsp;<strong>Mariano\u2019s, Harris Teeter, King Soopers, Pick \u2018n Save, Fred Meyer, QFC, Fry\u2019s Food and Drug<\/strong>&nbsp;e outras. Para muitos consumidores, o que se v\u00ea \u00e9 o fechamento do \u201cmercado do bairro\u201d, sem liga\u00e7\u00e3o imediata com a decis\u00e3o da holding nacional.<\/p>\n\n\n\n<p>Entre 2025 e o primeiro semestre de 2026, houve cortes em estados como <strong>Texas, Ge\u00f3rgia, Illinois, Indiana, Kentucky, Louisiana, Maryland, Carolina do Norte, Tennessee, Virg\u00ednia, West Virginia e Wisconsin<\/strong>, levantando alertas sobre acesso a alimentos e poss\u00edvel forma\u00e7\u00e3o de \u201cdesertos alimentares\u201d.<\/p>\n\n\n\n<ul class=\"wp-block-list\">\n<li>Estados do sul, como Texas, Louisiana e Tennessee, registraram fechamento de diversas filiais.<\/li>\n\n\n\n<li>Regi\u00f5es do meio-oeste, como Illinois, Indiana e Wisconsin, tamb\u00e9m contabilizaram perdas de unidades.<\/li>\n\n\n\n<li>Na costa leste, Maryland, Virg\u00ednia e Carolina do Norte apareceram em diferentes listas de encerramentos.<\/li>\n<\/ul>\n\n\n\n<h2 class=\"wp-block-heading\">Como o fechamento de lojas Kroger afeta funcion\u00e1rios e clientes<\/h2>\n\n\n\n<p>Um dos pontos mais sens\u00edveis \u00e9 o impacto sobre os trabalhadores. A Kroger afirma que funcion\u00e1rios afetados podem tentar transfer\u00eancia para outras unidades, mas dist\u00e2ncia entre lojas, equival\u00eancia de cargos, carga hor\u00e1ria e apoio financeiro para deslocamento ainda geram d\u00favidas e inseguran\u00e7a em muitas comunidades.<\/p>\n\n\n\n<p>Para os consumidores, o efeito \u00e9 a necessidade de reorganizar rotas de compras e or\u00e7amento. Em bairros onde a Kroger era o \u00fanico grande supermercado, fam\u00edlias precisam fazer trajetos mais longos ou depender de com\u00e9rcios menores, que nem sempre t\u00eam pre\u00e7os e variedade competitivos, levando moradores a buscar solu\u00e7\u00f5es coletivas.<\/p>\n\n\n\n<ol class=\"wp-block-list\">\n<li>Clientes procuram novos supermercados com faixa de pre\u00e7o parecida.<\/li>\n\n\n\n<li>Moradores organizam caronas ou grupos de compra para trajetos mais longos.<\/li>\n\n\n\n<li>Pequenos com\u00e9rcios de bairro avaliam ampliar sortimento para suprir a demanda.<\/li>\n<\/ol>\n\n\n\n<figure class=\"wp-block-image\"><img decoding=\"async\" src=\"https:\/\/www.em.com.br\/emfoco\/wp-content\/uploads\/2026\/01\/supermercado-fechado_1769030767898-1024x576.jpg\" alt=\"\"\/><figcaption class=\"wp-element-caption\">Supermercados tradicionais perdem espa\u00e7o &#8211; Cr\u00e9ditos: depositphotos.com \/ trongnguyen<\/figcaption><\/figure>\n\n\n\n<h2 class=\"wp-block-heading\">Como acompanhar fechamentos e novas aberturas de lojas Kroger<\/h2>\n\n\n\n<p>Como a rede nem sempre divulga de forma centralizada todas as unidades envolvidas, muitas informa\u00e7\u00f5es sobre&nbsp;<strong>lojas Kroger fechadas<\/strong>&nbsp;surgem primeiro em comunicados sindicais e na imprensa local. Em geral, moradores e funcion\u00e1rios ficam sabendo por avisos internos, reuni\u00f5es com gerentes ou cartazes nas entradas das lojas com datas oficiais de encerramento.<\/p>\n\n\n\n<p>Para acompanhar as mudan\u00e7as, \u00e9 importante monitorar o site oficial da Kroger e de suas marcas regionais, al\u00e9m de relat\u00f3rios sindicais e reportagens de jornais locais. Cruzar essas fontes ajuda a identificar n\u00e3o s\u00f3 onde as lojas est\u00e3o fechando, mas tamb\u00e9m onde a rede planeja inaugurar novos pontos de venda ao longo de 2026.<\/p>\n\n\n\n<h2 class=\"wp-block-heading\">O que essa reestrutura\u00e7\u00e3o da Kroger significa para o futuro<\/h2>\n\n\n\n<p>O fechamento e a abertura simult\u00e2neos de lojas Kroger redesenham o mapa de acesso a alimentos, rotas de transporte e oportunidades de trabalho em dezenas de cidades. Esse movimento pode ampliar desigualdades regionais se comunidades de menor renda n\u00e3o tiverem alternativas vi\u00e1veis de varejo alimentar e apoio de autoridades locais.<\/p>\n\n\n\n<p>Se voc\u00ea \u00e9 consumidor, trabalhador ou l\u00edder comunit\u00e1rio em \u00e1rea impactada, n\u00e3o espere: organize-se, acompanhe cada an\u00fancio de fechamento ou abertura, cobre transpar\u00eancia da empresa e pressione governos locais por pol\u00edticas que garantam acesso justo a alimentos e prote\u00e7\u00e3o de empregos agora, antes que sua regi\u00e3o se torne um novo deserto alimentar.<\/p>\n","protected":false},"excerpt":{"rendered":"<p>O fechamento de lojas da rede Kroger nos Estados Unidos vem mudando a rotina de milhares de consumidores e trabalhadores desde 2025. A empresa, presente em quase todo o pa\u00eds e dona de v\u00e1rias marcas regionais, tem reduzido opera\u00e7\u00f5es em \u00e1reas consideradas pouco rent\u00e1veis enquanto refor\u00e7a investimentos em mercados vistos como mais promissores, o que [&hellip;]<\/p>\n","protected":false},"author":11,"featured_media":201646,"comment_status":"open","ping_status":"open","sticky":false,"template":"","format":"standard","meta":{"jnews-multi-image_gallery":[],"jnews_single_post":{"format":"standard"},"jnews_primary_category":[],"jnews_social_meta":[],"jnews_override_counter":[],"footnotes":""},"categories":[28,1],"tags":[22322,21364,28916,8605],"class_list":["post-200602","post","type-post","status-publish","format-standard","has-post-thumbnail","hentry","category-economia","category-noticias","tag-fecha-lojas","tag-fechamento-de-lojas","tag-rede-famosa","tag-supermercados"],"yoast_head":"<!-- This site is optimized with the Yoast SEO plugin v23.8 - https:\/\/yoast.com\/wordpress\/plugins\/seo\/ -->\n<title>Supermercado mais popular do pa\u00eds est\u00e1 se despedindo: o fechamento de mais de 60 lojas j\u00e1 foi confirmado - Estado de Minas - Em foco<\/title>\n<meta name=\"description\" content=\"Supermercados est\u00e3o fechando lojas em v\u00e1rios estados. Saiba onde isso acontece e quais os pr\u00f3ximos passos da rede.\" \/>\n<meta name=\"robots\" content=\"index, follow, max-snippet:-1, max-image-preview:large, max-video-preview:-1\" \/>\n<link rel=\"canonical\" href=\"https:\/\/www.em.com.br\/emfoco\/2026\/04\/30\/supermercado-mais-popular-do-pais-esta-se-despedindo-o-fechamento-de-mais-de-60-lojas-ja-foi-confirmado\/\" \/>\n<meta property=\"og:locale\" content=\"pt_BR\" \/>\n<meta property=\"og:type\" content=\"article\" \/>\n<meta property=\"og:title\" content=\"Supermercado mais popular do pa\u00eds est\u00e1 se despedindo: o fechamento de mais de 60 lojas j\u00e1 foi confirmado - Estado de Minas - Em foco\" \/>\n<meta property=\"og:description\" content=\"Supermercados est\u00e3o fechando lojas em v\u00e1rios estados. Saiba onde isso acontece e quais os pr\u00f3ximos passos da rede.\" \/>\n<meta property=\"og:url\" content=\"https:\/\/www.em.com.br\/emfoco\/2026\/04\/30\/supermercado-mais-popular-do-pais-esta-se-despedindo-o-fechamento-de-mais-de-60-lojas-ja-foi-confirmado\/\" \/>\n<meta property=\"og:site_name\" content=\"Estado de Minas - Em foco\" \/>\n<meta property=\"article:published_time\" content=\"2026-04-30T16:45:00+00:00\" \/>\n<meta property=\"article:modified_time\" content=\"2026-04-29T19:52:53+00:00\" \/>\n<meta property=\"og:image\" content=\"https:\/\/www.em.com.br\/emfoco\/wp-content\/uploads\/2026\/04\/EmFoco_37-9.jpg\" \/>\n\t<meta property=\"og:image:width\" content=\"1280\" \/>\n\t<meta property=\"og:image:height\" content=\"720\" \/>\n\t<meta property=\"og:image:type\" content=\"image\/jpeg\" \/>\n<meta name=\"author\" content=\"Andre\u0301 Rangel\u00a0\" \/>\n<meta name=\"twitter:card\" content=\"summary_large_image\" \/>\n<meta name=\"twitter:label1\" content=\"Escrito por\" \/>\n\t<meta name=\"twitter:data1\" content=\"Andre\u0301 Rangel\u00a0\" \/>\n\t<meta name=\"twitter:label2\" content=\"Est. tempo de leitura\" \/>\n\t<meta name=\"twitter:data2\" content=\"5 minutos\" \/>\n<!-- \/ Yoast SEO plugin. -->","yoast_head_json":{"title":"Supermercado mais popular do pa\u00eds est\u00e1 se despedindo: o fechamento de mais de 60 lojas j\u00e1 foi confirmado - Estado de Minas - Em foco","description":"Supermercados est\u00e3o fechando lojas em v\u00e1rios estados. Saiba onde isso acontece e quais os pr\u00f3ximos passos da rede.","robots":{"index":"index","follow":"follow","max-snippet":"max-snippet:-1","max-image-preview":"max-image-preview:large","max-video-preview":"max-video-preview:-1"},"canonical":"https:\/\/www.em.com.br\/emfoco\/2026\/04\/30\/supermercado-mais-popular-do-pais-esta-se-despedindo-o-fechamento-de-mais-de-60-lojas-ja-foi-confirmado\/","og_locale":"pt_BR","og_type":"article","og_title":"Supermercado mais popular do pa\u00eds est\u00e1 se despedindo: o fechamento de mais de 60 lojas j\u00e1 foi confirmado - Estado de Minas - Em foco","og_description":"Supermercados est\u00e3o fechando lojas em v\u00e1rios estados. Saiba onde isso acontece e quais os pr\u00f3ximos passos da rede.","og_url":"https:\/\/www.em.com.br\/emfoco\/2026\/04\/30\/supermercado-mais-popular-do-pais-esta-se-despedindo-o-fechamento-de-mais-de-60-lojas-ja-foi-confirmado\/","og_site_name":"Estado de Minas - Em foco","article_published_time":"2026-04-30T16:45:00+00:00","article_modified_time":"2026-04-29T19:52:53+00:00","og_image":[{"width":1280,"height":720,"url":"https:\/\/www.em.com.br\/emfoco\/wp-content\/uploads\/2026\/04\/EmFoco_37-9.jpg","type":"image\/jpeg"}],"author":"Andre\u0301 Rangel\u00a0","twitter_card":"summary_large_image","twitter_misc":{"Escrito por":"Andre\u0301 Rangel\u00a0","Est. tempo de leitura":"5 minutos"},"schema":{"@context":"https:\/\/schema.org","@graph":[{"@type":"WebPage","@id":"https:\/\/www.em.com.br\/emfoco\/2026\/04\/30\/supermercado-mais-popular-do-pais-esta-se-despedindo-o-fechamento-de-mais-de-60-lojas-ja-foi-confirmado\/","url":"https:\/\/www.em.com.br\/emfoco\/2026\/04\/30\/supermercado-mais-popular-do-pais-esta-se-despedindo-o-fechamento-de-mais-de-60-lojas-ja-foi-confirmado\/","name":"Supermercado mais popular do pa\u00eds est\u00e1 se despedindo: o fechamento de mais de 60 lojas j\u00e1 foi confirmado - Estado de Minas - Em foco","isPartOf":{"@id":"https:\/\/www.em.com.br\/emfoco\/#website"},"primaryImageOfPage":{"@id":"https:\/\/www.em.com.br\/emfoco\/2026\/04\/30\/supermercado-mais-popular-do-pais-esta-se-despedindo-o-fechamento-de-mais-de-60-lojas-ja-foi-confirmado\/#primaryimage"},"image":{"@id":"https:\/\/www.em.com.br\/emfoco\/2026\/04\/30\/supermercado-mais-popular-do-pais-esta-se-despedindo-o-fechamento-de-mais-de-60-lojas-ja-foi-confirmado\/#primaryimage"},"thumbnailUrl":"https:\/\/www.em.com.br\/emfoco\/wp-content\/uploads\/2026\/04\/EmFoco_37-9.jpg","datePublished":"2026-04-30T16:45:00+00:00","dateModified":"2026-04-29T19:52:53+00:00","author":{"@id":"https:\/\/www.em.com.br\/emfoco\/#\/schema\/person\/60eda09c1fedf0d6891f4cef4b60b8b8"},"description":"Supermercados est\u00e3o fechando lojas em v\u00e1rios estados. Saiba onde isso acontece e quais os pr\u00f3ximos passos da rede.","breadcrumb":{"@id":"https:\/\/www.em.com.br\/emfoco\/2026\/04\/30\/supermercado-mais-popular-do-pais-esta-se-despedindo-o-fechamento-de-mais-de-60-lojas-ja-foi-confirmado\/#breadcrumb"},"inLanguage":"pt-BR","potentialAction":[{"@type":"ReadAction","target":["https:\/\/www.em.com.br\/emfoco\/2026\/04\/30\/supermercado-mais-popular-do-pais-esta-se-despedindo-o-fechamento-de-mais-de-60-lojas-ja-foi-confirmado\/"]}]},{"@type":"ImageObject","inLanguage":"pt-BR","@id":"https:\/\/www.em.com.br\/emfoco\/2026\/04\/30\/supermercado-mais-popular-do-pais-esta-se-despedindo-o-fechamento-de-mais-de-60-lojas-ja-foi-confirmado\/#primaryimage","url":"https:\/\/www.em.com.br\/emfoco\/wp-content\/uploads\/2026\/04\/EmFoco_37-9.jpg","contentUrl":"https:\/\/www.em.com.br\/emfoco\/wp-content\/uploads\/2026\/04\/EmFoco_37-9.jpg","width":1280,"height":720,"caption":"Reestrutura\u00e7\u00e3o da rede Kroger redistribui presen\u00e7a geogr\u00e1fica impactando empregos e acesso alimentar"},{"@type":"BreadcrumbList","@id":"https:\/\/www.em.com.br\/emfoco\/2026\/04\/30\/supermercado-mais-popular-do-pais-esta-se-despedindo-o-fechamento-de-mais-de-60-lojas-ja-foi-confirmado\/#breadcrumb","itemListElement":[{"@type":"ListItem","position":1,"name":"In\u00edcio","item":"https:\/\/www.em.com.br\/emfoco\/"},{"@type":"ListItem","position":2,"name":"Supermercado mais popular do pa\u00eds est\u00e1 se despedindo: o fechamento de mais de 60 lojas j\u00e1 foi confirmado"}]},{"@type":"WebSite","@id":"https:\/\/www.em.com.br\/emfoco\/#website","url":"https:\/\/www.em.com.br\/emfoco\/","name":"Estado de Minas - Em foco","description":"Acompanhe as \u00faltimas not\u00edcias e fique bem informado sobre tudo o que acontece em Minas Gerais, Brasil e no mundo.","potentialAction":[{"@type":"SearchAction","target":{"@type":"EntryPoint","urlTemplate":"https:\/\/www.em.com.br\/emfoco\/?s={search_term_string}"},"query-input":{"@type":"PropertyValueSpecification","valueRequired":true,"valueName":"search_term_string"}}],"inLanguage":"pt-BR"},{"@type":"Person","@id":"https:\/\/www.em.com.br\/emfoco\/#\/schema\/person\/60eda09c1fedf0d6891f4cef4b60b8b8","name":"Andre\u0301 Rangel\u00a0","image":{"@type":"ImageObject","inLanguage":"pt-BR","@id":"https:\/\/www.em.com.br\/emfoco\/#\/schema\/person\/image\/","url":"https:\/\/secure.gravatar.com\/avatar\/6234dc814c77c8ef6d8bba622c787efc?s=96&d=mm&r=g","contentUrl":"https:\/\/secure.gravatar.com\/avatar\/6234dc814c77c8ef6d8bba622c787efc?s=96&d=mm&r=g","caption":"Andre\u0301 Rangel\u00a0"},"url":"https:\/\/www.em.com.br\/emfoco\/author\/luizmyth\/"}]}},"_links":{"self":[{"href":"https:\/\/www.em.com.br\/emfoco\/wp-json\/wp\/v2\/posts\/200602","targetHints":{"allow":["GET"]}}],"collection":[{"href":"https:\/\/www.em.com.br\/emfoco\/wp-json\/wp\/v2\/posts"}],"about":[{"href":"https:\/\/www.em.com.br\/emfoco\/wp-json\/wp\/v2\/types\/post"}],"author":[{"embeddable":true,"href":"https:\/\/www.em.com.br\/emfoco\/wp-json\/wp\/v2\/users\/11"}],"replies":[{"embeddable":true,"href":"https:\/\/www.em.com.br\/emfoco\/wp-json\/wp\/v2\/comments?post=200602"}],"version-history":[{"count":2,"href":"https:\/\/www.em.com.br\/emfoco\/wp-json\/wp\/v2\/posts\/200602\/revisions"}],"predecessor-version":[{"id":200615,"href":"https:\/\/www.em.com.br\/emfoco\/wp-json\/wp\/v2\/posts\/200602\/revisions\/200615"}],"wp:featuredmedia":[{"embeddable":true,"href":"https:\/\/www.em.com.br\/emfoco\/wp-json\/wp\/v2\/media\/201646"}],"wp:attachment":[{"href":"https:\/\/www.em.com.br\/emfoco\/wp-json\/wp\/v2\/media?parent=200602"}],"wp:term":[{"taxonomy":"category","embeddable":true,"href":"https:\/\/www.em.com.br\/emfoco\/wp-json\/wp\/v2\/categories?post=200602"},{"taxonomy":"post_tag","embeddable":true,"href":"https:\/\/www.em.com.br\/emfoco\/wp-json\/wp\/v2\/tags?post=200602"}],"curies":[{"name":"wp","href":"https:\/\/api.w.org\/{rel}","templated":true}]}}