{"id":200600,"date":"2026-04-29T13:45:00","date_gmt":"2026-04-29T16:45:00","guid":{"rendered":"https:\/\/www.em.com.br\/emfoco\/?p=200600"},"modified":"2026-04-28T13:52:17","modified_gmt":"2026-04-28T16:52:17","slug":"justica-confirmou-que-manaos-deve-pagar-800-milhoes-em-indenizacao-a-um-ex-funcionario","status":"publish","type":"post","link":"https:\/\/www.em.com.br\/emfoco\/2026\/04\/29\/justica-confirmou-que-manaos-deve-pagar-800-milhoes-em-indenizacao-a-um-ex-funcionario\/","title":{"rendered":"Justi\u00e7a confirmou que Manaos deve pagar 800 milh\u00f5es em indeniza\u00e7\u00e3o a um ex-funcion\u00e1rio"},"content":{"rendered":"\n<p>A recente decis\u00e3o da<strong> Suprema Corte de Justi\u00e7a<\/strong> de <strong>Mendoza <\/strong>reacendeu o debate sobre fraudes trabalhistas e grandes indeniza\u00e7\u00f5es no setor de bebidas na Argentina. O tribunal manteve uma condena\u00e7\u00e3o milion\u00e1ria contra a empresa <strong>Refres Now<\/strong>, fabricante dos refrigerantes <strong>Manaos<\/strong>, ap\u00f3s identificar irregularidades no registro de um empregado, reconhecendo anos de manobras contratuais e fixando uma indeniza\u00e7\u00e3o total em cerca de 807 milh\u00f5es de pesos.<\/p>\n\n\n\n<h2 class=\"wp-block-heading\">O que est\u00e1 por tr\u00e1s da den\u00fancia de demiss\u00e3o indireta no caso Manaos<\/h2>\n\n\n\n<p>O caso come\u00e7ou com a den\u00fancia de um trabalhador que alegou ter sido levado a uma <a href=\"https:\/\/www.em.com.br\/emfoco\/2026\/04\/27\/um-cafe-virou-motivo-de-demissao-apos-35-anos-de-trabalho-e-sem-um-unico-centavo-de-indenizacao\/\" target=\"_blank\" rel=\"noreferrer noopener\">demiss\u00e3o <\/a>indireta, isto \u00e9, a pedir demiss\u00e3o em raz\u00e3o de condi\u00e7\u00f5es impostas pela empresa consideradas incompat\u00edveis com a continuidade do v\u00ednculo. O hist\u00f3rico do contrato, que remonta a 2013, revelou uma s\u00e9rie de supostas manobras para alterar a categoria profissional e reduzir direitos.<\/p>\n\n\n\n<p>A disputa chegou \u00e0s inst\u00e2ncias mais altas da Justi\u00e7a provincial, expondo pr\u00e1ticas de registro irregular que ainda aparecem em diferentes segmentos da economia. O processo demonstrou como altera\u00e7\u00f5es formais de categoria podem esconder estrat\u00e9gias para diminuir custos trabalhistas e fragilizar garantias legais.<\/p>\n\n\n\n<figure class=\"wp-block-image size-large\"><img loading=\"lazy\" decoding=\"async\" width=\"1024\" height=\"576\" src=\"https:\/\/www.em.com.br\/emfoco\/wp-content\/uploads\/2026\/04\/Gemini_Generated_Image_wxlc3uwxlc3uwxlc-1-1024x576.png\" alt=\"Gigante dos refrigerantes perde batalha hist\u00f3rica na Justi\u00e7a\" class=\"wp-image-200625\" srcset=\"https:\/\/www.em.com.br\/emfoco\/wp-content\/uploads\/2026\/04\/Gemini_Generated_Image_wxlc3uwxlc3uwxlc-1-1024x576.png 1024w, https:\/\/www.em.com.br\/emfoco\/wp-content\/uploads\/2026\/04\/Gemini_Generated_Image_wxlc3uwxlc3uwxlc-1-300x169.png 300w, https:\/\/www.em.com.br\/emfoco\/wp-content\/uploads\/2026\/04\/Gemini_Generated_Image_wxlc3uwxlc3uwxlc-1-768x432.png 768w, https:\/\/www.em.com.br\/emfoco\/wp-content\/uploads\/2026\/04\/Gemini_Generated_Image_wxlc3uwxlc3uwxlc-1-750x422.png 750w, https:\/\/www.em.com.br\/emfoco\/wp-content\/uploads\/2026\/04\/Gemini_Generated_Image_wxlc3uwxlc3uwxlc-1-1140x641.png 1140w, https:\/\/www.em.com.br\/emfoco\/wp-content\/uploads\/2026\/04\/Gemini_Generated_Image_wxlc3uwxlc3uwxlc-1.png 1280w\" sizes=\"auto, (max-width: 1024px) 100vw, 1024px\" \/><figcaption class=\"wp-element-caption\">Gigante dos refrigerantes perde batalha hist\u00f3rica na Justi\u00e7a<\/figcaption><\/figure>\n\n\n\n<h2 class=\"wp-block-heading\">Como a primazia da realidade revelou a fraude trabalhista<\/h2>\n\n\n\n<p>O centro da controv\u00e9rsia foi a mudan\u00e7a de enquadramento do empregado ap\u00f3s um acordo de desvincula\u00e7\u00e3o firmado em 2018 perante o <strong>Seclo <\/strong>(Servi\u00e7o de Concilia\u00e7\u00e3o Trabalhista Obrigat\u00f3ria). Esse instrumento, em vez de encerrar o v\u00ednculo, teria sido usado como artif\u00edcio para reclassificar o trabalhador de Viajante de Com\u00e9rcio (<strong>Lei 14.546<\/strong>) para \u201cPromotor\u201d, dentro do conv\u00eanio de \u00c1guas e Refrigerantes, menos vantajoso.<\/p>\n\n\n\n<p>Aplicando o princ\u00edpio da primazia da realidade, a Suprema Corte de Mendoza concluiu que a rela\u00e7\u00e3o de trabalho nunca foi realmente interrompida. Com base em provas testemunhais e registros de atividade, o tribunal entendeu que a manobra visou reduzir custos, mascarar a antiguidade do empregado e limitar seus direitos indenizat\u00f3rios, declarando a nulidade do arranjo fraudulento.<\/p>\n\n\n\n<h2 class=\"wp-block-heading\">De que forma a Justi\u00e7a calculou a indeniza\u00e7\u00e3o trabalhista milion\u00e1ria<\/h2>\n\n\n\n<p>A indeniza\u00e7\u00e3o trabalhista milion\u00e1ria passou a ser associada ao caso principalmente pelo valor atualizado da condena\u00e7\u00e3o. O montante envolveu o capital (verbas rescis\u00f3rias e diferen\u00e7as trabalhistas) e os juros de mora pelo atraso no pagamento, que inicialmente superavam 1,2 bilh\u00e3o de pesos e criavam forte impacto econ\u00f4mico.<\/p>\n\n\n\n<p>Ao revisar a senten\u00e7a, a Suprema Corte utilizou a faculdade do <strong>artigo 771 do C\u00f3digo Civil e Comercial<\/strong> para moderar as taxas de juros, evitando despropor\u00e7\u00e3o econ\u00f4mica. Considerando que o demandante era empres\u00e1rio do setor supermercadista, fundador da rede \u201cLa Yunta\u201d e com remunera\u00e7\u00e3o bem acima do<a href=\"https:\/\/www.argentina.gob.ar\/trabajo\/seguridadsocial\/ripte\" target=\"_blank\" rel=\"noreferrer noopener\"> \u00edndice Ripte<\/a>, o capital foi fixado em cerca de 223,4 milh\u00f5es e os juros em torno de 584,2 milh\u00f5es, totalizando aproximadamente 807,6 milh\u00f5es de pesos.<\/p>\n\n\n\n<h2 class=\"wp-block-heading\">Por que o recurso da empresa foi rejeitado e quais li\u00e7\u00f5es se destacam<\/h2>\n\n\n\n<p>A empresa Refres Now tentou levar a discuss\u00e3o \u00e0<strong> Corte Suprema de Justi\u00e7a da Na\u00e7\u00e3o<\/strong> por meio de recurso extraordin\u00e1rio federal, alegando arbitrariedade, viola\u00e7\u00e3o ao devido processo, ao direito de propriedade e desequil\u00edbrio na prote\u00e7\u00e3o trabalhista. Tamb\u00e9m questionou a nulidade do acordo no Seclo e pediu juros ainda menores, defendendo tese de excesso indenizat\u00f3rio.<\/p>\n\n\n\n<figure class=\"wp-block-image size-large\"><img loading=\"lazy\" decoding=\"async\" width=\"1024\" height=\"576\" src=\"https:\/\/www.em.com.br\/emfoco\/wp-content\/uploads\/2026\/04\/Gemini_Generated_Image_8sge2h8sge2h8sge-1-1024x576.png\" alt=\"Gigante dos refrigerantes perde batalha hist\u00f3rica na Justi\u00e7a\" class=\"wp-image-200628\" srcset=\"https:\/\/www.em.com.br\/emfoco\/wp-content\/uploads\/2026\/04\/Gemini_Generated_Image_8sge2h8sge2h8sge-1-1024x576.png 1024w, https:\/\/www.em.com.br\/emfoco\/wp-content\/uploads\/2026\/04\/Gemini_Generated_Image_8sge2h8sge2h8sge-1-300x169.png 300w, https:\/\/www.em.com.br\/emfoco\/wp-content\/uploads\/2026\/04\/Gemini_Generated_Image_8sge2h8sge2h8sge-1-768x432.png 768w, https:\/\/www.em.com.br\/emfoco\/wp-content\/uploads\/2026\/04\/Gemini_Generated_Image_8sge2h8sge2h8sge-1-750x422.png 750w, https:\/\/www.em.com.br\/emfoco\/wp-content\/uploads\/2026\/04\/Gemini_Generated_Image_8sge2h8sge2h8sge-1-1140x641.png 1140w, https:\/\/www.em.com.br\/emfoco\/wp-content\/uploads\/2026\/04\/Gemini_Generated_Image_8sge2h8sge2h8sge-1.png 1280w\" sizes=\"auto, (max-width: 1024px) 100vw, 1024px\" \/><figcaption class=\"wp-element-caption\">Gigante dos refrigerantes perde batalha hist\u00f3rica na Justi\u00e7a<\/figcaption><\/figure>\n\n\n\n<p>O tribunal mendocino rejeitou o recurso por aus\u00eancia de quest\u00e3o federal suficiente, entendendo que o caso se baseava em fatos, provas e normas de direito comum, fora do alcance da inst\u00e2ncia m\u00e1xima. A partir desse cen\u00e1rio, algumas li\u00e7\u00f5es pr\u00e1ticas se destacam para empresas, advogados e trabalhadores que atuam em rela\u00e7\u00f5es complexas de venda e promo\u00e7\u00e3o:<\/p>\n\n\n\n<ul class=\"wp-block-list\">\n<li><strong>Validade dos acordos<\/strong>&nbsp;\u2013 documentos de rescis\u00e3o ou recontrata\u00e7\u00e3o podem ser revisados se usados como artif\u00edcio para restringir direitos.<\/li>\n\n\n\n<li><strong>Enquadramento correto<\/strong>&nbsp;\u2013 categoria sindical e profissional impacta sal\u00e1rios, jornada, comiss\u00f5es e benef\u00edcios diretos.<\/li>\n\n\n\n<li><strong>Peso dos juros<\/strong>&nbsp;\u2013 em lit\u00edgios longos, os juros de mora podem superar o capital e alterar totalmente o risco econ\u00f4mico.<\/li>\n\n\n\n<li><strong>Limites da via federal<\/strong>&nbsp;\u2013 sem quest\u00e3o constitucional clara, decis\u00f5es provinciais tendem a ser definitivas, refor\u00e7ando o cuidado desde a primeira inst\u00e2ncia.<\/li>\n<\/ul>\n\n\n\n<h2 class=\"wp-block-heading\">Quais impactos o caso Manaos traz e o que fazer agora<\/h2>\n\n\n\n<p>O epis\u00f3dio envolvendo a fabricante de Manaos refor\u00e7a a postura rigorosa da Justi\u00e7a frente a manobras fraudulentas de registro, especialmente na altera\u00e7\u00e3o de categorias ou simula\u00e7\u00e3o de rupturas contratuais para reduzir encargos. No setor de bebidas, onde a disputa por g\u00f4ndolas depende de equipes externas, a defini\u00e7\u00e3o correta do enquadramento profissional tornou-se ainda mais estrat\u00e9gica e sens\u00edvel.<\/p>\n\n\n\n<p>Com a manuten\u00e7\u00e3o da condena\u00e7\u00e3o e a recusa de pagamento parcelado, o caso entra para o rol das maiores decis\u00f5es trabalhistas de Mendoza, servindo de alerta imediato para quem ainda opera com v\u00ednculos prec\u00e1rios, \u201cPJ\u201d disfar\u00e7ada ou acordos pouco transparentes. Este \u00e9 o momento de revisar contratos, pol\u00edticas de remunera\u00e7\u00e3o vari\u00e1vel e registros de equipe: adie essa an\u00e1lise e o pr\u00f3ximo processo milion\u00e1rio pode ser contra a sua empresa.<\/p>\n","protected":false},"excerpt":{"rendered":"<p>A recente decis\u00e3o da Suprema Corte de Justi\u00e7a de Mendoza reacendeu o debate sobre fraudes trabalhistas e grandes indeniza\u00e7\u00f5es no setor de bebidas na Argentina. O tribunal manteve uma condena\u00e7\u00e3o milion\u00e1ria contra a empresa Refres Now, fabricante dos refrigerantes Manaos, ap\u00f3s identificar irregularidades no registro de um empregado, reconhecendo anos de manobras contratuais e fixando [&hellip;]<\/p>\n","protected":false},"author":11,"featured_media":200932,"comment_status":"open","ping_status":"open","sticky":false,"template":"","format":"standard","meta":{"jnews-multi-image_gallery":[],"jnews_single_post":{"format":"standard"},"jnews_primary_category":[],"jnews_social_meta":[],"jnews_override_counter":[],"footnotes":""},"categories":[28,1],"tags":[28915,22358,1332,1334,28135],"class_list":["post-200600","post","type-post","status-publish","format-standard","has-post-thumbnail","hentry","category-economia","category-noticias","tag-condenacao-milionaria","tag-decisao-da-justica","tag-indenizacao","tag-justica","tag-trabalhista"],"yoast_head":"<!-- This site is optimized with the Yoast SEO plugin v23.8 - https:\/\/yoast.com\/wordpress\/plugins\/seo\/ -->\n<title>Justi\u00e7a confirmou que Manaos deve pagar 800 milh\u00f5es em indeniza\u00e7\u00e3o a um ex-funcion\u00e1rio - Estado de Minas - Em foco<\/title>\n<meta name=\"description\" content=\"Justi\u00e7a argentina manteve condena\u00e7\u00e3o contra empresa da Manaos. Saiba detalhes da fraude trabalhista e valor atualizado do caso.\" \/>\n<meta name=\"robots\" content=\"index, follow, max-snippet:-1, max-image-preview:large, max-video-preview:-1\" \/>\n<link rel=\"canonical\" href=\"https:\/\/www.em.com.br\/emfoco\/2026\/04\/29\/justica-confirmou-que-manaos-deve-pagar-800-milhoes-em-indenizacao-a-um-ex-funcionario\/\" \/>\n<meta property=\"og:locale\" content=\"pt_BR\" \/>\n<meta property=\"og:type\" content=\"article\" \/>\n<meta property=\"og:title\" content=\"Justi\u00e7a confirmou que Manaos deve pagar 800 milh\u00f5es em indeniza\u00e7\u00e3o a um ex-funcion\u00e1rio - Estado de Minas - Em foco\" \/>\n<meta property=\"og:description\" content=\"Justi\u00e7a argentina manteve condena\u00e7\u00e3o contra empresa da Manaos. Saiba detalhes da fraude trabalhista e valor atualizado do caso.\" \/>\n<meta property=\"og:url\" content=\"https:\/\/www.em.com.br\/emfoco\/2026\/04\/29\/justica-confirmou-que-manaos-deve-pagar-800-milhoes-em-indenizacao-a-um-ex-funcionario\/\" \/>\n<meta property=\"og:site_name\" content=\"Estado de Minas - Em foco\" \/>\n<meta property=\"article:published_time\" content=\"2026-04-29T16:45:00+00:00\" \/>\n<meta property=\"article:modified_time\" content=\"2026-04-28T16:52:17+00:00\" \/>\n<meta property=\"og:image\" content=\"https:\/\/www.em.com.br\/emfoco\/wp-content\/uploads\/2026\/04\/EmFoco_46-7.jpg\" \/>\n\t<meta property=\"og:image:width\" content=\"1280\" \/>\n\t<meta property=\"og:image:height\" content=\"720\" \/>\n\t<meta property=\"og:image:type\" content=\"image\/jpeg\" \/>\n<meta name=\"author\" content=\"Andre\u0301 Rangel\u00a0\" \/>\n<meta name=\"twitter:card\" content=\"summary_large_image\" \/>\n<meta name=\"twitter:label1\" content=\"Escrito por\" \/>\n\t<meta name=\"twitter:data1\" content=\"Andre\u0301 Rangel\u00a0\" \/>\n\t<meta name=\"twitter:label2\" content=\"Est. tempo de leitura\" \/>\n\t<meta name=\"twitter:data2\" content=\"5 minutos\" \/>\n<!-- \/ Yoast SEO plugin. -->","yoast_head_json":{"title":"Justi\u00e7a confirmou que Manaos deve pagar 800 milh\u00f5es em indeniza\u00e7\u00e3o a um ex-funcion\u00e1rio - Estado de Minas - Em foco","description":"Justi\u00e7a argentina manteve condena\u00e7\u00e3o contra empresa da Manaos. Saiba detalhes da fraude trabalhista e valor atualizado do caso.","robots":{"index":"index","follow":"follow","max-snippet":"max-snippet:-1","max-image-preview":"max-image-preview:large","max-video-preview":"max-video-preview:-1"},"canonical":"https:\/\/www.em.com.br\/emfoco\/2026\/04\/29\/justica-confirmou-que-manaos-deve-pagar-800-milhoes-em-indenizacao-a-um-ex-funcionario\/","og_locale":"pt_BR","og_type":"article","og_title":"Justi\u00e7a confirmou que Manaos deve pagar 800 milh\u00f5es em indeniza\u00e7\u00e3o a um ex-funcion\u00e1rio - Estado de Minas - Em foco","og_description":"Justi\u00e7a argentina manteve condena\u00e7\u00e3o contra empresa da Manaos. Saiba detalhes da fraude trabalhista e valor atualizado do caso.","og_url":"https:\/\/www.em.com.br\/emfoco\/2026\/04\/29\/justica-confirmou-que-manaos-deve-pagar-800-milhoes-em-indenizacao-a-um-ex-funcionario\/","og_site_name":"Estado de Minas - Em foco","article_published_time":"2026-04-29T16:45:00+00:00","article_modified_time":"2026-04-28T16:52:17+00:00","og_image":[{"width":1280,"height":720,"url":"https:\/\/www.em.com.br\/emfoco\/wp-content\/uploads\/2026\/04\/EmFoco_46-7.jpg","type":"image\/jpeg"}],"author":"Andre\u0301 Rangel\u00a0","twitter_card":"summary_large_image","twitter_misc":{"Escrito por":"Andre\u0301 Rangel\u00a0","Est. tempo de leitura":"5 minutos"},"schema":{"@context":"https:\/\/schema.org","@graph":[{"@type":"WebPage","@id":"https:\/\/www.em.com.br\/emfoco\/2026\/04\/29\/justica-confirmou-que-manaos-deve-pagar-800-milhoes-em-indenizacao-a-um-ex-funcionario\/","url":"https:\/\/www.em.com.br\/emfoco\/2026\/04\/29\/justica-confirmou-que-manaos-deve-pagar-800-milhoes-em-indenizacao-a-um-ex-funcionario\/","name":"Justi\u00e7a confirmou que Manaos deve pagar 800 milh\u00f5es em indeniza\u00e7\u00e3o a um ex-funcion\u00e1rio - Estado de Minas - Em foco","isPartOf":{"@id":"https:\/\/www.em.com.br\/emfoco\/#website"},"primaryImageOfPage":{"@id":"https:\/\/www.em.com.br\/emfoco\/2026\/04\/29\/justica-confirmou-que-manaos-deve-pagar-800-milhoes-em-indenizacao-a-um-ex-funcionario\/#primaryimage"},"image":{"@id":"https:\/\/www.em.com.br\/emfoco\/2026\/04\/29\/justica-confirmou-que-manaos-deve-pagar-800-milhoes-em-indenizacao-a-um-ex-funcionario\/#primaryimage"},"thumbnailUrl":"https:\/\/www.em.com.br\/emfoco\/wp-content\/uploads\/2026\/04\/EmFoco_46-7.jpg","datePublished":"2026-04-29T16:45:00+00:00","dateModified":"2026-04-28T16:52:17+00:00","author":{"@id":"https:\/\/www.em.com.br\/emfoco\/#\/schema\/person\/60eda09c1fedf0d6891f4cef4b60b8b8"},"description":"Justi\u00e7a argentina manteve condena\u00e7\u00e3o contra empresa da Manaos. Saiba detalhes da fraude trabalhista e valor atualizado do caso.","breadcrumb":{"@id":"https:\/\/www.em.com.br\/emfoco\/2026\/04\/29\/justica-confirmou-que-manaos-deve-pagar-800-milhoes-em-indenizacao-a-um-ex-funcionario\/#breadcrumb"},"inLanguage":"pt-BR","potentialAction":[{"@type":"ReadAction","target":["https:\/\/www.em.com.br\/emfoco\/2026\/04\/29\/justica-confirmou-que-manaos-deve-pagar-800-milhoes-em-indenizacao-a-um-ex-funcionario\/"]}]},{"@type":"ImageObject","inLanguage":"pt-BR","@id":"https:\/\/www.em.com.br\/emfoco\/2026\/04\/29\/justica-confirmou-que-manaos-deve-pagar-800-milhoes-em-indenizacao-a-um-ex-funcionario\/#primaryimage","url":"https:\/\/www.em.com.br\/emfoco\/wp-content\/uploads\/2026\/04\/EmFoco_46-7.jpg","contentUrl":"https:\/\/www.em.com.br\/emfoco\/wp-content\/uploads\/2026\/04\/EmFoco_46-7.jpg","width":1280,"height":720,"caption":"Decis\u00e3o judicial argentina contra fraude em registro que aplicou o princ\u00edpio da realidade"},{"@type":"BreadcrumbList","@id":"https:\/\/www.em.com.br\/emfoco\/2026\/04\/29\/justica-confirmou-que-manaos-deve-pagar-800-milhoes-em-indenizacao-a-um-ex-funcionario\/#breadcrumb","itemListElement":[{"@type":"ListItem","position":1,"name":"In\u00edcio","item":"https:\/\/www.em.com.br\/emfoco\/"},{"@type":"ListItem","position":2,"name":"Justi\u00e7a confirmou que Manaos deve pagar 800 milh\u00f5es em indeniza\u00e7\u00e3o a um ex-funcion\u00e1rio"}]},{"@type":"WebSite","@id":"https:\/\/www.em.com.br\/emfoco\/#website","url":"https:\/\/www.em.com.br\/emfoco\/","name":"Estado de Minas - Em foco","description":"Acompanhe as \u00faltimas not\u00edcias e fique bem informado sobre tudo o que acontece em Minas Gerais, Brasil e no mundo.","potentialAction":[{"@type":"SearchAction","target":{"@type":"EntryPoint","urlTemplate":"https:\/\/www.em.com.br\/emfoco\/?s={search_term_string}"},"query-input":{"@type":"PropertyValueSpecification","valueRequired":true,"valueName":"search_term_string"}}],"inLanguage":"pt-BR"},{"@type":"Person","@id":"https:\/\/www.em.com.br\/emfoco\/#\/schema\/person\/60eda09c1fedf0d6891f4cef4b60b8b8","name":"Andre\u0301 Rangel\u00a0","image":{"@type":"ImageObject","inLanguage":"pt-BR","@id":"https:\/\/www.em.com.br\/emfoco\/#\/schema\/person\/image\/","url":"https:\/\/secure.gravatar.com\/avatar\/6234dc814c77c8ef6d8bba622c787efc?s=96&d=mm&r=g","contentUrl":"https:\/\/secure.gravatar.com\/avatar\/6234dc814c77c8ef6d8bba622c787efc?s=96&d=mm&r=g","caption":"Andre\u0301 Rangel\u00a0"},"url":"https:\/\/www.em.com.br\/emfoco\/author\/luizmyth\/"}]}},"_links":{"self":[{"href":"https:\/\/www.em.com.br\/emfoco\/wp-json\/wp\/v2\/posts\/200600","targetHints":{"allow":["GET"]}}],"collection":[{"href":"https:\/\/www.em.com.br\/emfoco\/wp-json\/wp\/v2\/posts"}],"about":[{"href":"https:\/\/www.em.com.br\/emfoco\/wp-json\/wp\/v2\/types\/post"}],"author":[{"embeddable":true,"href":"https:\/\/www.em.com.br\/emfoco\/wp-json\/wp\/v2\/users\/11"}],"replies":[{"embeddable":true,"href":"https:\/\/www.em.com.br\/emfoco\/wp-json\/wp\/v2\/comments?post=200600"}],"version-history":[{"count":3,"href":"https:\/\/www.em.com.br\/emfoco\/wp-json\/wp\/v2\/posts\/200600\/revisions"}],"predecessor-version":[{"id":200873,"href":"https:\/\/www.em.com.br\/emfoco\/wp-json\/wp\/v2\/posts\/200600\/revisions\/200873"}],"wp:featuredmedia":[{"embeddable":true,"href":"https:\/\/www.em.com.br\/emfoco\/wp-json\/wp\/v2\/media\/200932"}],"wp:attachment":[{"href":"https:\/\/www.em.com.br\/emfoco\/wp-json\/wp\/v2\/media?parent=200600"}],"wp:term":[{"taxonomy":"category","embeddable":true,"href":"https:\/\/www.em.com.br\/emfoco\/wp-json\/wp\/v2\/categories?post=200600"},{"taxonomy":"post_tag","embeddable":true,"href":"https:\/\/www.em.com.br\/emfoco\/wp-json\/wp\/v2\/tags?post=200600"}],"curies":[{"name":"wp","href":"https:\/\/api.w.org\/{rel}","templated":true}]}}