{"id":200597,"date":"2026-04-29T10:05:00","date_gmt":"2026-04-29T13:05:00","guid":{"rendered":"https:\/\/www.em.com.br\/emfoco\/?p=200597"},"modified":"2026-04-28T13:45:53","modified_gmt":"2026-04-28T16:45:53","slug":"marca-famosa-de-carro-anuncia-saida-do-pais-com-fechamento-de-fabrica-historica-apos-7-anos","status":"publish","type":"post","link":"https:\/\/www.em.com.br\/emfoco\/2026\/04\/29\/marca-famosa-de-carro-anuncia-saida-do-pais-com-fechamento-de-fabrica-historica-apos-7-anos\/","title":{"rendered":"Marca famosa de carro anuncia sa\u00edda do pa\u00eds com fechamento de f\u00e1brica hist\u00f3rica ap\u00f3s 7 anos"},"content":{"rendered":"\n<p>A reorganiza\u00e7\u00e3o da <strong>Nissan <\/strong>na <strong>Am\u00e9rica Latina<\/strong> ganhou um novo cap\u00edtulo com a negocia\u00e7\u00e3o para adotar um modelo de distribuidor independente na <strong>Argentina<\/strong>, ap\u00f3s o fim da produ\u00e7\u00e3o da<strong> picape Frontier <\/strong>em <strong>C\u00f3rdoba<\/strong>. A montadora japonesa avalia transferir sua opera\u00e7\u00e3o comercial para dois grupos locais, em linha com um redesenho global que reduz estruturas industriais pr\u00f3prias e prioriza a importa\u00e7\u00e3o de ve\u00edculos em mercados com menor escala.<\/p>\n\n\n\n<h2 class=\"wp-block-heading\">Nissan negocia sa\u00edda operacional direta na Argentina<\/h2>\n\n\n\n<p>A empresa confirmou que estuda entregar a gest\u00e3o comercial da marca no pa\u00eds ao&nbsp;<strong>Grupo SIMPA<\/strong>&nbsp;e ao&nbsp;<strong>Grupo Tagle<\/strong>, ambos j\u00e1 presentes no setor automotivo argentino.<\/p>\n\n\n\n<p>Pelo modelo em estudo, a subsidi\u00e1ria deixaria de ter presen\u00e7a operacional direta, passando a atuar por meio de&nbsp;<strong>importa\u00e7\u00e3o e distribui\u00e7\u00e3o<\/strong>. A marca permaneceria no pa\u00eds com rede de concession\u00e1rias, p\u00f3s-venda e atendimento ao consumidor geridos por um parceiro local, formato j\u00e1 adotado em outros mercados latino-americanos.<\/p>\n\n\n\n<figure class=\"wp-block-image size-large\"><img loading=\"lazy\" decoding=\"async\" width=\"1024\" height=\"576\" src=\"https:\/\/www.em.com.br\/emfoco\/wp-content\/uploads\/2026\/04\/Gemini_Generated_Image_9dd34n9dd34n9dd3-1-1024x576.png\" alt=\"Gigante japonesa prepara virada hist\u00f3rica na Argentina\" class=\"wp-image-200629\" srcset=\"https:\/\/www.em.com.br\/emfoco\/wp-content\/uploads\/2026\/04\/Gemini_Generated_Image_9dd34n9dd34n9dd3-1-1024x576.png 1024w, https:\/\/www.em.com.br\/emfoco\/wp-content\/uploads\/2026\/04\/Gemini_Generated_Image_9dd34n9dd34n9dd3-1-300x169.png 300w, https:\/\/www.em.com.br\/emfoco\/wp-content\/uploads\/2026\/04\/Gemini_Generated_Image_9dd34n9dd34n9dd3-1-768x432.png 768w, https:\/\/www.em.com.br\/emfoco\/wp-content\/uploads\/2026\/04\/Gemini_Generated_Image_9dd34n9dd34n9dd3-1-750x422.png 750w, https:\/\/www.em.com.br\/emfoco\/wp-content\/uploads\/2026\/04\/Gemini_Generated_Image_9dd34n9dd34n9dd3-1-1140x641.png 1140w, https:\/\/www.em.com.br\/emfoco\/wp-content\/uploads\/2026\/04\/Gemini_Generated_Image_9dd34n9dd34n9dd3-1.png 1280w\" sizes=\"auto, (max-width: 1024px) 100vw, 1024px\" \/><figcaption class=\"wp-element-caption\">Gigante japonesa prepara virada hist\u00f3rica na Argentina<\/figcaption><\/figure>\n\n\n\n<h2 class=\"wp-block-heading\">Impactos do fim da produ\u00e7\u00e3o da Frontier em C\u00f3rdoba<\/h2>\n\n\n\n<p>A discuss\u00e3o sobre a poss\u00edvel\u00a0<strong>sa\u00edda produtiva e comercial da <a href=\"https:\/\/www.nissan.com.br\/\" target=\"_blank\" rel=\"noreferrer noopener\">Nissan <\/a>na Argentina<\/strong>\u00a0ganhou for\u00e7a ap\u00f3s o encerramento da fabrica\u00e7\u00e3o da Frontier em Santa Isabel, C\u00f3rdoba. Em outubro de 2025, a \u00faltima unidade da picape deixou a linha de montagem, encerrando sete anos de produ\u00e7\u00e3o nacional e marcando uma virada no papel da marca no pa\u00eds.<\/p>\n\n\n\n<p>Com o fim da fabrica\u00e7\u00e3o, o mercado argentino passou a ser abastecido com&nbsp;<em>picapes importadas<\/em>, alterando o perfil da presen\u00e7a local da Nissan. A unidade de Santa Isabel permaneceu com a Renault, enquanto a marca japonesa concentrou sua atua\u00e7\u00e3o em atividades comerciais e avaliou novas formas de gest\u00e3o.<\/p>\n\n\n\n<ul class=\"wp-block-list\">\n<li><strong>Antes:<\/strong>&nbsp;produ\u00e7\u00e3o local da Frontier em C\u00f3rdoba, com estrutura industrial pr\u00f3pria;<\/li>\n\n\n\n<li><strong>Depois do encerramento:<\/strong>&nbsp;foco em ve\u00edculos importados e opera\u00e7\u00e3o essencialmente comercial;<\/li>\n\n\n\n<li><strong>Cen\u00e1rio em estudo:<\/strong>&nbsp;migra\u00e7\u00e3o para modelo de distribuidor independente, com SIMPA e Tagle.<\/li>\n<\/ul>\n\n\n\n<h2 class=\"wp-block-heading\">Como o plano Re:Nissan redefine a estrat\u00e9gia na Argentina<\/h2>\n\n\n\n<p>A poss\u00edvel&nbsp;<strong>sa\u00edda operacional da Nissan na Argentina<\/strong>&nbsp;est\u00e1 ligada ao programa global de reestrutura\u00e7\u00e3o&nbsp;<strong>Re:Nissan<\/strong>. O plano busca elevar competitividade, revisar o portf\u00f3lio, acelerar a eletrifica\u00e7\u00e3o e ajustar o tipo de presen\u00e7a em cada regi\u00e3o, priorizando opera\u00e7\u00f5es mais enxutas e flex\u00edveis.<\/p>\n\n\n\n<p>Na Am\u00e9rica Latina, essa estrat\u00e9gia j\u00e1 foi aplicada em mercados como Chile e Peru, onde a distribui\u00e7\u00e3o passou \u00e0 Astara a partir de 2026. A Argentina surge como candidata a seguir o mesmo padr\u00e3o, integrando um bloco de pa\u00edses coordenados por uma unidade de neg\u00f3cios focada em mercados importadores.<\/p>\n\n\n\n<ol class=\"wp-block-list\">\n<li><strong>Revis\u00e3o de estruturas:<\/strong>&nbsp;an\u00e1lise de f\u00e1bricas e escrit\u00f3rios pr\u00f3prios;<\/li>\n\n\n\n<li><strong>Foco em efici\u00eancia:<\/strong>&nbsp;redu\u00e7\u00e3o de custos fixos e simplifica\u00e7\u00e3o regional;<\/li>\n\n\n\n<li><strong>Modelo importador:<\/strong>&nbsp;uso de distribuidores para preservar a presen\u00e7a da marca;<\/li>\n\n\n\n<li><strong>Amplia\u00e7\u00e3o tecnol\u00f3gica:<\/strong>&nbsp;espa\u00e7o para introdu\u00e7\u00e3o de novas plataformas e eletrifica\u00e7\u00e3o.<\/li>\n<\/ol>\n\n\n\n<figure class=\"wp-block-image size-large\"><img loading=\"lazy\" decoding=\"async\" width=\"1024\" height=\"576\" src=\"https:\/\/www.em.com.br\/emfoco\/wp-content\/uploads\/2026\/04\/Gemini_Generated_Image_hicb9rhicb9rhicb-1-1024x576.png\" alt=\"Gigante japonesa prepara virada hist\u00f3rica na Argentina\" class=\"wp-image-200631\" srcset=\"https:\/\/www.em.com.br\/emfoco\/wp-content\/uploads\/2026\/04\/Gemini_Generated_Image_hicb9rhicb9rhicb-1-1024x576.png 1024w, https:\/\/www.em.com.br\/emfoco\/wp-content\/uploads\/2026\/04\/Gemini_Generated_Image_hicb9rhicb9rhicb-1-300x169.png 300w, https:\/\/www.em.com.br\/emfoco\/wp-content\/uploads\/2026\/04\/Gemini_Generated_Image_hicb9rhicb9rhicb-1-768x432.png 768w, https:\/\/www.em.com.br\/emfoco\/wp-content\/uploads\/2026\/04\/Gemini_Generated_Image_hicb9rhicb9rhicb-1-750x422.png 750w, https:\/\/www.em.com.br\/emfoco\/wp-content\/uploads\/2026\/04\/Gemini_Generated_Image_hicb9rhicb9rhicb-1-1140x641.png 1140w, https:\/\/www.em.com.br\/emfoco\/wp-content\/uploads\/2026\/04\/Gemini_Generated_Image_hicb9rhicb9rhicb-1.png 1280w\" sizes=\"auto, (max-width: 1024px) 100vw, 1024px\" \/><figcaption class=\"wp-element-caption\">Gigante japonesa prepara virada hist\u00f3rica na Argentina<\/figcaption><\/figure>\n\n\n\n<h2 class=\"wp-block-heading\">Qual ser\u00e1 o papel dos grupos SIMPA e Tagle na nova fase<\/h2>\n\n\n\n<p>Os grupos empresariais envolvidos na negocia\u00e7\u00e3o t\u00eam hist\u00f3rico consolidado no varejo automotivo argentino. O\u00a0<strong>Grupo SIMPA<\/strong>\u00a0atua com diferentes marcas de <a href=\"https:\/\/www.em.com.br\/emfoco\/2026\/04\/24\/novo-projeto-planeja-proibir-a-circulacao-de-apenas-uma-pessoa-por-carro-o-futuro-dos-veiculos-sera-compartilhado-ou-nao-havera-futuro\/\" target=\"_blank\" rel=\"noreferrer noopener\">ve\u00edculos<\/a> e equipamentos, com experi\u00eancia em importa\u00e7\u00e3o, log\u00edstica e distribui\u00e7\u00e3o, enquanto o\u00a0<strong>Grupo Tagle<\/strong>\u00a0se destaca na opera\u00e7\u00e3o de concession\u00e1rias em diversas regi\u00f5es.<\/p>\n\n\n\n<p>Caso a transi\u00e7\u00e3o da&nbsp;<strong>Nissan na Argentina<\/strong>&nbsp;avance, a expectativa \u00e9 que SIMPA e Tagle assumam em conjunto a representa\u00e7\u00e3o da marca, mantendo venda de modelos importados, rede de concession\u00e1rias, servi\u00e7os de p\u00f3s-venda, pe\u00e7as originais e garantias. A Nissan afirma que, durante o processo, n\u00e3o est\u00e3o previstas interrup\u00e7\u00f5es no atendimento nem mudan\u00e7as imediatas para quem j\u00e1 possui um ve\u00edculo da marca.<\/p>\n\n\n\n<h2 class=\"wp-block-heading\">O que esperar do futuro da Nissan na Argentina<\/h2>\n\n\n\n<p>A transi\u00e7\u00e3o para um modelo de distribuidor independente indicaria uma mudan\u00e7a estrutural profunda, mas n\u00e3o o desaparecimento da marca no pa\u00eds. Consumidores e concession\u00e1rios devem se preparar para uma Nissan mais leve em estruturas pr\u00f3prias, por\u00e9m potencialmente mais \u00e1gil na oferta de produtos globais e novas tecnologias.<\/p>\n\n\n\n<p>Se voc\u00ea \u00e9 cliente, concession\u00e1rio ou atua no setor automotivo, este \u00e9 o momento de acompanhar cada passo das negocia\u00e7\u00f5es e se antecipar \u00e0s mudan\u00e7as. Fique atento \u00e0s pr\u00f3ximas comunica\u00e7\u00f5es oficiais da Nissan e dos grupos SIMPA e Tagle para adaptar decis\u00f5es de compra, investimento e servi\u00e7o enquanto o novo desenho do mercado ainda est\u00e1 sendo definido.<\/p>\n\n\n\n<p><\/p>\n","protected":false},"excerpt":{"rendered":"<p>A reorganiza\u00e7\u00e3o da Nissan na Am\u00e9rica Latina ganhou um novo cap\u00edtulo com a negocia\u00e7\u00e3o para adotar um modelo de distribuidor independente na Argentina, ap\u00f3s o fim da produ\u00e7\u00e3o da picape Frontier em C\u00f3rdoba. A montadora japonesa avalia transferir sua opera\u00e7\u00e3o comercial para dois grupos locais, em linha com um redesenho global que reduz estruturas industriais [&hellip;]<\/p>\n","protected":false},"author":11,"featured_media":200916,"comment_status":"open","ping_status":"open","sticky":false,"template":"","format":"standard","meta":{"jnews-multi-image_gallery":[],"jnews_single_post":{"format":"standard"},"jnews_primary_category":[],"jnews_social_meta":[],"jnews_override_counter":[],"footnotes":""},"categories":[28,1],"tags":[3215,1116,28914,2346,8003],"class_list":["post-200597","post","type-post","status-publish","format-standard","has-post-thumbnail","hentry","category-economia","category-noticias","tag-argentina","tag-carros","tag-frontier","tag-nissan","tag-picape"],"yoast_head":"<!-- This site is optimized with the Yoast SEO plugin v23.8 - https:\/\/yoast.com\/wordpress\/plugins\/seo\/ -->\n<title>Marca famosa de carro anuncia sa\u00edda do pa\u00eds com fechamento de f\u00e1brica hist\u00f3rica ap\u00f3s 7 anos - Estado de Minas - Em foco<\/title>\n<meta name=\"description\" content=\"Montadora japonesa estuda distribuidor independente na Argentina. Entenda impactos da sa\u00edda produtiva e nova estrat\u00e9gia regional.\" \/>\n<meta name=\"robots\" content=\"index, follow, max-snippet:-1, max-image-preview:large, max-video-preview:-1\" \/>\n<link rel=\"canonical\" href=\"https:\/\/www.em.com.br\/emfoco\/2026\/04\/29\/marca-famosa-de-carro-anuncia-saida-do-pais-com-fechamento-de-fabrica-historica-apos-7-anos\/\" \/>\n<meta property=\"og:locale\" content=\"pt_BR\" \/>\n<meta property=\"og:type\" content=\"article\" \/>\n<meta property=\"og:title\" content=\"Marca famosa de carro anuncia sa\u00edda do pa\u00eds com fechamento de f\u00e1brica hist\u00f3rica ap\u00f3s 7 anos - Estado de Minas - Em foco\" \/>\n<meta property=\"og:description\" content=\"Montadora japonesa estuda distribuidor independente na Argentina. Entenda impactos da sa\u00edda produtiva e nova estrat\u00e9gia regional.\" \/>\n<meta property=\"og:url\" content=\"https:\/\/www.em.com.br\/emfoco\/2026\/04\/29\/marca-famosa-de-carro-anuncia-saida-do-pais-com-fechamento-de-fabrica-historica-apos-7-anos\/\" \/>\n<meta property=\"og:site_name\" content=\"Estado de Minas - Em foco\" \/>\n<meta property=\"article:published_time\" content=\"2026-04-29T13:05:00+00:00\" \/>\n<meta property=\"article:modified_time\" content=\"2026-04-28T16:45:53+00:00\" \/>\n<meta property=\"og:image\" content=\"https:\/\/www.em.com.br\/emfoco\/wp-content\/uploads\/2026\/04\/EmFoco_40-7.jpg\" \/>\n\t<meta property=\"og:image:width\" content=\"1280\" \/>\n\t<meta property=\"og:image:height\" content=\"720\" \/>\n\t<meta property=\"og:image:type\" content=\"image\/jpeg\" \/>\n<meta name=\"author\" content=\"Andre\u0301 Rangel\u00a0\" \/>\n<meta name=\"twitter:card\" content=\"summary_large_image\" \/>\n<meta name=\"twitter:label1\" content=\"Escrito por\" \/>\n\t<meta name=\"twitter:data1\" content=\"Andre\u0301 Rangel\u00a0\" \/>\n\t<meta name=\"twitter:label2\" content=\"Est. tempo de leitura\" \/>\n\t<meta name=\"twitter:data2\" content=\"5 minutos\" \/>\n<!-- \/ Yoast SEO plugin. -->","yoast_head_json":{"title":"Marca famosa de carro anuncia sa\u00edda do pa\u00eds com fechamento de f\u00e1brica hist\u00f3rica ap\u00f3s 7 anos - Estado de Minas - Em foco","description":"Montadora japonesa estuda distribuidor independente na Argentina. Entenda impactos da sa\u00edda produtiva e nova estrat\u00e9gia regional.","robots":{"index":"index","follow":"follow","max-snippet":"max-snippet:-1","max-image-preview":"max-image-preview:large","max-video-preview":"max-video-preview:-1"},"canonical":"https:\/\/www.em.com.br\/emfoco\/2026\/04\/29\/marca-famosa-de-carro-anuncia-saida-do-pais-com-fechamento-de-fabrica-historica-apos-7-anos\/","og_locale":"pt_BR","og_type":"article","og_title":"Marca famosa de carro anuncia sa\u00edda do pa\u00eds com fechamento de f\u00e1brica hist\u00f3rica ap\u00f3s 7 anos - Estado de Minas - Em foco","og_description":"Montadora japonesa estuda distribuidor independente na Argentina. Entenda impactos da sa\u00edda produtiva e nova estrat\u00e9gia regional.","og_url":"https:\/\/www.em.com.br\/emfoco\/2026\/04\/29\/marca-famosa-de-carro-anuncia-saida-do-pais-com-fechamento-de-fabrica-historica-apos-7-anos\/","og_site_name":"Estado de Minas - Em foco","article_published_time":"2026-04-29T13:05:00+00:00","article_modified_time":"2026-04-28T16:45:53+00:00","og_image":[{"width":1280,"height":720,"url":"https:\/\/www.em.com.br\/emfoco\/wp-content\/uploads\/2026\/04\/EmFoco_40-7.jpg","type":"image\/jpeg"}],"author":"Andre\u0301 Rangel\u00a0","twitter_card":"summary_large_image","twitter_misc":{"Escrito por":"Andre\u0301 Rangel\u00a0","Est. tempo de leitura":"5 minutos"},"schema":{"@context":"https:\/\/schema.org","@graph":[{"@type":"WebPage","@id":"https:\/\/www.em.com.br\/emfoco\/2026\/04\/29\/marca-famosa-de-carro-anuncia-saida-do-pais-com-fechamento-de-fabrica-historica-apos-7-anos\/","url":"https:\/\/www.em.com.br\/emfoco\/2026\/04\/29\/marca-famosa-de-carro-anuncia-saida-do-pais-com-fechamento-de-fabrica-historica-apos-7-anos\/","name":"Marca famosa de carro anuncia sa\u00edda do pa\u00eds com fechamento de f\u00e1brica hist\u00f3rica ap\u00f3s 7 anos - Estado de Minas - Em foco","isPartOf":{"@id":"https:\/\/www.em.com.br\/emfoco\/#website"},"primaryImageOfPage":{"@id":"https:\/\/www.em.com.br\/emfoco\/2026\/04\/29\/marca-famosa-de-carro-anuncia-saida-do-pais-com-fechamento-de-fabrica-historica-apos-7-anos\/#primaryimage"},"image":{"@id":"https:\/\/www.em.com.br\/emfoco\/2026\/04\/29\/marca-famosa-de-carro-anuncia-saida-do-pais-com-fechamento-de-fabrica-historica-apos-7-anos\/#primaryimage"},"thumbnailUrl":"https:\/\/www.em.com.br\/emfoco\/wp-content\/uploads\/2026\/04\/EmFoco_40-7.jpg","datePublished":"2026-04-29T13:05:00+00:00","dateModified":"2026-04-28T16:45:53+00:00","author":{"@id":"https:\/\/www.em.com.br\/emfoco\/#\/schema\/person\/60eda09c1fedf0d6891f4cef4b60b8b8"},"description":"Montadora japonesa estuda distribuidor independente na Argentina. Entenda impactos da sa\u00edda produtiva e nova estrat\u00e9gia regional.","breadcrumb":{"@id":"https:\/\/www.em.com.br\/emfoco\/2026\/04\/29\/marca-famosa-de-carro-anuncia-saida-do-pais-com-fechamento-de-fabrica-historica-apos-7-anos\/#breadcrumb"},"inLanguage":"pt-BR","potentialAction":[{"@type":"ReadAction","target":["https:\/\/www.em.com.br\/emfoco\/2026\/04\/29\/marca-famosa-de-carro-anuncia-saida-do-pais-com-fechamento-de-fabrica-historica-apos-7-anos\/"]}]},{"@type":"ImageObject","inLanguage":"pt-BR","@id":"https:\/\/www.em.com.br\/emfoco\/2026\/04\/29\/marca-famosa-de-carro-anuncia-saida-do-pais-com-fechamento-de-fabrica-historica-apos-7-anos\/#primaryimage","url":"https:\/\/www.em.com.br\/emfoco\/wp-content\/uploads\/2026\/04\/EmFoco_40-7.jpg","contentUrl":"https:\/\/www.em.com.br\/emfoco\/wp-content\/uploads\/2026\/04\/EmFoco_40-7.jpg","width":1280,"height":720,"caption":"Reestrutura\u00e7\u00e3o estrat\u00e9gica da montadora japonesa focada em modelos de distribui\u00e7\u00e3o independente regional"},{"@type":"BreadcrumbList","@id":"https:\/\/www.em.com.br\/emfoco\/2026\/04\/29\/marca-famosa-de-carro-anuncia-saida-do-pais-com-fechamento-de-fabrica-historica-apos-7-anos\/#breadcrumb","itemListElement":[{"@type":"ListItem","position":1,"name":"In\u00edcio","item":"https:\/\/www.em.com.br\/emfoco\/"},{"@type":"ListItem","position":2,"name":"Marca famosa de carro anuncia sa\u00edda do pa\u00eds com fechamento de f\u00e1brica hist\u00f3rica ap\u00f3s 7 anos"}]},{"@type":"WebSite","@id":"https:\/\/www.em.com.br\/emfoco\/#website","url":"https:\/\/www.em.com.br\/emfoco\/","name":"Estado de Minas - Em foco","description":"Acompanhe as \u00faltimas not\u00edcias e fique bem informado sobre tudo o que acontece em Minas Gerais, Brasil e no mundo.","potentialAction":[{"@type":"SearchAction","target":{"@type":"EntryPoint","urlTemplate":"https:\/\/www.em.com.br\/emfoco\/?s={search_term_string}"},"query-input":{"@type":"PropertyValueSpecification","valueRequired":true,"valueName":"search_term_string"}}],"inLanguage":"pt-BR"},{"@type":"Person","@id":"https:\/\/www.em.com.br\/emfoco\/#\/schema\/person\/60eda09c1fedf0d6891f4cef4b60b8b8","name":"Andre\u0301 Rangel\u00a0","image":{"@type":"ImageObject","inLanguage":"pt-BR","@id":"https:\/\/www.em.com.br\/emfoco\/#\/schema\/person\/image\/","url":"https:\/\/secure.gravatar.com\/avatar\/6234dc814c77c8ef6d8bba622c787efc?s=96&d=mm&r=g","contentUrl":"https:\/\/secure.gravatar.com\/avatar\/6234dc814c77c8ef6d8bba622c787efc?s=96&d=mm&r=g","caption":"Andre\u0301 Rangel\u00a0"},"url":"https:\/\/www.em.com.br\/emfoco\/author\/luizmyth\/"}]}},"_links":{"self":[{"href":"https:\/\/www.em.com.br\/emfoco\/wp-json\/wp\/v2\/posts\/200597","targetHints":{"allow":["GET"]}}],"collection":[{"href":"https:\/\/www.em.com.br\/emfoco\/wp-json\/wp\/v2\/posts"}],"about":[{"href":"https:\/\/www.em.com.br\/emfoco\/wp-json\/wp\/v2\/types\/post"}],"author":[{"embeddable":true,"href":"https:\/\/www.em.com.br\/emfoco\/wp-json\/wp\/v2\/users\/11"}],"replies":[{"embeddable":true,"href":"https:\/\/www.em.com.br\/emfoco\/wp-json\/wp\/v2\/comments?post=200597"}],"version-history":[{"count":4,"href":"https:\/\/www.em.com.br\/emfoco\/wp-json\/wp\/v2\/posts\/200597\/revisions"}],"predecessor-version":[{"id":200871,"href":"https:\/\/www.em.com.br\/emfoco\/wp-json\/wp\/v2\/posts\/200597\/revisions\/200871"}],"wp:featuredmedia":[{"embeddable":true,"href":"https:\/\/www.em.com.br\/emfoco\/wp-json\/wp\/v2\/media\/200916"}],"wp:attachment":[{"href":"https:\/\/www.em.com.br\/emfoco\/wp-json\/wp\/v2\/media?parent=200597"}],"wp:term":[{"taxonomy":"category","embeddable":true,"href":"https:\/\/www.em.com.br\/emfoco\/wp-json\/wp\/v2\/categories?post=200597"},{"taxonomy":"post_tag","embeddable":true,"href":"https:\/\/www.em.com.br\/emfoco\/wp-json\/wp\/v2\/tags?post=200597"}],"curies":[{"name":"wp","href":"https:\/\/api.w.org\/{rel}","templated":true}]}}