{"id":200552,"date":"2026-04-28T11:00:00","date_gmt":"2026-04-28T14:00:00","guid":{"rendered":"https:\/\/www.em.com.br\/emfoco\/?p=200552"},"modified":"2026-04-27T15:26:20","modified_gmt":"2026-04-27T18:26:20","slug":"ja-esta-em-vigor-o-governo-confirma-o-auxilio-para-reformas-de-banheiros-ou-cozinhas","status":"publish","type":"post","link":"https:\/\/www.em.com.br\/emfoco\/2026\/04\/28\/ja-esta-em-vigor-o-governo-confirma-o-auxilio-para-reformas-de-banheiros-ou-cozinhas\/","title":{"rendered":"J\u00e1 est\u00e1 em vigor: o governo confirma o aux\u00edlio para reformas de banheiros ou cozinhas"},"content":{"rendered":"\n<p>O programa<strong> Reforma Casa Brasil<\/strong> entrou para o conjunto das pol\u00edticas habitacionais como op\u00e7\u00e3o moderna e acess\u00edvel para quem precisa reformar banheiro, cozinha e outros c\u00f4modos j\u00e1 constru\u00eddos, facilitando o acesso ao cr\u00e9dito e garantindo mais seguran\u00e7a, conforto e funcionalidade para fam\u00edlias em todo o pa\u00eds.<\/p>\n\n\n\n<h2 class=\"wp-block-heading\">O que \u00e9 a Reforma Casa Brasil e qual sua principal finalidade<\/h2>\n\n\n\n<p>A <strong>Reforma Casa Brasil<\/strong> re\u00fane o prop\u00f3sito da pol\u00edtica p\u00fablica: viabilizar reforma residencial com apoio governamental e financiamento via banco p\u00fablico. Lan\u00e7ada no fim de 2025 e ampliada em abril de 2026, a iniciativa atende moradores de \u00e1reas urbanas de todos os munic\u00edpios brasileiros.<\/p>\n\n\n\n<p>O cr\u00e9dito \u00e9 voltado exclusivamente \u00e0 melhoria de moradias j\u00e1 existentes, com prioridade para im\u00f3veis com desgaste estrutural ou instala\u00e7\u00f5es antigas. N\u00e3o se trata de financiamento para construir novas casas, mas de uma linha que fortalece a moradia digna, com foco em salubridade, seguran\u00e7a e melhor aproveitamento dos espa\u00e7os internos.<\/p>\n\n\n\n<figure class=\"wp-block-image size-large\"><img loading=\"lazy\" decoding=\"async\" width=\"1024\" height=\"576\" src=\"https:\/\/www.em.com.br\/emfoco\/wp-content\/uploads\/2026\/04\/Gemini_Generated_Image_65pq4665pq4665pq-1-1024x576.png\" alt=\"Reforma Casa Brasil libera cr\u00e9dito para banheiro e cozinha\" class=\"wp-image-200559\" srcset=\"https:\/\/www.em.com.br\/emfoco\/wp-content\/uploads\/2026\/04\/Gemini_Generated_Image_65pq4665pq4665pq-1-1024x576.png 1024w, https:\/\/www.em.com.br\/emfoco\/wp-content\/uploads\/2026\/04\/Gemini_Generated_Image_65pq4665pq4665pq-1-300x169.png 300w, https:\/\/www.em.com.br\/emfoco\/wp-content\/uploads\/2026\/04\/Gemini_Generated_Image_65pq4665pq4665pq-1-768x432.png 768w, https:\/\/www.em.com.br\/emfoco\/wp-content\/uploads\/2026\/04\/Gemini_Generated_Image_65pq4665pq4665pq-1-750x422.png 750w, https:\/\/www.em.com.br\/emfoco\/wp-content\/uploads\/2026\/04\/Gemini_Generated_Image_65pq4665pq4665pq-1-1140x641.png 1140w, https:\/\/www.em.com.br\/emfoco\/wp-content\/uploads\/2026\/04\/Gemini_Generated_Image_65pq4665pq4665pq-1.png 1280w\" sizes=\"auto, (max-width: 1024px) 100vw, 1024px\" \/><figcaption class=\"wp-element-caption\">Reforma Casa Brasil libera cr\u00e9dito para banheiro e cozinha<\/figcaption><\/figure>\n\n\n\n<h2 class=\"wp-block-heading\">Quem pode participar do Reforma Casa Brasil e como funcionam as faixas de renda<\/h2>\n\n\n\n<p>Com a atualiza\u00e7\u00e3o de 2026, o Reforma Casa Brasil passou a contemplar novas faixas de renda, incluindo fam\u00edlias de classe m\u00e9dia. As condi\u00e7\u00f5es variam conforme a renda mensal familiar declarada, o que impacta taxas de juros, limites de cr\u00e9dito e an\u00e1lise de capacidade de pagamento pela <strong>CAIXA<\/strong>.<\/p>\n\n\n\n<p>Essas faixas de renda permitem que o\u00a0<em>cr\u00e9dito para reforma de banheiro e cozinha<\/em>\u00a0alcance diferentes perfis familiares, com empr\u00e9stimos em torno de <strong>R$ 30.000<\/strong> e pagamento em at\u00e9 60 meses. O enquadramento considera renda bruta, comprometimento m\u00e1ximo permitido e o hist\u00f3rico financeiro do solicitante.<\/p>\n\n\n\n<h2 class=\"wp-block-heading\">Como funciona na pr\u00e1tica o cr\u00e9dito para reforma de banheiro e cozinha<\/h2>\n\n\n\n<p>O financiamento dentro do Reforma Casa Brasil \u00e9 estruturado como um empr\u00e9stimo espec\u00edfico para reforma residencial, permitindo tanto pequenos reparos quanto reformas mais completas em um ou mais c\u00f4modos. O banco define limite de cr\u00e9dito, prazo e juros de acordo com a faixa de renda e o perfil de risco de cada fam\u00edlia.<\/p>\n\n\n\n<p>O im\u00f3vel precisa estar em \u00e1rea urbana regularizada e fora de \u00e1reas de risco, como locais sujeitos a enchentes ou deslizamentos frequentes. Em alguns casos, a CAIXA pode exigir laudos, fotos ou comprovantes que demonstrem a necessidade da obra, garantindo que o recurso seja usado diretamente na melhoria do im\u00f3vel.<\/p>\n\n\n\n<figure class=\"wp-block-image size-large\"><img loading=\"lazy\" decoding=\"async\" width=\"1024\" height=\"576\" src=\"https:\/\/www.em.com.br\/emfoco\/wp-content\/uploads\/2026\/04\/Gemini_Generated_Image_558w1c558w1c558w-1-1024x576.png\" alt=\"Reforma Casa Brasil libera cr\u00e9dito para banheiro e cozinha\" class=\"wp-image-200585\" srcset=\"https:\/\/www.em.com.br\/emfoco\/wp-content\/uploads\/2026\/04\/Gemini_Generated_Image_558w1c558w1c558w-1-1024x576.png 1024w, https:\/\/www.em.com.br\/emfoco\/wp-content\/uploads\/2026\/04\/Gemini_Generated_Image_558w1c558w1c558w-1-300x169.png 300w, https:\/\/www.em.com.br\/emfoco\/wp-content\/uploads\/2026\/04\/Gemini_Generated_Image_558w1c558w1c558w-1-768x432.png 768w, https:\/\/www.em.com.br\/emfoco\/wp-content\/uploads\/2026\/04\/Gemini_Generated_Image_558w1c558w1c558w-1-750x422.png 750w, https:\/\/www.em.com.br\/emfoco\/wp-content\/uploads\/2026\/04\/Gemini_Generated_Image_558w1c558w1c558w-1-1140x641.png 1140w, https:\/\/www.em.com.br\/emfoco\/wp-content\/uploads\/2026\/04\/Gemini_Generated_Image_558w1c558w1c558w-1.png 1280w\" sizes=\"auto, (max-width: 1024px) 100vw, 1024px\" \/><figcaption class=\"wp-element-caption\">Reforma Casa Brasil libera cr\u00e9dito para banheiro e cozinha<\/figcaption><\/figure>\n\n\n\n<h2 class=\"wp-block-heading\">Como solicitar a Reforma Casa Brasil pela CAIXA, passo a passo<\/h2>\n\n\n\n<p>O processo de solicita\u00e7\u00e3o foi simplificado e pode ser feito por canais digitais ou presencialmente nas ag\u00eancias, sempre recomendando que a fam\u00edlia tenha antes uma estimativa de custos da obra. Dessa forma, a simula\u00e7\u00e3o do valor do financiamento fica mais precisa, evitando parcelas acima do or\u00e7amento.<\/p>\n\n\n\n<p>Depois de entender o valor aproximado necess\u00e1rio, o interessado segue algumas etapas b\u00e1sicas para pedir o cr\u00e9dito e acompanhar a libera\u00e7\u00e3o dos recursos para materiais e m\u00e3o de obra:<\/p>\n\n\n\n<ul class=\"wp-block-list\">\n<li><strong>Acesso aos aplicativos<\/strong>: entrar no App CAIXA ou App CAIXA Tem, conforme a conta utilizada.<\/li>\n\n\n\n<li><strong>Simula\u00e7\u00e3o de cr\u00e9dito<\/strong>: realizar simula\u00e7\u00e3o de valor, prazo e parcelas, de acordo com a renda e a faixa do programa.<\/li>\n\n\n\n<li><strong>An\u00e1lise de cr\u00e9dito<\/strong>: envio do pedido para an\u00e1lise cadastral, de renda e da situa\u00e7\u00e3o do im\u00f3vel.<\/li>\n\n\n\n<li><strong>Envio de documentos<\/strong>: apresenta\u00e7\u00e3o de documentos pessoais, comprovantes e, se necess\u00e1rio, fotos do c\u00f4modo a ser reformado.<\/li>\n\n\n\n<li><strong>Libera\u00e7\u00e3o do cr\u00e9dito<\/strong>: ap\u00f3s aprova\u00e7\u00e3o, libera\u00e7\u00e3o do valor para compra de materiais e pagamento da m\u00e3o de obra.<\/li>\n<\/ul>\n\n\n\n<h2 class=\"wp-block-heading\">Por que o Reforma Casa Brasil prioriza banheiros e cozinhas e qual o impacto para as fam\u00edlias<\/h2>\n\n\n\n<p>O foco em banheiro e cozinha est\u00e1 ligado ao impacto direto desses ambientes na sa\u00fade, na higiene e na seguran\u00e7a dos moradores. Vazamentos, infiltra\u00e7\u00f5es, redes el\u00e9tricas antigas e revestimentos danificados favorecem umidade, fungos, risco de choques e at\u00e9 inc\u00eandios, comprometendo todo o im\u00f3vel e a rotina da fam\u00edlia.<\/p>\n\n\n\n<p>Ao facilitar a troca de encanamentos, a adequa\u00e7\u00e3o de pontos de energia, a instala\u00e7\u00e3o de revestimentos lav\u00e1veis e a reorganiza\u00e7\u00e3o dos espa\u00e7os, o programa reduz gastos com consertos emergenciais e aumenta a vida \u00fatil da casa. Se voc\u00ea convive hoje com infiltra\u00e7\u00f5es, mofo ou instala\u00e7\u00f5es antigas, n\u00e3o adie: busque imediatamente a CAIXA, fa\u00e7a a simula\u00e7\u00e3o do Reforma Casa Brasil e garanta agora uma reforma que proteja a sa\u00fade e a seguran\u00e7a da sua fam\u00edlia.<\/p>\n","protected":false},"excerpt":{"rendered":"<p>O programa Reforma Casa Brasil entrou para o conjunto das pol\u00edticas habitacionais como op\u00e7\u00e3o moderna e acess\u00edvel para quem precisa reformar banheiro, cozinha e outros c\u00f4modos j\u00e1 constru\u00eddos, facilitando o acesso ao cr\u00e9dito e garantindo mais seguran\u00e7a, conforto e funcionalidade para fam\u00edlias em todo o pa\u00eds. O que \u00e9 a Reforma Casa Brasil e qual [&hellip;]<\/p>\n","protected":false},"author":11,"featured_media":200584,"comment_status":"open","ping_status":"open","sticky":false,"template":"","format":"standard","meta":{"jnews-multi-image_gallery":[],"jnews_single_post":{"format":"standard"},"jnews_primary_category":[],"jnews_social_meta":[],"jnews_override_counter":[],"footnotes":""},"categories":[28,1],"tags":[10013,3563,862,18298,28909],"class_list":["post-200552","post","type-post","status-publish","format-standard","has-post-thumbnail","hentry","category-economia","category-noticias","tag-banheiro","tag-cozinha","tag-credito","tag-reforma-casa-brasil","tag-reformar-a-casa"],"yoast_head":"<!-- This site is optimized with the Yoast SEO plugin v23.8 - https:\/\/yoast.com\/wordpress\/plugins\/seo\/ -->\n<title>J\u00e1 est\u00e1 em vigor: o governo confirma o aux\u00edlio para reformas de banheiros ou cozinhas - Estado de Minas - Em foco<\/title>\n<meta name=\"description\" content=\"Reforma Casa Brasil libera cr\u00e9dito para banheiro e cozinha. Saiba quem pode pedir, como funciona e como solicitar pela CAIXA.\" \/>\n<meta name=\"robots\" content=\"index, follow, max-snippet:-1, max-image-preview:large, max-video-preview:-1\" \/>\n<link rel=\"canonical\" href=\"https:\/\/www.em.com.br\/emfoco\/2026\/04\/28\/ja-esta-em-vigor-o-governo-confirma-o-auxilio-para-reformas-de-banheiros-ou-cozinhas\/\" \/>\n<meta property=\"og:locale\" content=\"pt_BR\" \/>\n<meta property=\"og:type\" content=\"article\" \/>\n<meta property=\"og:title\" content=\"J\u00e1 est\u00e1 em vigor: o governo confirma o aux\u00edlio para reformas de banheiros ou cozinhas - Estado de Minas - Em foco\" \/>\n<meta property=\"og:description\" content=\"Reforma Casa Brasil libera cr\u00e9dito para banheiro e cozinha. Saiba quem pode pedir, como funciona e como solicitar pela CAIXA.\" \/>\n<meta property=\"og:url\" content=\"https:\/\/www.em.com.br\/emfoco\/2026\/04\/28\/ja-esta-em-vigor-o-governo-confirma-o-auxilio-para-reformas-de-banheiros-ou-cozinhas\/\" \/>\n<meta property=\"og:site_name\" content=\"Estado de Minas - Em foco\" \/>\n<meta property=\"article:published_time\" content=\"2026-04-28T14:00:00+00:00\" \/>\n<meta property=\"article:modified_time\" content=\"2026-04-27T18:26:20+00:00\" \/>\n<meta property=\"og:image\" content=\"https:\/\/www.em.com.br\/emfoco\/wp-content\/uploads\/2026\/04\/Gemini_Generated_Image_qpymw0qpymw0qpym-1.png\" \/>\n\t<meta property=\"og:image:width\" content=\"1280\" \/>\n\t<meta property=\"og:image:height\" content=\"720\" \/>\n\t<meta property=\"og:image:type\" content=\"image\/png\" \/>\n<meta name=\"author\" content=\"Andre\u0301 Rangel\u00a0\" \/>\n<meta name=\"twitter:card\" content=\"summary_large_image\" \/>\n<meta name=\"twitter:label1\" content=\"Escrito por\" \/>\n\t<meta name=\"twitter:data1\" content=\"Andre\u0301 Rangel\u00a0\" \/>\n\t<meta name=\"twitter:label2\" content=\"Est. tempo de leitura\" \/>\n\t<meta name=\"twitter:data2\" content=\"5 minutos\" \/>\n<!-- \/ Yoast SEO plugin. -->","yoast_head_json":{"title":"J\u00e1 est\u00e1 em vigor: o governo confirma o aux\u00edlio para reformas de banheiros ou cozinhas - Estado de Minas - Em foco","description":"Reforma Casa Brasil libera cr\u00e9dito para banheiro e cozinha. Saiba quem pode pedir, como funciona e como solicitar pela CAIXA.","robots":{"index":"index","follow":"follow","max-snippet":"max-snippet:-1","max-image-preview":"max-image-preview:large","max-video-preview":"max-video-preview:-1"},"canonical":"https:\/\/www.em.com.br\/emfoco\/2026\/04\/28\/ja-esta-em-vigor-o-governo-confirma-o-auxilio-para-reformas-de-banheiros-ou-cozinhas\/","og_locale":"pt_BR","og_type":"article","og_title":"J\u00e1 est\u00e1 em vigor: o governo confirma o aux\u00edlio para reformas de banheiros ou cozinhas - Estado de Minas - Em foco","og_description":"Reforma Casa Brasil libera cr\u00e9dito para banheiro e cozinha. Saiba quem pode pedir, como funciona e como solicitar pela CAIXA.","og_url":"https:\/\/www.em.com.br\/emfoco\/2026\/04\/28\/ja-esta-em-vigor-o-governo-confirma-o-auxilio-para-reformas-de-banheiros-ou-cozinhas\/","og_site_name":"Estado de Minas - Em foco","article_published_time":"2026-04-28T14:00:00+00:00","article_modified_time":"2026-04-27T18:26:20+00:00","og_image":[{"width":1280,"height":720,"url":"https:\/\/www.em.com.br\/emfoco\/wp-content\/uploads\/2026\/04\/Gemini_Generated_Image_qpymw0qpymw0qpym-1.png","type":"image\/png"}],"author":"Andre\u0301 Rangel\u00a0","twitter_card":"summary_large_image","twitter_misc":{"Escrito por":"Andre\u0301 Rangel\u00a0","Est. tempo de leitura":"5 minutos"},"schema":{"@context":"https:\/\/schema.org","@graph":[{"@type":"WebPage","@id":"https:\/\/www.em.com.br\/emfoco\/2026\/04\/28\/ja-esta-em-vigor-o-governo-confirma-o-auxilio-para-reformas-de-banheiros-ou-cozinhas\/","url":"https:\/\/www.em.com.br\/emfoco\/2026\/04\/28\/ja-esta-em-vigor-o-governo-confirma-o-auxilio-para-reformas-de-banheiros-ou-cozinhas\/","name":"J\u00e1 est\u00e1 em vigor: o governo confirma o aux\u00edlio para reformas de banheiros ou cozinhas - Estado de Minas - Em foco","isPartOf":{"@id":"https:\/\/www.em.com.br\/emfoco\/#website"},"primaryImageOfPage":{"@id":"https:\/\/www.em.com.br\/emfoco\/2026\/04\/28\/ja-esta-em-vigor-o-governo-confirma-o-auxilio-para-reformas-de-banheiros-ou-cozinhas\/#primaryimage"},"image":{"@id":"https:\/\/www.em.com.br\/emfoco\/2026\/04\/28\/ja-esta-em-vigor-o-governo-confirma-o-auxilio-para-reformas-de-banheiros-ou-cozinhas\/#primaryimage"},"thumbnailUrl":"https:\/\/www.em.com.br\/emfoco\/wp-content\/uploads\/2026\/04\/Gemini_Generated_Image_qpymw0qpymw0qpym-1.png","datePublished":"2026-04-28T14:00:00+00:00","dateModified":"2026-04-27T18:26:20+00:00","author":{"@id":"https:\/\/www.em.com.br\/emfoco\/#\/schema\/person\/60eda09c1fedf0d6891f4cef4b60b8b8"},"description":"Reforma Casa Brasil libera cr\u00e9dito para banheiro e cozinha. Saiba quem pode pedir, como funciona e como solicitar pela CAIXA.","breadcrumb":{"@id":"https:\/\/www.em.com.br\/emfoco\/2026\/04\/28\/ja-esta-em-vigor-o-governo-confirma-o-auxilio-para-reformas-de-banheiros-ou-cozinhas\/#breadcrumb"},"inLanguage":"pt-BR","potentialAction":[{"@type":"ReadAction","target":["https:\/\/www.em.com.br\/emfoco\/2026\/04\/28\/ja-esta-em-vigor-o-governo-confirma-o-auxilio-para-reformas-de-banheiros-ou-cozinhas\/"]}]},{"@type":"ImageObject","inLanguage":"pt-BR","@id":"https:\/\/www.em.com.br\/emfoco\/2026\/04\/28\/ja-esta-em-vigor-o-governo-confirma-o-auxilio-para-reformas-de-banheiros-ou-cozinhas\/#primaryimage","url":"https:\/\/www.em.com.br\/emfoco\/wp-content\/uploads\/2026\/04\/Gemini_Generated_Image_qpymw0qpymw0qpym-1.png","contentUrl":"https:\/\/www.em.com.br\/emfoco\/wp-content\/uploads\/2026\/04\/Gemini_Generated_Image_qpymw0qpymw0qpym-1.png","width":1280,"height":720,"caption":"Reforma Casa Brasil libera cr\u00e9dito para banheiro e cozinha"},{"@type":"BreadcrumbList","@id":"https:\/\/www.em.com.br\/emfoco\/2026\/04\/28\/ja-esta-em-vigor-o-governo-confirma-o-auxilio-para-reformas-de-banheiros-ou-cozinhas\/#breadcrumb","itemListElement":[{"@type":"ListItem","position":1,"name":"In\u00edcio","item":"https:\/\/www.em.com.br\/emfoco\/"},{"@type":"ListItem","position":2,"name":"J\u00e1 est\u00e1 em vigor: o governo confirma o aux\u00edlio para reformas de banheiros ou cozinhas"}]},{"@type":"WebSite","@id":"https:\/\/www.em.com.br\/emfoco\/#website","url":"https:\/\/www.em.com.br\/emfoco\/","name":"Estado de Minas - Em foco","description":"Acompanhe as \u00faltimas not\u00edcias e fique bem informado sobre tudo o que acontece em Minas Gerais, Brasil e no mundo.","potentialAction":[{"@type":"SearchAction","target":{"@type":"EntryPoint","urlTemplate":"https:\/\/www.em.com.br\/emfoco\/?s={search_term_string}"},"query-input":{"@type":"PropertyValueSpecification","valueRequired":true,"valueName":"search_term_string"}}],"inLanguage":"pt-BR"},{"@type":"Person","@id":"https:\/\/www.em.com.br\/emfoco\/#\/schema\/person\/60eda09c1fedf0d6891f4cef4b60b8b8","name":"Andre\u0301 Rangel\u00a0","image":{"@type":"ImageObject","inLanguage":"pt-BR","@id":"https:\/\/www.em.com.br\/emfoco\/#\/schema\/person\/image\/","url":"https:\/\/secure.gravatar.com\/avatar\/6234dc814c77c8ef6d8bba622c787efc?s=96&d=mm&r=g","contentUrl":"https:\/\/secure.gravatar.com\/avatar\/6234dc814c77c8ef6d8bba622c787efc?s=96&d=mm&r=g","caption":"Andre\u0301 Rangel\u00a0"},"url":"https:\/\/www.em.com.br\/emfoco\/author\/luizmyth\/"}]}},"_links":{"self":[{"href":"https:\/\/www.em.com.br\/emfoco\/wp-json\/wp\/v2\/posts\/200552","targetHints":{"allow":["GET"]}}],"collection":[{"href":"https:\/\/www.em.com.br\/emfoco\/wp-json\/wp\/v2\/posts"}],"about":[{"href":"https:\/\/www.em.com.br\/emfoco\/wp-json\/wp\/v2\/types\/post"}],"author":[{"embeddable":true,"href":"https:\/\/www.em.com.br\/emfoco\/wp-json\/wp\/v2\/users\/11"}],"replies":[{"embeddable":true,"href":"https:\/\/www.em.com.br\/emfoco\/wp-json\/wp\/v2\/comments?post=200552"}],"version-history":[{"count":2,"href":"https:\/\/www.em.com.br\/emfoco\/wp-json\/wp\/v2\/posts\/200552\/revisions"}],"predecessor-version":[{"id":200586,"href":"https:\/\/www.em.com.br\/emfoco\/wp-json\/wp\/v2\/posts\/200552\/revisions\/200586"}],"wp:featuredmedia":[{"embeddable":true,"href":"https:\/\/www.em.com.br\/emfoco\/wp-json\/wp\/v2\/media\/200584"}],"wp:attachment":[{"href":"https:\/\/www.em.com.br\/emfoco\/wp-json\/wp\/v2\/media?parent=200552"}],"wp:term":[{"taxonomy":"category","embeddable":true,"href":"https:\/\/www.em.com.br\/emfoco\/wp-json\/wp\/v2\/categories?post=200552"},{"taxonomy":"post_tag","embeddable":true,"href":"https:\/\/www.em.com.br\/emfoco\/wp-json\/wp\/v2\/tags?post=200552"}],"curies":[{"name":"wp","href":"https:\/\/api.w.org\/{rel}","templated":true}]}}