{"id":200530,"date":"2026-04-30T19:55:00","date_gmt":"2026-04-30T22:55:00","guid":{"rendered":"https:\/\/www.em.com.br\/emfoco\/?p=200530"},"modified":"2026-04-30T09:44:58","modified_gmt":"2026-04-30T12:44:58","slug":"a-cidade-mineira-a-5-horas-de-bh-com-a-primeira-universidade-tecnologica-do-brasil-e-qualidade-de-vida","status":"publish","type":"post","link":"https:\/\/www.em.com.br\/emfoco\/2026\/04\/30\/a-cidade-mineira-a-5-horas-de-bh-com-a-primeira-universidade-tecnologica-do-brasil-e-qualidade-de-vida\/","title":{"rendered":"A cidade mineira a 5 horas de BH com a primeira universidade tecnol\u00f3gica do Brasil e qualidade de vida"},"content":{"rendered":"\n<p>Quem desce a <strong>Serra da Mantiqueira<\/strong> e chega a <strong>Itajub\u00e1<\/strong>, no sul de <strong>Minas Gerais<\/strong>, encontra uma cidade pequena cercada por montanhas e marcada pela presen\u00e7a da <strong>Universidade Federal de Itajub\u00e1 (UNIFEI)<\/strong>, fundada em 1913 como a d\u00e9cima escola de engenharia do <strong>Brasil<\/strong>. A cerca de 5 horas de carro de <strong>Belo Horizonte<\/strong>, o munic\u00edpio re\u00fane tradi\u00e7\u00e3o em engenharia, picos para escalada e clima de cidade universit\u00e1ria na montanha.<\/p>\n\n\n\n<h2 class=\"wp-block-heading\">Por que a primeira universidade tecnol\u00f3gica do Brasil fica em Itajub\u00e1<\/h2>\n\n\n\n<p>A hist\u00f3ria come\u00e7a com o advogado <strong>Theodomiro Carneiro Santiago<\/strong>, que viajou \u00e0 <strong>Europa<\/strong> em 1912, comprou equipamentos e contratou professores belgas, su\u00ed\u00e7os e franceses para fundar o <strong>Instituto Eletrot\u00e9cnico e Mec\u00e2nico de Itajub\u00e1<\/strong>. A inaugura\u00e7\u00e3o oficial ocorreu em 23 de novembro de 1913, com a presen\u00e7a do ent\u00e3o presidente da Rep\u00fablica, marechal <strong>Hermes da Fonseca<\/strong>, e do vice-presidente <strong>Wenceslau Braz<\/strong>, nascido em <strong>Braz\u00f3polis<\/strong>, munic\u00edpio da regi\u00e3o de Itajub\u00e1, segundo registro da pr\u00f3pria <a href=\"https:\/\/unifei.edu.br\/institucional\/historia\/\" target=\"_blank\" rel=\"noreferrer noopener\"><strong>UNIFEI<\/strong><\/a>. A institui\u00e7\u00e3o foi pioneira em engenharia el\u00e9trica na <strong>Am\u00e9rica do Sul<\/strong>, conforme sess\u00e3o especial do <a href=\"https:\/\/www12.senado.leg.br\/noticias\/materias\/2013\/11\/29\/senado-homenageia-universidade-federal-de-itajuba-no-centenario-de-sua-fundacao\" target=\"_blank\" rel=\"noreferrer noopener\">Senado Federal<\/a> que celebrou seu centen\u00e1rio.<\/p>\n\n\n\n<p>Em 1956, o instituto foi federalizado e, em 2002, virou universidade, pela <strong>Lei 10.435<\/strong>, sancionada pelo ent\u00e3o presidente <strong>Fernando Henrique Cardoso<\/strong>. Hoje, a UNIFEI oferece 35 cursos de gradua\u00e7\u00e3o e 16 de p\u00f3s-gradua\u00e7\u00e3o, com cerca de 8 mil alunos distribu\u00eddos entre os campi de Itajub\u00e1 e <strong>Itabira<\/strong>. Engenheiros formados ali ajudaram a montar a <strong>Companhia Energ\u00e9tica de Minas Gerais (Cemig)<\/strong>, <strong>Furnas<\/strong> e a <strong>Companhia Energ\u00e9tica de S\u00e3o Paulo (Cesp)<\/strong>, segundo discurso registrado em sess\u00e3o especial do <strong>Senado Federal<\/strong>.<\/p>\n\n\n<div class=\"wp-block-image\">\n<figure class=\"aligncenter size-large\"><img loading=\"lazy\" decoding=\"async\" width=\"1024\" height=\"576\" src=\"https:\/\/www.em.com.br\/emfoco\/wp-content\/uploads\/2026\/04\/ngz-Itajuba-1-94158-1024x576.jpg\" alt=\"\" class=\"wp-image-201187\" srcset=\"https:\/\/www.em.com.br\/emfoco\/wp-content\/uploads\/2026\/04\/ngz-Itajuba-1-94158-1024x576.jpg 1024w, https:\/\/www.em.com.br\/emfoco\/wp-content\/uploads\/2026\/04\/ngz-Itajuba-1-94158-300x169.jpg 300w, https:\/\/www.em.com.br\/emfoco\/wp-content\/uploads\/2026\/04\/ngz-Itajuba-1-94158-768x432.jpg 768w, https:\/\/www.em.com.br\/emfoco\/wp-content\/uploads\/2026\/04\/ngz-Itajuba-1-94158-750x422.jpg 750w, https:\/\/www.em.com.br\/emfoco\/wp-content\/uploads\/2026\/04\/ngz-Itajuba-1-94158-1140x641.jpg 1140w, https:\/\/www.em.com.br\/emfoco\/wp-content\/uploads\/2026\/04\/ngz-Itajuba-1-94158.jpg 1280w\" sizes=\"auto, (max-width: 1024px) 100vw, 1024px\" \/><figcaption class=\"wp-element-caption\">Itajub\u00e1, Minas Gerais \/\/ Cr\u00e9ditos: Wikipedia \/ Wikimedia Commons<\/figcaption><\/figure><\/div>\n\n\n<h2 class=\"wp-block-heading\">O ecossistema HardTech que cresceu ao redor da universidade<\/h2>\n\n\n\n<p>A presen\u00e7a da UNIFEI atraiu ind\u00fastrias e empresas de tecnologia ao longo das d\u00e9cadas. Itajub\u00e1 abriga hoje o <a href=\"https:\/\/inovai.org.br\/ambientes-de-inovacao\/pcti\/\" target=\"_blank\" rel=\"noreferrer noopener\"><strong>Parque Cient\u00edfico e Tecnol\u00f3gico de Itajub\u00e1 (PCTI)<\/strong><\/a>, um dos parques tecnol\u00f3gicos consolidados do estado, segundo a <strong>Ag\u00eancia Minas Gerais<\/strong>.<\/p>\n\n\n\n<p>O ecossistema local Itajub\u00e1 HardTech venceu o <strong>Pr\u00eamio Nacional de Inova\u00e7\u00e3o<\/strong>, do <strong>Sebrae<\/strong> e da <strong>Confedera\u00e7\u00e3o Nacional da Ind\u00fastria (CNI)<\/strong>, na categoria cidades de m\u00e9dio porte, em reconhecimento divulgado pela imprensa especializada. A UNIFEI mant\u00e9m o <strong>Centro Tecnol\u00f3gico para o Pr\u00e9-Sal Brasileiro (CTPB)<\/strong>, em parceria com a <strong>Petrobras<\/strong> e o cons\u00f3rcio de Libra, e desenvolve um Centro de Hidrog\u00eanio Verde com ag\u00eancia alem\u00e3. Esses laborat\u00f3rios, somados ao <strong>Laborat\u00f3rio Nacional de Astrof\u00edsica<\/strong>, ampliam a voca\u00e7\u00e3o cient\u00edfica da cidade.<\/p>\n\n\n<div class=\"wp-block-image\">\n<figure class=\"aligncenter size-large\"><img loading=\"lazy\" decoding=\"async\" width=\"1024\" height=\"576\" src=\"https:\/\/www.em.com.br\/emfoco\/wp-content\/uploads\/2026\/04\/ngz-Itajuba-3-25489-1024x576.jpg\" alt=\"\" class=\"wp-image-201189\" srcset=\"https:\/\/www.em.com.br\/emfoco\/wp-content\/uploads\/2026\/04\/ngz-Itajuba-3-25489-1024x576.jpg 1024w, https:\/\/www.em.com.br\/emfoco\/wp-content\/uploads\/2026\/04\/ngz-Itajuba-3-25489-300x169.jpg 300w, https:\/\/www.em.com.br\/emfoco\/wp-content\/uploads\/2026\/04\/ngz-Itajuba-3-25489-768x432.jpg 768w, https:\/\/www.em.com.br\/emfoco\/wp-content\/uploads\/2026\/04\/ngz-Itajuba-3-25489-750x422.jpg 750w, https:\/\/www.em.com.br\/emfoco\/wp-content\/uploads\/2026\/04\/ngz-Itajuba-3-25489-1140x641.jpg 1140w, https:\/\/www.em.com.br\/emfoco\/wp-content\/uploads\/2026\/04\/ngz-Itajuba-3-25489.jpg 1280w\" sizes=\"auto, (max-width: 1024px) 100vw, 1024px\" \/><figcaption class=\"wp-element-caption\">Itajub\u00e1, Minas Gerais \/\/ Cr\u00e9ditos: Wikipedia \/ Wikimedia Commons<\/figcaption><\/figure><\/div>\n\n\n<p><strong>Leia tamb\u00e9m: <a href=\"https:\/\/www.em.com.br\/emfoco\/2026\/04\/28\/a-praia-selvagem-da-capital-acessivel-so-por-trilha-ou-barco-com-lagoa-mar-azul-e-zero-predio-a-vista-no-coracao-da-capital\/\" target=\"_blank\" rel=\"noreferrer noopener\">A praia selvagem da capital: acess\u00edvel s\u00f3 por trilha ou barco, com lagoa, mar azul e zero pr\u00e9dio \u00e0 vista no cora\u00e7\u00e3o da capital<\/a><\/strong><\/p>\n\n\n\n<h2 class=\"wp-block-heading\">O que fazer entre picos e cachoeiras da Mantiqueira<\/h2>\n\n\n\n<p>A cidade est\u00e1 cercada por montanhas que aparecem no horizonte de qualquer rua. As atra\u00e7\u00f5es de aventura ficam em propriedades particulares ou em unidades de conserva\u00e7\u00e3o municipais, e algumas exigem condutor.<\/p>\n\n\n\n<ul class=\"wp-block-list has-medium-font-size\">\n<li><strong>Pedra de Santa Rita<\/strong>: a 1.893 metros, \u00e9 a montanha mais alta do munic\u00edpio, dentro da Reserva Biol\u00f3gica Municipal de Itajub\u00e1. Do cume, v\u00ea-se <strong>Pedra do Ba\u00fa<\/strong>, <strong>Pico dos Marins<\/strong>, <strong>Pedra da Mina<\/strong> e <strong>Agulhas Negras<\/strong>, segundo a <a href=\"https:\/\/www.minasgerais.com.br\/pt\/atracoes\/itajuba\/pedra-de-santa-rita\" target=\"_blank\" rel=\"noreferrer noopener\"><strong>Secretaria de Estado de Cultura e Turismo de Minas Gerais<\/strong><\/a>.<\/li>\n\n\n\n<li><strong>Pedra Aguda<\/strong>: 1.570 metros, \u00e9 o maci\u00e7o mais vis\u00edvel da cidade, com vista panor\u00e2mica de boa parte da Serra da Mantiqueira.<\/li>\n\n\n\n<li><strong>Pedra do Urubu<\/strong>: parede vertical com descida de rapel de 40 metros e v\u00e1rias vias de escalada esportiva, em acesso pr\u00f3ximo ao centro.<\/li>\n\n\n\n<li><strong>Pedra Amarela<\/strong>: segundo ponto mais elevado do munic\u00edpio, a cerca de 1.405 metros, com trilha mais leve que a de Santa Rita.<\/li>\n\n\n\n<li><strong>Reserva Biol\u00f3gica Municipal da Serra dos Toledos<\/strong>: criada em 1979, dentro da \u00c1rea de Prote\u00e7\u00e3o Ambiental da Mantiqueira, com nascentes e remanescente de Mata Atl\u00e2ntica.<\/li>\n\n\n\n<li><strong>Cachoeira do Marimbondo e Cachoeira da Est\u00e2ncia<\/strong>: op\u00e7\u00f5es de banho a poucos minutos do centro, em meio \u00e0 mata.<\/li>\n<\/ul>\n\n\n\n<p>Quem pensa em morar em&nbsp;<strong>Itajub\u00e1<\/strong>,&nbsp;<strong>Minas Gerais<\/strong>, vai curtir esse v\u00eddeo especialmente selecionado do canal&nbsp;<strong>MAIS 50<\/strong>, onde o apresentador mostra os detalhes da cidade:<\/p>\n\n\n\n<figure class=\"wp-block-embed is-type-video is-provider-youtube wp-block-embed-youtube wp-embed-aspect-16-9 wp-has-aspect-ratio\"><div class=\"wp-block-embed__wrapper\">\n<div class=\"jeg_video_container jeg_video_content\"><iframe loading=\"lazy\" title=\"MORAR EM ITAJUB\u00c1 - MINAS GERAIS.\" width=\"500\" height=\"281\" src=\"https:\/\/www.youtube.com\/embed\/Az1d53sFb58?feature=oembed\" frameborder=\"0\" allow=\"accelerometer; autoplay; clipboard-write; encrypted-media; gyroscope; picture-in-picture; web-share\" referrerpolicy=\"strict-origin-when-cross-origin\" allowfullscreen><\/iframe><\/div>\n<\/div><\/figure>\n\n\n\n<h2 class=\"wp-block-heading\">O clima de montanha que atrai novos moradores<\/h2>\n\n\n\n<p>O clima ameno e a presen\u00e7a da UNIFEI mudaram o perfil de quem se muda para a cidade. Profissionais de tecnologia, engenheiros e pesquisadores trocam capitais como <strong>S\u00e3o Paulo<\/strong> e <strong>Belo Horizonte<\/strong> pela rotina de cidade universit\u00e1ria na serra, com oferta de empresas hardtech instaladas no entorno.<\/p>\n\n\n\n<style>\n    .ant-grid { \n        --cor-primaria: #1a2a57;\n        --cor-secundaria: #1a2a57;\n        --cor-txt-secundaria: #ffffff; \n        display: grid; grid-template-columns: repeat(auto-fit, minmax(190px, 1fr)); gap: 15px; justify-content: center; padding: 10px;\n    }\n    .ant-card { \n        border: 5px solid var(--cor-primaria); border-top: 5px solid var(--cor-secundaria); \n        border-radius: 4px; background-color: var(--cor-primaria); background-clip: padding-box; \n        display: flex; flex-direction: column; overflow: hidden; cursor: pointer; \n        box-shadow: 0 6px 12px rgba(0,0,0, 0.2); transition: transform 0.2s ease, box-shadow 0.2s ease; \n        -webkit-tap-highlight-color: transparent; user-select: none; transform: translateZ(0);\n        animation: wmFadeIn 0.6s cubic-bezier(0.2, 0.8, 0.2, 1) backwards;\n    }\n    .ant-card:nth-child(1) { animation-delay: 0.1s; } .ant-card:nth-child(2) { animation-delay: 0.2s; }\n    .ant-card:nth-child(3) { animation-delay: 0.3s; } .ant-card:nth-child(4) { animation-delay: 0.4s; }\n    @keyframes wmFadeIn { from { opacity: 0; transform: translateY(30px); } to { opacity: 1; transform: translateY(0); } }\n    .ant-card:hover { transform: translateY(-5px); box-shadow: 0 15px 30px rgba(0,0,0, 0.3); }\n    .ant-card:active { transform: translateY(-1px) scale(0.97); box-shadow: 0 3px 6px rgba(0,0,0, 0.2); transition: transform 0.05s ease, box-shadow 0.05s ease; }\n    .ant-header { background: #f0f8f9; padding: 15px 10px; text-align: center; display: flex; flex-direction: column; align-items: center; justify-content: center; }\n    .ant-body { background: #ffffff; padding: 15px; display: flex; flex-direction: column; flex-grow: 1; align-items: center; }\n    .ant-card-destaque { box-shadow: 0 8px 16px rgba(0,0,0, 0.25); }\n    .ant-card-destaque:hover { box-shadow: 0 18px 36px rgba(0,0,0, 0.35); }\n    .ant-card-destaque .ant-header { background: var(--cor-secundaria); }\n    .ant-card-destaque .ant-header .ant-titulo { color: var(--cor-txt-secundaria) !important; } \n    .pill-ant { display: flex; white-space: normal; max-width: 100%; box-sizing: border-box; justify-content: center; align-items: center; text-align: center; background: #e0f4f6; color: var(--cor-primaria); font-size: 11px; font-weight: 900 !important; letter-spacing: 0.5px; padding: 8px 16px; border-radius: 4px; text-transform: uppercase; line-height: 1.4; box-shadow: 0 4px 8px rgba(0,0,0, 0.15); margin-top: auto; transition: transform 0.2s ease; }\n    .ant-card-destaque .pill-ant { background: var(--cor-primaria); color: var(--cor-txt-secundaria); } \n    .ant-card:hover .pill-ant { transform: scale(1.06); }\n    .pill-ant span { font-weight: 900 !important; color: inherit; } \n    .ant-emoji { font-size: 24px; line-height: 1; margin-bottom: 5px; }\n    .ant-titulo { color: var(--cor-primaria); font-size: 16px; text-transform: uppercase; margin-top: 5px; font-weight: bold; }\n    .ant-mes { font-size: 11px; font-weight: 800; color: var(--cor-primaria); text-transform: uppercase; margin-bottom: 5px; }\n    .ant-temp { font-size: 26px; font-weight: 900; color: var(--cor-primaria); margin-bottom: 10px; }\n    .ant-desc { font-size: 13px; color: #444; text-align: center; line-height: 1.5; margin-bottom: 15px; flex-grow: 1;}\n    .ant-desc strong { color: #111; }\n    @media (prefers-color-scheme: dark) {\n        .ant-card { border-color: #1b7a8c; background-color: #1b7a8c; box-shadow: 0 6px 12px rgba(0,0,0, 0.5); }\n        .ant-header { background: #1a1a1a; } .ant-body { background: #121212; }\n        .ant-card-destaque .ant-header { background: var(--cor-secundaria); }\n        .ant-card-destaque .ant-header .ant-titulo { color: var(--cor-txt-secundaria) !important; }\n        .ant-titulo { color: #5ce1f5; } .ant-mes { color: #8eeaf7; } .ant-temp { color: #5ce1f5; } .ant-desc { color: #cccccc; } .ant-desc strong { color: #ffffff; }\n        .pill-ant { background: #1a1a1a; color: #5ce1f5; box-shadow: 0 4px 8px rgba(0, 0, 0, 0.5); }\n        .ant-card-destaque .pill-ant { background: var(--cor-primaria); color: var(--cor-txt-secundaria); }\n    }\n<\/style>\n<div class=\"google-auto-ads-ignore ant-grid\" style=\"box-sizing: border-box; width: 100%; max-width: 980px; margin: 30px auto; font-family: 'Segoe UI', Roboto, Helvetica, Arial, sans-serif;\">\n    <div class=\"ant-card\">\n        <div class=\"ant-header\">\n            <div class=\"ant-emoji\">\ud83c\udf3f<\/div>\n            <div class=\"ant-titulo\">Ver\u00e3o<\/div>\n        <\/div>\n        <div class=\"ant-body\">\n            <div class=\"ant-mes\">Dezembro a Fevereiro<\/div>\n            <div class=\"ant-temp\">17\u00b0C a 28\u00b0C<\/div>\n            <div class=\"ant-desc\">O volume de \u00e1gua atrai aventureiros da regi\u00e3o serrana para <strong>Cachoeiras e trilhas leves<\/strong>.<\/div>\n            <div class=\"pill-ant\"><span>\u2614 CHUVA ALTA<\/span><\/div>\n        <\/div>\n    <\/div>\n    <div class=\"ant-card\">\n        <div class=\"ant-header\">\n            <div class=\"ant-emoji\">\ud83d\udeb5<\/div>\n            <div class=\"ant-titulo\">Outono<\/div>\n        <\/div>\n        <div class=\"ant-body\">\n            <div class=\"ant-mes\">Mar\u00e7o a Maio<\/div>\n            <div class=\"ant-temp\">14\u00b0C a 25\u00b0C<\/div>\n            <div class=\"ant-desc\">As nuvens dispersam e deixam a rota ideal para as atividades de <strong>Mountain bike e mirantes<\/strong>.<\/div>\n            <div class=\"pill-ant\"><span>\ud83c\udf27\ufe0f CHUVA M\u00c9DIA<\/span><\/div>\n        <\/div>\n    <\/div>\n    <div class=\"ant-card ant-card-destaque\">\n        <div class=\"ant-header\">\n            <div class=\"ant-emoji\">\ud83e\uddd7<\/div>\n            <div class=\"ant-titulo\">Inverno<\/div>\n        <\/div>\n        <div class=\"ant-body\">\n            <div class=\"ant-mes\">Junho a Agosto<\/div>\n            <div class=\"ant-temp\">8\u00b0C a 22\u00b0C<\/div>\n            <div class=\"ant-desc\">Frio, ar da montanha e c\u00e9u perfeito. A melhor \u00e9poca para amantes de <strong>Trekking e escalada<\/strong>.<\/div>\n            <div class=\"pill-ant\"><span>\u2b50 MELHOR \u00c9POCA<\/span><\/div>\n        <\/div>\n    <\/div>\n    <div class=\"ant-card\">\n        <div class=\"ant-header\">\n            <div class=\"ant-emoji\">\ud83d\udeb2<\/div>\n            <div class=\"ant-titulo\">Primavera<\/div>\n        <\/div>\n        <div class=\"ant-body\">\n            <div class=\"ant-mes\">Setembro a Novembro<\/div>\n            <div class=\"ant-temp\">13\u00b0C a 26\u00b0C<\/div>\n            <div class=\"ant-desc\">Os novos moradores aproveitam a serra e as \u00e1reas de lazer, com muito <strong>Voo livre e cicloturismo<\/strong>.<\/div>\n            <div class=\"pill-ant\"><span>\ud83c\udf27\ufe0f CHUVA M\u00c9DIA<\/span><\/div>\n        <\/div>\n    <\/div>\n<\/div>\n\n\n\n<p><em>Temperaturas aproximadas com base no <a href=\"https:\/\/www.climatempo.com.br\/previsao-do-tempo\/cidade\/737\/itajuba-mg\" target=\"_blank\" rel=\"noreferrer noopener\"><strong>Climatempo<\/strong><\/a> de Itajub\u00e1. Condi\u00e7\u00f5es podem variar.<\/em><\/p>\n\n\n\n<h2 class=\"wp-block-heading\">Como chegar a Itajub\u00e1<\/h2>\n\n\n\n<p>De <strong>Belo Horizonte<\/strong>, s\u00e3o cerca de 422 km at\u00e9 Itajub\u00e1, com aproximadamente cinco horas e quarenta minutos de carro pelas rodovias <strong>MG-050<\/strong> e <strong>BR-381<\/strong>, segundo registros oficiais de mapas rodovi\u00e1rios. De <strong>S\u00e3o Paulo<\/strong>, o trajeto fica em torno de 260 km pela <strong>Rodovia Fern\u00e3o Dias (BR-381)<\/strong>, em cerca de quatro horas.<\/p>\n\n\n\n<p>Os aeroportos comerciais mais pr\u00f3ximos ficam em <strong>Pouso Alegre<\/strong> e em <strong>Varginha<\/strong>, ambos a pouco mais de uma hora de carro. H\u00e1 \u00f4nibus diretos a partir das rodovi\u00e1rias de S\u00e3o Paulo, Pouso Alegre e cidades vizinhas, com paradas regulares no <strong>Terminal Rodovi\u00e1rio de Itajub\u00e1<\/strong>.<\/p>\n\n\n\n<h2 class=\"wp-block-heading\">V\u00e1 conhecer Itajub\u00e1<\/h2>\n\n\n\n<p>Poucas cidades de m\u00e9dio porte no Brasil re\u00fanem uma universidade federal centen\u00e1ria especializada em engenharia, um parque cient\u00edfico em atividade e uma paisagem de Mantiqueira a poucos minutos do centro. Itajub\u00e1 entrega tudo isso em um ritmo de interior, com clima ameno e picos no horizonte.<\/p>\n\n\n\n<p>Voc\u00ea precisa subir at\u00e9 Itajub\u00e1 e conhecer o campus da UNIFEI ao p\u00e9 da Pedra Aguda para entender por que essa cidade do sul mineiro virou refer\u00eancia em engenharia, tecnologia e qualidade de vida.<\/p>\n","protected":false},"excerpt":{"rendered":"<p>Quem desce a Serra da Mantiqueira e chega a Itajub\u00e1, no sul de Minas Gerais, encontra uma cidade pequena cercada por montanhas e marcada pela presen\u00e7a da Universidade Federal de Itajub\u00e1 (UNIFEI), fundada em 1913 como a d\u00e9cima escola de engenharia do Brasil. A cerca de 5 horas de carro de Belo Horizonte, o munic\u00edpio [&hellip;]<\/p>\n","protected":false},"author":6,"featured_media":201188,"comment_status":"open","ping_status":"open","sticky":false,"template":"","format":"standard","meta":{"jnews-multi-image_gallery":[],"jnews_single_post":{"format":"standard"},"jnews_primary_category":[],"jnews_social_meta":[],"jnews_override_counter":[],"footnotes":""},"categories":[26],"tags":[183],"class_list":["post-200530","post","type-post","status-publish","format-standard","has-post-thumbnail","hentry","category-cidades","tag-cidades"],"yoast_head":"<!-- This site is optimized with the Yoast SEO plugin v23.8 - https:\/\/yoast.com\/wordpress\/plugins\/seo\/ -->\n<title>A cidade mineira a 5 horas de BH com a primeira universidade tecnol\u00f3gica do Brasil e qualidade de vida - Estado de Minas - Em foco<\/title>\n<meta name=\"description\" content=\"O segredo da cidade mineira que une tecnologia de ponta e paz. Conhe\u00e7a o destino a 5 horas de BH com a 1\u00aa universidade tecnol\u00f3gica. Veja.\" \/>\n<meta name=\"robots\" content=\"index, follow, max-snippet:-1, max-image-preview:large, max-video-preview:-1\" \/>\n<link rel=\"canonical\" href=\"https:\/\/www.em.com.br\/emfoco\/2026\/04\/30\/a-cidade-mineira-a-5-horas-de-bh-com-a-primeira-universidade-tecnologica-do-brasil-e-qualidade-de-vida\/\" \/>\n<meta property=\"og:locale\" content=\"pt_BR\" \/>\n<meta property=\"og:type\" content=\"article\" \/>\n<meta property=\"og:title\" content=\"A cidade mineira a 5 horas de BH com a primeira universidade tecnol\u00f3gica do Brasil e qualidade de vida - Estado de Minas - Em foco\" \/>\n<meta property=\"og:description\" content=\"O segredo da cidade mineira que une tecnologia de ponta e paz. Conhe\u00e7a o destino a 5 horas de BH com a 1\u00aa universidade tecnol\u00f3gica. Veja.\" \/>\n<meta property=\"og:url\" content=\"https:\/\/www.em.com.br\/emfoco\/2026\/04\/30\/a-cidade-mineira-a-5-horas-de-bh-com-a-primeira-universidade-tecnologica-do-brasil-e-qualidade-de-vida\/\" \/>\n<meta property=\"og:site_name\" content=\"Estado de Minas - Em foco\" \/>\n<meta property=\"article:published_time\" content=\"2026-04-30T22:55:00+00:00\" \/>\n<meta property=\"article:modified_time\" content=\"2026-04-30T12:44:58+00:00\" \/>\n<meta property=\"og:image\" content=\"https:\/\/www.em.com.br\/emfoco\/wp-content\/uploads\/2026\/04\/ngz-Itajuba-2-87624.jpg\" \/>\n\t<meta property=\"og:image:width\" content=\"1280\" \/>\n\t<meta property=\"og:image:height\" content=\"720\" \/>\n\t<meta property=\"og:image:type\" content=\"image\/jpeg\" \/>\n<meta name=\"author\" content=\"Vitor Bruno\" \/>\n<meta name=\"twitter:card\" content=\"summary_large_image\" \/>\n<meta name=\"twitter:label1\" content=\"Escrito por\" \/>\n\t<meta name=\"twitter:data1\" content=\"Vitor Bruno\" \/>\n\t<meta name=\"twitter:label2\" content=\"Est. tempo de leitura\" \/>\n\t<meta name=\"twitter:data2\" content=\"7 minutos\" \/>\n<!-- \/ Yoast SEO plugin. -->","yoast_head_json":{"title":"A cidade mineira a 5 horas de BH com a primeira universidade tecnol\u00f3gica do Brasil e qualidade de vida - Estado de Minas - Em foco","description":"O segredo da cidade mineira que une tecnologia de ponta e paz. Conhe\u00e7a o destino a 5 horas de BH com a 1\u00aa universidade tecnol\u00f3gica. Veja.","robots":{"index":"index","follow":"follow","max-snippet":"max-snippet:-1","max-image-preview":"max-image-preview:large","max-video-preview":"max-video-preview:-1"},"canonical":"https:\/\/www.em.com.br\/emfoco\/2026\/04\/30\/a-cidade-mineira-a-5-horas-de-bh-com-a-primeira-universidade-tecnologica-do-brasil-e-qualidade-de-vida\/","og_locale":"pt_BR","og_type":"article","og_title":"A cidade mineira a 5 horas de BH com a primeira universidade tecnol\u00f3gica do Brasil e qualidade de vida - Estado de Minas - Em foco","og_description":"O segredo da cidade mineira que une tecnologia de ponta e paz. Conhe\u00e7a o destino a 5 horas de BH com a 1\u00aa universidade tecnol\u00f3gica. Veja.","og_url":"https:\/\/www.em.com.br\/emfoco\/2026\/04\/30\/a-cidade-mineira-a-5-horas-de-bh-com-a-primeira-universidade-tecnologica-do-brasil-e-qualidade-de-vida\/","og_site_name":"Estado de Minas - Em foco","article_published_time":"2026-04-30T22:55:00+00:00","article_modified_time":"2026-04-30T12:44:58+00:00","og_image":[{"width":1280,"height":720,"url":"https:\/\/www.em.com.br\/emfoco\/wp-content\/uploads\/2026\/04\/ngz-Itajuba-2-87624.jpg","type":"image\/jpeg"}],"author":"Vitor Bruno","twitter_card":"summary_large_image","twitter_misc":{"Escrito por":"Vitor Bruno","Est. tempo de leitura":"7 minutos"},"schema":{"@context":"https:\/\/schema.org","@graph":[{"@type":"WebPage","@id":"https:\/\/www.em.com.br\/emfoco\/2026\/04\/30\/a-cidade-mineira-a-5-horas-de-bh-com-a-primeira-universidade-tecnologica-do-brasil-e-qualidade-de-vida\/","url":"https:\/\/www.em.com.br\/emfoco\/2026\/04\/30\/a-cidade-mineira-a-5-horas-de-bh-com-a-primeira-universidade-tecnologica-do-brasil-e-qualidade-de-vida\/","name":"A cidade mineira a 5 horas de BH com a primeira universidade tecnol\u00f3gica do Brasil e qualidade de vida - Estado de Minas - Em foco","isPartOf":{"@id":"https:\/\/www.em.com.br\/emfoco\/#website"},"primaryImageOfPage":{"@id":"https:\/\/www.em.com.br\/emfoco\/2026\/04\/30\/a-cidade-mineira-a-5-horas-de-bh-com-a-primeira-universidade-tecnologica-do-brasil-e-qualidade-de-vida\/#primaryimage"},"image":{"@id":"https:\/\/www.em.com.br\/emfoco\/2026\/04\/30\/a-cidade-mineira-a-5-horas-de-bh-com-a-primeira-universidade-tecnologica-do-brasil-e-qualidade-de-vida\/#primaryimage"},"thumbnailUrl":"https:\/\/www.em.com.br\/emfoco\/wp-content\/uploads\/2026\/04\/ngz-Itajuba-2-87624.jpg","datePublished":"2026-04-30T22:55:00+00:00","dateModified":"2026-04-30T12:44:58+00:00","author":{"@id":"https:\/\/www.em.com.br\/emfoco\/#\/schema\/person\/364ac1852fafd00f1be20f0b8b237569"},"description":"O segredo da cidade mineira que une tecnologia de ponta e paz. Conhe\u00e7a o destino a 5 horas de BH com a 1\u00aa universidade tecnol\u00f3gica. Veja.","breadcrumb":{"@id":"https:\/\/www.em.com.br\/emfoco\/2026\/04\/30\/a-cidade-mineira-a-5-horas-de-bh-com-a-primeira-universidade-tecnologica-do-brasil-e-qualidade-de-vida\/#breadcrumb"},"inLanguage":"pt-BR","potentialAction":[{"@type":"ReadAction","target":["https:\/\/www.em.com.br\/emfoco\/2026\/04\/30\/a-cidade-mineira-a-5-horas-de-bh-com-a-primeira-universidade-tecnologica-do-brasil-e-qualidade-de-vida\/"]}]},{"@type":"ImageObject","inLanguage":"pt-BR","@id":"https:\/\/www.em.com.br\/emfoco\/2026\/04\/30\/a-cidade-mineira-a-5-horas-de-bh-com-a-primeira-universidade-tecnologica-do-brasil-e-qualidade-de-vida\/#primaryimage","url":"https:\/\/www.em.com.br\/emfoco\/wp-content\/uploads\/2026\/04\/ngz-Itajuba-2-87624.jpg","contentUrl":"https:\/\/www.em.com.br\/emfoco\/wp-content\/uploads\/2026\/04\/ngz-Itajuba-2-87624.jpg","width":1280,"height":720,"caption":"Itajub\u00e1, Minas Gerais \/\/ Cr\u00e9ditos: Wikipedia \/ Wikimedia Commons"},{"@type":"BreadcrumbList","@id":"https:\/\/www.em.com.br\/emfoco\/2026\/04\/30\/a-cidade-mineira-a-5-horas-de-bh-com-a-primeira-universidade-tecnologica-do-brasil-e-qualidade-de-vida\/#breadcrumb","itemListElement":[{"@type":"ListItem","position":1,"name":"In\u00edcio","item":"https:\/\/www.em.com.br\/emfoco\/"},{"@type":"ListItem","position":2,"name":"A cidade mineira a 5 horas de BH com a primeira universidade tecnol\u00f3gica do Brasil e qualidade de vida"}]},{"@type":"WebSite","@id":"https:\/\/www.em.com.br\/emfoco\/#website","url":"https:\/\/www.em.com.br\/emfoco\/","name":"Estado de Minas - Em foco","description":"Acompanhe as \u00faltimas not\u00edcias e fique bem informado sobre tudo o que acontece em Minas Gerais, Brasil e no mundo.","potentialAction":[{"@type":"SearchAction","target":{"@type":"EntryPoint","urlTemplate":"https:\/\/www.em.com.br\/emfoco\/?s={search_term_string}"},"query-input":{"@type":"PropertyValueSpecification","valueRequired":true,"valueName":"search_term_string"}}],"inLanguage":"pt-BR"},{"@type":"Person","@id":"https:\/\/www.em.com.br\/emfoco\/#\/schema\/person\/364ac1852fafd00f1be20f0b8b237569","name":"Vitor Bruno","image":{"@type":"ImageObject","inLanguage":"pt-BR","@id":"https:\/\/www.em.com.br\/emfoco\/#\/schema\/person\/image\/","url":"https:\/\/secure.gravatar.com\/avatar\/b719e5cdede09f942064960883b5524d?s=96&d=mm&r=g","contentUrl":"https:\/\/secure.gravatar.com\/avatar\/b719e5cdede09f942064960883b5524d?s=96&d=mm&r=g","caption":"Vitor Bruno"},"sameAs":["https:\/\/www.em.com.br\/emfoco\/"],"url":"https:\/\/www.em.com.br\/emfoco\/author\/vitormyth\/"}]}},"_links":{"self":[{"href":"https:\/\/www.em.com.br\/emfoco\/wp-json\/wp\/v2\/posts\/200530","targetHints":{"allow":["GET"]}}],"collection":[{"href":"https:\/\/www.em.com.br\/emfoco\/wp-json\/wp\/v2\/posts"}],"about":[{"href":"https:\/\/www.em.com.br\/emfoco\/wp-json\/wp\/v2\/types\/post"}],"author":[{"embeddable":true,"href":"https:\/\/www.em.com.br\/emfoco\/wp-json\/wp\/v2\/users\/6"}],"replies":[{"embeddable":true,"href":"https:\/\/www.em.com.br\/emfoco\/wp-json\/wp\/v2\/comments?post=200530"}],"version-history":[{"count":8,"href":"https:\/\/www.em.com.br\/emfoco\/wp-json\/wp\/v2\/posts\/200530\/revisions"}],"predecessor-version":[{"id":201969,"href":"https:\/\/www.em.com.br\/emfoco\/wp-json\/wp\/v2\/posts\/200530\/revisions\/201969"}],"wp:featuredmedia":[{"embeddable":true,"href":"https:\/\/www.em.com.br\/emfoco\/wp-json\/wp\/v2\/media\/201188"}],"wp:attachment":[{"href":"https:\/\/www.em.com.br\/emfoco\/wp-json\/wp\/v2\/media?parent=200530"}],"wp:term":[{"taxonomy":"category","embeddable":true,"href":"https:\/\/www.em.com.br\/emfoco\/wp-json\/wp\/v2\/categories?post=200530"},{"taxonomy":"post_tag","embeddable":true,"href":"https:\/\/www.em.com.br\/emfoco\/wp-json\/wp\/v2\/tags?post=200530"}],"curies":[{"name":"wp","href":"https:\/\/api.w.org\/{rel}","templated":true}]}}