{"id":200529,"date":"2026-04-30T18:05:00","date_gmt":"2026-04-30T21:05:00","guid":{"rendered":"https:\/\/www.em.com.br\/emfoco\/?p=200529"},"modified":"2026-04-30T09:42:49","modified_gmt":"2026-04-30T12:42:49","slug":"a-cidade-mais-quente-do-brasil-fica-em-minas-gerais-onde-o-calor-molda-a-rotina","status":"publish","type":"post","link":"https:\/\/www.em.com.br\/emfoco\/2026\/04\/30\/a-cidade-mais-quente-do-brasil-fica-em-minas-gerais-onde-o-calor-molda-a-rotina\/","title":{"rendered":"A cidade mais quente do Brasil fica em Minas Gerais, onde o calor molda a rotina"},"content":{"rendered":"\n<p>No norte de <strong>Minas Gerais<\/strong>, no cora\u00e7\u00e3o do <strong>Vale do Jequitinhonha<\/strong>, <strong>Ara\u00e7ua\u00ed<\/strong> entrou para a hist\u00f3ria em 19 de novembro de 2023 ao registrar 44,8\u00b0C, a maior temperatura j\u00e1 medida no <strong>Brasil<\/strong>. A marca, divulgada pelo <strong>Instituto Nacional de Meteorologia (INMET)<\/strong>, transformou a pequena cidade no s\u00edmbolo do calor extremo no pa\u00eds e revelou ao mundo um lugar onde a rotina se desenha em torno do sol.<\/p>\n\n\n\n<h2 class=\"wp-block-heading\">Como o term\u00f4metro chegou a 44,8\u00b0C em uma tarde de domingo?<\/h2>\n\n\n\n<p>O recorde foi medido pela esta\u00e7\u00e3o autom\u00e1tica do INMET na cidade durante a oitava onda de calor de 2023, intensificada pelo fen\u00f4meno El Ni\u00f1o. Segundo o <a href=\"https:\/\/portal.inmet.gov.br\/noticias\/2023-%C3%A9-o-mais-quente-em-174-anos-confirma-relat%C3%B3rio-da-omm\" target=\"_blank\" rel=\"noreferrer noopener\"><strong>portal oficial do INMET<\/strong><\/a>, a marca superou os 44,7\u00b0C registrados em Bom Jesus, no <strong>Piau\u00ed<\/strong>, em 21 de novembro de 2005, que detinham o recorde absoluto havia 18 anos.<\/p>\n\n\n\n<p>A combina\u00e7\u00e3o de fatores explica o term\u00f4metro fora de escala. Ara\u00e7ua\u00ed fica em uma regi\u00e3o de transi\u00e7\u00e3o entre <strong>Cerrado<\/strong>, <strong>Caatinga<\/strong> e <strong>Mata Atl\u00e2ntica<\/strong>, com clima que varia do semi\u00e1rido ao sub\u00famido. O solo exposto, a baixa umidade e a altitude modesta, de cerca de 307 metros, fazem o calor subir e demorar para dissipar.<\/p>\n\n\n<div class=\"wp-block-image\">\n<figure class=\"aligncenter size-large\"><img loading=\"lazy\" decoding=\"async\" width=\"1024\" height=\"576\" src=\"https:\/\/www.em.com.br\/emfoco\/wp-content\/uploads\/2026\/04\/ngz-Aracuai-21273-1024x576.jpg\" alt=\"\" class=\"wp-image-201185\" srcset=\"https:\/\/www.em.com.br\/emfoco\/wp-content\/uploads\/2026\/04\/ngz-Aracuai-21273-1024x576.jpg 1024w, https:\/\/www.em.com.br\/emfoco\/wp-content\/uploads\/2026\/04\/ngz-Aracuai-21273-300x169.jpg 300w, https:\/\/www.em.com.br\/emfoco\/wp-content\/uploads\/2026\/04\/ngz-Aracuai-21273-768x432.jpg 768w, https:\/\/www.em.com.br\/emfoco\/wp-content\/uploads\/2026\/04\/ngz-Aracuai-21273-750x422.jpg 750w, https:\/\/www.em.com.br\/emfoco\/wp-content\/uploads\/2026\/04\/ngz-Aracuai-21273-1140x641.jpg 1140w, https:\/\/www.em.com.br\/emfoco\/wp-content\/uploads\/2026\/04\/ngz-Aracuai-21273.jpg 1280w\" sizes=\"auto, (max-width: 1024px) 100vw, 1024px\" \/><figcaption class=\"wp-element-caption\">Ara\u00e7ua\u00ed entrou para a hist\u00f3ria em 19 de novembro de 2023 ao registrar 44,8\u00b0C, a maior temperatura j\u00e1 medida no Brasil \/\/ Cr\u00e9ditos: Wikipedia \/ Wikimedia Commons<\/figcaption><\/figure><\/div>\n\n\n<h2 class=\"wp-block-heading\">O Vale do Jequitinhonha que aprendeu a viver com o sol<\/h2>\n\n\n\n<p>O calor \u00e9 t\u00e3o antigo quanto a cidade. Ara\u00e7ua\u00ed foi elevada \u00e0 categoria de munic\u00edpio em 1871, segundo a <a href=\"https:\/\/www.aracuai.mg.gov.br\/a-cidade\/dados-do-municipio\" target=\"_blank\" rel=\"noreferrer noopener\"><strong>Prefeitura de Ara\u00e7ua\u00ed<\/strong><\/a>, e nasceu nas margens do rio Ara\u00e7ua\u00ed, afluente do <strong>Jequitinhonha<\/strong>, em uma \u00e1rea que sempre conviveu com longos per\u00edodos secos.<\/p>\n\n\n\n<p>O nome de origem ind\u00edgena significa rio das araras grandes, e a regi\u00e3o guarda tra\u00e7os de povos <strong>Botocudo<\/strong> e <strong>Tocoi\u00f3<\/strong> que habitavam a \u00e1rea antes da chegada dos europeus. Os 600 a 1.600 mil\u00edmetros anuais de chuva, segundo dados oficiais, se concentram entre outubro e mar\u00e7o, deixando praticamente metade do ano em secura intensa. As atividades cotidianas, da feira ao trabalho no campo, foram historicamente moldadas para acompanhar o sol.<\/p>\n\n\n\n<p><strong>Leia tamb\u00e9m: <a href=\"https:\/\/www.em.com.br\/emfoco\/2026\/04\/28\/a-praia-selvagem-da-capital-acessivel-so-por-trilha-ou-barco-com-lagoa-mar-azul-e-zero-predio-a-vista-no-coracao-da-capital\/\" target=\"_blank\" rel=\"noreferrer noopener\">A praia selvagem da capital: acess\u00edvel s\u00f3 por trilha ou barco, com lagoa, mar azul e zero pr\u00e9dio \u00e0 vista no cora\u00e7\u00e3o da capital<\/a><\/strong><\/p>\n\n\n\n<h2 class=\"wp-block-heading\">O que o calor extremo muda na vida de quem mora?<\/h2>\n\n\n\n<p>O dia em Ara\u00e7ua\u00ed come\u00e7a cedo e termina cedo. As feiras abrem \u00e0s quatro da manh\u00e3 e os comerciantes do Mercado Municipal ajustam o expediente para o per\u00edodo mais fresco. A constru\u00e7\u00e3o das casas segue padr\u00f5es adaptados, com telhados altos, varandas amplas e paredes de adobe que ajudam a abafar a temperatura interna.<\/p>\n\n\n\n<p>O abastecimento de \u00e1gua nas zonas rurais virou pol\u00edtica p\u00fablica permanente. O munic\u00edpio integra o semi\u00e1rido mineiro e mant\u00e9m cisternas de capta\u00e7\u00e3o de chuva, segundo registros do <strong>Instituto Federal do Norte de Minas Gerais (IFNMG)<\/strong>. Essa conviv\u00eancia com o clima rendeu \u00e0 regi\u00e3o um dos artesanatos mais celebrados do pa\u00eds, baseado no barro vermelho que s\u00f3 existe em locais como esse.<\/p>\n\n\n\n<p>Quem quer saber como \u00e9 viver na cidade&nbsp;<strong>mais quente do Brasil<\/strong>, vai curtir esse v\u00eddeo especialmente selecionado do canal&nbsp;<strong>Boa Sorte Viajante<\/strong>, que conta com mais de&nbsp;<strong>900 mil<\/strong>&nbsp;inscritos, onde&nbsp;<strong>Matheus Boa Sorte<\/strong>&nbsp;mostra os extremos e as tradi\u00e7\u00f5es de&nbsp;<strong>Ara\u00e7ua\u00ed<\/strong>&nbsp;(<strong>MG<\/strong>):<\/p>\n\n\n\n<figure class=\"wp-block-embed is-type-video is-provider-youtube wp-block-embed-youtube wp-embed-aspect-16-9 wp-has-aspect-ratio\"><div class=\"wp-block-embed__wrapper\">\n<div class=\"jeg_video_container jeg_video_content\"><iframe loading=\"lazy\" title=\"Como \u00e9 a vida na cidade MAIS QUENTE do Brasil?\" width=\"500\" height=\"281\" src=\"https:\/\/www.youtube.com\/embed\/opOSPLUwGDU?feature=oembed\" frameborder=\"0\" allow=\"accelerometer; autoplay; clipboard-write; encrypted-media; gyroscope; picture-in-picture; web-share\" referrerpolicy=\"strict-origin-when-cross-origin\" allowfullscreen><\/iframe><\/div>\n<\/div><\/figure>\n\n\n\n<h2 class=\"wp-block-heading\">Pequena no mapa, gigante na cultura popular<\/h2>\n\n\n\n<p>Com 35.185 habitantes em 2025, segundo o <a href=\"https:\/\/www.ibge.gov.br\/cidades-e-estados\/mg\/aracuai.html\" target=\"_blank\" rel=\"noreferrer noopener\"><strong>Instituto Brasileiro de Geografia e Estat\u00edstica (IBGE)<\/strong><\/a>, Ara\u00e7ua\u00ed ocupa 2.236 km\u00b2 e tem densidade demogr\u00e1fica de apenas 15,34 hab\/km\u00b2. O PIB per capita gira em torno de R$ 31.544,84, e a escolariza\u00e7\u00e3o entre 6 e 14 anos chega a 99,77%.<\/p>\n\n\n\n<p>A cidade \u00e9 considerada a capital cultural do m\u00e9dio Jequitinhonha. Abriga o <strong>Museu Frei Chico<\/strong>, fundado pela artista <strong>Maria Lira Marques<\/strong> e pelo frei holand\u00eas <strong>Francisco van der Poel<\/strong>, e \u00e9 sede do <strong>Coral Trovadores do Vale<\/strong>, criado em 1970 para preservar cantos tradicionais. As cer\u00e2micas das oleiras locais, com bonecas e m\u00e1scaras de barro, s\u00e3o exportadas para B\u00e9lgica, Holanda, Fran\u00e7a e Estados Unidos, segundo registro do <a href=\"https:\/\/bdmgcultural.mg.gov.br\/artigos\/maria-lira-marques-a-arte-lirica-de-um-sertao-afro-indigena\/\" target=\"_blank\" rel=\"noreferrer noopener\"><strong>BDMG Cultural<\/strong><\/a>.<\/p>\n\n\n\n<h2 class=\"wp-block-heading\">O que ver e provar quando o sol baixa<\/h2>\n\n\n\n<p>O turismo em Ara\u00e7ua\u00ed \u00e9 cultural e exige planejamento de hor\u00e1rio. As visitas concentram-se no fim da tarde e nas manh\u00e3s, quando a temperatura cede:<\/p>\n\n\n\n<ul class=\"wp-block-list has-medium-font-size\">\n<li><strong>Mercado Municipal de Ara\u00e7ua\u00ed<\/strong>: pr\u00e9dio hist\u00f3rico inaugurado em 1961, polo cultural com cer\u00e2mica do Vale, queijos, geleias e doces caseiros.<\/li>\n\n\n\n<li><strong>Museu Frei Chico<\/strong>: acervo de cultura popular, religiosidade afro-ind\u00edgena e pe\u00e7as de Maria Lira Marques, mantido pela artista na pr\u00f3pria cidade.<\/li>\n\n\n\n<li><strong>Igreja Matriz de Nossa Senhora do Ros\u00e1rio<\/strong>: constru\u00e7\u00e3o do s\u00e9culo XIX no centro hist\u00f3rico, ponto de partida para caminhadas pelo casario antigo.<\/li>\n\n\n\n<li><strong>Encontro dos rios Ara\u00e7ua\u00ed e Jequitinhonha<\/strong>: a conflu\u00eancia marca o ponto onde a cidade nasceu e oferece um p\u00f4r do sol cinematogr\u00e1fico no Vale.<\/li>\n\n\n\n<li><strong>Micareta de Ara\u00e7ua\u00ed<\/strong>: carnaval fora de \u00e9poca realizado em setembro, no anivers\u00e1rio da cidade, com trios el\u00e9tricos e blocos tradicionais.<\/li>\n<\/ul>\n\n\n\n<p>A gastronomia carrega o jeito sertanejo do Vale, com pratos pensados para suportar o calor:<\/p>\n\n\n\n<ul class=\"wp-block-list has-medium-font-size\">\n<li><strong>Peixes do Jequitinhonha<\/strong>: surubim, dourado e curimat\u00e1 servidos fritos ou ensopados com pir\u00e3o de farinha de mandioca.<\/li>\n\n\n\n<li><strong>Geleia de mocot\u00f3<\/strong>: doce escuro vendido nas bancas do Mercado Municipal h\u00e1 d\u00e9cadas, especialidade das doceiras locais.<\/li>\n\n\n\n<li><strong>Queijo serenado<\/strong>: amadurecido ao relento, com sabor mais intenso que o queijo mineiro tradicional.<\/li>\n\n\n\n<li><strong>Cacha\u00e7as artesanais<\/strong>: produ\u00e7\u00e3o familiar do Vale do Jequitinhonha, com alambiques que abastecem feiras de toda a regi\u00e3o norte mineira.<\/li>\n<\/ul>\n\n\n\n<h2 class=\"wp-block-heading\">Quando ir e como chegar \u00e0 terra do recorde?<\/h2>\n\n\n\n<p>O per\u00edodo mais ameno vai de maio a agosto, quando a temperatura \u00e0 tarde costuma ficar entre 28\u00b0C e 32\u00b0C. Entre outubro e mar\u00e7o, o term\u00f4metro frequentemente passa dos 38\u00b0C ao meio-dia.<\/p>\n\n\n\n<style>\n    .ant-grid { \n        --cor-primaria: #1a2a57;\n        --cor-secundaria: #1a2a57;\n        --cor-txt-secundaria: #ffffff; \n        display: grid; grid-template-columns: repeat(auto-fit, minmax(190px, 1fr)); gap: 15px; justify-content: center; padding: 10px;\n    }\n    .ant-card { \n        border: 5px solid var(--cor-primaria); border-top: 5px solid var(--cor-secundaria); \n        border-radius: 4px; background-color: var(--cor-primaria); background-clip: padding-box; \n        display: flex; flex-direction: column; overflow: hidden; cursor: pointer; \n        box-shadow: 0 6px 12px rgba(0,0,0, 0.2); transition: transform 0.2s ease, box-shadow 0.2s ease; \n        -webkit-tap-highlight-color: transparent; user-select: none; transform: translateZ(0);\n        animation: wmFadeIn 0.6s cubic-bezier(0.2, 0.8, 0.2, 1) backwards;\n    }\n    .ant-card:nth-child(1) { animation-delay: 0.1s; } .ant-card:nth-child(2) { animation-delay: 0.2s; }\n    .ant-card:nth-child(3) { animation-delay: 0.3s; } .ant-card:nth-child(4) { animation-delay: 0.4s; }\n    @keyframes wmFadeIn { from { opacity: 0; transform: translateY(30px); } to { opacity: 1; transform: translateY(0); } }\n    .ant-card:hover { transform: translateY(-5px); box-shadow: 0 15px 30px rgba(0,0,0, 0.3); }\n    .ant-card:active { transform: translateY(-1px) scale(0.97); box-shadow: 0 3px 6px rgba(0,0,0, 0.2); transition: transform 0.05s ease, box-shadow 0.05s ease; }\n    .ant-header { background: #f0f8f9; padding: 15px 10px; text-align: center; display: flex; flex-direction: column; align-items: center; justify-content: center; }\n    .ant-body { background: #ffffff; padding: 15px; display: flex; flex-direction: column; flex-grow: 1; align-items: center; }\n    .ant-card-destaque { box-shadow: 0 8px 16px rgba(0,0,0, 0.25); }\n    .ant-card-destaque:hover { box-shadow: 0 18px 36px rgba(0,0,0, 0.35); }\n    .ant-card-destaque .ant-header { background: var(--cor-secundaria); }\n    .ant-card-destaque .ant-header .ant-titulo { color: var(--cor-txt-secundaria) !important; } \n    .pill-ant { display: flex; white-space: normal; max-width: 100%; box-sizing: border-box; justify-content: center; align-items: center; text-align: center; background: #e0f4f6; color: var(--cor-primaria); font-size: 11px; font-weight: 900 !important; letter-spacing: 0.5px; padding: 8px 16px; border-radius: 4px; text-transform: uppercase; line-height: 1.4; box-shadow: 0 4px 8px rgba(0,0,0, 0.15); margin-top: auto; transition: transform 0.2s ease; }\n    .ant-card-destaque .pill-ant { background: var(--cor-primaria); color: var(--cor-txt-secundaria); } \n    .ant-card:hover .pill-ant { transform: scale(1.06); }\n    .pill-ant span { font-weight: 900 !important; color: inherit; } \n    .ant-emoji { font-size: 24px; line-height: 1; margin-bottom: 5px; }\n    .ant-titulo { color: var(--cor-primaria); font-size: 16px; text-transform: uppercase; margin-top: 5px; font-weight: bold; }\n    .ant-mes { font-size: 11px; font-weight: 800; color: var(--cor-primaria); text-transform: uppercase; margin-bottom: 5px; }\n    .ant-temp { font-size: 26px; font-weight: 900; color: var(--cor-primaria); margin-bottom: 10px; }\n    .ant-desc { font-size: 13px; color: #444; text-align: center; line-height: 1.5; margin-bottom: 15px; flex-grow: 1;}\n    .ant-desc strong { color: #111; }\n    @media (prefers-color-scheme: dark) {\n        .ant-card { border-color: #1b7a8c; background-color: #1b7a8c; box-shadow: 0 6px 12px rgba(0,0,0, 0.5); }\n        .ant-header { background: #1a1a1a; } .ant-body { background: #121212; }\n        .ant-card-destaque .ant-header { background: var(--cor-secundaria); }\n        .ant-card-destaque .ant-header .ant-titulo { color: var(--cor-txt-secundaria) !important; }\n        .ant-titulo { color: #5ce1f5; } .ant-mes { color: #8eeaf7; } .ant-temp { color: #5ce1f5; } .ant-desc { color: #cccccc; } .ant-desc strong { color: #ffffff; }\n        .pill-ant { background: #1a1a1a; color: #5ce1f5; box-shadow: 0 4px 8px rgba(0, 0, 0, 0.5); }\n        .ant-card-destaque .pill-ant { background: var(--cor-primaria); color: var(--cor-txt-secundaria); }\n    }\n<\/style>\n<div class=\"google-auto-ads-ignore ant-grid\" style=\"box-sizing: border-box; width: 100%; max-width: 980px; margin: 30px auto; font-family: 'Segoe UI', Roboto, Helvetica, Arial, sans-serif;\">\n    <div class=\"ant-card\">\n        <div class=\"ant-header\">\n            <div class=\"ant-emoji\">\ud83e\udd75<\/div>\n            <div class=\"ant-titulo\">Ver\u00e3o<\/div>\n        <\/div>\n        <div class=\"ant-body\">\n            <div class=\"ant-mes\">Dezembro a Fevereiro<\/div>\n            <div class=\"ant-temp\">22\u00b0C a 38\u00b0C<\/div>\n            <div class=\"ant-desc\">Calor perigosamente intenso. Proteja-se com <strong>Programas em ambiente fechado e fim de tarde<\/strong>.<\/div>\n            <div class=\"pill-ant\"><span>\u2614 CHUVA ALTA<\/span><\/div>\n        <\/div>\n    <\/div>\n    <div class=\"ant-card\">\n        <div class=\"ant-header\">\n            <div class=\"ant-emoji\">\ud83c\udffa<\/div>\n            <div class=\"ant-titulo\">Outono<\/div>\n        <\/div>\n        <div class=\"ant-body\">\n            <div class=\"ant-mes\">Mar\u00e7o a Maio<\/div>\n            <div class=\"ant-temp\">18\u00b0C a 32\u00b0C<\/div>\n            <div class=\"ant-desc\">As temperaturas aos poucos normalizam. Descubra as riquezas no <strong>Mercado Municipal e museus<\/strong>.<\/div>\n            <div class=\"pill-ant\"><span>\ud83c\udf27\ufe0f CHUVA M\u00c9DIA<\/span><\/div>\n        <\/div>\n    <\/div>\n    <div class=\"ant-card ant-card-destaque\">\n        <div class=\"ant-header\">\n            <div class=\"ant-emoji\">\ud83d\udeb6<\/div>\n            <div class=\"ant-titulo\">Inverno<\/div>\n        <\/div>\n        <div class=\"ant-body\">\n            <div class=\"ant-mes\">Junho a Agosto<\/div>\n            <div class=\"ant-temp\">14\u00b0C a 30\u00b0C<\/div>\n            <div class=\"ant-desc\">Fase amena e perfeita na Terra do Recorde. \u00d3tima para <strong>Caminhadas pelo centro hist\u00f3rico e festivais<\/strong>.<\/div>\n            <div class=\"pill-ant\"><span>\u2b50 MELHOR \u00c9POCA<\/span><\/div>\n        <\/div>\n    <\/div>\n    <div class=\"ant-card\">\n        <div class=\"ant-header\">\n            <div class=\"ant-emoji\">\ud83e\ude98<\/div>\n            <div class=\"ant-titulo\">Primavera<\/div>\n        <\/div>\n        <div class=\"ant-body\">\n            <div class=\"ant-mes\">Setembro a Novembro<\/div>\n            <div class=\"ant-temp\">20\u00b0C a 40\u00b0C<\/div>\n            <div class=\"ant-desc\">O calor volta a bater fortes recordes na cidade. Entre no clima da <strong>Micareta de Ara\u00e7ua\u00ed em setembro<\/strong>.<\/div>\n            <div class=\"pill-ant\"><span>\ud83c\udf27\ufe0f CHUVA CRESCENTE<\/span><\/div>\n        <\/div>\n    <\/div>\n<\/div>\n\n\n\n<p><em>Temperaturas aproximadas com base no <a href=\"https:\/\/www.climatempo.com.br\/previsao-do-tempo\/cidade\/102\/aracuai-mg\" target=\"_blank\" rel=\"noreferrer noopener\"><strong>Climatempo<\/strong><\/a>. Condi\u00e7\u00f5es podem variar.<\/em><\/p>\n\n\n\n<p>O acesso \u00e9 pela <strong>BR-367<\/strong>, que liga a cidade a <strong>Diamantina<\/strong> e \u00e0 capital mineira. A viagem de carro a partir de <strong>Belo Horizonte<\/strong> leva cerca de oito horas. Os aeroportos mais pr\u00f3ximos ficam em <strong>Te\u00f3filo Otoni<\/strong>, a 220 km, e <strong>Montes Claros<\/strong>, a 280 km.<\/p>\n\n\n\n<h2 class=\"wp-block-heading\">Conhe\u00e7a a cidade que carrega o term\u00f4metro do Brasil<\/h2>\n\n\n\n<p>Ara\u00e7ua\u00ed \u00e9 mais do que o ponto onde os 44,8\u00b0C entraram para a hist\u00f3ria. \u00c9 um Vale inteiro condensado em ruas que respiram cer\u00e2mica, canto e resist\u00eancia ao sert\u00e3o.<\/p>\n\n\n\n<p>Voc\u00ea precisa visitar Ara\u00e7ua\u00ed ao fim de uma tarde de inverno e ouvir o Coral Trovadores do Vale para entender por que o calor, ali, virou identidade.<\/p>\n","protected":false},"excerpt":{"rendered":"<p>No norte de Minas Gerais, no cora\u00e7\u00e3o do Vale do Jequitinhonha, Ara\u00e7ua\u00ed entrou para a hist\u00f3ria em 19 de novembro de 2023 ao registrar 44,8\u00b0C, a maior temperatura j\u00e1 medida no Brasil. A marca, divulgada pelo Instituto Nacional de Meteorologia (INMET), transformou a pequena cidade no s\u00edmbolo do calor extremo no pa\u00eds e revelou ao [&hellip;]<\/p>\n","protected":false},"author":6,"featured_media":201960,"comment_status":"open","ping_status":"open","sticky":false,"template":"","format":"standard","meta":{"jnews-multi-image_gallery":[],"jnews_single_post":{"format":"standard"},"jnews_primary_category":[],"jnews_social_meta":[],"jnews_override_counter":[],"footnotes":""},"categories":[26],"tags":[183],"class_list":["post-200529","post","type-post","status-publish","format-standard","has-post-thumbnail","hentry","category-cidades","tag-cidades"],"yoast_head":"<!-- This site is optimized with the Yoast SEO plugin v23.8 - https:\/\/yoast.com\/wordpress\/plugins\/seo\/ -->\n<title>A cidade mais quente do Brasil fica em Minas Gerais, onde o calor molda a rotina - Estado de Minas - Em foco<\/title>\n<meta name=\"description\" content=\"Conhe\u00e7a a cidade de Minas Gerais que bateu o recorde de calor no Brasil e veja como a temperatura extrema transforma a rotina local todo dia.\" \/>\n<meta name=\"robots\" content=\"index, follow, max-snippet:-1, max-image-preview:large, max-video-preview:-1\" \/>\n<link rel=\"canonical\" href=\"https:\/\/www.em.com.br\/emfoco\/2026\/04\/30\/a-cidade-mais-quente-do-brasil-fica-em-minas-gerais-onde-o-calor-molda-a-rotina\/\" \/>\n<meta property=\"og:locale\" content=\"pt_BR\" \/>\n<meta property=\"og:type\" content=\"article\" \/>\n<meta property=\"og:title\" content=\"A cidade mais quente do Brasil fica em Minas Gerais, onde o calor molda a rotina - Estado de Minas - Em foco\" \/>\n<meta property=\"og:description\" content=\"Conhe\u00e7a a cidade de Minas Gerais que bateu o recorde de calor no Brasil e veja como a temperatura extrema transforma a rotina local todo dia.\" \/>\n<meta property=\"og:url\" content=\"https:\/\/www.em.com.br\/emfoco\/2026\/04\/30\/a-cidade-mais-quente-do-brasil-fica-em-minas-gerais-onde-o-calor-molda-a-rotina\/\" \/>\n<meta property=\"og:site_name\" content=\"Estado de Minas - Em foco\" \/>\n<meta property=\"article:published_time\" content=\"2026-04-30T21:05:00+00:00\" \/>\n<meta property=\"article:modified_time\" content=\"2026-04-30T12:42:49+00:00\" \/>\n<meta property=\"og:image\" content=\"https:\/\/www.em.com.br\/emfoco\/wp-content\/uploads\/2026\/04\/Arid_cityscape_extreme_heat_Brazil_202604300941.jpg\" \/>\n\t<meta property=\"og:image:width\" content=\"1280\" \/>\n\t<meta property=\"og:image:height\" content=\"720\" \/>\n\t<meta property=\"og:image:type\" content=\"image\/jpeg\" \/>\n<meta name=\"author\" content=\"Vitor Bruno\" \/>\n<meta name=\"twitter:card\" content=\"summary_large_image\" \/>\n<meta name=\"twitter:label1\" content=\"Escrito por\" \/>\n\t<meta name=\"twitter:data1\" content=\"Vitor Bruno\" \/>\n\t<meta name=\"twitter:label2\" content=\"Est. tempo de leitura\" \/>\n\t<meta name=\"twitter:data2\" content=\"7 minutos\" \/>\n<!-- \/ Yoast SEO plugin. -->","yoast_head_json":{"title":"A cidade mais quente do Brasil fica em Minas Gerais, onde o calor molda a rotina - Estado de Minas - Em foco","description":"Conhe\u00e7a a cidade de Minas Gerais que bateu o recorde de calor no Brasil e veja como a temperatura extrema transforma a rotina local todo dia.","robots":{"index":"index","follow":"follow","max-snippet":"max-snippet:-1","max-image-preview":"max-image-preview:large","max-video-preview":"max-video-preview:-1"},"canonical":"https:\/\/www.em.com.br\/emfoco\/2026\/04\/30\/a-cidade-mais-quente-do-brasil-fica-em-minas-gerais-onde-o-calor-molda-a-rotina\/","og_locale":"pt_BR","og_type":"article","og_title":"A cidade mais quente do Brasil fica em Minas Gerais, onde o calor molda a rotina - Estado de Minas - Em foco","og_description":"Conhe\u00e7a a cidade de Minas Gerais que bateu o recorde de calor no Brasil e veja como a temperatura extrema transforma a rotina local todo dia.","og_url":"https:\/\/www.em.com.br\/emfoco\/2026\/04\/30\/a-cidade-mais-quente-do-brasil-fica-em-minas-gerais-onde-o-calor-molda-a-rotina\/","og_site_name":"Estado de Minas - Em foco","article_published_time":"2026-04-30T21:05:00+00:00","article_modified_time":"2026-04-30T12:42:49+00:00","og_image":[{"width":1280,"height":720,"url":"https:\/\/www.em.com.br\/emfoco\/wp-content\/uploads\/2026\/04\/Arid_cityscape_extreme_heat_Brazil_202604300941.jpg","type":"image\/jpeg"}],"author":"Vitor Bruno","twitter_card":"summary_large_image","twitter_misc":{"Escrito por":"Vitor Bruno","Est. tempo de leitura":"7 minutos"},"schema":{"@context":"https:\/\/schema.org","@graph":[{"@type":"WebPage","@id":"https:\/\/www.em.com.br\/emfoco\/2026\/04\/30\/a-cidade-mais-quente-do-brasil-fica-em-minas-gerais-onde-o-calor-molda-a-rotina\/","url":"https:\/\/www.em.com.br\/emfoco\/2026\/04\/30\/a-cidade-mais-quente-do-brasil-fica-em-minas-gerais-onde-o-calor-molda-a-rotina\/","name":"A cidade mais quente do Brasil fica em Minas Gerais, onde o calor molda a rotina - Estado de Minas - Em foco","isPartOf":{"@id":"https:\/\/www.em.com.br\/emfoco\/#website"},"primaryImageOfPage":{"@id":"https:\/\/www.em.com.br\/emfoco\/2026\/04\/30\/a-cidade-mais-quente-do-brasil-fica-em-minas-gerais-onde-o-calor-molda-a-rotina\/#primaryimage"},"image":{"@id":"https:\/\/www.em.com.br\/emfoco\/2026\/04\/30\/a-cidade-mais-quente-do-brasil-fica-em-minas-gerais-onde-o-calor-molda-a-rotina\/#primaryimage"},"thumbnailUrl":"https:\/\/www.em.com.br\/emfoco\/wp-content\/uploads\/2026\/04\/Arid_cityscape_extreme_heat_Brazil_202604300941.jpg","datePublished":"2026-04-30T21:05:00+00:00","dateModified":"2026-04-30T12:42:49+00:00","author":{"@id":"https:\/\/www.em.com.br\/emfoco\/#\/schema\/person\/364ac1852fafd00f1be20f0b8b237569"},"description":"Conhe\u00e7a a cidade de Minas Gerais que bateu o recorde de calor no Brasil e veja como a temperatura extrema transforma a rotina local todo dia.","breadcrumb":{"@id":"https:\/\/www.em.com.br\/emfoco\/2026\/04\/30\/a-cidade-mais-quente-do-brasil-fica-em-minas-gerais-onde-o-calor-molda-a-rotina\/#breadcrumb"},"inLanguage":"pt-BR","potentialAction":[{"@type":"ReadAction","target":["https:\/\/www.em.com.br\/emfoco\/2026\/04\/30\/a-cidade-mais-quente-do-brasil-fica-em-minas-gerais-onde-o-calor-molda-a-rotina\/"]}]},{"@type":"ImageObject","inLanguage":"pt-BR","@id":"https:\/\/www.em.com.br\/emfoco\/2026\/04\/30\/a-cidade-mais-quente-do-brasil-fica-em-minas-gerais-onde-o-calor-molda-a-rotina\/#primaryimage","url":"https:\/\/www.em.com.br\/emfoco\/wp-content\/uploads\/2026\/04\/Arid_cityscape_extreme_heat_Brazil_202604300941.jpg","contentUrl":"https:\/\/www.em.com.br\/emfoco\/wp-content\/uploads\/2026\/04\/Arid_cityscape_extreme_heat_Brazil_202604300941.jpg","width":1280,"height":720,"caption":"A cidade mais quente do Brasil fica em Minas Gerais, onde o calor molda a rotina \/\/ IMAGEM ILUSTRATIVA"},{"@type":"BreadcrumbList","@id":"https:\/\/www.em.com.br\/emfoco\/2026\/04\/30\/a-cidade-mais-quente-do-brasil-fica-em-minas-gerais-onde-o-calor-molda-a-rotina\/#breadcrumb","itemListElement":[{"@type":"ListItem","position":1,"name":"In\u00edcio","item":"https:\/\/www.em.com.br\/emfoco\/"},{"@type":"ListItem","position":2,"name":"A cidade mais quente do Brasil fica em Minas Gerais, onde o calor molda a rotina"}]},{"@type":"WebSite","@id":"https:\/\/www.em.com.br\/emfoco\/#website","url":"https:\/\/www.em.com.br\/emfoco\/","name":"Estado de Minas - Em foco","description":"Acompanhe as \u00faltimas not\u00edcias e fique bem informado sobre tudo o que acontece em Minas Gerais, Brasil e no mundo.","potentialAction":[{"@type":"SearchAction","target":{"@type":"EntryPoint","urlTemplate":"https:\/\/www.em.com.br\/emfoco\/?s={search_term_string}"},"query-input":{"@type":"PropertyValueSpecification","valueRequired":true,"valueName":"search_term_string"}}],"inLanguage":"pt-BR"},{"@type":"Person","@id":"https:\/\/www.em.com.br\/emfoco\/#\/schema\/person\/364ac1852fafd00f1be20f0b8b237569","name":"Vitor Bruno","image":{"@type":"ImageObject","inLanguage":"pt-BR","@id":"https:\/\/www.em.com.br\/emfoco\/#\/schema\/person\/image\/","url":"https:\/\/secure.gravatar.com\/avatar\/b719e5cdede09f942064960883b5524d?s=96&d=mm&r=g","contentUrl":"https:\/\/secure.gravatar.com\/avatar\/b719e5cdede09f942064960883b5524d?s=96&d=mm&r=g","caption":"Vitor Bruno"},"sameAs":["https:\/\/www.em.com.br\/emfoco\/"],"url":"https:\/\/www.em.com.br\/emfoco\/author\/vitormyth\/"}]}},"_links":{"self":[{"href":"https:\/\/www.em.com.br\/emfoco\/wp-json\/wp\/v2\/posts\/200529","targetHints":{"allow":["GET"]}}],"collection":[{"href":"https:\/\/www.em.com.br\/emfoco\/wp-json\/wp\/v2\/posts"}],"about":[{"href":"https:\/\/www.em.com.br\/emfoco\/wp-json\/wp\/v2\/types\/post"}],"author":[{"embeddable":true,"href":"https:\/\/www.em.com.br\/emfoco\/wp-json\/wp\/v2\/users\/6"}],"replies":[{"embeddable":true,"href":"https:\/\/www.em.com.br\/emfoco\/wp-json\/wp\/v2\/comments?post=200529"}],"version-history":[{"count":6,"href":"https:\/\/www.em.com.br\/emfoco\/wp-json\/wp\/v2\/posts\/200529\/revisions"}],"predecessor-version":[{"id":201964,"href":"https:\/\/www.em.com.br\/emfoco\/wp-json\/wp\/v2\/posts\/200529\/revisions\/201964"}],"wp:featuredmedia":[{"embeddable":true,"href":"https:\/\/www.em.com.br\/emfoco\/wp-json\/wp\/v2\/media\/201960"}],"wp:attachment":[{"href":"https:\/\/www.em.com.br\/emfoco\/wp-json\/wp\/v2\/media?parent=200529"}],"wp:term":[{"taxonomy":"category","embeddable":true,"href":"https:\/\/www.em.com.br\/emfoco\/wp-json\/wp\/v2\/categories?post=200529"},{"taxonomy":"post_tag","embeddable":true,"href":"https:\/\/www.em.com.br\/emfoco\/wp-json\/wp\/v2\/tags?post=200529"}],"curies":[{"name":"wp","href":"https:\/\/api.w.org\/{rel}","templated":true}]}}