{"id":200528,"date":"2026-04-30T15:05:00","date_gmt":"2026-04-30T18:05:00","guid":{"rendered":"https:\/\/www.em.com.br\/emfoco\/?p=200528"},"modified":"2026-04-30T09:37:31","modified_gmt":"2026-04-30T12:37:31","slug":"a-cidade-onde-dom-pedro-ii-passava-os-veroes-tem-clima-de-europa-e-o-segundo-maior-festival-alemao-do-brasil","status":"publish","type":"post","link":"https:\/\/www.em.com.br\/emfoco\/2026\/04\/30\/a-cidade-onde-dom-pedro-ii-passava-os-veroes-tem-clima-de-europa-e-o-segundo-maior-festival-alemao-do-brasil\/","title":{"rendered":"A cidade onde Dom Pedro II passava os ver\u00f5es tem clima de Europa e o segundo maior festival alem\u00e3o do Brasil"},"content":{"rendered":"\n<p>Fundada por ordem de <strong>Dom Pedro II<\/strong> em 1843, <strong>Petr\u00f3polis<\/strong> ainda guarda o ar de corte na serra fluminense. A cidade nasceu como ref\u00fagio de ver\u00e3o da fam\u00edlia imperial e abriga a primeira cervejaria do pa\u00eds, o segundo maior festival alem\u00e3o do Brasil e a \u00fanica casa que <strong>Santos Dumont<\/strong> construiu para si.<\/p>\n\n\n\n<h2 class=\"wp-block-heading\">O passado que ainda se v\u00ea nas ruas da serra<\/h2>\n\n\n\n<p>O imperador escolheu o vale do rio Quitandinha para erguer seu pal\u00e1cio de ver\u00e3o. As ruas foram desenhadas pelo engenheiro alem\u00e3o <strong>J\u00falio Frederico K\u00f6eler<\/strong>, que importou o tra\u00e7ado europeu para o meio da <strong>Mata Atl\u00e2ntica<\/strong>. Em 1853, a <strong>Cervejaria Bohemia<\/strong> abriu as portas como a primeira do <strong>Brasil<\/strong>, conquistou a Corte e hoje funciona como museu interativo da cerveja.<\/p>\n\n\n\n<p>Em 1903, a cidade foi palco da assinatura do <strong>Tratado de Petr\u00f3polis<\/strong>, que incorporou o <strong>Acre<\/strong> ao territ\u00f3rio brasileiro. D\u00e9cadas depois, o <strong>Pal\u00e1cio Quitandinha<\/strong> foi inaugurado em 1944 como o maior hotel-cassino da <strong>Am\u00e9rica Latina<\/strong>, segundo registros do <a href=\"https:\/\/www.petropolis.rj.gov.br\/turispetro\/atrativos\" target=\"_blank\" rel=\"noreferrer noopener\"><strong>portal Turispetro da Prefeitura<\/strong><\/a>. Esse acervo rendeu \u00e0 cidade o tombamento federal pelo <strong>Instituto do Patrim\u00f4nio Hist\u00f3rico e Art\u00edstico Nacional (IPHAN)<\/strong> ainda em 1964.<\/p>\n\n\n<div class=\"wp-block-image\">\n<figure class=\"aligncenter size-large\"><img loading=\"lazy\" decoding=\"async\" width=\"1024\" height=\"576\" src=\"https:\/\/www.em.com.br\/emfoco\/wp-content\/uploads\/2025\/12\/Petropolis_1738977725245-1024x576.jpg\" alt=\"A \u00fanica cidade planejada por um imperador nas Am\u00e9ricas fica a 1 hora da capital e se tornou a mais segura do estado\" class=\"wp-image-140026\" srcset=\"https:\/\/www.em.com.br\/emfoco\/wp-content\/uploads\/2025\/12\/Petropolis_1738977725245-1024x576.jpg 1024w, https:\/\/www.em.com.br\/emfoco\/wp-content\/uploads\/2025\/12\/Petropolis_1738977725245-300x169.jpg 300w, https:\/\/www.em.com.br\/emfoco\/wp-content\/uploads\/2025\/12\/Petropolis_1738977725245-768x432.jpg 768w, https:\/\/www.em.com.br\/emfoco\/wp-content\/uploads\/2025\/12\/Petropolis_1738977725245-750x422.jpg 750w, https:\/\/www.em.com.br\/emfoco\/wp-content\/uploads\/2025\/12\/Petropolis_1738977725245-1140x641.jpg 1140w, https:\/\/www.em.com.br\/emfoco\/wp-content\/uploads\/2025\/12\/Petropolis_1738977725245.jpg 1280w\" sizes=\"auto, (max-width: 1024px) 100vw, 1024px\" \/><figcaption class=\"wp-element-caption\">Conhecida como \u201cCidade Imperial\u201d, Petr\u00f3polis une hist\u00f3ria, conforto e paisagens serranas deslumbrantes \/\/ Cr\u00e9ditos: depositphotos.com \/ julioricco<\/figcaption><\/figure><\/div>\n\n\n<h2 class=\"wp-block-heading\">Reconhecimento federal e amplia\u00e7\u00e3o do tombamento<\/h2>\n\n\n\n<p>Em mar\u00e7o de 2026, o Minist\u00e9rio da Cultura homologou a quarta revis\u00e3o do tombamento, agora chamado oficialmente Conjunto Urbano-Paisag\u00edstico e Unidades Fabris de Petr\u00f3polis. Segundo o <a href=\"https:\/\/www.gov.br\/iphan\/pt-br\/assuntos\/noticias\/ampliacao-do-tombamento-de-petropolis-rj-e-homologada-pelo-ministerio-da-cultura\" target=\"_blank\" rel=\"noreferrer noopener\"><strong>IPHAN<\/strong><\/a>, a \u00e1rea protegida foi ampliada na regi\u00e3o central, e as encostas cobertas por <strong>Mata Atl\u00e2ntica<\/strong> passaram a integrar oficialmente o patrim\u00f4nio cultural, com gest\u00e3o conjunta entre IPHAN, <strong>Instituto Chico Mendes de Conserva\u00e7\u00e3o da Biodiversidade (ICMBio)<\/strong> e prefeitura.<\/p>\n\n\n\n<p>A medida reconheceu o papel estruturador dos rios e da paisagem natural na forma\u00e7\u00e3o hist\u00f3rica da cidade. O <strong>Complexo Fabril de Cascatinha<\/strong>, com pontes de ferro e p\u00f3rticos, e a vila oper\u00e1ria da antiga F\u00e1brica de Tecidos Cometa tamb\u00e9m entraram para o conjunto protegido.<\/p>\n\n\n<div class=\"wp-block-image\">\n<figure class=\"aligncenter size-large\"><img loading=\"lazy\" decoding=\"async\" width=\"1024\" height=\"576\" src=\"https:\/\/www.em.com.br\/emfoco\/wp-content\/uploads\/2025\/12\/Petropolis_1734221371799-1024x576.jpg\" alt=\"A \u00fanica cidade planejada por um imperador nas Am\u00e9ricas fica a 1 hora da capital e se tornou a mais segura do estado\" class=\"wp-image-140025\" srcset=\"https:\/\/www.em.com.br\/emfoco\/wp-content\/uploads\/2025\/12\/Petropolis_1734221371799-1024x576.jpg 1024w, https:\/\/www.em.com.br\/emfoco\/wp-content\/uploads\/2025\/12\/Petropolis_1734221371799-300x169.jpg 300w, https:\/\/www.em.com.br\/emfoco\/wp-content\/uploads\/2025\/12\/Petropolis_1734221371799-768x432.jpg 768w, https:\/\/www.em.com.br\/emfoco\/wp-content\/uploads\/2025\/12\/Petropolis_1734221371799-750x422.jpg 750w, https:\/\/www.em.com.br\/emfoco\/wp-content\/uploads\/2025\/12\/Petropolis_1734221371799-1140x642.jpg 1140w, https:\/\/www.em.com.br\/emfoco\/wp-content\/uploads\/2025\/12\/Petropolis_1734221371799.jpg 1279w\" sizes=\"auto, (max-width: 1024px) 100vw, 1024px\" \/><figcaption class=\"wp-element-caption\">Petr\u00f3polis funciona como um ref\u00fagio hist\u00f3rico e clim\u00e1tico perto da capital \/\/ Cr\u00e9ditos: depositphotos.com \/ eduazeredo<\/figcaption><\/figure><\/div>\n\n\n<p><strong>Leia tamb\u00e9m: <a href=\"https:\/\/www.em.com.br\/emfoco\/2026\/04\/28\/a-praia-selvagem-da-capital-acessivel-so-por-trilha-ou-barco-com-lagoa-mar-azul-e-zero-predio-a-vista-no-coracao-da-capital\/\" target=\"_blank\" rel=\"noreferrer noopener\">A praia selvagem da capital: acess\u00edvel s\u00f3 por trilha ou barco, com lagoa, mar azul e zero pr\u00e9dio \u00e0 vista no cora\u00e7\u00e3o da capital<\/a><\/strong><\/p>\n\n\n\n<h2 class=\"wp-block-heading\">O que visitar al\u00e9m dos museus na cidade serrana<\/h2>\n\n\n\n<p>A serra guarda trilhas, mirantes e um centro hist\u00f3rico que cabe em um final de semana. As principais atra\u00e7\u00f5es:<\/p>\n\n\n\n<ul class=\"wp-block-list has-medium-font-size\">\n<li><strong>Museu Imperial<\/strong>: antigo pal\u00e1cio de ver\u00e3o de Dom Pedro II, constru\u00eddo entre 1845 e 1862, com a coroa imperial em exposi\u00e7\u00e3o. Visitantes usam pantufas para preservar o piso original.<\/li>\n\n\n\n<li><strong>Catedral de S\u00e3o Pedro de Alc\u00e2ntara<\/strong>: templo em estilo neog\u00f3tico que abriga o mausol\u00e9u da fam\u00edlia imperial, com os restos mortais de Dom Pedro II, <strong>Teresa Cristina<\/strong>, <strong>Princesa Isabel<\/strong> e Conde D&#8217;Eu.<\/li>\n\n\n\n<li><strong>Casa de Santos Dumont<\/strong>: a \u201cEncantada\u201d, \u00fanica resid\u00eancia que o pai da avia\u00e7\u00e3o construiu para si, com escada que s\u00f3 sobe pelo lado direito e o famoso chuveiro de \u00e1gua quente.<\/li>\n\n\n\n<li><strong>Pal\u00e1cio Quitandinha<\/strong>: ex-cassino de 1944, hoje espa\u00e7o cultural com o maior sal\u00e3o da Am\u00e9rica Latina na \u00e9poca da inaugura\u00e7\u00e3o.<\/li>\n\n\n\n<li><strong>Cervejaria Bohemia<\/strong>: primeira cervejaria do Brasil, com tour interativo sobre a evolu\u00e7\u00e3o da cerveja no pa\u00eds.<\/li>\n\n\n\n<li><strong>Avenida Koeler<\/strong>: principal logradouro do plano urban\u00edstico original, com casar\u00f5es dos s\u00e9culos XIX e XX preservados.<\/li>\n<\/ul>\n\n\n\n<p>A gastronomia mistura heran\u00e7a alem\u00e3, italiana e portuguesa, com cervejarias e caf\u00e9s hist\u00f3ricos como protagonistas. Os pratos t\u00edpicos:<\/p>\n\n\n\n<ul class=\"wp-block-list has-medium-font-size\">\n<li><strong>Trutas da serra<\/strong>: presen\u00e7a certa nos restaurantes-fazenda, preparadas grelhadas, ao molho de alcaparras ou defumadas.<\/li>\n\n\n\n<li><strong>Eisbein e codornas<\/strong>: pratos da tradi\u00e7\u00e3o alem\u00e3 servidos nos festivais e restaurantes do centro hist\u00f3rico.<\/li>\n\n\n\n<li><strong>Chocolate Katz<\/strong>: f\u00e1brica e loja com tradi\u00e7\u00e3o familiar su\u00ed\u00e7a, presen\u00e7a obrigat\u00f3ria nos roteiros gastron\u00f4micos.<\/li>\n\n\n\n<li><strong>Cervejas artesanais e Bohemia<\/strong>: a Cidade Imperial sedia a Rota Cervejeira da Serra com produtores artesanais e a f\u00e1brica hist\u00f3rica de 1853.<\/li>\n<\/ul>\n\n\n\n<p>Quem busca um roteiro de&nbsp;<strong>1 dia<\/strong>&nbsp;em&nbsp;<strong>Petr\u00f3polis<\/strong>, a&nbsp;<strong>Cidade Imperial<\/strong>, vai curtir esse v\u00eddeo especialmente selecionado do canal&nbsp;<strong>Trip Partiu<\/strong>, onde o apresentador mostra o passeio com pre\u00e7os e dicas:<\/p>\n\n\n\n<figure class=\"wp-block-embed is-type-video is-provider-youtube wp-block-embed-youtube wp-embed-aspect-16-9 wp-has-aspect-ratio\"><div class=\"wp-block-embed__wrapper\">\n<div class=\"jeg_video_container jeg_video_content\"><iframe loading=\"lazy\" title=\"PETR\u00d3POLIS RJ - roteiro de 1 dia na CIDADE IMPERIAL com pre\u00e7os e dicas\" width=\"500\" height=\"281\" src=\"https:\/\/www.youtube.com\/embed\/VKcgPMt392s?start=1&#038;feature=oembed\" frameborder=\"0\" allow=\"accelerometer; autoplay; clipboard-write; encrypted-media; gyroscope; picture-in-picture; web-share\" referrerpolicy=\"strict-origin-when-cross-origin\" allowfullscreen><\/iframe><\/div>\n<\/div><\/figure>\n\n\n\n<h2 class=\"wp-block-heading\">Quando ir e o que aproveitar em cada esta\u00e7\u00e3o<\/h2>\n\n\n\n<p>O clima ameno \u00e9 cart\u00e3o de visita o ano todo, com altitude m\u00e9dia de 800 metros. Cada esta\u00e7\u00e3o rende um tipo de programa diferente:<\/p>\n\n\n\n<style>\n    .ant-grid { \n        --cor-primaria: #1a2a57;\n        --cor-secundaria: #1a2a57;\n        --cor-txt-secundaria: #ffffff; \n        display: grid; grid-template-columns: repeat(auto-fit, minmax(190px, 1fr)); gap: 15px; justify-content: center; padding: 10px;\n    }\n    .ant-card { \n        border: 5px solid var(--cor-primaria); border-top: 5px solid var(--cor-secundaria); \n        border-radius: 4px; background-color: var(--cor-primaria); background-clip: padding-box; \n        display: flex; flex-direction: column; overflow: hidden; cursor: pointer; \n        box-shadow: 0 6px 12px rgba(0,0,0, 0.2); transition: transform 0.2s ease, box-shadow 0.2s ease; \n        -webkit-tap-highlight-color: transparent; user-select: none; transform: translateZ(0);\n        animation: wmFadeIn 0.6s cubic-bezier(0.2, 0.8, 0.2, 1) backwards;\n    }\n    .ant-card:nth-child(1) { animation-delay: 0.1s; } .ant-card:nth-child(2) { animation-delay: 0.2s; }\n    .ant-card:nth-child(3) { animation-delay: 0.3s; } .ant-card:nth-child(4) { animation-delay: 0.4s; }\n    @keyframes wmFadeIn { from { opacity: 0; transform: translateY(30px); } to { opacity: 1; transform: translateY(0); } }\n    .ant-card:hover { transform: translateY(-5px); box-shadow: 0 15px 30px rgba(0,0,0, 0.3); }\n    .ant-card:active { transform: translateY(-1px) scale(0.97); box-shadow: 0 3px 6px rgba(0,0,0, 0.2); transition: transform 0.05s ease, box-shadow 0.05s ease; }\n    .ant-header { background: #f0f8f9; padding: 15px 10px; text-align: center; display: flex; flex-direction: column; align-items: center; justify-content: center; }\n    .ant-body { background: #ffffff; padding: 15px; display: flex; flex-direction: column; flex-grow: 1; align-items: center; }\n    .ant-card-destaque { box-shadow: 0 8px 16px rgba(0,0,0, 0.25); }\n    .ant-card-destaque:hover { box-shadow: 0 18px 36px rgba(0,0,0, 0.35); }\n    .ant-card-destaque .ant-header { background: var(--cor-secundaria); }\n    .ant-card-destaque .ant-header .ant-titulo { color: var(--cor-txt-secundaria) !important; } \n    .pill-ant { display: flex; white-space: normal; max-width: 100%; box-sizing: border-box; justify-content: center; align-items: center; text-align: center; background: #e0f4f6; color: var(--cor-primaria); font-size: 11px; font-weight: 900 !important; letter-spacing: 0.5px; padding: 8px 16px; border-radius: 4px; text-transform: uppercase; line-height: 1.4; box-shadow: 0 4px 8px rgba(0,0,0, 0.15); margin-top: auto; transition: transform 0.2s ease; }\n    .ant-card-destaque .pill-ant { background: var(--cor-primaria); color: var(--cor-txt-secundaria); } \n    .ant-card:hover .pill-ant { transform: scale(1.06); }\n    .pill-ant span { font-weight: 900 !important; color: inherit; } \n    .ant-emoji { font-size: 24px; line-height: 1; margin-bottom: 5px; }\n    .ant-titulo { color: var(--cor-primaria); font-size: 16px; text-transform: uppercase; margin-top: 5px; font-weight: bold; }\n    .ant-mes { font-size: 11px; font-weight: 800; color: var(--cor-primaria); text-transform: uppercase; margin-bottom: 5px; }\n    .ant-temp { font-size: 26px; font-weight: 900; color: var(--cor-primaria); margin-bottom: 10px; }\n    .ant-desc { font-size: 13px; color: #444; text-align: center; line-height: 1.5; margin-bottom: 15px; flex-grow: 1;}\n    .ant-desc strong { color: #111; }\n    @media (prefers-color-scheme: dark) {\n        .ant-card { border-color: #1b7a8c; background-color: #1b7a8c; box-shadow: 0 6px 12px rgba(0,0,0, 0.5); }\n        .ant-header { background: #1a1a1a; } .ant-body { background: #121212; }\n        .ant-card-destaque .ant-header { background: var(--cor-secundaria); }\n        .ant-card-destaque .ant-header .ant-titulo { color: var(--cor-txt-secundaria) !important; }\n        .ant-titulo { color: #5ce1f5; } .ant-mes { color: #8eeaf7; } .ant-temp { color: #5ce1f5; } .ant-desc { color: #cccccc; } .ant-desc strong { color: #ffffff; }\n        .pill-ant { background: #1a1a1a; color: #5ce1f5; box-shadow: 0 4px 8px rgba(0, 0, 0, 0.5); }\n        .ant-card-destaque .pill-ant { background: var(--cor-primaria); color: var(--cor-txt-secundaria); }\n    }\n<\/style>\n<div class=\"google-auto-ads-ignore ant-grid\" style=\"box-sizing: border-box; width: 100%; max-width: 980px; margin: 30px auto; font-family: 'Segoe UI', Roboto, Helvetica, Arial, sans-serif;\">\n    <div class=\"ant-card\">\n        <div class=\"ant-header\">\n            <div class=\"ant-emoji\">\ud83d\uddbc\ufe0f<\/div>\n            <div class=\"ant-titulo\">Ver\u00e3o<\/div>\n        <\/div>\n        <div class=\"ant-body\">\n            <div class=\"ant-mes\">Dezembro a Fevereiro<\/div>\n            <div class=\"ant-temp\">17\u00b0C a 28\u00b0C<\/div>\n            <div class=\"ant-desc\">Chuva em alta no clima serrano. Alterne a viagem em <strong>Trilhas pela manh\u00e3 e museus \u00e0 tarde<\/strong>.<\/div>\n            <div class=\"pill-ant\"><span>\u2614 CHUVA ALTA<\/span><\/div>\n        <\/div>\n    <\/div>\n    <div class=\"ant-card\">\n        <div class=\"ant-header\">\n            <div class=\"ant-emoji\">\ud83c\udf7b<\/div>\n            <div class=\"ant-titulo\">Outono<\/div>\n        <\/div>\n        <div class=\"ant-body\">\n            <div class=\"ant-mes\">Mar\u00e7o a Maio<\/div>\n            <div class=\"ant-temp\">14\u00b0C a 25\u00b0C<\/div>\n            <div class=\"ant-desc\">O ar frio come\u00e7a a tomar conta das noites. Aconchegue-se no <strong>Centro hist\u00f3rico e cervejarias<\/strong>.<\/div>\n            <div class=\"pill-ant\"><span>\ud83c\udf27\ufe0f CHUVA M\u00c9DIA<\/span><\/div>\n        <\/div>\n    <\/div>\n    <div class=\"ant-card ant-card-destaque\">\n        <div class=\"ant-header\">\n            <div class=\"ant-emoji\">\ud83e\udd68<\/div>\n            <div class=\"ant-titulo\">Inverno<\/div>\n        <\/div>\n        <div class=\"ant-body\">\n            <div class=\"ant-mes\">Junho a Agosto<\/div>\n            <div class=\"ant-temp\">9\u00b0C a 22\u00b0C<\/div>\n            <div class=\"ant-desc\">\u00c9 a temporada mais badalada e charmosa na Serra. Imperd\u00edvel a <strong>Bauernfest e o festival gastron\u00f4mico<\/strong>.<\/div>\n            <div class=\"pill-ant\"><span>\u2b50 MELHOR \u00c9POCA<\/span><\/div>\n        <\/div>\n    <\/div>\n    <div class=\"ant-card\">\n        <div class=\"ant-header\">\n            <div class=\"ant-emoji\">\ud83c\udf37<\/div>\n            <div class=\"ant-titulo\">Primavera<\/div>\n        <\/div>\n        <div class=\"ant-body\">\n            <div class=\"ant-mes\">Setembro a Novembro<\/div>\n            <div class=\"ant-temp\">13\u00b0C a 26\u00b0C<\/div>\n            <div class=\"ant-desc\">O clima ameno de 800m de altitude faz os passeios florirem nos <strong>Jardins imperiais e Avenida Koeler<\/strong>.<\/div>\n            <div class=\"pill-ant\"><span>\ud83c\udf27\ufe0f CHUVA M\u00c9DIA<\/span><\/div>\n        <\/div>\n    <\/div>\n<\/div>\n\n\n\n<p><em>Temperaturas aproximadas com base no <a href=\"https:\/\/www.climatempo.com.br\/previsao-do-tempo\/cidade\/317\/petropolis-rj\" target=\"_blank\" rel=\"noreferrer noopener\"><strong>Climatempo<\/strong><\/a>. Condi\u00e7\u00f5es podem variar.<\/em><\/p>\n\n\n\n<h2 class=\"wp-block-heading\">Como chegar at\u00e9 a cidade imperial<\/h2>\n\n\n\n<p>O acesso mais usado \u00e9 pela <strong>BR-040<\/strong>, que sobe a serra a partir do <strong>Rio de Janeiro<\/strong>, em cerca de 1h30 de viagem. Quem vem de <strong>S\u00e3o Paulo<\/strong> percorre cerca de 500 km, somando trechos da Via Dutra e da BR-040. <strong>Belo Horizonte<\/strong> fica a aproximadamente 410 km pela mesma rodovia. O <strong>Aeroporto Internacional do Gale\u00e3o<\/strong>, na capital fluminense, \u00e9 o terminal mais pr\u00f3ximo, a cerca de 80 km do centro hist\u00f3rico.<\/p>\n\n\n\n<h2 class=\"wp-block-heading\">Vale a viagem at\u00e9 a serra fluminense<\/h2>\n\n\n\n<p>Petr\u00f3polis guarda um peda\u00e7o raro da hist\u00f3ria brasileira em cada esquina. Poucos lugares oferecem essa combina\u00e7\u00e3o de acervo imperial, cervejaria centen\u00e1ria, festival alem\u00e3o e natureza tombada a uma hora e meia da capital carioca.<\/p>\n\n\n\n<p>Voc\u00ea precisa subir a serra num inverno qualquer e descobrir por que Dom Pedro II abandonava o calor do Rio para passar os ver\u00f5es na cidade que ainda leva o nome dele.<\/p>\n","protected":false},"excerpt":{"rendered":"<p>Fundada por ordem de Dom Pedro II em 1843, Petr\u00f3polis ainda guarda o ar de corte na serra fluminense. A cidade nasceu como ref\u00fagio de ver\u00e3o da fam\u00edlia imperial e abriga a primeira cervejaria do pa\u00eds, o segundo maior festival alem\u00e3o do Brasil e a \u00fanica casa que Santos Dumont construiu para si. O passado [&hellip;]<\/p>\n","protected":false},"author":6,"featured_media":201957,"comment_status":"open","ping_status":"open","sticky":false,"template":"","format":"standard","meta":{"jnews-multi-image_gallery":[],"jnews_single_post":{"format":"standard"},"jnews_primary_category":[],"jnews_social_meta":[],"jnews_override_counter":[],"footnotes":""},"categories":[26],"tags":[183,12515,151],"class_list":["post-200528","post","type-post","status-publish","format-standard","has-post-thumbnail","hentry","category-cidades","tag-cidades","tag-petropolis","tag-rio-de-janeiro"],"yoast_head":"<!-- This site is optimized with the Yoast SEO plugin v23.8 - https:\/\/yoast.com\/wordpress\/plugins\/seo\/ -->\n<title>A cidade onde Dom Pedro II passava os ver\u00f5es tem clima de Europa e o segundo maior festival alem\u00e3o do Brasil - Estado de Minas - Em foco<\/title>\n<meta name=\"description\" content=\"Conhe\u00e7a a Cidade Imperial e ref\u00fagio de Dom Pedro II. Hist\u00f3ria, clima de Europa e o 2\u00ba maior festival alem\u00e3o do pa\u00eds esperam por voc\u00ea.\" \/>\n<meta name=\"robots\" content=\"index, follow, max-snippet:-1, max-image-preview:large, max-video-preview:-1\" \/>\n<link rel=\"canonical\" href=\"https:\/\/www.em.com.br\/emfoco\/2026\/04\/30\/a-cidade-onde-dom-pedro-ii-passava-os-veroes-tem-clima-de-europa-e-o-segundo-maior-festival-alemao-do-brasil\/\" \/>\n<meta property=\"og:locale\" content=\"pt_BR\" \/>\n<meta property=\"og:type\" content=\"article\" \/>\n<meta property=\"og:title\" content=\"A cidade onde Dom Pedro II passava os ver\u00f5es tem clima de Europa e o segundo maior festival alem\u00e3o do Brasil - Estado de Minas - Em foco\" \/>\n<meta property=\"og:description\" content=\"Conhe\u00e7a a Cidade Imperial e ref\u00fagio de Dom Pedro II. Hist\u00f3ria, clima de Europa e o 2\u00ba maior festival alem\u00e3o do pa\u00eds esperam por voc\u00ea.\" \/>\n<meta property=\"og:url\" content=\"https:\/\/www.em.com.br\/emfoco\/2026\/04\/30\/a-cidade-onde-dom-pedro-ii-passava-os-veroes-tem-clima-de-europa-e-o-segundo-maior-festival-alemao-do-brasil\/\" \/>\n<meta property=\"og:site_name\" content=\"Estado de Minas - Em foco\" \/>\n<meta property=\"article:published_time\" content=\"2026-04-30T18:05:00+00:00\" \/>\n<meta property=\"article:modified_time\" content=\"2026-04-30T12:37:31+00:00\" \/>\n<meta property=\"og:image\" content=\"https:\/\/www.em.com.br\/emfoco\/wp-content\/uploads\/2026\/04\/Imperial_mountain_cityscape_with\u2026_202604300936-scaled.jpg\" \/>\n\t<meta property=\"og:image:width\" content=\"2560\" \/>\n\t<meta property=\"og:image:height\" content=\"1440\" \/>\n\t<meta property=\"og:image:type\" content=\"image\/jpeg\" \/>\n<meta name=\"author\" content=\"Vitor Bruno\" \/>\n<meta name=\"twitter:card\" content=\"summary_large_image\" \/>\n<meta name=\"twitter:label1\" content=\"Escrito por\" \/>\n\t<meta name=\"twitter:data1\" content=\"Vitor Bruno\" \/>\n\t<meta name=\"twitter:label2\" content=\"Est. tempo de leitura\" \/>\n\t<meta name=\"twitter:data2\" content=\"6 minutos\" \/>\n<!-- \/ Yoast SEO plugin. -->","yoast_head_json":{"title":"A cidade onde Dom Pedro II passava os ver\u00f5es tem clima de Europa e o segundo maior festival alem\u00e3o do Brasil - Estado de Minas - Em foco","description":"Conhe\u00e7a a Cidade Imperial e ref\u00fagio de Dom Pedro II. Hist\u00f3ria, clima de Europa e o 2\u00ba maior festival alem\u00e3o do pa\u00eds esperam por voc\u00ea.","robots":{"index":"index","follow":"follow","max-snippet":"max-snippet:-1","max-image-preview":"max-image-preview:large","max-video-preview":"max-video-preview:-1"},"canonical":"https:\/\/www.em.com.br\/emfoco\/2026\/04\/30\/a-cidade-onde-dom-pedro-ii-passava-os-veroes-tem-clima-de-europa-e-o-segundo-maior-festival-alemao-do-brasil\/","og_locale":"pt_BR","og_type":"article","og_title":"A cidade onde Dom Pedro II passava os ver\u00f5es tem clima de Europa e o segundo maior festival alem\u00e3o do Brasil - Estado de Minas - Em foco","og_description":"Conhe\u00e7a a Cidade Imperial e ref\u00fagio de Dom Pedro II. Hist\u00f3ria, clima de Europa e o 2\u00ba maior festival alem\u00e3o do pa\u00eds esperam por voc\u00ea.","og_url":"https:\/\/www.em.com.br\/emfoco\/2026\/04\/30\/a-cidade-onde-dom-pedro-ii-passava-os-veroes-tem-clima-de-europa-e-o-segundo-maior-festival-alemao-do-brasil\/","og_site_name":"Estado de Minas - Em foco","article_published_time":"2026-04-30T18:05:00+00:00","article_modified_time":"2026-04-30T12:37:31+00:00","og_image":[{"width":2560,"height":1440,"url":"https:\/\/www.em.com.br\/emfoco\/wp-content\/uploads\/2026\/04\/Imperial_mountain_cityscape_with\u2026_202604300936-scaled.jpg","type":"image\/jpeg"}],"author":"Vitor Bruno","twitter_card":"summary_large_image","twitter_misc":{"Escrito por":"Vitor Bruno","Est. tempo de leitura":"6 minutos"},"schema":{"@context":"https:\/\/schema.org","@graph":[{"@type":"WebPage","@id":"https:\/\/www.em.com.br\/emfoco\/2026\/04\/30\/a-cidade-onde-dom-pedro-ii-passava-os-veroes-tem-clima-de-europa-e-o-segundo-maior-festival-alemao-do-brasil\/","url":"https:\/\/www.em.com.br\/emfoco\/2026\/04\/30\/a-cidade-onde-dom-pedro-ii-passava-os-veroes-tem-clima-de-europa-e-o-segundo-maior-festival-alemao-do-brasil\/","name":"A cidade onde Dom Pedro II passava os ver\u00f5es tem clima de Europa e o segundo maior festival alem\u00e3o do Brasil - Estado de Minas - Em foco","isPartOf":{"@id":"https:\/\/www.em.com.br\/emfoco\/#website"},"primaryImageOfPage":{"@id":"https:\/\/www.em.com.br\/emfoco\/2026\/04\/30\/a-cidade-onde-dom-pedro-ii-passava-os-veroes-tem-clima-de-europa-e-o-segundo-maior-festival-alemao-do-brasil\/#primaryimage"},"image":{"@id":"https:\/\/www.em.com.br\/emfoco\/2026\/04\/30\/a-cidade-onde-dom-pedro-ii-passava-os-veroes-tem-clima-de-europa-e-o-segundo-maior-festival-alemao-do-brasil\/#primaryimage"},"thumbnailUrl":"https:\/\/www.em.com.br\/emfoco\/wp-content\/uploads\/2026\/04\/Imperial_mountain_cityscape_with\u2026_202604300936-scaled.jpg","datePublished":"2026-04-30T18:05:00+00:00","dateModified":"2026-04-30T12:37:31+00:00","author":{"@id":"https:\/\/www.em.com.br\/emfoco\/#\/schema\/person\/364ac1852fafd00f1be20f0b8b237569"},"description":"Conhe\u00e7a a Cidade Imperial e ref\u00fagio de Dom Pedro II. Hist\u00f3ria, clima de Europa e o 2\u00ba maior festival alem\u00e3o do pa\u00eds esperam por voc\u00ea.","breadcrumb":{"@id":"https:\/\/www.em.com.br\/emfoco\/2026\/04\/30\/a-cidade-onde-dom-pedro-ii-passava-os-veroes-tem-clima-de-europa-e-o-segundo-maior-festival-alemao-do-brasil\/#breadcrumb"},"inLanguage":"pt-BR","potentialAction":[{"@type":"ReadAction","target":["https:\/\/www.em.com.br\/emfoco\/2026\/04\/30\/a-cidade-onde-dom-pedro-ii-passava-os-veroes-tem-clima-de-europa-e-o-segundo-maior-festival-alemao-do-brasil\/"]}]},{"@type":"ImageObject","inLanguage":"pt-BR","@id":"https:\/\/www.em.com.br\/emfoco\/2026\/04\/30\/a-cidade-onde-dom-pedro-ii-passava-os-veroes-tem-clima-de-europa-e-o-segundo-maior-festival-alemao-do-brasil\/#primaryimage","url":"https:\/\/www.em.com.br\/emfoco\/wp-content\/uploads\/2026\/04\/Imperial_mountain_cityscape_with\u2026_202604300936-scaled.jpg","contentUrl":"https:\/\/www.em.com.br\/emfoco\/wp-content\/uploads\/2026\/04\/Imperial_mountain_cityscape_with\u2026_202604300936-scaled.jpg","width":2560,"height":1440,"caption":"A cidade onde Dom Pedro II passava os ver\u00f5es a 68 km do Rio tem clima de Europa e o segundo maior festival alem\u00e3o do Brasil \/\/ IMAGEM ILUSTRATIVA"},{"@type":"BreadcrumbList","@id":"https:\/\/www.em.com.br\/emfoco\/2026\/04\/30\/a-cidade-onde-dom-pedro-ii-passava-os-veroes-tem-clima-de-europa-e-o-segundo-maior-festival-alemao-do-brasil\/#breadcrumb","itemListElement":[{"@type":"ListItem","position":1,"name":"In\u00edcio","item":"https:\/\/www.em.com.br\/emfoco\/"},{"@type":"ListItem","position":2,"name":"A cidade onde Dom Pedro II passava os ver\u00f5es tem clima de Europa e o segundo maior festival alem\u00e3o do Brasil"}]},{"@type":"WebSite","@id":"https:\/\/www.em.com.br\/emfoco\/#website","url":"https:\/\/www.em.com.br\/emfoco\/","name":"Estado de Minas - Em foco","description":"Acompanhe as \u00faltimas not\u00edcias e fique bem informado sobre tudo o que acontece em Minas Gerais, Brasil e no mundo.","potentialAction":[{"@type":"SearchAction","target":{"@type":"EntryPoint","urlTemplate":"https:\/\/www.em.com.br\/emfoco\/?s={search_term_string}"},"query-input":{"@type":"PropertyValueSpecification","valueRequired":true,"valueName":"search_term_string"}}],"inLanguage":"pt-BR"},{"@type":"Person","@id":"https:\/\/www.em.com.br\/emfoco\/#\/schema\/person\/364ac1852fafd00f1be20f0b8b237569","name":"Vitor Bruno","image":{"@type":"ImageObject","inLanguage":"pt-BR","@id":"https:\/\/www.em.com.br\/emfoco\/#\/schema\/person\/image\/","url":"https:\/\/secure.gravatar.com\/avatar\/b719e5cdede09f942064960883b5524d?s=96&d=mm&r=g","contentUrl":"https:\/\/secure.gravatar.com\/avatar\/b719e5cdede09f942064960883b5524d?s=96&d=mm&r=g","caption":"Vitor Bruno"},"sameAs":["https:\/\/www.em.com.br\/emfoco\/"],"url":"https:\/\/www.em.com.br\/emfoco\/author\/vitormyth\/"}]}},"_links":{"self":[{"href":"https:\/\/www.em.com.br\/emfoco\/wp-json\/wp\/v2\/posts\/200528","targetHints":{"allow":["GET"]}}],"collection":[{"href":"https:\/\/www.em.com.br\/emfoco\/wp-json\/wp\/v2\/posts"}],"about":[{"href":"https:\/\/www.em.com.br\/emfoco\/wp-json\/wp\/v2\/types\/post"}],"author":[{"embeddable":true,"href":"https:\/\/www.em.com.br\/emfoco\/wp-json\/wp\/v2\/users\/6"}],"replies":[{"embeddable":true,"href":"https:\/\/www.em.com.br\/emfoco\/wp-json\/wp\/v2\/comments?post=200528"}],"version-history":[{"count":7,"href":"https:\/\/www.em.com.br\/emfoco\/wp-json\/wp\/v2\/posts\/200528\/revisions"}],"predecessor-version":[{"id":201959,"href":"https:\/\/www.em.com.br\/emfoco\/wp-json\/wp\/v2\/posts\/200528\/revisions\/201959"}],"wp:featuredmedia":[{"embeddable":true,"href":"https:\/\/www.em.com.br\/emfoco\/wp-json\/wp\/v2\/media\/201957"}],"wp:attachment":[{"href":"https:\/\/www.em.com.br\/emfoco\/wp-json\/wp\/v2\/media?parent=200528"}],"wp:term":[{"taxonomy":"category","embeddable":true,"href":"https:\/\/www.em.com.br\/emfoco\/wp-json\/wp\/v2\/categories?post=200528"},{"taxonomy":"post_tag","embeddable":true,"href":"https:\/\/www.em.com.br\/emfoco\/wp-json\/wp\/v2\/tags?post=200528"}],"curies":[{"name":"wp","href":"https:\/\/api.w.org\/{rel}","templated":true}]}}