{"id":200527,"date":"2026-04-30T11:25:00","date_gmt":"2026-04-30T14:25:00","guid":{"rendered":"https:\/\/www.em.com.br\/emfoco\/?p=200527"},"modified":"2026-04-30T09:30:37","modified_gmt":"2026-04-30T12:30:37","slug":"capital-do-suco-de-laranja-cidade-paulista-que-abastece-1-em-cada-3-copos-de-suco-de-laranja-do-mundo-tem-a-lideranca-nos-rankings-de-seguranca-qualidade-de-vida-e-atrai-aposentados-de-todo-o-pais","status":"publish","type":"post","link":"https:\/\/www.em.com.br\/emfoco\/2026\/04\/30\/capital-do-suco-de-laranja-cidade-paulista-que-abastece-1-em-cada-3-copos-de-suco-de-laranja-do-mundo-tem-a-lideranca-nos-rankings-de-seguranca-qualidade-de-vida-e-atrai-aposentados-de-todo-o-pais\/","title":{"rendered":"Capital do suco de laranja: cidade paulista que abastece 1 em cada 3 copos de suco de laranja do mundo tem a lideran\u00e7a nos rankings de seguran\u00e7a, qualidade de vida e atrai aposentados de todo o pa\u00eds"},"content":{"rendered":"\n<p>A 270 km da capital, no centro geogr\u00e1fico do <strong>Estado de S\u00e3o Paulo<\/strong>, <strong>Araraquara<\/strong> \u00e9 o cora\u00e7\u00e3o da maior pot\u00eancia citr\u00edcola do planeta. A cidade conhecida como Morada do Sol abriga quatro unidades da <strong>Universidade Estadual Paulista (UNESP)<\/strong>, a sede hist\u00f3rica da Cutrale e ocupa a 3\u00aa posi\u00e7\u00e3o entre as melhores cidades m\u00e9dias do <strong>Brasil<\/strong> em qualidade de vida.<\/p>\n\n\n\n<h2 class=\"wp-block-heading\">O que faz Araraquara abastecer o suco de laranja do mundo?<\/h2>\n\n\n\n<p>A hist\u00f3ria come\u00e7ou em <strong>1967<\/strong>, quando o imigrante italiano <strong>Jos\u00e9 Cutrale<\/strong> adquiriu a falida Suconasa em Araraquara e fundou a Cutrale, hoje a maior exportadora mundial de suco de laranja. Segundo dados consolidados pela <a href=\"https:\/\/apexbrasil.com.br\/br\/pt\/conteudo\/noticias\/conheca-os-produtores-exportadores-de-laranja-do-frutas-brasil.html\" target=\"_blank\" rel=\"noreferrer noopener\"><strong>Ag\u00eancia Brasileira de Promo\u00e7\u00e3o de Exporta\u00e7\u00f5es e Investimentos (ApexBrasil)<\/strong><\/a>, a empresa mant\u00e9m f\u00e1bricas em cinco cidades brasileiras, sendo Araraquara o cora\u00e7\u00e3o industrial da opera\u00e7\u00e3o.<\/p>\n\n\n\n<p>A cidade est\u00e1 no centro do cintur\u00e3o citr\u00edcola que re\u00fane ainda Citrosuco, sediada em <strong>Mat\u00e3o<\/strong>, e Louis Dreyfus Company, em <strong>Bebedouro<\/strong>. Juntas, as tr\u00eas empresas representadas pela <strong>Associa\u00e7\u00e3o Nacional dos Exportadores de Sucos C\u00edtricos (CitrusBR)<\/strong> respondem por mais de 70% das exporta\u00e7\u00f5es mundiais de suco de laranja, segundo a entidade. A Cutrale sozinha exporta para cerca de 90 pa\u00edses e produz o suco que abastece um em cada tr\u00eas copos consumidos no planeta.<\/p>\n\n\n<div class=\"wp-block-image\">\n<figure class=\"aligncenter size-large\"><img loading=\"lazy\" decoding=\"async\" width=\"1024\" height=\"576\" src=\"https:\/\/www.em.com.br\/emfoco\/wp-content\/uploads\/2026\/02\/Araraquara-1024x576.jpg\" alt=\"\" class=\"wp-image-169639\" srcset=\"https:\/\/www.em.com.br\/emfoco\/wp-content\/uploads\/2026\/02\/Araraquara-1024x576.jpg 1024w, https:\/\/www.em.com.br\/emfoco\/wp-content\/uploads\/2026\/02\/Araraquara-300x169.jpg 300w, https:\/\/www.em.com.br\/emfoco\/wp-content\/uploads\/2026\/02\/Araraquara-768x432.jpg 768w, https:\/\/www.em.com.br\/emfoco\/wp-content\/uploads\/2026\/02\/Araraquara-750x422.jpg 750w, https:\/\/www.em.com.br\/emfoco\/wp-content\/uploads\/2026\/02\/Araraquara-1140x641.jpg 1140w, https:\/\/www.em.com.br\/emfoco\/wp-content\/uploads\/2026\/02\/Araraquara.jpg 1280w\" sizes=\"auto, (max-width: 1024px) 100vw, 1024px\" \/><figcaption class=\"wp-element-caption\">Araraquara destaca-se como a Morada do Sol e ref\u00fagio de qualidade de vida \/\/ Cr\u00e9ditos: Wikipedia \/ Wikimedia Commons<\/figcaption><\/figure><\/div>\n\n\n<h2 class=\"wp-block-heading\">Vale a pena viver na Morada do Sol?<\/h2>\n\n\n\n<p>Vale para quem busca qualidade de vida no topo do ranking nacional. Segundo o <a href=\"https:\/\/www.ibge.gov.br\/cidades-e-estados\/sp\/araraquara.html\" target=\"_blank\" rel=\"noreferrer noopener\"><strong>Instituto Brasileiro de Geografia e Estat\u00edstica (IBGE)<\/strong><\/a>, a popula\u00e7\u00e3o estimada em 2025 chegou a 253.474 habitantes em uma \u00e1rea de 1.003,6 km\u00b2, com PIB per capita de R$ 60.643,28 em 2023.<\/p>\n\n\n\n<p>O \u00cdndice de Desenvolvimento Humano Municipal \u00e9 de 0,815, classificado como muito alto, e a escolariza\u00e7\u00e3o entre 6 e 14 anos atinge 98,27%. A combina\u00e7\u00e3o de sa\u00fade estruturada, seguran\u00e7a elevada e custo de vida abaixo do das capitais paulistas tem atra\u00eddo fam\u00edlias e aposentados que migram em busca de tranquilidade sem abrir m\u00e3o de servi\u00e7os.<\/p>\n\n\n<div class=\"wp-block-image\">\n<figure class=\"aligncenter size-large\"><img loading=\"lazy\" decoding=\"async\" width=\"1024\" height=\"576\" src=\"https:\/\/www.em.com.br\/emfoco\/wp-content\/uploads\/2026\/02\/Araraquara22-1024x576.jpg\" alt=\"\" class=\"wp-image-169640\" srcset=\"https:\/\/www.em.com.br\/emfoco\/wp-content\/uploads\/2026\/02\/Araraquara22-1024x576.jpg 1024w, https:\/\/www.em.com.br\/emfoco\/wp-content\/uploads\/2026\/02\/Araraquara22-300x169.jpg 300w, https:\/\/www.em.com.br\/emfoco\/wp-content\/uploads\/2026\/02\/Araraquara22-768x432.jpg 768w, https:\/\/www.em.com.br\/emfoco\/wp-content\/uploads\/2026\/02\/Araraquara22-750x422.jpg 750w, https:\/\/www.em.com.br\/emfoco\/wp-content\/uploads\/2026\/02\/Araraquara22-1140x641.jpg 1140w, https:\/\/www.em.com.br\/emfoco\/wp-content\/uploads\/2026\/02\/Araraquara22.jpg 1280w\" sizes=\"auto, (max-width: 1024px) 100vw, 1024px\" \/><figcaption class=\"wp-element-caption\">Araraquara une o clima acolhedor do interior paulista ao bem-estar urbano \/\/ Cr\u00e9ditos: Wikipedia \/ Wikimedia Commons<\/figcaption><\/figure><\/div>\n\n\n<h2 class=\"wp-block-heading\">Reconhecimento nacional e internacional<\/h2>\n\n\n\n<p>Araraquara figura em rankings de peso. O <a href=\"https:\/\/ipsbrasil.org.br\/pt\/blog\/noticias\/9\" target=\"_blank\" rel=\"noreferrer noopener\"><strong>IPS Brasil 2025<\/strong><\/a>, calculado pelo <strong>Instituto do Homem e Meio Ambiente da Amaz\u00f4nia (Imazon)<\/strong> a partir de 57 indicadores socioambientais, classificou a cidade como a 3\u00aa melhor cidade m\u00e9dia do Brasil entre munic\u00edpios com 100 mil a 500 mil habitantes, com 70,22 pontos. No ranking geral dos 5.570 munic\u00edpios brasileiros, ocupa a 12\u00aa posi\u00e7\u00e3o.<\/p>\n\n\n\n<p>O Atlas da Viol\u00eancia 2024 refor\u00e7ou o reconhecimento ao apontar Araraquara como a cidade com a menor taxa de homic\u00eddios do Brasil entre os munic\u00edpios com mais de 200 mil habitantes. Em 2017, recebeu da <a href=\"https:\/\/www.turismo.sp.gov.br\/mapainterativo\/araraquara\" target=\"_blank\" rel=\"noreferrer noopener\"><strong>Secretaria de Turismo do Estado de S\u00e3o Paulo<\/strong><\/a> o t\u00edtulo de Munic\u00edpio de Interesse Tur\u00edstico (MIT). A presen\u00e7a da UNESP, com origem na Escola de Farm\u00e1cia e Odontologia fundada em <strong>1923<\/strong>, completa o trip\u00e9 que projeta a cidade nacional e internacionalmente, segundo registro oficial da <a href=\"https:\/\/www.araraquara.sp.gov.br\/noticias\/2023\/fevereiro\/03\/unesp-celebra-100-anos-de-criacao-das-faculdades-de-ciencias-farmaceuticas-e-odontologia\" target=\"_blank\" rel=\"noreferrer noopener\"><strong>Prefeitura de Araraquara<\/strong><\/a>.<\/p>\n\n\n\n<p><strong>Leia tamb\u00e9m: <a href=\"https:\/\/www.em.com.br\/emfoco\/2026\/04\/28\/a-praia-selvagem-da-capital-acessivel-so-por-trilha-ou-barco-com-lagoa-mar-azul-e-zero-predio-a-vista-no-coracao-da-capital\/\" target=\"_blank\" rel=\"noreferrer noopener\">A praia selvagem da capital: acess\u00edvel s\u00f3 por trilha ou barco, com lagoa, mar azul e zero pr\u00e9dio \u00e0 vista no cora\u00e7\u00e3o da capital<\/a><\/strong><\/p>\n\n\n\n<h2 class=\"wp-block-heading\">O que fazer e onde comer em Araraquara?<\/h2>\n\n\n\n<p>O roteiro mistura natureza urbana, patrim\u00f4nio ferrovi\u00e1rio e cultura modernista. Os pontos mais procurados est\u00e3o concentrados no centro e em distritos pr\u00f3ximos:<\/p>\n\n\n\n<ul class=\"wp-block-list has-medium-font-size\">\n<li><strong>Parque Pinheirinho<\/strong>: parque ecol\u00f3gico inaugurado em 1975 com represa, piscinas, quadras esportivas, pista de skate e ampla \u00e1rea verde no meio da cidade.<\/li>\n\n\n\n<li><strong>Boulevard dos Oitis<\/strong>: rua arborizada entre as ruas <strong>Volunt\u00e1rios da P\u00e1tria<\/strong> e <strong>Padre Duarte<\/strong>, com t\u00fanel de \u00e1rvores e pr\u00e9dios hist\u00f3ricos no entorno.<\/li>\n\n\n\n<li><strong>Teatro Municipal Prefeito Clodoaldo Medina<\/strong>: marco cultural inaugurado em 1977, com programa\u00e7\u00e3o cont\u00ednua de teatro, dan\u00e7a e m\u00fasica.<\/li>\n\n\n\n<li><strong>Museu Ferrovi\u00e1rio Francisco Aureliano de Ara\u00fajo<\/strong>: acervo da <strong>Estrada de Ferro Araraquara (EFA)<\/strong> com locomotivas, fotografias e maquetes.<\/li>\n\n\n\n<li><strong>Ch\u00e1cara Sapucaia<\/strong>: casa onde <strong>M\u00e1rio de Andrade<\/strong> finalizou Macuna\u00edma, hoje Centro Cultural Professor Waldemar Saffioti, sob a guarda da UNESP.<\/li>\n\n\n\n<li><strong>Arena da Fonte Luminosa<\/strong>: est\u00e1dio com capacidade para 25 mil pessoas, casa do clube <strong>Ferrovi\u00e1ria<\/strong>, e palco de grandes eventos da cidade.<\/li>\n<\/ul>\n\n\n\n<p>A gastronomia equilibra tradi\u00e7\u00e3o caipira, heran\u00e7a \u00e1rabe da imigra\u00e7\u00e3o e influ\u00eancia italiana das fazendas de caf\u00e9:<\/p>\n\n\n\n<ul class=\"wp-block-list has-medium-font-size\">\n<li><strong>Coxinhas douradas de Bueno de Andrada<\/strong>: especialidade do distrito a 15 km do centro, eternizada em cr\u00f4nica do escritor araraquarense <strong>Ign\u00e1cio de Loyola Brand\u00e3o<\/strong>.<\/li>\n\n\n\n<li><strong>Fil\u00e9s \u00e0 parmegiana<\/strong>: por\u00e7\u00f5es generosas servidas em restaurantes tradicionais do bairro <strong>Vila Xavier<\/strong>, s\u00edmbolo da cozinha local.<\/li>\n\n\n\n<li><strong>Culin\u00e1ria \u00e1rabe<\/strong>: legado da imigra\u00e7\u00e3o com casas como <strong>Esquina \u00c1rabe<\/strong> e <strong>Vov\u00f4 Salim<\/strong>, servindo esfihas, kibes e mezzes.<\/li>\n\n\n\n<li><strong>Festival Del\u00edcias do Milho<\/strong>: realizado em Bueno de Andrada, atrai mais de 25 mil visitantes ao distrito, segundo a Secretaria de Turismo paulista.<\/li>\n<\/ul>\n\n\n\n<p>Quem quer conhecer&nbsp;<strong>Araraquara<\/strong>&nbsp;(<strong>SP<\/strong>) por completo, vai curtir esse v\u00eddeo especialmente selecionado do canal&nbsp;<strong>Jack Mochila<\/strong>, onde o apresentador mostra a cidade:<\/p>\n\n\n\n<figure class=\"wp-block-embed is-type-video is-provider-youtube wp-block-embed-youtube wp-embed-aspect-16-9 wp-has-aspect-ratio\"><div class=\"wp-block-embed__wrapper\">\n<div class=\"jeg_video_container jeg_video_content\"><iframe loading=\"lazy\" title=\"Araraquara - SP - Conhe\u00e7a a cidade inteira!\" width=\"500\" height=\"281\" src=\"https:\/\/www.youtube.com\/embed\/yU07ayjY_YM?feature=oembed\" frameborder=\"0\" allow=\"accelerometer; autoplay; clipboard-write; encrypted-media; gyroscope; picture-in-picture; web-share\" referrerpolicy=\"strict-origin-when-cross-origin\" allowfullscreen><\/iframe><\/div>\n<\/div><\/figure>\n\n\n\n<h2 class=\"wp-block-heading\">Qual o clima de Araraquara e quando ir?<\/h2>\n\n\n\n<p>Araraquara tem clima tropical com inverno seco e ver\u00e3o chuvoso. O apelido Morada do Sol vem dos dias quentes que se estendem por boa parte do ano, com m\u00e1ximas que ultrapassam os 35\u00b0C no ver\u00e3o.<\/p>\n\n\n\n<style>\n    .ant-grid { \n        --cor-primaria: #1a2a57;\n        --cor-secundaria: #1a2a57;\n        --cor-txt-secundaria: #ffffff; \n        display: grid; grid-template-columns: repeat(auto-fit, minmax(190px, 1fr)); gap: 15px; justify-content: center; padding: 10px;\n    }\n    .ant-card { \n        border: 5px solid var(--cor-primaria); border-top: 5px solid var(--cor-secundaria); \n        border-radius: 4px; background-color: var(--cor-primaria); background-clip: padding-box; \n        display: flex; flex-direction: column; overflow: hidden; cursor: pointer; \n        box-shadow: 0 6px 12px rgba(0,0,0, 0.2); transition: transform 0.2s ease, box-shadow 0.2s ease; \n        -webkit-tap-highlight-color: transparent; user-select: none; transform: translateZ(0);\n        animation: wmFadeIn 0.6s cubic-bezier(0.2, 0.8, 0.2, 1) backwards;\n    }\n    .ant-card:nth-child(1) { animation-delay: 0.1s; } .ant-card:nth-child(2) { animation-delay: 0.2s; }\n    .ant-card:nth-child(3) { animation-delay: 0.3s; } .ant-card:nth-child(4) { animation-delay: 0.4s; }\n    @keyframes wmFadeIn { from { opacity: 0; transform: translateY(30px); } to { opacity: 1; transform: translateY(0); } }\n    .ant-card:hover { transform: translateY(-5px); box-shadow: 0 15px 30px rgba(0,0,0, 0.3); }\n    .ant-card:active { transform: translateY(-1px) scale(0.97); box-shadow: 0 3px 6px rgba(0,0,0, 0.2); transition: transform 0.05s ease, box-shadow 0.05s ease; }\n    .ant-header { background: #f0f8f9; padding: 15px 10px; text-align: center; display: flex; flex-direction: column; align-items: center; justify-content: center; }\n    .ant-body { background: #ffffff; padding: 15px; display: flex; flex-direction: column; flex-grow: 1; align-items: center; }\n    .ant-card-destaque { box-shadow: 0 8px 16px rgba(0,0,0, 0.25); }\n    .ant-card-destaque:hover { box-shadow: 0 18px 36px rgba(0,0,0, 0.35); }\n    .ant-card-destaque .ant-header { background: var(--cor-secundaria); }\n    .ant-card-destaque .ant-header .ant-titulo { color: var(--cor-txt-secundaria) !important; } \n    .pill-ant { display: flex; white-space: normal; max-width: 100%; box-sizing: border-box; justify-content: center; align-items: center; text-align: center; background: #e0f4f6; color: var(--cor-primaria); font-size: 11px; font-weight: 900 !important; letter-spacing: 0.5px; padding: 8px 16px; border-radius: 4px; text-transform: uppercase; line-height: 1.4; box-shadow: 0 4px 8px rgba(0,0,0, 0.15); margin-top: auto; transition: transform 0.2s ease; }\n    .ant-card-destaque .pill-ant { background: var(--cor-primaria); color: var(--cor-txt-secundaria); } \n    .ant-card:hover .pill-ant { transform: scale(1.06); }\n    .pill-ant span { font-weight: 900 !important; color: inherit; } \n    .ant-emoji { font-size: 24px; line-height: 1; margin-bottom: 5px; }\n    .ant-titulo { color: var(--cor-primaria); font-size: 16px; text-transform: uppercase; margin-top: 5px; font-weight: bold; }\n    .ant-mes { font-size: 11px; font-weight: 800; color: var(--cor-primaria); text-transform: uppercase; margin-bottom: 5px; }\n    .ant-temp { font-size: 26px; font-weight: 900; color: var(--cor-primaria); margin-bottom: 10px; }\n    .ant-desc { font-size: 13px; color: #444; text-align: center; line-height: 1.5; margin-bottom: 15px; flex-grow: 1;}\n    .ant-desc strong { color: #111; }\n    @media (prefers-color-scheme: dark) {\n        .ant-card { border-color: #1b7a8c; background-color: #1b7a8c; box-shadow: 0 6px 12px rgba(0,0,0, 0.5); }\n        .ant-header { background: #1a1a1a; } .ant-body { background: #121212; }\n        .ant-card-destaque .ant-header { background: var(--cor-secundaria); }\n        .ant-card-destaque .ant-header .ant-titulo { color: var(--cor-txt-secundaria) !important; }\n        .ant-titulo { color: #5ce1f5; } .ant-mes { color: #8eeaf7; } .ant-temp { color: #5ce1f5; } .ant-desc { color: #cccccc; } .ant-desc strong { color: #ffffff; }\n        .pill-ant { background: #1a1a1a; color: #5ce1f5; box-shadow: 0 4px 8px rgba(0, 0, 0, 0.5); }\n        .ant-card-destaque .pill-ant { background: var(--cor-primaria); color: var(--cor-txt-secundaria); }\n    }\n<\/style>\n<div class=\"google-auto-ads-ignore ant-grid\" style=\"box-sizing: border-box; width: 100%; max-width: 980px; margin: 30px auto; font-family: 'Segoe UI', Roboto, Helvetica, Arial, sans-serif;\">\n    <div class=\"ant-card\">\n        <div class=\"ant-header\">\n            <div class=\"ant-emoji\">\ud83c\udfca<\/div>\n            <div class=\"ant-titulo\">Ver\u00e3o<\/div>\n        <\/div>\n        <div class=\"ant-body\">\n            <div class=\"ant-mes\">Dezembro a Fevereiro<\/div>\n            <div class=\"ant-temp\">20\u00b0C a 33\u00b0C<\/div>\n            <div class=\"ant-desc\">Calor intenso na &#8220;Morada do Sol&#8221;. Refresque-se curtindo o <strong>Parque Pinheirinho e piscinas pela manh\u00e3<\/strong>.<\/div>\n            <div class=\"pill-ant\"><span>\u2614 CHUVA ALTA<\/span><\/div>\n        <\/div>\n    <\/div>\n    <div class=\"ant-card\">\n        <div class=\"ant-header\">\n            <div class=\"ant-emoji\">\ud83c\udfdb\ufe0f<\/div>\n            <div class=\"ant-titulo\">Outono<\/div>\n        <\/div>\n        <div class=\"ant-body\">\n            <div class=\"ant-mes\">Mar\u00e7o a Maio<\/div>\n            <div class=\"ant-temp\">17\u00b0C a 29\u00b0C<\/div>\n            <div class=\"ant-desc\">Passeios culturais ganham for\u00e7a no clima mais agrad\u00e1vel. Fa\u00e7a o <strong>Roteiro pelos museus e Boulevard dos Oitis<\/strong>.<\/div>\n            <div class=\"pill-ant\"><span>\ud83c\udf27\ufe0f CHUVA M\u00c9DIA<\/span><\/div>\n        <\/div>\n    <\/div>\n    <div class=\"ant-card ant-card-destaque\">\n        <div class=\"ant-header\">\n            <div class=\"ant-emoji\">\ud83c\udf3d<\/div>\n            <div class=\"ant-titulo\">Inverno<\/div>\n        <\/div>\n        <div class=\"ant-body\">\n            <div class=\"ant-mes\">Junho a Agosto<\/div>\n            <div class=\"ant-temp\">11\u00b0C a 26\u00b0C<\/div>\n            <div class=\"ant-desc\">Esta\u00e7\u00e3o seca e festiva! Momento perfeito para curtir o <strong>Festival Del\u00edcias do Milho e festas tradicionais<\/strong>.<\/div>\n            <div class=\"pill-ant\"><span>\u2b50 MELHOR \u00c9POCA<\/span><\/div>\n        <\/div>\n    <\/div>\n    <div class=\"ant-card\">\n        <div class=\"ant-header\">\n            <div class=\"ant-emoji\">\ud83c\udf89<\/div>\n            <div class=\"ant-titulo\">Primavera<\/div>\n        <\/div>\n        <div class=\"ant-body\">\n            <div class=\"ant-mes\">Setembro a Novembro<\/div>\n            <div class=\"ant-temp\">15\u00b0C a 31\u00b0C<\/div>\n            <div class=\"ant-desc\">A cidade se mobiliza em grandes eventos comemorativos. N\u00e3o perca o <strong>Anivers\u00e1rio da cidade e a FACIRA<\/strong>.<\/div>\n            <div class=\"pill-ant\"><span>\ud83c\udf27\ufe0f CHUVA M\u00c9DIA<\/span><\/div>\n        <\/div>\n    <\/div>\n<\/div>\n\n\n\n<p><em>Temperaturas aproximadas com base no <a href=\"https:\/\/www.climatempo.com.br\/previsao-do-tempo\/cidade\/397\/araraquara-sp\" target=\"_blank\" rel=\"noreferrer noopener\"><strong>Climatempo<\/strong><\/a>. Condi\u00e7\u00f5es podem variar.<\/em><\/p>\n\n\n\n<h2 class=\"wp-block-heading\">Como chegar \u00e0 Morada do Sol?<\/h2>\n\n\n\n<p>Araraquara fica a 270 km da capital paulista pela <strong>Rodovia Washington Lu\u00eds (SP-310)<\/strong>, totalmente duplicada e em bom estado. O trajeto leva cerca de tr\u00eas horas e meia em condi\u00e7\u00f5es normais.<\/p>\n\n\n\n<p>Os aeroportos mais pr\u00f3ximos s\u00e3o o de <strong>Viracopos<\/strong>, em <strong>Campinas<\/strong>, a 175 km, e o de <strong>Ribeir\u00e3o Preto<\/strong>, a 90 km. H\u00e1 linhas regulares de \u00f4nibus saindo do Terminal Tiet\u00ea, em <strong>S\u00e3o Paulo<\/strong>, com tempo m\u00e9dio de viagem de 4h30. A cidade tamb\u00e9m \u00e9 cortada por importantes liga\u00e7\u00f5es ferrovi\u00e1rias da antiga EFA, hoje voltadas ao transporte de cargas.<\/p>\n\n\n\n<h2 class=\"wp-block-heading\">Conhe\u00e7a a cidade que une laranja e qualidade de vida<\/h2>\n\n\n\n<p>Araraquara junta a for\u00e7a do agroneg\u00f3cio mundial \u00e0 tranquilidade de uma cidade m\u00e9dia paulista bem cuidada. Cada esquina arborizada conta a hist\u00f3ria de um lugar que cresce sem perder o ritmo do interior.<\/p>\n\n\n\n<p>Voc\u00ea precisa visitar Araraquara para entender por que tantos brasileiros t\u00eam escolhido a Morada do Sol para come\u00e7ar uma nova fase da vida.<\/p>\n","protected":false},"excerpt":{"rendered":"<p>A 270 km da capital, no centro geogr\u00e1fico do Estado de S\u00e3o Paulo, Araraquara \u00e9 o cora\u00e7\u00e3o da maior pot\u00eancia citr\u00edcola do planeta. A cidade conhecida como Morada do Sol abriga quatro unidades da Universidade Estadual Paulista (UNESP), a sede hist\u00f3rica da Cutrale e ocupa a 3\u00aa posi\u00e7\u00e3o entre as melhores cidades m\u00e9dias do Brasil [&hellip;]<\/p>\n","protected":false},"author":6,"featured_media":201948,"comment_status":"open","ping_status":"open","sticky":false,"template":"","format":"standard","meta":{"jnews-multi-image_gallery":[],"jnews_single_post":{"format":"standard"},"jnews_primary_category":[],"jnews_social_meta":[],"jnews_override_counter":[],"footnotes":""},"categories":[26],"tags":[21306,183,4272,553],"class_list":["post-200527","post","type-post","status-publish","format-standard","has-post-thumbnail","hentry","category-cidades","tag-araraquara","tag-cidades","tag-laranja","tag-sao-paulo"],"yoast_head":"<!-- This site is optimized with the Yoast SEO plugin v23.8 - https:\/\/yoast.com\/wordpress\/plugins\/seo\/ -->\n<title>Capital do suco de laranja: cidade paulista que abastece 1 em cada 3 copos de suco de laranja do mundo tem a lideran\u00e7a nos rankings de seguran\u00e7a, qualidade de vida e atrai aposentados de todo o pa\u00eds - Estado de Minas - Em foco<\/title>\n<meta name=\"description\" content=\"Conhe\u00e7a a capital do suco de laranja que abastece o mundo. L\u00edder em seguran\u00e7a e qualidade de vida, ela \u00e9 o ref\u00fagio ideal no interior de SP.\" \/>\n<meta name=\"robots\" content=\"index, follow, max-snippet:-1, max-image-preview:large, max-video-preview:-1\" \/>\n<link rel=\"canonical\" href=\"https:\/\/www.em.com.br\/emfoco\/2026\/04\/30\/capital-do-suco-de-laranja-cidade-paulista-que-abastece-1-em-cada-3-copos-de-suco-de-laranja-do-mundo-tem-a-lideranca-nos-rankings-de-seguranca-qualidade-de-vida-e-atrai-aposentados-de-todo-o-pais\/\" \/>\n<meta property=\"og:locale\" content=\"pt_BR\" \/>\n<meta property=\"og:type\" content=\"article\" \/>\n<meta property=\"og:title\" content=\"Capital do suco de laranja: cidade paulista que abastece 1 em cada 3 copos de suco de laranja do mundo tem a lideran\u00e7a nos rankings de seguran\u00e7a, qualidade de vida e atrai aposentados de todo o pa\u00eds - Estado de Minas - Em foco\" \/>\n<meta property=\"og:description\" content=\"Conhe\u00e7a a capital do suco de laranja que abastece o mundo. L\u00edder em seguran\u00e7a e qualidade de vida, ela \u00e9 o ref\u00fagio ideal no interior de SP.\" \/>\n<meta property=\"og:url\" content=\"https:\/\/www.em.com.br\/emfoco\/2026\/04\/30\/capital-do-suco-de-laranja-cidade-paulista-que-abastece-1-em-cada-3-copos-de-suco-de-laranja-do-mundo-tem-a-lideranca-nos-rankings-de-seguranca-qualidade-de-vida-e-atrai-aposentados-de-todo-o-pais\/\" \/>\n<meta property=\"og:site_name\" content=\"Estado de Minas - Em foco\" \/>\n<meta property=\"article:published_time\" content=\"2026-04-30T14:25:00+00:00\" \/>\n<meta property=\"article:modified_time\" content=\"2026-04-30T12:30:37+00:00\" \/>\n<meta property=\"og:image\" content=\"https:\/\/www.em.com.br\/emfoco\/wp-content\/uploads\/2026\/04\/Orange_groves_and_city_skyline_202604300928-scaled.jpg\" \/>\n\t<meta property=\"og:image:width\" content=\"2560\" \/>\n\t<meta property=\"og:image:height\" content=\"1440\" \/>\n\t<meta property=\"og:image:type\" content=\"image\/jpeg\" \/>\n<meta name=\"author\" content=\"Vitor Bruno\" \/>\n<meta name=\"twitter:card\" content=\"summary_large_image\" \/>\n<meta name=\"twitter:label1\" content=\"Escrito por\" \/>\n\t<meta name=\"twitter:data1\" content=\"Vitor Bruno\" \/>\n\t<meta name=\"twitter:label2\" content=\"Est. tempo de leitura\" \/>\n\t<meta name=\"twitter:data2\" content=\"7 minutos\" \/>\n<!-- \/ Yoast SEO plugin. -->","yoast_head_json":{"title":"Capital do suco de laranja: cidade paulista que abastece 1 em cada 3 copos de suco de laranja do mundo tem a lideran\u00e7a nos rankings de seguran\u00e7a, qualidade de vida e atrai aposentados de todo o pa\u00eds - Estado de Minas - Em foco","description":"Conhe\u00e7a a capital do suco de laranja que abastece o mundo. L\u00edder em seguran\u00e7a e qualidade de vida, ela \u00e9 o ref\u00fagio ideal no interior de SP.","robots":{"index":"index","follow":"follow","max-snippet":"max-snippet:-1","max-image-preview":"max-image-preview:large","max-video-preview":"max-video-preview:-1"},"canonical":"https:\/\/www.em.com.br\/emfoco\/2026\/04\/30\/capital-do-suco-de-laranja-cidade-paulista-que-abastece-1-em-cada-3-copos-de-suco-de-laranja-do-mundo-tem-a-lideranca-nos-rankings-de-seguranca-qualidade-de-vida-e-atrai-aposentados-de-todo-o-pais\/","og_locale":"pt_BR","og_type":"article","og_title":"Capital do suco de laranja: cidade paulista que abastece 1 em cada 3 copos de suco de laranja do mundo tem a lideran\u00e7a nos rankings de seguran\u00e7a, qualidade de vida e atrai aposentados de todo o pa\u00eds - Estado de Minas - Em foco","og_description":"Conhe\u00e7a a capital do suco de laranja que abastece o mundo. L\u00edder em seguran\u00e7a e qualidade de vida, ela \u00e9 o ref\u00fagio ideal no interior de SP.","og_url":"https:\/\/www.em.com.br\/emfoco\/2026\/04\/30\/capital-do-suco-de-laranja-cidade-paulista-que-abastece-1-em-cada-3-copos-de-suco-de-laranja-do-mundo-tem-a-lideranca-nos-rankings-de-seguranca-qualidade-de-vida-e-atrai-aposentados-de-todo-o-pais\/","og_site_name":"Estado de Minas - Em foco","article_published_time":"2026-04-30T14:25:00+00:00","article_modified_time":"2026-04-30T12:30:37+00:00","og_image":[{"width":2560,"height":1440,"url":"https:\/\/www.em.com.br\/emfoco\/wp-content\/uploads\/2026\/04\/Orange_groves_and_city_skyline_202604300928-scaled.jpg","type":"image\/jpeg"}],"author":"Vitor Bruno","twitter_card":"summary_large_image","twitter_misc":{"Escrito por":"Vitor Bruno","Est. tempo de leitura":"7 minutos"},"schema":{"@context":"https:\/\/schema.org","@graph":[{"@type":"WebPage","@id":"https:\/\/www.em.com.br\/emfoco\/2026\/04\/30\/capital-do-suco-de-laranja-cidade-paulista-que-abastece-1-em-cada-3-copos-de-suco-de-laranja-do-mundo-tem-a-lideranca-nos-rankings-de-seguranca-qualidade-de-vida-e-atrai-aposentados-de-todo-o-pais\/","url":"https:\/\/www.em.com.br\/emfoco\/2026\/04\/30\/capital-do-suco-de-laranja-cidade-paulista-que-abastece-1-em-cada-3-copos-de-suco-de-laranja-do-mundo-tem-a-lideranca-nos-rankings-de-seguranca-qualidade-de-vida-e-atrai-aposentados-de-todo-o-pais\/","name":"Capital do suco de laranja: cidade paulista que abastece 1 em cada 3 copos de suco de laranja do mundo tem a lideran\u00e7a nos rankings de seguran\u00e7a, qualidade de vida e atrai aposentados de todo o pa\u00eds - Estado de Minas - Em foco","isPartOf":{"@id":"https:\/\/www.em.com.br\/emfoco\/#website"},"primaryImageOfPage":{"@id":"https:\/\/www.em.com.br\/emfoco\/2026\/04\/30\/capital-do-suco-de-laranja-cidade-paulista-que-abastece-1-em-cada-3-copos-de-suco-de-laranja-do-mundo-tem-a-lideranca-nos-rankings-de-seguranca-qualidade-de-vida-e-atrai-aposentados-de-todo-o-pais\/#primaryimage"},"image":{"@id":"https:\/\/www.em.com.br\/emfoco\/2026\/04\/30\/capital-do-suco-de-laranja-cidade-paulista-que-abastece-1-em-cada-3-copos-de-suco-de-laranja-do-mundo-tem-a-lideranca-nos-rankings-de-seguranca-qualidade-de-vida-e-atrai-aposentados-de-todo-o-pais\/#primaryimage"},"thumbnailUrl":"https:\/\/www.em.com.br\/emfoco\/wp-content\/uploads\/2026\/04\/Orange_groves_and_city_skyline_202604300928-scaled.jpg","datePublished":"2026-04-30T14:25:00+00:00","dateModified":"2026-04-30T12:30:37+00:00","author":{"@id":"https:\/\/www.em.com.br\/emfoco\/#\/schema\/person\/364ac1852fafd00f1be20f0b8b237569"},"description":"Conhe\u00e7a a capital do suco de laranja que abastece o mundo. L\u00edder em seguran\u00e7a e qualidade de vida, ela \u00e9 o ref\u00fagio ideal no interior de SP.","breadcrumb":{"@id":"https:\/\/www.em.com.br\/emfoco\/2026\/04\/30\/capital-do-suco-de-laranja-cidade-paulista-que-abastece-1-em-cada-3-copos-de-suco-de-laranja-do-mundo-tem-a-lideranca-nos-rankings-de-seguranca-qualidade-de-vida-e-atrai-aposentados-de-todo-o-pais\/#breadcrumb"},"inLanguage":"pt-BR","potentialAction":[{"@type":"ReadAction","target":["https:\/\/www.em.com.br\/emfoco\/2026\/04\/30\/capital-do-suco-de-laranja-cidade-paulista-que-abastece-1-em-cada-3-copos-de-suco-de-laranja-do-mundo-tem-a-lideranca-nos-rankings-de-seguranca-qualidade-de-vida-e-atrai-aposentados-de-todo-o-pais\/"]}]},{"@type":"ImageObject","inLanguage":"pt-BR","@id":"https:\/\/www.em.com.br\/emfoco\/2026\/04\/30\/capital-do-suco-de-laranja-cidade-paulista-que-abastece-1-em-cada-3-copos-de-suco-de-laranja-do-mundo-tem-a-lideranca-nos-rankings-de-seguranca-qualidade-de-vida-e-atrai-aposentados-de-todo-o-pais\/#primaryimage","url":"https:\/\/www.em.com.br\/emfoco\/wp-content\/uploads\/2026\/04\/Orange_groves_and_city_skyline_202604300928-scaled.jpg","contentUrl":"https:\/\/www.em.com.br\/emfoco\/wp-content\/uploads\/2026\/04\/Orange_groves_and_city_skyline_202604300928-scaled.jpg","width":2560,"height":1440,"caption":"Araraquara abastece 1 em cada 3 copos de suco de laranja do mundo \/\/ IMAGEM ILUSTRATIVA"},{"@type":"BreadcrumbList","@id":"https:\/\/www.em.com.br\/emfoco\/2026\/04\/30\/capital-do-suco-de-laranja-cidade-paulista-que-abastece-1-em-cada-3-copos-de-suco-de-laranja-do-mundo-tem-a-lideranca-nos-rankings-de-seguranca-qualidade-de-vida-e-atrai-aposentados-de-todo-o-pais\/#breadcrumb","itemListElement":[{"@type":"ListItem","position":1,"name":"In\u00edcio","item":"https:\/\/www.em.com.br\/emfoco\/"},{"@type":"ListItem","position":2,"name":"Capital do suco de laranja: cidade paulista que abastece 1 em cada 3 copos de suco de laranja do mundo tem a lideran\u00e7a nos rankings de seguran\u00e7a, qualidade de vida e atrai aposentados de todo o pa\u00eds"}]},{"@type":"WebSite","@id":"https:\/\/www.em.com.br\/emfoco\/#website","url":"https:\/\/www.em.com.br\/emfoco\/","name":"Estado de Minas - Em foco","description":"Acompanhe as \u00faltimas not\u00edcias e fique bem informado sobre tudo o que acontece em Minas Gerais, Brasil e no mundo.","potentialAction":[{"@type":"SearchAction","target":{"@type":"EntryPoint","urlTemplate":"https:\/\/www.em.com.br\/emfoco\/?s={search_term_string}"},"query-input":{"@type":"PropertyValueSpecification","valueRequired":true,"valueName":"search_term_string"}}],"inLanguage":"pt-BR"},{"@type":"Person","@id":"https:\/\/www.em.com.br\/emfoco\/#\/schema\/person\/364ac1852fafd00f1be20f0b8b237569","name":"Vitor Bruno","image":{"@type":"ImageObject","inLanguage":"pt-BR","@id":"https:\/\/www.em.com.br\/emfoco\/#\/schema\/person\/image\/","url":"https:\/\/secure.gravatar.com\/avatar\/b719e5cdede09f942064960883b5524d?s=96&d=mm&r=g","contentUrl":"https:\/\/secure.gravatar.com\/avatar\/b719e5cdede09f942064960883b5524d?s=96&d=mm&r=g","caption":"Vitor Bruno"},"sameAs":["https:\/\/www.em.com.br\/emfoco\/"],"url":"https:\/\/www.em.com.br\/emfoco\/author\/vitormyth\/"}]}},"_links":{"self":[{"href":"https:\/\/www.em.com.br\/emfoco\/wp-json\/wp\/v2\/posts\/200527","targetHints":{"allow":["GET"]}}],"collection":[{"href":"https:\/\/www.em.com.br\/emfoco\/wp-json\/wp\/v2\/posts"}],"about":[{"href":"https:\/\/www.em.com.br\/emfoco\/wp-json\/wp\/v2\/types\/post"}],"author":[{"embeddable":true,"href":"https:\/\/www.em.com.br\/emfoco\/wp-json\/wp\/v2\/users\/6"}],"replies":[{"embeddable":true,"href":"https:\/\/www.em.com.br\/emfoco\/wp-json\/wp\/v2\/comments?post=200527"}],"version-history":[{"count":5,"href":"https:\/\/www.em.com.br\/emfoco\/wp-json\/wp\/v2\/posts\/200527\/revisions"}],"predecessor-version":[{"id":201949,"href":"https:\/\/www.em.com.br\/emfoco\/wp-json\/wp\/v2\/posts\/200527\/revisions\/201949"}],"wp:featuredmedia":[{"embeddable":true,"href":"https:\/\/www.em.com.br\/emfoco\/wp-json\/wp\/v2\/media\/201948"}],"wp:attachment":[{"href":"https:\/\/www.em.com.br\/emfoco\/wp-json\/wp\/v2\/media?parent=200527"}],"wp:term":[{"taxonomy":"category","embeddable":true,"href":"https:\/\/www.em.com.br\/emfoco\/wp-json\/wp\/v2\/categories?post=200527"},{"taxonomy":"post_tag","embeddable":true,"href":"https:\/\/www.em.com.br\/emfoco\/wp-json\/wp\/v2\/tags?post=200527"}],"curies":[{"name":"wp","href":"https:\/\/api.w.org\/{rel}","templated":true}]}}