{"id":200526,"date":"2026-04-29T15:05:00","date_gmt":"2026-04-29T18:05:00","guid":{"rendered":"https:\/\/www.em.com.br\/emfoco\/?p=200526"},"modified":"2026-04-29T01:06:58","modified_gmt":"2026-04-29T04:06:58","slug":"o-caribe-brasileiro-com-piscinas-naturais-de-aguas-azul-turquesa-que-todo-mundo-sonha-em-visitar","status":"publish","type":"post","link":"https:\/\/www.em.com.br\/emfoco\/2026\/04\/29\/o-caribe-brasileiro-com-piscinas-naturais-de-aguas-azul-turquesa-que-todo-mundo-sonha-em-visitar\/","title":{"rendered":"O Caribe Brasileiro com piscinas naturais de \u00e1guas azul-turquesa que todo mundo sonha em visitar"},"content":{"rendered":"\n<p>Quem chega a <strong>Maragogi<\/strong>, no litoral norte de <strong>Alagoas<\/strong>, encontra 22 km de litoral pontilhado por coqueirais e um mar que muda do verde-esmeralda ao azul-turquesa a cada metro de jangada. A 130 km de <strong>Macei\u00f3<\/strong> e a 140 km do <strong>Recife<\/strong>, a cidade est\u00e1 dentro da <a href=\"https:\/\/www4.icmbio.gov.br\/apacostadoscorais\/\" target=\"_blank\" rel=\"noreferrer noopener\"><strong>\u00c1rea de Prote\u00e7\u00e3o Ambiental Costa dos Corais<\/strong><\/a>, a maior unidade de conserva\u00e7\u00e3o marinha costeira federal do <strong>Brasil<\/strong>.<\/p>\n\n\n\n<h2 class=\"wp-block-heading\">Por que chamam Maragogi de Caribe Brasileiro<\/h2>\n\n\n\n<p>O apelido vem das condi\u00e7\u00f5es naturais do trecho: a Costa dos Corais abriga 130 km de recifes vivos cont\u00ednuos, segundo registros do <a href=\"https:\/\/www4.icmbio.gov.br\/apacostadoscorais\/\" target=\"_blank\" rel=\"noreferrer noopener\">Instituto Chico Mendes de Conserva\u00e7\u00e3o da Biodiversidade (ICMBio)<\/a>. Esse banco de coral funciona como uma barreira que ret\u00e9m a \u00e1gua e cria as famosas piscinas naturais durante a mar\u00e9 baixa.<\/p>\n\n\n\n<p>O nome do munic\u00edpio vem do tupi antigo, <em><strong>marag\u00fba\u00f3\u00eey<\/strong><\/em>, que significa rio dos gatos-do-mato, em refer\u00eancia ao rio que corta o territ\u00f3rio. O povoado se chamou Gamela e depois Vila de Isabel, em homenagem \u00e0 princesa, a partir de 1875. S\u00f3 em 1892 passou a se chamar Maragogi. A hist\u00f3ria tamb\u00e9m passa por epis\u00f3dios de batalha: moradores impediram tentativas de desembarque holand\u00eas no litoral alagoano, e a praia de <strong>Barra Grande<\/strong> foi palco da Guerra dos Cabanos a partir de 1832.<\/p>\n\n\n<div class=\"wp-block-image\">\n<figure class=\"aligncenter size-large\"><img loading=\"lazy\" decoding=\"async\" width=\"1024\" height=\"576\" src=\"https:\/\/www.em.com.br\/emfoco\/wp-content\/uploads\/2026\/01\/Maragogi-_1769785326405-1024x576.jpg\" alt=\"\" class=\"wp-image-162436\" srcset=\"https:\/\/www.em.com.br\/emfoco\/wp-content\/uploads\/2026\/01\/Maragogi-_1769785326405-1024x576.jpg 1024w, https:\/\/www.em.com.br\/emfoco\/wp-content\/uploads\/2026\/01\/Maragogi-_1769785326405-300x169.jpg 300w, https:\/\/www.em.com.br\/emfoco\/wp-content\/uploads\/2026\/01\/Maragogi-_1769785326405-768x432.jpg 768w, https:\/\/www.em.com.br\/emfoco\/wp-content\/uploads\/2026\/01\/Maragogi-_1769785326405-750x422.jpg 750w, https:\/\/www.em.com.br\/emfoco\/wp-content\/uploads\/2026\/01\/Maragogi-_1769785326405-1140x641.jpg 1140w, https:\/\/www.em.com.br\/emfoco\/wp-content\/uploads\/2026\/01\/Maragogi-_1769785326405.jpg 1280w\" sizes=\"auto, (max-width: 1024px) 100vw, 1024px\" \/><figcaption class=\"wp-element-caption\">Maragogi encanta com o Caminho de Mois\u00e9s e a segunda maior barreira de corais do mundo \/\/ Cr\u00e9ditos: depositphotos.com \/ Cristian_Lourenco<\/figcaption><\/figure><\/div>\n\n\n<h2 class=\"wp-block-heading\">O reconhecimento que coloca Maragogi no mapa nacional<\/h2>\n\n\n\n<p>A cidade \u00e9 a \u00fanica de Alagoas com categoria A no <strong>Mapa do Turismo Brasileiro<\/strong>, o n\u00edvel mais alto da classifica\u00e7\u00e3o do <strong>Minist\u00e9rio do Turismo<\/strong>. A informa\u00e7\u00e3o \u00e9 da<strong> <a href=\"https:\/\/maragogi.al.gov.br\/noticia\/maragogi-e-a-unica-cidade-em-alagoas-na-categoria-a-no-mapa-do-turismo-brasileiro\/\" target=\"_blank\" rel=\"noreferrer noopener\">Prefeitura de Maragogi<\/a><\/strong>, em comunicado oficial sobre a renova\u00e7\u00e3o do certificado.<\/p>\n\n\n\n<p>O selo entra apenas em munic\u00edpios com Conselho Municipal de Turismo ativo, recursos pr\u00f3prios para o setor e empresas inscritas no <strong>Cadastur<\/strong>. Maragogi \u00e9 a segunda cidade mais visitada de Alagoas, atr\u00e1s apenas de Macei\u00f3, e abriga dois dos principais resorts <em>all inclusive<\/em> do litoral nordestino, instalados ao longo da orla.<\/p>\n\n\n<div class=\"wp-block-image\">\n<figure class=\"aligncenter size-large\"><img loading=\"lazy\" decoding=\"async\" width=\"1024\" height=\"576\" src=\"https:\/\/www.em.com.br\/emfoco\/wp-content\/uploads\/2026\/01\/Maragogi-_1769785621332-1024x576.jpg\" alt=\"\" class=\"wp-image-162440\" srcset=\"https:\/\/www.em.com.br\/emfoco\/wp-content\/uploads\/2026\/01\/Maragogi-_1769785621332-1024x576.jpg 1024w, https:\/\/www.em.com.br\/emfoco\/wp-content\/uploads\/2026\/01\/Maragogi-_1769785621332-300x169.jpg 300w, https:\/\/www.em.com.br\/emfoco\/wp-content\/uploads\/2026\/01\/Maragogi-_1769785621332-768x432.jpg 768w, https:\/\/www.em.com.br\/emfoco\/wp-content\/uploads\/2026\/01\/Maragogi-_1769785621332-750x422.jpg 750w, https:\/\/www.em.com.br\/emfoco\/wp-content\/uploads\/2026\/01\/Maragogi-_1769785621332-1140x641.jpg 1140w, https:\/\/www.em.com.br\/emfoco\/wp-content\/uploads\/2026\/01\/Maragogi-_1769785621332.jpg 1280w\" sizes=\"auto, (max-width: 1024px) 100vw, 1024px\" \/><figcaption class=\"wp-element-caption\">Maragogi une o azul turquesa de Antunes ao sabor \u00fanico do bolinho de goma \/\/ Cr\u00e9ditos: depositphotos.com \/ Cristian_Lourenco<\/figcaption><\/figure><\/div>\n\n\n<p><strong>Leia tamb\u00e9m: <a href=\"https:\/\/www.em.com.br\/emfoco\/2026\/04\/28\/a-praia-selvagem-da-capital-acessivel-so-por-trilha-ou-barco-com-lagoa-mar-azul-e-zero-predio-a-vista-no-coracao-da-capital\/\" target=\"_blank\" rel=\"noreferrer noopener\">A praia selvagem da capital: acess\u00edvel s\u00f3 por trilha ou barco, com lagoa, mar azul e zero pr\u00e9dio \u00e0 vista no cora\u00e7\u00e3o da capital<\/a><\/strong><\/p>\n\n\n\n<h2 class=\"wp-block-heading\">O que fazer entre as Gal\u00e9s e o Caminho de Mois\u00e9s<\/h2>\n\n\n\n<p>O litoral concentra atra\u00e7\u00f5es que dependem da mar\u00e9, e a maioria delas pede planejamento pr\u00e9vio com a t\u00e1bua de mar\u00e9s. O ICMBio limita o n\u00famero de embarca\u00e7\u00f5es nas piscinas e exige operadoras autorizadas para a maioria dos passeios em recife.<\/p>\n\n\n\n<ul class=\"wp-block-list has-medium-font-size\">\n<li><strong>Gal\u00e9s de Maragogi<\/strong>: piscinas naturais formadas a 6 km da costa, com profundidade de 1 a 5 metros. O passeio sai de catamar\u00e3, leva cerca de 30 minutos at\u00e9 o ponto e exige mar\u00e9 baixa.<\/li>\n\n\n\n<li><strong>Praia de Antunes<\/strong>: a 7 km do centro, com mar azul intenso, areia branca e bancos de areia em alto-mar que formam piscinas sem coral.<\/li>\n\n\n\n<li><strong>Caminho de Mois\u00e9s<\/strong>: faixa de areia que emerge na mar\u00e9 baixa em <strong>Barra Grande<\/strong>, a 7 km do centro, e permite caminhar mar adentro.<\/li>\n\n\n\n<li><strong>Croa de S\u00e3o Bento<\/strong>: ilha de corais a 2 km da costa, acess\u00edvel de jangada, dentro da APA Costa dos Corais e menos disputada que as Gal\u00e9s.<\/li>\n\n\n\n<li><strong>Praia de Peroba<\/strong>: a 13 km do centro, perto da divisa com <strong>Pernambuco<\/strong>, conhecida pela orla vazia e mar azul cintilante.<\/li>\n\n\n\n<li><strong>Passeio de buggy pelo litoral norte<\/strong>: roteiro de cerca de 3 horas que passa por Burgalhau, Barra Grande, Xar\u00e9u e <strong>Ponta de Mangue<\/strong>.<\/li>\n<\/ul>\n\n\n\n<p>Quem busca um para\u00edso em <strong>Alagoas<\/strong>, vai curtir esse v\u00eddeo especialmente selecionado do canal <strong>Casal Alencar<\/strong>, que conta com mais de <strong>161 mil<\/strong> inscritos, onde <strong>Bruna e Adriano<\/strong> mostram um roteiro completo por <strong>Maragogi<\/strong>:<\/p>\n\n\n\n<figure class=\"wp-block-embed is-type-video is-provider-youtube wp-block-embed-youtube wp-embed-aspect-16-9 wp-has-aspect-ratio\"><div class=\"wp-block-embed__wrapper\">\n<div class=\"jeg_video_container jeg_video_content\"><iframe loading=\"lazy\" title=\"ROTEIRO COMPLETO DE MARAGOGI - 3 DIAS (COM PRE\u00c7OS)\" width=\"500\" height=\"281\" src=\"https:\/\/www.youtube.com\/embed\/3NfWurFaC4E?feature=oembed\" frameborder=\"0\" allow=\"accelerometer; autoplay; clipboard-write; encrypted-media; gyroscope; picture-in-picture; web-share\" referrerpolicy=\"strict-origin-when-cross-origin\" allowfullscreen><\/iframe><\/div>\n<\/div><\/figure>\n\n\n\n<h2 class=\"wp-block-heading\">Quando o clima ajuda mais a viagem<\/h2>\n\n\n\n<p>Maragogi tem clima quente o ano todo, com temperatura m\u00e9dia pr\u00f3xima de 27\u00b0C, mas a qualidade dos passeios depende da chuva e da mar\u00e9. As piscinas naturais ficam mais transparentes nos meses secos, quando a visibilidade do mar aumenta.<\/p>\n\n\n\n<style>\n    .ant-grid { \n        --cor-primaria: #1a2a57;\n        --cor-secundaria: #1a2a57;\n        --cor-txt-secundaria: #ffffff; \n        display: grid; grid-template-columns: repeat(auto-fit, minmax(190px, 1fr)); gap: 15px; justify-content: center; padding: 10px;\n    }\n    .ant-card { \n        border: 5px solid var(--cor-primaria); border-top: 5px solid var(--cor-secundaria); \n        border-radius: 4px; background-color: var(--cor-primaria); background-clip: padding-box; \n        display: flex; flex-direction: column; overflow: hidden; cursor: pointer; \n        box-shadow: 0 6px 12px rgba(0,0,0, 0.2); transition: transform 0.2s ease, box-shadow 0.2s ease; \n        -webkit-tap-highlight-color: transparent; user-select: none; transform: translateZ(0);\n        animation: wmFadeIn 0.6s cubic-bezier(0.2, 0.8, 0.2, 1) backwards;\n    }\n    .ant-card:nth-child(1) { animation-delay: 0.1s; } .ant-card:nth-child(2) { animation-delay: 0.2s; }\n    .ant-card:nth-child(3) { animation-delay: 0.3s; } .ant-card:nth-child(4) { animation-delay: 0.4s; }\n    @keyframes wmFadeIn { from { opacity: 0; transform: translateY(30px); } to { opacity: 1; transform: translateY(0); } }\n    .ant-card:hover { transform: translateY(-5px); box-shadow: 0 15px 30px rgba(0,0,0, 0.3); }\n    .ant-card:active { transform: translateY(-1px) scale(0.97); box-shadow: 0 3px 6px rgba(0,0,0, 0.2); transition: transform 0.05s ease, box-shadow 0.05s ease; }\n    .ant-header { background: #f0f8f9; padding: 15px 10px; text-align: center; display: flex; flex-direction: column; align-items: center; justify-content: center; }\n    .ant-body { background: #ffffff; padding: 15px; display: flex; flex-direction: column; flex-grow: 1; align-items: center; }\n    .ant-card-destaque { box-shadow: 0 8px 16px rgba(0,0,0, 0.25); }\n    .ant-card-destaque:hover { box-shadow: 0 18px 36px rgba(0,0,0, 0.35); }\n    .ant-card-destaque .ant-header { background: var(--cor-secundaria); }\n    .ant-card-destaque .ant-header .ant-titulo { color: var(--cor-txt-secundaria) !important; } \n    .pill-ant { display: flex; white-space: normal; max-width: 100%; box-sizing: border-box; justify-content: center; align-items: center; text-align: center; background: #e0f4f6; color: var(--cor-primaria); font-size: 11px; font-weight: 900 !important; letter-spacing: 0.5px; padding: 8px 16px; border-radius: 4px; text-transform: uppercase; line-height: 1.4; box-shadow: 0 4px 8px rgba(0,0,0, 0.15); margin-top: auto; transition: transform 0.2s ease; }\n    .ant-card-destaque .pill-ant { background: var(--cor-primaria); color: var(--cor-txt-secundaria); } \n    .ant-card:hover .pill-ant { transform: scale(1.06); }\n    .pill-ant span { font-weight: 900 !important; color: inherit; } \n    .ant-emoji { font-size: 24px; line-height: 1; margin-bottom: 5px; }\n    .ant-titulo { color: var(--cor-primaria); font-size: 16px; text-transform: uppercase; margin-top: 5px; font-weight: bold; }\n    .ant-mes { font-size: 11px; font-weight: 800; color: var(--cor-primaria); text-transform: uppercase; margin-bottom: 5px; }\n    .ant-temp { font-size: 26px; font-weight: 900; color: var(--cor-primaria); margin-bottom: 10px; }\n    .ant-desc { font-size: 13px; color: #444; text-align: center; line-height: 1.5; margin-bottom: 15px; flex-grow: 1;}\n    .ant-desc strong { color: #111; }\n    @media (prefers-color-scheme: dark) {\n        .ant-card { border-color: #1b7a8c; background-color: #1b7a8c; box-shadow: 0 6px 12px rgba(0,0,0, 0.5); }\n        .ant-header { background: #1a1a1a; } .ant-body { background: #121212; }\n        .ant-card-destaque .ant-header { background: var(--cor-secundaria); }\n        .ant-card-destaque .ant-header .ant-titulo { color: var(--cor-txt-secundaria) !important; }\n        .ant-titulo { color: #5ce1f5; } .ant-mes { color: #8eeaf7; } .ant-temp { color: #5ce1f5; } .ant-desc { color: #cccccc; } .ant-desc strong { color: #ffffff; }\n        .pill-ant { background: #1a1a1a; color: #5ce1f5; box-shadow: 0 4px 8px rgba(0, 0, 0, 0.5); }\n        .ant-card-destaque .pill-ant { background: var(--cor-primaria); color: var(--cor-txt-secundaria); }\n    }\n<\/style>\n<div class=\"google-auto-ads-ignore ant-grid\" style=\"box-sizing: border-box; width: 100%; max-width: 980px; margin: 30px auto; font-family: 'Segoe UI', Roboto, Helvetica, Arial, sans-serif;\">\n    <div class=\"ant-card ant-card-destaque\">\n        <div class=\"ant-header\">\n            <div class=\"ant-emoji\">\ud83c\udfd6\ufe0f<\/div>\n            <div class=\"ant-titulo\">Ver\u00e3o<\/div>\n        <\/div>\n        <div class=\"ant-body\">\n            <div class=\"ant-mes\">Dezembro a Fevereiro<\/div>\n            <div class=\"ant-temp\">24\u00b0C a 31\u00b0C<\/div>\n            <div class=\"ant-desc\">As piscinas ficam perfeitas e super transparentes. Excelente \u00e9poca para curtir as <strong>Gal\u00e9s e praias cristalinas<\/strong>.<\/div>\n            <div class=\"pill-ant\"><span>\u2b50 MELHOR \u00c9POCA<\/span><\/div>\n        <\/div>\n    <\/div>\n    <div class=\"ant-card\">\n        <div class=\"ant-header\">\n            <div class=\"ant-emoji\">\ud83c\udf34<\/div>\n            <div class=\"ant-titulo\">Outono<\/div>\n        <\/div>\n        <div class=\"ant-body\">\n            <div class=\"ant-mes\">Mar\u00e7o a Maio<\/div>\n            <div class=\"ant-temp\">23\u00b0C a 29\u00b0C<\/div>\n            <div class=\"ant-desc\">As \u00e1guas ficam mais turvas com a chuva constante. \u00c9poca recomendada para buscar <strong>Roteiros mais reservados<\/strong>.<\/div>\n            <div class=\"pill-ant\"><span>\u2614 CHUVA ALTA<\/span><\/div>\n        <\/div>\n    <\/div>\n    <div class=\"ant-card\">\n        <div class=\"ant-header\">\n            <div class=\"ant-emoji\">\ud83d\ude97<\/div>\n            <div class=\"ant-titulo\">Inverno<\/div>\n        <\/div>\n        <div class=\"ant-body\">\n            <div class=\"ant-mes\">Junho a Agosto<\/div>\n            <div class=\"ant-temp\">21\u00b0C a 27\u00b0C<\/div>\n            <div class=\"ant-desc\">A chuva prejudica os passeios de mar. Aproveite as estradas para fazer <strong>Bate-volta a Macei\u00f3 e Recife<\/strong>.<\/div>\n            <div class=\"pill-ant\"><span>\u2614 CHUVA ALTA<\/span><\/div>\n        <\/div>\n    <\/div>\n    <div class=\"ant-card\">\n        <div class=\"ant-header\">\n            <div class=\"ant-emoji\">\ud83e\udd3f<\/div>\n            <div class=\"ant-titulo\">Primavera<\/div>\n        <\/div>\n        <div class=\"ant-body\">\n            <div class=\"ant-mes\">Setembro a Novembro<\/div>\n            <div class=\"ant-temp\">23\u00b0C a 30\u00b0C<\/div>\n            <div class=\"ant-desc\">O sol volta a brilhar na regi\u00e3o. \u00d3timo cen\u00e1rio de visibilidade para <strong>Mergulho e passeio de buggy<\/strong>.<\/div>\n            <div class=\"pill-ant\"><span>\u2600\ufe0f CHUVA BAIXA<\/span><\/div>\n        <\/div>\n    <\/div>\n<\/div>\n\n\n\n<p><em>Temperaturas aproximadas com base no <a href=\"https:\/\/www.climatempo.com.br\/previsao-do-tempo\/cidade\/713\/maragogi-al\" target=\"_blank\" rel=\"noreferrer noopener\"><strong>Climatempo<\/strong><\/a> de Maragogi. Condi\u00e7\u00f5es podem variar.<\/em><\/p>\n\n\n\n<h2 class=\"wp-block-heading\">Como chegar em Maragogi<\/h2>\n\n\n\n<p>O munic\u00edpio fica entre dois aeroportos internacionais e admite chegada por qualquer um dos dois. De Macei\u00f3, o trajeto mais r\u00e1pido \u00e9 pela <strong>AL-101<\/strong> Norte, com cerca de 130 km e duas horas de viagem.<\/p>\n\n\n\n<p>De Recife, o caminho passa pela <strong>BR-101<\/strong> e pela <strong>PE-060<\/strong>, com cerca de 140 km, tamb\u00e9m em torno de duas horas. A cidade tem \u00f4nibus intermunicipais saindo das duas capitais, e quem chega de transfer costuma combinar a parada com Porto de Galinhas ou Praia dos Carneiros, no lado pernambucano.<\/p>\n\n\n\n<h2 class=\"wp-block-heading\">V\u00e1 conhecer o Caribe Brasileiro<\/h2>\n\n\n\n<p>Poucos destinos no Brasil re\u00fanem 22 km de litoral, recifes vivos protegidos por lei federal e a chancela m\u00e1xima do Minist\u00e9rio do Turismo no mesmo lugar. Maragogi entrega esse pacote em uma cidade pequena, de areia branca e mar de aqu\u00e1rio.<\/p>\n\n\n\n<p>Voc\u00ea precisa atravessar a Costa dos Corais e mergulhar nas Gal\u00e9s para entender por que esse peda\u00e7o de Alagoas virou refer\u00eancia quando algu\u00e9m fala em Caribe Brasileiro.<\/p>\n","protected":false},"excerpt":{"rendered":"<p>Quem chega a Maragogi, no litoral norte de Alagoas, encontra 22 km de litoral pontilhado por coqueirais e um mar que muda do verde-esmeralda ao azul-turquesa a cada metro de jangada. A 130 km de Macei\u00f3 e a 140 km do Recife, a cidade est\u00e1 dentro da \u00c1rea de Prote\u00e7\u00e3o Ambiental Costa dos Corais, a [&hellip;]<\/p>\n","protected":false},"author":6,"featured_media":201152,"comment_status":"open","ping_status":"open","sticky":false,"template":"","format":"standard","meta":{"jnews-multi-image_gallery":[],"jnews_single_post":{"format":"standard"},"jnews_primary_category":[],"jnews_social_meta":[],"jnews_override_counter":[],"footnotes":""},"categories":[26],"tags":[680,183,679],"class_list":["post-200526","post","type-post","status-publish","format-standard","has-post-thumbnail","hentry","category-cidades","tag-alagoas","tag-cidades","tag-maceio"],"yoast_head":"<!-- This site is optimized with the Yoast SEO plugin v23.8 - https:\/\/yoast.com\/wordpress\/plugins\/seo\/ -->\n<title>O Caribe Brasileiro com piscinas naturais de \u00e1guas azul-turquesa que todo mundo sonha em visitar - Estado de Minas - Em foco<\/title>\n<meta name=\"description\" content=\"Mergulhe em \u00e1guas cristalinas dentro da maior reserva marinha do Brasil. O destino com piscinas naturais \u00e9 perfeito para relaxar. Confira.\" \/>\n<meta name=\"robots\" content=\"index, follow, max-snippet:-1, max-image-preview:large, max-video-preview:-1\" \/>\n<link rel=\"canonical\" href=\"https:\/\/www.em.com.br\/emfoco\/2026\/04\/29\/o-caribe-brasileiro-com-piscinas-naturais-de-aguas-azul-turquesa-que-todo-mundo-sonha-em-visitar\/\" \/>\n<meta property=\"og:locale\" content=\"pt_BR\" \/>\n<meta property=\"og:type\" content=\"article\" \/>\n<meta property=\"og:title\" content=\"O Caribe Brasileiro com piscinas naturais de \u00e1guas azul-turquesa que todo mundo sonha em visitar - Estado de Minas - Em foco\" \/>\n<meta property=\"og:description\" content=\"Mergulhe em \u00e1guas cristalinas dentro da maior reserva marinha do Brasil. O destino com piscinas naturais \u00e9 perfeito para relaxar. Confira.\" \/>\n<meta property=\"og:url\" content=\"https:\/\/www.em.com.br\/emfoco\/2026\/04\/29\/o-caribe-brasileiro-com-piscinas-naturais-de-aguas-azul-turquesa-que-todo-mundo-sonha-em-visitar\/\" \/>\n<meta property=\"og:site_name\" content=\"Estado de Minas - Em foco\" \/>\n<meta property=\"article:published_time\" content=\"2026-04-29T18:05:00+00:00\" \/>\n<meta property=\"article:modified_time\" content=\"2026-04-29T04:06:58+00:00\" \/>\n<meta property=\"og:image\" content=\"https:\/\/www.em.com.br\/emfoco\/wp-content\/uploads\/2026\/04\/Tropical_seascape_with_wooden_ja\u2026_202604290045-scaled.jpg\" \/>\n\t<meta property=\"og:image:width\" content=\"2560\" \/>\n\t<meta property=\"og:image:height\" content=\"1440\" \/>\n\t<meta property=\"og:image:type\" content=\"image\/jpeg\" \/>\n<meta name=\"author\" content=\"Vitor Bruno\" \/>\n<meta name=\"twitter:card\" content=\"summary_large_image\" \/>\n<meta name=\"twitter:label1\" content=\"Escrito por\" \/>\n\t<meta name=\"twitter:data1\" content=\"Vitor Bruno\" \/>\n\t<meta name=\"twitter:label2\" content=\"Est. tempo de leitura\" \/>\n\t<meta name=\"twitter:data2\" content=\"6 minutos\" \/>\n<!-- \/ Yoast SEO plugin. -->","yoast_head_json":{"title":"O Caribe Brasileiro com piscinas naturais de \u00e1guas azul-turquesa que todo mundo sonha em visitar - Estado de Minas - Em foco","description":"Mergulhe em \u00e1guas cristalinas dentro da maior reserva marinha do Brasil. O destino com piscinas naturais \u00e9 perfeito para relaxar. Confira.","robots":{"index":"index","follow":"follow","max-snippet":"max-snippet:-1","max-image-preview":"max-image-preview:large","max-video-preview":"max-video-preview:-1"},"canonical":"https:\/\/www.em.com.br\/emfoco\/2026\/04\/29\/o-caribe-brasileiro-com-piscinas-naturais-de-aguas-azul-turquesa-que-todo-mundo-sonha-em-visitar\/","og_locale":"pt_BR","og_type":"article","og_title":"O Caribe Brasileiro com piscinas naturais de \u00e1guas azul-turquesa que todo mundo sonha em visitar - Estado de Minas - Em foco","og_description":"Mergulhe em \u00e1guas cristalinas dentro da maior reserva marinha do Brasil. O destino com piscinas naturais \u00e9 perfeito para relaxar. Confira.","og_url":"https:\/\/www.em.com.br\/emfoco\/2026\/04\/29\/o-caribe-brasileiro-com-piscinas-naturais-de-aguas-azul-turquesa-que-todo-mundo-sonha-em-visitar\/","og_site_name":"Estado de Minas - Em foco","article_published_time":"2026-04-29T18:05:00+00:00","article_modified_time":"2026-04-29T04:06:58+00:00","og_image":[{"width":2560,"height":1440,"url":"https:\/\/www.em.com.br\/emfoco\/wp-content\/uploads\/2026\/04\/Tropical_seascape_with_wooden_ja\u2026_202604290045-scaled.jpg","type":"image\/jpeg"}],"author":"Vitor Bruno","twitter_card":"summary_large_image","twitter_misc":{"Escrito por":"Vitor Bruno","Est. tempo de leitura":"6 minutos"},"schema":{"@context":"https:\/\/schema.org","@graph":[{"@type":"WebPage","@id":"https:\/\/www.em.com.br\/emfoco\/2026\/04\/29\/o-caribe-brasileiro-com-piscinas-naturais-de-aguas-azul-turquesa-que-todo-mundo-sonha-em-visitar\/","url":"https:\/\/www.em.com.br\/emfoco\/2026\/04\/29\/o-caribe-brasileiro-com-piscinas-naturais-de-aguas-azul-turquesa-que-todo-mundo-sonha-em-visitar\/","name":"O Caribe Brasileiro com piscinas naturais de \u00e1guas azul-turquesa que todo mundo sonha em visitar - Estado de Minas - Em foco","isPartOf":{"@id":"https:\/\/www.em.com.br\/emfoco\/#website"},"primaryImageOfPage":{"@id":"https:\/\/www.em.com.br\/emfoco\/2026\/04\/29\/o-caribe-brasileiro-com-piscinas-naturais-de-aguas-azul-turquesa-que-todo-mundo-sonha-em-visitar\/#primaryimage"},"image":{"@id":"https:\/\/www.em.com.br\/emfoco\/2026\/04\/29\/o-caribe-brasileiro-com-piscinas-naturais-de-aguas-azul-turquesa-que-todo-mundo-sonha-em-visitar\/#primaryimage"},"thumbnailUrl":"https:\/\/www.em.com.br\/emfoco\/wp-content\/uploads\/2026\/04\/Tropical_seascape_with_wooden_ja\u2026_202604290045-scaled.jpg","datePublished":"2026-04-29T18:05:00+00:00","dateModified":"2026-04-29T04:06:58+00:00","author":{"@id":"https:\/\/www.em.com.br\/emfoco\/#\/schema\/person\/364ac1852fafd00f1be20f0b8b237569"},"description":"Mergulhe em \u00e1guas cristalinas dentro da maior reserva marinha do Brasil. O destino com piscinas naturais \u00e9 perfeito para relaxar. Confira.","breadcrumb":{"@id":"https:\/\/www.em.com.br\/emfoco\/2026\/04\/29\/o-caribe-brasileiro-com-piscinas-naturais-de-aguas-azul-turquesa-que-todo-mundo-sonha-em-visitar\/#breadcrumb"},"inLanguage":"pt-BR","potentialAction":[{"@type":"ReadAction","target":["https:\/\/www.em.com.br\/emfoco\/2026\/04\/29\/o-caribe-brasileiro-com-piscinas-naturais-de-aguas-azul-turquesa-que-todo-mundo-sonha-em-visitar\/"]}]},{"@type":"ImageObject","inLanguage":"pt-BR","@id":"https:\/\/www.em.com.br\/emfoco\/2026\/04\/29\/o-caribe-brasileiro-com-piscinas-naturais-de-aguas-azul-turquesa-que-todo-mundo-sonha-em-visitar\/#primaryimage","url":"https:\/\/www.em.com.br\/emfoco\/wp-content\/uploads\/2026\/04\/Tropical_seascape_with_wooden_ja\u2026_202604290045-scaled.jpg","contentUrl":"https:\/\/www.em.com.br\/emfoco\/wp-content\/uploads\/2026\/04\/Tropical_seascape_with_wooden_ja\u2026_202604290045-scaled.jpg","width":2560,"height":1440,"caption":"O Caribe Brasileiro com piscinas naturais de \u00e1guas azul-turquesa dentro da maior \u00e1rea marinha protegida do pa\u00eds \/\/ IMAGEM ILUSTRATIVA"},{"@type":"BreadcrumbList","@id":"https:\/\/www.em.com.br\/emfoco\/2026\/04\/29\/o-caribe-brasileiro-com-piscinas-naturais-de-aguas-azul-turquesa-que-todo-mundo-sonha-em-visitar\/#breadcrumb","itemListElement":[{"@type":"ListItem","position":1,"name":"In\u00edcio","item":"https:\/\/www.em.com.br\/emfoco\/"},{"@type":"ListItem","position":2,"name":"O Caribe Brasileiro com piscinas naturais de \u00e1guas azul-turquesa que todo mundo sonha em visitar"}]},{"@type":"WebSite","@id":"https:\/\/www.em.com.br\/emfoco\/#website","url":"https:\/\/www.em.com.br\/emfoco\/","name":"Estado de Minas - Em foco","description":"Acompanhe as \u00faltimas not\u00edcias e fique bem informado sobre tudo o que acontece em Minas Gerais, Brasil e no mundo.","potentialAction":[{"@type":"SearchAction","target":{"@type":"EntryPoint","urlTemplate":"https:\/\/www.em.com.br\/emfoco\/?s={search_term_string}"},"query-input":{"@type":"PropertyValueSpecification","valueRequired":true,"valueName":"search_term_string"}}],"inLanguage":"pt-BR"},{"@type":"Person","@id":"https:\/\/www.em.com.br\/emfoco\/#\/schema\/person\/364ac1852fafd00f1be20f0b8b237569","name":"Vitor Bruno","image":{"@type":"ImageObject","inLanguage":"pt-BR","@id":"https:\/\/www.em.com.br\/emfoco\/#\/schema\/person\/image\/","url":"https:\/\/secure.gravatar.com\/avatar\/b719e5cdede09f942064960883b5524d?s=96&d=mm&r=g","contentUrl":"https:\/\/secure.gravatar.com\/avatar\/b719e5cdede09f942064960883b5524d?s=96&d=mm&r=g","caption":"Vitor Bruno"},"sameAs":["https:\/\/www.em.com.br\/emfoco\/"],"url":"https:\/\/www.em.com.br\/emfoco\/author\/vitormyth\/"}]}},"_links":{"self":[{"href":"https:\/\/www.em.com.br\/emfoco\/wp-json\/wp\/v2\/posts\/200526","targetHints":{"allow":["GET"]}}],"collection":[{"href":"https:\/\/www.em.com.br\/emfoco\/wp-json\/wp\/v2\/posts"}],"about":[{"href":"https:\/\/www.em.com.br\/emfoco\/wp-json\/wp\/v2\/types\/post"}],"author":[{"embeddable":true,"href":"https:\/\/www.em.com.br\/emfoco\/wp-json\/wp\/v2\/users\/6"}],"replies":[{"embeddable":true,"href":"https:\/\/www.em.com.br\/emfoco\/wp-json\/wp\/v2\/comments?post=200526"}],"version-history":[{"count":7,"href":"https:\/\/www.em.com.br\/emfoco\/wp-json\/wp\/v2\/posts\/200526\/revisions"}],"predecessor-version":[{"id":201158,"href":"https:\/\/www.em.com.br\/emfoco\/wp-json\/wp\/v2\/posts\/200526\/revisions\/201158"}],"wp:featuredmedia":[{"embeddable":true,"href":"https:\/\/www.em.com.br\/emfoco\/wp-json\/wp\/v2\/media\/201152"}],"wp:attachment":[{"href":"https:\/\/www.em.com.br\/emfoco\/wp-json\/wp\/v2\/media?parent=200526"}],"wp:term":[{"taxonomy":"category","embeddable":true,"href":"https:\/\/www.em.com.br\/emfoco\/wp-json\/wp\/v2\/categories?post=200526"},{"taxonomy":"post_tag","embeddable":true,"href":"https:\/\/www.em.com.br\/emfoco\/wp-json\/wp\/v2\/tags?post=200526"}],"curies":[{"name":"wp","href":"https:\/\/api.w.org\/{rel}","templated":true}]}}