{"id":200525,"date":"2026-04-29T19:55:00","date_gmt":"2026-04-29T22:55:00","guid":{"rendered":"https:\/\/www.em.com.br\/emfoco\/?p=200525"},"modified":"2026-04-29T01:56:39","modified_gmt":"2026-04-29T04:56:39","slug":"a-capital-nacional-do-morango-uma-cidade-a-poucos-minutos-da-capital-esta-conquistando-os-brasileiros-com-qualidade-de-vida-e-tranquilidade","status":"publish","type":"post","link":"https:\/\/www.em.com.br\/emfoco\/2026\/04\/29\/a-capital-nacional-do-morango-uma-cidade-a-poucos-minutos-da-capital-esta-conquistando-os-brasileiros-com-qualidade-de-vida-e-tranquilidade\/","title":{"rendered":"A Capital Nacional do Morango: uma cidade a poucos minutos da capital est\u00e1 conquistando os brasileiros com qualidade de vida e tranquilidade"},"content":{"rendered":"\n<p>O nome vem do tupi-guarani e significa rio de \u00e1guas claras. <strong>Atibaia<\/strong>, a 65 km de <strong>S\u00e3o Paulo<\/strong>, virou ref\u00fagio de quem troca o concreto pelo ar de serra a 800 metros de altitude. A cidade produz 80 toneladas de morango por ano e abriga uma rocha de mais de 600 milh\u00f5es de anos.<\/p>\n\n\n\n<h2 class=\"wp-block-heading\">Por que Atibaia virou a Capital Nacional do Morango<\/h2>\n\n\n\n<p>O t\u00edtulo oficial veio em 27 de junho de 2022, com a Lei Federal 14.383, sancionada ap\u00f3s d\u00e9cadas de tradi\u00e7\u00e3o agr\u00edcola. <a href=\"https:\/\/www12.senado.leg.br\/noticias\/materias\/2022\/06\/28\/atibaia-em-sao-paulo-passa-a-ser-a-capital-nacional-do-morango\" target=\"_blank\" rel=\"noreferrer noopener\"><strong>O Senado Federal<\/strong><\/a> destacou que Atibaia \u00e9 o \u00fanico munic\u00edpio paulista com selo de certifica\u00e7\u00e3o do <strong>Instituto Nacional de Metrologia, Qualidade e Tecnologia (Inmetro)<\/strong> para os produtores que participam do projeto Produ\u00e7\u00e3o Integrada de Morango (PIMo), criado pela <strong>Empresa Brasileira de Pesquisa Agropecu\u00e1ria (Embrapa)<\/strong> para reduzir uso de agrot\u00f3xicos.<\/p>\n\n\n\n<p>A hist\u00f3ria come\u00e7ou em 24 de junho de 1665, quando o bandeirante <strong>Jer\u00f4nimo de Camargo<\/strong> ergueu uma capela dedicada a S\u00e3o Jo\u00e3o Batista no alto de uma colina banhada pelo rio. O povoado virou parada de tropeiros que partiam de S\u00e3o Paulo rumo \u00e0s minas de ouro de <strong>Minas Gerais<\/strong>. Entre 1950 e 1960, imigrantes japoneses e italianos chegaram aos p\u00e9s da <strong>Serra da Mantiqueira<\/strong> e mudaram a voca\u00e7\u00e3o econ\u00f4mica da cidade ao introduzir o cultivo de flores e morangos em larga escala.<\/p>\n\n\n<div class=\"wp-block-image\">\n<figure class=\"aligncenter size-large\"><img loading=\"lazy\" decoding=\"async\" width=\"1024\" height=\"576\" src=\"https:\/\/www.em.com.br\/emfoco\/wp-content\/uploads\/2025\/12\/Atibaia-Cidade-proxima-a-Sao-Paulo-vira-refugio-de-quem-busca-tranquilidade-e-qualidade-de-vida_1761794587251-1024x576.jpg\" alt=\"\" class=\"wp-image-140478\" srcset=\"https:\/\/www.em.com.br\/emfoco\/wp-content\/uploads\/2025\/12\/Atibaia-Cidade-proxima-a-Sao-Paulo-vira-refugio-de-quem-busca-tranquilidade-e-qualidade-de-vida_1761794587251-1024x576.jpg 1024w, https:\/\/www.em.com.br\/emfoco\/wp-content\/uploads\/2025\/12\/Atibaia-Cidade-proxima-a-Sao-Paulo-vira-refugio-de-quem-busca-tranquilidade-e-qualidade-de-vida_1761794587251-300x169.jpg 300w, https:\/\/www.em.com.br\/emfoco\/wp-content\/uploads\/2025\/12\/Atibaia-Cidade-proxima-a-Sao-Paulo-vira-refugio-de-quem-busca-tranquilidade-e-qualidade-de-vida_1761794587251-768x432.jpg 768w, https:\/\/www.em.com.br\/emfoco\/wp-content\/uploads\/2025\/12\/Atibaia-Cidade-proxima-a-Sao-Paulo-vira-refugio-de-quem-busca-tranquilidade-e-qualidade-de-vida_1761794587251-750x422.jpg 750w, https:\/\/www.em.com.br\/emfoco\/wp-content\/uploads\/2025\/12\/Atibaia-Cidade-proxima-a-Sao-Paulo-vira-refugio-de-quem-busca-tranquilidade-e-qualidade-de-vida_1761794587251-1140x641.jpg 1140w, https:\/\/www.em.com.br\/emfoco\/wp-content\/uploads\/2025\/12\/Atibaia-Cidade-proxima-a-Sao-Paulo-vira-refugio-de-quem-busca-tranquilidade-e-qualidade-de-vida_1761794587251.jpg 1280w\" sizes=\"auto, (max-width: 1024px) 100vw, 1024px\" \/><figcaption class=\"wp-element-caption\">Atibaia, pr\u00f3xima a S\u00e3o Paulo, \u00e9 ref\u00fagio de qualidade de vida \/\/ Cr\u00e9ditos: depositphotos.com \/ Ranimiro<\/figcaption><\/figure><\/div>\n\n\n<h2 class=\"wp-block-heading\">Vale a pena viver em Atibaia<\/h2>\n\n\n\n<p>A cidade combina seguran\u00e7a comprovada e qualidade de vida acima da m\u00e9dia paulista. Segundo o <a href=\"https:\/\/www.atibaia.sp.gov.br\/destaques\/atibaia-e-a-cidade-mais-segura-do-estado-de-sp-e-a-2-do-brasil-segundo-atlas-da-violencia\" target=\"_blank\" rel=\"noreferrer noopener\"><strong>Atlas da Viol\u00eancia 2024<\/strong><\/a>, do <strong>Instituto de Pesquisa Econ\u00f4mica Aplicada (Ipea)<\/strong> e do <strong>F\u00f3rum Brasileiro de Seguran\u00e7a P\u00fablica<\/strong>, Atibaia registrou taxa de 3,2 homic\u00eddios estimados por 100 mil habitantes, a menor de S\u00e3o Paulo e a segunda menor do Brasil entre munic\u00edpios com mais de 100 mil moradores.<\/p>\n\n\n\n<p>A cidade tamb\u00e9m figura entre as 100 mais inteligentes e conectadas do pa\u00eds no <a href=\"https:\/\/www.atibaia.sp.gov.br\/noticias\/governo\/atibaia-esta-entre-as-100-cidades-mais-inteligentes-e-conectadas-do-brasil\" target=\"_blank\" rel=\"noreferrer noopener\">Ranking Connected Smart Cities<\/a>, com destaque nos eixos de Economia e Seguran\u00e7a. Estudo do <strong>N\u00facleo de Estudos das Cidades (NEC)<\/strong>, com professores da <strong>Universidade de S\u00e3o Paulo (USP)<\/strong> e da <strong>Universidade Federal de S\u00e3o Carlos (UFSCar)<\/strong>, colocou o munic\u00edpio em primeiro lugar em qualidade de vida e meio ambiente entre paulistas com mais de 100 mil habitantes. A condi\u00e7\u00e3o de Est\u00e2ncia Clim\u00e1tica, reconhecida pelo governo estadual desde 1978, ainda garante verba extra para turismo e infraestrutura.<\/p>\n\n\n<div class=\"wp-block-image\">\n<figure class=\"aligncenter size-large\"><img loading=\"lazy\" decoding=\"async\" width=\"1024\" height=\"576\" src=\"https:\/\/www.em.com.br\/emfoco\/wp-content\/uploads\/2025\/12\/Atibaia-Cidade-proxima-a-Sao-Paulo-vira-refugio-de-quem-busca-tranquilidade-e-qualidade-de-vida_1761794576126-1024x576.jpg\" alt=\"\" class=\"wp-image-140477\" srcset=\"https:\/\/www.em.com.br\/emfoco\/wp-content\/uploads\/2025\/12\/Atibaia-Cidade-proxima-a-Sao-Paulo-vira-refugio-de-quem-busca-tranquilidade-e-qualidade-de-vida_1761794576126-1024x576.jpg 1024w, https:\/\/www.em.com.br\/emfoco\/wp-content\/uploads\/2025\/12\/Atibaia-Cidade-proxima-a-Sao-Paulo-vira-refugio-de-quem-busca-tranquilidade-e-qualidade-de-vida_1761794576126-300x169.jpg 300w, https:\/\/www.em.com.br\/emfoco\/wp-content\/uploads\/2025\/12\/Atibaia-Cidade-proxima-a-Sao-Paulo-vira-refugio-de-quem-busca-tranquilidade-e-qualidade-de-vida_1761794576126-768x432.jpg 768w, https:\/\/www.em.com.br\/emfoco\/wp-content\/uploads\/2025\/12\/Atibaia-Cidade-proxima-a-Sao-Paulo-vira-refugio-de-quem-busca-tranquilidade-e-qualidade-de-vida_1761794576126-750x422.jpg 750w, https:\/\/www.em.com.br\/emfoco\/wp-content\/uploads\/2025\/12\/Atibaia-Cidade-proxima-a-Sao-Paulo-vira-refugio-de-quem-busca-tranquilidade-e-qualidade-de-vida_1761794576126-1140x641.jpg 1140w, https:\/\/www.em.com.br\/emfoco\/wp-content\/uploads\/2025\/12\/Atibaia-Cidade-proxima-a-Sao-Paulo-vira-refugio-de-quem-busca-tranquilidade-e-qualidade-de-vida_1761794576126.jpg 1280w\" sizes=\"auto, (max-width: 1024px) 100vw, 1024px\" \/><figcaption class=\"wp-element-caption\">Atibaia se destaca como um ref\u00fagio tranquilo perto da capital \/\/ Cr\u00e9ditos: depositphotos.com \/ Ranimiro<\/figcaption><\/figure><\/div>\n\n\n<h2 class=\"wp-block-heading\">O que fazer entre a serra e o centro hist\u00f3rico<\/h2>\n\n\n\n<p>Os atrativos se dividem entre patrim\u00f4nio geol\u00f3gico, parques urbanos e a tradi\u00e7\u00e3o agr\u00edcola da regi\u00e3o. As principais atra\u00e7\u00f5es:<\/p>\n\n\n\n<ul class=\"wp-block-list has-medium-font-size\">\n<li><strong>Pedra Grande<\/strong>: afloramento rochoso de 1.418 metros de altitude, com mais de 600 milh\u00f5es de anos, tombado pelo CONDEPHAAT em 1983 como o primeiro patrim\u00f4nio natural do Brasil. Vista de seis munic\u00edpios e rampa de voo livre.<\/li>\n\n\n\n<li><strong>Parque Edmundo Zanoni<\/strong>: \u00e1rea verde central com lago, pedalinhos, museu de hist\u00f3ria natural e palco da Festa de Flores e Morangos.<\/li>\n\n\n\n<li><strong>Telef\u00e9rico de Atibaia<\/strong>: passeio panor\u00e2mico que liga o Lago do Major ao alto do morro com vista da serra.<\/li>\n\n\n\n<li><strong>Colheita de morangos<\/strong>: fazendas abertas \u00e0 visita\u00e7\u00e3o no sistema colha-e-pague, com pico entre junho e outubro.<\/li>\n\n\n\n<li><strong>Museu Municipal Jo\u00e3o Batista Conti<\/strong>: instalado em uma antiga cadeia do s\u00e9culo XIX, guarda pe\u00e7as do Brasil Imp\u00e9rio.<\/li>\n\n\n\n<li><strong>Radiobservat\u00f3rio do Itapetinga<\/strong>: centro de pesquisa em radioastronomia operado pelo <strong>Instituto Nacional de Pesquisas Espaciais (INPE)<\/strong>.<\/li>\n<\/ul>\n\n\n\n<p>A gastronomia mistura heran\u00e7a caipira, japonesa e italiana, com a fruta-s\u00edmbolo presente em quase todas as mesas. Os pratos t\u00edpicos:<\/p>\n\n\n\n<ul class=\"wp-block-list has-medium-font-size\">\n<li><strong>Morango fresco colhido na hora<\/strong>: servido in natura, com chocolate ou em sobremesas autorais nos s\u00edtios e restaurantes da serra.<\/li>\n\n\n\n<li><strong>Trutas da Mantiqueira<\/strong>: pescadas em pesqueiros locais, preparadas grelhadas ou ao molho de alcaparras nos restaurantes-fazenda.<\/li>\n\n\n\n<li><strong>Cacha\u00e7as e cervejas artesanais<\/strong>: a regi\u00e3o tem rota cervejeira ativa e alambiques tradicionais com degusta\u00e7\u00e3o aberta ao p\u00fablico.<\/li>\n\n\n\n<li><strong>Pratos da imigra\u00e7\u00e3o japonesa<\/strong>: yakisoba, tempur\u00e1 e doces de morango s\u00e3o presen\u00e7a certa nas barracas da Festa de Flores e Morangos.<\/li>\n<\/ul>\n\n\n\n<p>Quem busca um roteiro de\u00a0<strong>2 dias<\/strong>\u00a0em\u00a0<strong>Atibaia<\/strong>, vai curtir esse v\u00eddeo especialmente selecionado do canal\u00a0<strong>Andarilhas<\/strong>, que conta com mais de\u00a0<strong>104 mil<\/strong>\u00a0<strong>visualiza\u00e7\u00f5es<\/strong>, onde\u00a0<strong>J\u00e9ssica Lopes<\/strong>\u00a0mostra passeios, restaurantes e hospedagem:<\/p>\n\n\n\n<figure class=\"wp-block-embed is-type-video is-provider-youtube wp-block-embed-youtube wp-embed-aspect-16-9 wp-has-aspect-ratio\"><div class=\"wp-block-embed__wrapper\">\n<div class=\"jeg_video_container jeg_video_content\"><iframe loading=\"lazy\" title=\"O QUE FAZER EM ATIBAIA: Roteiro de 2 dias com passeios, restaurantes e hospedagem\" width=\"500\" height=\"281\" src=\"https:\/\/www.youtube.com\/embed\/wNiyDvrRLaE?feature=oembed\" frameborder=\"0\" allow=\"accelerometer; autoplay; clipboard-write; encrypted-media; gyroscope; picture-in-picture; web-share\" referrerpolicy=\"strict-origin-when-cross-origin\" allowfullscreen><\/iframe><\/div>\n<\/div><\/figure>\n\n\n\n<h2 class=\"wp-block-heading\">Quando ir e o que aproveitar em cada esta\u00e7\u00e3o<\/h2>\n\n\n\n<p>O clima tropical de altitude mant\u00e9m m\u00e9dias suaves o ano todo, com m\u00e9dia anual em torno de 19,5\u00b0C. Cada esta\u00e7\u00e3o rende um tipo de programa:<\/p>\n\n\n\n<style>\n    .ant-grid { \n        --cor-primaria: #1a2a57;\n        --cor-secundaria: #1a2a57;\n        --cor-txt-secundaria: #ffffff; \n        display: grid; grid-template-columns: repeat(auto-fit, minmax(190px, 1fr)); gap: 15px; justify-content: center; padding: 10px;\n    }\n    .ant-card { \n        border: 5px solid var(--cor-primaria); border-top: 5px solid var(--cor-secundaria); \n        border-radius: 4px; background-color: var(--cor-primaria); background-clip: padding-box; \n        display: flex; flex-direction: column; overflow: hidden; cursor: pointer; \n        box-shadow: 0 6px 12px rgba(0,0,0, 0.2); transition: transform 0.2s ease, box-shadow 0.2s ease; \n        -webkit-tap-highlight-color: transparent; user-select: none; transform: translateZ(0);\n        animation: wmFadeIn 0.6s cubic-bezier(0.2, 0.8, 0.2, 1) backwards;\n    }\n    .ant-card:nth-child(1) { animation-delay: 0.1s; } .ant-card:nth-child(2) { animation-delay: 0.2s; }\n    .ant-card:nth-child(3) { animation-delay: 0.3s; } .ant-card:nth-child(4) { animation-delay: 0.4s; }\n    @keyframes wmFadeIn { from { opacity: 0; transform: translateY(30px); } to { opacity: 1; transform: translateY(0); } }\n    .ant-card:hover { transform: translateY(-5px); box-shadow: 0 15px 30px rgba(0,0,0, 0.3); }\n    .ant-card:active { transform: translateY(-1px) scale(0.97); box-shadow: 0 3px 6px rgba(0,0,0, 0.2); transition: transform 0.05s ease, box-shadow 0.05s ease; }\n    .ant-header { background: #f0f8f9; padding: 15px 10px; text-align: center; display: flex; flex-direction: column; align-items: center; justify-content: center; }\n    .ant-body { background: #ffffff; padding: 15px; display: flex; flex-direction: column; flex-grow: 1; align-items: center; }\n    .ant-card-destaque { box-shadow: 0 8px 16px rgba(0,0,0, 0.25); }\n    .ant-card-destaque:hover { box-shadow: 0 18px 36px rgba(0,0,0, 0.35); }\n    .ant-card-destaque .ant-header { background: var(--cor-secundaria); }\n    .ant-card-destaque .ant-header .ant-titulo { color: var(--cor-txt-secundaria) !important; } \n    .pill-ant { display: flex; white-space: normal; max-width: 100%; box-sizing: border-box; justify-content: center; align-items: center; text-align: center; background: #e0f4f6; color: var(--cor-primaria); font-size: 11px; font-weight: 900 !important; letter-spacing: 0.5px; padding: 8px 16px; border-radius: 4px; text-transform: uppercase; line-height: 1.4; box-shadow: 0 4px 8px rgba(0,0,0, 0.15); margin-top: auto; transition: transform 0.2s ease; }\n    .ant-card-destaque .pill-ant { background: var(--cor-primaria); color: var(--cor-txt-secundaria); } \n    .ant-card:hover .pill-ant { transform: scale(1.06); }\n    .pill-ant span { font-weight: 900 !important; color: inherit; } \n    .ant-emoji { font-size: 24px; line-height: 1; margin-bottom: 5px; }\n    .ant-titulo { color: var(--cor-primaria); font-size: 16px; text-transform: uppercase; margin-top: 5px; font-weight: bold; }\n    .ant-mes { font-size: 11px; font-weight: 800; color: var(--cor-primaria); text-transform: uppercase; margin-bottom: 5px; }\n    .ant-temp { font-size: 26px; font-weight: 900; color: var(--cor-primaria); margin-bottom: 10px; }\n    .ant-desc { font-size: 13px; color: #444; text-align: center; line-height: 1.5; margin-bottom: 15px; flex-grow: 1;}\n    .ant-desc strong { color: #111; }\n    @media (prefers-color-scheme: dark) {\n        .ant-card { border-color: #1b7a8c; background-color: #1b7a8c; box-shadow: 0 6px 12px rgba(0,0,0, 0.5); }\n        .ant-header { background: #1a1a1a; } .ant-body { background: #121212; }\n        .ant-card-destaque .ant-header { background: var(--cor-secundaria); }\n        .ant-card-destaque .ant-header .ant-titulo { color: var(--cor-txt-secundaria) !important; }\n        .ant-titulo { color: #5ce1f5; } .ant-mes { color: #8eeaf7; } .ant-temp { color: #5ce1f5; } .ant-desc { color: #cccccc; } .ant-desc strong { color: #ffffff; }\n        .pill-ant { background: #1a1a1a; color: #5ce1f5; box-shadow: 0 4px 8px rgba(0, 0, 0, 0.5); }\n        .ant-card-destaque .pill-ant { background: var(--cor-primaria); color: var(--cor-txt-secundaria); }\n    }\n<\/style>\n<div class=\"google-auto-ads-ignore ant-grid\" style=\"box-sizing: border-box; width: 100%; max-width: 980px; margin: 30px auto; font-family: 'Segoe UI', Roboto, Helvetica, Arial, sans-serif;\">\n    <div class=\"ant-card\">\n        <div class=\"ant-header\">\n            <div class=\"ant-emoji\">\ud83e\udd7e<\/div>\n            <div class=\"ant-titulo\">Ver\u00e3o<\/div>\n        <\/div>\n        <div class=\"ant-body\">\n            <div class=\"ant-mes\">Dezembro a Fevereiro<\/div>\n            <div class=\"ant-temp\">18\u00b0C a 29\u00b0C<\/div>\n            <div class=\"ant-desc\">As temperaturas do clima tropical de altitude s\u00e3o suaves. Foque em <strong>Cachoeiras e trilhas pela manh\u00e3<\/strong>.<\/div>\n            <div class=\"pill-ant\"><span>\u2614 CHUVA ALTA<\/span><\/div>\n        <\/div>\n    <\/div>\n    <div class=\"ant-card\">\n        <div class=\"ant-header\">\n            <div class=\"ant-emoji\">\u26ea<\/div>\n            <div class=\"ant-titulo\">Outono<\/div>\n        <\/div>\n        <div class=\"ant-body\">\n            <div class=\"ant-mes\">Mar\u00e7o a Maio<\/div>\n            <div class=\"ant-temp\">14\u00b0C a 26\u00b0C<\/div>\n            <div class=\"ant-desc\">Tempo agrad\u00e1vel. Aproveite o ar puro da regi\u00e3o para explorar a <strong>Pedra Grande e o centro hist\u00f3rico<\/strong>.<\/div>\n            <div class=\"pill-ant\"><span>\ud83c\udf27\ufe0f CHUVA M\u00c9DIA<\/span><\/div>\n        <\/div>\n    <\/div>\n    <div class=\"ant-card\">\n        <div class=\"ant-header\">\n            <div class=\"ant-emoji\">\ud83e\ude82<\/div>\n            <div class=\"ant-titulo\">Inverno<\/div>\n        <\/div>\n        <div class=\"ant-body\">\n            <div class=\"ant-mes\">Junho a Agosto<\/div>\n            <div class=\"ant-temp\">10\u00b0C a 24\u00b0C<\/div>\n            <div class=\"ant-desc\">Os term\u00f4metros caem, mas o c\u00e9u limpo incentiva o <strong>Voo livre e a charmosa rota cervejeira<\/strong>.<\/div>\n            <div class=\"pill-ant\"><span>\u2600\ufe0f CHUVA BAIXA<\/span><\/div>\n        <\/div>\n    <\/div>\n    <div class=\"ant-card ant-card-destaque\">\n        <div class=\"ant-header\">\n            <div class=\"ant-emoji\">\ud83c\udf53<\/div>\n            <div class=\"ant-titulo\">Primavera<\/div>\n        <\/div>\n        <div class=\"ant-body\">\n            <div class=\"ant-mes\">Setembro a Novembro<\/div>\n            <div class=\"ant-temp\">14\u00b0C a 28\u00b0C<\/div>\n            <div class=\"ant-desc\">A cidade se colore e atrai multid\u00f5es no seu maior evento, a <strong>Festa de Flores e Morangos<\/strong>.<\/div>\n            <div class=\"pill-ant\"><span>\u2b50 MELHOR \u00c9POCA<\/span><\/div>\n        <\/div>\n    <\/div>\n<\/div>\n\n\n\n<p><em>Temperaturas aproximadas com base no <a href=\"https:\/\/www.climatempo.com.br\/previsao-do-tempo\/cidade\/402\/atibaia-sp\" target=\"_blank\" rel=\"noreferrer noopener\"><strong>Climatempo<\/strong><\/a>. Condi\u00e7\u00f5es podem variar.<\/em><\/p>\n\n\n\n<h2 class=\"wp-block-heading\">Como chegar at\u00e9 Atibaia<\/h2>\n\n\n\n<p>O acesso mais r\u00e1pido a partir da capital paulista \u00e9 pela <strong>Rodovia Fern\u00e3o Dias (BR-381)<\/strong>, com sa\u00edda no km 44, em pouco mais de uma hora. Quem vem de <strong>Campinas<\/strong> percorre cerca de 60 km pela <strong>Rodovia Dom Pedro I (SP-065)<\/strong>. O <strong>Aeroporto Internacional de Guarulhos<\/strong> fica a aproximadamente 50 km, conforme informa\u00e7\u00f5es do <a href=\"https:\/\/www.atibaia.sp.gov.br\/\" target=\"_blank\" rel=\"noreferrer noopener\">portal da Prefeitura de Atibaia<\/a>.<\/p>\n\n\n\n<h2 class=\"wp-block-heading\">Conhe\u00e7a a est\u00e2ncia que conquistou paulistanos<\/h2>\n\n\n\n<p>Atibaia re\u00fane o que poucas cidades do interior conseguem oferecer ao mesmo tempo, a uma hora da maior metr\u00f3pole do pa\u00eds. Seguran\u00e7a comprovada em dados, ar puro de serra e uma agenda agr\u00edcola que coroa setembro com a maior festa de flores e morangos do estado.<\/p>\n\n\n\n<p>Voc\u00ea precisa subir a Pedra Grande ao entardecer e entender por que tantas fam\u00edlias est\u00e3o trocando o concreto da capital pelo verde dessa est\u00e2ncia clim\u00e1tica.<\/p>\n","protected":false},"excerpt":{"rendered":"<p>O nome vem do tupi-guarani e significa rio de \u00e1guas claras. Atibaia, a 65 km de S\u00e3o Paulo, virou ref\u00fagio de quem troca o concreto pelo ar de serra a 800 metros de altitude. A cidade produz 80 toneladas de morango por ano e abriga uma rocha de mais de 600 milh\u00f5es de anos. Por [&hellip;]<\/p>\n","protected":false},"author":6,"featured_media":201164,"comment_status":"open","ping_status":"open","sticky":false,"template":"","format":"standard","meta":{"jnews-multi-image_gallery":[],"jnews_single_post":{"format":"standard"},"jnews_primary_category":[],"jnews_social_meta":[],"jnews_override_counter":[],"footnotes":""},"categories":[26],"tags":[13040,183,553],"class_list":["post-200525","post","type-post","status-publish","format-standard","has-post-thumbnail","hentry","category-cidades","tag-atibaia","tag-cidades","tag-sao-paulo"],"yoast_head":"<!-- This site is optimized with the Yoast SEO plugin v23.8 - https:\/\/yoast.com\/wordpress\/plugins\/seo\/ -->\n<title>A Capital Nacional do Morango: uma cidade a poucos minutos da capital est\u00e1 conquistando os brasileiros com qualidade de vida e tranquilidade - Estado de Minas - Em foco<\/title>\n<meta name=\"description\" content=\"Fuja do agito na Capital Nacional do Morango. Um destino com ar puro, seguran\u00e7a e clima de interior pr\u00f3ximo \u00e0 capital. Saiba mais.\" \/>\n<meta name=\"robots\" content=\"index, follow, max-snippet:-1, max-image-preview:large, max-video-preview:-1\" \/>\n<link rel=\"canonical\" href=\"https:\/\/www.em.com.br\/emfoco\/2026\/04\/29\/a-capital-nacional-do-morango-uma-cidade-a-poucos-minutos-da-capital-esta-conquistando-os-brasileiros-com-qualidade-de-vida-e-tranquilidade\/\" \/>\n<meta property=\"og:locale\" content=\"pt_BR\" \/>\n<meta property=\"og:type\" content=\"article\" \/>\n<meta property=\"og:title\" content=\"A Capital Nacional do Morango: uma cidade a poucos minutos da capital est\u00e1 conquistando os brasileiros com qualidade de vida e tranquilidade - Estado de Minas - Em foco\" \/>\n<meta property=\"og:description\" content=\"Fuja do agito na Capital Nacional do Morango. Um destino com ar puro, seguran\u00e7a e clima de interior pr\u00f3ximo \u00e0 capital. Saiba mais.\" \/>\n<meta property=\"og:url\" content=\"https:\/\/www.em.com.br\/emfoco\/2026\/04\/29\/a-capital-nacional-do-morango-uma-cidade-a-poucos-minutos-da-capital-esta-conquistando-os-brasileiros-com-qualidade-de-vida-e-tranquilidade\/\" \/>\n<meta property=\"og:site_name\" content=\"Estado de Minas - Em foco\" \/>\n<meta property=\"article:published_time\" content=\"2026-04-29T22:55:00+00:00\" \/>\n<meta property=\"article:modified_time\" content=\"2026-04-29T04:56:39+00:00\" \/>\n<meta property=\"og:image\" content=\"https:\/\/www.em.com.br\/emfoco\/wp-content\/uploads\/2026\/04\/Strawberry_plantation_with_Pedra\u2026_202604290156-scaled.jpg\" \/>\n\t<meta property=\"og:image:width\" content=\"2560\" \/>\n\t<meta property=\"og:image:height\" content=\"1440\" \/>\n\t<meta property=\"og:image:type\" content=\"image\/jpeg\" \/>\n<meta name=\"author\" content=\"Vitor Bruno\" \/>\n<meta name=\"twitter:card\" content=\"summary_large_image\" \/>\n<meta name=\"twitter:label1\" content=\"Escrito por\" \/>\n\t<meta name=\"twitter:data1\" content=\"Vitor Bruno\" \/>\n\t<meta name=\"twitter:label2\" content=\"Est. tempo de leitura\" \/>\n\t<meta name=\"twitter:data2\" content=\"7 minutos\" \/>\n<!-- \/ Yoast SEO plugin. -->","yoast_head_json":{"title":"A Capital Nacional do Morango: uma cidade a poucos minutos da capital est\u00e1 conquistando os brasileiros com qualidade de vida e tranquilidade - Estado de Minas - Em foco","description":"Fuja do agito na Capital Nacional do Morango. Um destino com ar puro, seguran\u00e7a e clima de interior pr\u00f3ximo \u00e0 capital. Saiba mais.","robots":{"index":"index","follow":"follow","max-snippet":"max-snippet:-1","max-image-preview":"max-image-preview:large","max-video-preview":"max-video-preview:-1"},"canonical":"https:\/\/www.em.com.br\/emfoco\/2026\/04\/29\/a-capital-nacional-do-morango-uma-cidade-a-poucos-minutos-da-capital-esta-conquistando-os-brasileiros-com-qualidade-de-vida-e-tranquilidade\/","og_locale":"pt_BR","og_type":"article","og_title":"A Capital Nacional do Morango: uma cidade a poucos minutos da capital est\u00e1 conquistando os brasileiros com qualidade de vida e tranquilidade - Estado de Minas - Em foco","og_description":"Fuja do agito na Capital Nacional do Morango. Um destino com ar puro, seguran\u00e7a e clima de interior pr\u00f3ximo \u00e0 capital. Saiba mais.","og_url":"https:\/\/www.em.com.br\/emfoco\/2026\/04\/29\/a-capital-nacional-do-morango-uma-cidade-a-poucos-minutos-da-capital-esta-conquistando-os-brasileiros-com-qualidade-de-vida-e-tranquilidade\/","og_site_name":"Estado de Minas - Em foco","article_published_time":"2026-04-29T22:55:00+00:00","article_modified_time":"2026-04-29T04:56:39+00:00","og_image":[{"width":2560,"height":1440,"url":"https:\/\/www.em.com.br\/emfoco\/wp-content\/uploads\/2026\/04\/Strawberry_plantation_with_Pedra\u2026_202604290156-scaled.jpg","type":"image\/jpeg"}],"author":"Vitor Bruno","twitter_card":"summary_large_image","twitter_misc":{"Escrito por":"Vitor Bruno","Est. tempo de leitura":"7 minutos"},"schema":{"@context":"https:\/\/schema.org","@graph":[{"@type":"WebPage","@id":"https:\/\/www.em.com.br\/emfoco\/2026\/04\/29\/a-capital-nacional-do-morango-uma-cidade-a-poucos-minutos-da-capital-esta-conquistando-os-brasileiros-com-qualidade-de-vida-e-tranquilidade\/","url":"https:\/\/www.em.com.br\/emfoco\/2026\/04\/29\/a-capital-nacional-do-morango-uma-cidade-a-poucos-minutos-da-capital-esta-conquistando-os-brasileiros-com-qualidade-de-vida-e-tranquilidade\/","name":"A Capital Nacional do Morango: uma cidade a poucos minutos da capital est\u00e1 conquistando os brasileiros com qualidade de vida e tranquilidade - Estado de Minas - Em foco","isPartOf":{"@id":"https:\/\/www.em.com.br\/emfoco\/#website"},"primaryImageOfPage":{"@id":"https:\/\/www.em.com.br\/emfoco\/2026\/04\/29\/a-capital-nacional-do-morango-uma-cidade-a-poucos-minutos-da-capital-esta-conquistando-os-brasileiros-com-qualidade-de-vida-e-tranquilidade\/#primaryimage"},"image":{"@id":"https:\/\/www.em.com.br\/emfoco\/2026\/04\/29\/a-capital-nacional-do-morango-uma-cidade-a-poucos-minutos-da-capital-esta-conquistando-os-brasileiros-com-qualidade-de-vida-e-tranquilidade\/#primaryimage"},"thumbnailUrl":"https:\/\/www.em.com.br\/emfoco\/wp-content\/uploads\/2026\/04\/Strawberry_plantation_with_Pedra\u2026_202604290156-scaled.jpg","datePublished":"2026-04-29T22:55:00+00:00","dateModified":"2026-04-29T04:56:39+00:00","author":{"@id":"https:\/\/www.em.com.br\/emfoco\/#\/schema\/person\/364ac1852fafd00f1be20f0b8b237569"},"description":"Fuja do agito na Capital Nacional do Morango. Um destino com ar puro, seguran\u00e7a e clima de interior pr\u00f3ximo \u00e0 capital. Saiba mais.","breadcrumb":{"@id":"https:\/\/www.em.com.br\/emfoco\/2026\/04\/29\/a-capital-nacional-do-morango-uma-cidade-a-poucos-minutos-da-capital-esta-conquistando-os-brasileiros-com-qualidade-de-vida-e-tranquilidade\/#breadcrumb"},"inLanguage":"pt-BR","potentialAction":[{"@type":"ReadAction","target":["https:\/\/www.em.com.br\/emfoco\/2026\/04\/29\/a-capital-nacional-do-morango-uma-cidade-a-poucos-minutos-da-capital-esta-conquistando-os-brasileiros-com-qualidade-de-vida-e-tranquilidade\/"]}]},{"@type":"ImageObject","inLanguage":"pt-BR","@id":"https:\/\/www.em.com.br\/emfoco\/2026\/04\/29\/a-capital-nacional-do-morango-uma-cidade-a-poucos-minutos-da-capital-esta-conquistando-os-brasileiros-com-qualidade-de-vida-e-tranquilidade\/#primaryimage","url":"https:\/\/www.em.com.br\/emfoco\/wp-content\/uploads\/2026\/04\/Strawberry_plantation_with_Pedra\u2026_202604290156-scaled.jpg","contentUrl":"https:\/\/www.em.com.br\/emfoco\/wp-content\/uploads\/2026\/04\/Strawberry_plantation_with_Pedra\u2026_202604290156-scaled.jpg","width":2560,"height":1440,"caption":"A Capital Nacional do Morango: uma cidade a poucos minutos da capital est\u00e1 conquistando os brasileiros com qualidade de vida e tranquilidade \/\/ IMAGEM ILUSTRATIVA"},{"@type":"BreadcrumbList","@id":"https:\/\/www.em.com.br\/emfoco\/2026\/04\/29\/a-capital-nacional-do-morango-uma-cidade-a-poucos-minutos-da-capital-esta-conquistando-os-brasileiros-com-qualidade-de-vida-e-tranquilidade\/#breadcrumb","itemListElement":[{"@type":"ListItem","position":1,"name":"In\u00edcio","item":"https:\/\/www.em.com.br\/emfoco\/"},{"@type":"ListItem","position":2,"name":"A Capital Nacional do Morango: uma cidade a poucos minutos da capital est\u00e1 conquistando os brasileiros com qualidade de vida e tranquilidade"}]},{"@type":"WebSite","@id":"https:\/\/www.em.com.br\/emfoco\/#website","url":"https:\/\/www.em.com.br\/emfoco\/","name":"Estado de Minas - Em foco","description":"Acompanhe as \u00faltimas not\u00edcias e fique bem informado sobre tudo o que acontece em Minas Gerais, Brasil e no mundo.","potentialAction":[{"@type":"SearchAction","target":{"@type":"EntryPoint","urlTemplate":"https:\/\/www.em.com.br\/emfoco\/?s={search_term_string}"},"query-input":{"@type":"PropertyValueSpecification","valueRequired":true,"valueName":"search_term_string"}}],"inLanguage":"pt-BR"},{"@type":"Person","@id":"https:\/\/www.em.com.br\/emfoco\/#\/schema\/person\/364ac1852fafd00f1be20f0b8b237569","name":"Vitor Bruno","image":{"@type":"ImageObject","inLanguage":"pt-BR","@id":"https:\/\/www.em.com.br\/emfoco\/#\/schema\/person\/image\/","url":"https:\/\/secure.gravatar.com\/avatar\/b719e5cdede09f942064960883b5524d?s=96&d=mm&r=g","contentUrl":"https:\/\/secure.gravatar.com\/avatar\/b719e5cdede09f942064960883b5524d?s=96&d=mm&r=g","caption":"Vitor Bruno"},"sameAs":["https:\/\/www.em.com.br\/emfoco\/"],"url":"https:\/\/www.em.com.br\/emfoco\/author\/vitormyth\/"}]}},"_links":{"self":[{"href":"https:\/\/www.em.com.br\/emfoco\/wp-json\/wp\/v2\/posts\/200525","targetHints":{"allow":["GET"]}}],"collection":[{"href":"https:\/\/www.em.com.br\/emfoco\/wp-json\/wp\/v2\/posts"}],"about":[{"href":"https:\/\/www.em.com.br\/emfoco\/wp-json\/wp\/v2\/types\/post"}],"author":[{"embeddable":true,"href":"https:\/\/www.em.com.br\/emfoco\/wp-json\/wp\/v2\/users\/6"}],"replies":[{"embeddable":true,"href":"https:\/\/www.em.com.br\/emfoco\/wp-json\/wp\/v2\/comments?post=200525"}],"version-history":[{"count":6,"href":"https:\/\/www.em.com.br\/emfoco\/wp-json\/wp\/v2\/posts\/200525\/revisions"}],"predecessor-version":[{"id":201165,"href":"https:\/\/www.em.com.br\/emfoco\/wp-json\/wp\/v2\/posts\/200525\/revisions\/201165"}],"wp:featuredmedia":[{"embeddable":true,"href":"https:\/\/www.em.com.br\/emfoco\/wp-json\/wp\/v2\/media\/201164"}],"wp:attachment":[{"href":"https:\/\/www.em.com.br\/emfoco\/wp-json\/wp\/v2\/media?parent=200525"}],"wp:term":[{"taxonomy":"category","embeddable":true,"href":"https:\/\/www.em.com.br\/emfoco\/wp-json\/wp\/v2\/categories?post=200525"},{"taxonomy":"post_tag","embeddable":true,"href":"https:\/\/www.em.com.br\/emfoco\/wp-json\/wp\/v2\/tags?post=200525"}],"curies":[{"name":"wp","href":"https:\/\/api.w.org\/{rel}","templated":true}]}}