{"id":200524,"date":"2026-04-29T18:05:00","date_gmt":"2026-04-29T21:05:00","guid":{"rendered":"https:\/\/www.em.com.br\/emfoco\/?p=200524"},"modified":"2026-04-29T01:50:57","modified_gmt":"2026-04-29T04:50:57","slug":"a-cidade-mais-alta-e-gelada-do-nordeste-com-clima-de-serra-e-cachoeiras-que-surpreendem-por-nao-parecer-bahia","status":"publish","type":"post","link":"https:\/\/www.em.com.br\/emfoco\/2026\/04\/29\/a-cidade-mais-alta-e-gelada-do-nordeste-com-clima-de-serra-e-cachoeiras-que-surpreendem-por-nao-parecer-bahia\/","title":{"rendered":"A cidade mais alta e gelada do Nordeste com clima de serra e cachoeiras que surpreendem por n\u00e3o parecer Bahia"},"content":{"rendered":"\n<p>A 1.268 metros de altitude no sul da <strong>Chapada Diamantina<\/strong>, <strong>Piat\u00e3<\/strong> \u00e9 a cidade mais alta e mais fria do <strong>Nordeste<\/strong>, segundo a <a href=\"https:\/\/www.piata.ba.gov.br\/site\/dadosmunicipais\" target=\"_blank\" rel=\"noreferrer noopener\"><strong>Prefeitura Municipal de Piat\u00e3<\/strong><\/a>. L\u00e1, a fam\u00edlia <strong>Rigno de Oliveira <\/strong>\u00e9 tetracampe\u00e3 do <strong>Cup of Excellence<\/strong>, principal concurso mundial de caf\u00e9 especial, e venceu a edi\u00e7\u00e3o de 2022 com nota 91,41 numa escala at\u00e9 100.<\/p>\n\n\n\n<h2 class=\"wp-block-heading\">Como uma cidade nordestina chega aos 5\u00b0C<\/h2>\n\n\n\n<p>A explica\u00e7\u00e3o come\u00e7a no relevo. Piat\u00e3 ocupa um plat\u00f4 entre a <strong>Serra da Tromba<\/strong>, extens\u00e3o da <strong>Serra da Mantiqueira<\/strong>, e a <strong>Serra da Santana<\/strong>. A sede urbana fica a 1.268 metros, e \u00e1reas rurais chegam a 1.500 metros, configurando um dos pontos mais elevados do <strong>Nordeste brasileiro<\/strong>.<\/p>\n\n\n\n<p>O clima \u00e9 classificado como Csb na escala de K\u00f6ppen, mesmo padr\u00e3o de regi\u00f5es montanhosas da <strong>Europa<\/strong>, com chuvas concentradas no ver\u00e3o e temperaturas amenas o ano todo. A m\u00e9dia anual fica em torno de 20\u00b0C, e em noites de exce\u00e7\u00e3o o term\u00f4metro marca menos de 1\u00b0C. O munic\u00edpio est\u00e1 dentro da <strong>\u00c1rea de Prote\u00e7\u00e3o Ambiental da Serra do Barbado<\/strong>, criada pelo Governo da Bahia em 1993, que protege 63.652 hectares numa zona de transi\u00e7\u00e3o rara entre <strong>Caatinga<\/strong>, <strong>Cerrado<\/strong> e <strong>Mata Atl\u00e2ntica<\/strong>.<\/p>\n\n\n<div class=\"wp-block-image\">\n<figure class=\"aligncenter size-large\"><img loading=\"lazy\" decoding=\"async\" width=\"1024\" height=\"576\" src=\"https:\/\/www.em.com.br\/emfoco\/wp-content\/uploads\/2026\/04\/ngz-Piata-10142-1024x576.jpg\" alt=\"A cidade mais alta do Nordeste a 1.268 metros com clima de serra e cachoeiras que surpreende por n\u00e3o parecer Bahia\" class=\"wp-image-194796\" srcset=\"https:\/\/www.em.com.br\/emfoco\/wp-content\/uploads\/2026\/04\/ngz-Piata-10142-1024x576.jpg 1024w, https:\/\/www.em.com.br\/emfoco\/wp-content\/uploads\/2026\/04\/ngz-Piata-10142-300x169.jpg 300w, https:\/\/www.em.com.br\/emfoco\/wp-content\/uploads\/2026\/04\/ngz-Piata-10142-768x432.jpg 768w, https:\/\/www.em.com.br\/emfoco\/wp-content\/uploads\/2026\/04\/ngz-Piata-10142-750x422.jpg 750w, https:\/\/www.em.com.br\/emfoco\/wp-content\/uploads\/2026\/04\/ngz-Piata-10142-1140x641.jpg 1140w, https:\/\/www.em.com.br\/emfoco\/wp-content\/uploads\/2026\/04\/ngz-Piata-10142.jpg 1280w\" sizes=\"auto, (max-width: 1024px) 100vw, 1024px\" \/><figcaption class=\"wp-element-caption\">Piat\u00e3, a 1.268 metros de altitude na Chapada Diamantina \/\/ Cr\u00e9ditos: Wikipedia \/ Wikimedia Commons<\/figcaption><\/figure><\/div>\n\n\n<h2 class=\"wp-block-heading\">O caf\u00e9 tetracampe\u00e3o mundial cultivado na altitude<\/h2>\n\n\n\n<p>Quando o ciclo do ouro do s\u00e9culo XVIII secou, a altitude que atra\u00edra os garimpeiros virou mat\u00e9ria-prima para outra economia. Piat\u00e3 \u00e9 hoje uma das principais regi\u00f5es de caf\u00e9s especiais do <strong>Brasil<\/strong>. Os gr\u00e3os s\u00e3o cultivados entre 1.200 e 1.300 metros, em fazendas como a <strong>Fazenda Tijuco<\/strong>, do produtor <strong>Antonio Rigno de Oliveira Filho<\/strong>.<\/p>\n\n\n\n<p>O caf\u00e9 da Tijuco venceu o <a href=\"https:\/\/apexbrasil.com.br\/br\/pt\/conteudo\/noticias\/piata_ba_melhor.html\" target=\"_blank\" rel=\"noreferrer noopener\"><strong>Cup of Excellence 2022<\/strong><\/a>, principal concurso mundial de qualidade de caf\u00e9, com nota 91,41 numa escala at\u00e9 100, segundo registro oficial da <strong>Ag\u00eancia Brasileira de Promo\u00e7\u00e3o de Exporta\u00e7\u00f5es e Investimentos (ApexBrasil)<\/strong>. A fam\u00edlia Rigno de Oliveira \u00e9 tetracampe\u00e3, com t\u00edtulos em 2009, 2014, 2015 e 2022. O segundo lugar do mesmo ano tamb\u00e9m ficou em Piat\u00e3, com o produtor <strong>Maridalton Silva Santana<\/strong>, do <strong>S\u00edtio Bonilha<\/strong>, com 90,59 pontos.<\/p>\n\n\n\n<h2 class=\"wp-block-heading\">A primeira povoa\u00e7\u00e3o da Chapada Diamantina<\/h2>\n\n\n\n<p>Antes do caf\u00e9, foi o ouro que ergueu Piat\u00e3. O povoado de <strong>Bom Jesus dos Lim\u00f5es<\/strong>, atual Piat\u00e3, \u00e9 considerado a mais antiga povoa\u00e7\u00e3o da Chapada Diamantina. O n\u00facleo nasceu em meados do s\u00e9culo XVII, com a descoberta de minas nas serras da Tromba e da Santana por bandeirantes vindos do interior baiano.<\/p>\n\n\n\n<p>O tra\u00e7ado urbano surgiu \u00e0s margens da <strong>Estrada Real<\/strong>, aberta em 1725 pelo bandeirante <strong>Pedro Barbosa Leal<\/strong>, encarregado pelo vice-rei <strong>Conde de Sabugosa<\/strong> de ligar <strong>Rio de Contas<\/strong> a <strong>Jacobina<\/strong>. A capela do <strong>Senhor do Bonfim<\/strong>, no alto da Serra da Santana, e o casario de pedra ainda preservam vest\u00edgios desse per\u00edodo colonial.<\/p>\n\n\n\n<p><strong>Leia tamb\u00e9m: <a href=\"https:\/\/www.em.com.br\/emfoco\/2026\/04\/28\/a-praia-selvagem-da-capital-acessivel-so-por-trilha-ou-barco-com-lagoa-mar-azul-e-zero-predio-a-vista-no-coracao-da-capital\/\" target=\"_blank\" rel=\"noreferrer noopener\">A praia selvagem da capital: acess\u00edvel s\u00f3 por trilha ou barco, com lagoa, mar azul e zero pr\u00e9dio \u00e0 vista no cora\u00e7\u00e3o da capital<\/a><\/strong><\/p>\n\n\n\n<h2 class=\"wp-block-heading\">O que ver entre serras e s\u00edtios arqueol\u00f3gicos<\/h2>\n\n\n\n<p>O ecoturismo de Piat\u00e3 se divide entre o entorno do parque nacional, gerido pelo ICMBio, e atra\u00e7\u00f5es pr\u00f3prias do munic\u00edpio. V\u00e1rias trilhas exigem condutor credenciado, especialmente as que levam ao Pico do Barbado e aos s\u00edtios rupestres.<\/p>\n\n\n\n<ul class=\"wp-block-list has-medium-font-size\">\n<li><strong>Pico do Barbado<\/strong>: ponto mais alto do Nordeste com 2.033 metros, dentro da APA Serra do Barbado. A trilha mais usada parte do distrito de <strong>Catol\u00e9s<\/strong>, em <strong>Aba\u00edra<\/strong>, a cerca de 30 km de Piat\u00e3.<\/li>\n\n\n\n<li><strong>Cachoeira do Patr\u00edcio<\/strong>: queda de 32 metros emoldurada por pared\u00f5es de rocha, com po\u00e7o para banho gelado e op\u00e7\u00e3o de rapel.<\/li>\n\n\n\n<li><strong>Serra do Navio<\/strong>: trilha at\u00e9 1.816 metros, ponto mais alto do munic\u00edpio, com vista panor\u00e2mica de toda a cadeia montanhosa.<\/li>\n\n\n\n<li><strong>Serra da Santana<\/strong>: subida de 2,2 km at\u00e9 1.662 metros, com a capela do Senhor do Bonfim no topo.<\/li>\n\n\n\n<li><strong>S\u00edtio Arqueol\u00f3gico da Serra do Gentil<\/strong>: pinturas rupestres em tons de amarelo e vermelho, atribu\u00eddas a povos ca\u00e7adores e coletores que ocuparam a regi\u00e3o h\u00e1 milhares de anos.<\/li>\n\n\n\n<li><strong>Cachoeira das Tr\u00eas Bicas<\/strong>: forma\u00e7\u00e3o com tr\u00eas quedas simult\u00e2neas, rodeada por vegeta\u00e7\u00e3o de altitude densa.<\/li>\n<\/ul>\n\n\n\n<p>Quem busca a cidade mais&nbsp;<strong>alta<\/strong>,&nbsp;<strong>gelada<\/strong>&nbsp;e com o&nbsp;<strong>melhor caf\u00e9<\/strong>&nbsp;do&nbsp;<strong>Nordeste<\/strong>, vai curtir esse v\u00eddeo especialmente selecionado do canal&nbsp;<strong>Rol\u00ea Fam\u00edlia<\/strong>, que conta com mais de&nbsp;<strong>288 mil<\/strong>&nbsp;inscritos, onde&nbsp;<strong>Bruno e Paula<\/strong>&nbsp;mostram os encantos de&nbsp;<strong>Piat\u00e3<\/strong>, na&nbsp;<strong>Bahia<\/strong>:<\/p>\n\n\n\n<figure class=\"wp-block-embed is-type-video is-provider-youtube wp-block-embed-youtube wp-embed-aspect-16-9 wp-has-aspect-ratio\"><div class=\"wp-block-embed__wrapper\">\n<div class=\"jeg_video_container jeg_video_content\"><iframe loading=\"lazy\" title=\"A cidade mais ALTA, GELADA e com MELHOR CAF\u00c9 do Nordeste! | Piat\u00e3\" width=\"500\" height=\"281\" src=\"https:\/\/www.youtube.com\/embed\/CMi22BjloNk?start=72&#038;feature=oembed\" frameborder=\"0\" allow=\"accelerometer; autoplay; clipboard-write; encrypted-media; gyroscope; picture-in-picture; web-share\" referrerpolicy=\"strict-origin-when-cross-origin\" allowfullscreen><\/iframe><\/div>\n<\/div><\/figure>\n\n\n\n<h2 class=\"wp-block-heading\">Quando o clima ajuda mais a viagem<\/h2>\n\n\n\n<p>Piat\u00e3 tem temperaturas amenas o ano inteiro, mas o frio mais forte e a neblina caracter\u00edstica aparecem entre junho e agosto. Cachoeiras ficam mais cheias ap\u00f3s o ver\u00e3o chuvoso.<\/p>\n\n\n\n<style>\n    .ant-grid { \n        --cor-primaria: #1a2a57;\n        --cor-secundaria: #1a2a57;\n        --cor-txt-secundaria: #ffffff; \n        display: grid; grid-template-columns: repeat(auto-fit, minmax(190px, 1fr)); gap: 15px; justify-content: center; padding: 10px;\n    }\n    .ant-card { \n        border: 5px solid var(--cor-primaria); border-top: 5px solid var(--cor-secundaria); \n        border-radius: 4px; background-color: var(--cor-primaria); background-clip: padding-box; \n        display: flex; flex-direction: column; overflow: hidden; cursor: pointer; \n        box-shadow: 0 6px 12px rgba(0,0,0, 0.2); transition: transform 0.2s ease, box-shadow 0.2s ease; \n        -webkit-tap-highlight-color: transparent; user-select: none; transform: translateZ(0);\n        animation: wmFadeIn 0.6s cubic-bezier(0.2, 0.8, 0.2, 1) backwards;\n    }\n    .ant-card:nth-child(1) { animation-delay: 0.1s; } .ant-card:nth-child(2) { animation-delay: 0.2s; }\n    .ant-card:nth-child(3) { animation-delay: 0.3s; } .ant-card:nth-child(4) { animation-delay: 0.4s; }\n    @keyframes wmFadeIn { from { opacity: 0; transform: translateY(30px); } to { opacity: 1; transform: translateY(0); } }\n    .ant-card:hover { transform: translateY(-5px); box-shadow: 0 15px 30px rgba(0,0,0, 0.3); }\n    .ant-card:active { transform: translateY(-1px) scale(0.97); box-shadow: 0 3px 6px rgba(0,0,0, 0.2); transition: transform 0.05s ease, box-shadow 0.05s ease; }\n    .ant-header { background: #f0f8f9; padding: 15px 10px; text-align: center; display: flex; flex-direction: column; align-items: center; justify-content: center; }\n    .ant-body { background: #ffffff; padding: 15px; display: flex; flex-direction: column; flex-grow: 1; align-items: center; }\n    .ant-card-destaque { box-shadow: 0 8px 16px rgba(0,0,0, 0.25); }\n    .ant-card-destaque:hover { box-shadow: 0 18px 36px rgba(0,0,0, 0.35); }\n    .ant-card-destaque .ant-header { background: var(--cor-secundaria); }\n    .ant-card-destaque .ant-header .ant-titulo { color: var(--cor-txt-secundaria) !important; } \n    .pill-ant { display: flex; white-space: normal; max-width: 100%; box-sizing: border-box; justify-content: center; align-items: center; text-align: center; background: #e0f4f6; color: var(--cor-primaria); font-size: 11px; font-weight: 900 !important; letter-spacing: 0.5px; padding: 8px 16px; border-radius: 4px; text-transform: uppercase; line-height: 1.4; box-shadow: 0 4px 8px rgba(0,0,0, 0.15); margin-top: auto; transition: transform 0.2s ease; }\n    .ant-card-destaque .pill-ant { background: var(--cor-primaria); color: var(--cor-txt-secundaria); } \n    .ant-card:hover .pill-ant { transform: scale(1.06); }\n    .pill-ant span { font-weight: 900 !important; color: inherit; } \n    .ant-emoji { font-size: 24px; line-height: 1; margin-bottom: 5px; }\n    .ant-titulo { color: var(--cor-primaria); font-size: 16px; text-transform: uppercase; margin-top: 5px; font-weight: bold; }\n    .ant-mes { font-size: 11px; font-weight: 800; color: var(--cor-primaria); text-transform: uppercase; margin-bottom: 5px; }\n    .ant-temp { font-size: 26px; font-weight: 900; color: var(--cor-primaria); margin-bottom: 10px; }\n    .ant-desc { font-size: 13px; color: #444; text-align: center; line-height: 1.5; margin-bottom: 15px; flex-grow: 1;}\n    .ant-desc strong { color: #111; }\n    @media (prefers-color-scheme: dark) {\n        .ant-card { border-color: #1b7a8c; background-color: #1b7a8c; box-shadow: 0 6px 12px rgba(0,0,0, 0.5); }\n        .ant-header { background: #1a1a1a; } .ant-body { background: #121212; }\n        .ant-card-destaque .ant-header { background: var(--cor-secundaria); }\n        .ant-card-destaque .ant-header .ant-titulo { color: var(--cor-txt-secundaria) !important; }\n        .ant-titulo { color: #5ce1f5; } .ant-mes { color: #8eeaf7; } .ant-temp { color: #5ce1f5; } .ant-desc { color: #cccccc; } .ant-desc strong { color: #ffffff; }\n        .pill-ant { background: #1a1a1a; color: #5ce1f5; box-shadow: 0 4px 8px rgba(0, 0, 0, 0.5); }\n        .ant-card-destaque .pill-ant { background: var(--cor-primaria); color: var(--cor-txt-secundaria); }\n    }\n<\/style>\n<div class=\"google-auto-ads-ignore ant-grid\" style=\"box-sizing: border-box; width: 100%; max-width: 980px; margin: 30px auto; font-family: 'Segoe UI', Roboto, Helvetica, Arial, sans-serif;\">\n    <div class=\"ant-card\">\n        <div class=\"ant-header\">\n            <div class=\"ant-emoji\">\ud83c\udf0a<\/div>\n            <div class=\"ant-titulo\">Ver\u00e3o<\/div>\n        <\/div>\n        <div class=\"ant-body\">\n            <div class=\"ant-mes\">Dezembro a Fevereiro<\/div>\n            <div class=\"ant-temp\">17\u00b0C a 28\u00b0C<\/div>\n            <div class=\"ant-desc\">As temperaturas s\u00e3o amenas, mas o volume de chuva ajuda muito a formar <strong>Cachoeiras cheias<\/strong>.<\/div>\n            <div class=\"pill-ant\"><span>\u2614 CHUVA ALTA<\/span><\/div>\n        <\/div>\n    <\/div>\n    <div class=\"ant-card\">\n        <div class=\"ant-header\">\n            <div class=\"ant-emoji\">\u2615<\/div>\n            <div class=\"ant-titulo\">Outono<\/div>\n        <\/div>\n        <div class=\"ant-body\">\n            <div class=\"ant-mes\">Mar\u00e7o a Maio<\/div>\n            <div class=\"ant-temp\">15\u00b0C a 26\u00b0C<\/div>\n            <div class=\"ant-desc\">O clima chuvoso diminui e d\u00e1 lugar ao tempo perfeito para curtir as <strong>Trilhas e Rota do Caf\u00e9<\/strong>.<\/div>\n            <div class=\"pill-ant\"><span>\ud83c\udf27\ufe0f CHUVA M\u00c9DIA<\/span><\/div>\n        <\/div>\n    <\/div>\n    <div class=\"ant-card ant-card-destaque\">\n        <div class=\"ant-header\">\n            <div class=\"ant-emoji\">\u26f0\ufe0f<\/div>\n            <div class=\"ant-titulo\">Inverno<\/div>\n        <\/div>\n        <div class=\"ant-body\">\n            <div class=\"ant-mes\">Junho a Agosto<\/div>\n            <div class=\"ant-temp\">5\u00b0C a 22\u00b0C<\/div>\n            <div class=\"ant-desc\">\u00c9poca mais fria do ano e muito buscada! Conhe\u00e7a as paisagens de neblina e o <strong>Pico do Barbado<\/strong>.<\/div>\n            <div class=\"pill-ant\"><span>\u2b50 MELHOR \u00c9POCA<\/span><\/div>\n        <\/div>\n    <\/div>\n    <div class=\"ant-card\">\n        <div class=\"ant-header\">\n            <div class=\"ant-emoji\">\ud83d\udeb5<\/div>\n            <div class=\"ant-titulo\">Primavera<\/div>\n        <\/div>\n        <div class=\"ant-body\">\n            <div class=\"ant-mes\">Setembro a Novembro<\/div>\n            <div class=\"ant-temp\">14\u00b0C a 27\u00b0C<\/div>\n            <div class=\"ant-desc\">Com pouca chuva, os passeios ao ar livre dominam. Destaque para o <strong>Mountain bike e mirantes<\/strong>.<\/div>\n            <div class=\"pill-ant\"><span>\u2600\ufe0f CHUVA BAIXA<\/span><\/div>\n        <\/div>\n    <\/div>\n<\/div>\n\n\n\n<p><em>Temperaturas aproximadas com base no <a href=\"https:\/\/www.climatempo.com.br\/previsao-do-tempo\/cidade\/3364\/piata-ba\" target=\"_blank\" rel=\"noreferrer noopener\"><strong>Climatempo<\/strong><\/a> de Piat\u00e3. Condi\u00e7\u00f5es podem variar.<\/em><\/p>\n\n\n\n<h2 class=\"wp-block-heading\">Como chegar \u00e0 serra mais alta do Nordeste<\/h2>\n\n\n\n<p>O ponto de partida mais comum \u00e9 <strong>Salvador<\/strong>, a cerca de 557 km de Piat\u00e3 pelas rodovias <strong>BR-324<\/strong>, <strong>BR-116<\/strong>, <strong>BA-046<\/strong>, <strong>BA-245<\/strong> e <strong>BA-142<\/strong>. O trajeto leva em m\u00e9dia oito horas de carro.<\/p>\n\n\n\n<p>Quem prefere voo costuma desembarcar em Salvador ou em <strong>Vit\u00f3ria da Conquista<\/strong>, a cerca de 250 km da cidade, e seguir de carro pr\u00f3prio ou ag\u00eancia de turismo. N\u00e3o h\u00e1 transporte p\u00fablico regular direto, e parte do percurso final exige ve\u00edculos com boa altura livre do solo, especialmente no inverno.<\/p>\n\n\n\n<h2 class=\"wp-block-heading\">V\u00e1 conhecer Piat\u00e3<\/h2>\n\n\n\n<p>Poucos lugares no Brasil re\u00fanem altitude alpina, caf\u00e9 campe\u00e3o mundial e o t\u00edtulo de povoado mais antigo da Chapada Diamantina no mesmo munic\u00edpio. Piat\u00e3 faz tudo isso em escala interiorana, com fog\u00e3o a lenha aceso e neblina nas serras.<\/p>\n\n\n\n<p>Voc\u00ea precisa subir at\u00e9 Piat\u00e3 e provar um caf\u00e9 da Fazenda Tijuco para entender por que esse peda\u00e7o da Bahia desafia tudo o que se imagina sobre o clima do Nordeste.<\/p>\n","protected":false},"excerpt":{"rendered":"<p>A 1.268 metros de altitude no sul da Chapada Diamantina, Piat\u00e3 \u00e9 a cidade mais alta e mais fria do Nordeste, segundo a Prefeitura Municipal de Piat\u00e3. L\u00e1, a fam\u00edlia Rigno de Oliveira \u00e9 tetracampe\u00e3 do Cup of Excellence, principal concurso mundial de caf\u00e9 especial, e venceu a edi\u00e7\u00e3o de 2022 com nota 91,41 numa [&hellip;]<\/p>\n","protected":false},"author":6,"featured_media":201160,"comment_status":"open","ping_status":"open","sticky":false,"template":"","format":"standard","meta":{"jnews-multi-image_gallery":[],"jnews_single_post":{"format":"standard"},"jnews_primary_category":[],"jnews_social_meta":[],"jnews_override_counter":[],"footnotes":""},"categories":[26],"tags":[1447,183,28206],"class_list":["post-200524","post","type-post","status-publish","format-standard","has-post-thumbnail","hentry","category-cidades","tag-bahia","tag-cidades","tag-piata"],"yoast_head":"<!-- This site is optimized with the Yoast SEO plugin v23.8 - https:\/\/yoast.com\/wordpress\/plugins\/seo\/ -->\n<title>A cidade mais alta e gelada do Nordeste com clima de serra e cachoeiras que surpreendem por n\u00e3o parecer Bahia - Estado de Minas - Em foco<\/title>\n<meta name=\"description\" content=\"Fuja do calor nesta cidade de montanha com cachoeiras incr\u00edveis. O ponto mais alto da regi\u00e3o oferece paz e paisagens de tirar o f\u00f4lego.\" \/>\n<meta name=\"robots\" content=\"index, follow, max-snippet:-1, max-image-preview:large, max-video-preview:-1\" \/>\n<link rel=\"canonical\" href=\"https:\/\/www.em.com.br\/emfoco\/2026\/04\/29\/a-cidade-mais-alta-e-gelada-do-nordeste-com-clima-de-serra-e-cachoeiras-que-surpreendem-por-nao-parecer-bahia\/\" \/>\n<meta property=\"og:locale\" content=\"pt_BR\" \/>\n<meta property=\"og:type\" content=\"article\" \/>\n<meta property=\"og:title\" content=\"A cidade mais alta e gelada do Nordeste com clima de serra e cachoeiras que surpreendem por n\u00e3o parecer Bahia - Estado de Minas - Em foco\" \/>\n<meta property=\"og:description\" content=\"Fuja do calor nesta cidade de montanha com cachoeiras incr\u00edveis. O ponto mais alto da regi\u00e3o oferece paz e paisagens de tirar o f\u00f4lego.\" \/>\n<meta property=\"og:url\" content=\"https:\/\/www.em.com.br\/emfoco\/2026\/04\/29\/a-cidade-mais-alta-e-gelada-do-nordeste-com-clima-de-serra-e-cachoeiras-que-surpreendem-por-nao-parecer-bahia\/\" \/>\n<meta property=\"og:site_name\" content=\"Estado de Minas - Em foco\" \/>\n<meta property=\"article:published_time\" content=\"2026-04-29T21:05:00+00:00\" \/>\n<meta property=\"article:modified_time\" content=\"2026-04-29T04:50:57+00:00\" \/>\n<meta property=\"og:image\" content=\"https:\/\/www.em.com.br\/emfoco\/wp-content\/uploads\/2026\/04\/Mountain_town_scene_Brazil_water\u2026_202604290147-scaled.jpg\" \/>\n\t<meta property=\"og:image:width\" content=\"2560\" \/>\n\t<meta property=\"og:image:height\" content=\"1440\" \/>\n\t<meta property=\"og:image:type\" content=\"image\/jpeg\" \/>\n<meta name=\"author\" content=\"Vitor Bruno\" \/>\n<meta name=\"twitter:card\" content=\"summary_large_image\" \/>\n<meta name=\"twitter:label1\" content=\"Escrito por\" \/>\n\t<meta name=\"twitter:data1\" content=\"Vitor Bruno\" \/>\n\t<meta name=\"twitter:label2\" content=\"Est. tempo de leitura\" \/>\n\t<meta name=\"twitter:data2\" content=\"7 minutos\" \/>\n<!-- \/ Yoast SEO plugin. -->","yoast_head_json":{"title":"A cidade mais alta e gelada do Nordeste com clima de serra e cachoeiras que surpreendem por n\u00e3o parecer Bahia - Estado de Minas - Em foco","description":"Fuja do calor nesta cidade de montanha com cachoeiras incr\u00edveis. O ponto mais alto da regi\u00e3o oferece paz e paisagens de tirar o f\u00f4lego.","robots":{"index":"index","follow":"follow","max-snippet":"max-snippet:-1","max-image-preview":"max-image-preview:large","max-video-preview":"max-video-preview:-1"},"canonical":"https:\/\/www.em.com.br\/emfoco\/2026\/04\/29\/a-cidade-mais-alta-e-gelada-do-nordeste-com-clima-de-serra-e-cachoeiras-que-surpreendem-por-nao-parecer-bahia\/","og_locale":"pt_BR","og_type":"article","og_title":"A cidade mais alta e gelada do Nordeste com clima de serra e cachoeiras que surpreendem por n\u00e3o parecer Bahia - Estado de Minas - Em foco","og_description":"Fuja do calor nesta cidade de montanha com cachoeiras incr\u00edveis. O ponto mais alto da regi\u00e3o oferece paz e paisagens de tirar o f\u00f4lego.","og_url":"https:\/\/www.em.com.br\/emfoco\/2026\/04\/29\/a-cidade-mais-alta-e-gelada-do-nordeste-com-clima-de-serra-e-cachoeiras-que-surpreendem-por-nao-parecer-bahia\/","og_site_name":"Estado de Minas - Em foco","article_published_time":"2026-04-29T21:05:00+00:00","article_modified_time":"2026-04-29T04:50:57+00:00","og_image":[{"width":2560,"height":1440,"url":"https:\/\/www.em.com.br\/emfoco\/wp-content\/uploads\/2026\/04\/Mountain_town_scene_Brazil_water\u2026_202604290147-scaled.jpg","type":"image\/jpeg"}],"author":"Vitor Bruno","twitter_card":"summary_large_image","twitter_misc":{"Escrito por":"Vitor Bruno","Est. tempo de leitura":"7 minutos"},"schema":{"@context":"https:\/\/schema.org","@graph":[{"@type":"WebPage","@id":"https:\/\/www.em.com.br\/emfoco\/2026\/04\/29\/a-cidade-mais-alta-e-gelada-do-nordeste-com-clima-de-serra-e-cachoeiras-que-surpreendem-por-nao-parecer-bahia\/","url":"https:\/\/www.em.com.br\/emfoco\/2026\/04\/29\/a-cidade-mais-alta-e-gelada-do-nordeste-com-clima-de-serra-e-cachoeiras-que-surpreendem-por-nao-parecer-bahia\/","name":"A cidade mais alta e gelada do Nordeste com clima de serra e cachoeiras que surpreendem por n\u00e3o parecer Bahia - Estado de Minas - Em foco","isPartOf":{"@id":"https:\/\/www.em.com.br\/emfoco\/#website"},"primaryImageOfPage":{"@id":"https:\/\/www.em.com.br\/emfoco\/2026\/04\/29\/a-cidade-mais-alta-e-gelada-do-nordeste-com-clima-de-serra-e-cachoeiras-que-surpreendem-por-nao-parecer-bahia\/#primaryimage"},"image":{"@id":"https:\/\/www.em.com.br\/emfoco\/2026\/04\/29\/a-cidade-mais-alta-e-gelada-do-nordeste-com-clima-de-serra-e-cachoeiras-que-surpreendem-por-nao-parecer-bahia\/#primaryimage"},"thumbnailUrl":"https:\/\/www.em.com.br\/emfoco\/wp-content\/uploads\/2026\/04\/Mountain_town_scene_Brazil_water\u2026_202604290147-scaled.jpg","datePublished":"2026-04-29T21:05:00+00:00","dateModified":"2026-04-29T04:50:57+00:00","author":{"@id":"https:\/\/www.em.com.br\/emfoco\/#\/schema\/person\/364ac1852fafd00f1be20f0b8b237569"},"description":"Fuja do calor nesta cidade de montanha com cachoeiras incr\u00edveis. O ponto mais alto da regi\u00e3o oferece paz e paisagens de tirar o f\u00f4lego.","breadcrumb":{"@id":"https:\/\/www.em.com.br\/emfoco\/2026\/04\/29\/a-cidade-mais-alta-e-gelada-do-nordeste-com-clima-de-serra-e-cachoeiras-que-surpreendem-por-nao-parecer-bahia\/#breadcrumb"},"inLanguage":"pt-BR","potentialAction":[{"@type":"ReadAction","target":["https:\/\/www.em.com.br\/emfoco\/2026\/04\/29\/a-cidade-mais-alta-e-gelada-do-nordeste-com-clima-de-serra-e-cachoeiras-que-surpreendem-por-nao-parecer-bahia\/"]}]},{"@type":"ImageObject","inLanguage":"pt-BR","@id":"https:\/\/www.em.com.br\/emfoco\/2026\/04\/29\/a-cidade-mais-alta-e-gelada-do-nordeste-com-clima-de-serra-e-cachoeiras-que-surpreendem-por-nao-parecer-bahia\/#primaryimage","url":"https:\/\/www.em.com.br\/emfoco\/wp-content\/uploads\/2026\/04\/Mountain_town_scene_Brazil_water\u2026_202604290147-scaled.jpg","contentUrl":"https:\/\/www.em.com.br\/emfoco\/wp-content\/uploads\/2026\/04\/Mountain_town_scene_Brazil_water\u2026_202604290147-scaled.jpg","width":2560,"height":1440,"caption":"A cidade mais alta e gelada do Nordeste com clima de serra e cachoeiras que surpreendem por n\u00e3o parecer Bahia \/\/ IMAGEM ILUSTRATIVA"},{"@type":"BreadcrumbList","@id":"https:\/\/www.em.com.br\/emfoco\/2026\/04\/29\/a-cidade-mais-alta-e-gelada-do-nordeste-com-clima-de-serra-e-cachoeiras-que-surpreendem-por-nao-parecer-bahia\/#breadcrumb","itemListElement":[{"@type":"ListItem","position":1,"name":"In\u00edcio","item":"https:\/\/www.em.com.br\/emfoco\/"},{"@type":"ListItem","position":2,"name":"A cidade mais alta e gelada do Nordeste com clima de serra e cachoeiras que surpreendem por n\u00e3o parecer Bahia"}]},{"@type":"WebSite","@id":"https:\/\/www.em.com.br\/emfoco\/#website","url":"https:\/\/www.em.com.br\/emfoco\/","name":"Estado de Minas - Em foco","description":"Acompanhe as \u00faltimas not\u00edcias e fique bem informado sobre tudo o que acontece em Minas Gerais, Brasil e no mundo.","potentialAction":[{"@type":"SearchAction","target":{"@type":"EntryPoint","urlTemplate":"https:\/\/www.em.com.br\/emfoco\/?s={search_term_string}"},"query-input":{"@type":"PropertyValueSpecification","valueRequired":true,"valueName":"search_term_string"}}],"inLanguage":"pt-BR"},{"@type":"Person","@id":"https:\/\/www.em.com.br\/emfoco\/#\/schema\/person\/364ac1852fafd00f1be20f0b8b237569","name":"Vitor Bruno","image":{"@type":"ImageObject","inLanguage":"pt-BR","@id":"https:\/\/www.em.com.br\/emfoco\/#\/schema\/person\/image\/","url":"https:\/\/secure.gravatar.com\/avatar\/b719e5cdede09f942064960883b5524d?s=96&d=mm&r=g","contentUrl":"https:\/\/secure.gravatar.com\/avatar\/b719e5cdede09f942064960883b5524d?s=96&d=mm&r=g","caption":"Vitor Bruno"},"sameAs":["https:\/\/www.em.com.br\/emfoco\/"],"url":"https:\/\/www.em.com.br\/emfoco\/author\/vitormyth\/"}]}},"_links":{"self":[{"href":"https:\/\/www.em.com.br\/emfoco\/wp-json\/wp\/v2\/posts\/200524","targetHints":{"allow":["GET"]}}],"collection":[{"href":"https:\/\/www.em.com.br\/emfoco\/wp-json\/wp\/v2\/posts"}],"about":[{"href":"https:\/\/www.em.com.br\/emfoco\/wp-json\/wp\/v2\/types\/post"}],"author":[{"embeddable":true,"href":"https:\/\/www.em.com.br\/emfoco\/wp-json\/wp\/v2\/users\/6"}],"replies":[{"embeddable":true,"href":"https:\/\/www.em.com.br\/emfoco\/wp-json\/wp\/v2\/comments?post=200524"}],"version-history":[{"count":5,"href":"https:\/\/www.em.com.br\/emfoco\/wp-json\/wp\/v2\/posts\/200524\/revisions"}],"predecessor-version":[{"id":201161,"href":"https:\/\/www.em.com.br\/emfoco\/wp-json\/wp\/v2\/posts\/200524\/revisions\/201161"}],"wp:featuredmedia":[{"embeddable":true,"href":"https:\/\/www.em.com.br\/emfoco\/wp-json\/wp\/v2\/media\/201160"}],"wp:attachment":[{"href":"https:\/\/www.em.com.br\/emfoco\/wp-json\/wp\/v2\/media?parent=200524"}],"wp:term":[{"taxonomy":"category","embeddable":true,"href":"https:\/\/www.em.com.br\/emfoco\/wp-json\/wp\/v2\/categories?post=200524"},{"taxonomy":"post_tag","embeddable":true,"href":"https:\/\/www.em.com.br\/emfoco\/wp-json\/wp\/v2\/tags?post=200524"}],"curies":[{"name":"wp","href":"https:\/\/api.w.org\/{rel}","templated":true}]}}