{"id":200523,"date":"2026-04-30T10:35:00","date_gmt":"2026-04-30T13:35:00","guid":{"rendered":"https:\/\/www.em.com.br\/emfoco\/?p=200523"},"modified":"2026-04-30T09:35:09","modified_gmt":"2026-04-30T12:35:09","slug":"eleita-1o-lugar-em-qualidade-de-vida-em-minas-gerais-a-unica-cidade-do-brasil-na-rota-termal-europeia-tem-aguas-sulfurosas-a-45c-dentro-de-um-vulcao-extinto","status":"publish","type":"post","link":"https:\/\/www.em.com.br\/emfoco\/2026\/04\/30\/eleita-1o-lugar-em-qualidade-de-vida-em-minas-gerais-a-unica-cidade-do-brasil-na-rota-termal-europeia-tem-aguas-sulfurosas-a-45c-dentro-de-um-vulcao-extinto\/","title":{"rendered":"Eleita 1\u00ba lugar em qualidade de vida em Minas Gerais: a \u00fanica cidade do Brasil na rota termal europeia tem \u00e1guas sulfurosas a 45\u00b0C dentro de um vulc\u00e3o extinto"},"content":{"rendered":"\n<p>A 470 km de&nbsp;<strong>Belo Horizonte<\/strong>, no sul de&nbsp;<strong>Minas Gerais<\/strong>,&nbsp;<strong>Po\u00e7os de Caldas<\/strong>&nbsp;\u00e9 a \u00fanica cidade do&nbsp;<strong>Brasil<\/strong>&nbsp;a integrar a Associa\u00e7\u00e3o Europeia de Cidades Termais Hist\u00f3ricas. O munic\u00edpio lidera o&nbsp;<strong>\u00cdndice Firjan de Desenvolvimento Municipal (IFDM)<\/strong>&nbsp;entre os mineiros, tem \u00e1guas sulfurosas a at\u00e9 45\u00b0C e foi constru\u00eddo dentro de uma caldeira vulc\u00e2nica extinta h\u00e1 cerca de 80 milh\u00f5es de anos.<\/p>\n\n\n\n<h2 class=\"wp-block-heading\">Por que uma cidade brasileira virou refer\u00eancia da rota termal europeia<\/h2>\n\n\n\n<p>O reconhecimento internacional veio em 2017, quando Po\u00e7os de Caldas assinou em <strong>Caldas da Rainha<\/strong>, em <strong>Portugal<\/strong>, o termo de ades\u00e3o \u00e0 <strong>European Historic Thermal Towns Association (EHTTA)<\/strong>, tornando-se a primeira cidade fora da <strong>Europa<\/strong> a integrar o circuito. O nome do munic\u00edpio j\u00e1 era uma homenagem \u00e0 cidade portuguesa frequentada pela fam\u00edlia real.<\/p>\n\n\n\n<p>O elo entre as duas margens do Atl\u00e2ntico vem das \u00e1guas sulfurosas que brotam a at\u00e9 45\u00b0C de uma estrutura geol\u00f3gica rara. Em 1819, o naturalista franc\u00eas <strong>August Saint-Hilaire<\/strong> descreveu as fontes do rio Pardo, segundo registros da <a href=\"https:\/\/pocosdecaldas.mg.gov.br\/a-cidade\/historia\/\" target=\"_blank\" rel=\"noreferrer noopener\"><strong>Prefeitura Municipal de Po\u00e7os de Caldas<\/strong><\/a>. A doa\u00e7\u00e3o da sesmaria que fundou a cidade ocorreu no mesmo ano, e o anivers\u00e1rio do munic\u00edpio \u00e9 comemorado em 6 de novembro de 1872.<\/p>\n\n\n<div class=\"wp-block-image\">\n<figure class=\"aligncenter size-large\"><img loading=\"lazy\" decoding=\"async\" width=\"1024\" height=\"576\" src=\"https:\/\/www.em.com.br\/emfoco\/wp-content\/uploads\/2025\/12\/POCOS-DE-CALDAS_1762070395771-1024x576.jpg\" alt=\"\" class=\"wp-image-138694\" srcset=\"https:\/\/www.em.com.br\/emfoco\/wp-content\/uploads\/2025\/12\/POCOS-DE-CALDAS_1762070395771-1024x576.jpg 1024w, https:\/\/www.em.com.br\/emfoco\/wp-content\/uploads\/2025\/12\/POCOS-DE-CALDAS_1762070395771-300x169.jpg 300w, https:\/\/www.em.com.br\/emfoco\/wp-content\/uploads\/2025\/12\/POCOS-DE-CALDAS_1762070395771-768x432.jpg 768w, https:\/\/www.em.com.br\/emfoco\/wp-content\/uploads\/2025\/12\/POCOS-DE-CALDAS_1762070395771-750x422.jpg 750w, https:\/\/www.em.com.br\/emfoco\/wp-content\/uploads\/2025\/12\/POCOS-DE-CALDAS_1762070395771-1140x641.jpg 1140w, https:\/\/www.em.com.br\/emfoco\/wp-content\/uploads\/2025\/12\/POCOS-DE-CALDAS_1762070395771.jpg 1280w\" sizes=\"auto, (max-width: 1024px) 100vw, 1024px\" \/><figcaption class=\"wp-element-caption\">Po\u00e7os de Caldas, em Minas Gerais, encanta brasileiros com suas \u00e1guas termais e clima de montanha \/\/ Cr\u00e9ditos: depositphotos.com \/ paulobaqueta<\/figcaption><\/figure><\/div>\n\n\n<h2 class=\"wp-block-heading\">A primeira em qualidade de vida em Minas Gerais<\/h2>\n\n\n\n<p>Na edi\u00e7\u00e3o 2025 do \u00cdndice Firjan de Desenvolvimento Municipal, calculado pela <strong>Federa\u00e7\u00e3o das Ind\u00fastrias do Estado do Rio de Janeiro<\/strong>, Po\u00e7os de Caldas conquistou a primeira posi\u00e7\u00e3o em Minas Gerais com \u00edndice geral 0,8457, e ficou em 54\u00ba lugar entre os 5.550 munic\u00edpios brasileiros analisados. \u00c9 a \u00fanica cidade mineira entre as 100 melhores do pa\u00eds.<\/p>\n\n\n\n<p>O resultado \u00e9 puxado por dois indicadores: Emprego e Renda registrou nota 0,9796, e Sa\u00fade marcou 0,8254, ambos no n\u00edvel de alto desenvolvimento, segundo a <a href=\"https:\/\/pocosdecaldas.mg.gov.br\/noticias\/pocos-de-caldas-lidera-ranking-de-desenvolvimento-socioeconomico-em-minas-gerais\/\" target=\"_blank\" rel=\"noreferrer noopener\"><strong>Prefeitura de Po\u00e7os de Caldas<\/strong><\/a>. O munic\u00edpio abriga campi da <strong>Pontif\u00edcia Universidade Cat\u00f3lica de Minas Gerais (PUC Minas)<\/strong>, da <strong>Universidade Federal de Alfenas (Unifal)<\/strong> e do <strong>Instituto Federal Sul de Minas (IF Sul de Minas)<\/strong>, e tem altitude m\u00e9dia de 1.186 metros, com clima ameno o ano todo.<\/p>\n\n\n<div class=\"wp-block-image\">\n<figure class=\"aligncenter size-large\"><img loading=\"lazy\" decoding=\"async\" width=\"1024\" height=\"576\" src=\"https:\/\/www.em.com.br\/emfoco\/wp-content\/uploads\/2025\/12\/Pocos-de-Caldas_1744121836536-1024x576.jpg\" alt=\"\" class=\"wp-image-138692\" srcset=\"https:\/\/www.em.com.br\/emfoco\/wp-content\/uploads\/2025\/12\/Pocos-de-Caldas_1744121836536-1024x576.jpg 1024w, https:\/\/www.em.com.br\/emfoco\/wp-content\/uploads\/2025\/12\/Pocos-de-Caldas_1744121836536-300x169.jpg 300w, https:\/\/www.em.com.br\/emfoco\/wp-content\/uploads\/2025\/12\/Pocos-de-Caldas_1744121836536-768x432.jpg 768w, https:\/\/www.em.com.br\/emfoco\/wp-content\/uploads\/2025\/12\/Pocos-de-Caldas_1744121836536-750x422.jpg 750w, https:\/\/www.em.com.br\/emfoco\/wp-content\/uploads\/2025\/12\/Pocos-de-Caldas_1744121836536-1140x641.jpg 1140w, https:\/\/www.em.com.br\/emfoco\/wp-content\/uploads\/2025\/12\/Pocos-de-Caldas_1744121836536.jpg 1280w\" sizes=\"auto, (max-width: 1024px) 100vw, 1024px\" \/><figcaption class=\"wp-element-caption\">Po\u00e7os de Caldas, nas montanhas de Minas, conquista visitantes com charme e qualidade de vida \/\/ Cr\u00e9ditos: depositphotos.com \/ paulobaqueta<\/figcaption><\/figure><\/div>\n\n\n<h2 class=\"wp-block-heading\">O conjunto urbano tombado pelo Estado em 2026<\/h2>\n\n\n\n<p>Em abril de 2026, o Conselho Estadual do Patrim\u00f4nio Cultural aprovou o tombamento do <strong>Conjunto Urbano Hidrotermal e Hoteleiro de Po\u00e7os de Caldas<\/strong> como patrim\u00f4nio cultural material do Estado, com base em dossi\u00ea do <a href=\"https:\/\/pocosdecaldas.mg.gov.br\/noticias\/conjunto-hidrotermal-e-hoteleiro-de-pocos-e-tombado-como-patrimonio-cultural-de-minas\/\" target=\"_blank\" rel=\"noreferrer noopener\"><strong>Instituto Estadual do Patrim\u00f4nio Hist\u00f3rico e Art\u00edstico de Minas Gerais (Iepha-MG)<\/strong><\/a>.<\/p>\n\n\n\n<p>O per\u00edmetro tombado re\u00fane marcos das d\u00e9cadas de 1930 e 1940, como o Palace Hotel, o Palace Cassino, as Thermas Ant\u00f4nio Carlos, o Parque Jos\u00e9 Affonso Junqueira e a Pra\u00e7a Pedro Sanches. A decis\u00e3o protege tamb\u00e9m pra\u00e7as, parques, fontes, coretos e ribeir\u00f5es urbanos, com diretrizes de preserva\u00e7\u00e3o da paisagem cultural. A cidade tem ainda o <strong>Complexo Alcalino de Po\u00e7os de Caldas<\/strong>, com cerca de 30 km de di\u00e2metro e aproximadamente 800 km\u00b2 de \u00e1rea, considerado um dos maiores maci\u00e7os alcalinos do mundo.<\/p>\n\n\n\n<p><strong>Leia tamb\u00e9m: <a href=\"https:\/\/www.em.com.br\/emfoco\/2026\/04\/28\/a-praia-selvagem-da-capital-acessivel-so-por-trilha-ou-barco-com-lagoa-mar-azul-e-zero-predio-a-vista-no-coracao-da-capital\/\" target=\"_blank\" rel=\"noreferrer noopener\">A praia selvagem da capital: acess\u00edvel s\u00f3 por trilha ou barco, com lagoa, mar azul e zero pr\u00e9dio \u00e0 vista no cora\u00e7\u00e3o da capital<\/a><\/strong><\/p>\n\n\n\n<h2 class=\"wp-block-heading\">O que fazer entre termas, vulc\u00f5es e mirantes<\/h2>\n\n\n\n<p>O tra\u00e7ado urbano gira em torno do complexo termal e dos parques hist\u00f3ricos. Boa parte das atra\u00e7\u00f5es pode ser visitada a p\u00e9 a partir do centro, e v\u00e1rias est\u00e3o dentro do per\u00edmetro tombado pelo Iepha-MG.<\/p>\n\n\n\n<ul class=\"wp-block-list has-medium-font-size\">\n<li><strong>Thermas Ant\u00f4nio Carlos<\/strong>: inauguradas em 1931 em pr\u00e9dio neocl\u00e1ssico tombado, foram o primeiro balne\u00e1rio moderno do Brasil. Hoje oferecem banhos sulfurosos a 37\u00b0C, saunas e ofur\u00f4.<\/li>\n\n\n\n<li><strong>Cristo Redentor e Telef\u00e9rico<\/strong>: percurso de cerca de 1.500 metros at\u00e9 o topo da Serra de S\u00e3o Domingos, a 1.686 metros, com vista panor\u00e2mica de toda a caldeira vulc\u00e2nica.<\/li>\n\n\n\n<li><strong>Palace Hotel<\/strong>: s\u00edmbolo do glamour dos anos 1930, com piscina t\u00e9rmica e colunas de m\u00e1rmore, dentro do conjunto tombado pelo <a href=\"https:\/\/pocosdecaldas.mg.gov.br\/noticias\/conjunto-hidrotermal-e-hoteleiro-de-pocos-e-tombado-como-patrimonio-cultural-de-minas\/\" target=\"_blank\" rel=\"noreferrer noopener\">Iepha-MG<\/a>.<\/li>\n\n\n\n<li><strong>Parque Jos\u00e9 Affonso Junqueira<\/strong>: jardim de estilo europeu com \u00e1rvores centen\u00e1rias, fonte luminosa e Recanto Japon\u00eas, no centro da cidade.<\/li>\n\n\n\n<li><strong>Pedra Bal\u00e3o<\/strong>: forma\u00e7\u00e3o rochosa de origem vulc\u00e2nica com cerca de 10 metros de altura, equilibrada sobre base estreita, fora do per\u00edmetro urbano.<\/li>\n\n\n\n<li><strong>Fonte dos Amores<\/strong>: bica hist\u00f3rica de \u00e1gua mineral em meio \u00e0 mata, com esculturas e trilhas curtas.<\/li>\n<\/ul>\n\n\n\n<p>Quem quer conhecer&nbsp;<strong>Po\u00e7os de Caldas<\/strong>&nbsp;(<strong>MG<\/strong>), a cidade dentro de um vulc\u00e3o no&nbsp;<strong>Sul de Minas<\/strong>, vai curtir esse v\u00eddeo especialmente selecionado do canal&nbsp;<strong>De fora em Juiz de Fora<\/strong>, que conta com mais de&nbsp;<strong>286 mil<\/strong>&nbsp;inscritos, onde o apresentador mostra as atra\u00e7\u00f5es do destino:<\/p>\n\n\n\n<figure class=\"wp-block-embed is-type-video is-provider-youtube wp-block-embed-youtube wp-embed-aspect-16-9 wp-has-aspect-ratio\"><div class=\"wp-block-embed__wrapper\">\n<div class=\"jeg_video_container jeg_video_content\"><iframe loading=\"lazy\" title=\"PO\u00c7OS DE CALDAS MG: A cidade dentro de um vulc\u00e3o no Sul de Minas Gerais e perto de S\u00e3o Paulo \" width=\"500\" height=\"281\" src=\"https:\/\/www.youtube.com\/embed\/sq_iePiV6hU?feature=oembed\" frameborder=\"0\" allow=\"accelerometer; autoplay; clipboard-write; encrypted-media; gyroscope; picture-in-picture; web-share\" referrerpolicy=\"strict-origin-when-cross-origin\" allowfullscreen><\/iframe><\/div>\n<\/div><\/figure>\n\n\n\n<h2 class=\"wp-block-heading\">Quando o clima ajuda mais a viagem<\/h2>\n\n\n\n<p>A altitude faz Po\u00e7os de Caldas ter clima subtropical de altitude, com temperaturas amenas o ano todo. O inverno \u00e9 frio e seco, ideal para quem busca os banhos termais.<\/p>\n\n\n\n<style>\n    .ant-grid { \n        --cor-primaria: #1a2a57;\n        --cor-secundaria: #1a2a57;\n        --cor-txt-secundaria: #ffffff; \n        display: grid; grid-template-columns: repeat(auto-fit, minmax(190px, 1fr)); gap: 15px; justify-content: center; padding: 10px;\n    }\n    .ant-card { \n        border: 5px solid var(--cor-primaria); border-top: 5px solid var(--cor-secundaria); \n        border-radius: 4px; background-color: var(--cor-primaria); background-clip: padding-box; \n        display: flex; flex-direction: column; overflow: hidden; cursor: pointer; \n        box-shadow: 0 6px 12px rgba(0,0,0, 0.2); transition: transform 0.2s ease, box-shadow 0.2s ease; \n        -webkit-tap-highlight-color: transparent; user-select: none; transform: translateZ(0);\n        animation: wmFadeIn 0.6s cubic-bezier(0.2, 0.8, 0.2, 1) backwards;\n    }\n    .ant-card:nth-child(1) { animation-delay: 0.1s; } .ant-card:nth-child(2) { animation-delay: 0.2s; }\n    .ant-card:nth-child(3) { animation-delay: 0.3s; } .ant-card:nth-child(4) { animation-delay: 0.4s; }\n    @keyframes wmFadeIn { from { opacity: 0; transform: translateY(30px); } to { opacity: 1; transform: translateY(0); } }\n    .ant-card:hover { transform: translateY(-5px); box-shadow: 0 15px 30px rgba(0,0,0, 0.3); }\n    .ant-card:active { transform: translateY(-1px) scale(0.97); box-shadow: 0 3px 6px rgba(0,0,0, 0.2); transition: transform 0.05s ease, box-shadow 0.05s ease; }\n    .ant-header { background: #f0f8f9; padding: 15px 10px; text-align: center; display: flex; flex-direction: column; align-items: center; justify-content: center; }\n    .ant-body { background: #ffffff; padding: 15px; display: flex; flex-direction: column; flex-grow: 1; align-items: center; }\n    .ant-card-destaque { box-shadow: 0 8px 16px rgba(0,0,0, 0.25); }\n    .ant-card-destaque:hover { box-shadow: 0 18px 36px rgba(0,0,0, 0.35); }\n    .ant-card-destaque .ant-header { background: var(--cor-secundaria); }\n    .ant-card-destaque .ant-header .ant-titulo { color: var(--cor-txt-secundaria) !important; } \n    .pill-ant { display: flex; white-space: normal; max-width: 100%; box-sizing: border-box; justify-content: center; align-items: center; text-align: center; background: #e0f4f6; color: var(--cor-primaria); font-size: 11px; font-weight: 900 !important; letter-spacing: 0.5px; padding: 8px 16px; border-radius: 4px; text-transform: uppercase; line-height: 1.4; box-shadow: 0 4px 8px rgba(0,0,0, 0.15); margin-top: auto; transition: transform 0.2s ease; }\n    .ant-card-destaque .pill-ant { background: var(--cor-primaria); color: var(--cor-txt-secundaria); } \n    .ant-card:hover .pill-ant { transform: scale(1.06); }\n    .pill-ant span { font-weight: 900 !important; color: inherit; } \n    .ant-emoji { font-size: 24px; line-height: 1; margin-bottom: 5px; }\n    .ant-titulo { color: var(--cor-primaria); font-size: 16px; text-transform: uppercase; margin-top: 5px; font-weight: bold; }\n    .ant-mes { font-size: 11px; font-weight: 800; color: var(--cor-primaria); text-transform: uppercase; margin-bottom: 5px; }\n    .ant-temp { font-size: 26px; font-weight: 900; color: var(--cor-primaria); margin-bottom: 10px; }\n    .ant-desc { font-size: 13px; color: #444; text-align: center; line-height: 1.5; margin-bottom: 15px; flex-grow: 1;}\n    .ant-desc strong { color: #111; }\n    @media (prefers-color-scheme: dark) {\n        .ant-card { border-color: #1b7a8c; background-color: #1b7a8c; box-shadow: 0 6px 12px rgba(0,0,0, 0.5); }\n        .ant-header { background: #1a1a1a; } .ant-body { background: #121212; }\n        .ant-card-destaque .ant-header { background: var(--cor-secundaria); }\n        .ant-card-destaque .ant-header .ant-titulo { color: var(--cor-txt-secundaria) !important; }\n        .ant-titulo { color: #5ce1f5; } .ant-mes { color: #8eeaf7; } .ant-temp { color: #5ce1f5; } .ant-desc { color: #cccccc; } .ant-desc strong { color: #ffffff; }\n        .pill-ant { background: #1a1a1a; color: #5ce1f5; box-shadow: 0 4px 8px rgba(0, 0, 0, 0.5); }\n        .ant-card-destaque .pill-ant { background: var(--cor-primaria); color: var(--cor-txt-secundaria); }\n    }\n<\/style>\n<div class=\"google-auto-ads-ignore ant-grid\" style=\"box-sizing: border-box; width: 100%; max-width: 980px; margin: 30px auto; font-family: 'Segoe UI', Roboto, Helvetica, Arial, sans-serif;\">\n    <div class=\"ant-card\">\n        <div class=\"ant-header\">\n            <div class=\"ant-emoji\">\u2614<\/div>\n            <div class=\"ant-titulo\">Ver\u00e3o<\/div>\n        <\/div>\n        <div class=\"ant-body\">\n            <div class=\"ant-mes\">Dezembro a Fevereiro<\/div>\n            <div class=\"ant-temp\">17\u00b0C a 27\u00b0C<\/div>\n            <div class=\"ant-desc\">Chuva alta. Ideal para quem quer desbravar a natureza e conhecer as <strong>Trilhas e cachoeiras<\/strong>.<\/div>\n            <div class=\"pill-ant\"><span>\u2614 CHUVA ALTA<\/span><\/div>\n        <\/div>\n    <\/div>\n    <div class=\"ant-card\">\n        <div class=\"ant-header\">\n            <div class=\"ant-emoji\">\ud83c\udf42<\/div>\n            <div class=\"ant-titulo\">Outono<\/div>\n        <\/div>\n        <div class=\"ant-body\">\n            <div class=\"ant-mes\">Mar\u00e7o a Maio<\/div>\n            <div class=\"ant-temp\">13\u00b0C a 25\u00b0C<\/div>\n            <div class=\"ant-desc\">Transi\u00e7\u00e3o para a seca. Clima agrad\u00e1vel e perfeito para visitar <strong>Parques e mirantes<\/strong>.<\/div>\n            <div class=\"pill-ant\"><span>\ud83c\udf27\ufe0f CHUVA M\u00c9DIA<\/span><\/div>\n        <\/div>\n    <\/div>\n    <div class=\"ant-card ant-card-destaque\">\n        <div class=\"ant-header\">\n            <div class=\"ant-emoji\">\ud83e\udde3<\/div>\n            <div class=\"ant-titulo\">Inverno<\/div>\n        <\/div>\n        <div class=\"ant-body\">\n            <div class=\"ant-mes\">Junho a Agosto<\/div>\n            <div class=\"ant-temp\">8\u00b0C a 22\u00b0C<\/div>\n            <div class=\"ant-desc\">Tempo frio e seco. \u00c9 a Alta Temporada ideal para curtir as <strong>Termas e o Festival de Inverno<\/strong>.<\/div>\n            <div class=\"pill-ant\"><span>\u2b50 MELHOR \u00c9POCA<\/span><\/div>\n        <\/div>\n    <\/div>\n    <div class=\"ant-card\">\n        <div class=\"ant-header\">\n            <div class=\"ant-emoji\">\ud83d\udea0<\/div>\n            <div class=\"ant-titulo\">Primavera<\/div>\n        <\/div>\n        <div class=\"ant-body\">\n            <div class=\"ant-mes\">Setembro a Novembro<\/div>\n            <div class=\"ant-temp\">12\u00b0C a 26\u00b0C<\/div>\n            <div class=\"ant-desc\">As temperaturas voltam a subir. Excelente passeio panor\u00e2mico no <strong>Telef\u00e9rico e centro hist\u00f3rico<\/strong>.<\/div>\n            <div class=\"pill-ant\"><span>\ud83c\udf27\ufe0f CHUVA M\u00c9DIA<\/span><\/div>\n        <\/div>\n    <\/div>\n<\/div>\n\n\n\n<p><em>Temperaturas aproximadas com base no <a href=\"https:\/\/www.climatempo.com.br\/previsao-do-tempo\/cidade\/182\/pocosdecaldas-mg\" target=\"_blank\" rel=\"noreferrer noopener\"><strong>Climatempo<\/strong><\/a> de Po\u00e7os de Caldas. Condi\u00e7\u00f5es podem variar.<\/em><\/p>\n\n\n\n<h2 class=\"wp-block-heading\">Como chegar a Po\u00e7os de Caldas<\/h2>\n\n\n\n<p>De <strong>Belo Horizonte<\/strong>, s\u00e3o cerca de 470 km pela <strong>BR-381<\/strong>, com aproximadamente seis horas de viagem. De <strong>S\u00e3o Paulo<\/strong>, o trajeto \u00e9 mais curto, em torno de 250 km pela <strong>Rodovia dos Bandeirantes<\/strong> e <strong>Rodovia Anhanguera<\/strong>, com cerca de quatro horas.<\/p>\n\n\n\n<p>O munic\u00edpio tem aeroporto regional, e quem opta por voos comerciais costuma usar o <strong>Aeroporto Internacional de Viracopos<\/strong>, em <strong>Campinas<\/strong>, a 170 km. H\u00e1 \u00f4nibus interestaduais que conectam Po\u00e7os de Caldas a Belo Horizonte, S\u00e3o Paulo e Rio de Janeiro.<\/p>\n\n\n\n<h2 class=\"wp-block-heading\">V\u00e1 conhecer Po\u00e7os de Caldas<\/h2>\n\n\n\n<p>Poucas cidades no Brasil re\u00fanem caldeira vulc\u00e2nica, \u00e1guas sulfurosas a 45\u00b0C, ranking nacional de qualidade de vida e selo de uma associa\u00e7\u00e3o europeia de cidades termais no mesmo lugar. Po\u00e7os de Caldas entrega esse pacote em ritmo de serra, com pr\u00e9dios neocl\u00e1ssicos e clima ameno o ano inteiro.<\/p>\n\n\n\n<p>Voc\u00ea precisa subir at\u00e9 Po\u00e7os de Caldas e mergulhar nas Thermas Ant\u00f4nio Carlos para entender por que essa cidade do sul mineiro virou refer\u00eancia de bem-estar com chancela europeia.<\/p>\n","protected":false},"excerpt":{"rendered":"<p>A 470 km de&nbsp;Belo Horizonte, no sul de&nbsp;Minas Gerais,&nbsp;Po\u00e7os de Caldas&nbsp;\u00e9 a \u00fanica cidade do&nbsp;Brasil&nbsp;a integrar a Associa\u00e7\u00e3o Europeia de Cidades Termais Hist\u00f3ricas. O munic\u00edpio lidera o&nbsp;\u00cdndice Firjan de Desenvolvimento Municipal (IFDM)&nbsp;entre os mineiros, tem \u00e1guas sulfurosas a at\u00e9 45\u00b0C e foi constru\u00eddo dentro de uma caldeira vulc\u00e2nica extinta h\u00e1 cerca de 80 milh\u00f5es de [&hellip;]<\/p>\n","protected":false},"author":6,"featured_media":201954,"comment_status":"open","ping_status":"open","sticky":false,"template":"","format":"standard","meta":{"jnews-multi-image_gallery":[],"jnews_single_post":{"format":"standard"},"jnews_primary_category":[],"jnews_social_meta":[],"jnews_override_counter":[],"footnotes":""},"categories":[26],"tags":[183,207,1061],"class_list":["post-200523","post","type-post","status-publish","format-standard","has-post-thumbnail","hentry","category-cidades","tag-cidades","tag-minas-gerais","tag-pocos-de-caldas"],"yoast_head":"<!-- This site is optimized with the Yoast SEO plugin v23.8 - https:\/\/yoast.com\/wordpress\/plugins\/seo\/ -->\n<title>Eleita 1\u00ba lugar em qualidade de vida em Minas Gerais: a \u00fanica cidade do Brasil na rota termal europeia tem \u00e1guas sulfurosas a 45\u00b0C dentro de um vulc\u00e3o extinto - Estado de Minas - Em foco<\/title>\n<meta name=\"description\" content=\"Eleita o melhor lugar para viver em Minas, esta cidade \u00e9 a \u00fanica do pa\u00eds na rota termal europeia. Conhe\u00e7a suas \u00e1guas a 45\u00b0C e encante-se.\" \/>\n<meta name=\"robots\" content=\"index, follow, max-snippet:-1, max-image-preview:large, max-video-preview:-1\" \/>\n<link rel=\"canonical\" href=\"https:\/\/www.em.com.br\/emfoco\/2026\/04\/30\/eleita-1o-lugar-em-qualidade-de-vida-em-minas-gerais-a-unica-cidade-do-brasil-na-rota-termal-europeia-tem-aguas-sulfurosas-a-45c-dentro-de-um-vulcao-extinto\/\" \/>\n<meta property=\"og:locale\" content=\"pt_BR\" \/>\n<meta property=\"og:type\" content=\"article\" \/>\n<meta property=\"og:title\" content=\"Eleita 1\u00ba lugar em qualidade de vida em Minas Gerais: a \u00fanica cidade do Brasil na rota termal europeia tem \u00e1guas sulfurosas a 45\u00b0C dentro de um vulc\u00e3o extinto - Estado de Minas - Em foco\" \/>\n<meta property=\"og:description\" content=\"Eleita o melhor lugar para viver em Minas, esta cidade \u00e9 a \u00fanica do pa\u00eds na rota termal europeia. Conhe\u00e7a suas \u00e1guas a 45\u00b0C e encante-se.\" \/>\n<meta property=\"og:url\" content=\"https:\/\/www.em.com.br\/emfoco\/2026\/04\/30\/eleita-1o-lugar-em-qualidade-de-vida-em-minas-gerais-a-unica-cidade-do-brasil-na-rota-termal-europeia-tem-aguas-sulfurosas-a-45c-dentro-de-um-vulcao-extinto\/\" \/>\n<meta property=\"og:site_name\" content=\"Estado de Minas - Em foco\" \/>\n<meta property=\"article:published_time\" content=\"2026-04-30T13:35:00+00:00\" \/>\n<meta property=\"article:modified_time\" content=\"2026-04-30T12:35:09+00:00\" \/>\n<meta property=\"og:image\" content=\"https:\/\/www.em.com.br\/emfoco\/wp-content\/uploads\/2026\/04\/City_in_extinct_volcano_caldera_202604300934.jpg\" \/>\n\t<meta property=\"og:image:width\" content=\"1280\" \/>\n\t<meta property=\"og:image:height\" content=\"720\" \/>\n\t<meta property=\"og:image:type\" content=\"image\/jpeg\" \/>\n<meta name=\"author\" content=\"Vitor Bruno\" \/>\n<meta name=\"twitter:card\" content=\"summary_large_image\" \/>\n<meta name=\"twitter:label1\" content=\"Escrito por\" \/>\n\t<meta name=\"twitter:data1\" content=\"Vitor Bruno\" \/>\n\t<meta name=\"twitter:label2\" content=\"Est. tempo de leitura\" \/>\n\t<meta name=\"twitter:data2\" content=\"7 minutos\" \/>\n<!-- \/ Yoast SEO plugin. -->","yoast_head_json":{"title":"Eleita 1\u00ba lugar em qualidade de vida em Minas Gerais: a \u00fanica cidade do Brasil na rota termal europeia tem \u00e1guas sulfurosas a 45\u00b0C dentro de um vulc\u00e3o extinto - Estado de Minas - Em foco","description":"Eleita o melhor lugar para viver em Minas, esta cidade \u00e9 a \u00fanica do pa\u00eds na rota termal europeia. Conhe\u00e7a suas \u00e1guas a 45\u00b0C e encante-se.","robots":{"index":"index","follow":"follow","max-snippet":"max-snippet:-1","max-image-preview":"max-image-preview:large","max-video-preview":"max-video-preview:-1"},"canonical":"https:\/\/www.em.com.br\/emfoco\/2026\/04\/30\/eleita-1o-lugar-em-qualidade-de-vida-em-minas-gerais-a-unica-cidade-do-brasil-na-rota-termal-europeia-tem-aguas-sulfurosas-a-45c-dentro-de-um-vulcao-extinto\/","og_locale":"pt_BR","og_type":"article","og_title":"Eleita 1\u00ba lugar em qualidade de vida em Minas Gerais: a \u00fanica cidade do Brasil na rota termal europeia tem \u00e1guas sulfurosas a 45\u00b0C dentro de um vulc\u00e3o extinto - Estado de Minas - Em foco","og_description":"Eleita o melhor lugar para viver em Minas, esta cidade \u00e9 a \u00fanica do pa\u00eds na rota termal europeia. Conhe\u00e7a suas \u00e1guas a 45\u00b0C e encante-se.","og_url":"https:\/\/www.em.com.br\/emfoco\/2026\/04\/30\/eleita-1o-lugar-em-qualidade-de-vida-em-minas-gerais-a-unica-cidade-do-brasil-na-rota-termal-europeia-tem-aguas-sulfurosas-a-45c-dentro-de-um-vulcao-extinto\/","og_site_name":"Estado de Minas - Em foco","article_published_time":"2026-04-30T13:35:00+00:00","article_modified_time":"2026-04-30T12:35:09+00:00","og_image":[{"width":1280,"height":720,"url":"https:\/\/www.em.com.br\/emfoco\/wp-content\/uploads\/2026\/04\/City_in_extinct_volcano_caldera_202604300934.jpg","type":"image\/jpeg"}],"author":"Vitor Bruno","twitter_card":"summary_large_image","twitter_misc":{"Escrito por":"Vitor Bruno","Est. tempo de leitura":"7 minutos"},"schema":{"@context":"https:\/\/schema.org","@graph":[{"@type":"WebPage","@id":"https:\/\/www.em.com.br\/emfoco\/2026\/04\/30\/eleita-1o-lugar-em-qualidade-de-vida-em-minas-gerais-a-unica-cidade-do-brasil-na-rota-termal-europeia-tem-aguas-sulfurosas-a-45c-dentro-de-um-vulcao-extinto\/","url":"https:\/\/www.em.com.br\/emfoco\/2026\/04\/30\/eleita-1o-lugar-em-qualidade-de-vida-em-minas-gerais-a-unica-cidade-do-brasil-na-rota-termal-europeia-tem-aguas-sulfurosas-a-45c-dentro-de-um-vulcao-extinto\/","name":"Eleita 1\u00ba lugar em qualidade de vida em Minas Gerais: a \u00fanica cidade do Brasil na rota termal europeia tem \u00e1guas sulfurosas a 45\u00b0C dentro de um vulc\u00e3o extinto - Estado de Minas - Em foco","isPartOf":{"@id":"https:\/\/www.em.com.br\/emfoco\/#website"},"primaryImageOfPage":{"@id":"https:\/\/www.em.com.br\/emfoco\/2026\/04\/30\/eleita-1o-lugar-em-qualidade-de-vida-em-minas-gerais-a-unica-cidade-do-brasil-na-rota-termal-europeia-tem-aguas-sulfurosas-a-45c-dentro-de-um-vulcao-extinto\/#primaryimage"},"image":{"@id":"https:\/\/www.em.com.br\/emfoco\/2026\/04\/30\/eleita-1o-lugar-em-qualidade-de-vida-em-minas-gerais-a-unica-cidade-do-brasil-na-rota-termal-europeia-tem-aguas-sulfurosas-a-45c-dentro-de-um-vulcao-extinto\/#primaryimage"},"thumbnailUrl":"https:\/\/www.em.com.br\/emfoco\/wp-content\/uploads\/2026\/04\/City_in_extinct_volcano_caldera_202604300934.jpg","datePublished":"2026-04-30T13:35:00+00:00","dateModified":"2026-04-30T12:35:09+00:00","author":{"@id":"https:\/\/www.em.com.br\/emfoco\/#\/schema\/person\/364ac1852fafd00f1be20f0b8b237569"},"description":"Eleita o melhor lugar para viver em Minas, esta cidade \u00e9 a \u00fanica do pa\u00eds na rota termal europeia. Conhe\u00e7a suas \u00e1guas a 45\u00b0C e encante-se.","breadcrumb":{"@id":"https:\/\/www.em.com.br\/emfoco\/2026\/04\/30\/eleita-1o-lugar-em-qualidade-de-vida-em-minas-gerais-a-unica-cidade-do-brasil-na-rota-termal-europeia-tem-aguas-sulfurosas-a-45c-dentro-de-um-vulcao-extinto\/#breadcrumb"},"inLanguage":"pt-BR","potentialAction":[{"@type":"ReadAction","target":["https:\/\/www.em.com.br\/emfoco\/2026\/04\/30\/eleita-1o-lugar-em-qualidade-de-vida-em-minas-gerais-a-unica-cidade-do-brasil-na-rota-termal-europeia-tem-aguas-sulfurosas-a-45c-dentro-de-um-vulcao-extinto\/"]}]},{"@type":"ImageObject","inLanguage":"pt-BR","@id":"https:\/\/www.em.com.br\/emfoco\/2026\/04\/30\/eleita-1o-lugar-em-qualidade-de-vida-em-minas-gerais-a-unica-cidade-do-brasil-na-rota-termal-europeia-tem-aguas-sulfurosas-a-45c-dentro-de-um-vulcao-extinto\/#primaryimage","url":"https:\/\/www.em.com.br\/emfoco\/wp-content\/uploads\/2026\/04\/City_in_extinct_volcano_caldera_202604300934.jpg","contentUrl":"https:\/\/www.em.com.br\/emfoco\/wp-content\/uploads\/2026\/04\/City_in_extinct_volcano_caldera_202604300934.jpg","width":1280,"height":720,"caption":"Eleita 1\u00ba lugar em qualidade de vida em Minas Gerais: Po\u00e7os de Caldas \u00e9 a \u00fanica cidade do Brasil na rota termal europeia com \u00e1guas sulfurosas a 45\u00b0C dentro de um vulc\u00e3o extinto \/\/ IMAGEM ILUSTRATIVA"},{"@type":"BreadcrumbList","@id":"https:\/\/www.em.com.br\/emfoco\/2026\/04\/30\/eleita-1o-lugar-em-qualidade-de-vida-em-minas-gerais-a-unica-cidade-do-brasil-na-rota-termal-europeia-tem-aguas-sulfurosas-a-45c-dentro-de-um-vulcao-extinto\/#breadcrumb","itemListElement":[{"@type":"ListItem","position":1,"name":"In\u00edcio","item":"https:\/\/www.em.com.br\/emfoco\/"},{"@type":"ListItem","position":2,"name":"Eleita 1\u00ba lugar em qualidade de vida em Minas Gerais: a \u00fanica cidade do Brasil na rota termal europeia tem \u00e1guas sulfurosas a 45\u00b0C dentro de um vulc\u00e3o extinto"}]},{"@type":"WebSite","@id":"https:\/\/www.em.com.br\/emfoco\/#website","url":"https:\/\/www.em.com.br\/emfoco\/","name":"Estado de Minas - Em foco","description":"Acompanhe as \u00faltimas not\u00edcias e fique bem informado sobre tudo o que acontece em Minas Gerais, Brasil e no mundo.","potentialAction":[{"@type":"SearchAction","target":{"@type":"EntryPoint","urlTemplate":"https:\/\/www.em.com.br\/emfoco\/?s={search_term_string}"},"query-input":{"@type":"PropertyValueSpecification","valueRequired":true,"valueName":"search_term_string"}}],"inLanguage":"pt-BR"},{"@type":"Person","@id":"https:\/\/www.em.com.br\/emfoco\/#\/schema\/person\/364ac1852fafd00f1be20f0b8b237569","name":"Vitor Bruno","image":{"@type":"ImageObject","inLanguage":"pt-BR","@id":"https:\/\/www.em.com.br\/emfoco\/#\/schema\/person\/image\/","url":"https:\/\/secure.gravatar.com\/avatar\/b719e5cdede09f942064960883b5524d?s=96&d=mm&r=g","contentUrl":"https:\/\/secure.gravatar.com\/avatar\/b719e5cdede09f942064960883b5524d?s=96&d=mm&r=g","caption":"Vitor Bruno"},"sameAs":["https:\/\/www.em.com.br\/emfoco\/"],"url":"https:\/\/www.em.com.br\/emfoco\/author\/vitormyth\/"}]}},"_links":{"self":[{"href":"https:\/\/www.em.com.br\/emfoco\/wp-json\/wp\/v2\/posts\/200523","targetHints":{"allow":["GET"]}}],"collection":[{"href":"https:\/\/www.em.com.br\/emfoco\/wp-json\/wp\/v2\/posts"}],"about":[{"href":"https:\/\/www.em.com.br\/emfoco\/wp-json\/wp\/v2\/types\/post"}],"author":[{"embeddable":true,"href":"https:\/\/www.em.com.br\/emfoco\/wp-json\/wp\/v2\/users\/6"}],"replies":[{"embeddable":true,"href":"https:\/\/www.em.com.br\/emfoco\/wp-json\/wp\/v2\/comments?post=200523"}],"version-history":[{"count":8,"href":"https:\/\/www.em.com.br\/emfoco\/wp-json\/wp\/v2\/posts\/200523\/revisions"}],"predecessor-version":[{"id":201956,"href":"https:\/\/www.em.com.br\/emfoco\/wp-json\/wp\/v2\/posts\/200523\/revisions\/201956"}],"wp:featuredmedia":[{"embeddable":true,"href":"https:\/\/www.em.com.br\/emfoco\/wp-json\/wp\/v2\/media\/201954"}],"wp:attachment":[{"href":"https:\/\/www.em.com.br\/emfoco\/wp-json\/wp\/v2\/media?parent=200523"}],"wp:term":[{"taxonomy":"category","embeddable":true,"href":"https:\/\/www.em.com.br\/emfoco\/wp-json\/wp\/v2\/categories?post=200523"},{"taxonomy":"post_tag","embeddable":true,"href":"https:\/\/www.em.com.br\/emfoco\/wp-json\/wp\/v2\/tags?post=200523"}],"curies":[{"name":"wp","href":"https:\/\/api.w.org\/{rel}","templated":true}]}}