{"id":200522,"date":"2026-04-29T11:25:00","date_gmt":"2026-04-29T14:25:00","guid":{"rendered":"https:\/\/www.em.com.br\/emfoco\/?p=200522"},"modified":"2026-04-29T01:06:26","modified_gmt":"2026-04-29T04:06:26","slug":"o-vilarejo-a-1-000-metros-de-altitude-que-nasceu-do-garimpo-de-cristais-e-guarda-rochas-de-1-bilhao-de-anos-ao-lado-de-cachoeiras-de-aguas-cristalinas","status":"publish","type":"post","link":"https:\/\/www.em.com.br\/emfoco\/2026\/04\/29\/o-vilarejo-a-1-000-metros-de-altitude-que-nasceu-do-garimpo-de-cristais-e-guarda-rochas-de-1-bilhao-de-anos-ao-lado-de-cachoeiras-de-aguas-cristalinas\/","title":{"rendered":"O vilarejo a 1.000 metros de altitude que nasceu do garimpo de cristais e guarda rochas de 1 bilh\u00e3o de anos ao lado de cachoeiras de \u00e1guas cristalinas"},"content":{"rendered":"\n<p>Em 1951, depois da Segunda Guerra, a corrida por cristal de quartzo levou garimpeiros para o nordeste de <strong>Goi\u00e1s<\/strong> em busca de mat\u00e9ria-prima para equipamentos de radiocomunica\u00e7\u00e3o. Foi assim que nasceu a <strong>Vila de S\u00e3o Jorge<\/strong>, distrito de <strong>Alto Para\u00edso de Goi\u00e1s<\/strong>, hoje com cerca de 700 habitantes e portal do <strong>Parque Nacional da Chapada dos Veadeiros<\/strong>, declarado Patrim\u00f4nio Natural da Humanidade pela <strong>Organiza\u00e7\u00e3o das Na\u00e7\u00f5es Unidas para a Educa\u00e7\u00e3o, a Ci\u00eancia e a Cultura (UNESCO)<\/strong> em 2001.<\/p>\n\n\n\n<h2 class=\"wp-block-heading\">Da antiga Baixa ao apogeu do quartzo<\/h2>\n\n\n\n<p>O povoado se chamava simplesmente Baixa, por ficar abaixo de Alto Para\u00edso. Os garimpeiros descobriram veios enormes de quartzo nas serras ao redor e ergueram um arraial provis\u00f3rio, voltado quase s\u00f3 para o trabalho. Cristais sa\u00edam dali para <strong>Jap\u00e3o<\/strong> e <strong>Inglaterra<\/strong>, conforme registra o <a href=\"https:\/\/www.guiaaltoparaiso.com.br\/so-jorge\" target=\"_blank\" rel=\"noreferrer noopener\"><strong>Guia Alto Para\u00edso<\/strong><\/a>, em refer\u00eancias da Prefeitura Municipal.<\/p>\n\n\n\n<p>O ciclo durou pouco. Em 1956, o cristal sint\u00e9tico reduziu o pre\u00e7o do mineral natural no mercado internacional. Ao mesmo tempo, a constru\u00e7\u00e3o de <strong>Bras\u00edlia<\/strong> atra\u00eda m\u00e3o de obra com sal\u00e1rios competitivos, e a Baixa quase se esvaziou. Quem voltou anos depois encontrou a vila renomeada por um morador chamado Zequita, devoto que mandou trazer de <strong>S\u00e3o Paulo<\/strong> a imagem que ficou na capela. A festa de S\u00e3o Jorge \u00e9 celebrada at\u00e9 hoje em 23 de abril.<\/p>\n\n\n<div class=\"wp-block-image\">\n<figure class=\"aligncenter size-large\"><img loading=\"lazy\" decoding=\"async\" width=\"1024\" height=\"576\" src=\"https:\/\/www.em.com.br\/emfoco\/wp-content\/uploads\/2026\/03\/chapada-dos-veadeiros_1771759057746-1024x576.jpg\" alt=\"\" class=\"wp-image-178832\" srcset=\"https:\/\/www.em.com.br\/emfoco\/wp-content\/uploads\/2026\/03\/chapada-dos-veadeiros_1771759057746-1024x576.jpg 1024w, https:\/\/www.em.com.br\/emfoco\/wp-content\/uploads\/2026\/03\/chapada-dos-veadeiros_1771759057746-300x169.jpg 300w, https:\/\/www.em.com.br\/emfoco\/wp-content\/uploads\/2026\/03\/chapada-dos-veadeiros_1771759057746-768x432.jpg 768w, https:\/\/www.em.com.br\/emfoco\/wp-content\/uploads\/2026\/03\/chapada-dos-veadeiros_1771759057746-750x422.jpg 750w, https:\/\/www.em.com.br\/emfoco\/wp-content\/uploads\/2026\/03\/chapada-dos-veadeiros_1771759057746-1140x641.jpg 1140w, https:\/\/www.em.com.br\/emfoco\/wp-content\/uploads\/2026\/03\/chapada-dos-veadeiros_1771759057746.jpg 1280w\" sizes=\"auto, (max-width: 1024px) 100vw, 1024px\" \/><figcaption class=\"wp-element-caption\">Chapada dos Veadeiros oferece o privil\u00e9gio de caminhar por um dos solos mais antigos e m\u00edsticos da Terra \/\/ Cr\u00e9ditos: depositphotos.com \/ Elena Skalovskaia<\/figcaption><\/figure><\/div>\n\n\n<h2 class=\"wp-block-heading\">Por que UNESCO escolheu o Cerrado de altitude<\/h2>\n\n\n\n<p>O <a href=\"https:\/\/www4.icmbio.gov.br\/parnachapadadosveadeiros\/\" target=\"_blank\" rel=\"noreferrer noopener\"><strong>Parque Nacional da Chapada dos Veadeiros<\/strong><\/a>, vizinho da vila, foi criado em 1961 e protege hoje cerca de 240 mil hectares de Cerrado de altitude, depois de amplia\u00e7\u00f5es sucessivas em 2017. A \u00e1rea abriga rochas quartz\u00edticas com mais de um bilh\u00e3o de anos, entre as mais antigas do planeta, segundo o <a href=\"https:\/\/www.icmbio.gov.br\/parnachapadadosveadeiros\/15-uncategorised\/42-pesquisa-cientifica.html\" target=\"_blank\" rel=\"noreferrer noopener\">Instituto Chico Mendes de Conserva\u00e7\u00e3o da Biodiversidade (ICMBio)<\/a>.<\/p>\n\n\n\n<p>O t\u00edtulo da UNESCO foi concedido em 2001, em conjunto com o <strong>Parque Nacional das Emas<\/strong>, sob a designa\u00e7\u00e3o<strong> <a href=\"https:\/\/whc.unesco.org\/en\/list\/1035\/\" target=\"_blank\" rel=\"noreferrer noopener\">Cerrado Protected Areas<\/a><\/strong>. O parecer reconheceu o Cerrado como um dos ecossistemas tropicais mais antigos da Terra, com mais de 60% das esp\u00e9cies vegetais e quase 80% dos vertebrados do bioma representados nas duas \u00e1reas. A altitude m\u00e9dia de 1.400 metros explica boa parte das esp\u00e9cies end\u00eamicas e raras catalogadas ali.<\/p>\n\n\n<div class=\"wp-block-image\">\n<figure class=\"aligncenter size-large\"><img loading=\"lazy\" decoding=\"async\" width=\"1024\" height=\"576\" src=\"https:\/\/www.em.com.br\/emfoco\/wp-content\/uploads\/2026\/01\/Cachoeira_Capivara_-_Chapada_dos_Veadeiros_-_GO-1024x576.jpg\" alt=\"O parque nacional a 10 horas de BH com cristais de quartzo no ch\u00e3o e cachoeiras de 120 metros que s\u00e3o Patrim\u00f4nio da Humanidade\" class=\"wp-image-152110\" srcset=\"https:\/\/www.em.com.br\/emfoco\/wp-content\/uploads\/2026\/01\/Cachoeira_Capivara_-_Chapada_dos_Veadeiros_-_GO-1024x576.jpg 1024w, https:\/\/www.em.com.br\/emfoco\/wp-content\/uploads\/2026\/01\/Cachoeira_Capivara_-_Chapada_dos_Veadeiros_-_GO-300x169.jpg 300w, https:\/\/www.em.com.br\/emfoco\/wp-content\/uploads\/2026\/01\/Cachoeira_Capivara_-_Chapada_dos_Veadeiros_-_GO-768x432.jpg 768w, https:\/\/www.em.com.br\/emfoco\/wp-content\/uploads\/2026\/01\/Cachoeira_Capivara_-_Chapada_dos_Veadeiros_-_GO-750x422.jpg 750w, https:\/\/www.em.com.br\/emfoco\/wp-content\/uploads\/2026\/01\/Cachoeira_Capivara_-_Chapada_dos_Veadeiros_-_GO-1140x641.jpg 1140w, https:\/\/www.em.com.br\/emfoco\/wp-content\/uploads\/2026\/01\/Cachoeira_Capivara_-_Chapada_dos_Veadeiros_-_GO.jpg 1280w\" sizes=\"auto, (max-width: 1024px) 100vw, 1024px\" \/><figcaption class=\"wp-element-caption\">Chapada dos Veadeiros oferece experi\u00eancias sensoriais e natureza \/\/ Cr\u00e9ditos: Wikimedia Commons<\/figcaption><\/figure><\/div>\n\n\n<h2 class=\"wp-block-heading\">O vilarejo no encontro de dois vales<\/h2>\n\n\n\n<p>A geografia ajuda a entender por que <strong>S\u00e3o Jorge<\/strong> virou base preferida de quem busca trilha pesada. A vila fica entre o vale do <strong>Rio Preto<\/strong>, onde est\u00e3o os Saltos de 80 e 120 metros dentro do parque, e o vale do <strong>Rio S\u00e3o Miguel<\/strong>, que esculpiu o cen\u00e1rio lunar do <strong>Vale da Lua<\/strong> em rochas com mais de 600 milh\u00f5es de anos. A entrada da unidade de conserva\u00e7\u00e3o fica a poucos metros do centro.<\/p>\n\n\n\n<p>O tra\u00e7ado \u00e9 compacto, com ruas de terra e constru\u00e7\u00f5es simples que mant\u00eam o car\u00e1ter de antigo arraial de garimpo. <a href=\"https:\/\/www.goiasturismo.go.gov.br\/pt\/destinos\/sao-jorge\" target=\"_blank\" rel=\"noreferrer noopener\"><strong>Goi\u00e1s Turismo<\/strong><\/a> destaca que o povoado pode ser percorrido a p\u00e9 em poucas horas, mas pede ao menos quatro dias para conhecer os arredores. N\u00e3o h\u00e1 banco nem posto de gasolina; o ponto de apoio mais pr\u00f3ximo \u00e9 Alto Para\u00edso, a 36 km.<\/p>\n\n\n\n<p><strong>Leia tamb\u00e9m: <a href=\"https:\/\/www.em.com.br\/emfoco\/2026\/04\/28\/a-praia-selvagem-da-capital-acessivel-so-por-trilha-ou-barco-com-lagoa-mar-azul-e-zero-predio-a-vista-no-coracao-da-capital\/\" target=\"_blank\" rel=\"noreferrer noopener\">A praia selvagem da capital: acess\u00edvel s\u00f3 por trilha ou barco, com lagoa, mar azul e zero pr\u00e9dio \u00e0 vista no cora\u00e7\u00e3o da capital<\/a><\/strong><\/p>\n\n\n\n<h2 class=\"wp-block-heading\">O que ver entre trilhas e c\u00e2nions<\/h2>\n\n\n\n<p>As atra\u00e7\u00f5es se dividem entre o interior do parque, gerido pelo ICMBio, e propriedades particulares no entorno. Pelas regras atuais, v\u00e1rias trilhas dispensam guia obrigat\u00f3rio, mas algumas exigem condutor credenciado.<\/p>\n\n\n\n<ul class=\"wp-block-list has-medium-font-size\">\n<li><strong>Trilha dos Saltos<\/strong>: 11 km dentro do parque, leva ao Salto do <strong>Rio Preto<\/strong> de 120 metros e ao Salto de 80 metros, com banho permitido no segundo po\u00e7o.<\/li>\n\n\n\n<li><strong>Trilha dos C\u00e2nions e Cachoeira da Carioca<\/strong>: cerca de 11 km, passa por dois c\u00e2nions formados pelo Rio Preto e termina em piscinas naturais.<\/li>\n\n\n\n<li><strong>Vale da Lua<\/strong>: a 9 km da vila, forma\u00e7\u00f5es de granito esculpidas pela \u00e1gua h\u00e1 mais de 600 milh\u00f5es de anos no leito do <strong>Rio S\u00e3o Miguel<\/strong>.<\/li>\n\n\n\n<li><strong>Cachoeira do Segredo<\/strong>: 14 km do centro, queda de aproximadamente 100 metros ao fim de uma trilha longa de cerca de 16 km de ida e volta.<\/li>\n\n\n\n<li><strong>Cachoeiras Alm\u00e9cegas I e II<\/strong>: na Fazenda S\u00e3o Bento, com queda de 50 metros e po\u00e7o para banho, em trilha curta e f\u00e1cil.<\/li>\n\n\n\n<li><strong>Mirante da Janela e Cachoeira do Abismo<\/strong>: caminhada com vista panor\u00e2mica do c\u00e2nion do Rio Preto, propriedade particular com taxa de entrada.<\/li>\n<\/ul>\n\n\n\n<p>Quem planeja conhecer a&nbsp;<strong>Chapada dos Veadeiros<\/strong>, vai curtir esse v\u00eddeo especialmente selecionado do canal&nbsp;<strong>Rol\u00ea Fam\u00edlia<\/strong>, que conta com mais de&nbsp;<strong>288 mil<\/strong>&nbsp;inscritos, onde o apresentador mostra um top 25 com pre\u00e7os atualizados da regi\u00e3o:<\/p>\n\n\n\n<figure class=\"wp-block-embed is-type-video is-provider-youtube wp-block-embed-youtube wp-embed-aspect-16-9 wp-has-aspect-ratio\"><div class=\"wp-block-embed__wrapper\">\n<div class=\"jeg_video_container jeg_video_content\"><iframe loading=\"lazy\" title=\"TOP 25 CHAPADA DOS VEADEIROS (com PRE\u00c7OS)\" width=\"500\" height=\"281\" src=\"https:\/\/www.youtube.com\/embed\/Ii1RLUn0InQ?feature=oembed\" frameborder=\"0\" allow=\"accelerometer; autoplay; clipboard-write; encrypted-media; gyroscope; picture-in-picture; web-share\" referrerpolicy=\"strict-origin-when-cross-origin\" allowfullscreen><\/iframe><\/div>\n<\/div><\/figure>\n\n\n\n<h2 class=\"wp-block-heading\">Quando o clima ajuda mais a viagem<\/h2>\n\n\n\n<p>A <strong>Chapada dos Veadeiros<\/strong> tem duas esta\u00e7\u00f5es bem definidas. A chuva enche cachoeiras e deixa o Cerrado verde; a seca abre o c\u00e9u e facilita trilhas longas, mas aumenta o risco de queimadas.<\/p>\n\n\n\n<style>\n    .ant-grid { \n        --cor-primaria: #1a2a57;\n        --cor-secundaria: #1a2a57;\n        --cor-txt-secundaria: #ffffff; \n        display: grid; grid-template-columns: repeat(auto-fit, minmax(190px, 1fr)); gap: 15px; justify-content: center; padding: 10px;\n    }\n    .ant-card { \n        border: 5px solid var(--cor-primaria); border-top: 5px solid var(--cor-secundaria); \n        border-radius: 4px; background-color: var(--cor-primaria); background-clip: padding-box; \n        display: flex; flex-direction: column; overflow: hidden; cursor: pointer; \n        box-shadow: 0 6px 12px rgba(0,0,0, 0.2); transition: transform 0.2s ease, box-shadow 0.2s ease; \n        -webkit-tap-highlight-color: transparent; user-select: none; transform: translateZ(0);\n        animation: wmFadeIn 0.6s cubic-bezier(0.2, 0.8, 0.2, 1) backwards;\n    }\n    .ant-card:nth-child(1) { animation-delay: 0.1s; } .ant-card:nth-child(2) { animation-delay: 0.2s; }\n    .ant-card:nth-child(3) { animation-delay: 0.3s; } .ant-card:nth-child(4) { animation-delay: 0.4s; }\n    @keyframes wmFadeIn { from { opacity: 0; transform: translateY(30px); } to { opacity: 1; transform: translateY(0); } }\n    .ant-card:hover { transform: translateY(-5px); box-shadow: 0 15px 30px rgba(0,0,0, 0.3); }\n    .ant-card:active { transform: translateY(-1px) scale(0.97); box-shadow: 0 3px 6px rgba(0,0,0, 0.2); transition: transform 0.05s ease, box-shadow 0.05s ease; }\n    .ant-header { background: #f0f8f9; padding: 15px 10px; text-align: center; display: flex; flex-direction: column; align-items: center; justify-content: center; }\n    .ant-body { background: #ffffff; padding: 15px; display: flex; flex-direction: column; flex-grow: 1; align-items: center; }\n    .ant-card-destaque { box-shadow: 0 8px 16px rgba(0,0,0, 0.25); }\n    .ant-card-destaque:hover { box-shadow: 0 18px 36px rgba(0,0,0, 0.35); }\n    .ant-card-destaque .ant-header { background: var(--cor-secundaria); }\n    .ant-card-destaque .ant-header .ant-titulo { color: var(--cor-txt-secundaria) !important; } \n    .pill-ant { display: flex; white-space: normal; max-width: 100%; box-sizing: border-box; justify-content: center; align-items: center; text-align: center; background: #e0f4f6; color: var(--cor-primaria); font-size: 11px; font-weight: 900 !important; letter-spacing: 0.5px; padding: 8px 16px; border-radius: 4px; text-transform: uppercase; line-height: 1.4; box-shadow: 0 4px 8px rgba(0,0,0, 0.15); margin-top: auto; transition: transform 0.2s ease; }\n    .ant-card-destaque .pill-ant { background: var(--cor-primaria); color: var(--cor-txt-secundaria); } \n    .ant-card:hover .pill-ant { transform: scale(1.06); }\n    .pill-ant span { font-weight: 900 !important; color: inherit; } \n    .ant-emoji { font-size: 24px; line-height: 1; margin-bottom: 5px; }\n    .ant-titulo { color: var(--cor-primaria); font-size: 16px; text-transform: uppercase; margin-top: 5px; font-weight: bold; }\n    .ant-mes { font-size: 11px; font-weight: 800; color: var(--cor-primaria); text-transform: uppercase; margin-bottom: 5px; }\n    .ant-temp { font-size: 26px; font-weight: 900; color: var(--cor-primaria); margin-bottom: 10px; }\n    .ant-desc { font-size: 13px; color: #444; text-align: center; line-height: 1.5; margin-bottom: 15px; flex-grow: 1;}\n    .ant-desc strong { color: #111; }\n    @media (prefers-color-scheme: dark) {\n        .ant-card { border-color: #1b7a8c; background-color: #1b7a8c; box-shadow: 0 6px 12px rgba(0,0,0, 0.5); }\n        .ant-header { background: #1a1a1a; } .ant-body { background: #121212; }\n        .ant-card-destaque .ant-header { background: var(--cor-secundaria); }\n        .ant-card-destaque .ant-header .ant-titulo { color: var(--cor-txt-secundaria) !important; }\n        .ant-titulo { color: #5ce1f5; } .ant-mes { color: #8eeaf7; } .ant-temp { color: #5ce1f5; } .ant-desc { color: #cccccc; } .ant-desc strong { color: #ffffff; }\n        .pill-ant { background: #1a1a1a; color: #5ce1f5; box-shadow: 0 4px 8px rgba(0, 0, 0, 0.5); }\n        .ant-card-destaque .pill-ant { background: var(--cor-primaria); color: var(--cor-txt-secundaria); }\n    }\n<\/style>\n<div class=\"google-auto-ads-ignore ant-grid\" style=\"box-sizing: border-box; width: 100%; max-width: 980px; margin: 30px auto; font-family: 'Segoe UI', Roboto, Helvetica, Arial, sans-serif;\">\n    <div class=\"ant-card\">\n        <div class=\"ant-header\">\n            <div class=\"ant-emoji\">\ud83c\udf0a<\/div>\n            <div class=\"ant-titulo\">Ver\u00e3o<\/div>\n        <\/div>\n        <div class=\"ant-body\">\n            <div class=\"ant-mes\">Dezembro a Fevereiro<\/div>\n            <div class=\"ant-temp\">17\u00b0C a 28\u00b0C<\/div>\n            <div class=\"ant-desc\">Esta\u00e7\u00e3o chuvosa. A vantagem s\u00e3o as famosas <strong>Cachoeiras cheias<\/strong> e com fluxo potente de \u00e1gua.<\/div>\n            <div class=\"pill-ant\"><span>\u2614 CHUVA ALTA<\/span><\/div>\n        <\/div>\n    <\/div>\n    <div class=\"ant-card\">\n        <div class=\"ant-header\">\n            <div class=\"ant-emoji\">\ud83c\udf3f<\/div>\n            <div class=\"ant-titulo\">Outono<\/div>\n        <\/div>\n        <div class=\"ant-body\">\n            <div class=\"ant-mes\">Mar\u00e7o a Maio<\/div>\n            <div class=\"ant-temp\">15\u00b0C a 26\u00b0C<\/div>\n            <div class=\"ant-desc\">As \u00e1guas ainda est\u00e3o presentes. \u00d3timo clima para curtir as <strong>Trilhas com Cerrado verde<\/strong>.<\/div>\n            <div class=\"pill-ant\"><span>\ud83c\udf27\ufe0f CHUVA M\u00c9DIA<\/span><\/div>\n        <\/div>\n    <\/div>\n    <div class=\"ant-card ant-card-destaque\">\n        <div class=\"ant-header\">\n            <div class=\"ant-emoji\">\ud83e\udd7e<\/div>\n            <div class=\"ant-titulo\">Inverno<\/div>\n        <\/div>\n        <div class=\"ant-body\">\n            <div class=\"ant-mes\">Junho a Agosto<\/div>\n            <div class=\"ant-temp\">12\u00b0C a 25\u00b0C<\/div>\n            <div class=\"ant-desc\">Esta\u00e7\u00e3o seca e fria. \u00c9poca ideal e mais segura para fazer as <strong>Trilhas longas e ver o c\u00e9u limpo<\/strong>.<\/div>\n            <div class=\"pill-ant\"><span>\u2b50 MELHOR \u00c9POCA<\/span><\/div>\n        <\/div>\n    <\/div>\n    <div class=\"ant-card\">\n        <div class=\"ant-header\">\n            <div class=\"ant-emoji\">\ud83c\udf05<\/div>\n            <div class=\"ant-titulo\">Primavera<\/div>\n        <\/div>\n        <div class=\"ant-body\">\n            <div class=\"ant-mes\">Setembro a Novembro<\/div>\n            <div class=\"ant-temp\">16\u00b0C a 29\u00b0C<\/div>\n            <div class=\"ant-desc\">O calor volta forte e aumenta o risco de queimadas. \u00c9poca boa para ver o <strong>P\u00f4r do sol e mirantes<\/strong>.<\/div>\n            <div class=\"pill-ant\"><span>\ud83c\udf27\ufe0f CHUVA M\u00c9DIA<\/span><\/div>\n        <\/div>\n    <\/div>\n<\/div>\n\n\n\n<p><em>Temperaturas aproximadas com base no <a href=\"https:\/\/www.climatempo.com.br\/previsao-do-tempo\/cidade\/2622\/altoparaisodegoias-go\" target=\"_blank\" rel=\"noreferrer noopener\"><strong>Climatempo<\/strong><\/a> de Alto Para\u00edso de Goi\u00e1s. Condi\u00e7\u00f5es podem variar.<\/em><\/p>\n\n\n\n<h2 class=\"wp-block-heading\">Como chegar a S\u00e3o Jorge<\/h2>\n\n\n\n<p>O ponto de partida mais comum \u00e9 <strong>Bras\u00edlia<\/strong>, a 233 km de Alto Para\u00edso pelo aeroporto internacional. Da capital federal, o trajeto \u00e9 todo pavimentado pela <strong>BR-010<\/strong> e leva cerca de 3h50 at\u00e9 Alto Para\u00edso, segundo informa\u00e7\u00f5es compiladas pelo Goi\u00e1s Turismo.<\/p>\n\n\n\n<p>De Alto Para\u00edso at\u00e9 a vila s\u00e3o mais 36 km, percorridos pela <strong>GO-239<\/strong>, em estrada asfaltada. N\u00e3o h\u00e1 \u00f4nibus regular direto at\u00e9 S\u00e3o Jorge: quem chega de transporte p\u00fablico costuma desembarcar em Alto Para\u00edso e seguir de van, transfer ou t\u00e1xi.<\/p>\n\n\n\n<h2 class=\"wp-block-heading\">V\u00e1 conhecer S\u00e3o Jorge<\/h2>\n\n\n\n<p>Poucos lugares no Brasil re\u00fanem origem garimpeira, geologia de escala planet\u00e1ria e o t\u00edtulo de Patrim\u00f4nio da Humanidade em um mesmo cen\u00e1rio. <strong>S\u00e3o Jorge<\/strong> entrega tudo isso em uma vila pequena, de ruas de terra e c\u00e9u sem polui\u00e7\u00e3o luminosa.<\/p>\n\n\n\n<p>Voc\u00ea precisa subir a chapada e dormir em S\u00e3o Jorge para entender o ritmo de um lugar onde a noite mostra a Via L\u00e1ctea e o dia revela rochas mais velhas que qualquer floresta do planeta.<\/p>\n","protected":false},"excerpt":{"rendered":"<p>Em 1951, depois da Segunda Guerra, a corrida por cristal de quartzo levou garimpeiros para o nordeste de Goi\u00e1s em busca de mat\u00e9ria-prima para equipamentos de radiocomunica\u00e7\u00e3o. Foi assim que nasceu a Vila de S\u00e3o Jorge, distrito de Alto Para\u00edso de Goi\u00e1s, hoje com cerca de 700 habitantes e portal do Parque Nacional da Chapada [&hellip;]<\/p>\n","protected":false},"author":6,"featured_media":201156,"comment_status":"open","ping_status":"open","sticky":false,"template":"","format":"standard","meta":{"jnews-multi-image_gallery":[],"jnews_single_post":{"format":"standard"},"jnews_primary_category":[],"jnews_social_meta":[],"jnews_override_counter":[],"footnotes":""},"categories":[26],"tags":[28967,183,13657,26762],"class_list":["post-200522","post","type-post","status-publish","format-standard","has-post-thumbnail","hentry","category-cidades","tag-alto-paraiso-de-goias","tag-cidades","tag-goias-2","tag-vila-de-sao-jorge"],"yoast_head":"<!-- This site is optimized with the Yoast SEO plugin v23.8 - https:\/\/yoast.com\/wordpress\/plugins\/seo\/ -->\n<title>O vilarejo a 1.000 metros de altitude que nasceu do garimpo de cristais e guarda rochas de 1 bilh\u00e3o de anos ao lado de cachoeiras de \u00e1guas cristalinas - Estado de Minas - Em foco<\/title>\n<meta name=\"description\" content=\"Das minas de cristais para o turismo de natureza: veja por que este vilarejo com rochas bilion\u00e1rias \u00e9 um destino imperd\u00edvel. Confira.\" \/>\n<meta name=\"robots\" content=\"index, follow, max-snippet:-1, max-image-preview:large, max-video-preview:-1\" \/>\n<link rel=\"canonical\" href=\"https:\/\/www.em.com.br\/emfoco\/2026\/04\/29\/o-vilarejo-a-1-000-metros-de-altitude-que-nasceu-do-garimpo-de-cristais-e-guarda-rochas-de-1-bilhao-de-anos-ao-lado-de-cachoeiras-de-aguas-cristalinas\/\" \/>\n<meta property=\"og:locale\" content=\"pt_BR\" \/>\n<meta property=\"og:type\" content=\"article\" \/>\n<meta property=\"og:title\" content=\"O vilarejo a 1.000 metros de altitude que nasceu do garimpo de cristais e guarda rochas de 1 bilh\u00e3o de anos ao lado de cachoeiras de \u00e1guas cristalinas - Estado de Minas - Em foco\" \/>\n<meta property=\"og:description\" content=\"Das minas de cristais para o turismo de natureza: veja por que este vilarejo com rochas bilion\u00e1rias \u00e9 um destino imperd\u00edvel. Confira.\" \/>\n<meta property=\"og:url\" content=\"https:\/\/www.em.com.br\/emfoco\/2026\/04\/29\/o-vilarejo-a-1-000-metros-de-altitude-que-nasceu-do-garimpo-de-cristais-e-guarda-rochas-de-1-bilhao-de-anos-ao-lado-de-cachoeiras-de-aguas-cristalinas\/\" \/>\n<meta property=\"og:site_name\" content=\"Estado de Minas - Em foco\" \/>\n<meta property=\"article:published_time\" content=\"2026-04-29T14:25:00+00:00\" \/>\n<meta property=\"article:modified_time\" content=\"2026-04-29T04:06:26+00:00\" \/>\n<meta property=\"og:image\" content=\"https:\/\/www.em.com.br\/emfoco\/wp-content\/uploads\/2026\/04\/Highland_village_near_waterfalls_202604290105-scaled.jpg\" \/>\n\t<meta property=\"og:image:width\" content=\"2560\" \/>\n\t<meta property=\"og:image:height\" content=\"1440\" \/>\n\t<meta property=\"og:image:type\" content=\"image\/jpeg\" \/>\n<meta name=\"author\" content=\"Vitor Bruno\" \/>\n<meta name=\"twitter:card\" content=\"summary_large_image\" \/>\n<meta name=\"twitter:label1\" content=\"Escrito por\" \/>\n\t<meta name=\"twitter:data1\" content=\"Vitor Bruno\" \/>\n\t<meta name=\"twitter:label2\" content=\"Est. tempo de leitura\" \/>\n\t<meta name=\"twitter:data2\" content=\"7 minutos\" \/>\n<!-- \/ Yoast SEO plugin. -->","yoast_head_json":{"title":"O vilarejo a 1.000 metros de altitude que nasceu do garimpo de cristais e guarda rochas de 1 bilh\u00e3o de anos ao lado de cachoeiras de \u00e1guas cristalinas - Estado de Minas - Em foco","description":"Das minas de cristais para o turismo de natureza: veja por que este vilarejo com rochas bilion\u00e1rias \u00e9 um destino imperd\u00edvel. Confira.","robots":{"index":"index","follow":"follow","max-snippet":"max-snippet:-1","max-image-preview":"max-image-preview:large","max-video-preview":"max-video-preview:-1"},"canonical":"https:\/\/www.em.com.br\/emfoco\/2026\/04\/29\/o-vilarejo-a-1-000-metros-de-altitude-que-nasceu-do-garimpo-de-cristais-e-guarda-rochas-de-1-bilhao-de-anos-ao-lado-de-cachoeiras-de-aguas-cristalinas\/","og_locale":"pt_BR","og_type":"article","og_title":"O vilarejo a 1.000 metros de altitude que nasceu do garimpo de cristais e guarda rochas de 1 bilh\u00e3o de anos ao lado de cachoeiras de \u00e1guas cristalinas - Estado de Minas - Em foco","og_description":"Das minas de cristais para o turismo de natureza: veja por que este vilarejo com rochas bilion\u00e1rias \u00e9 um destino imperd\u00edvel. Confira.","og_url":"https:\/\/www.em.com.br\/emfoco\/2026\/04\/29\/o-vilarejo-a-1-000-metros-de-altitude-que-nasceu-do-garimpo-de-cristais-e-guarda-rochas-de-1-bilhao-de-anos-ao-lado-de-cachoeiras-de-aguas-cristalinas\/","og_site_name":"Estado de Minas - Em foco","article_published_time":"2026-04-29T14:25:00+00:00","article_modified_time":"2026-04-29T04:06:26+00:00","og_image":[{"width":2560,"height":1440,"url":"https:\/\/www.em.com.br\/emfoco\/wp-content\/uploads\/2026\/04\/Highland_village_near_waterfalls_202604290105-scaled.jpg","type":"image\/jpeg"}],"author":"Vitor Bruno","twitter_card":"summary_large_image","twitter_misc":{"Escrito por":"Vitor Bruno","Est. tempo de leitura":"7 minutos"},"schema":{"@context":"https:\/\/schema.org","@graph":[{"@type":"WebPage","@id":"https:\/\/www.em.com.br\/emfoco\/2026\/04\/29\/o-vilarejo-a-1-000-metros-de-altitude-que-nasceu-do-garimpo-de-cristais-e-guarda-rochas-de-1-bilhao-de-anos-ao-lado-de-cachoeiras-de-aguas-cristalinas\/","url":"https:\/\/www.em.com.br\/emfoco\/2026\/04\/29\/o-vilarejo-a-1-000-metros-de-altitude-que-nasceu-do-garimpo-de-cristais-e-guarda-rochas-de-1-bilhao-de-anos-ao-lado-de-cachoeiras-de-aguas-cristalinas\/","name":"O vilarejo a 1.000 metros de altitude que nasceu do garimpo de cristais e guarda rochas de 1 bilh\u00e3o de anos ao lado de cachoeiras de \u00e1guas cristalinas - Estado de Minas - Em foco","isPartOf":{"@id":"https:\/\/www.em.com.br\/emfoco\/#website"},"primaryImageOfPage":{"@id":"https:\/\/www.em.com.br\/emfoco\/2026\/04\/29\/o-vilarejo-a-1-000-metros-de-altitude-que-nasceu-do-garimpo-de-cristais-e-guarda-rochas-de-1-bilhao-de-anos-ao-lado-de-cachoeiras-de-aguas-cristalinas\/#primaryimage"},"image":{"@id":"https:\/\/www.em.com.br\/emfoco\/2026\/04\/29\/o-vilarejo-a-1-000-metros-de-altitude-que-nasceu-do-garimpo-de-cristais-e-guarda-rochas-de-1-bilhao-de-anos-ao-lado-de-cachoeiras-de-aguas-cristalinas\/#primaryimage"},"thumbnailUrl":"https:\/\/www.em.com.br\/emfoco\/wp-content\/uploads\/2026\/04\/Highland_village_near_waterfalls_202604290105-scaled.jpg","datePublished":"2026-04-29T14:25:00+00:00","dateModified":"2026-04-29T04:06:26+00:00","author":{"@id":"https:\/\/www.em.com.br\/emfoco\/#\/schema\/person\/364ac1852fafd00f1be20f0b8b237569"},"description":"Das minas de cristais para o turismo de natureza: veja por que este vilarejo com rochas bilion\u00e1rias \u00e9 um destino imperd\u00edvel. Confira.","breadcrumb":{"@id":"https:\/\/www.em.com.br\/emfoco\/2026\/04\/29\/o-vilarejo-a-1-000-metros-de-altitude-que-nasceu-do-garimpo-de-cristais-e-guarda-rochas-de-1-bilhao-de-anos-ao-lado-de-cachoeiras-de-aguas-cristalinas\/#breadcrumb"},"inLanguage":"pt-BR","potentialAction":[{"@type":"ReadAction","target":["https:\/\/www.em.com.br\/emfoco\/2026\/04\/29\/o-vilarejo-a-1-000-metros-de-altitude-que-nasceu-do-garimpo-de-cristais-e-guarda-rochas-de-1-bilhao-de-anos-ao-lado-de-cachoeiras-de-aguas-cristalinas\/"]}]},{"@type":"ImageObject","inLanguage":"pt-BR","@id":"https:\/\/www.em.com.br\/emfoco\/2026\/04\/29\/o-vilarejo-a-1-000-metros-de-altitude-que-nasceu-do-garimpo-de-cristais-e-guarda-rochas-de-1-bilhao-de-anos-ao-lado-de-cachoeiras-de-aguas-cristalinas\/#primaryimage","url":"https:\/\/www.em.com.br\/emfoco\/wp-content\/uploads\/2026\/04\/Highland_village_near_waterfalls_202604290105-scaled.jpg","contentUrl":"https:\/\/www.em.com.br\/emfoco\/wp-content\/uploads\/2026\/04\/Highland_village_near_waterfalls_202604290105-scaled.jpg","width":2560,"height":1440,"caption":"Vila de S\u00e3o Jorge \u00e9 a porta de entrada do Parque Nacional da Chapada dos Veadeiros (imagem ilustrativa)"},{"@type":"BreadcrumbList","@id":"https:\/\/www.em.com.br\/emfoco\/2026\/04\/29\/o-vilarejo-a-1-000-metros-de-altitude-que-nasceu-do-garimpo-de-cristais-e-guarda-rochas-de-1-bilhao-de-anos-ao-lado-de-cachoeiras-de-aguas-cristalinas\/#breadcrumb","itemListElement":[{"@type":"ListItem","position":1,"name":"In\u00edcio","item":"https:\/\/www.em.com.br\/emfoco\/"},{"@type":"ListItem","position":2,"name":"O vilarejo a 1.000 metros de altitude que nasceu do garimpo de cristais e guarda rochas de 1 bilh\u00e3o de anos ao lado de cachoeiras de \u00e1guas cristalinas"}]},{"@type":"WebSite","@id":"https:\/\/www.em.com.br\/emfoco\/#website","url":"https:\/\/www.em.com.br\/emfoco\/","name":"Estado de Minas - Em foco","description":"Acompanhe as \u00faltimas not\u00edcias e fique bem informado sobre tudo o que acontece em Minas Gerais, Brasil e no mundo.","potentialAction":[{"@type":"SearchAction","target":{"@type":"EntryPoint","urlTemplate":"https:\/\/www.em.com.br\/emfoco\/?s={search_term_string}"},"query-input":{"@type":"PropertyValueSpecification","valueRequired":true,"valueName":"search_term_string"}}],"inLanguage":"pt-BR"},{"@type":"Person","@id":"https:\/\/www.em.com.br\/emfoco\/#\/schema\/person\/364ac1852fafd00f1be20f0b8b237569","name":"Vitor Bruno","image":{"@type":"ImageObject","inLanguage":"pt-BR","@id":"https:\/\/www.em.com.br\/emfoco\/#\/schema\/person\/image\/","url":"https:\/\/secure.gravatar.com\/avatar\/b719e5cdede09f942064960883b5524d?s=96&d=mm&r=g","contentUrl":"https:\/\/secure.gravatar.com\/avatar\/b719e5cdede09f942064960883b5524d?s=96&d=mm&r=g","caption":"Vitor Bruno"},"sameAs":["https:\/\/www.em.com.br\/emfoco\/"],"url":"https:\/\/www.em.com.br\/emfoco\/author\/vitormyth\/"}]}},"_links":{"self":[{"href":"https:\/\/www.em.com.br\/emfoco\/wp-json\/wp\/v2\/posts\/200522","targetHints":{"allow":["GET"]}}],"collection":[{"href":"https:\/\/www.em.com.br\/emfoco\/wp-json\/wp\/v2\/posts"}],"about":[{"href":"https:\/\/www.em.com.br\/emfoco\/wp-json\/wp\/v2\/types\/post"}],"author":[{"embeddable":true,"href":"https:\/\/www.em.com.br\/emfoco\/wp-json\/wp\/v2\/users\/6"}],"replies":[{"embeddable":true,"href":"https:\/\/www.em.com.br\/emfoco\/wp-json\/wp\/v2\/comments?post=200522"}],"version-history":[{"count":7,"href":"https:\/\/www.em.com.br\/emfoco\/wp-json\/wp\/v2\/posts\/200522\/revisions"}],"predecessor-version":[{"id":201157,"href":"https:\/\/www.em.com.br\/emfoco\/wp-json\/wp\/v2\/posts\/200522\/revisions\/201157"}],"wp:featuredmedia":[{"embeddable":true,"href":"https:\/\/www.em.com.br\/emfoco\/wp-json\/wp\/v2\/media\/201156"}],"wp:attachment":[{"href":"https:\/\/www.em.com.br\/emfoco\/wp-json\/wp\/v2\/media?parent=200522"}],"wp:term":[{"taxonomy":"category","embeddable":true,"href":"https:\/\/www.em.com.br\/emfoco\/wp-json\/wp\/v2\/categories?post=200522"},{"taxonomy":"post_tag","embeddable":true,"href":"https:\/\/www.em.com.br\/emfoco\/wp-json\/wp\/v2\/tags?post=200522"}],"curies":[{"name":"wp","href":"https:\/\/api.w.org\/{rel}","templated":true}]}}