{"id":200521,"date":"2026-04-29T10:35:00","date_gmt":"2026-04-29T13:35:00","guid":{"rendered":"https:\/\/www.em.com.br\/emfoco\/?p=200521"},"modified":"2026-04-29T00:04:08","modified_gmt":"2026-04-29T03:04:08","slug":"a-250-km-da-capital-o-vilarejo-escondido-ao-lado-de-uma-maravilha-natural-reconhecida-mundialmente","status":"publish","type":"post","link":"https:\/\/www.em.com.br\/emfoco\/2026\/04\/29\/a-250-km-da-capital-o-vilarejo-escondido-ao-lado-de-uma-maravilha-natural-reconhecida-mundialmente\/","title":{"rendered":"A 250 km da capital, o vilarejo escondido ao lado de uma maravilha natural reconhecida mundialmente"},"content":{"rendered":"\n<p>O nome vem do tupi <em>aty<\/em>, gaivota, e ainda combina com o lugar. <strong>Atins<\/strong> \u00e9 um vilarejo de cerca de 1.500 habitantes na foz do <strong>Rio Pregui\u00e7as<\/strong>, distrito de <strong>Barreirinhas<\/strong> e a 250 km de <strong>S\u00e3o Lu\u00eds<\/strong>, no <strong>Maranh\u00e3o<\/strong>. Vizinho dos <strong>Len\u00e7\u00f3is Maranhenses<\/strong> a apenas 2,5 km, parque reconhecido como <a href=\"https:\/\/whc.unesco.org\/en\/list\/1611\" target=\"_blank\" rel=\"noreferrer noopener\">Patrim\u00f4nio Mundial Natural pela <strong>Organiza\u00e7\u00e3o das Na\u00e7\u00f5es Unidas para a Educa\u00e7\u00e3o, a Ci\u00eancia e a Cultura (UNESCO)<\/strong><\/a> em 2024.<\/p>\n\n\n\n<h2 class=\"wp-block-heading\">Por que Atins virou refer\u00eancia mundial do kitesurf<\/h2>\n\n\n\n<p>O vilarejo se tornou conhecido bem antes do boom tur\u00edstico, quando velejadores estrangeiros descobriram um lugar com vento forte, \u00e1gua rasa e quase nenhuma estrutura. Hoje a vila aparece em listas internacionais ao lado de <strong>Cumbuco<\/strong> e <strong>Jericoacoara<\/strong> como um dos melhores spots de kite do pa\u00eds.<\/p>\n\n\n\n<p>A explica\u00e7\u00e3o \u00e9 geogr\u00e1fica: a foz do Pregui\u00e7as cria um banco de areia que protege a praia, formando uma laguna salgada de \u00e1gua plana. A temporada vai de junho a janeiro, com ventos constantes entre 15 e 25 n\u00f3s. O vilarejo \u00e9 citado pelo <a href=\"https:\/\/www.redbull.com\/br-pt\/melhores-lugares-brasil-para-kitesurf\" target=\"_blank\" rel=\"noreferrer noopener\"><strong>Red Bull<\/strong><\/a> como pico ideal para o esporte, e a hexacampe\u00e3 mundial <strong>Mikaili Sol<\/strong> esteve em Atins em 2020 refor\u00e7ando esse roteiro.<\/p>\n\n\n<div class=\"wp-block-image\">\n<figure class=\"aligncenter size-large\"><img loading=\"lazy\" decoding=\"async\" width=\"1024\" height=\"576\" src=\"https:\/\/www.em.com.br\/emfoco\/wp-content\/uploads\/2025\/12\/Maranhenses_1761278583126-1024x576.jpg\" alt=\"Ruas de areia e pipas no c\u00e9u: o vilarejo de pescadores ao lado de uma das principais maravilhas do planeta\" class=\"wp-image-140506\" srcset=\"https:\/\/www.em.com.br\/emfoco\/wp-content\/uploads\/2025\/12\/Maranhenses_1761278583126-1024x576.jpg 1024w, https:\/\/www.em.com.br\/emfoco\/wp-content\/uploads\/2025\/12\/Maranhenses_1761278583126-300x169.jpg 300w, https:\/\/www.em.com.br\/emfoco\/wp-content\/uploads\/2025\/12\/Maranhenses_1761278583126-768x432.jpg 768w, https:\/\/www.em.com.br\/emfoco\/wp-content\/uploads\/2025\/12\/Maranhenses_1761278583126-750x422.jpg 750w, https:\/\/www.em.com.br\/emfoco\/wp-content\/uploads\/2025\/12\/Maranhenses_1761278583126-1140x641.jpg 1140w, https:\/\/www.em.com.br\/emfoco\/wp-content\/uploads\/2025\/12\/Maranhenses_1761278583126.jpg 1280w\" sizes=\"auto, (max-width: 1024px) 100vw, 1024px\" \/><figcaption class=\"wp-element-caption\">As lagoas e dunas dos Len\u00e7\u00f3is Maranhenses fazem dessa cidade um destino inesquec\u00edvel \/\/ Cr\u00e9ditos: depositphotos.com \/ Cristian_Lourenco<\/figcaption><\/figure><\/div>\n\n\n<h2 class=\"wp-block-heading\">O reconhecimento que mudou o mapa do turismo<\/h2>\n\n\n\n<p>O <strong>Parque Nacional dos Len\u00e7\u00f3is Maranhenses<\/strong>, vizinho de Atins, foi declarado Patrim\u00f4nio Mundial Natural pela UNESCO em julho de 2024, durante a sess\u00e3o do Comit\u00ea do Patrim\u00f4nio Mundial em Nova D\u00e9lhi. O parque tem 156.562 hectares e 80 km de costa, e abriga at\u00e9 36.000 lagoas no auge da cheia.<\/p>\n\n\n\n<p>O efeito apareceu r\u00e1pido nos n\u00fameros. Segundo a <a href=\"https:\/\/vmlencois.com.br\/recorde-de-visitantes-em-2025\/\" target=\"_blank\" rel=\"noreferrer noopener\">Secretaria de Estado do Turismo do Maranh\u00e3o<\/a>, o parque recebeu 656.388 visitantes em 2025, um salto de 41% sobre 2024. O <a href=\"https:\/\/www.icmbio.gov.br\/parnalencoismaranhenses\/guia-do-visitante\" target=\"_blank\" rel=\"noreferrer noopener\"><strong>Instituto Chico Mendes de Conserva\u00e7\u00e3o da Biodiversidade (ICMBio)<\/strong><\/a>, que administra a unidade, j\u00e1 estuda um n\u00famero balizador para limitar entradas e proteger o ecossistema.<\/p>\n\n\n<div class=\"wp-block-image\">\n<figure class=\"aligncenter size-large\"><img loading=\"lazy\" decoding=\"async\" width=\"1024\" height=\"576\" src=\"https:\/\/www.em.com.br\/emfoco\/wp-content\/uploads\/2025\/12\/Lencois-Maranhenses_1757703213582-1024x576.jpg\" alt=\"\" class=\"wp-image-140501\" srcset=\"https:\/\/www.em.com.br\/emfoco\/wp-content\/uploads\/2025\/12\/Lencois-Maranhenses_1757703213582-1024x576.jpg 1024w, https:\/\/www.em.com.br\/emfoco\/wp-content\/uploads\/2025\/12\/Lencois-Maranhenses_1757703213582-300x169.jpg 300w, https:\/\/www.em.com.br\/emfoco\/wp-content\/uploads\/2025\/12\/Lencois-Maranhenses_1757703213582-768x432.jpg 768w, https:\/\/www.em.com.br\/emfoco\/wp-content\/uploads\/2025\/12\/Lencois-Maranhenses_1757703213582-750x422.jpg 750w, https:\/\/www.em.com.br\/emfoco\/wp-content\/uploads\/2025\/12\/Lencois-Maranhenses_1757703213582-1140x642.jpg 1140w, https:\/\/www.em.com.br\/emfoco\/wp-content\/uploads\/2025\/12\/Lencois-Maranhenses_1757703213582.jpg 1279w\" sizes=\"auto, (max-width: 1024px) 100vw, 1024px\" \/><figcaption class=\"wp-element-caption\">As paisagens dos Len\u00e7\u00f3is Maranhenses parecem irreais, atraindo turistas em busca de aventura e contempla\u00e7\u00e3o \/\/ Cr\u00e9ditos: depositphotos.com \/ bermed2009.hotmail.com<\/figcaption><\/figure><\/div>\n\n\n<p><strong>Leia tamb\u00e9m: <a href=\"https:\/\/www.em.com.br\/emfoco\/2026\/04\/28\/a-praia-selvagem-da-capital-acessivel-so-por-trilha-ou-barco-com-lagoa-mar-azul-e-zero-predio-a-vista-no-coracao-da-capital\/\" target=\"_blank\" rel=\"noreferrer noopener\">A praia selvagem da capital: acess\u00edvel s\u00f3 por trilha ou barco, com lagoa, mar azul e zero pr\u00e9dio \u00e0 vista no cora\u00e7\u00e3o da capital<\/a><\/strong><\/p>\n\n\n\n<h2 class=\"wp-block-heading\">O que fazer em Atins?<\/h2>\n\n\n\n<p>Os passeios mais procurados saem do centrinho e levam at\u00e9 as lagoas, \u00e0 foz e ao Canto de Atins. Vale lembrar que apenas ve\u00edculos credenciados pelo ICMBio podem circular dentro do parque, e que toda visita exige guia.<\/p>\n\n\n\n<ul class=\"wp-block-list has-medium-font-size\">\n<li><strong>Canto de Atins<\/strong>: extremidade do vilarejo, a cerca de uma hora do centrinho, onde rio, mar e dunas se encontram. Pode ser feito de 4&#215;4, quadriciclo ou cavalgada.<\/li>\n\n\n\n<li><strong>Lagoa Tropical e Lagoa da Esperan\u00e7a<\/strong>: principais paradas dentro do <a href=\"https:\/\/www.icmbio.gov.br\/parnalencoismaranhenses\/guia-do-visitante\" target=\"_blank\" rel=\"noreferrer noopener\"><strong>Parque Nacional<\/strong><\/a>, com o circuito da Ponta do Mangue.<\/li>\n\n\n\n<li><strong>Foz do Rio Pregui\u00e7as<\/strong>: ponto preferido dos kitesurfistas avan\u00e7ados, com \u00e1gua plana e ventos limpos.<\/li>\n\n\n\n<li><strong>Praia de Atins<\/strong>: na mar\u00e9 baixa, bancos de areia formam piscinas naturais entre o mar e a vila.<\/li>\n\n\n\n<li><strong>Revoada dos Guar\u00e1s<\/strong>: passeio de barco no fim de tarde para ver o voo das aves vermelhas que d\u00e3o nome ao manguezal.<\/li>\n<\/ul>\n\n\n\n<p>Quem busca um ref\u00fagio incr\u00edvel, vai curtir esse v\u00eddeo especialmente selecionado do canal <strong>Hugo Corelli<\/strong>, que conta com mais de <strong>120 mil<\/strong> visualiza\u00e7\u00f5es, onde <strong>Hugo<\/strong> mostra as belezas de <strong>Atins<\/strong>:<\/p>\n\n\n\n<figure class=\"wp-block-embed is-type-video is-provider-youtube wp-block-embed-youtube wp-embed-aspect-16-9 wp-has-aspect-ratio\"><div class=\"wp-block-embed__wrapper\">\n<div class=\"jeg_video_container jeg_video_content\"><iframe loading=\"lazy\" title=\"Atins - Descobrimos uma Vila Escondida nas Dunas dos Len\u00e7\u00f3is Maranhenses\" width=\"500\" height=\"281\" src=\"https:\/\/www.youtube.com\/embed\/-ZgKGAuPCS8?feature=oembed\" frameborder=\"0\" allow=\"accelerometer; autoplay; clipboard-write; encrypted-media; gyroscope; picture-in-picture; web-share\" referrerpolicy=\"strict-origin-when-cross-origin\" allowfullscreen><\/iframe><\/div>\n<\/div><\/figure>\n\n\n\n<h2 class=\"wp-block-heading\">Quando o clima ajuda mais a viagem<\/h2>\n\n\n\n<p>O melhor per\u00edodo para ver as lagoas cheias vai de maio a setembro, segundo o <a href=\"https:\/\/www.icmbio.gov.br\/parnalencoismaranhenses\/guia-do-visitante\" target=\"_blank\" rel=\"noreferrer noopener\"><strong>guia oficial do ICMBio<\/strong><\/a>. Atins funciona o ano todo, mas o cen\u00e1rio muda conforme a chuva acumulada.<\/p>\n\n\n\n<style>\n    .ant-grid { \n        --cor-primaria: #1a2a57;\n        --cor-secundaria: #1a2a57;\n        --cor-txt-secundaria: #ffffff; \n        display: grid; grid-template-columns: repeat(auto-fit, minmax(190px, 1fr)); gap: 15px; justify-content: center; padding: 10px;\n    }\n    .ant-card { \n        border: 5px solid var(--cor-primaria); border-top: 5px solid var(--cor-secundaria); \n        border-radius: 4px; background-color: var(--cor-primaria); background-clip: padding-box; \n        display: flex; flex-direction: column; overflow: hidden; cursor: pointer; \n        box-shadow: 0 6px 12px rgba(0,0,0, 0.2); transition: transform 0.2s ease, box-shadow 0.2s ease; \n        -webkit-tap-highlight-color: transparent; user-select: none; transform: translateZ(0);\n        animation: wmFadeIn 0.6s cubic-bezier(0.2, 0.8, 0.2, 1) backwards;\n    }\n    .ant-card:nth-child(1) { animation-delay: 0.1s; } .ant-card:nth-child(2) { animation-delay: 0.2s; }\n    .ant-card:nth-child(3) { animation-delay: 0.3s; } .ant-card:nth-child(4) { animation-delay: 0.4s; }\n    @keyframes wmFadeIn { from { opacity: 0; transform: translateY(30px); } to { opacity: 1; transform: translateY(0); } }\n    .ant-card:hover { transform: translateY(-5px); box-shadow: 0 15px 30px rgba(0,0,0, 0.3); }\n    .ant-card:active { transform: translateY(-1px) scale(0.97); box-shadow: 0 3px 6px rgba(0,0,0, 0.2); transition: transform 0.05s ease, box-shadow 0.05s ease; }\n    .ant-header { background: #f0f8f9; padding: 15px 10px; text-align: center; display: flex; flex-direction: column; align-items: center; justify-content: center; }\n    .ant-body { background: #ffffff; padding: 15px; display: flex; flex-direction: column; flex-grow: 1; align-items: center; }\n    .ant-card-destaque { box-shadow: 0 8px 16px rgba(0,0,0, 0.25); }\n    .ant-card-destaque:hover { box-shadow: 0 18px 36px rgba(0,0,0, 0.35); }\n    .ant-card-destaque .ant-header { background: var(--cor-secundaria); }\n    .ant-card-destaque .ant-header .ant-titulo { color: var(--cor-txt-secundaria) !important; } \n    .pill-ant { display: flex; white-space: normal; max-width: 100%; box-sizing: border-box; justify-content: center; align-items: center; text-align: center; background: #e0f4f6; color: var(--cor-primaria); font-size: 11px; font-weight: 900 !important; letter-spacing: 0.5px; padding: 8px 16px; border-radius: 4px; text-transform: uppercase; line-height: 1.4; box-shadow: 0 4px 8px rgba(0,0,0, 0.15); margin-top: auto; transition: transform 0.2s ease; }\n    .ant-card-destaque .pill-ant { background: var(--cor-primaria); color: var(--cor-txt-secundaria); } \n    .ant-card:hover .pill-ant { transform: scale(1.06); }\n    .pill-ant span { font-weight: 900 !important; color: inherit; } \n    .ant-emoji { font-size: 24px; line-height: 1; margin-bottom: 5px; }\n    .ant-titulo { color: var(--cor-primaria); font-size: 16px; text-transform: uppercase; margin-top: 5px; font-weight: bold; }\n    .ant-mes { font-size: 11px; font-weight: 800; color: var(--cor-primaria); text-transform: uppercase; margin-bottom: 5px; }\n    .ant-temp { font-size: 26px; font-weight: 900; color: var(--cor-primaria); margin-bottom: 10px; }\n    .ant-desc { font-size: 13px; color: #444; text-align: center; line-height: 1.5; margin-bottom: 15px; flex-grow: 1;}\n    .ant-desc strong { color: #111; }\n    @media (prefers-color-scheme: dark) {\n        .ant-card { border-color: #1b7a8c; background-color: #1b7a8c; box-shadow: 0 6px 12px rgba(0,0,0, 0.5); }\n        .ant-header { background: #1a1a1a; } .ant-body { background: #121212; }\n        .ant-card-destaque .ant-header { background: var(--cor-secundaria); }\n        .ant-card-destaque .ant-header .ant-titulo { color: var(--cor-txt-secundaria) !important; }\n        .ant-titulo { color: #5ce1f5; } .ant-mes { color: #8eeaf7; } .ant-temp { color: #5ce1f5; } .ant-desc { color: #cccccc; } .ant-desc strong { color: #ffffff; }\n        .pill-ant { background: #1a1a1a; color: #5ce1f5; box-shadow: 0 4px 8px rgba(0, 0, 0, 0.5); }\n        .ant-card-destaque .pill-ant { background: var(--cor-primaria); color: var(--cor-txt-secundaria); }\n    }\n<\/style>\n<div class=\"google-auto-ads-ignore ant-grid\" style=\"box-sizing: border-box; width: 100%; max-width: 980px; margin: 30px auto; font-family: 'Segoe UI', Roboto, Helvetica, Arial, sans-serif;\">\n    <div class=\"ant-card\">\n        <div class=\"ant-header\">\n            <div class=\"ant-emoji\">\ud83c\udfc4<\/div>\n            <div class=\"ant-titulo\">Ver\u00e3o<\/div>\n        <\/div>\n        <div class=\"ant-body\">\n            <div class=\"ant-mes\">Dezembro a Fevereiro<\/div>\n            <div class=\"ant-temp\">25\u00b0C a 32\u00b0C<\/div>\n            <div class=\"ant-desc\">A vila funciona, mas a chuva domina. O momento \u00e9 focado totalmente em curtir muito o <strong>Kitesurf e praia<\/strong>.<\/div>\n            <div class=\"pill-ant\"><span>\u2614 CHUVA ALTA<\/span><\/div>\n        <\/div>\n    <\/div>\n    <div class=\"ant-card\">\n        <div class=\"ant-header\">\n            <div class=\"ant-emoji\">\ud83c\udf27\ufe0f<\/div>\n            <div class=\"ant-titulo\">Outono<\/div>\n        <\/div>\n        <div class=\"ant-body\">\n            <div class=\"ant-mes\">Mar\u00e7o a Maio<\/div>\n            <div class=\"ant-temp\">25\u00b0C a 32\u00b0C<\/div>\n            <div class=\"ant-desc\">O volume de \u00e1gua atinge o \u00e1pice e o cen\u00e1rio muda com as <strong>Lagoas come\u00e7ando a encher<\/strong>.<\/div>\n            <div class=\"pill-ant\"><span>\u2614 CHUVA ALTA<\/span><\/div>\n        <\/div>\n    <\/div>\n    <div class=\"ant-card ant-card-destaque\">\n        <div class=\"ant-header\">\n            <div class=\"ant-emoji\">\u2600\ufe0f<\/div>\n            <div class=\"ant-titulo\">Inverno<\/div>\n        <\/div>\n        <div class=\"ant-body\">\n            <div class=\"ant-mes\">Junho a Agosto<\/div>\n            <div class=\"ant-temp\">23\u00b0C a 31\u00b0C<\/div>\n            <div class=\"ant-desc\">O clima ajuda! As \u00e1guas est\u00e3o no n\u00edvel m\u00e1ximo e formam o cen\u00e1rio perfeito das <strong>Lagoas no auge e travessias<\/strong>.<\/div>\n            <div class=\"pill-ant\"><span>\u2b50 MELHOR \u00c9POCA<\/span><\/div>\n        <\/div>\n    <\/div>\n    <div class=\"ant-card\">\n        <div class=\"ant-header\">\n            <div class=\"ant-emoji\">\ud83c\udf2c\ufe0f<\/div>\n            <div class=\"ant-titulo\">Primavera<\/div>\n        <\/div>\n        <div class=\"ant-body\">\n            <div class=\"ant-mes\">Setembro a Novembro<\/div>\n            <div class=\"ant-temp\">25\u00b0C a 33\u00b0C<\/div>\n            <div class=\"ant-desc\">A chuva reduz e o vento forte chega. \u00c9 a melhor janela para <strong>Kite com lagoas ainda visit\u00e1veis<\/strong>.<\/div>\n            <div class=\"pill-ant\"><span>\u2600\ufe0f CHUVA BAIXA<\/span><\/div>\n        <\/div>\n    <\/div>\n<\/div>\n\n\n\n<p><em>Temperaturas aproximadas com base no <a href=\"https:\/\/www.climatempo.com.br\/previsao-do-tempo\/cidade\/1037\/barreirinhas-ma\" target=\"_blank\" rel=\"noreferrer noopener\"><strong>Climatempo<\/strong><\/a> de Barreirinhas. Condi\u00e7\u00f5es podem variar.<\/em><\/p>\n\n\n\n<h2 class=\"wp-block-heading\">Como chegar at\u00e9 Atins<\/h2>\n\n\n\n<p>O ponto de partida \u00e9 S\u00e3o Lu\u00eds, capital do Maranh\u00e3o, que tem o aeroporto Marechal Cunha Machado. De l\u00e1 s\u00e3o cerca de 250 km at\u00e9 Barreirinhas, percorridos em transfer ou \u00f4nibus em aproximadamente quatro horas.<\/p>\n\n\n\n<p>De Barreirinhas at\u00e9 Atins, a op\u00e7\u00e3o mais r\u00e1pida \u00e9 a lancha pelo Rio Pregui\u00e7as, com cerca de uma hora de viagem. Quem prefere terra firme vai de 4&#215;4 por trilhas de areia, em um trajeto de aproximadamente 30 km. O acesso \u00e9 exclusivo a ve\u00edculos com tra\u00e7\u00e3o, o que ajuda a preservar o ritmo tranquilo da vila.<\/p>\n\n\n\n<h2 class=\"wp-block-heading\">V\u00e1 conhecer Atins<\/h2>\n\n\n\n<p>Poucos lugares no Brasil re\u00fanem foz de rio, dunas brancas, mar e o sil\u00eancio de uma vila de ruas de areia a poucos quil\u00f4metros de uma maravilha reconhecida pela UNESCO. Atins entrega tudo isso em escala humana, com passeios p\u00e9 na areia e horizonte que parece infinito.<\/p>\n\n\n\n<p>Voc\u00ea precisa ir at\u00e9 Atins e sentir o que \u00e9 cruzar uma rua de areia com pipas riscando o c\u00e9u, na soleira de um dos cen\u00e1rios mais raros do planeta.<\/p>\n","protected":false},"excerpt":{"rendered":"<p>O nome vem do tupi aty, gaivota, e ainda combina com o lugar. Atins \u00e9 um vilarejo de cerca de 1.500 habitantes na foz do Rio Pregui\u00e7as, distrito de Barreirinhas e a 250 km de S\u00e3o Lu\u00eds, no Maranh\u00e3o. Vizinho dos Len\u00e7\u00f3is Maranhenses a apenas 2,5 km, parque reconhecido como Patrim\u00f4nio Mundial Natural pela Organiza\u00e7\u00e3o [&hellip;]<\/p>\n","protected":false},"author":6,"featured_media":201082,"comment_status":"open","ping_status":"open","sticky":false,"template":"","format":"standard","meta":{"jnews-multi-image_gallery":[],"jnews_single_post":{"format":"standard"},"jnews_primary_category":[],"jnews_social_meta":[],"jnews_override_counter":[],"footnotes":""},"categories":[26],"tags":[26539,183,2228,2230],"class_list":["post-200521","post","type-post","status-publish","format-standard","has-post-thumbnail","hentry","category-cidades","tag-atins","tag-cidades","tag-lencois-maranhenses","tag-maranhao"],"yoast_head":"<!-- This site is optimized with the Yoast SEO plugin v23.8 - https:\/\/yoast.com\/wordpress\/plugins\/seo\/ -->\n<title>A 250 km da capital, o vilarejo escondido ao lado de uma maravilha natural reconhecida mundialmente - Estado de Minas - Em foco<\/title>\n<meta name=\"description\" content=\"Conhe\u00e7a o vilarejo vizinho a uma maravilha natural mundial. A apenas 250 km da capital, um destino focado em tranquilidade e aventura.\" \/>\n<meta name=\"robots\" content=\"index, follow, max-snippet:-1, max-image-preview:large, max-video-preview:-1\" \/>\n<link rel=\"canonical\" href=\"https:\/\/www.em.com.br\/emfoco\/2026\/04\/29\/a-250-km-da-capital-o-vilarejo-escondido-ao-lado-de-uma-maravilha-natural-reconhecida-mundialmente\/\" \/>\n<meta property=\"og:locale\" content=\"pt_BR\" \/>\n<meta property=\"og:type\" content=\"article\" \/>\n<meta property=\"og:title\" content=\"A 250 km da capital, o vilarejo escondido ao lado de uma maravilha natural reconhecida mundialmente - Estado de Minas - Em foco\" \/>\n<meta property=\"og:description\" content=\"Conhe\u00e7a o vilarejo vizinho a uma maravilha natural mundial. A apenas 250 km da capital, um destino focado em tranquilidade e aventura.\" \/>\n<meta property=\"og:url\" content=\"https:\/\/www.em.com.br\/emfoco\/2026\/04\/29\/a-250-km-da-capital-o-vilarejo-escondido-ao-lado-de-uma-maravilha-natural-reconhecida-mundialmente\/\" \/>\n<meta property=\"og:site_name\" content=\"Estado de Minas - Em foco\" \/>\n<meta property=\"article:published_time\" content=\"2026-04-29T13:35:00+00:00\" \/>\n<meta property=\"article:modified_time\" content=\"2026-04-29T03:04:08+00:00\" \/>\n<meta property=\"og:image\" content=\"https:\/\/www.em.com.br\/emfoco\/wp-content\/uploads\/2026\/04\/Coastal_village_sand_streets_wind_202604282353.jpg\" \/>\n\t<meta property=\"og:image:width\" content=\"1280\" \/>\n\t<meta property=\"og:image:height\" content=\"720\" \/>\n\t<meta property=\"og:image:type\" content=\"image\/jpeg\" \/>\n<meta name=\"author\" content=\"Vitor Bruno\" \/>\n<meta name=\"twitter:card\" content=\"summary_large_image\" \/>\n<meta name=\"twitter:label1\" content=\"Escrito por\" \/>\n\t<meta name=\"twitter:data1\" content=\"Vitor Bruno\" \/>\n\t<meta name=\"twitter:label2\" content=\"Est. tempo de leitura\" \/>\n\t<meta name=\"twitter:data2\" content=\"6 minutos\" \/>\n<!-- \/ Yoast SEO plugin. -->","yoast_head_json":{"title":"A 250 km da capital, o vilarejo escondido ao lado de uma maravilha natural reconhecida mundialmente - Estado de Minas - Em foco","description":"Conhe\u00e7a o vilarejo vizinho a uma maravilha natural mundial. A apenas 250 km da capital, um destino focado em tranquilidade e aventura.","robots":{"index":"index","follow":"follow","max-snippet":"max-snippet:-1","max-image-preview":"max-image-preview:large","max-video-preview":"max-video-preview:-1"},"canonical":"https:\/\/www.em.com.br\/emfoco\/2026\/04\/29\/a-250-km-da-capital-o-vilarejo-escondido-ao-lado-de-uma-maravilha-natural-reconhecida-mundialmente\/","og_locale":"pt_BR","og_type":"article","og_title":"A 250 km da capital, o vilarejo escondido ao lado de uma maravilha natural reconhecida mundialmente - Estado de Minas - Em foco","og_description":"Conhe\u00e7a o vilarejo vizinho a uma maravilha natural mundial. A apenas 250 km da capital, um destino focado em tranquilidade e aventura.","og_url":"https:\/\/www.em.com.br\/emfoco\/2026\/04\/29\/a-250-km-da-capital-o-vilarejo-escondido-ao-lado-de-uma-maravilha-natural-reconhecida-mundialmente\/","og_site_name":"Estado de Minas - Em foco","article_published_time":"2026-04-29T13:35:00+00:00","article_modified_time":"2026-04-29T03:04:08+00:00","og_image":[{"width":1280,"height":720,"url":"https:\/\/www.em.com.br\/emfoco\/wp-content\/uploads\/2026\/04\/Coastal_village_sand_streets_wind_202604282353.jpg","type":"image\/jpeg"}],"author":"Vitor Bruno","twitter_card":"summary_large_image","twitter_misc":{"Escrito por":"Vitor Bruno","Est. tempo de leitura":"6 minutos"},"schema":{"@context":"https:\/\/schema.org","@graph":[{"@type":"WebPage","@id":"https:\/\/www.em.com.br\/emfoco\/2026\/04\/29\/a-250-km-da-capital-o-vilarejo-escondido-ao-lado-de-uma-maravilha-natural-reconhecida-mundialmente\/","url":"https:\/\/www.em.com.br\/emfoco\/2026\/04\/29\/a-250-km-da-capital-o-vilarejo-escondido-ao-lado-de-uma-maravilha-natural-reconhecida-mundialmente\/","name":"A 250 km da capital, o vilarejo escondido ao lado de uma maravilha natural reconhecida mundialmente - Estado de Minas - Em foco","isPartOf":{"@id":"https:\/\/www.em.com.br\/emfoco\/#website"},"primaryImageOfPage":{"@id":"https:\/\/www.em.com.br\/emfoco\/2026\/04\/29\/a-250-km-da-capital-o-vilarejo-escondido-ao-lado-de-uma-maravilha-natural-reconhecida-mundialmente\/#primaryimage"},"image":{"@id":"https:\/\/www.em.com.br\/emfoco\/2026\/04\/29\/a-250-km-da-capital-o-vilarejo-escondido-ao-lado-de-uma-maravilha-natural-reconhecida-mundialmente\/#primaryimage"},"thumbnailUrl":"https:\/\/www.em.com.br\/emfoco\/wp-content\/uploads\/2026\/04\/Coastal_village_sand_streets_wind_202604282353.jpg","datePublished":"2026-04-29T13:35:00+00:00","dateModified":"2026-04-29T03:04:08+00:00","author":{"@id":"https:\/\/www.em.com.br\/emfoco\/#\/schema\/person\/364ac1852fafd00f1be20f0b8b237569"},"description":"Conhe\u00e7a o vilarejo vizinho a uma maravilha natural mundial. A apenas 250 km da capital, um destino focado em tranquilidade e aventura.","breadcrumb":{"@id":"https:\/\/www.em.com.br\/emfoco\/2026\/04\/29\/a-250-km-da-capital-o-vilarejo-escondido-ao-lado-de-uma-maravilha-natural-reconhecida-mundialmente\/#breadcrumb"},"inLanguage":"pt-BR","potentialAction":[{"@type":"ReadAction","target":["https:\/\/www.em.com.br\/emfoco\/2026\/04\/29\/a-250-km-da-capital-o-vilarejo-escondido-ao-lado-de-uma-maravilha-natural-reconhecida-mundialmente\/"]}]},{"@type":"ImageObject","inLanguage":"pt-BR","@id":"https:\/\/www.em.com.br\/emfoco\/2026\/04\/29\/a-250-km-da-capital-o-vilarejo-escondido-ao-lado-de-uma-maravilha-natural-reconhecida-mundialmente\/#primaryimage","url":"https:\/\/www.em.com.br\/emfoco\/wp-content\/uploads\/2026\/04\/Coastal_village_sand_streets_wind_202604282353.jpg","contentUrl":"https:\/\/www.em.com.br\/emfoco\/wp-content\/uploads\/2026\/04\/Coastal_village_sand_streets_wind_202604282353.jpg","width":1280,"height":720,"caption":"A 250 km da capital, o vilarejo escondido ao lado de uma maravilha natural reconhecida mundialmente \/\/ IMAGEM ILUSTRATIVA"},{"@type":"BreadcrumbList","@id":"https:\/\/www.em.com.br\/emfoco\/2026\/04\/29\/a-250-km-da-capital-o-vilarejo-escondido-ao-lado-de-uma-maravilha-natural-reconhecida-mundialmente\/#breadcrumb","itemListElement":[{"@type":"ListItem","position":1,"name":"In\u00edcio","item":"https:\/\/www.em.com.br\/emfoco\/"},{"@type":"ListItem","position":2,"name":"A 250 km da capital, o vilarejo escondido ao lado de uma maravilha natural reconhecida mundialmente"}]},{"@type":"WebSite","@id":"https:\/\/www.em.com.br\/emfoco\/#website","url":"https:\/\/www.em.com.br\/emfoco\/","name":"Estado de Minas - Em foco","description":"Acompanhe as \u00faltimas not\u00edcias e fique bem informado sobre tudo o que acontece em Minas Gerais, Brasil e no mundo.","potentialAction":[{"@type":"SearchAction","target":{"@type":"EntryPoint","urlTemplate":"https:\/\/www.em.com.br\/emfoco\/?s={search_term_string}"},"query-input":{"@type":"PropertyValueSpecification","valueRequired":true,"valueName":"search_term_string"}}],"inLanguage":"pt-BR"},{"@type":"Person","@id":"https:\/\/www.em.com.br\/emfoco\/#\/schema\/person\/364ac1852fafd00f1be20f0b8b237569","name":"Vitor Bruno","image":{"@type":"ImageObject","inLanguage":"pt-BR","@id":"https:\/\/www.em.com.br\/emfoco\/#\/schema\/person\/image\/","url":"https:\/\/secure.gravatar.com\/avatar\/b719e5cdede09f942064960883b5524d?s=96&d=mm&r=g","contentUrl":"https:\/\/secure.gravatar.com\/avatar\/b719e5cdede09f942064960883b5524d?s=96&d=mm&r=g","caption":"Vitor Bruno"},"sameAs":["https:\/\/www.em.com.br\/emfoco\/"],"url":"https:\/\/www.em.com.br\/emfoco\/author\/vitormyth\/"}]}},"_links":{"self":[{"href":"https:\/\/www.em.com.br\/emfoco\/wp-json\/wp\/v2\/posts\/200521","targetHints":{"allow":["GET"]}}],"collection":[{"href":"https:\/\/www.em.com.br\/emfoco\/wp-json\/wp\/v2\/posts"}],"about":[{"href":"https:\/\/www.em.com.br\/emfoco\/wp-json\/wp\/v2\/types\/post"}],"author":[{"embeddable":true,"href":"https:\/\/www.em.com.br\/emfoco\/wp-json\/wp\/v2\/users\/6"}],"replies":[{"embeddable":true,"href":"https:\/\/www.em.com.br\/emfoco\/wp-json\/wp\/v2\/comments?post=200521"}],"version-history":[{"count":6,"href":"https:\/\/www.em.com.br\/emfoco\/wp-json\/wp\/v2\/posts\/200521\/revisions"}],"predecessor-version":[{"id":201087,"href":"https:\/\/www.em.com.br\/emfoco\/wp-json\/wp\/v2\/posts\/200521\/revisions\/201087"}],"wp:featuredmedia":[{"embeddable":true,"href":"https:\/\/www.em.com.br\/emfoco\/wp-json\/wp\/v2\/media\/201082"}],"wp:attachment":[{"href":"https:\/\/www.em.com.br\/emfoco\/wp-json\/wp\/v2\/media?parent=200521"}],"wp:term":[{"taxonomy":"category","embeddable":true,"href":"https:\/\/www.em.com.br\/emfoco\/wp-json\/wp\/v2\/categories?post=200521"},{"taxonomy":"post_tag","embeddable":true,"href":"https:\/\/www.em.com.br\/emfoco\/wp-json\/wp\/v2\/tags?post=200521"}],"curies":[{"name":"wp","href":"https:\/\/api.w.org\/{rel}","templated":true}]}}