{"id":200520,"date":"2026-04-28T18:05:00","date_gmt":"2026-04-28T21:05:00","guid":{"rendered":"https:\/\/www.em.com.br\/emfoco\/?p=200520"},"modified":"2026-04-28T05:20:13","modified_gmt":"2026-04-28T08:20:13","slug":"maior-do-que-a-cidade-de-sao-paulo-e-com-reconhecimento-internacional-o-paraiso-brasileiro-que-vira-aquario-de-agua-doce-6-meses-por-ano","status":"publish","type":"post","link":"https:\/\/www.em.com.br\/emfoco\/2026\/04\/28\/maior-do-que-a-cidade-de-sao-paulo-e-com-reconhecimento-internacional-o-paraiso-brasileiro-que-vira-aquario-de-agua-doce-6-meses-por-ano\/","title":{"rendered":"Maior do que a cidade de S\u00e3o Paulo e com reconhecimento internacional: o para\u00edso brasileiro que vira aqu\u00e1rio de \u00e1gua doce 6 meses por ano"},"content":{"rendered":"\n<p>No litoral norte do <strong>Maranh\u00e3o<\/strong>, um deserto maior que a cidade de <strong>S\u00e3o Paulo<\/strong> enche de \u00e1gua por seis meses ao ano e forma um cen\u00e1rio \u00fanico no planeta. Os <strong>Len\u00e7\u00f3is Maranhenses<\/strong> re\u00fanem dunas brancas, lagoas turquesa e reconhecimento internacional confirmado em <strong>2024<\/strong>.<\/p>\n\n\n\n<h2 class=\"wp-block-heading\">O reconhecimento da UNESCO que coroou um cen\u00e1rio sem igual no mundo<\/h2>\n\n\n\n<p>Em 26 de julho de <strong>2024<\/strong>, durante a 46\u00aa sess\u00e3o do Comit\u00ea do Patrim\u00f4nio Mundial, em <strong>Nova D\u00e9lhi<\/strong>, o parque foi declarado Patrim\u00f4nio Natural da Humanidade pela <a href=\"https:\/\/www.gov.br\/mma\/pt-br\/assuntos\/noticias\/parque-dos-lencois-maranhenses-recebe-titulo-de-patrimonio-mundial-da-unesco\" target=\"_blank\" rel=\"noreferrer noopener\"><strong>Organiza\u00e7\u00e3o das Na\u00e7\u00f5es Unidas para a Educa\u00e7\u00e3o, a Ci\u00eancia e a Cultura (UNESCO)<\/strong><\/a>. Foi o primeiro t\u00edtulo dessa categoria concedido ao Brasil em 23 anos.<\/p>\n\n\n\n<p>O reconhecimento se baseou na beleza natural, nos aspectos geomorfol\u00f3gicos e na riqueza ecol\u00f3gica da regi\u00e3o. Segundo o <a href=\"https:\/\/www.gov.br\/turismo\/pt-br\/assuntos\/noticias\/parque-nacional-dos-lencois-maranhenses-e-reconhecido-como-patrimonio-natural-da-humanidade\" target=\"_blank\" rel=\"noreferrer noopener\"><strong>Minist\u00e9rio do Turismo<\/strong><\/a>, o parque entrou para a lista mundial ao lado de destinos como o Pantanal, Fernando de Noronha e a Amaz\u00f4nia Central.<\/p>\n\n\n<div class=\"wp-block-image\">\n<figure class=\"aligncenter size-large\"><img loading=\"lazy\" decoding=\"async\" width=\"1024\" height=\"576\" src=\"https:\/\/www.em.com.br\/emfoco\/wp-content\/uploads\/2025\/12\/Maranhenses_1761278583126-1024x576.jpg\" alt=\"Ruas de areia e pipas no c\u00e9u: o vilarejo de pescadores ao lado de uma das principais maravilhas do planeta\" class=\"wp-image-140506\" srcset=\"https:\/\/www.em.com.br\/emfoco\/wp-content\/uploads\/2025\/12\/Maranhenses_1761278583126-1024x576.jpg 1024w, https:\/\/www.em.com.br\/emfoco\/wp-content\/uploads\/2025\/12\/Maranhenses_1761278583126-300x169.jpg 300w, https:\/\/www.em.com.br\/emfoco\/wp-content\/uploads\/2025\/12\/Maranhenses_1761278583126-768x432.jpg 768w, https:\/\/www.em.com.br\/emfoco\/wp-content\/uploads\/2025\/12\/Maranhenses_1761278583126-750x422.jpg 750w, https:\/\/www.em.com.br\/emfoco\/wp-content\/uploads\/2025\/12\/Maranhenses_1761278583126-1140x641.jpg 1140w, https:\/\/www.em.com.br\/emfoco\/wp-content\/uploads\/2025\/12\/Maranhenses_1761278583126.jpg 1280w\" sizes=\"auto, (max-width: 1024px) 100vw, 1024px\" \/><figcaption class=\"wp-element-caption\">As lagoas e dunas dos Len\u00e7\u00f3is Maranhenses fazem dessa cidade um destino inesquec\u00edvel \/\/ Cr\u00e9ditos: depositphotos.com \/ Cristian_Lourenco<\/figcaption><\/figure><\/div>\n\n\n<h2 class=\"wp-block-heading\">Um deserto que vira aqu\u00e1rio a c\u00e9u aberto seis meses por ano<\/h2>\n\n\n\n<p>O <strong>Parque Nacional dos Len\u00e7\u00f3is Maranhenses<\/strong> foi criado em <strong>1981<\/strong> e ocupa 155 mil hectares, \u00e1rea maior que a cidade de S\u00e3o Paulo. Cerca de 57% do territ\u00f3rio \u00e9 coberto por dunas vivas, segundo dados do <strong>Minist\u00e9rio do Meio Ambiente<\/strong>. As lagoas se formam quando o len\u00e7ol fre\u00e1tico sobe e a chuva preenche as bacias entre as dunas, fen\u00f4meno que ocorre principalmente entre maio e setembro.<\/p>\n\n\n\n<p>O ecossistema fica numa zona de transi\u00e7\u00e3o entre <strong>Cerrado<\/strong>, <strong>Caatinga<\/strong> e <strong>Amaz\u00f4nia<\/strong>. A regi\u00e3o abriga aproximadamente 133 esp\u00e9cies de plantas, 112 de aves e pelo menos 42 de r\u00e9pteis. Quatro esp\u00e9cies amea\u00e7adas de extin\u00e7\u00e3o encontram ref\u00fagio ali: o guar\u00e1, a lontra-neotropical, o gato-do-mato e o peixe-boi-marinho. Nas lagoas, a tra\u00edra sobrevive enterrada na lama durante a seca e ressurge quando as chuvas voltam.<\/p>\n\n\n<div class=\"wp-block-image\">\n<figure class=\"aligncenter size-large\"><img loading=\"lazy\" decoding=\"async\" width=\"1024\" height=\"576\" src=\"https:\/\/www.em.com.br\/emfoco\/wp-content\/uploads\/2025\/12\/Maranhenses_1761278599849-1024x576.jpg\" alt=\"\" class=\"wp-image-140505\" srcset=\"https:\/\/www.em.com.br\/emfoco\/wp-content\/uploads\/2025\/12\/Maranhenses_1761278599849-1024x576.jpg 1024w, https:\/\/www.em.com.br\/emfoco\/wp-content\/uploads\/2025\/12\/Maranhenses_1761278599849-300x169.jpg 300w, https:\/\/www.em.com.br\/emfoco\/wp-content\/uploads\/2025\/12\/Maranhenses_1761278599849-768x432.jpg 768w, https:\/\/www.em.com.br\/emfoco\/wp-content\/uploads\/2025\/12\/Maranhenses_1761278599849-750x422.jpg 750w, https:\/\/www.em.com.br\/emfoco\/wp-content\/uploads\/2025\/12\/Maranhenses_1761278599849-1140x641.jpg 1140w, https:\/\/www.em.com.br\/emfoco\/wp-content\/uploads\/2025\/12\/Maranhenses_1761278599849.jpg 1280w\" sizes=\"auto, (max-width: 1024px) 100vw, 1024px\" \/><figcaption class=\"wp-element-caption\">Len\u00e7\u00f3is Maranhenses, no cora\u00e7\u00e3o do Maranh\u00e3o, revela um dos cen\u00e1rios mais bonitos do Brasil \/\/ Cr\u00e9ditos: depositphotos.com \/ Cristian_Lourenco<\/figcaption><\/figure><\/div>\n\n\n<h2 class=\"wp-block-heading\">1.500 fam\u00edlias vivem cercadas por dunas dentro do parque<\/h2>\n\n\n\n<p>Por tr\u00e1s do cart\u00e3o-postal, os Len\u00e7\u00f3is Maranhenses guardam uma das paisagens humanas mais surpreendentes do <strong>Brasil<\/strong>. De acordo com o <a href=\"https:\/\/agenciagov.ebc.com.br\/noticias\/202508\/por-beleza-e-valor-excepcional-lencois-maranhenses-recebe-titulo-de-patrimonio-mundial-da-unesco\" target=\"_blank\" rel=\"noreferrer noopener\"><strong>Instituto Chico Mendes de Conserva\u00e7\u00e3o da Biodiversidade (ICMBio)<\/strong><\/a>, o interior da unidade abriga 68 n\u00facleos populacionais com cerca de 1.500 fam\u00edlias, integralmente cadastradas entre <strong>2023<\/strong> e <strong>2024<\/strong>.<\/p>\n\n\n\n<p>O nome <strong>Queimada dos Britos<\/strong> homenageia o cearense Manuel Brito, que chegou fugindo da seca h\u00e1 cinco d\u00e9cadas e formou ali uma comunidade hoje com cerca de 200 moradores, em sua maioria pescadores. Outros o\u00e1sis como <strong>Baixa Grande<\/strong> e <strong>Bet\u00e2nia<\/strong> s\u00f3 s\u00e3o acess\u00edveis a p\u00e9 ou em ve\u00edculos 4&#215;4 autorizados, e recebem visitantes em redes armadas em casas de palha.<\/p>\n\n\n\n<h2 class=\"wp-block-heading\">O que fazer no parque mais cobi\u00e7ado do nordeste brasileiro?<\/h2>\n\n\n\n<p>O cen\u00e1rio oferece roteiros para todos os perfis, do contemplativo ao aventureiro. As principais experi\u00eancias da regi\u00e3o incluem:<\/p>\n\n\n\n<ul class=\"wp-block-list has-medium-font-size\">\n<li><strong>Lagoa Azul e Lagoa Bonita<\/strong>: passeios de meio dia em jardineiras saindo de <strong>Barreirinhas<\/strong>, com banho nas lagoas mais acess\u00edveis.<\/li>\n\n\n\n<li><strong>Travessia a p\u00e9<\/strong>: trekking de 3 a 5 dias entre <strong>Atins<\/strong> e <strong>Santo Amaro<\/strong>, com pernoite em casas de moradores.<\/li>\n\n\n\n<li><strong>Passeio pelo Rio Pregui\u00e7as<\/strong>: lanchas voadeiras descem o rio com paradas em <strong>Vassouras<\/strong>, no <strong>Farol de Mandacaru<\/strong> e em <strong>Cabur\u00e9<\/strong>.<\/li>\n\n\n\n<li><strong>Voo panor\u00e2mico<\/strong>: sobrevoo de avi\u00e3o monomotor com vista do tabuleiro de dunas e lagoas.<\/li>\n\n\n\n<li><strong>Atins<\/strong>: vilarejo na foz do Rio Pregui\u00e7as, conhecido pelo kitesurf e pelas pousadas charmosas.<\/li>\n\n\n\n<li><strong>Santo Amaro do Maranh\u00e3o<\/strong>: base alternativa com lagoas que duram mais tempo no ano e menos movimento.<\/li>\n<\/ul>\n\n\n\n<p>A culin\u00e1ria local reflete a fartura do mar e dos rios da regi\u00e3o. Os pratos mais comuns servidos nos vilarejos e em <strong>Barreirinhas<\/strong> s\u00e3o:<\/p>\n\n\n\n<ul class=\"wp-block-list has-medium-font-size\">\n<li><strong>Peixe na brasa<\/strong>: pescado fresco assado em fog\u00e3o a lenha, prato cl\u00e1ssico de Atins e dos o\u00e1sis.<\/li>\n\n\n\n<li><strong>Camar\u00e3o na moranga<\/strong>: receita maranhense servida na pr\u00f3pria ab\u00f3bora, comum em pousadas.<\/li>\n\n\n\n<li><strong>Arroz de cux\u00e1<\/strong>: prato t\u00edpico do <strong>Maranh\u00e3o<\/strong> com vinagreira, gergelim e camar\u00e3o seco.<\/li>\n\n\n\n<li><strong>Caranguejo na casca<\/strong>: capturado nos manguezais do entorno, servido com farofa e lim\u00e3o.<\/li>\n\n\n\n<li><strong>Galinha caipira no fog\u00e3o a lenha<\/strong>: refei\u00e7\u00e3o padr\u00e3o dos o\u00e1sis dentro do parque.<\/li>\n<\/ul>\n\n\n\n<p>Quem sonha em conhecer os <strong>Len\u00e7\u00f3is Maranhenses<\/strong>, vai curtir esse v\u00eddeo especialmente selecionado do canal <strong>Rol\u00ea Fam\u00edlia<\/strong>, que conta com mais de <strong>106 mil<\/strong> visualiza\u00e7\u00f5es, onde os apresentadores mostram um guia completo com as bases de <strong>Santo Amaro<\/strong>, <strong>Barreirinhas<\/strong> e <strong>Atins<\/strong>:<\/p>\n\n\n\n<figure class=\"wp-block-embed is-type-video is-provider-youtube wp-block-embed-youtube wp-embed-aspect-16-9 wp-has-aspect-ratio\"><div class=\"wp-block-embed__wrapper\">\n<div class=\"jeg_video_container jeg_video_content\"><iframe loading=\"lazy\" title=\"LEN\u00c7\u00d3IS MARANHENSES | Guia completo: Principais bases, melhor \u00e9poca, passeios e muito mais!\" width=\"500\" height=\"281\" src=\"https:\/\/www.youtube.com\/embed\/ynshX86DfW8?feature=oembed\" frameborder=\"0\" allow=\"accelerometer; autoplay; clipboard-write; encrypted-media; gyroscope; picture-in-picture; web-share\" referrerpolicy=\"strict-origin-when-cross-origin\" allowfullscreen><\/iframe><\/div>\n<\/div><\/figure>\n\n\n\n<h2 class=\"wp-block-heading\">Qual a melhor \u00e9poca para ver as lagoas cheias?<\/h2>\n\n\n\n<p>O calend\u00e1rio define toda a experi\u00eancia. As lagoas s\u00f3 se formam ap\u00f3s o per\u00edodo chuvoso, e a janela ideal para o cart\u00e3o-postal \u00e9 curta. Veja como cada esta\u00e7\u00e3o se comporta:<\/p>\n\n\n\n<style>\n    .clima-grid-em133 { \n        --cor-primaria: #1a2a57; --cor-secundaria: #1a2a57; --cor-txt-secundaria: #ffffff;\n        display: grid; grid-template-columns: repeat(auto-fit, minmax(190px, 1fr)); gap: 15px; justify-content: center; padding: 10px;\n    }\n    .clima-card-em133 { border: 5px solid var(--cor-primaria); border-top: 5px solid var(--cor-secundaria); border-radius: 12px; background-color: var(--cor-primaria); background-clip: padding-box; display: flex; flex-direction: column; overflow: hidden; cursor: pointer; box-shadow: 0 6px 12px rgba(0,0,0, 0.2); transition: transform 0.2s ease, box-shadow 0.2s ease; -webkit-tap-highlight-color: transparent; user-select: none; transform: translateZ(0); animation: wmFadeIn 0.6s cubic-bezier(0.2, 0.8, 0.2, 1) backwards; }\n    .clima-card-em133:focus-visible { outline: 3px dashed var(--cor-secundaria); outline-offset: 4px; }\n    .clima-card-em133:nth-child(1) { animation-delay: 0.1s; } .clima-card-em133:nth-child(2) { animation-delay: 0.2s; } .clima-card-em133:nth-child(3) { animation-delay: 0.3s; } .clima-card-em133:nth-child(4) { animation-delay: 0.4s; }\n    @keyframes wmFadeIn { from { opacity: 0; transform: translateY(30px); } to { opacity: 1; transform: translateY(0); } }\n    .clima-card-em133:hover { transform: translateY(-5px); box-shadow: 0 15px 30px rgba(0,0,0, 0.3); }\n    .clima-card-em133:active { transform: translateY(-1px) scale(0.97); box-shadow: 0 3px 6px rgba(0,0,0, 0.2); transition: transform 0.05s ease, box-shadow 0.05s ease; }\n    .clima-header-em133 { background: #fdfbf5; padding: 15px 10px; text-align: center; display: flex; flex-direction: column; align-items: center; justify-content: center; }\n    .clima-body-em133 { background: #ffffff; padding: 15px; display: flex; flex-direction: column; flex-grow: 1; align-items: center; }\n    .clima-destaque-em133 { box-shadow: 0 8px 16px rgba(0,0,0, 0.25); }\n    .clima-destaque-em133:hover { box-shadow: 0 18px 36px rgba(0,0,0, 0.35); }\n    .clima-destaque-em133 .clima-header-em133 { background: var(--cor-secundaria); }\n    .clima-destaque-em133 .clima-header-em133 .clima-titulo-em133 { color: var(--cor-txt-secundaria) !important; } \n    .clima-pill-em133 { display: flex; white-space: normal; max-width: 100%; box-sizing: border-box; justify-content: center; align-items: center; text-align: center; background: #e8ebf2; color: var(--cor-primaria); font-size: 11px; font-weight: 900 !important; letter-spacing: 0.5px; padding: 8px 16px; border-radius: 16px; text-transform: uppercase; line-height: 1.4; box-shadow: 0 4px 8px rgba(0,0,0, 0.15); margin-top: auto; transition: transform 0.2s ease; }\n    .clima-destaque-em133 .clima-pill-em133 { background: var(--cor-primaria); color: #ffffff; border: 1px solid #ffffff; } \n    .clima-card-em133:hover .clima-pill-em133 { transform: scale(1.06); }\n    .clima-pill-em133 span { font-weight: 900 !important; color: inherit; } \n    .clima-emoji-em133 { font-size: 24px; line-height: 1; margin-bottom: 5px; }\n    .clima-titulo-em133 { color: var(--cor-primaria); font-size: 16px; text-transform: uppercase; margin-top: 5px; font-weight: bold; }\n    .clima-mes-em133 { font-size: 11px; font-weight: 800; color: var(--cor-primaria); text-transform: uppercase; margin-bottom: 5px; display: block; }\n    .clima-temp-em133 { font-size: 26px; font-weight: 900; color: var(--cor-primaria); margin-bottom: 10px; }\n    .clima-desc-em133 { font-size: 13px; color: #444; text-align: center; line-height: 1.5; margin-bottom: 15px; flex-grow: 1;}\n    .clima-desc-em133 strong { color: #111; }\n    @media (prefers-color-scheme: dark) {\n        .clima-card-em133 { border-color: #2b4182; background-color: #2b4182; box-shadow: 0 6px 12px rgba(0,0,0, 0.5); }\n        .clima-header-em133 { background: #1a1a1a; } .clima-body-em133 { background: #121212; }\n        .clima-destaque-em133 .clima-header-em133 { background: var(--cor-secundaria); }\n        .clima-destaque-em133 .clima-header-em133 .clima-titulo-em133 { color: var(--cor-txt-secundaria) !important; }\n        .clima-titulo-em133 { color: #8da5e8; } .clima-mes-em133 { color: #8da5e8; } .clima-temp-em133 { color: #8da5e8; } .clima-desc-em133 { color: #cccccc; } .clima-desc-em133 strong { color: #ffffff; }\n        .clima-pill-em133 { background: #2b4182; color: #ffffff; box-shadow: 0 4px 8px rgba(0, 0, 0, 0.5); }\n        .clima-destaque-em133 .clima-pill-em133 { background: #3b55a0; color: #ffffff; border-color: #8da5e8; }\n    }\n<\/style>\n<div class=\"google-auto-ads-ignore clima-grid-em133\" style=\"box-sizing: border-box; width: 100%; max-width: 980px; margin: 30px auto; font-family: 'Segoe UI', Roboto, Helvetica, Arial, sans-serif;\">\n    <div class=\"clima-card-em133\" tabindex=\"0\">\n        <div class=\"clima-header-em133\"><div class=\"clima-emoji-em133\" aria-hidden=\"true\">\ud83c\udf27\ufe0f<\/div><div class=\"clima-titulo-em133\">Chuvas<\/div><\/div>\n        <div class=\"clima-body-em133\">\n            <time class=\"clima-mes-em133\">Janeiro a abril<\/time><div class=\"clima-temp-em133\">23\u00b0C a 31\u00b0C<\/div>\n            <div class=\"clima-desc-em133\">As grandes chuvas chegam com tudo para desenhar o cart\u00e3o-postal do estado. As <strong>lagoas come\u00e7am a encher e o cen\u00e1rio fica esverdeado<\/strong> e vivo.<\/div>\n            <div class=\"clima-pill-em133\"><span>\u2614 Chuva Alta<\/span><\/div>\n        <\/div>\n    <\/div>\n    <div class=\"clima-card-em133 clima-destaque-em133\" tabindex=\"0\">\n        <div class=\"clima-header-em133\"><div class=\"clima-emoji-em133\" aria-hidden=\"true\">\ud83d\udca7<\/div><div class=\"clima-titulo-em133\">Pico das Lagoas<\/div><\/div>\n        <div class=\"clima-body-em133\">\n            <time class=\"clima-mes-em133\">Maio a agosto<\/time><div class=\"clima-temp-em133\">22\u00b0C a 32\u00b0C<\/div>\n            <div class=\"clima-desc-em133\">A janela perfeita! A chuva recua e o sol brilha, deixando as cristalinas <strong>lagoas no volume m\u00e1ximo para banhos e travessias completas<\/strong>.<\/div>\n            <div class=\"clima-pill-em133\"><span>\u2b50 Melhor \u00c9poca \/ Lagoas Cheias<\/span><\/div>\n        <\/div>\n    <\/div>\n    <div class=\"clima-card-em133\" tabindex=\"0\">\n        <div class=\"clima-header-em133\"><div class=\"clima-emoji-em133\" aria-hidden=\"true\">\ud83c\udfdc\ufe0f<\/div><div class=\"clima-titulo-em133\">Lagoas em Queda<\/div><\/div>\n        <div class=\"clima-body-em133\">\n            <time class=\"clima-mes-em133\">Setembro a outubro<\/time><div class=\"clima-temp-em133\">24\u00b0C a 34\u00b0C<\/div>\n            <div class=\"clima-desc-em133\">O forte sol e a estiagem mudam a paisagem. <strong>Boa parte das lagoas seca e as dunas dominam o cen\u00e1rio<\/strong>, exigindo guias para encontrar as lagoas perenes.<\/div>\n            <div class=\"clima-pill-em133\"><span>\ud83c\udf92 Chuva Baixa \/ Seco<\/span><\/div>\n        <\/div>\n    <\/div>\n    <div class=\"clima-card-em133\" tabindex=\"0\">\n        <div class=\"clima-header-em133\"><div class=\"clima-emoji-em133\" aria-hidden=\"true\">\ud83d\udee9\ufe0f<\/div><div class=\"clima-titulo-em133\">Seca Total<\/div><\/div>\n        <div class=\"clima-body-em133\">\n            <time class=\"clima-mes-em133\">Novembro a dezembro<\/time><div class=\"clima-temp-em133\">25\u00b0C a 34\u00b0C<\/div>\n            <div class=\"clima-desc-em133\">O o\u00e1sis desaparece em meio \u00e0 areia escaldante. A dica para a viagem \u00e9 investir no <strong>voo panor\u00e2mico e no tranquilo passeio pelo Rio Pregui\u00e7as<\/strong>.<\/div>\n            <div class=\"clima-pill-em133\"><span>\ud83d\udd25 Chuva Baixa \/ Quente<\/span><\/div>\n        <\/div>\n    <\/div>\n<\/div>\n\n\n\n<p><em>Temperaturas aproximadas com base no <a href=\"https:\/\/www.climatempo.com.br\/previsao-do-tempo\/cidade\/1037\/barreirinhas-ma\" target=\"_blank\" rel=\"noreferrer noopener\"><strong>Climatempo<\/strong><\/a>. Condi\u00e7\u00f5es podem variar.<\/em><\/p>\n\n\n\n<p>O parque vive um boom de visita\u00e7\u00e3o. Em <strong>2024<\/strong>, recebeu 440 mil turistas e se tornou o sexto Parque Nacional mais visitado do pa\u00eds, segundo o ICMBio. A press\u00e3o pelo destino aumentou ap\u00f3s o t\u00edtulo da UNESCO, e a recomenda\u00e7\u00e3o oficial \u00e9 reservar com anteced\u00eancia.<\/p>\n\n\n\n<h2 class=\"wp-block-heading\">Como chegar aos Len\u00e7\u00f3is Maranhenses?<\/h2>\n\n\n\n<p>O ponto de partida \u00e9 <strong>S\u00e3o Lu\u00eds<\/strong>, capital do <strong>Maranh\u00e3o<\/strong>, com voos regulares de v\u00e1rias capitais brasileiras. De l\u00e1, s\u00e3o cerca de 260 km at\u00e9 <strong>Barreirinhas<\/strong> pela <strong>BR-135<\/strong> e <strong>MA-402<\/strong>, num trajeto de aproximadamente 4 horas. <strong>Santo Amaro do Maranh\u00e3o<\/strong> fica a 240 km da capital.<\/p>\n\n\n\n<p>Quem prefere a Rota das Emo\u00e7\u00f5es pode chegar pelo <strong>Aeroporto de Parna\u00edba<\/strong>, no <strong>Piau\u00ed<\/strong>, e seguir por terra at\u00e9 <strong>Paulino Neves<\/strong>, percurso que conecta <strong>Jericoacoara<\/strong>, o <strong>Delta do Parna\u00edba<\/strong> e os Len\u00e7\u00f3is. Para alcan\u00e7ar <strong>Atins<\/strong>, o caminho mais comum \u00e9 uma lancha de cerca de 1h15 a partir de Barreirinhas pelo Rio Pregui\u00e7as.<\/p>\n\n\n\n<p><strong>Leia tamb\u00e9m: <a href=\"https:\/\/www.em.com.br\/emfoco\/2026\/04\/17\/a-capital-nacional-do-milho-a-cidade-a-5-horas-da-capital-esta-conquistando-os-brasileiros-com-qualidade-de-vida-e-bons-indices-de-seguranca\/\" target=\"_blank\" rel=\"noreferrer noopener\">A Capital Nacional do Milho: a cidade a 5 horas da capital est\u00e1 conquistando os brasileiros com qualidade de vida e bons \u00edndices de seguran\u00e7a<\/a><\/strong><\/p>\n\n\n\n<h2 class=\"wp-block-heading\">Vale a pena conhecer o para\u00edso reconhecido pelo mundo<\/h2>\n\n\n\n<p>Os Len\u00e7\u00f3is Maranhenses entregam o que poucos lugares do planeta conseguem: dunas que viram aqu\u00e1rio, comunidades que resistem ao avan\u00e7o da areia e um t\u00edtulo da UNESCO que confirma o que os p\u00e9s descal\u00e7os j\u00e1 sabem na areia. O parque combina paisagem rara e gente que vive ali h\u00e1 gera\u00e7\u00f5es.<\/p>\n\n\n\n<p>Voc\u00ea precisa atravessar de lancha pelo Rio Pregui\u00e7as e mergulhar nas lagoas dos Len\u00e7\u00f3is Maranhenses pelo menos uma vez para entender por que esse peda\u00e7o do Maranh\u00e3o entrou para a lista do mundo.<\/p>\n","protected":false},"excerpt":{"rendered":"<p>No litoral norte do Maranh\u00e3o, um deserto maior que a cidade de S\u00e3o Paulo enche de \u00e1gua por seis meses ao ano e forma um cen\u00e1rio \u00fanico no planeta. Os Len\u00e7\u00f3is Maranhenses re\u00fanem dunas brancas, lagoas turquesa e reconhecimento internacional confirmado em 2024. O reconhecimento da UNESCO que coroou um cen\u00e1rio sem igual no mundo [&hellip;]<\/p>\n","protected":false},"author":6,"featured_media":183772,"comment_status":"open","ping_status":"open","sticky":false,"template":"","format":"standard","meta":{"jnews-multi-image_gallery":[],"jnews_single_post":{"format":"standard"},"jnews_primary_category":[],"jnews_social_meta":[],"jnews_override_counter":[],"footnotes":""},"categories":[26],"tags":[183,2228,2230],"class_list":["post-200520","post","type-post","status-publish","format-standard","has-post-thumbnail","hentry","category-cidades","tag-cidades","tag-lencois-maranhenses","tag-maranhao"],"yoast_head":"<!-- This site is optimized with the Yoast SEO plugin v23.8 - https:\/\/yoast.com\/wordpress\/plugins\/seo\/ -->\n<title>Maior do que a cidade de S\u00e3o Paulo e com reconhecimento internacional: o para\u00edso brasileiro que vira aqu\u00e1rio de \u00e1gua doce 6 meses por ano - Estado de Minas - Em foco<\/title>\n<meta name=\"description\" content=\"Maior que a cidade de S\u00e3o Paulo, este para\u00edso brasileiro vira um imenso aqu\u00e1rio de \u00e1gua doce durante seis meses.\" \/>\n<meta name=\"robots\" content=\"index, follow, max-snippet:-1, max-image-preview:large, max-video-preview:-1\" \/>\n<link rel=\"canonical\" href=\"https:\/\/www.em.com.br\/emfoco\/2026\/04\/28\/maior-do-que-a-cidade-de-sao-paulo-e-com-reconhecimento-internacional-o-paraiso-brasileiro-que-vira-aquario-de-agua-doce-6-meses-por-ano\/\" \/>\n<meta property=\"og:locale\" content=\"pt_BR\" \/>\n<meta property=\"og:type\" content=\"article\" \/>\n<meta property=\"og:title\" content=\"Maior do que a cidade de S\u00e3o Paulo e com reconhecimento internacional: o para\u00edso brasileiro que vira aqu\u00e1rio de \u00e1gua doce 6 meses por ano - Estado de Minas - Em foco\" \/>\n<meta property=\"og:description\" content=\"Maior que a cidade de S\u00e3o Paulo, este para\u00edso brasileiro vira um imenso aqu\u00e1rio de \u00e1gua doce durante seis meses.\" \/>\n<meta property=\"og:url\" content=\"https:\/\/www.em.com.br\/emfoco\/2026\/04\/28\/maior-do-que-a-cidade-de-sao-paulo-e-com-reconhecimento-internacional-o-paraiso-brasileiro-que-vira-aquario-de-agua-doce-6-meses-por-ano\/\" \/>\n<meta property=\"og:site_name\" content=\"Estado de Minas - Em foco\" \/>\n<meta property=\"article:published_time\" content=\"2026-04-28T21:05:00+00:00\" \/>\n<meta property=\"article:modified_time\" content=\"2026-04-28T08:20:13+00:00\" \/>\n<meta property=\"og:image\" content=\"https:\/\/www.em.com.br\/emfoco\/wp-content\/uploads\/2026\/03\/atins.webp\" \/>\n\t<meta property=\"og:image:width\" content=\"1280\" \/>\n\t<meta property=\"og:image:height\" content=\"720\" \/>\n\t<meta property=\"og:image:type\" content=\"image\/webp\" \/>\n<meta name=\"author\" content=\"Vitor Bruno\" \/>\n<meta name=\"twitter:card\" content=\"summary_large_image\" \/>\n<meta name=\"twitter:label1\" content=\"Escrito por\" \/>\n\t<meta name=\"twitter:data1\" content=\"Vitor Bruno\" \/>\n\t<meta name=\"twitter:label2\" content=\"Est. tempo de leitura\" \/>\n\t<meta name=\"twitter:data2\" content=\"7 minutos\" \/>\n<!-- \/ Yoast SEO plugin. -->","yoast_head_json":{"title":"Maior do que a cidade de S\u00e3o Paulo e com reconhecimento internacional: o para\u00edso brasileiro que vira aqu\u00e1rio de \u00e1gua doce 6 meses por ano - Estado de Minas - Em foco","description":"Maior que a cidade de S\u00e3o Paulo, este para\u00edso brasileiro vira um imenso aqu\u00e1rio de \u00e1gua doce durante seis meses.","robots":{"index":"index","follow":"follow","max-snippet":"max-snippet:-1","max-image-preview":"max-image-preview:large","max-video-preview":"max-video-preview:-1"},"canonical":"https:\/\/www.em.com.br\/emfoco\/2026\/04\/28\/maior-do-que-a-cidade-de-sao-paulo-e-com-reconhecimento-internacional-o-paraiso-brasileiro-que-vira-aquario-de-agua-doce-6-meses-por-ano\/","og_locale":"pt_BR","og_type":"article","og_title":"Maior do que a cidade de S\u00e3o Paulo e com reconhecimento internacional: o para\u00edso brasileiro que vira aqu\u00e1rio de \u00e1gua doce 6 meses por ano - Estado de Minas - Em foco","og_description":"Maior que a cidade de S\u00e3o Paulo, este para\u00edso brasileiro vira um imenso aqu\u00e1rio de \u00e1gua doce durante seis meses.","og_url":"https:\/\/www.em.com.br\/emfoco\/2026\/04\/28\/maior-do-que-a-cidade-de-sao-paulo-e-com-reconhecimento-internacional-o-paraiso-brasileiro-que-vira-aquario-de-agua-doce-6-meses-por-ano\/","og_site_name":"Estado de Minas - Em foco","article_published_time":"2026-04-28T21:05:00+00:00","article_modified_time":"2026-04-28T08:20:13+00:00","og_image":[{"width":1280,"height":720,"url":"https:\/\/www.em.com.br\/emfoco\/wp-content\/uploads\/2026\/03\/atins.webp","type":"image\/webp"}],"author":"Vitor Bruno","twitter_card":"summary_large_image","twitter_misc":{"Escrito por":"Vitor Bruno","Est. tempo de leitura":"7 minutos"},"schema":{"@context":"https:\/\/schema.org","@graph":[{"@type":"WebPage","@id":"https:\/\/www.em.com.br\/emfoco\/2026\/04\/28\/maior-do-que-a-cidade-de-sao-paulo-e-com-reconhecimento-internacional-o-paraiso-brasileiro-que-vira-aquario-de-agua-doce-6-meses-por-ano\/","url":"https:\/\/www.em.com.br\/emfoco\/2026\/04\/28\/maior-do-que-a-cidade-de-sao-paulo-e-com-reconhecimento-internacional-o-paraiso-brasileiro-que-vira-aquario-de-agua-doce-6-meses-por-ano\/","name":"Maior do que a cidade de S\u00e3o Paulo e com reconhecimento internacional: o para\u00edso brasileiro que vira aqu\u00e1rio de \u00e1gua doce 6 meses por ano - Estado de Minas - Em foco","isPartOf":{"@id":"https:\/\/www.em.com.br\/emfoco\/#website"},"primaryImageOfPage":{"@id":"https:\/\/www.em.com.br\/emfoco\/2026\/04\/28\/maior-do-que-a-cidade-de-sao-paulo-e-com-reconhecimento-internacional-o-paraiso-brasileiro-que-vira-aquario-de-agua-doce-6-meses-por-ano\/#primaryimage"},"image":{"@id":"https:\/\/www.em.com.br\/emfoco\/2026\/04\/28\/maior-do-que-a-cidade-de-sao-paulo-e-com-reconhecimento-internacional-o-paraiso-brasileiro-que-vira-aquario-de-agua-doce-6-meses-por-ano\/#primaryimage"},"thumbnailUrl":"https:\/\/www.em.com.br\/emfoco\/wp-content\/uploads\/2026\/03\/atins.webp","datePublished":"2026-04-28T21:05:00+00:00","dateModified":"2026-04-28T08:20:13+00:00","author":{"@id":"https:\/\/www.em.com.br\/emfoco\/#\/schema\/person\/364ac1852fafd00f1be20f0b8b237569"},"description":"Maior que a cidade de S\u00e3o Paulo, este para\u00edso brasileiro vira um imenso aqu\u00e1rio de \u00e1gua doce durante seis meses.","breadcrumb":{"@id":"https:\/\/www.em.com.br\/emfoco\/2026\/04\/28\/maior-do-que-a-cidade-de-sao-paulo-e-com-reconhecimento-internacional-o-paraiso-brasileiro-que-vira-aquario-de-agua-doce-6-meses-por-ano\/#breadcrumb"},"inLanguage":"pt-BR","potentialAction":[{"@type":"ReadAction","target":["https:\/\/www.em.com.br\/emfoco\/2026\/04\/28\/maior-do-que-a-cidade-de-sao-paulo-e-com-reconhecimento-internacional-o-paraiso-brasileiro-que-vira-aquario-de-agua-doce-6-meses-por-ano\/"]}]},{"@type":"ImageObject","inLanguage":"pt-BR","@id":"https:\/\/www.em.com.br\/emfoco\/2026\/04\/28\/maior-do-que-a-cidade-de-sao-paulo-e-com-reconhecimento-internacional-o-paraiso-brasileiro-que-vira-aquario-de-agua-doce-6-meses-por-ano\/#primaryimage","url":"https:\/\/www.em.com.br\/emfoco\/wp-content\/uploads\/2026\/03\/atins.webp","contentUrl":"https:\/\/www.em.com.br\/emfoco\/wp-content\/uploads\/2026\/03\/atins.webp","width":1280,"height":720,"caption":"Atins \u00e9 um povoado de ruas sem asfalto que virou ponto de encontro de kitesurfistas do mundo inteiro (imagem ilustrativa)"},{"@type":"BreadcrumbList","@id":"https:\/\/www.em.com.br\/emfoco\/2026\/04\/28\/maior-do-que-a-cidade-de-sao-paulo-e-com-reconhecimento-internacional-o-paraiso-brasileiro-que-vira-aquario-de-agua-doce-6-meses-por-ano\/#breadcrumb","itemListElement":[{"@type":"ListItem","position":1,"name":"In\u00edcio","item":"https:\/\/www.em.com.br\/emfoco\/"},{"@type":"ListItem","position":2,"name":"Maior do que a cidade de S\u00e3o Paulo e com reconhecimento internacional: o para\u00edso brasileiro que vira aqu\u00e1rio de \u00e1gua doce 6 meses por ano"}]},{"@type":"WebSite","@id":"https:\/\/www.em.com.br\/emfoco\/#website","url":"https:\/\/www.em.com.br\/emfoco\/","name":"Estado de Minas - Em foco","description":"Acompanhe as \u00faltimas not\u00edcias e fique bem informado sobre tudo o que acontece em Minas Gerais, Brasil e no mundo.","potentialAction":[{"@type":"SearchAction","target":{"@type":"EntryPoint","urlTemplate":"https:\/\/www.em.com.br\/emfoco\/?s={search_term_string}"},"query-input":{"@type":"PropertyValueSpecification","valueRequired":true,"valueName":"search_term_string"}}],"inLanguage":"pt-BR"},{"@type":"Person","@id":"https:\/\/www.em.com.br\/emfoco\/#\/schema\/person\/364ac1852fafd00f1be20f0b8b237569","name":"Vitor Bruno","image":{"@type":"ImageObject","inLanguage":"pt-BR","@id":"https:\/\/www.em.com.br\/emfoco\/#\/schema\/person\/image\/","url":"https:\/\/secure.gravatar.com\/avatar\/b719e5cdede09f942064960883b5524d?s=96&d=mm&r=g","contentUrl":"https:\/\/secure.gravatar.com\/avatar\/b719e5cdede09f942064960883b5524d?s=96&d=mm&r=g","caption":"Vitor Bruno"},"sameAs":["https:\/\/www.em.com.br\/emfoco\/"],"url":"https:\/\/www.em.com.br\/emfoco\/author\/vitormyth\/"}]}},"_links":{"self":[{"href":"https:\/\/www.em.com.br\/emfoco\/wp-json\/wp\/v2\/posts\/200520","targetHints":{"allow":["GET"]}}],"collection":[{"href":"https:\/\/www.em.com.br\/emfoco\/wp-json\/wp\/v2\/posts"}],"about":[{"href":"https:\/\/www.em.com.br\/emfoco\/wp-json\/wp\/v2\/types\/post"}],"author":[{"embeddable":true,"href":"https:\/\/www.em.com.br\/emfoco\/wp-json\/wp\/v2\/users\/6"}],"replies":[{"embeddable":true,"href":"https:\/\/www.em.com.br\/emfoco\/wp-json\/wp\/v2\/comments?post=200520"}],"version-history":[{"count":7,"href":"https:\/\/www.em.com.br\/emfoco\/wp-json\/wp\/v2\/posts\/200520\/revisions"}],"predecessor-version":[{"id":200824,"href":"https:\/\/www.em.com.br\/emfoco\/wp-json\/wp\/v2\/posts\/200520\/revisions\/200824"}],"wp:featuredmedia":[{"embeddable":true,"href":"https:\/\/www.em.com.br\/emfoco\/wp-json\/wp\/v2\/media\/183772"}],"wp:attachment":[{"href":"https:\/\/www.em.com.br\/emfoco\/wp-json\/wp\/v2\/media?parent=200520"}],"wp:term":[{"taxonomy":"category","embeddable":true,"href":"https:\/\/www.em.com.br\/emfoco\/wp-json\/wp\/v2\/categories?post=200520"},{"taxonomy":"post_tag","embeddable":true,"href":"https:\/\/www.em.com.br\/emfoco\/wp-json\/wp\/v2\/tags?post=200520"}],"curies":[{"name":"wp","href":"https:\/\/api.w.org\/{rel}","templated":true}]}}