{"id":200519,"date":"2026-04-28T15:05:00","date_gmt":"2026-04-28T18:05:00","guid":{"rendered":"https:\/\/www.em.com.br\/emfoco\/?p=200519"},"modified":"2026-04-28T05:20:08","modified_gmt":"2026-04-28T08:20:08","slug":"o-vilarejo-no-coracao-do-brasil-onde-fontes-de-aguas-cristalinas-e-dunas-douradas-encantam-qualquer-visitante","status":"publish","type":"post","link":"https:\/\/www.em.com.br\/emfoco\/2026\/04\/28\/o-vilarejo-no-coracao-do-brasil-onde-fontes-de-aguas-cristalinas-e-dunas-douradas-encantam-qualquer-visitante\/","title":{"rendered":"O vilarejo no cora\u00e7\u00e3o do Brasil onde fontes de \u00e1guas cristalinas e dunas douradas encantam qualquer visitante"},"content":{"rendered":"\n<p>No leste do <strong>Tocantins<\/strong>, um conjunto de povoados isolados entre dunas, fervedouros e veredas guarda a hist\u00f3ria de um <strong>Brasil<\/strong> pouco conhecido. Os <strong>vilarejos do Jalap\u00e3o<\/strong> re\u00fanem comunidades quilombolas, artes\u00e3os premiados e tradi\u00e7\u00f5es centen\u00e1rias num dos cen\u00e1rios mais cinematogr\u00e1ficos do <strong>Cerrado<\/strong>.<\/p>\n\n\n\n<h2 class=\"wp-block-heading\">Mateiros virou capital nacional gra\u00e7as a um capim que parece ouro<\/h2>\n\n\n\n<p>Em dezembro de <strong>2024<\/strong>, o munic\u00edpio de <strong>Mateiros<\/strong> foi oficialmente declarado <a href=\"https:\/\/www2.camara.leg.br\/legin\/fed\/lei\/2024\/lei-15050-20-dezembro-2024-796778-publicacaooriginal-173873-pl.html\" target=\"_blank\" rel=\"noreferrer noopener\"><strong>Capital Nacional do Capim Dourado<\/strong><\/a> pela Lei n\u00ba 15.050, sancionada pelo presidente<strong> Luiz In\u00e1cio Lula da Silva<\/strong>. A norma reconhece a import\u00e2ncia cultural e econ\u00f4mica de uma cidade que, segundo o IBGE, tinha apenas 2.748 habitantes no Censo de 2022.<\/p>\n\n\n\n<p>O t\u00edtulo oficializa d\u00e9cadas de tradi\u00e7\u00e3o que come\u00e7aram com povoados quilombolas espalhados pela regi\u00e3o. Como aponta a <a href=\"https:\/\/www12.senado.leg.br\/noticias\/materias\/2024\/12\/23\/mateiros-to-e-a-capital-nacional-do-capim-dourado\" target=\"_blank\" rel=\"noreferrer noopener\"><strong>Ag\u00eancia Senado<\/strong><\/a>, o capim-dourado \u00e9 uma planta end\u00eamica do Jalap\u00e3o que se destaca pela cor met\u00e1lica e pelo brilho natural. As pe\u00e7as, transformadas em bolsas, bijuterias e chap\u00e9us, hoje viajam para mercados internacionais.<\/p>\n\n\n<div class=\"wp-block-image\">\n<figure class=\"aligncenter size-large\"><img loading=\"lazy\" decoding=\"async\" width=\"1024\" height=\"576\" src=\"https:\/\/www.em.com.br\/emfoco\/wp-content\/uploads\/2026\/04\/ngz-CentroMateiros-41170-1024x576.jpg\" alt=\"\" class=\"wp-image-200817\" srcset=\"https:\/\/www.em.com.br\/emfoco\/wp-content\/uploads\/2026\/04\/ngz-CentroMateiros-41170-1024x576.jpg 1024w, https:\/\/www.em.com.br\/emfoco\/wp-content\/uploads\/2026\/04\/ngz-CentroMateiros-41170-300x169.jpg 300w, https:\/\/www.em.com.br\/emfoco\/wp-content\/uploads\/2026\/04\/ngz-CentroMateiros-41170-768x432.jpg 768w, https:\/\/www.em.com.br\/emfoco\/wp-content\/uploads\/2026\/04\/ngz-CentroMateiros-41170-750x422.jpg 750w, https:\/\/www.em.com.br\/emfoco\/wp-content\/uploads\/2026\/04\/ngz-CentroMateiros-41170-1140x641.jpg 1140w, https:\/\/www.em.com.br\/emfoco\/wp-content\/uploads\/2026\/04\/ngz-CentroMateiros-41170.jpg 1280w\" sizes=\"auto, (max-width: 1024px) 100vw, 1024px\" \/><figcaption class=\"wp-element-caption\">Mateiros foi oficialmente declarado Capital Nacional do Capim Dourado \/\/ Cr\u00e9ditos: Wikipedia \/ Wikimedia Commons<\/figcaption><\/figure><\/div>\n\n\n<h2 class=\"wp-block-heading\">O que ver entre os vilarejos do Jalap\u00e3o<\/h2>\n\n\n\n<p>Os povoados est\u00e3o cercados por algumas das paisagens mais impressionantes do Brasil. O <strong>Parque Estadual do Jalap\u00e3o<\/strong>, criado em <strong>2001<\/strong>, protege boa parte desse territ\u00f3rio. As atra\u00e7\u00f5es mais visitadas incluem:<\/p>\n\n\n\n<ul class=\"wp-block-list has-medium-font-size\">\n<li><strong>Dunas do Jalap\u00e3o<\/strong>: 40 metros de altura no meio do Cerrado, palco do p\u00f4r do sol mais famoso da regi\u00e3o.<\/li>\n\n\n\n<li><strong>Fervedouro do Cei\u00e7a<\/strong>: nascente onde a press\u00e3o da \u00e1gua impede que o corpo afunde.<\/li>\n\n\n\n<li><strong>Cachoeira da Formiga<\/strong>: queda d\u2019\u00e1gua esmeralda em meio \u00e0 mata fechada.<\/li>\n\n\n\n<li><strong>Serra do Esp\u00edrito Santo<\/strong>: trilha com mirante para o nascer do sol no Cerrado.<\/li>\n\n\n\n<li><strong>Pedra Furada<\/strong>: forma\u00e7\u00e3o rochosa esculpida pelo vento, ponto de observa\u00e7\u00e3o ao entardecer.<\/li>\n\n\n\n<li><strong>Festa da Colheita do Capim Dourado<\/strong>: celebra\u00e7\u00e3o anual em <strong>Mumbuca<\/strong>, em setembro.<\/li>\n<\/ul>\n\n\n<div class=\"wp-block-image\">\n<figure class=\"aligncenter size-large\"><img loading=\"lazy\" decoding=\"async\" width=\"1024\" height=\"576\" src=\"https:\/\/www.em.com.br\/emfoco\/wp-content\/uploads\/2026\/04\/jalapao-tocantins_1776284137108-1024x576.jpg\" alt=\"\" class=\"wp-image-193675\" srcset=\"https:\/\/www.em.com.br\/emfoco\/wp-content\/uploads\/2026\/04\/jalapao-tocantins_1776284137108-1024x576.jpg 1024w, https:\/\/www.em.com.br\/emfoco\/wp-content\/uploads\/2026\/04\/jalapao-tocantins_1776284137108-300x169.jpg 300w, https:\/\/www.em.com.br\/emfoco\/wp-content\/uploads\/2026\/04\/jalapao-tocantins_1776284137108-768x432.jpg 768w, https:\/\/www.em.com.br\/emfoco\/wp-content\/uploads\/2026\/04\/jalapao-tocantins_1776284137108-750x422.jpg 750w, https:\/\/www.em.com.br\/emfoco\/wp-content\/uploads\/2026\/04\/jalapao-tocantins_1776284137108-1140x641.jpg 1140w, https:\/\/www.em.com.br\/emfoco\/wp-content\/uploads\/2026\/04\/jalapao-tocantins_1776284137108.jpg 1280w\" sizes=\"auto, (max-width: 1024px) 100vw, 1024px\" \/><figcaption class=\"wp-element-caption\">Jalap\u00e3o, Tocantins \/\/  Cr\u00e9ditos: depositphotos.com \/ pedromoraesphotos<\/figcaption><\/figure><\/div>\n\n\n<p>Quem planeja uma expedi\u00e7\u00e3o pelo <strong>Jalap\u00e3o<\/strong>, vai curtir esse v\u00eddeo especialmente selecionado do canal <strong>Rol\u00ea Fam\u00edlia<\/strong>, que conta com mais de <strong>767 mil<\/strong> visualiza\u00e7\u00f5es, onde os apresentadores mostram um guia completo de 5 dias pelo <strong>Tocantins<\/strong>, incluindo fervedouros e a <strong>Cachoeira do Formiga<\/strong>:<\/p>\n\n\n\n<figure class=\"wp-block-embed is-type-video is-provider-youtube wp-block-embed-youtube wp-embed-aspect-16-9 wp-has-aspect-ratio\"><div class=\"wp-block-embed__wrapper\">\n<div class=\"jeg_video_container jeg_video_content\"><iframe loading=\"lazy\" title=\"O MELHOR do JALAP\u00c3O | GUIA COMPLETO com roteiro de 5 dias\" width=\"500\" height=\"281\" src=\"https:\/\/www.youtube.com\/embed\/R2V07E58Gwg?feature=oembed\" frameborder=\"0\" allow=\"accelerometer; autoplay; clipboard-write; encrypted-media; gyroscope; picture-in-picture; web-share\" referrerpolicy=\"strict-origin-when-cross-origin\" allowfullscreen><\/iframe><\/div>\n<\/div><\/figure>\n\n\n\n<h2 class=\"wp-block-heading\">Quando visitar a regi\u00e3o e o que esperar do clima?<\/h2>\n\n\n\n<p>O Jalap\u00e3o tem clima tropical semi\u00famido, com duas esta\u00e7\u00f5es bem marcadas e estradas de terra que variam conforme o per\u00edodo. Veja como cada \u00e9poca funciona:<\/p>\n\n\n\n<style>\n    .clima-grid-em132 { \n        --cor-primaria: #1a2a57; --cor-secundaria: #1a2a57; --cor-txt-secundaria: #ffffff;\n        display: grid; grid-template-columns: repeat(auto-fit, minmax(190px, 1fr)); gap: 15px; justify-content: center; padding: 10px;\n    }\n    .clima-card-em132 { border: 5px solid var(--cor-primaria); border-top: 5px solid var(--cor-secundaria); border-radius: 12px; background-color: var(--cor-primaria); background-clip: padding-box; display: flex; flex-direction: column; overflow: hidden; cursor: pointer; box-shadow: 0 6px 12px rgba(0,0,0, 0.2); transition: transform 0.2s ease, box-shadow 0.2s ease; -webkit-tap-highlight-color: transparent; user-select: none; transform: translateZ(0); animation: wmFadeIn 0.6s cubic-bezier(0.2, 0.8, 0.2, 1) backwards; }\n    .clima-card-em132:focus-visible { outline: 3px dashed var(--cor-secundaria); outline-offset: 4px; }\n    .clima-card-em132:nth-child(1) { animation-delay: 0.1s; } .clima-card-em132:nth-child(2) { animation-delay: 0.2s; } .clima-card-em132:nth-child(3) { animation-delay: 0.3s; } .clima-card-em132:nth-child(4) { animation-delay: 0.4s; }\n    @keyframes wmFadeIn { from { opacity: 0; transform: translateY(30px); } to { opacity: 1; transform: translateY(0); } }\n    .clima-card-em132:hover { transform: translateY(-5px); box-shadow: 0 15px 30px rgba(0,0,0, 0.3); }\n    .clima-card-em132:active { transform: translateY(-1px) scale(0.97); box-shadow: 0 3px 6px rgba(0,0,0, 0.2); transition: transform 0.05s ease, box-shadow 0.05s ease; }\n    .clima-header-em132 { background: #fdfbf5; padding: 15px 10px; text-align: center; display: flex; flex-direction: column; align-items: center; justify-content: center; }\n    .clima-body-em132 { background: #ffffff; padding: 15px; display: flex; flex-direction: column; flex-grow: 1; align-items: center; }\n    .clima-destaque-em132 { box-shadow: 0 8px 16px rgba(0,0,0, 0.25); }\n    .clima-destaque-em132:hover { box-shadow: 0 18px 36px rgba(0,0,0, 0.35); }\n    .clima-destaque-em132 .clima-header-em132 { background: var(--cor-secundaria); }\n    .clima-destaque-em132 .clima-header-em132 .clima-titulo-em132 { color: var(--cor-txt-secundaria) !important; } \n    .clima-pill-em132 { display: flex; white-space: normal; max-width: 100%; box-sizing: border-box; justify-content: center; align-items: center; text-align: center; background: #e8ebf2; color: var(--cor-primaria); font-size: 11px; font-weight: 900 !important; letter-spacing: 0.5px; padding: 8px 16px; border-radius: 16px; text-transform: uppercase; line-height: 1.4; box-shadow: 0 4px 8px rgba(0,0,0, 0.15); margin-top: auto; transition: transform 0.2s ease; }\n    .clima-destaque-em132 .clima-pill-em132 { background: var(--cor-primaria); color: #ffffff; border: 1px solid #ffffff; } \n    .clima-card-em132:hover .clima-pill-em132 { transform: scale(1.06); }\n    .clima-pill-em132 span { font-weight: 900 !important; color: inherit; } \n    .clima-emoji-em132 { font-size: 24px; line-height: 1; margin-bottom: 5px; }\n    .clima-titulo-em132 { color: var(--cor-primaria); font-size: 16px; text-transform: uppercase; margin-top: 5px; font-weight: bold; }\n    .clima-mes-em132 { font-size: 11px; font-weight: 800; color: var(--cor-primaria); text-transform: uppercase; margin-bottom: 5px; display: block; }\n    .clima-temp-em132 { font-size: 26px; font-weight: 900; color: var(--cor-primaria); margin-bottom: 10px; }\n    .clima-desc-em132 { font-size: 13px; color: #444; text-align: center; line-height: 1.5; margin-bottom: 15px; flex-grow: 1;}\n    .clima-desc-em132 strong { color: #111; }\n    @media (prefers-color-scheme: dark) {\n        .clima-card-em132 { border-color: #2b4182; background-color: #2b4182; box-shadow: 0 6px 12px rgba(0,0,0, 0.5); }\n        .clima-header-em132 { background: #1a1a1a; } .clima-body-em132 { background: #121212; }\n        .clima-destaque-em132 .clima-header-em132 { background: var(--cor-secundaria); }\n        .clima-destaque-em132 .clima-header-em132 .clima-titulo-em132 { color: var(--cor-txt-secundaria) !important; }\n        .clima-titulo-em132 { color: #8da5e8; } .clima-mes-em132 { color: #8da5e8; } .clima-temp-em132 { color: #8da5e8; } .clima-desc-em132 { color: #cccccc; } .clima-desc-em132 strong { color: #ffffff; }\n        .clima-pill-em132 { background: #2b4182; color: #ffffff; box-shadow: 0 4px 8px rgba(0, 0, 0, 0.5); }\n        .clima-destaque-em132 .clima-pill-em132 { background: #3b55a0; color: #ffffff; border-color: #8da5e8; }\n    }\n<\/style>\n<div class=\"google-auto-ads-ignore clima-grid-em132\" style=\"box-sizing: border-box; width: 100%; max-width: 980px; margin: 30px auto; font-family: 'Segoe UI', Roboto, Helvetica, Arial, sans-serif;\">\n    <div class=\"clima-card-em132 clima-destaque-em132\" tabindex=\"0\">\n        <div class=\"clima-header-em132\"><div class=\"clima-emoji-em132\" aria-hidden=\"true\">\u2600\ufe0f<\/div><div class=\"clima-titulo-em132\">Seca Alta<\/div><\/div>\n        <div class=\"clima-body-em132\">\n            <time class=\"clima-mes-em132\">Maio a agosto<\/time><div class=\"clima-temp-em132\">18\u00b0C a 34\u00b0C<\/div>\n            <div class=\"clima-desc-em132\">A aus\u00eancia de chuvas deixa as estradas de terra excelentes e seguras. \u00c9poca ideal para as <strong>trilhas e mergulhar nos fervedouros com \u00e1gua cristalina<\/strong>.<\/div>\n            <div class=\"clima-pill-em132\"><span>\u2b50 Melhor \u00c9poca \/ Fervedouros<\/span><\/div>\n        <\/div>\n    <\/div>\n    <div class=\"clima-card-em132\" tabindex=\"0\">\n        <div class=\"clima-header-em132\"><div class=\"clima-emoji-em132\" aria-hidden=\"true\">\ud83c\udf3e<\/div><div class=\"clima-titulo-em132\">Colheita do Capim<\/div><\/div>\n        <div class=\"clima-body-em132\">\n            <time class=\"clima-mes-em132\">Setembro a novembro<\/time><div class=\"clima-temp-em132\">22\u00b0C a 36\u00b0C<\/div>\n            <div class=\"clima-desc-em132\">O calor extremo \u00e9 a marca do per\u00edodo. A grande atra\u00e7\u00e3o tur\u00edstica \u00e9 o rico artesanato na <strong>Festa da Colheita em Mumbuca e suas oficinas<\/strong>.<\/div>\n            <div class=\"clima-pill-em132\"><span>\u2601\ufe0f Chuva M\u00e9dia<\/span><\/div>\n        <\/div>\n    <\/div>\n    <div class=\"clima-card-em132\" tabindex=\"0\">\n        <div class=\"clima-header-em132\"><div class=\"clima-emoji-em132\" aria-hidden=\"true\">\u2614<\/div><div class=\"clima-titulo-em132\">Chuvas<\/div><\/div>\n        <div class=\"clima-body-em132\">\n            <time class=\"clima-mes-em132\">Dezembro a mar\u00e7o<\/time><div class=\"clima-temp-em132\">22\u00b0C a 32\u00b0C<\/div>\n            <div class=\"clima-desc-em132\">As precipita\u00e7\u00f5es do clima tropical semi\u00famido tornam as estradas desafiadoras, mas deixam as <strong>cachoeiras com volume cheio e o Cerrado muito florido<\/strong>.<\/div>\n            <div class=\"clima-pill-em132\"><span>\u2614 Chuva Alta \/ Estradas Ruins<\/span><\/div>\n        <\/div>\n    <\/div>\n    <div class=\"clima-card-em132\" tabindex=\"0\">\n        <div class=\"clima-header-em132\"><div class=\"clima-emoji-em132\" aria-hidden=\"true\">\ud83d\udef6<\/div><div class=\"clima-titulo-em132\">Transi\u00e7\u00e3o<\/div><\/div>\n        <div class=\"clima-body-em132\">\n            <time class=\"clima-mes-em132\">Abril<\/time><div class=\"clima-temp-em132\">20\u00b0C a 33\u00b0C<\/div>\n            <div class=\"clima-desc-em132\">Um m\u00eas curto que despede as \u00e1guas e recebe os aventureiros. Aproveite o excelente volume h\u00eddrico para fazer o <strong>rafting no Rio Novo e visita \u00e0s comunidades<\/strong>.<\/div>\n            <div class=\"clima-pill-em132\"><span>\u2601\ufe0f Chuva M\u00e9dia<\/span><\/div>\n        <\/div>\n    <\/div>\n<\/div>\n\n\n\n<p><em>Temperaturas aproximadas com base no <a href=\"https:\/\/www.climatempo.com.br\/previsao-do-tempo\/cidade\/6557\/mateiros-to\" target=\"_blank\" rel=\"noreferrer noopener\"><strong>Climatempo<\/strong><\/a>. Condi\u00e7\u00f5es podem variar.<\/em><\/p>\n\n\n\n<p>Quem viaja na seca enfrenta menos lama, mas mais areia fofa e poeira. O per\u00edodo de maio a setembro \u00e9 considerado a alta temporada do ecoturismo, segundo o site oficial do governo estadual.<\/p>\n\n\n\n<h2 class=\"wp-block-heading\">Como chegar aos vilarejos do Jalap\u00e3o?<\/h2>\n\n\n\n<p>O acesso principal \u00e9 pelo <strong>Aeroporto de Palmas<\/strong>, capital do <strong>Tocantins<\/strong>. De l\u00e1, o trajeto at\u00e9 <strong>Mateiros<\/strong> tem cerca de 340 km e leva entre 6 e 8 horas pelas estradas de terra que cortam o Cerrado. Para Ponte Alta do Tocantins, s\u00e3o aproximadamente 180 km, num percurso de 3 a 4 horas.<\/p>\n\n\n\n<p>Ve\u00edculos 4&#215;4 s\u00e3o essenciais. As trilhas t\u00eam trechos de areia profunda, atoleiros na \u00e9poca das chuvas e poucos pontos de apoio entre os povoados. A maioria dos visitantes opta por ag\u00eancias locais com motoristas experientes para garantir seguran\u00e7a.<\/p>\n\n\n\n<p><strong>Leia tamb\u00e9m: <a href=\"https:\/\/www.em.com.br\/emfoco\/2026\/04\/17\/a-capital-nacional-do-milho-a-cidade-a-5-horas-da-capital-esta-conquistando-os-brasileiros-com-qualidade-de-vida-e-bons-indices-de-seguranca\/\" target=\"_blank\" rel=\"noreferrer noopener\">A Capital Nacional do Milho: a cidade a 5 horas da capital est\u00e1 conquistando os brasileiros com qualidade de vida e bons \u00edndices de seguran\u00e7a<\/a><\/strong><\/p>\n\n\n\n<h2 class=\"wp-block-heading\">Vale a pena conhecer o Jalap\u00e3o profundo<\/h2>\n\n\n\n<p>Os vilarejos do Jalap\u00e3o entregam o que poucos destinos brasileiros conseguem reunir: paisagens raras do Cerrado, comunidades quilombolas que mant\u00eam a tradi\u00e7\u00e3o viva e um artesanato reconhecido por lei como patrim\u00f4nio nacional. Cada povoado preserva uma camada de hist\u00f3ria que sobreviveu ao isolamento.<\/p>\n\n\n\n<p>Voc\u00ea precisa entrar no Cerrado tocantinense e conhecer Mumbuca, Mateiros e os vilarejos vizinhos para entender por que o Jalap\u00e3o virou um dos destinos mais aut\u00eanticos do Brasil.<\/p>\n","protected":false},"excerpt":{"rendered":"<p>No leste do Tocantins, um conjunto de povoados isolados entre dunas, fervedouros e veredas guarda a hist\u00f3ria de um Brasil pouco conhecido. Os vilarejos do Jalap\u00e3o re\u00fanem comunidades quilombolas, artes\u00e3os premiados e tradi\u00e7\u00f5es centen\u00e1rias num dos cen\u00e1rios mais cinematogr\u00e1ficos do Cerrado. Mateiros virou capital nacional gra\u00e7as a um capim que parece ouro Em dezembro de [&hellip;]<\/p>\n","protected":false},"author":6,"featured_media":168193,"comment_status":"open","ping_status":"open","sticky":false,"template":"","format":"standard","meta":{"jnews-multi-image_gallery":[],"jnews_single_post":{"format":"standard"},"jnews_primary_category":[],"jnews_social_meta":[],"jnews_override_counter":[],"footnotes":""},"categories":[26],"tags":[183,12463,2919],"class_list":["post-200519","post","type-post","status-publish","format-standard","has-post-thumbnail","hentry","category-cidades","tag-cidades","tag-jalapao","tag-tocantins"],"yoast_head":"<!-- This site is optimized with the Yoast SEO plugin v23.8 - https:\/\/yoast.com\/wordpress\/plugins\/seo\/ -->\n<title>O vilarejo no cora\u00e7\u00e3o do Brasil onde fontes de \u00e1guas cristalinas e dunas douradas encantam qualquer visitante - Estado de Minas - Em foco<\/title>\n<meta name=\"description\" content=\"No cora\u00e7\u00e3o do Brasil, este vilarejo guarda fontes de \u00e1guas cristalinas e dunas douradas que encantam viajantes.\" \/>\n<meta name=\"robots\" content=\"index, follow, max-snippet:-1, max-image-preview:large, max-video-preview:-1\" \/>\n<link rel=\"canonical\" href=\"https:\/\/www.em.com.br\/emfoco\/2026\/04\/28\/o-vilarejo-no-coracao-do-brasil-onde-fontes-de-aguas-cristalinas-e-dunas-douradas-encantam-qualquer-visitante\/\" \/>\n<meta property=\"og:locale\" content=\"pt_BR\" \/>\n<meta property=\"og:type\" content=\"article\" \/>\n<meta property=\"og:title\" content=\"O vilarejo no cora\u00e7\u00e3o do Brasil onde fontes de \u00e1guas cristalinas e dunas douradas encantam qualquer visitante - Estado de Minas - Em foco\" \/>\n<meta property=\"og:description\" content=\"No cora\u00e7\u00e3o do Brasil, este vilarejo guarda fontes de \u00e1guas cristalinas e dunas douradas que encantam viajantes.\" \/>\n<meta property=\"og:url\" content=\"https:\/\/www.em.com.br\/emfoco\/2026\/04\/28\/o-vilarejo-no-coracao-do-brasil-onde-fontes-de-aguas-cristalinas-e-dunas-douradas-encantam-qualquer-visitante\/\" \/>\n<meta property=\"og:site_name\" content=\"Estado de Minas - Em foco\" \/>\n<meta property=\"article:published_time\" content=\"2026-04-28T18:05:00+00:00\" \/>\n<meta property=\"article:modified_time\" content=\"2026-04-28T08:20:08+00:00\" \/>\n<meta property=\"og:image\" content=\"https:\/\/www.em.com.br\/emfoco\/wp-content\/uploads\/2026\/02\/jalapao3.jpg\" \/>\n\t<meta property=\"og:image:width\" content=\"1280\" \/>\n\t<meta property=\"og:image:height\" content=\"720\" \/>\n\t<meta property=\"og:image:type\" content=\"image\/jpeg\" \/>\n<meta name=\"author\" content=\"Vitor Bruno\" \/>\n<meta name=\"twitter:card\" content=\"summary_large_image\" \/>\n<meta name=\"twitter:label1\" content=\"Escrito por\" \/>\n\t<meta name=\"twitter:data1\" content=\"Vitor Bruno\" \/>\n\t<meta name=\"twitter:label2\" content=\"Est. tempo de leitura\" \/>\n\t<meta name=\"twitter:data2\" content=\"5 minutos\" \/>\n<!-- \/ Yoast SEO plugin. -->","yoast_head_json":{"title":"O vilarejo no cora\u00e7\u00e3o do Brasil onde fontes de \u00e1guas cristalinas e dunas douradas encantam qualquer visitante - Estado de Minas - Em foco","description":"No cora\u00e7\u00e3o do Brasil, este vilarejo guarda fontes de \u00e1guas cristalinas e dunas douradas que encantam viajantes.","robots":{"index":"index","follow":"follow","max-snippet":"max-snippet:-1","max-image-preview":"max-image-preview:large","max-video-preview":"max-video-preview:-1"},"canonical":"https:\/\/www.em.com.br\/emfoco\/2026\/04\/28\/o-vilarejo-no-coracao-do-brasil-onde-fontes-de-aguas-cristalinas-e-dunas-douradas-encantam-qualquer-visitante\/","og_locale":"pt_BR","og_type":"article","og_title":"O vilarejo no cora\u00e7\u00e3o do Brasil onde fontes de \u00e1guas cristalinas e dunas douradas encantam qualquer visitante - Estado de Minas - Em foco","og_description":"No cora\u00e7\u00e3o do Brasil, este vilarejo guarda fontes de \u00e1guas cristalinas e dunas douradas que encantam viajantes.","og_url":"https:\/\/www.em.com.br\/emfoco\/2026\/04\/28\/o-vilarejo-no-coracao-do-brasil-onde-fontes-de-aguas-cristalinas-e-dunas-douradas-encantam-qualquer-visitante\/","og_site_name":"Estado de Minas - Em foco","article_published_time":"2026-04-28T18:05:00+00:00","article_modified_time":"2026-04-28T08:20:08+00:00","og_image":[{"width":1280,"height":720,"url":"https:\/\/www.em.com.br\/emfoco\/wp-content\/uploads\/2026\/02\/jalapao3.jpg","type":"image\/jpeg"}],"author":"Vitor Bruno","twitter_card":"summary_large_image","twitter_misc":{"Escrito por":"Vitor Bruno","Est. tempo de leitura":"5 minutos"},"schema":{"@context":"https:\/\/schema.org","@graph":[{"@type":"WebPage","@id":"https:\/\/www.em.com.br\/emfoco\/2026\/04\/28\/o-vilarejo-no-coracao-do-brasil-onde-fontes-de-aguas-cristalinas-e-dunas-douradas-encantam-qualquer-visitante\/","url":"https:\/\/www.em.com.br\/emfoco\/2026\/04\/28\/o-vilarejo-no-coracao-do-brasil-onde-fontes-de-aguas-cristalinas-e-dunas-douradas-encantam-qualquer-visitante\/","name":"O vilarejo no cora\u00e7\u00e3o do Brasil onde fontes de \u00e1guas cristalinas e dunas douradas encantam qualquer visitante - Estado de Minas - Em foco","isPartOf":{"@id":"https:\/\/www.em.com.br\/emfoco\/#website"},"primaryImageOfPage":{"@id":"https:\/\/www.em.com.br\/emfoco\/2026\/04\/28\/o-vilarejo-no-coracao-do-brasil-onde-fontes-de-aguas-cristalinas-e-dunas-douradas-encantam-qualquer-visitante\/#primaryimage"},"image":{"@id":"https:\/\/www.em.com.br\/emfoco\/2026\/04\/28\/o-vilarejo-no-coracao-do-brasil-onde-fontes-de-aguas-cristalinas-e-dunas-douradas-encantam-qualquer-visitante\/#primaryimage"},"thumbnailUrl":"https:\/\/www.em.com.br\/emfoco\/wp-content\/uploads\/2026\/02\/jalapao3.jpg","datePublished":"2026-04-28T18:05:00+00:00","dateModified":"2026-04-28T08:20:08+00:00","author":{"@id":"https:\/\/www.em.com.br\/emfoco\/#\/schema\/person\/364ac1852fafd00f1be20f0b8b237569"},"description":"No cora\u00e7\u00e3o do Brasil, este vilarejo guarda fontes de \u00e1guas cristalinas e dunas douradas que encantam viajantes.","breadcrumb":{"@id":"https:\/\/www.em.com.br\/emfoco\/2026\/04\/28\/o-vilarejo-no-coracao-do-brasil-onde-fontes-de-aguas-cristalinas-e-dunas-douradas-encantam-qualquer-visitante\/#breadcrumb"},"inLanguage":"pt-BR","potentialAction":[{"@type":"ReadAction","target":["https:\/\/www.em.com.br\/emfoco\/2026\/04\/28\/o-vilarejo-no-coracao-do-brasil-onde-fontes-de-aguas-cristalinas-e-dunas-douradas-encantam-qualquer-visitante\/"]}]},{"@type":"ImageObject","inLanguage":"pt-BR","@id":"https:\/\/www.em.com.br\/emfoco\/2026\/04\/28\/o-vilarejo-no-coracao-do-brasil-onde-fontes-de-aguas-cristalinas-e-dunas-douradas-encantam-qualquer-visitante\/#primaryimage","url":"https:\/\/www.em.com.br\/emfoco\/wp-content\/uploads\/2026\/02\/jalapao3.jpg","contentUrl":"https:\/\/www.em.com.br\/emfoco\/wp-content\/uploads\/2026\/02\/jalapao3.jpg","width":1280,"height":720,"caption":"Jalap\u00e3o une dunas douradas e fervedouros que n\u00e3o deixam afundar no Tocantins (imagem ilustrativa)"},{"@type":"BreadcrumbList","@id":"https:\/\/www.em.com.br\/emfoco\/2026\/04\/28\/o-vilarejo-no-coracao-do-brasil-onde-fontes-de-aguas-cristalinas-e-dunas-douradas-encantam-qualquer-visitante\/#breadcrumb","itemListElement":[{"@type":"ListItem","position":1,"name":"In\u00edcio","item":"https:\/\/www.em.com.br\/emfoco\/"},{"@type":"ListItem","position":2,"name":"O vilarejo no cora\u00e7\u00e3o do Brasil onde fontes de \u00e1guas cristalinas e dunas douradas encantam qualquer visitante"}]},{"@type":"WebSite","@id":"https:\/\/www.em.com.br\/emfoco\/#website","url":"https:\/\/www.em.com.br\/emfoco\/","name":"Estado de Minas - Em foco","description":"Acompanhe as \u00faltimas not\u00edcias e fique bem informado sobre tudo o que acontece em Minas Gerais, Brasil e no mundo.","potentialAction":[{"@type":"SearchAction","target":{"@type":"EntryPoint","urlTemplate":"https:\/\/www.em.com.br\/emfoco\/?s={search_term_string}"},"query-input":{"@type":"PropertyValueSpecification","valueRequired":true,"valueName":"search_term_string"}}],"inLanguage":"pt-BR"},{"@type":"Person","@id":"https:\/\/www.em.com.br\/emfoco\/#\/schema\/person\/364ac1852fafd00f1be20f0b8b237569","name":"Vitor Bruno","image":{"@type":"ImageObject","inLanguage":"pt-BR","@id":"https:\/\/www.em.com.br\/emfoco\/#\/schema\/person\/image\/","url":"https:\/\/secure.gravatar.com\/avatar\/b719e5cdede09f942064960883b5524d?s=96&d=mm&r=g","contentUrl":"https:\/\/secure.gravatar.com\/avatar\/b719e5cdede09f942064960883b5524d?s=96&d=mm&r=g","caption":"Vitor Bruno"},"sameAs":["https:\/\/www.em.com.br\/emfoco\/"],"url":"https:\/\/www.em.com.br\/emfoco\/author\/vitormyth\/"}]}},"_links":{"self":[{"href":"https:\/\/www.em.com.br\/emfoco\/wp-json\/wp\/v2\/posts\/200519","targetHints":{"allow":["GET"]}}],"collection":[{"href":"https:\/\/www.em.com.br\/emfoco\/wp-json\/wp\/v2\/posts"}],"about":[{"href":"https:\/\/www.em.com.br\/emfoco\/wp-json\/wp\/v2\/types\/post"}],"author":[{"embeddable":true,"href":"https:\/\/www.em.com.br\/emfoco\/wp-json\/wp\/v2\/users\/6"}],"replies":[{"embeddable":true,"href":"https:\/\/www.em.com.br\/emfoco\/wp-json\/wp\/v2\/comments?post=200519"}],"version-history":[{"count":8,"href":"https:\/\/www.em.com.br\/emfoco\/wp-json\/wp\/v2\/posts\/200519\/revisions"}],"predecessor-version":[{"id":200823,"href":"https:\/\/www.em.com.br\/emfoco\/wp-json\/wp\/v2\/posts\/200519\/revisions\/200823"}],"wp:featuredmedia":[{"embeddable":true,"href":"https:\/\/www.em.com.br\/emfoco\/wp-json\/wp\/v2\/media\/168193"}],"wp:attachment":[{"href":"https:\/\/www.em.com.br\/emfoco\/wp-json\/wp\/v2\/media?parent=200519"}],"wp:term":[{"taxonomy":"category","embeddable":true,"href":"https:\/\/www.em.com.br\/emfoco\/wp-json\/wp\/v2\/categories?post=200519"},{"taxonomy":"post_tag","embeddable":true,"href":"https:\/\/www.em.com.br\/emfoco\/wp-json\/wp\/v2\/tags?post=200519"}],"curies":[{"name":"wp","href":"https:\/\/api.w.org\/{rel}","templated":true}]}}