{"id":200518,"date":"2026-04-28T19:55:00","date_gmt":"2026-04-28T22:55:00","guid":{"rendered":"https:\/\/www.em.com.br\/emfoco\/?p=200518"},"modified":"2026-04-28T05:20:22","modified_gmt":"2026-04-28T08:20:22","slug":"a-cidade-mineira-onde-onde-nasceu-o-primeiro-queijo-patrimonio-mundial-em-2024","status":"publish","type":"post","link":"https:\/\/www.em.com.br\/emfoco\/2026\/04\/28\/a-cidade-mineira-onde-onde-nasceu-o-primeiro-queijo-patrimonio-mundial-em-2024\/","title":{"rendered":"A cidade mineira onde onde nasceu o primeiro queijo patrim\u00f4nio mundial em 2024"},"content":{"rendered":"\n<p>A 340 km de <strong>Belo Horizonte<\/strong>, <strong>Serro<\/strong> guarda um tra\u00e7ado colonial intacto desde o s\u00e9culo XVIII. \u00c9 o ber\u00e7o do queijo que entrou para a lista da UNESCO em dezembro de 2024.<\/p>\n\n\n\n<h2 class=\"wp-block-heading\">A primeira cidade tombada do Brasil veio antes de Ouro Preto<\/h2>\n\n\n\n<p>Pouca gente sabe, mas a antiga Vila do Pr\u00edncipe foi pioneira em algo grandioso. Em 8 de abril de 1938, o <a href=\"http:\/\/portal.iphan.gov.br\/pagina\/detalhes\/1296\" target=\"_blank\" rel=\"noreferrer noopener\"><strong>Instituto do Patrim\u00f4nio Hist\u00f3rico e Art\u00edstico Nacional (IPHAN)<\/strong><\/a> inscreveu o conjunto arquitet\u00f4nico e urban\u00edstico do Serro no Livro de Belas-Artes. Foi o primeiro tombamento de um munic\u00edpio brasileiro, antes de <strong>Ouro Preto<\/strong> e <strong>Diamantina<\/strong>.<\/p>\n\n\n\n<p>A hist\u00f3ria come\u00e7a em 1702, quando uma bandeira chefiada por <strong>Ant\u00f4nio Soares Ferreira<\/strong> descobriu ouro na regi\u00e3o chamada pelos ind\u00edgenas de Ivituru\u00ed. O nome vem do tupi-guarani e significa vento do morro frio. Em 1714, o arraial foi elevado \u00e0 categoria de vila e tornou-se sede de uma das quatro primeiras comarcas da Capitania das Minas Gerais.<\/p>\n\n\n\n<p>Quando o ouro e os diamantes se esgotaram no in\u00edcio do s\u00e9culo XX, a cidade ficou isolada dos novos centros econ\u00f4micos. Esse abandono salvou o casario. As ruas longitudinais, as igrejas barrocas e os sobrados coloniais permaneceram intactos, segundo a <a href=\"https:\/\/www.serro.mg.gov.br\/portal\/servicos\/1008\/o-serro\/\" target=\"_blank\" rel=\"noreferrer noopener\"><strong>Prefeitura de Serro<\/strong><\/a>.<\/p>\n\n\n<div class=\"wp-block-image\">\n<figure class=\"aligncenter size-large\"><img loading=\"lazy\" decoding=\"async\" width=\"1024\" height=\"576\" src=\"https:\/\/www.em.com.br\/emfoco\/wp-content\/uploads\/2026\/01\/serro-1024x576.jpg\" alt=\"\" class=\"wp-image-153353\" srcset=\"https:\/\/www.em.com.br\/emfoco\/wp-content\/uploads\/2026\/01\/serro-1024x576.jpg 1024w, https:\/\/www.em.com.br\/emfoco\/wp-content\/uploads\/2026\/01\/serro-300x169.jpg 300w, https:\/\/www.em.com.br\/emfoco\/wp-content\/uploads\/2026\/01\/serro-768x432.jpg 768w, https:\/\/www.em.com.br\/emfoco\/wp-content\/uploads\/2026\/01\/serro-750x422.jpg 750w, https:\/\/www.em.com.br\/emfoco\/wp-content\/uploads\/2026\/01\/serro-1140x641.jpg 1140w, https:\/\/www.em.com.br\/emfoco\/wp-content\/uploads\/2026\/01\/serro.jpg 1280w\" sizes=\"auto, (max-width: 1024px) 100vw, 1024px\" \/><figcaption class=\"wp-element-caption\">Ber\u00e7o do primeiro queijo patrim\u00f4nio nacional mant\u00e9m charme colonial intacto em Serro \/\/ Cr\u00e9ditos: Wikipedia<\/figcaption><\/figure><\/div>\n\n\n<h2 class=\"wp-block-heading\">Vale a pena viver na Terra do Queijo?<\/h2>\n\n\n\n<p>Para quem busca sil\u00eancio, ar puro e tradi\u00e7\u00e3o mineira preservada, sim. Serro tem 21.952 habitantes segundo o <a href=\"https:\/\/cidades.ibge.gov.br\/brasil\/mg\/serro\" target=\"_blank\" rel=\"noreferrer noopener\"><strong>Instituto Brasileiro de Geografia e Estat\u00edstica (IBGE)<\/strong><\/a> e ritmo lento de cidade interiorana, longe do turismo de massa de outras vilas hist\u00f3ricas mineiras.<\/p>\n\n\n\n<p>A economia local gira em torno da pecu\u00e1ria leiteira e da produ\u00e7\u00e3o do queijo artesanal. Serro acumula tr\u00eas t\u00edtulos pioneiros. Em 2002, o modo de fazer o Queijo do Serro foi o primeiro bem cultural imaterial registrado pelo <strong>Instituto Estadual do Patrim\u00f4nio Hist\u00f3rico e Art\u00edstico de Minas Gerais (IEPHA-MG)<\/strong>. Em 2008, o IPHAN ampliou o reconhecimento ao n\u00edvel nacional.<\/p>\n\n\n\n<p>O cap\u00edtulo mais expressivo veio em 4 de dezembro de 2024. Durante a 19\u00aa Sess\u00e3o do Comit\u00ea Intergovernamental, em <strong>Assun\u00e7\u00e3o<\/strong>, no <strong>Paraguai<\/strong>, os Modos de Fazer o Queijo Minas Artesanal foram inscritos na Lista do Patrim\u00f4nio Cultural Imaterial da Humanidade pela <a href=\"https:\/\/www.mg.gov.br\/agricultura\/noticias\/governo-de-minas-celebra-reconhecimento-dos-modos-de-fazer-o-queijo-minas\" target=\"_blank\" rel=\"noreferrer noopener\"><strong>Organiza\u00e7\u00e3o das Na\u00e7\u00f5es Unidas para a Educa\u00e7\u00e3o, a Ci\u00eancia e a Cultura (UNESCO)<\/strong><\/a>. Foi a primeira vez que um alimento brasileiro recebeu esse t\u00edtulo.<\/p>\n\n\n<div class=\"wp-block-image\">\n<figure class=\"aligncenter size-large\"><img loading=\"lazy\" decoding=\"async\" width=\"1024\" height=\"576\" src=\"https:\/\/www.em.com.br\/emfoco\/wp-content\/uploads\/2026\/01\/Serra3-1024x576.jpg\" alt=\"\" class=\"wp-image-153351\" srcset=\"https:\/\/www.em.com.br\/emfoco\/wp-content\/uploads\/2026\/01\/Serra3-1024x576.jpg 1024w, https:\/\/www.em.com.br\/emfoco\/wp-content\/uploads\/2026\/01\/Serra3-300x169.jpg 300w, https:\/\/www.em.com.br\/emfoco\/wp-content\/uploads\/2026\/01\/Serra3-768x432.jpg 768w, https:\/\/www.em.com.br\/emfoco\/wp-content\/uploads\/2026\/01\/Serra3-750x422.jpg 750w, https:\/\/www.em.com.br\/emfoco\/wp-content\/uploads\/2026\/01\/Serra3-1140x641.jpg 1140w, https:\/\/www.em.com.br\/emfoco\/wp-content\/uploads\/2026\/01\/Serra3.jpg 1280w\" sizes=\"auto, (max-width: 1024px) 100vw, 1024px\" \/><figcaption class=\"wp-element-caption\">Serro encanta com arquitetura colonial e sil\u00eancio das montanhas \/\/ Cr\u00e9ditos: Wikipedia<\/figcaption><\/figure><\/div>\n\n\n<p><strong>Leia tamb\u00e9m: <a href=\"https:\/\/www.em.com.br\/emfoco\/2026\/04\/17\/a-capital-nacional-do-milho-a-cidade-a-5-horas-da-capital-esta-conquistando-os-brasileiros-com-qualidade-de-vida-e-bons-indices-de-seguranca\/\" target=\"_blank\" rel=\"noreferrer noopener\">A Capital Nacional do Milho: a cidade a 5 horas da capital est\u00e1 conquistando os brasileiros com qualidade de vida e bons \u00edndices de seguran\u00e7a<\/a><\/strong><\/p>\n\n\n\n<h2 class=\"wp-block-heading\">O que fazer e onde comer no Caminho dos Diamantes?<\/h2>\n\n\n\n<p>O centro tombado \u00e9 um museu a c\u00e9u aberto que cabe em uma caminhada de algumas horas. Algumas atra\u00e7\u00f5es imperd\u00edveis:<\/p>\n\n\n\n<ul class=\"wp-block-list has-medium-font-size\">\n<li><strong>Igreja de Santa Rita<\/strong>: erguida no topo de uma escadaria de pedra que se transformou em cart\u00e3o postal, \u00e9 vista das principais ruas do centro hist\u00f3rico.<\/li>\n\n\n\n<li><strong>Igreja de Nossa Senhora do Ros\u00e1rio<\/strong>: erguida pelos negros escravizados no s\u00e9culo XVIII, guarda detalhes barrocos no interior e \u00e9 uma das mais importantes da Estrada Real.<\/li>\n\n\n\n<li><strong>Casa dos Otoni<\/strong>: sobrado do s\u00e9culo XVIII em estrutura de madeira com varanda e balaustrada, hoje abriga o Museu Regional Casa dos Otoni.<\/li>\n\n\n\n<li><strong>Ch\u00e1cara do Bar\u00e3o<\/strong>: constru\u00e7\u00e3o do s\u00e9culo XIX em madeira e taipa, com cantaria em pedra-sab\u00e3o e tanques de pedra do antigo sistema de abastecimento.<\/li>\n\n\n\n<li><strong>Distritos de Milho Verde e S\u00e3o Gon\u00e7alo do Rio das Pedras<\/strong>: vilas rurais com cachoeiras, casar\u00f5es e produtores tradicionais de queijo, ambos reconhecidos pelo turismo de experi\u00eancia da Estrada Real.<\/li>\n<\/ul>\n\n\n\n<p>A gastronomia segue a tradi\u00e7\u00e3o mineira mais aut\u00eantica, com receitas passadas h\u00e1 gera\u00e7\u00f5es. Entre os destaques:<\/p>\n\n\n\n<ul class=\"wp-block-list has-medium-font-size\">\n<li><strong>Queijo do Serro<\/strong>: o protagonista, feito com leite cru e pingo natural, \u00e9 vendido nas fazendas e nas quitandas do centro com mais de 300 anos de tradi\u00e7\u00e3o.<\/li>\n\n\n\n<li><strong>Doce de leite artesanal<\/strong>: produzido nas fazendas serranas em panelas de cobre, \u00e9 uma das maiores tradi\u00e7\u00f5es da Estrada Real.<\/li>\n\n\n\n<li><strong>Frango com quiabo e angu<\/strong>: prato t\u00edpico mineiro servido em restaurantes de comida caseira no centro hist\u00f3rico, com farofa de pequi como acompanhamento.<\/li>\n\n\n\n<li><strong>Quitandas mineiras<\/strong>: broas de fub\u00e1, biscoitos de polvilho e bolos caseiros vendidos em padarias e quitandas tradicionais como acompanhamento ao caf\u00e9.<\/li>\n<\/ul>\n\n\n\n<p>Quem busca conhecer as belezas e hist\u00f3rias de <strong>Minas Gerais<\/strong>, vai curtir esse v\u00eddeo especialmente selecionado do canal <strong>Boa Sorte Viajante &#8211; Matheus Boa Sorte<\/strong>, que conta com mais de <strong>1 milh\u00e3o<\/strong> de visualiza\u00e7\u00f5es, onde <strong>Matheus Boa Sorte<\/strong> mostra um roteiro completo pelo <strong>Serro<\/strong>, incluindo distritos como <strong>Milho Verde<\/strong> e a <strong>Serra do Carola<\/strong>:<\/p>\n\n\n\n<figure class=\"wp-block-embed is-type-video is-provider-youtube wp-block-embed-youtube wp-embed-aspect-16-9 wp-has-aspect-ratio\"><div class=\"wp-block-embed__wrapper\">\n<div class=\"jeg_video_container jeg_video_content\"><iframe loading=\"lazy\" title=\"SERRO\/MG | Uma viagem completa, por este para\u00edso mineiro!\" width=\"500\" height=\"281\" src=\"https:\/\/www.youtube.com\/embed\/qexRDQYxcaI?feature=oembed\" frameborder=\"0\" allow=\"accelerometer; autoplay; clipboard-write; encrypted-media; gyroscope; picture-in-picture; web-share\" referrerpolicy=\"strict-origin-when-cross-origin\" allowfullscreen><\/iframe><\/div>\n<\/div><\/figure>\n\n\n\n<h2 class=\"wp-block-heading\">Quando o clima favorece cada tipo de passeio?<\/h2>\n\n\n\n<p>O clima na Serra do Espinha\u00e7o \u00e9 ameno o ano todo, com noites frias mesmo no ver\u00e3o. Veja como cada esta\u00e7\u00e3o influencia a experi\u00eancia:<\/p>\n\n\n\n<style>\n    .clima-grid-em134 { \n        --cor-primaria: #1a2a57; --cor-secundaria: #1a2a57; --cor-txt-secundaria: #ffffff;\n        display: grid; grid-template-columns: repeat(auto-fit, minmax(190px, 1fr)); gap: 15px; justify-content: center; padding: 10px;\n    }\n    .clima-card-em134 { border: 5px solid var(--cor-primaria); border-top: 5px solid var(--cor-secundaria); border-radius: 12px; background-color: var(--cor-primaria); background-clip: padding-box; display: flex; flex-direction: column; overflow: hidden; cursor: pointer; box-shadow: 0 6px 12px rgba(0,0,0, 0.2); transition: transform 0.2s ease, box-shadow 0.2s ease; -webkit-tap-highlight-color: transparent; user-select: none; transform: translateZ(0); animation: wmFadeIn 0.6s cubic-bezier(0.2, 0.8, 0.2, 1) backwards; }\n    .clima-card-em134:focus-visible { outline: 3px dashed var(--cor-secundaria); outline-offset: 4px; }\n    .clima-card-em134:nth-child(1) { animation-delay: 0.1s; } .clima-card-em134:nth-child(2) { animation-delay: 0.2s; } .clima-card-em134:nth-child(3) { animation-delay: 0.3s; } .clima-card-em134:nth-child(4) { animation-delay: 0.4s; }\n    @keyframes wmFadeIn { from { opacity: 0; transform: translateY(30px); } to { opacity: 1; transform: translateY(0); } }\n    .clima-card-em134:hover { transform: translateY(-5px); box-shadow: 0 15px 30px rgba(0,0,0, 0.3); }\n    .clima-card-em134:active { transform: translateY(-1px) scale(0.97); box-shadow: 0 3px 6px rgba(0,0,0, 0.2); transition: transform 0.05s ease, box-shadow 0.05s ease; }\n    .clima-header-em134 { background: #fdfbf5; padding: 15px 10px; text-align: center; display: flex; flex-direction: column; align-items: center; justify-content: center; }\n    .clima-body-em134 { background: #ffffff; padding: 15px; display: flex; flex-direction: column; flex-grow: 1; align-items: center; }\n    .clima-destaque-em134 { box-shadow: 0 8px 16px rgba(0,0,0, 0.25); }\n    .clima-destaque-em134:hover { box-shadow: 0 18px 36px rgba(0,0,0, 0.35); }\n    .clima-destaque-em134 .clima-header-em134 { background: var(--cor-secundaria); }\n    .clima-destaque-em134 .clima-header-em134 .clima-titulo-em134 { color: var(--cor-txt-secundaria) !important; } \n    .clima-pill-em134 { display: flex; white-space: normal; max-width: 100%; box-sizing: border-box; justify-content: center; align-items: center; text-align: center; background: #e8ebf2; color: var(--cor-primaria); font-size: 11px; font-weight: 900 !important; letter-spacing: 0.5px; padding: 8px 16px; border-radius: 16px; text-transform: uppercase; line-height: 1.4; box-shadow: 0 4px 8px rgba(0,0,0, 0.15); margin-top: auto; transition: transform 0.2s ease; }\n    .clima-destaque-em134 .clima-pill-em134 { background: var(--cor-primaria); color: #ffffff; border: 1px solid #ffffff; } \n    .clima-card-em134:hover .clima-pill-em134 { transform: scale(1.06); }\n    .clima-pill-em134 span { font-weight: 900 !important; color: inherit; } \n    .clima-emoji-em134 { font-size: 24px; line-height: 1; margin-bottom: 5px; }\n    .clima-titulo-em134 { color: var(--cor-primaria); font-size: 16px; text-transform: uppercase; margin-top: 5px; font-weight: bold; }\n    .clima-mes-em134 { font-size: 11px; font-weight: 800; color: var(--cor-primaria); text-transform: uppercase; margin-bottom: 5px; display: block; }\n    .clima-temp-em134 { font-size: 26px; font-weight: 900; color: var(--cor-primaria); margin-bottom: 10px; }\n    .clima-desc-em134 { font-size: 13px; color: #444; text-align: center; line-height: 1.5; margin-bottom: 15px; flex-grow: 1;}\n    .clima-desc-em134 strong { color: #111; }\n    @media (prefers-color-scheme: dark) {\n        .clima-card-em134 { border-color: #2b4182; background-color: #2b4182; box-shadow: 0 6px 12px rgba(0,0,0, 0.5); }\n        .clima-header-em134 { background: #1a1a1a; } .clima-body-em134 { background: #121212; }\n        .clima-destaque-em134 .clima-header-em134 { background: var(--cor-secundaria); }\n        .clima-destaque-em134 .clima-header-em134 .clima-titulo-em134 { color: var(--cor-txt-secundaria) !important; }\n        .clima-titulo-em134 { color: #8da5e8; } .clima-mes-em134 { color: #8da5e8; } .clima-temp-em134 { color: #8da5e8; } .clima-desc-em134 { color: #cccccc; } .clima-desc-em134 strong { color: #ffffff; }\n        .clima-pill-em134 { background: #2b4182; color: #ffffff; box-shadow: 0 4px 8px rgba(0, 0, 0, 0.5); }\n        .clima-destaque-em134 .clima-pill-em134 { background: #3b55a0; color: #ffffff; border-color: #8da5e8; }\n    }\n<\/style>\n<div class=\"google-auto-ads-ignore clima-grid-em134\" style=\"box-sizing: border-box; width: 100%; max-width: 980px; margin: 30px auto; font-family: 'Segoe UI', Roboto, Helvetica, Arial, sans-serif;\">\n    <div class=\"clima-card-em134\" tabindex=\"0\">\n        <div class=\"clima-header-em134\"><div class=\"clima-emoji-em134\" aria-hidden=\"true\">\ud83d\udca6<\/div><div class=\"clima-titulo-em134\">Ver\u00e3o<\/div><\/div>\n        <div class=\"clima-body-em134\">\n            <time class=\"clima-mes-em134\">Dezembro a fevereiro<\/time><div class=\"clima-temp-em134\">17\u00b0C a 28\u00b0C<\/div>\n            <div class=\"clima-desc-em134\">Apesar do clima muito ameno nas montanhas, a esta\u00e7\u00e3o abriga fortes pancadas de chuva \u00e0 tarde. Programe os banhos nas <strong>cachoeiras pela manh\u00e3<\/strong>.<\/div>\n            <div class=\"clima-pill-em134\"><span>\u2614 Chuva Alta<\/span><\/div>\n        <\/div>\n    <\/div>\n    <div class=\"clima-card-em134\" tabindex=\"0\">\n        <div class=\"clima-header-em134\"><div class=\"clima-emoji-em134\" aria-hidden=\"true\">\u2615<\/div><div class=\"clima-titulo-em134\">Outono<\/div><\/div>\n        <div class=\"clima-body-em134\">\n            <time class=\"clima-mes-em134\">Mar\u00e7o a maio<\/time><div class=\"clima-temp-em134\">14\u00b0C a 26\u00b0C<\/div>\n            <div class=\"clima-desc-em134\">A umidade do ar cai progressivamente, criando um ambiente charmoso. Ideal para andar sem pressa pelo <strong>Centro hist\u00f3rico e visitar as quitandas<\/strong>.<\/div>\n            <div class=\"clima-pill-em134\"><span>\u2601\ufe0f Chuva M\u00e9dia<\/span><\/div>\n        <\/div>\n    <\/div>\n    <div class=\"clima-card-em134 clima-destaque-em134\" tabindex=\"0\">\n        <div class=\"clima-header-em134\"><div class=\"clima-emoji-em134\" aria-hidden=\"true\">\ud83c\udf89<\/div><div class=\"clima-titulo-em134\">Inverno<\/div><\/div>\n        <div class=\"clima-body-em134\">\n            <time class=\"clima-mes-em134\">Junho a agosto<\/time><div class=\"clima-temp-em134\">10\u00b0C a 23\u00b0C<\/div>\n            <div class=\"clima-desc-em134\">A grande alta temporada da serra! O frio intenso traz tempo seco para os roteiros pelas <strong>antigas fazendas e a monumental Festa do Divino<\/strong>.<\/div>\n            <div class=\"clima-pill-em134\"><span>\u2b50 Melhor \u00c9poca \/ Frio e Seco<\/span><\/div>\n        <\/div>\n    <\/div>\n    <div class=\"clima-card-em134\" tabindex=\"0\">\n        <div class=\"clima-header-em134\"><div class=\"clima-emoji-em134\" aria-hidden=\"true\">\ud83e\udd7e<\/div><div class=\"clima-titulo-em134\">Primavera<\/div><\/div>\n        <div class=\"clima-body-em134\">\n            <time class=\"clima-mes-em134\">Setembro a novembro<\/time><div class=\"clima-temp-em134\">13\u00b0C a 26\u00b0C<\/div>\n            <div class=\"clima-desc-em134\">A Serra do Espinha\u00e7o volta a esverdear com a transi\u00e7\u00e3o de chuvas na m\u00e9dia. \u00d3tima pedida para o ecoturismo nas <strong>trilhas da regi\u00e3o e em Milho Verde<\/strong>.<\/div>\n            <div class=\"clima-pill-em134\"><span>\u2601\ufe0f Chuva M\u00e9dia<\/span><\/div>\n        <\/div>\n    <\/div>\n<\/div>\n\n\n\n<p><em>Temperaturas aproximadas com base no <a href=\"https:\/\/www.climatempo.com.br\/previsao-do-tempo\/cidade\/4029\/serro-mg\" target=\"_blank\" rel=\"noreferrer noopener\"><strong>Climatempo<\/strong><\/a>. Condi\u00e7\u00f5es podem variar.<\/em><\/p>\n\n\n\n<h2 class=\"wp-block-heading\">Como chegar a Serro<\/h2>\n\n\n\n<p>O acesso a partir de <strong>Belo Horizonte<\/strong> \u00e9 feito pela <strong>MG-010<\/strong>, em trajeto de cerca de 340 km que leva quatro horas de carro. A rodovia conecta a capital mineira a uma s\u00e9rie de cidades hist\u00f3ricas da Estrada Real, passando pela <strong>Serra do Cip\u00f3<\/strong>. Linhas regulares de \u00f4nibus operam o trecho a partir do Terminal Rodovi\u00e1rio de Belo Horizonte. Para os distritos de <strong>Milho Verde<\/strong> e <strong>S\u00e3o Gon\u00e7alo do Rio das Pedras<\/strong>, parte do percurso \u00e9 por estrada de terra batida.<\/p>\n\n\n\n<h2 class=\"wp-block-heading\">V\u00e1 conhecer o ber\u00e7o do primeiro queijo patrim\u00f4nio mundial<\/h2>\n\n\n\n<p>A cidade combina tr\u00eas s\u00e9culos de hist\u00f3ria colonial intactos, o primeiro tombamento do <strong>Brasil<\/strong> e o queijo que entrou para a lista da humanidade. \u00c9 um destino para quem prefere o sossego das vilas mineiras aut\u00eanticas em vez do circuito tur\u00edstico tradicional.<\/p>\n\n\n\n<p>Voc\u00ea precisa subir a Serra do Espinha\u00e7o e conhecer Serro, a cidade onde o tempo parou para preservar uma das maiores tradi\u00e7\u00f5es gastron\u00f4micas do mundo.<\/p>\n","protected":false},"excerpt":{"rendered":"<p>A 340 km de Belo Horizonte, Serro guarda um tra\u00e7ado colonial intacto desde o s\u00e9culo XVIII. \u00c9 o ber\u00e7o do queijo que entrou para a lista da UNESCO em dezembro de 2024. A primeira cidade tombada do Brasil veio antes de Ouro Preto Pouca gente sabe, mas a antiga Vila do Pr\u00edncipe foi pioneira em [&hellip;]<\/p>\n","protected":false},"author":6,"featured_media":153352,"comment_status":"open","ping_status":"open","sticky":false,"template":"","format":"standard","meta":{"jnews-multi-image_gallery":[],"jnews_single_post":{"format":"standard"},"jnews_primary_category":[],"jnews_social_meta":[],"jnews_override_counter":[],"footnotes":""},"categories":[26],"tags":[183,207,470,22100],"class_list":["post-200518","post","type-post","status-publish","format-standard","has-post-thumbnail","hentry","category-cidades","tag-cidades","tag-minas-gerais","tag-queijo","tag-serro"],"yoast_head":"<!-- This site is optimized with the Yoast SEO plugin v23.8 - https:\/\/yoast.com\/wordpress\/plugins\/seo\/ -->\n<title>A cidade mineira onde onde nasceu o primeiro queijo patrim\u00f4nio mundial em 2024 - Estado de Minas - Em foco<\/title>\n<meta name=\"description\" content=\"Conhe\u00e7a o destino onde nasceu o primeiro queijo brasileiro com t\u00edtulo mundial. Tradi\u00e7\u00e3o mineira e sabor reconhecido pela UNESCO. Veja.\" \/>\n<meta name=\"robots\" content=\"index, follow, max-snippet:-1, max-image-preview:large, max-video-preview:-1\" \/>\n<link rel=\"canonical\" href=\"https:\/\/www.em.com.br\/emfoco\/2026\/04\/28\/a-cidade-mineira-onde-onde-nasceu-o-primeiro-queijo-patrimonio-mundial-em-2024\/\" \/>\n<meta property=\"og:locale\" content=\"pt_BR\" \/>\n<meta property=\"og:type\" content=\"article\" \/>\n<meta property=\"og:title\" content=\"A cidade mineira onde onde nasceu o primeiro queijo patrim\u00f4nio mundial em 2024 - Estado de Minas - Em foco\" \/>\n<meta property=\"og:description\" content=\"Conhe\u00e7a o destino onde nasceu o primeiro queijo brasileiro com t\u00edtulo mundial. Tradi\u00e7\u00e3o mineira e sabor reconhecido pela UNESCO. Veja.\" \/>\n<meta property=\"og:url\" content=\"https:\/\/www.em.com.br\/emfoco\/2026\/04\/28\/a-cidade-mineira-onde-onde-nasceu-o-primeiro-queijo-patrimonio-mundial-em-2024\/\" \/>\n<meta property=\"og:site_name\" content=\"Estado de Minas - Em foco\" \/>\n<meta property=\"article:published_time\" content=\"2026-04-28T22:55:00+00:00\" \/>\n<meta property=\"article:modified_time\" content=\"2026-04-28T08:20:22+00:00\" \/>\n<meta property=\"og:image\" content=\"https:\/\/www.em.com.br\/emfoco\/wp-content\/uploads\/2026\/01\/Serra2.jpg\" \/>\n\t<meta property=\"og:image:width\" content=\"1280\" \/>\n\t<meta property=\"og:image:height\" content=\"720\" \/>\n\t<meta property=\"og:image:type\" content=\"image\/jpeg\" \/>\n<meta name=\"author\" content=\"Vitor Bruno\" \/>\n<meta name=\"twitter:card\" content=\"summary_large_image\" \/>\n<meta name=\"twitter:label1\" content=\"Escrito por\" \/>\n\t<meta name=\"twitter:data1\" content=\"Vitor Bruno\" \/>\n\t<meta name=\"twitter:label2\" content=\"Est. tempo de leitura\" \/>\n\t<meta name=\"twitter:data2\" content=\"7 minutos\" \/>\n<!-- \/ Yoast SEO plugin. -->","yoast_head_json":{"title":"A cidade mineira onde onde nasceu o primeiro queijo patrim\u00f4nio mundial em 2024 - Estado de Minas - Em foco","description":"Conhe\u00e7a o destino onde nasceu o primeiro queijo brasileiro com t\u00edtulo mundial. Tradi\u00e7\u00e3o mineira e sabor reconhecido pela UNESCO. Veja.","robots":{"index":"index","follow":"follow","max-snippet":"max-snippet:-1","max-image-preview":"max-image-preview:large","max-video-preview":"max-video-preview:-1"},"canonical":"https:\/\/www.em.com.br\/emfoco\/2026\/04\/28\/a-cidade-mineira-onde-onde-nasceu-o-primeiro-queijo-patrimonio-mundial-em-2024\/","og_locale":"pt_BR","og_type":"article","og_title":"A cidade mineira onde onde nasceu o primeiro queijo patrim\u00f4nio mundial em 2024 - Estado de Minas - Em foco","og_description":"Conhe\u00e7a o destino onde nasceu o primeiro queijo brasileiro com t\u00edtulo mundial. Tradi\u00e7\u00e3o mineira e sabor reconhecido pela UNESCO. Veja.","og_url":"https:\/\/www.em.com.br\/emfoco\/2026\/04\/28\/a-cidade-mineira-onde-onde-nasceu-o-primeiro-queijo-patrimonio-mundial-em-2024\/","og_site_name":"Estado de Minas - Em foco","article_published_time":"2026-04-28T22:55:00+00:00","article_modified_time":"2026-04-28T08:20:22+00:00","og_image":[{"width":1280,"height":720,"url":"https:\/\/www.em.com.br\/emfoco\/wp-content\/uploads\/2026\/01\/Serra2.jpg","type":"image\/jpeg"}],"author":"Vitor Bruno","twitter_card":"summary_large_image","twitter_misc":{"Escrito por":"Vitor Bruno","Est. tempo de leitura":"7 minutos"},"schema":{"@context":"https:\/\/schema.org","@graph":[{"@type":"WebPage","@id":"https:\/\/www.em.com.br\/emfoco\/2026\/04\/28\/a-cidade-mineira-onde-onde-nasceu-o-primeiro-queijo-patrimonio-mundial-em-2024\/","url":"https:\/\/www.em.com.br\/emfoco\/2026\/04\/28\/a-cidade-mineira-onde-onde-nasceu-o-primeiro-queijo-patrimonio-mundial-em-2024\/","name":"A cidade mineira onde onde nasceu o primeiro queijo patrim\u00f4nio mundial em 2024 - Estado de Minas - Em foco","isPartOf":{"@id":"https:\/\/www.em.com.br\/emfoco\/#website"},"primaryImageOfPage":{"@id":"https:\/\/www.em.com.br\/emfoco\/2026\/04\/28\/a-cidade-mineira-onde-onde-nasceu-o-primeiro-queijo-patrimonio-mundial-em-2024\/#primaryimage"},"image":{"@id":"https:\/\/www.em.com.br\/emfoco\/2026\/04\/28\/a-cidade-mineira-onde-onde-nasceu-o-primeiro-queijo-patrimonio-mundial-em-2024\/#primaryimage"},"thumbnailUrl":"https:\/\/www.em.com.br\/emfoco\/wp-content\/uploads\/2026\/01\/Serra2.jpg","datePublished":"2026-04-28T22:55:00+00:00","dateModified":"2026-04-28T08:20:22+00:00","author":{"@id":"https:\/\/www.em.com.br\/emfoco\/#\/schema\/person\/364ac1852fafd00f1be20f0b8b237569"},"description":"Conhe\u00e7a o destino onde nasceu o primeiro queijo brasileiro com t\u00edtulo mundial. Tradi\u00e7\u00e3o mineira e sabor reconhecido pela UNESCO. Veja.","breadcrumb":{"@id":"https:\/\/www.em.com.br\/emfoco\/2026\/04\/28\/a-cidade-mineira-onde-onde-nasceu-o-primeiro-queijo-patrimonio-mundial-em-2024\/#breadcrumb"},"inLanguage":"pt-BR","potentialAction":[{"@type":"ReadAction","target":["https:\/\/www.em.com.br\/emfoco\/2026\/04\/28\/a-cidade-mineira-onde-onde-nasceu-o-primeiro-queijo-patrimonio-mundial-em-2024\/"]}]},{"@type":"ImageObject","inLanguage":"pt-BR","@id":"https:\/\/www.em.com.br\/emfoco\/2026\/04\/28\/a-cidade-mineira-onde-onde-nasceu-o-primeiro-queijo-patrimonio-mundial-em-2024\/#primaryimage","url":"https:\/\/www.em.com.br\/emfoco\/wp-content\/uploads\/2026\/01\/Serra2.jpg","contentUrl":"https:\/\/www.em.com.br\/emfoco\/wp-content\/uploads\/2026\/01\/Serra2.jpg","width":1280,"height":720,"caption":"Serro \u00e9 ber\u00e7o do primeiro queijo patrim\u00f4nio nacional do Brasil \/\/ Cr\u00e9ditos: Wikipedia"},{"@type":"BreadcrumbList","@id":"https:\/\/www.em.com.br\/emfoco\/2026\/04\/28\/a-cidade-mineira-onde-onde-nasceu-o-primeiro-queijo-patrimonio-mundial-em-2024\/#breadcrumb","itemListElement":[{"@type":"ListItem","position":1,"name":"In\u00edcio","item":"https:\/\/www.em.com.br\/emfoco\/"},{"@type":"ListItem","position":2,"name":"A cidade mineira onde onde nasceu o primeiro queijo patrim\u00f4nio mundial em 2024"}]},{"@type":"WebSite","@id":"https:\/\/www.em.com.br\/emfoco\/#website","url":"https:\/\/www.em.com.br\/emfoco\/","name":"Estado de Minas - Em foco","description":"Acompanhe as \u00faltimas not\u00edcias e fique bem informado sobre tudo o que acontece em Minas Gerais, Brasil e no mundo.","potentialAction":[{"@type":"SearchAction","target":{"@type":"EntryPoint","urlTemplate":"https:\/\/www.em.com.br\/emfoco\/?s={search_term_string}"},"query-input":{"@type":"PropertyValueSpecification","valueRequired":true,"valueName":"search_term_string"}}],"inLanguage":"pt-BR"},{"@type":"Person","@id":"https:\/\/www.em.com.br\/emfoco\/#\/schema\/person\/364ac1852fafd00f1be20f0b8b237569","name":"Vitor Bruno","image":{"@type":"ImageObject","inLanguage":"pt-BR","@id":"https:\/\/www.em.com.br\/emfoco\/#\/schema\/person\/image\/","url":"https:\/\/secure.gravatar.com\/avatar\/b719e5cdede09f942064960883b5524d?s=96&d=mm&r=g","contentUrl":"https:\/\/secure.gravatar.com\/avatar\/b719e5cdede09f942064960883b5524d?s=96&d=mm&r=g","caption":"Vitor Bruno"},"sameAs":["https:\/\/www.em.com.br\/emfoco\/"],"url":"https:\/\/www.em.com.br\/emfoco\/author\/vitormyth\/"}]}},"_links":{"self":[{"href":"https:\/\/www.em.com.br\/emfoco\/wp-json\/wp\/v2\/posts\/200518","targetHints":{"allow":["GET"]}}],"collection":[{"href":"https:\/\/www.em.com.br\/emfoco\/wp-json\/wp\/v2\/posts"}],"about":[{"href":"https:\/\/www.em.com.br\/emfoco\/wp-json\/wp\/v2\/types\/post"}],"author":[{"embeddable":true,"href":"https:\/\/www.em.com.br\/emfoco\/wp-json\/wp\/v2\/users\/6"}],"replies":[{"embeddable":true,"href":"https:\/\/www.em.com.br\/emfoco\/wp-json\/wp\/v2\/comments?post=200518"}],"version-history":[{"count":7,"href":"https:\/\/www.em.com.br\/emfoco\/wp-json\/wp\/v2\/posts\/200518\/revisions"}],"predecessor-version":[{"id":200825,"href":"https:\/\/www.em.com.br\/emfoco\/wp-json\/wp\/v2\/posts\/200518\/revisions\/200825"}],"wp:featuredmedia":[{"embeddable":true,"href":"https:\/\/www.em.com.br\/emfoco\/wp-json\/wp\/v2\/media\/153352"}],"wp:attachment":[{"href":"https:\/\/www.em.com.br\/emfoco\/wp-json\/wp\/v2\/media?parent=200518"}],"wp:term":[{"taxonomy":"category","embeddable":true,"href":"https:\/\/www.em.com.br\/emfoco\/wp-json\/wp\/v2\/categories?post=200518"},{"taxonomy":"post_tag","embeddable":true,"href":"https:\/\/www.em.com.br\/emfoco\/wp-json\/wp\/v2\/tags?post=200518"}],"curies":[{"name":"wp","href":"https:\/\/api.w.org\/{rel}","templated":true}]}}