{"id":200514,"date":"2026-04-27T18:30:00","date_gmt":"2026-04-27T21:30:00","guid":{"rendered":"https:\/\/www.em.com.br\/emfoco\/?p=200514"},"modified":"2026-04-27T16:12:32","modified_gmt":"2026-04-27T19:12:32","slug":"nova-medida-vai-beneficiar-cerca-de-4-milhoes-de-brasileiros-com-pagamento-de-ate-r-1-000-previsto-para-julho","status":"publish","type":"post","link":"https:\/\/www.em.com.br\/emfoco\/2026\/04\/27\/nova-medida-vai-beneficiar-cerca-de-4-milhoes-de-brasileiros-com-pagamento-de-ate-r-1-000-previsto-para-julho\/","title":{"rendered":"Nova medida vai beneficiar cerca de 4 milh\u00f5es de brasileiros com pagamento de at\u00e9 R$ 1.000 previsto para julho"},"content":{"rendered":"\n<p>A nova modalidade de restitui\u00e7\u00e3o autom\u00e1tica do Imposto de Renda, apelidada de <strong>\u201ccashback do IR\u201d<\/strong>, passa a fazer parte da rotina da <strong>Receita Federal<\/strong> como uma forma mais simples de devolver pequenos valores para quem n\u00e3o \u00e9 obrigado a declarar, mas teve imposto retido na fonte, reduzindo burocracia e evitando que dinheiro do contribuinte fique esquecido.<\/p>\n\n\n\n<h2 class=\"wp-block-heading\">O que \u00e9 a restitui\u00e7\u00e3o autom\u00e1tica do Imposto de Renda<\/h2>\n\n\n\n<p>A restitui\u00e7\u00e3o autom\u00e1tica do <strong>Imposto de Renda<\/strong> \u00e9 um modelo em que o contribuinte apto a receber n\u00e3o precisa, em regra, enviar a declara\u00e7\u00e3o tradicional para ter acesso ao valor retido. O sistema usa informa\u00e7\u00f5es j\u00e1 dispon\u00edveis nas bases da Receita para gerar uma esp\u00e9cie de declara\u00e7\u00e3o simplificada, que serve de base para o c\u00e1lculo da devolu\u00e7\u00e3o.<\/p>\n\n\n\n<p>O pagamento ser\u00e1 feito em lote \u00fanico, com previs\u00e3o de cr\u00e9dito em 15 de julho de 2026, diretamente na conta vinculada \u00e0 chave Pix por meio do <strong>CPF <\/strong>do benefici\u00e1rio. O limite de pagamento nessa modalidade \u00e9 de at\u00e9 <strong>R$ 1.000 <\/strong>por pessoa, com estimativa de valor m\u00e9dio em torno de R$ 125, evitando que quantias pequenas fiquem retidas sem motivo.<\/p>\n\n\n\n<figure class=\"wp-block-image size-large\"><img loading=\"lazy\" decoding=\"async\" width=\"1024\" height=\"576\" src=\"https:\/\/www.em.com.br\/emfoco\/wp-content\/uploads\/2026\/04\/Gemini_Generated_Image_9b9hag9b9hag9b9h-1-1024x576.png\" alt=\"Nova devolu\u00e7\u00e3o do IR surpreende quem nunca declarou\" class=\"wp-image-200546\" srcset=\"https:\/\/www.em.com.br\/emfoco\/wp-content\/uploads\/2026\/04\/Gemini_Generated_Image_9b9hag9b9hag9b9h-1-1024x576.png 1024w, https:\/\/www.em.com.br\/emfoco\/wp-content\/uploads\/2026\/04\/Gemini_Generated_Image_9b9hag9b9hag9b9h-1-300x169.png 300w, https:\/\/www.em.com.br\/emfoco\/wp-content\/uploads\/2026\/04\/Gemini_Generated_Image_9b9hag9b9hag9b9h-1-768x432.png 768w, https:\/\/www.em.com.br\/emfoco\/wp-content\/uploads\/2026\/04\/Gemini_Generated_Image_9b9hag9b9hag9b9h-1-750x422.png 750w, https:\/\/www.em.com.br\/emfoco\/wp-content\/uploads\/2026\/04\/Gemini_Generated_Image_9b9hag9b9hag9b9h-1-1140x641.png 1140w, https:\/\/www.em.com.br\/emfoco\/wp-content\/uploads\/2026\/04\/Gemini_Generated_Image_9b9hag9b9hag9b9h-1.png 1280w\" sizes=\"auto, (max-width: 1024px) 100vw, 1024px\" \/><figcaption class=\"wp-element-caption\">Nova devolu\u00e7\u00e3o do IR surpreende quem nunca declarou<\/figcaption><\/figure>\n\n\n\n<h2 class=\"wp-block-heading\">Quem ter\u00e1 direito \u00e0 restitui\u00e7\u00e3o autom\u00e1tica do IR<\/h2>\n\n\n\n<p>Ter\u00e3o direito \u00e0 restitui\u00e7\u00e3o autom\u00e1tica as pessoas que n\u00e3o forem obrigadas a entregar a declara\u00e7\u00e3o do ano-calend\u00e1rio de 2024, mas que, mesmo assim, tiveram imposto de renda retido na fonte em sal\u00e1rios, benef\u00edcios ou outros rendimentos tribut\u00e1veis. Em muitos casos, s\u00e3o trabalhadores que ganharam abaixo do limite de obrigatoriedade no total do ano, mas sofreram desconto em alguns meses.<\/p>\n\n\n\n<p>Al\u00e9m disso, a Receita Federal exige que o CPF esteja em situa\u00e7\u00e3o regular e que o contribuinte tenha uma chave Pix vinculada diretamente ao CPF, pois o pagamento ser\u00e1 feito apenas por essa modalidade. Para facilitar o entendimento, veja os principais requisitos que precisam ser atendidos:<\/p>\n\n\n\n<ul class=\"wp-block-list\">\n<li>N\u00e3o ter obriga\u00e7\u00e3o de declarar o IR referente a 2024.<\/li>\n\n\n\n<li>Ter tido imposto de renda retido na fonte em 2024.<\/li>\n\n\n\n<li>Manter o CPF regular e sem pend\u00eancias com o Fisco.<\/li>\n\n\n\n<li>Ter chave Pix cadastrada no banco vinculada ao CPF.<\/li>\n\n\n\n<li>N\u00e3o possuir restri\u00e7\u00f5es fiscais que impe\u00e7am o cr\u00e9dito.<\/li>\n<\/ul>\n\n\n\n<h2 class=\"wp-block-heading\">Como consultar e receber a restitui\u00e7\u00e3o autom\u00e1tica do IR<\/h2>\n\n\n\n<p>A consulta \u00e0 restitui\u00e7\u00e3o autom\u00e1tica do Imposto de Renda ser\u00e1 feita pelos canais digitais oficiais da Receita Federal, permitindo verificar se o contribuinte foi inclu\u00eddo no lote \u00fanico de julho. A partir de 15 de junho de 2026, o \u00f3rg\u00e3o come\u00e7a a processar as informa\u00e7\u00f5es com base nas declara\u00e7\u00f5es de fontes pagadoras, empresas, institui\u00e7\u00f5es financeiras e \u00f3rg\u00e3os p\u00fablicos.<\/p>\n\n\n\n<p>Os principais meios de verifica\u00e7\u00e3o ser\u00e3o o aplicativo <strong>Meu Imposto de Renda<\/strong>, o portal <strong>e-CAC<\/strong> (acessado com conta gov.br de n\u00edvel prata ou ouro) e o site da Receita Federal, na \u00e1rea de restitui\u00e7\u00f5es. Se a pessoa identificar, pelos extratos de rendimentos, que houve reten\u00e7\u00e3o de imposto, mas n\u00e3o aparecer como benefici\u00e1ria, poder\u00e1 solicitar revis\u00e3o pelo e-CAC, podendo ser exigidos documentos adicionais ou uma declara\u00e7\u00e3o simplificada.<\/p>\n\n\n\n<figure class=\"wp-block-image\"><img decoding=\"async\" src=\"https:\/\/www.em.com.br\/emfoco\/wp-content\/uploads\/2025\/04\/imposto-de-renda-brasil_1743523781271-1024x576.jpg\" alt=\"\"\/><figcaption class=\"wp-element-caption\">Nova devolu\u00e7\u00e3o do IR surpreende quem nunca declarou &#8211; Cr\u00e9ditos: depositphotos.com \/ Alisonnunes<\/figcaption><\/figure>\n\n\n\n<h2 class=\"wp-block-heading\">O que muda para quem j\u00e1 declara o Imposto de Renda<\/h2>\n\n\n\n<p>A cria\u00e7\u00e3o da restitui\u00e7\u00e3o autom\u00e1tica n\u00e3o substitui o calend\u00e1rio tradicional de pagamentos para quem envia a declara\u00e7\u00e3o completa do Imposto de Renda. Para esse grupo, continuam valendo os lotes regulares entre maio e agosto, com prioridades para idosos, pessoas com doen\u00e7as graves e quem optou pela declara\u00e7\u00e3o pr\u00e9-preenchida.<\/p>\n\n\n\n<p>Os valores liberados em julho de 2026 na modalidade autom\u00e1tica referem-se exclusivamente ao ano-calend\u00e1rio de 2024 e contemplam contribuintes que normalmente ficariam fora do sistema formal de restitui\u00e7\u00f5es. J\u00e1 as restitui\u00e7\u00f5es ligadas \u00e0 declara\u00e7\u00e3o de 2026 (ano-base 2025) seguir\u00e3o o cronograma tradicional, com cr\u00e9ditos divididos em v\u00e1rios lotes ao longo do ano seguinte.<\/p>\n\n\n\n<h2 class=\"wp-block-heading\">Quais s\u00e3o os impactos pr\u00e1ticos e por que agir desde j\u00e1<\/h2>\n\n\n\n<p>Na pr\u00e1tica, a restitui\u00e7\u00e3o autom\u00e1tica reduz a chance de pequenos valores permanecerem com o governo, beneficiando especialmente trabalhadores com renda mais baixa e rendimentos irregulares ao longo do ano. Com o uso do Pix e da chave CPF, o processo torna-se mais \u00e1gil, diminui erros de dados banc\u00e1rios e garante que o dinheiro volte mais rapidamente ao bolso do contribuinte.<\/p>\n\n\n\n<p>\u00c9 essencial que voc\u00ea regularize seu CPF, mantenha sua chave <strong>Pix <\/strong>pelo CPF ativa e acompanhe os canais oficiais da Receita para n\u00e3o perder o cr\u00e9dito em 2026. Revise agora seus informes de rendimentos, confirme se houve reten\u00e7\u00e3o em 2024 e organize seus dados: cada real faz diferen\u00e7a, e deixar de se preparar pode significar abrir m\u00e3o de um dinheiro que \u00e9 seu por direito.<\/p>\n","protected":false},"excerpt":{"rendered":"<p>A nova modalidade de restitui\u00e7\u00e3o autom\u00e1tica do Imposto de Renda, apelidada de \u201ccashback do IR\u201d, passa a fazer parte da rotina da Receita Federal como uma forma mais simples de devolver pequenos valores para quem n\u00e3o \u00e9 obrigado a declarar, mas teve imposto retido na fonte, reduzindo burocracia e evitando que dinheiro do contribuinte fique [&hellip;]<\/p>\n","protected":false},"author":11,"featured_media":200545,"comment_status":"open","ping_status":"open","sticky":false,"template":"","format":"standard","meta":{"jnews-multi-image_gallery":[],"jnews_single_post":{"format":"standard"},"jnews_primary_category":[],"jnews_social_meta":[],"jnews_override_counter":[],"footnotes":""},"categories":[28,1],"tags":[1571,716,713,1514,2208,7241],"class_list":["post-200514","post","type-post","status-publish","format-standard","has-post-thumbnail","hentry","category-economia","category-noticias","tag-cashback","tag-declaracao","tag-imposto-de-renda","tag-pix","tag-receita-federal","tag-restituicao"],"yoast_head":"<!-- This site is optimized with the Yoast SEO plugin v23.8 - https:\/\/yoast.com\/wordpress\/plugins\/seo\/ -->\n<title>Nova medida vai beneficiar cerca de 4 milh\u00f5es de brasileiros com pagamento de at\u00e9 R$ 1.000 previsto para julho - Estado de Minas - Em foco<\/title>\n<meta name=\"description\" content=\"Receita Federal vai pagar cashback do IR para quem teve imposto retido. Saiba quem recebe, como consultar e quando cai no Pix.\" \/>\n<meta name=\"robots\" content=\"index, follow, max-snippet:-1, max-image-preview:large, max-video-preview:-1\" \/>\n<link rel=\"canonical\" href=\"https:\/\/www.em.com.br\/emfoco\/2026\/04\/27\/nova-medida-vai-beneficiar-cerca-de-4-milhoes-de-brasileiros-com-pagamento-de-ate-r-1-000-previsto-para-julho\/\" \/>\n<meta property=\"og:locale\" content=\"pt_BR\" \/>\n<meta property=\"og:type\" content=\"article\" \/>\n<meta property=\"og:title\" content=\"Nova medida vai beneficiar cerca de 4 milh\u00f5es de brasileiros com pagamento de at\u00e9 R$ 1.000 previsto para julho - Estado de Minas - Em foco\" \/>\n<meta property=\"og:description\" content=\"Receita Federal vai pagar cashback do IR para quem teve imposto retido. Saiba quem recebe, como consultar e quando cai no Pix.\" \/>\n<meta property=\"og:url\" content=\"https:\/\/www.em.com.br\/emfoco\/2026\/04\/27\/nova-medida-vai-beneficiar-cerca-de-4-milhoes-de-brasileiros-com-pagamento-de-ate-r-1-000-previsto-para-julho\/\" \/>\n<meta property=\"og:site_name\" content=\"Estado de Minas - Em foco\" \/>\n<meta property=\"article:published_time\" content=\"2026-04-27T21:30:00+00:00\" \/>\n<meta property=\"article:modified_time\" content=\"2026-04-27T19:12:32+00:00\" \/>\n<meta property=\"og:image\" content=\"https:\/\/www.em.com.br\/emfoco\/wp-content\/uploads\/2026\/04\/Gemini_Generated_Image_qnvidqqnvidqqnvi-1.png\" \/>\n\t<meta property=\"og:image:width\" content=\"1280\" \/>\n\t<meta property=\"og:image:height\" content=\"720\" \/>\n\t<meta property=\"og:image:type\" content=\"image\/png\" \/>\n<meta name=\"author\" content=\"Andre\u0301 Rangel\u00a0\" \/>\n<meta name=\"twitter:card\" content=\"summary_large_image\" \/>\n<meta name=\"twitter:label1\" content=\"Escrito por\" \/>\n\t<meta name=\"twitter:data1\" content=\"Andre\u0301 Rangel\u00a0\" \/>\n\t<meta name=\"twitter:label2\" content=\"Est. tempo de leitura\" \/>\n\t<meta name=\"twitter:data2\" content=\"5 minutos\" \/>\n<!-- \/ Yoast SEO plugin. -->","yoast_head_json":{"title":"Nova medida vai beneficiar cerca de 4 milh\u00f5es de brasileiros com pagamento de at\u00e9 R$ 1.000 previsto para julho - Estado de Minas - Em foco","description":"Receita Federal vai pagar cashback do IR para quem teve imposto retido. Saiba quem recebe, como consultar e quando cai no Pix.","robots":{"index":"index","follow":"follow","max-snippet":"max-snippet:-1","max-image-preview":"max-image-preview:large","max-video-preview":"max-video-preview:-1"},"canonical":"https:\/\/www.em.com.br\/emfoco\/2026\/04\/27\/nova-medida-vai-beneficiar-cerca-de-4-milhoes-de-brasileiros-com-pagamento-de-ate-r-1-000-previsto-para-julho\/","og_locale":"pt_BR","og_type":"article","og_title":"Nova medida vai beneficiar cerca de 4 milh\u00f5es de brasileiros com pagamento de at\u00e9 R$ 1.000 previsto para julho - Estado de Minas - Em foco","og_description":"Receita Federal vai pagar cashback do IR para quem teve imposto retido. Saiba quem recebe, como consultar e quando cai no Pix.","og_url":"https:\/\/www.em.com.br\/emfoco\/2026\/04\/27\/nova-medida-vai-beneficiar-cerca-de-4-milhoes-de-brasileiros-com-pagamento-de-ate-r-1-000-previsto-para-julho\/","og_site_name":"Estado de Minas - Em foco","article_published_time":"2026-04-27T21:30:00+00:00","article_modified_time":"2026-04-27T19:12:32+00:00","og_image":[{"width":1280,"height":720,"url":"https:\/\/www.em.com.br\/emfoco\/wp-content\/uploads\/2026\/04\/Gemini_Generated_Image_qnvidqqnvidqqnvi-1.png","type":"image\/png"}],"author":"Andre\u0301 Rangel\u00a0","twitter_card":"summary_large_image","twitter_misc":{"Escrito por":"Andre\u0301 Rangel\u00a0","Est. tempo de leitura":"5 minutos"},"schema":{"@context":"https:\/\/schema.org","@graph":[{"@type":"WebPage","@id":"https:\/\/www.em.com.br\/emfoco\/2026\/04\/27\/nova-medida-vai-beneficiar-cerca-de-4-milhoes-de-brasileiros-com-pagamento-de-ate-r-1-000-previsto-para-julho\/","url":"https:\/\/www.em.com.br\/emfoco\/2026\/04\/27\/nova-medida-vai-beneficiar-cerca-de-4-milhoes-de-brasileiros-com-pagamento-de-ate-r-1-000-previsto-para-julho\/","name":"Nova medida vai beneficiar cerca de 4 milh\u00f5es de brasileiros com pagamento de at\u00e9 R$ 1.000 previsto para julho - Estado de Minas - Em foco","isPartOf":{"@id":"https:\/\/www.em.com.br\/emfoco\/#website"},"primaryImageOfPage":{"@id":"https:\/\/www.em.com.br\/emfoco\/2026\/04\/27\/nova-medida-vai-beneficiar-cerca-de-4-milhoes-de-brasileiros-com-pagamento-de-ate-r-1-000-previsto-para-julho\/#primaryimage"},"image":{"@id":"https:\/\/www.em.com.br\/emfoco\/2026\/04\/27\/nova-medida-vai-beneficiar-cerca-de-4-milhoes-de-brasileiros-com-pagamento-de-ate-r-1-000-previsto-para-julho\/#primaryimage"},"thumbnailUrl":"https:\/\/www.em.com.br\/emfoco\/wp-content\/uploads\/2026\/04\/Gemini_Generated_Image_qnvidqqnvidqqnvi-1.png","datePublished":"2026-04-27T21:30:00+00:00","dateModified":"2026-04-27T19:12:32+00:00","author":{"@id":"https:\/\/www.em.com.br\/emfoco\/#\/schema\/person\/60eda09c1fedf0d6891f4cef4b60b8b8"},"description":"Receita Federal vai pagar cashback do IR para quem teve imposto retido. Saiba quem recebe, como consultar e quando cai no Pix.","breadcrumb":{"@id":"https:\/\/www.em.com.br\/emfoco\/2026\/04\/27\/nova-medida-vai-beneficiar-cerca-de-4-milhoes-de-brasileiros-com-pagamento-de-ate-r-1-000-previsto-para-julho\/#breadcrumb"},"inLanguage":"pt-BR","potentialAction":[{"@type":"ReadAction","target":["https:\/\/www.em.com.br\/emfoco\/2026\/04\/27\/nova-medida-vai-beneficiar-cerca-de-4-milhoes-de-brasileiros-com-pagamento-de-ate-r-1-000-previsto-para-julho\/"]}]},{"@type":"ImageObject","inLanguage":"pt-BR","@id":"https:\/\/www.em.com.br\/emfoco\/2026\/04\/27\/nova-medida-vai-beneficiar-cerca-de-4-milhoes-de-brasileiros-com-pagamento-de-ate-r-1-000-previsto-para-julho\/#primaryimage","url":"https:\/\/www.em.com.br\/emfoco\/wp-content\/uploads\/2026\/04\/Gemini_Generated_Image_qnvidqqnvidqqnvi-1.png","contentUrl":"https:\/\/www.em.com.br\/emfoco\/wp-content\/uploads\/2026\/04\/Gemini_Generated_Image_qnvidqqnvidqqnvi-1.png","width":1280,"height":720,"caption":"Nova devolu\u00e7\u00e3o do IR surpreende quem nunca declarou"},{"@type":"BreadcrumbList","@id":"https:\/\/www.em.com.br\/emfoco\/2026\/04\/27\/nova-medida-vai-beneficiar-cerca-de-4-milhoes-de-brasileiros-com-pagamento-de-ate-r-1-000-previsto-para-julho\/#breadcrumb","itemListElement":[{"@type":"ListItem","position":1,"name":"In\u00edcio","item":"https:\/\/www.em.com.br\/emfoco\/"},{"@type":"ListItem","position":2,"name":"Nova medida vai beneficiar cerca de 4 milh\u00f5es de brasileiros com pagamento de at\u00e9 R$ 1.000 previsto para julho"}]},{"@type":"WebSite","@id":"https:\/\/www.em.com.br\/emfoco\/#website","url":"https:\/\/www.em.com.br\/emfoco\/","name":"Estado de Minas - Em foco","description":"Acompanhe as \u00faltimas not\u00edcias e fique bem informado sobre tudo o que acontece em Minas Gerais, Brasil e no mundo.","potentialAction":[{"@type":"SearchAction","target":{"@type":"EntryPoint","urlTemplate":"https:\/\/www.em.com.br\/emfoco\/?s={search_term_string}"},"query-input":{"@type":"PropertyValueSpecification","valueRequired":true,"valueName":"search_term_string"}}],"inLanguage":"pt-BR"},{"@type":"Person","@id":"https:\/\/www.em.com.br\/emfoco\/#\/schema\/person\/60eda09c1fedf0d6891f4cef4b60b8b8","name":"Andre\u0301 Rangel\u00a0","image":{"@type":"ImageObject","inLanguage":"pt-BR","@id":"https:\/\/www.em.com.br\/emfoco\/#\/schema\/person\/image\/","url":"https:\/\/secure.gravatar.com\/avatar\/6234dc814c77c8ef6d8bba622c787efc?s=96&d=mm&r=g","contentUrl":"https:\/\/secure.gravatar.com\/avatar\/6234dc814c77c8ef6d8bba622c787efc?s=96&d=mm&r=g","caption":"Andre\u0301 Rangel\u00a0"},"url":"https:\/\/www.em.com.br\/emfoco\/author\/luizmyth\/"}]}},"_links":{"self":[{"href":"https:\/\/www.em.com.br\/emfoco\/wp-json\/wp\/v2\/posts\/200514","targetHints":{"allow":["GET"]}}],"collection":[{"href":"https:\/\/www.em.com.br\/emfoco\/wp-json\/wp\/v2\/posts"}],"about":[{"href":"https:\/\/www.em.com.br\/emfoco\/wp-json\/wp\/v2\/types\/post"}],"author":[{"embeddable":true,"href":"https:\/\/www.em.com.br\/emfoco\/wp-json\/wp\/v2\/users\/11"}],"replies":[{"embeddable":true,"href":"https:\/\/www.em.com.br\/emfoco\/wp-json\/wp\/v2\/comments?post=200514"}],"version-history":[{"count":2,"href":"https:\/\/www.em.com.br\/emfoco\/wp-json\/wp\/v2\/posts\/200514\/revisions"}],"predecessor-version":[{"id":200547,"href":"https:\/\/www.em.com.br\/emfoco\/wp-json\/wp\/v2\/posts\/200514\/revisions\/200547"}],"wp:featuredmedia":[{"embeddable":true,"href":"https:\/\/www.em.com.br\/emfoco\/wp-json\/wp\/v2\/media\/200545"}],"wp:attachment":[{"href":"https:\/\/www.em.com.br\/emfoco\/wp-json\/wp\/v2\/media?parent=200514"}],"wp:term":[{"taxonomy":"category","embeddable":true,"href":"https:\/\/www.em.com.br\/emfoco\/wp-json\/wp\/v2\/categories?post=200514"},{"taxonomy":"post_tag","embeddable":true,"href":"https:\/\/www.em.com.br\/emfoco\/wp-json\/wp\/v2\/tags?post=200514"}],"curies":[{"name":"wp","href":"https:\/\/api.w.org\/{rel}","templated":true}]}}