{"id":200497,"date":"2026-04-27T11:40:00","date_gmt":"2026-04-27T14:40:00","guid":{"rendered":"https:\/\/www.em.com.br\/emfoco\/?p=200497"},"modified":"2026-04-27T11:38:15","modified_gmt":"2026-04-27T14:38:15","slug":"troquei-500-dolares-por-r-5-800-com-meu-primo-e-quase-destrui-minha-vida-sem-saber-que-estava-cometendo-um-crime","status":"publish","type":"post","link":"https:\/\/www.em.com.br\/emfoco\/2026\/04\/27\/troquei-500-dolares-por-r-5-800-com-meu-primo-e-quase-destrui-minha-vida-sem-saber-que-estava-cometendo-um-crime\/","title":{"rendered":"Troquei 500 d\u00f3lares por R$ 5.800 com meu primo e quase destru\u00ed minha vida sem saber que estava cometendo um crime"},"content":{"rendered":"\n<p>Jo\u00e3o era um funcion\u00e1rio de empresa comum, sem ficha policial, sem envolvimento com crimes. Combinava trocas de moeda com Carlos, seu primo que voltava dos Estados Unidos com d\u00f3lares sobrando. Pagava em reais, recebia em d\u00f3lares, sem banco, sem recibo, sem casa de c\u00e2mbio. Parecia uma negocia\u00e7\u00e3o informal entre amigos. Tr\u00eas anos depois, Jo\u00e3o saiu de um processo federal com o nome sujo, sem emprego e com uma d\u00edvida alta de honor\u00e1rios advocat\u00edcios, mesmo tendo sido absolvido ao final. O que ele n\u00e3o sabia \u00e9 que a compra e venda de\u00a0<strong>moeda estrangeira<\/strong>\u00a0fora do sistema autorizado \u00e9 crime no Brasil, e que a lei n\u00e3o distingue inten\u00e7\u00e3o de conduta.<\/p>\n\n\n\n<h2 class=\"wp-block-heading\">Por que trocar d\u00f3lar fora do banco configura crime?<\/h2>\n\n\n\n<p>A resposta est\u00e1 na&nbsp;<a href=\"https:\/\/www.jusbrasil.com.br\/topicos\/11753697\/artigo-16-da-lei-n-7492-de-16-de-junho-de-1986\" target=\"_blank\" rel=\"noreferrer noopener\"><strong>Lei 7.492\/1986<\/strong><\/a>, conhecida como Lei do Colarinho Branco. O artigo 16 pune quem faz operar, sem autoriza\u00e7\u00e3o do&nbsp;<strong>Banco Central do Brasil<\/strong>, qualquer atividade de c\u00e2mbio. J\u00e1 o artigo 22 tipifica a opera\u00e7\u00e3o de c\u00e2mbio n\u00e3o autorizada com fim de promover evas\u00e3o de divisas. As penas previstas v\u00e3o de um a quatro anos de reclus\u00e3o, al\u00e9m de multa. Qualquer pessoa que participe de uma opera\u00e7\u00e3o n\u00e3o autorizada \u2014 comprador ou vendedor \u2014 pode responder pelo mesmo tipo penal, independentemente de ser pessoa jur\u00eddica ou f\u00edsica.<\/p>\n\n\n\n<p>No Brasil, toda opera\u00e7\u00e3o de compra ou venda de&nbsp;<strong>c\u00e2mbio<\/strong>&nbsp;s\u00f3 pode ser realizada por institui\u00e7\u00f5es autorizadas: bancos, corretoras e casas de c\u00e2mbio credenciadas pelo Banco Central. Isso significa que a troca direta entre particulares, ainda que o valor seja baixo e a inten\u00e7\u00e3o seja apenas viabilizar uma viagem, tecnicamente viola as normas cambiais. A falta de autoriza\u00e7\u00e3o \u00e9 o elemento central do tipo penal, e a lei n\u00e3o exige habitualidade para que o crime se configure.<\/p>\n\n\n\n<figure class=\"wp-block-image size-large\"><img loading=\"lazy\" decoding=\"async\" width=\"1024\" height=\"572\" src=\"https:\/\/www.em.com.br\/emfoco\/wp-content\/uploads\/2026\/04\/freepik_notas-de-dolar-sendo-entr_2874321241-1024x572.jpeg\" alt=\"\" class=\"wp-image-200500\" srcset=\"https:\/\/www.em.com.br\/emfoco\/wp-content\/uploads\/2026\/04\/freepik_notas-de-dolar-sendo-entr_2874321241-1024x572.jpeg 1024w, https:\/\/www.em.com.br\/emfoco\/wp-content\/uploads\/2026\/04\/freepik_notas-de-dolar-sendo-entr_2874321241-300x167.jpeg 300w, https:\/\/www.em.com.br\/emfoco\/wp-content\/uploads\/2026\/04\/freepik_notas-de-dolar-sendo-entr_2874321241-768x429.jpeg 768w, https:\/\/www.em.com.br\/emfoco\/wp-content\/uploads\/2026\/04\/freepik_notas-de-dolar-sendo-entr_2874321241-750x419.jpeg 750w, https:\/\/www.em.com.br\/emfoco\/wp-content\/uploads\/2026\/04\/freepik_notas-de-dolar-sendo-entr_2874321241-1140x636.jpeg 1140w, https:\/\/www.em.com.br\/emfoco\/wp-content\/uploads\/2026\/04\/freepik_notas-de-dolar-sendo-entr_2874321241.jpeg 1376w\" sizes=\"auto, (max-width: 1024px) 100vw, 1024px\" \/><figcaption class=\"wp-element-caption\">Acordo de 500 d\u00f3lares entre parentes quase termina em 3 anos de pesadelo<\/figcaption><\/figure>\n\n\n\n<h2 class=\"wp-block-heading\">O que transformou uma troca simples em indiciamento?<\/h2>\n\n\n\n<p>No caso de Jo\u00e3o e Carlos, nenhuma das opera\u00e7\u00f5es isoladas chamaria aten\u00e7\u00e3o. O problema surgiu da combina\u00e7\u00e3o de fatores. A pol\u00edcia investigava uma terceira pessoa que participava do mesmo grupo de&nbsp;<strong>WhatsApp<\/strong>. Ao examinar as mensagens, encontrou conversas com cota\u00e7\u00f5es, valores e combina\u00e7\u00f5es de entrega. O padr\u00e3o se repetiu oito vezes em seis meses. A partir da\u00ed, abriu-se uma investiga\u00e7\u00e3o paralela.<\/p>\n\n\n\n<p>Os fatores que agravaram a situa\u00e7\u00e3o dos dois foram os seguintes:<\/p>\n\n\n\n<ul class=\"wp-block-list\">\n<li>Frequ\u00eancia das opera\u00e7\u00f5es ao longo de seis meses, o que indicou regularidade e n\u00e3o eventualidade<\/li>\n\n\n\n<li>Incapacidade de comprovar a origem l\u00edcita dos d\u00f3lares encontrados em posse de Jo\u00e3o durante a busca e apreens\u00e3o<\/li>\n\n\n\n<li>Movimenta\u00e7\u00e3o financeira de Carlos incompat\u00edvel com a renda declarada \u00e0\u00a0<strong>Receita Federal<\/strong><\/li>\n\n\n\n<li>Aus\u00eancia de qualquer documenta\u00e7\u00e3o ou registro das trocas, o que impediu defesa factual<\/li>\n\n\n\n<li>Mensagens no celular com valores, cota\u00e7\u00f5es e combina\u00e7\u00f5es de entrega, interpretadas como ind\u00edcio de intermedia\u00e7\u00e3o habitual<\/li>\n<\/ul>\n\n\n\n<h2 class=\"wp-block-heading\">Como funciona um processo por c\u00e2mbio ilegal na pr\u00e1tica?<\/h2>\n\n\n\n<p>Crimes contra o sistema financeiro nacional s\u00e3o julgados pela&nbsp;<strong>Justi\u00e7a Federal<\/strong>, o que j\u00e1 eleva o peso institucional do processo. Ap\u00f3s o indiciamento policial, o Minist\u00e9rio P\u00fablico Federal avalia se oferece den\u00fancia. Uma vez recebida pelo juiz, o r\u00e9u passa a ser formalmente acusado, mesmo que o processo demore anos para ter senten\u00e7a. Durante esse per\u00edodo, o impacto pr\u00e1tico na vida da pessoa \u00e9 imediato e severo.<\/p>\n\n\n\n<p>O processo de Jo\u00e3o durou tr\u00eas anos. Nesse intervalo, ele enfrentou as seguintes consequ\u00eancias concretas:<\/p>\n\n\n\n<ol class=\"wp-block-list\">\n<li>Demiss\u00e3o por justa causa ap\u00f3s o empregador tomar conhecimento do indiciamento federal<\/li>\n\n\n\n<li>Restri\u00e7\u00e3o de cr\u00e9dito decorrente da investiga\u00e7\u00e3o, que apareceu em consultas cadastrais<\/li>\n\n\n\n<li>Gastos com honor\u00e1rios advocat\u00edcios durante todo o per\u00edodo processual<\/li>\n\n\n\n<li>Tr\u00eas comparecimentos obrigat\u00f3rios em audi\u00eancias na Vara Federal, em outra cidade<\/li>\n\n\n\n<li>Absolvi\u00e7\u00e3o final por ser r\u00e9u prim\u00e1rio e pelo valor relativamente baixo das opera\u00e7\u00f5es, mas sem repara\u00e7\u00e3o dos danos sofridos<\/li>\n<\/ol>\n\n\n\n<figure class=\"wp-block-image size-large\"><img loading=\"lazy\" decoding=\"async\" width=\"1024\" height=\"572\" src=\"https:\/\/www.em.com.br\/emfoco\/wp-content\/uploads\/2026\/04\/freepik_mesa-de-delegacia-com-alg_2874337744-1024x572.jpeg\" alt=\"\" class=\"wp-image-200501\" srcset=\"https:\/\/www.em.com.br\/emfoco\/wp-content\/uploads\/2026\/04\/freepik_mesa-de-delegacia-com-alg_2874337744-1024x572.jpeg 1024w, https:\/\/www.em.com.br\/emfoco\/wp-content\/uploads\/2026\/04\/freepik_mesa-de-delegacia-com-alg_2874337744-300x167.jpeg 300w, https:\/\/www.em.com.br\/emfoco\/wp-content\/uploads\/2026\/04\/freepik_mesa-de-delegacia-com-alg_2874337744-768x429.jpeg 768w, https:\/\/www.em.com.br\/emfoco\/wp-content\/uploads\/2026\/04\/freepik_mesa-de-delegacia-com-alg_2874337744-750x419.jpeg 750w, https:\/\/www.em.com.br\/emfoco\/wp-content\/uploads\/2026\/04\/freepik_mesa-de-delegacia-com-alg_2874337744-1140x636.jpeg 1140w, https:\/\/www.em.com.br\/emfoco\/wp-content\/uploads\/2026\/04\/freepik_mesa-de-delegacia-com-alg_2874337744.jpeg 1376w\" sizes=\"auto, (max-width: 1024px) 100vw, 1024px\" \/><figcaption class=\"wp-element-caption\">Homem troca 500 d\u00f3lares por R$ 5.800 e descobre que pode ter cometido crime<\/figcaption><\/figure>\n\n\n\n<h2 class=\"wp-block-heading\">Qual a linha entre informalidade e ilegalidade?<\/h2>\n\n\n\n<p>A jurisprud\u00eancia brasileira reconhece que o contexto importa. Segundo o&nbsp;<a href=\"https:\/\/www.gov.br\/fazenda\/pt-br\/composicao\/orgaos\/orgaos-colegiados\/crsfn\/acesso-a-informacao\/noticias\/2022\/aspectos-penais-da-nova-lei-do-mercado-de-cambio\" target=\"_blank\" rel=\"noreferrer noopener\"><strong>Minist\u00e9rio da Fazenda<\/strong><\/a>, a tipicidade do artigo 16 da Lei 7.492\/1986 exige que a atividade necessitasse de autoriza\u00e7\u00e3o do Banco Central. A frequ\u00eancia e o volume das opera\u00e7\u00f5es pesam na avalia\u00e7\u00e3o do dolo. Uma troca \u00fanica e de valor \u00ednfimo entre pessoas pr\u00f3ximas tende a ser tratada de forma diferente de uma conduta habitual com apar\u00eancia de intermedia\u00e7\u00e3o comercial. Ainda assim, a lei n\u00e3o cria expressamente um patamar m\u00ednimo para a ilicitude da opera\u00e7\u00e3o de c\u00e2mbio n\u00e3o autorizada.<\/p>\n\n\n\n<p>A&nbsp;<strong>Lei 14.286\/2021<\/strong>, que modernizou o mercado de c\u00e2mbio brasileiro, elevou o limite para declara\u00e7\u00e3o de porte de valores ao sair do pa\u00eds para US$ 10 mil, o que beneficiou quem era investigado por valores abaixo desse montante. Mas essa mudan\u00e7a n\u00e3o afeta as opera\u00e7\u00f5es de c\u00e2mbio n\u00e3o autorizadas entre particulares dentro do territ\u00f3rio nacional, que continuam sujeitas \u00e0 mesma legisla\u00e7\u00e3o de 1986. A linha entre informal e ilegal, nesses casos, \u00e9 mais t\u00eanue do que a maioria imagina.<\/p>\n\n\n\n<h2 class=\"wp-block-heading\">Vale conhecer a lei antes de combinar a pr\u00f3xima troca?<\/h2>\n\n\n\n<p>A hist\u00f3ria de Jo\u00e3o n\u00e3o \u00e9 exce\u00e7\u00e3o. \u00c9 o tipo de situa\u00e7\u00e3o que acontece com frequ\u00eancia suficiente para ter nome na literatura jur\u00eddica. O sistema financeiro brasileiro \u00e9 regulado com rigor, e as normas cambiais n\u00e3o fazem concess\u00e3o \u00e0 informalidade, mesmo quando a inten\u00e7\u00e3o parece inocente. Conhecer a lei antes de combinar uma troca no grupo do trabalho \u00e9, simplesmente, a melhor prote\u00e7\u00e3o que existe. Antes de fechar qualquer neg\u00f3cio envolvendo&nbsp;<strong>moeda estrangeira<\/strong>&nbsp;fora de uma institui\u00e7\u00e3o autorizada, consulte um advogado. Custa muito menos do que um processo federal.<\/p>\n","protected":false},"excerpt":{"rendered":"<p>Jo\u00e3o era um funcion\u00e1rio de empresa comum, sem ficha policial, sem envolvimento com crimes. Combinava trocas de moeda com Carlos, seu primo que voltava dos Estados Unidos com d\u00f3lares sobrando. Pagava em reais, recebia em d\u00f3lares, sem banco, sem recibo, sem casa de c\u00e2mbio. Parecia uma negocia\u00e7\u00e3o informal entre amigos. Tr\u00eas anos depois, Jo\u00e3o saiu [&hellip;]<\/p>\n","protected":false},"author":19,"featured_media":200503,"comment_status":"open","ping_status":"open","sticky":false,"template":"","format":"standard","meta":{"jnews-multi-image_gallery":[],"jnews_single_post":{"format":"standard"},"jnews_primary_category":[],"jnews_social_meta":[],"jnews_override_counter":[],"footnotes":""},"categories":[1],"tags":[28905,28902,28903,28904,28906,28901],"class_list":["post-200497","post","type-post","status-publish","format-standard","has-post-thumbnail","hentry","category-noticias","tag-500-dolares-reais","tag-cambio-ilegal","tag-crime-cambial-brasil","tag-mercado-paralelo-dolar","tag-operacao-de-cambio-ilegal","tag-troca-de-dolares-crime"],"yoast_head":"<!-- This site is optimized with the Yoast SEO plugin v23.8 - https:\/\/yoast.com\/wordpress\/plugins\/seo\/ -->\n<title>Troquei 500 d\u00f3lares por R$ 5.800 com meu primo e quase destru\u00ed minha vida sem saber que estava cometendo um crime - Estado de Minas - Em foco<\/title>\n<meta name=\"description\" content=\"Compra de moeda estrangeira entre particulares no Brasil pode configurar crime federal. Entenda o que diz a Lei 7.492\/86 e como uma troca informal pode virar processo.\" \/>\n<meta name=\"robots\" content=\"index, follow, max-snippet:-1, max-image-preview:large, max-video-preview:-1\" \/>\n<link rel=\"canonical\" href=\"https:\/\/www.em.com.br\/emfoco\/2026\/04\/27\/troquei-500-dolares-por-r-5-800-com-meu-primo-e-quase-destrui-minha-vida-sem-saber-que-estava-cometendo-um-crime\/\" \/>\n<meta property=\"og:locale\" content=\"pt_BR\" \/>\n<meta property=\"og:type\" content=\"article\" \/>\n<meta property=\"og:title\" content=\"Troquei 500 d\u00f3lares por R$ 5.800 com meu primo e quase destru\u00ed minha vida sem saber que estava cometendo um crime - Estado de Minas - Em foco\" \/>\n<meta property=\"og:description\" content=\"Compra de moeda estrangeira entre particulares no Brasil pode configurar crime federal. Entenda o que diz a Lei 7.492\/86 e como uma troca informal pode virar processo.\" \/>\n<meta property=\"og:url\" content=\"https:\/\/www.em.com.br\/emfoco\/2026\/04\/27\/troquei-500-dolares-por-r-5-800-com-meu-primo-e-quase-destrui-minha-vida-sem-saber-que-estava-cometendo-um-crime\/\" \/>\n<meta property=\"og:site_name\" content=\"Estado de Minas - Em foco\" \/>\n<meta property=\"article:published_time\" content=\"2026-04-27T14:40:00+00:00\" \/>\n<meta property=\"article:modified_time\" content=\"2026-04-27T14:38:15+00:00\" \/>\n<meta property=\"og:image\" content=\"https:\/\/www.em.com.br\/emfoco\/wp-content\/uploads\/2026\/04\/freepik_homem-chique-conversando-_2874528507.jpeg\" \/>\n\t<meta property=\"og:image:width\" content=\"1376\" \/>\n\t<meta property=\"og:image:height\" content=\"768\" \/>\n\t<meta property=\"og:image:type\" content=\"image\/jpeg\" \/>\n<meta name=\"author\" content=\"Vanessa Tavares\" \/>\n<meta name=\"twitter:card\" content=\"summary_large_image\" \/>\n<meta name=\"twitter:label1\" content=\"Escrito por\" \/>\n\t<meta name=\"twitter:data1\" content=\"Vanessa Tavares\" \/>\n\t<meta name=\"twitter:label2\" content=\"Est. tempo de leitura\" \/>\n\t<meta name=\"twitter:data2\" content=\"6 minutos\" \/>\n<!-- \/ Yoast SEO plugin. -->","yoast_head_json":{"title":"Troquei 500 d\u00f3lares por R$ 5.800 com meu primo e quase destru\u00ed minha vida sem saber que estava cometendo um crime - Estado de Minas - Em foco","description":"Compra de moeda estrangeira entre particulares no Brasil pode configurar crime federal. Entenda o que diz a Lei 7.492\/86 e como uma troca informal pode virar processo.","robots":{"index":"index","follow":"follow","max-snippet":"max-snippet:-1","max-image-preview":"max-image-preview:large","max-video-preview":"max-video-preview:-1"},"canonical":"https:\/\/www.em.com.br\/emfoco\/2026\/04\/27\/troquei-500-dolares-por-r-5-800-com-meu-primo-e-quase-destrui-minha-vida-sem-saber-que-estava-cometendo-um-crime\/","og_locale":"pt_BR","og_type":"article","og_title":"Troquei 500 d\u00f3lares por R$ 5.800 com meu primo e quase destru\u00ed minha vida sem saber que estava cometendo um crime - Estado de Minas - Em foco","og_description":"Compra de moeda estrangeira entre particulares no Brasil pode configurar crime federal. Entenda o que diz a Lei 7.492\/86 e como uma troca informal pode virar processo.","og_url":"https:\/\/www.em.com.br\/emfoco\/2026\/04\/27\/troquei-500-dolares-por-r-5-800-com-meu-primo-e-quase-destrui-minha-vida-sem-saber-que-estava-cometendo-um-crime\/","og_site_name":"Estado de Minas - Em foco","article_published_time":"2026-04-27T14:40:00+00:00","article_modified_time":"2026-04-27T14:38:15+00:00","og_image":[{"width":1376,"height":768,"url":"https:\/\/www.em.com.br\/emfoco\/wp-content\/uploads\/2026\/04\/freepik_homem-chique-conversando-_2874528507.jpeg","type":"image\/jpeg"}],"author":"Vanessa Tavares","twitter_card":"summary_large_image","twitter_misc":{"Escrito por":"Vanessa Tavares","Est. tempo de leitura":"6 minutos"},"schema":{"@context":"https:\/\/schema.org","@graph":[{"@type":"WebPage","@id":"https:\/\/www.em.com.br\/emfoco\/2026\/04\/27\/troquei-500-dolares-por-r-5-800-com-meu-primo-e-quase-destrui-minha-vida-sem-saber-que-estava-cometendo-um-crime\/","url":"https:\/\/www.em.com.br\/emfoco\/2026\/04\/27\/troquei-500-dolares-por-r-5-800-com-meu-primo-e-quase-destrui-minha-vida-sem-saber-que-estava-cometendo-um-crime\/","name":"Troquei 500 d\u00f3lares por R$ 5.800 com meu primo e quase destru\u00ed minha vida sem saber que estava cometendo um crime - Estado de Minas - Em foco","isPartOf":{"@id":"https:\/\/www.em.com.br\/emfoco\/#website"},"primaryImageOfPage":{"@id":"https:\/\/www.em.com.br\/emfoco\/2026\/04\/27\/troquei-500-dolares-por-r-5-800-com-meu-primo-e-quase-destrui-minha-vida-sem-saber-que-estava-cometendo-um-crime\/#primaryimage"},"image":{"@id":"https:\/\/www.em.com.br\/emfoco\/2026\/04\/27\/troquei-500-dolares-por-r-5-800-com-meu-primo-e-quase-destrui-minha-vida-sem-saber-que-estava-cometendo-um-crime\/#primaryimage"},"thumbnailUrl":"https:\/\/www.em.com.br\/emfoco\/wp-content\/uploads\/2026\/04\/freepik_homem-chique-conversando-_2874528507.jpeg","datePublished":"2026-04-27T14:40:00+00:00","dateModified":"2026-04-27T14:38:15+00:00","author":{"@id":"https:\/\/www.em.com.br\/emfoco\/#\/schema\/person\/4a7a157aac450b98edc86f15a7434f0b"},"description":"Compra de moeda estrangeira entre particulares no Brasil pode configurar crime federal. Entenda o que diz a Lei 7.492\/86 e como uma troca informal pode virar processo.","breadcrumb":{"@id":"https:\/\/www.em.com.br\/emfoco\/2026\/04\/27\/troquei-500-dolares-por-r-5-800-com-meu-primo-e-quase-destrui-minha-vida-sem-saber-que-estava-cometendo-um-crime\/#breadcrumb"},"inLanguage":"pt-BR","potentialAction":[{"@type":"ReadAction","target":["https:\/\/www.em.com.br\/emfoco\/2026\/04\/27\/troquei-500-dolares-por-r-5-800-com-meu-primo-e-quase-destrui-minha-vida-sem-saber-que-estava-cometendo-um-crime\/"]}]},{"@type":"ImageObject","inLanguage":"pt-BR","@id":"https:\/\/www.em.com.br\/emfoco\/2026\/04\/27\/troquei-500-dolares-por-r-5-800-com-meu-primo-e-quase-destrui-minha-vida-sem-saber-que-estava-cometendo-um-crime\/#primaryimage","url":"https:\/\/www.em.com.br\/emfoco\/wp-content\/uploads\/2026\/04\/freepik_homem-chique-conversando-_2874528507.jpeg","contentUrl":"https:\/\/www.em.com.br\/emfoco\/wp-content\/uploads\/2026\/04\/freepik_homem-chique-conversando-_2874528507.jpeg","width":1376,"height":768,"caption":"Troca de 500 d\u00f3lares por R$ 5.800 vira pesadelo e revela risco de crime cambial"},{"@type":"BreadcrumbList","@id":"https:\/\/www.em.com.br\/emfoco\/2026\/04\/27\/troquei-500-dolares-por-r-5-800-com-meu-primo-e-quase-destrui-minha-vida-sem-saber-que-estava-cometendo-um-crime\/#breadcrumb","itemListElement":[{"@type":"ListItem","position":1,"name":"In\u00edcio","item":"https:\/\/www.em.com.br\/emfoco\/"},{"@type":"ListItem","position":2,"name":"Troquei 500 d\u00f3lares por R$ 5.800 com meu primo e quase destru\u00ed minha vida sem saber que estava cometendo um crime"}]},{"@type":"WebSite","@id":"https:\/\/www.em.com.br\/emfoco\/#website","url":"https:\/\/www.em.com.br\/emfoco\/","name":"Estado de Minas - Em foco","description":"Acompanhe as \u00faltimas not\u00edcias e fique bem informado sobre tudo o que acontece em Minas Gerais, Brasil e no mundo.","potentialAction":[{"@type":"SearchAction","target":{"@type":"EntryPoint","urlTemplate":"https:\/\/www.em.com.br\/emfoco\/?s={search_term_string}"},"query-input":{"@type":"PropertyValueSpecification","valueRequired":true,"valueName":"search_term_string"}}],"inLanguage":"pt-BR"},{"@type":"Person","@id":"https:\/\/www.em.com.br\/emfoco\/#\/schema\/person\/4a7a157aac450b98edc86f15a7434f0b","name":"Vanessa Tavares","image":{"@type":"ImageObject","inLanguage":"pt-BR","@id":"https:\/\/www.em.com.br\/emfoco\/#\/schema\/person\/image\/","url":"https:\/\/secure.gravatar.com\/avatar\/088c9372da58da00f00f8e508f13d635?s=96&d=mm&r=g","contentUrl":"https:\/\/secure.gravatar.com\/avatar\/088c9372da58da00f00f8e508f13d635?s=96&d=mm&r=g","caption":"Vanessa Tavares"},"sameAs":["https:\/\/www.em.com.br\/emfoco"],"url":"https:\/\/www.em.com.br\/emfoco\/author\/vanessamyth\/"}]}},"_links":{"self":[{"href":"https:\/\/www.em.com.br\/emfoco\/wp-json\/wp\/v2\/posts\/200497","targetHints":{"allow":["GET"]}}],"collection":[{"href":"https:\/\/www.em.com.br\/emfoco\/wp-json\/wp\/v2\/posts"}],"about":[{"href":"https:\/\/www.em.com.br\/emfoco\/wp-json\/wp\/v2\/types\/post"}],"author":[{"embeddable":true,"href":"https:\/\/www.em.com.br\/emfoco\/wp-json\/wp\/v2\/users\/19"}],"replies":[{"embeddable":true,"href":"https:\/\/www.em.com.br\/emfoco\/wp-json\/wp\/v2\/comments?post=200497"}],"version-history":[{"count":3,"href":"https:\/\/www.em.com.br\/emfoco\/wp-json\/wp\/v2\/posts\/200497\/revisions"}],"predecessor-version":[{"id":200504,"href":"https:\/\/www.em.com.br\/emfoco\/wp-json\/wp\/v2\/posts\/200497\/revisions\/200504"}],"wp:featuredmedia":[{"embeddable":true,"href":"https:\/\/www.em.com.br\/emfoco\/wp-json\/wp\/v2\/media\/200503"}],"wp:attachment":[{"href":"https:\/\/www.em.com.br\/emfoco\/wp-json\/wp\/v2\/media?parent=200497"}],"wp:term":[{"taxonomy":"category","embeddable":true,"href":"https:\/\/www.em.com.br\/emfoco\/wp-json\/wp\/v2\/categories?post=200497"},{"taxonomy":"post_tag","embeddable":true,"href":"https:\/\/www.em.com.br\/emfoco\/wp-json\/wp\/v2\/tags?post=200497"}],"curies":[{"name":"wp","href":"https:\/\/api.w.org\/{rel}","templated":true}]}}