{"id":200489,"date":"2026-04-27T14:55:00","date_gmt":"2026-04-27T17:55:00","guid":{"rendered":"https:\/\/www.em.com.br\/emfoco\/?p=200489"},"modified":"2026-04-27T10:48:39","modified_gmt":"2026-04-27T13:48:39","slug":"perdeu-a-carteira-de-identidade-solicite-a-2a-via-da-cin-online","status":"publish","type":"post","link":"https:\/\/www.em.com.br\/emfoco\/2026\/04\/27\/perdeu-a-carteira-de-identidade-solicite-a-2a-via-da-cin-online\/","title":{"rendered":"Perdeu a Carteira de Identidade? Solicite a 2\u00aa via da CIN online"},"content":{"rendered":"\n<p>A CIN, ou <strong>Carteira de Identidade Nacional<\/strong>, \u00e9 um documento essencial dentro das pol\u00edticas p\u00fablicas de identifica\u00e7\u00e3o civil no Brasil. Em Santa Catarina, o governo estadual avan\u00e7ou na digitaliza\u00e7\u00e3o dos servi\u00e7os e permite a solicita\u00e7\u00e3o da<strong> segunda via de forma online<\/strong>, garantindo mais praticidade, controle administrativo e acesso facilitado aos servi\u00e7os governamentais.<\/p>\n\n\n\n<h2 class=\"wp-block-heading\">Como funciona a emiss\u00e3o da segunda via da CIN em Santa Catarina?<\/h2>\n\n\n\n<p>A <a href=\"https:\/\/www.gov.br\/governodigital\/pt-br\/identidade\/identificacao-do-cidadao-e-carteira-de-identidade-nacional\" target=\"_blank\" rel=\"noreferrer noopener\"><strong>CIN <\/strong><\/a>em <strong>Santa Catarina<\/strong> integra um sistema moderno de gest\u00e3o p\u00fablica digital, voltado para <strong>simplificar o atendimento <\/strong>ao cidad\u00e3o. A segunda via da Carteira de Identidade Nacional pode ser solicitada e acompanhada online, o que reduz etapas presenciais iniciais e melhora a efici\u00eancia dos \u00f3rg\u00e3os p\u00fablicos.<\/p>\n\n\n\n<p>No entanto, \u00e9 importante destacar que n\u00e3o se trata de uma <strong>emiss\u00e3o <\/strong>totalmente <strong>digital<\/strong>. A retirada do documento f\u00edsico ainda pode ocorrer em postos de atendimento ou por meio de envio postal, conforme a pol\u00edtica local adotada pela administra\u00e7\u00e3o estadual.<\/p>\n\n\n\n<h2 class=\"wp-block-heading\">Quem pode solicitar a segunda via da Carteira de Identidade Nacional online?<\/h2>\n\n\n\n<p>A segunda via da CIN pode ser solicitada por cidad\u00e3os que j\u00e1 possuem o documento emitido anteriormente em Santa Catarina. Esse servi\u00e7o online atende principalmente casos de <strong>perda<\/strong>, <strong>roubo <\/strong>ou <strong>extravio <\/strong>da Carteira de Identidade Nacional.<\/p>\n\n\n\n<p>Para garantir a seguran\u00e7a jur\u00eddica e a valida\u00e7\u00e3o dos dados no sistema governamental, \u00e9 necess\u00e1rio atender alguns crit\u00e9rios b\u00e1sicos antes de iniciar o processo digital.<\/p>\n\n\n\n<p>Entre os principais requisitos para solicitar a segunda via, destacam-se:<\/p>\n\n\n\n<ul class=\"wp-block-list\">\n<li>Ter cadastro ativo no sistema estadual<\/li>\n\n\n\n<li>Possuir dados biom\u00e9tricos j\u00e1 registrados<\/li>\n\n\n\n<li>N\u00e3o apresentar pend\u00eancias cadastrais<\/li>\n\n\n\n<li>Estar com CPF regularizado<\/li>\n<\/ul>\n\n\n\n<figure class=\"wp-block-image size-large\"><img loading=\"lazy\" decoding=\"async\" width=\"1024\" height=\"576\" src=\"https:\/\/www.em.com.br\/emfoco\/wp-content\/uploads\/2026\/04\/X-2026-04-27T104517.758-1024x576.jpg\" alt=\"Perdeu a Carteira de Identidade? Solicite a 2\u00aa via da CIN online\" class=\"wp-image-200493\" srcset=\"https:\/\/www.em.com.br\/emfoco\/wp-content\/uploads\/2026\/04\/X-2026-04-27T104517.758-1024x576.jpg 1024w, https:\/\/www.em.com.br\/emfoco\/wp-content\/uploads\/2026\/04\/X-2026-04-27T104517.758-300x169.jpg 300w, https:\/\/www.em.com.br\/emfoco\/wp-content\/uploads\/2026\/04\/X-2026-04-27T104517.758-768x432.jpg 768w, https:\/\/www.em.com.br\/emfoco\/wp-content\/uploads\/2026\/04\/X-2026-04-27T104517.758-1536x864.jpg 1536w, https:\/\/www.em.com.br\/emfoco\/wp-content\/uploads\/2026\/04\/X-2026-04-27T104517.758-2048x1152.jpg 2048w, https:\/\/www.em.com.br\/emfoco\/wp-content\/uploads\/2026\/04\/X-2026-04-27T104517.758-750x422.jpg 750w, https:\/\/www.em.com.br\/emfoco\/wp-content\/uploads\/2026\/04\/X-2026-04-27T104517.758-1140x641.jpg 1140w\" sizes=\"auto, (max-width: 1024px) 100vw, 1024px\" \/><figcaption class=\"wp-element-caption\">A solicita\u00e7\u00e3o exige cadastro no sistema estadual<\/figcaption><\/figure>\n\n\n\n<p><strong>Leia tamb\u00e9m:<a href=\"https:\/\/www.em.com.br\/emfoco\/2026\/04\/04\/essas-pessoas-precisam-atualizar-seus-documentos-de-identidade-para-o-novo-formato-como-fazer-isso-passo-a-passo\/\" target=\"_blank\" rel=\"noreferrer noopener\"> Essas pessoas precisam atualizar seus documentos de identidade para o novo formato: como fazer isso passo a passo<\/a><\/strong><\/p>\n\n\n\n<h2 class=\"wp-block-heading\">Quais s\u00e3o os passos para pedir a CIN pela internet?<\/h2>\n\n\n\n<p>O processo online da CIN foi desenvolvido para ser acess\u00edvel e intuitivo, permitindo que o cidad\u00e3o solicite a segunda via da Carteira de Identidade Nacional <strong>sem burocracia excessiva<\/strong>. A iniciativa faz parte das estrat\u00e9gias de moderniza\u00e7\u00e3o dos servi\u00e7os p\u00fablicos em Santa Catarina.<\/p>\n\n\n\n<p>Mesmo com a digitaliza\u00e7\u00e3o, o sistema mant\u00e9m etapas obrigat\u00f3rias de <strong>valida\u00e7\u00e3o <\/strong>para garantir autenticidade e conformidade com a legisla\u00e7\u00e3o vigente.<\/p>\n\n\n\n<p>Confira o passo a passo para realizar a solicita\u00e7\u00e3o:<\/p>\n\n\n\n<ul class=\"wp-block-list\">\n<li>Acessar o portal oficial da Pol\u00edcia Cient\u00edfica de Santa Catarina<\/li>\n\n\n\n<li>Preencher corretamente os dados pessoais<\/li>\n\n\n\n<li>Confirmar as informa\u00e7\u00f5es cadastrais<\/li>\n\n\n\n<li>Efetuar o pagamento da taxa, quando exigido<\/li>\n\n\n\n<li>Acompanhar o status do pedido pelo sistema online<\/li>\n<\/ul>\n\n\n\n<h2 class=\"wp-block-heading\">Quais s\u00e3o os custos e prazos da segunda via da CIN?<\/h2>\n\n\n\n<p>A segunda via da CIN em Santa Catarina possui uma <strong>taxa <\/strong>administrativa de <strong>aproximadamente R$ 46,89<\/strong>, conforme divulgado pela Pol\u00edcia Cient\u00edfica. Esse valor est\u00e1 relacionado aos custos operacionais do servi\u00e7o p\u00fablico e \u00e0 emiss\u00e3o do documento.<\/p>\n\n\n\n<p>O prazo para entrega da Carteira de Identidade Nacional pode variar conforme a <strong>demanda <\/strong>e o processo de <strong>valida\u00e7\u00e3o<\/strong>. Ap\u00f3s a solicita\u00e7\u00e3o online, o cidad\u00e3o pode acompanhar todas as etapas at\u00e9 a finaliza\u00e7\u00e3o, quando ser\u00e1 informado sobre a retirada presencial ou entrega.<\/p>\n\n\n\n<h2 class=\"wp-block-heading\">Por que a digitaliza\u00e7\u00e3o da CIN \u00e9 importante para o cidad\u00e3o?<\/h2>\n\n\n\n<p>A implementa\u00e7\u00e3o da CIN online em Santa Catarina representa um avan\u00e7o relevante na <strong>administra\u00e7\u00e3o p\u00fablica<\/strong>, promovendo mais efici\u00eancia, transpar\u00eancia e acessibilidade. A possibilidade de solicitar e acompanhar a segunda via pela internet facilita o acesso aos servi\u00e7os governamentais.<\/p>\n\n\n\n<p>\u00c9 importante ressaltar que essa facilidade \u00e9 uma iniciativa espec\u00edfica do Estado de Santa Catarina, n\u00e3o sendo ainda um padr\u00e3o nacional. Mesmo assim, o modelo refor\u00e7a a <strong>evolu\u00e7\u00e3o dos servi\u00e7os digitais no Brasil<\/strong> e amplia o acesso da popula\u00e7\u00e3o \u00e0 Carteira de Identidade Nacional com mais agilidade e seguran\u00e7a.<\/p>\n","protected":false},"excerpt":{"rendered":"<p>A CIN, ou Carteira de Identidade Nacional, \u00e9 um documento essencial dentro das pol\u00edticas p\u00fablicas de identifica\u00e7\u00e3o civil no Brasil. Em Santa Catarina, o governo estadual avan\u00e7ou na digitaliza\u00e7\u00e3o dos servi\u00e7os e permite a solicita\u00e7\u00e3o da segunda via de forma online, garantindo mais praticidade, controle administrativo e acesso facilitado aos servi\u00e7os governamentais. Como funciona a [&hellip;]<\/p>\n","protected":false},"author":28,"featured_media":200494,"comment_status":"open","ping_status":"open","sticky":false,"template":"","format":"standard","meta":{"jnews-multi-image_gallery":[],"jnews_single_post":{"format":"standard"},"jnews_primary_category":[],"jnews_social_meta":[],"jnews_override_counter":[],"footnotes":""},"categories":[20108],"tags":[28897,28898,734,28900],"class_list":["post-200489","post","type-post","status-publish","format-standard","has-post-thumbnail","hentry","category-noticia","tag-carteira-de-identidade-nacional-sc","tag-cin-segunda-via","tag-santa-catarina","tag-segunda-via-rg-digital"],"yoast_head":"<!-- This site is optimized with the Yoast SEO plugin v23.8 - https:\/\/yoast.com\/wordpress\/plugins\/seo\/ -->\n<title>Perdeu a Carteira de Identidade? Solicite a 2\u00aa via da CIN online - Estado de Minas - Em foco<\/title>\n<meta name=\"description\" content=\"CIN em Santa Catarina pode ter segunda via solicitada online, com taxa e acompanhamento digital, facilitando acesso ao documento.\" \/>\n<meta name=\"robots\" content=\"index, follow, max-snippet:-1, max-image-preview:large, max-video-preview:-1\" \/>\n<link rel=\"canonical\" href=\"https:\/\/www.em.com.br\/emfoco\/2026\/04\/27\/perdeu-a-carteira-de-identidade-solicite-a-2a-via-da-cin-online\/\" \/>\n<meta property=\"og:locale\" content=\"pt_BR\" \/>\n<meta property=\"og:type\" content=\"article\" \/>\n<meta property=\"og:title\" content=\"Perdeu a Carteira de Identidade? Solicite a 2\u00aa via da CIN online - Estado de Minas - Em foco\" \/>\n<meta property=\"og:description\" content=\"CIN em Santa Catarina pode ter segunda via solicitada online, com taxa e acompanhamento digital, facilitando acesso ao documento.\" \/>\n<meta property=\"og:url\" content=\"https:\/\/www.em.com.br\/emfoco\/2026\/04\/27\/perdeu-a-carteira-de-identidade-solicite-a-2a-via-da-cin-online\/\" \/>\n<meta property=\"og:site_name\" content=\"Estado de Minas - Em foco\" \/>\n<meta property=\"article:published_time\" content=\"2026-04-27T17:55:00+00:00\" \/>\n<meta property=\"article:modified_time\" content=\"2026-04-27T13:48:39+00:00\" \/>\n<meta property=\"og:image\" content=\"https:\/\/www.em.com.br\/emfoco\/wp-content\/uploads\/2026\/04\/X-2026-04-27T104748.250.jpg\" \/>\n\t<meta property=\"og:image:width\" content=\"2560\" \/>\n\t<meta property=\"og:image:height\" content=\"1440\" \/>\n\t<meta property=\"og:image:type\" content=\"image\/jpeg\" \/>\n<meta name=\"author\" content=\"Elis Gabrielle Santos Souza\" \/>\n<meta name=\"twitter:card\" content=\"summary_large_image\" \/>\n<meta name=\"twitter:label1\" content=\"Escrito por\" \/>\n\t<meta name=\"twitter:data1\" content=\"Elis Gabrielle Santos Souza\" \/>\n\t<meta name=\"twitter:label2\" content=\"Est. tempo de leitura\" \/>\n\t<meta name=\"twitter:data2\" content=\"4 minutos\" \/>\n<!-- \/ Yoast SEO plugin. -->","yoast_head_json":{"title":"Perdeu a Carteira de Identidade? Solicite a 2\u00aa via da CIN online - Estado de Minas - Em foco","description":"CIN em Santa Catarina pode ter segunda via solicitada online, com taxa e acompanhamento digital, facilitando acesso ao documento.","robots":{"index":"index","follow":"follow","max-snippet":"max-snippet:-1","max-image-preview":"max-image-preview:large","max-video-preview":"max-video-preview:-1"},"canonical":"https:\/\/www.em.com.br\/emfoco\/2026\/04\/27\/perdeu-a-carteira-de-identidade-solicite-a-2a-via-da-cin-online\/","og_locale":"pt_BR","og_type":"article","og_title":"Perdeu a Carteira de Identidade? Solicite a 2\u00aa via da CIN online - Estado de Minas - Em foco","og_description":"CIN em Santa Catarina pode ter segunda via solicitada online, com taxa e acompanhamento digital, facilitando acesso ao documento.","og_url":"https:\/\/www.em.com.br\/emfoco\/2026\/04\/27\/perdeu-a-carteira-de-identidade-solicite-a-2a-via-da-cin-online\/","og_site_name":"Estado de Minas - Em foco","article_published_time":"2026-04-27T17:55:00+00:00","article_modified_time":"2026-04-27T13:48:39+00:00","og_image":[{"width":2560,"height":1440,"url":"https:\/\/www.em.com.br\/emfoco\/wp-content\/uploads\/2026\/04\/X-2026-04-27T104748.250.jpg","type":"image\/jpeg"}],"author":"Elis Gabrielle Santos Souza","twitter_card":"summary_large_image","twitter_misc":{"Escrito por":"Elis Gabrielle Santos Souza","Est. tempo de leitura":"4 minutos"},"schema":{"@context":"https:\/\/schema.org","@graph":[{"@type":"WebPage","@id":"https:\/\/www.em.com.br\/emfoco\/2026\/04\/27\/perdeu-a-carteira-de-identidade-solicite-a-2a-via-da-cin-online\/","url":"https:\/\/www.em.com.br\/emfoco\/2026\/04\/27\/perdeu-a-carteira-de-identidade-solicite-a-2a-via-da-cin-online\/","name":"Perdeu a Carteira de Identidade? Solicite a 2\u00aa via da CIN online - Estado de Minas - Em foco","isPartOf":{"@id":"https:\/\/www.em.com.br\/emfoco\/#website"},"primaryImageOfPage":{"@id":"https:\/\/www.em.com.br\/emfoco\/2026\/04\/27\/perdeu-a-carteira-de-identidade-solicite-a-2a-via-da-cin-online\/#primaryimage"},"image":{"@id":"https:\/\/www.em.com.br\/emfoco\/2026\/04\/27\/perdeu-a-carteira-de-identidade-solicite-a-2a-via-da-cin-online\/#primaryimage"},"thumbnailUrl":"https:\/\/www.em.com.br\/emfoco\/wp-content\/uploads\/2026\/04\/X-2026-04-27T104748.250.jpg","datePublished":"2026-04-27T17:55:00+00:00","dateModified":"2026-04-27T13:48:39+00:00","author":{"@id":"https:\/\/www.em.com.br\/emfoco\/#\/schema\/person\/0c545bffa944f9caa147d776b5f6f1f5"},"description":"CIN em Santa Catarina pode ter segunda via solicitada online, com taxa e acompanhamento digital, facilitando acesso ao documento.","breadcrumb":{"@id":"https:\/\/www.em.com.br\/emfoco\/2026\/04\/27\/perdeu-a-carteira-de-identidade-solicite-a-2a-via-da-cin-online\/#breadcrumb"},"inLanguage":"pt-BR","potentialAction":[{"@type":"ReadAction","target":["https:\/\/www.em.com.br\/emfoco\/2026\/04\/27\/perdeu-a-carteira-de-identidade-solicite-a-2a-via-da-cin-online\/"]}]},{"@type":"ImageObject","inLanguage":"pt-BR","@id":"https:\/\/www.em.com.br\/emfoco\/2026\/04\/27\/perdeu-a-carteira-de-identidade-solicite-a-2a-via-da-cin-online\/#primaryimage","url":"https:\/\/www.em.com.br\/emfoco\/wp-content\/uploads\/2026\/04\/X-2026-04-27T104748.250.jpg","contentUrl":"https:\/\/www.em.com.br\/emfoco\/wp-content\/uploads\/2026\/04\/X-2026-04-27T104748.250.jpg","width":2560,"height":1440,"caption":"A CIN pode ter segunda via solicitada online"},{"@type":"BreadcrumbList","@id":"https:\/\/www.em.com.br\/emfoco\/2026\/04\/27\/perdeu-a-carteira-de-identidade-solicite-a-2a-via-da-cin-online\/#breadcrumb","itemListElement":[{"@type":"ListItem","position":1,"name":"In\u00edcio","item":"https:\/\/www.em.com.br\/emfoco\/"},{"@type":"ListItem","position":2,"name":"Perdeu a Carteira de Identidade? Solicite a 2\u00aa via da CIN online"}]},{"@type":"WebSite","@id":"https:\/\/www.em.com.br\/emfoco\/#website","url":"https:\/\/www.em.com.br\/emfoco\/","name":"Estado de Minas - Em foco","description":"Acompanhe as \u00faltimas not\u00edcias e fique bem informado sobre tudo o que acontece em Minas Gerais, Brasil e no mundo.","potentialAction":[{"@type":"SearchAction","target":{"@type":"EntryPoint","urlTemplate":"https:\/\/www.em.com.br\/emfoco\/?s={search_term_string}"},"query-input":{"@type":"PropertyValueSpecification","valueRequired":true,"valueName":"search_term_string"}}],"inLanguage":"pt-BR"},{"@type":"Person","@id":"https:\/\/www.em.com.br\/emfoco\/#\/schema\/person\/0c545bffa944f9caa147d776b5f6f1f5","name":"Elis Gabrielle Santos Souza","image":{"@type":"ImageObject","inLanguage":"pt-BR","@id":"https:\/\/www.em.com.br\/emfoco\/#\/schema\/person\/image\/","url":"https:\/\/secure.gravatar.com\/avatar\/1dc86c254cebb74d9c8a14da612c52db?s=96&d=mm&r=g","contentUrl":"https:\/\/secure.gravatar.com\/avatar\/1dc86c254cebb74d9c8a14da612c52db?s=96&d=mm&r=g","caption":"Elis Gabrielle Santos Souza"},"sameAs":["https:\/\/www.em.com.br\/emfoco"],"url":"https:\/\/www.em.com.br\/emfoco\/author\/elis-myth\/"}]}},"_links":{"self":[{"href":"https:\/\/www.em.com.br\/emfoco\/wp-json\/wp\/v2\/posts\/200489","targetHints":{"allow":["GET"]}}],"collection":[{"href":"https:\/\/www.em.com.br\/emfoco\/wp-json\/wp\/v2\/posts"}],"about":[{"href":"https:\/\/www.em.com.br\/emfoco\/wp-json\/wp\/v2\/types\/post"}],"author":[{"embeddable":true,"href":"https:\/\/www.em.com.br\/emfoco\/wp-json\/wp\/v2\/users\/28"}],"replies":[{"embeddable":true,"href":"https:\/\/www.em.com.br\/emfoco\/wp-json\/wp\/v2\/comments?post=200489"}],"version-history":[{"count":1,"href":"https:\/\/www.em.com.br\/emfoco\/wp-json\/wp\/v2\/posts\/200489\/revisions"}],"predecessor-version":[{"id":200495,"href":"https:\/\/www.em.com.br\/emfoco\/wp-json\/wp\/v2\/posts\/200489\/revisions\/200495"}],"wp:featuredmedia":[{"embeddable":true,"href":"https:\/\/www.em.com.br\/emfoco\/wp-json\/wp\/v2\/media\/200494"}],"wp:attachment":[{"href":"https:\/\/www.em.com.br\/emfoco\/wp-json\/wp\/v2\/media?parent=200489"}],"wp:term":[{"taxonomy":"category","embeddable":true,"href":"https:\/\/www.em.com.br\/emfoco\/wp-json\/wp\/v2\/categories?post=200489"},{"taxonomy":"post_tag","embeddable":true,"href":"https:\/\/www.em.com.br\/emfoco\/wp-json\/wp\/v2\/tags?post=200489"}],"curies":[{"name":"wp","href":"https:\/\/api.w.org\/{rel}","templated":true}]}}