{"id":200480,"date":"2026-04-27T13:55:00","date_gmt":"2026-04-27T16:55:00","guid":{"rendered":"https:\/\/www.em.com.br\/emfoco\/?p=200480"},"modified":"2026-04-27T10:30:21","modified_gmt":"2026-04-27T13:30:21","slug":"por-que-voce-deve-emitir-a-nova-carteira-de-identidade-conheca-a-importancia-e-os-beneficios-do-documento","status":"publish","type":"post","link":"https:\/\/www.em.com.br\/emfoco\/2026\/04\/27\/por-que-voce-deve-emitir-a-nova-carteira-de-identidade-conheca-a-importancia-e-os-beneficios-do-documento\/","title":{"rendered":"Por que voc\u00ea deve emitir a nova Carteira de Identidade? Conhe\u00e7a a import\u00e2ncia e os benef\u00edcios do documento"},"content":{"rendered":"\n<p>A <strong>nova Carteira de Identidade Nacional<\/strong>, chamada de <strong>CIN<\/strong>, \u00e9 o novo modelo de identifica\u00e7\u00e3o civil criado pelo governo federal dentro das pol\u00edticas de leis e governo. A Carteira de Identidade Nacional (CIN) \u00e9 o novo modelo de identifica\u00e7\u00e3o civil dos brasileiros, que substitui o antigo RG e adota o CPF como n\u00famero \u00fanico de registro v\u00e1lido em todo o pa\u00eds, conforme o <strong>Decreto Federal n\u00ba 10.977\/2022<\/strong>, trazendo mais integra\u00e7\u00e3o, seguran\u00e7a e padroniza\u00e7\u00e3o.<\/p>\n\n\n\n<h2 class=\"wp-block-heading\">O que \u00e9 a nova Carteira de Identidade Nacional e como funciona?<\/h2>\n\n\n\n<p>A<strong> <a href=\"https:\/\/www.gov.br\/governodigital\/pt-br\/identidade\/identificacao-do-cidadao-e-carteira-de-identidade-nacional\" target=\"_blank\" rel=\"noreferrer noopener\">nova Carteira de Identidade Nacional<\/a><\/strong><a href=\"https:\/\/www.gov.br\/governodigital\/pt-br\/identidade\/identificacao-do-cidadao-e-carteira-de-identidade-nacional\" target=\"_blank\" rel=\"noreferrer noopener\"> <\/a>funciona como um \u201c<strong>RG unificado<\/strong>\u201d, utilizando o <strong><a href=\"https:\/\/www.em.com.br\/emfoco\/2026\/04\/14\/comunicado-a-todos-os-brasileiros-que-informam-o-cpf-ao-fazer-compras-no-supermercado-em-2026\/\" target=\"_blank\" rel=\"noreferrer noopener\">CPF <\/a><\/strong>como <strong>base \u00fanica de identifica\u00e7\u00e3o<\/strong> em todo o territ\u00f3rio nacional. Essa mudan\u00e7a evita duplicidade de registros entre estados e fortalece o controle governamental sobre dados civis.<\/p>\n\n\n\n<p>A <strong>CIN <\/strong>integra sistemas p\u00fablicos e <strong>facilita a gest\u00e3o <\/strong>de cadastros. O documento possui QR Code para verifica\u00e7\u00e3o digital, enquanto a biometria est\u00e1 em expans\u00e3o no pa\u00eds, mas ainda n\u00e3o \u00e9 aplicada de forma totalmente universal em todos os estados.<\/p>\n\n\n\n<h2 class=\"wp-block-heading\">Quais s\u00e3o as principais vantagens da CIN para o cidad\u00e3o?<\/h2>\n\n\n\n<p>A CIN traz benef\u00edcios importantes para o cidad\u00e3o ao simplificar processos <strong>burocr\u00e1ticos <\/strong>e facilitar o acesso a <strong>servi\u00e7os p\u00fablicos<\/strong>. A unifica\u00e7\u00e3o das informa\u00e7\u00f5es reduz inconsist\u00eancias cadastrais e melhora a experi\u00eancia em atendimentos governamentais.<\/p>\n\n\n\n<p>Entre as principais vantagens da nova Carteira de Identidade Nacional, destacam-se pontos que impactam diretamente o dia a dia:<\/p>\n\n\n\n<ul class=\"wp-block-list\">\n<li>Uso do CPF como n\u00famero \u00fanico nacional<\/li>\n\n\n\n<li>Redu\u00e7\u00e3o de fraudes e registros duplicados<\/li>\n\n\n\n<li>Facilidade no acesso a servi\u00e7os p\u00fablicos e privados<\/li>\n\n\n\n<li>Possibilidade de vers\u00e3o digital com QR Code<\/li>\n\n\n\n<li>Padroniza\u00e7\u00e3o nacional do documento<\/li>\n<\/ul>\n\n\n\n<figure class=\"wp-block-image size-large\"><img loading=\"lazy\" decoding=\"async\" width=\"1024\" height=\"576\" src=\"https:\/\/www.em.com.br\/emfoco\/wp-content\/uploads\/2026\/04\/X-2026-04-27T102911.306-1024x576.jpg\" alt=\"Por que voc\u00ea deve emitir a nova Carteira de Identidade? Conhe\u00e7a a import\u00e2ncia e os benef\u00edcios do documento\" class=\"wp-image-200485\" srcset=\"https:\/\/www.em.com.br\/emfoco\/wp-content\/uploads\/2026\/04\/X-2026-04-27T102911.306-1024x576.jpg 1024w, https:\/\/www.em.com.br\/emfoco\/wp-content\/uploads\/2026\/04\/X-2026-04-27T102911.306-300x169.jpg 300w, https:\/\/www.em.com.br\/emfoco\/wp-content\/uploads\/2026\/04\/X-2026-04-27T102911.306-768x432.jpg 768w, https:\/\/www.em.com.br\/emfoco\/wp-content\/uploads\/2026\/04\/X-2026-04-27T102911.306-1536x864.jpg 1536w, https:\/\/www.em.com.br\/emfoco\/wp-content\/uploads\/2026\/04\/X-2026-04-27T102911.306-2048x1152.jpg 2048w, https:\/\/www.em.com.br\/emfoco\/wp-content\/uploads\/2026\/04\/X-2026-04-27T102911.306-750x422.jpg 750w, https:\/\/www.em.com.br\/emfoco\/wp-content\/uploads\/2026\/04\/X-2026-04-27T102911.306-1140x641.jpg 1140w\" sizes=\"auto, (max-width: 1024px) 100vw, 1024px\" \/><figcaption class=\"wp-element-caption\">A transi\u00e7\u00e3o completa ocorrer\u00e1 at\u00e9 2032<\/figcaption><\/figure>\n\n\n\n<h2 class=\"wp-block-heading\">Como a nova Carteira de Identidade Nacional melhora a seguran\u00e7a?<\/h2>\n\n\n\n<p>A seguran\u00e7a da nova Carteira de Identidade Nacional est\u00e1 ligada \u00e0 verifica\u00e7\u00e3o digital por <strong>QR Code<\/strong>, que permite validar rapidamente a autenticidade do documento. Esse recurso j\u00e1 \u00e9 padr\u00e3o e ajuda \u00f3rg\u00e3os p\u00fablicos e empresas a confirmarem dados com mais confian\u00e7a.<\/p>\n\n\n\n<p>Al\u00e9m disso, a CIN prev\u00ea o uso de biometria para refor\u00e7ar a identifica\u00e7\u00e3o, mas essa <strong>tecnologia <\/strong>ainda est\u00e1 sendo ampliada gradualmente. Esse avan\u00e7o faz parte das pol\u00edticas de leis e governo voltadas \u00e0 prote\u00e7\u00e3o de dados e ao combate a fraudes.<\/p>\n\n\n\n<h2 class=\"wp-block-heading\">Quem pode emitir a CIN e qual \u00e9 o prazo de transi\u00e7\u00e3o?<\/h2>\n\n\n\n<p>A emiss\u00e3o da CIN \u00e9 destinada a todos os brasileiros, sendo gratuita na primeira via. No entanto, a substitui\u00e7\u00e3o do RG antigo ocorre de forma gradual, permitindo que a popula\u00e7\u00e3o se adapte ao novo modelo sem <strong>obrigatoriedade imediata<\/strong>.<\/p>\n\n\n\n<p>O governo federal estabeleceu que a troca completa para a nova Carteira de Identidade Nacional deve acontecer at\u00e9 <strong>2032<\/strong>. Isso significa que o RG atual continua v\u00e1lido durante o <strong>per\u00edodo de transi\u00e7\u00e3o<\/strong>, respeitando as diretrizes de leis e governo e garantindo seguran\u00e7a jur\u00eddica ao cidad\u00e3o.<\/p>\n\n\n\n<h2 class=\"wp-block-heading\">Quais impactos a nova Carteira de Identidade Nacional traz para o governo?<\/h2>\n\n\n\n<p>No \u00e2mbito de leis e governo, a nova Carteira de Identidade Nacional melhora a gest\u00e3o p\u00fablica ao centralizar dados e facilitar o planejamento de <strong>pol\u00edticas sociais<\/strong>. A integra\u00e7\u00e3o entre sistemas reduz custos e aumenta a efici\u00eancia administrativa.<\/p>\n\n\n\n<p>Entre os principais impactos da CIN para o setor p\u00fablico e para os cidad\u00e3os, destacam-se:<\/p>\n\n\n\n<ul class=\"wp-block-list\">\n<li>Melhor controle e organiza\u00e7\u00e3o de dados populacionais<\/li>\n\n\n\n<li>Integra\u00e7\u00e3o entre \u00f3rg\u00e3os federais, estaduais e municipais<\/li>\n\n\n\n<li>Redu\u00e7\u00e3o de fraudes em cadastros governamentais<\/li>\n\n\n\n<li>Apoio em servi\u00e7os como prova de vida e atualiza\u00e7\u00e3o cadastral<\/li>\n\n\n\n<li>Facilidade na digitaliza\u00e7\u00e3o de servi\u00e7os p\u00fablicos<\/li>\n<\/ul>\n\n\n\n<p>\u00c9 importante destacar que a aus\u00eancia da CIN n\u00e3o bloqueia automaticamente benef\u00edcios como aposentadorias ou aux\u00edlios do INSS. O governo informa que eventuais suspens\u00f5es est\u00e3o relacionadas \u00e0 falta de<strong> prova de vida<\/strong> ou <strong>inconsist\u00eancias cadastrais<\/strong>, sendo a nova Carteira de Identidade Nacional apenas um recurso de apoio. Assim, dentro do contexto de leis e governo, o documento representa evolu\u00e7\u00e3o administrativa, mas sem impor preju\u00edzos imediatos ao cidad\u00e3o.<\/p>\n","protected":false},"excerpt":{"rendered":"<p>A nova Carteira de Identidade Nacional, chamada de CIN, \u00e9 o novo modelo de identifica\u00e7\u00e3o civil criado pelo governo federal dentro das pol\u00edticas de leis e governo. A Carteira de Identidade Nacional (CIN) \u00e9 o novo modelo de identifica\u00e7\u00e3o civil dos brasileiros, que substitui o antigo RG e adota o CPF como n\u00famero \u00fanico de [&hellip;]<\/p>\n","protected":false},"author":28,"featured_media":200486,"comment_status":"open","ping_status":"open","sticky":false,"template":"","format":"standard","meta":{"jnews-multi-image_gallery":[],"jnews_single_post":{"format":"standard"},"jnews_primary_category":[],"jnews_social_meta":[],"jnews_override_counter":[],"footnotes":""},"categories":[20108],"tags":[18085,28895,28894,28896],"class_list":["post-200480","post","type-post","status-publish","format-standard","has-post-thumbnail","hentry","category-noticia","tag-carteira-de-identidade-nacional","tag-cin-brasil","tag-documento-digital-brasil","tag-novo-rg-cpf"],"yoast_head":"<!-- This site is optimized with the Yoast SEO plugin v23.8 - https:\/\/yoast.com\/wordpress\/plugins\/seo\/ -->\n<title>Por que voc\u00ea deve emitir a nova Carteira de Identidade? Conhe\u00e7a a import\u00e2ncia e os benef\u00edcios do documento - Estado de Minas - Em foco<\/title>\n<meta name=\"description\" content=\"Nova Carteira de Identidade Nacional (CIN) unifica o CPF, aumenta a seguran\u00e7a e facilita o acesso a servi\u00e7os p\u00fablicos no Brasil.\" \/>\n<meta name=\"robots\" content=\"index, follow, max-snippet:-1, max-image-preview:large, max-video-preview:-1\" \/>\n<link rel=\"canonical\" href=\"https:\/\/www.em.com.br\/emfoco\/2026\/04\/27\/por-que-voce-deve-emitir-a-nova-carteira-de-identidade-conheca-a-importancia-e-os-beneficios-do-documento\/\" \/>\n<meta property=\"og:locale\" content=\"pt_BR\" \/>\n<meta property=\"og:type\" content=\"article\" \/>\n<meta property=\"og:title\" content=\"Por que voc\u00ea deve emitir a nova Carteira de Identidade? Conhe\u00e7a a import\u00e2ncia e os benef\u00edcios do documento - Estado de Minas - Em foco\" \/>\n<meta property=\"og:description\" content=\"Nova Carteira de Identidade Nacional (CIN) unifica o CPF, aumenta a seguran\u00e7a e facilita o acesso a servi\u00e7os p\u00fablicos no Brasil.\" \/>\n<meta property=\"og:url\" content=\"https:\/\/www.em.com.br\/emfoco\/2026\/04\/27\/por-que-voce-deve-emitir-a-nova-carteira-de-identidade-conheca-a-importancia-e-os-beneficios-do-documento\/\" \/>\n<meta property=\"og:site_name\" content=\"Estado de Minas - Em foco\" \/>\n<meta property=\"article:published_time\" content=\"2026-04-27T16:55:00+00:00\" \/>\n<meta property=\"article:modified_time\" content=\"2026-04-27T13:30:21+00:00\" \/>\n<meta property=\"og:image\" content=\"https:\/\/www.em.com.br\/emfoco\/wp-content\/uploads\/2026\/04\/X-2026-04-27T102842.627.jpg\" \/>\n\t<meta property=\"og:image:width\" content=\"2560\" \/>\n\t<meta property=\"og:image:height\" content=\"1440\" \/>\n\t<meta property=\"og:image:type\" content=\"image\/jpeg\" \/>\n<meta name=\"author\" content=\"Elis Gabrielle Santos Souza\" \/>\n<meta name=\"twitter:card\" content=\"summary_large_image\" \/>\n<meta name=\"twitter:label1\" content=\"Escrito por\" \/>\n\t<meta name=\"twitter:data1\" content=\"Elis Gabrielle Santos Souza\" \/>\n\t<meta name=\"twitter:label2\" content=\"Est. tempo de leitura\" \/>\n\t<meta name=\"twitter:data2\" content=\"4 minutos\" \/>\n<!-- \/ Yoast SEO plugin. -->","yoast_head_json":{"title":"Por que voc\u00ea deve emitir a nova Carteira de Identidade? Conhe\u00e7a a import\u00e2ncia e os benef\u00edcios do documento - Estado de Minas - Em foco","description":"Nova Carteira de Identidade Nacional (CIN) unifica o CPF, aumenta a seguran\u00e7a e facilita o acesso a servi\u00e7os p\u00fablicos no Brasil.","robots":{"index":"index","follow":"follow","max-snippet":"max-snippet:-1","max-image-preview":"max-image-preview:large","max-video-preview":"max-video-preview:-1"},"canonical":"https:\/\/www.em.com.br\/emfoco\/2026\/04\/27\/por-que-voce-deve-emitir-a-nova-carteira-de-identidade-conheca-a-importancia-e-os-beneficios-do-documento\/","og_locale":"pt_BR","og_type":"article","og_title":"Por que voc\u00ea deve emitir a nova Carteira de Identidade? Conhe\u00e7a a import\u00e2ncia e os benef\u00edcios do documento - Estado de Minas - Em foco","og_description":"Nova Carteira de Identidade Nacional (CIN) unifica o CPF, aumenta a seguran\u00e7a e facilita o acesso a servi\u00e7os p\u00fablicos no Brasil.","og_url":"https:\/\/www.em.com.br\/emfoco\/2026\/04\/27\/por-que-voce-deve-emitir-a-nova-carteira-de-identidade-conheca-a-importancia-e-os-beneficios-do-documento\/","og_site_name":"Estado de Minas - Em foco","article_published_time":"2026-04-27T16:55:00+00:00","article_modified_time":"2026-04-27T13:30:21+00:00","og_image":[{"width":2560,"height":1440,"url":"https:\/\/www.em.com.br\/emfoco\/wp-content\/uploads\/2026\/04\/X-2026-04-27T102842.627.jpg","type":"image\/jpeg"}],"author":"Elis Gabrielle Santos Souza","twitter_card":"summary_large_image","twitter_misc":{"Escrito por":"Elis Gabrielle Santos Souza","Est. tempo de leitura":"4 minutos"},"schema":{"@context":"https:\/\/schema.org","@graph":[{"@type":"WebPage","@id":"https:\/\/www.em.com.br\/emfoco\/2026\/04\/27\/por-que-voce-deve-emitir-a-nova-carteira-de-identidade-conheca-a-importancia-e-os-beneficios-do-documento\/","url":"https:\/\/www.em.com.br\/emfoco\/2026\/04\/27\/por-que-voce-deve-emitir-a-nova-carteira-de-identidade-conheca-a-importancia-e-os-beneficios-do-documento\/","name":"Por que voc\u00ea deve emitir a nova Carteira de Identidade? Conhe\u00e7a a import\u00e2ncia e os benef\u00edcios do documento - Estado de Minas - Em foco","isPartOf":{"@id":"https:\/\/www.em.com.br\/emfoco\/#website"},"primaryImageOfPage":{"@id":"https:\/\/www.em.com.br\/emfoco\/2026\/04\/27\/por-que-voce-deve-emitir-a-nova-carteira-de-identidade-conheca-a-importancia-e-os-beneficios-do-documento\/#primaryimage"},"image":{"@id":"https:\/\/www.em.com.br\/emfoco\/2026\/04\/27\/por-que-voce-deve-emitir-a-nova-carteira-de-identidade-conheca-a-importancia-e-os-beneficios-do-documento\/#primaryimage"},"thumbnailUrl":"https:\/\/www.em.com.br\/emfoco\/wp-content\/uploads\/2026\/04\/X-2026-04-27T102842.627.jpg","datePublished":"2026-04-27T16:55:00+00:00","dateModified":"2026-04-27T13:30:21+00:00","author":{"@id":"https:\/\/www.em.com.br\/emfoco\/#\/schema\/person\/0c545bffa944f9caa147d776b5f6f1f5"},"description":"Nova Carteira de Identidade Nacional (CIN) unifica o CPF, aumenta a seguran\u00e7a e facilita o acesso a servi\u00e7os p\u00fablicos no Brasil.","breadcrumb":{"@id":"https:\/\/www.em.com.br\/emfoco\/2026\/04\/27\/por-que-voce-deve-emitir-a-nova-carteira-de-identidade-conheca-a-importancia-e-os-beneficios-do-documento\/#breadcrumb"},"inLanguage":"pt-BR","potentialAction":[{"@type":"ReadAction","target":["https:\/\/www.em.com.br\/emfoco\/2026\/04\/27\/por-que-voce-deve-emitir-a-nova-carteira-de-identidade-conheca-a-importancia-e-os-beneficios-do-documento\/"]}]},{"@type":"ImageObject","inLanguage":"pt-BR","@id":"https:\/\/www.em.com.br\/emfoco\/2026\/04\/27\/por-que-voce-deve-emitir-a-nova-carteira-de-identidade-conheca-a-importancia-e-os-beneficios-do-documento\/#primaryimage","url":"https:\/\/www.em.com.br\/emfoco\/wp-content\/uploads\/2026\/04\/X-2026-04-27T102842.627.jpg","contentUrl":"https:\/\/www.em.com.br\/emfoco\/wp-content\/uploads\/2026\/04\/X-2026-04-27T102842.627.jpg","width":2560,"height":1440,"caption":"A CIN substitui o antigo RG no Brasil"},{"@type":"BreadcrumbList","@id":"https:\/\/www.em.com.br\/emfoco\/2026\/04\/27\/por-que-voce-deve-emitir-a-nova-carteira-de-identidade-conheca-a-importancia-e-os-beneficios-do-documento\/#breadcrumb","itemListElement":[{"@type":"ListItem","position":1,"name":"In\u00edcio","item":"https:\/\/www.em.com.br\/emfoco\/"},{"@type":"ListItem","position":2,"name":"Por que voc\u00ea deve emitir a nova Carteira de Identidade? Conhe\u00e7a a import\u00e2ncia e os benef\u00edcios do documento"}]},{"@type":"WebSite","@id":"https:\/\/www.em.com.br\/emfoco\/#website","url":"https:\/\/www.em.com.br\/emfoco\/","name":"Estado de Minas - Em foco","description":"Acompanhe as \u00faltimas not\u00edcias e fique bem informado sobre tudo o que acontece em Minas Gerais, Brasil e no mundo.","potentialAction":[{"@type":"SearchAction","target":{"@type":"EntryPoint","urlTemplate":"https:\/\/www.em.com.br\/emfoco\/?s={search_term_string}"},"query-input":{"@type":"PropertyValueSpecification","valueRequired":true,"valueName":"search_term_string"}}],"inLanguage":"pt-BR"},{"@type":"Person","@id":"https:\/\/www.em.com.br\/emfoco\/#\/schema\/person\/0c545bffa944f9caa147d776b5f6f1f5","name":"Elis Gabrielle Santos Souza","image":{"@type":"ImageObject","inLanguage":"pt-BR","@id":"https:\/\/www.em.com.br\/emfoco\/#\/schema\/person\/image\/","url":"https:\/\/secure.gravatar.com\/avatar\/1dc86c254cebb74d9c8a14da612c52db?s=96&d=mm&r=g","contentUrl":"https:\/\/secure.gravatar.com\/avatar\/1dc86c254cebb74d9c8a14da612c52db?s=96&d=mm&r=g","caption":"Elis Gabrielle Santos Souza"},"sameAs":["https:\/\/www.em.com.br\/emfoco"],"url":"https:\/\/www.em.com.br\/emfoco\/author\/elis-myth\/"}]}},"_links":{"self":[{"href":"https:\/\/www.em.com.br\/emfoco\/wp-json\/wp\/v2\/posts\/200480","targetHints":{"allow":["GET"]}}],"collection":[{"href":"https:\/\/www.em.com.br\/emfoco\/wp-json\/wp\/v2\/posts"}],"about":[{"href":"https:\/\/www.em.com.br\/emfoco\/wp-json\/wp\/v2\/types\/post"}],"author":[{"embeddable":true,"href":"https:\/\/www.em.com.br\/emfoco\/wp-json\/wp\/v2\/users\/28"}],"replies":[{"embeddable":true,"href":"https:\/\/www.em.com.br\/emfoco\/wp-json\/wp\/v2\/comments?post=200480"}],"version-history":[{"count":1,"href":"https:\/\/www.em.com.br\/emfoco\/wp-json\/wp\/v2\/posts\/200480\/revisions"}],"predecessor-version":[{"id":200487,"href":"https:\/\/www.em.com.br\/emfoco\/wp-json\/wp\/v2\/posts\/200480\/revisions\/200487"}],"wp:featuredmedia":[{"embeddable":true,"href":"https:\/\/www.em.com.br\/emfoco\/wp-json\/wp\/v2\/media\/200486"}],"wp:attachment":[{"href":"https:\/\/www.em.com.br\/emfoco\/wp-json\/wp\/v2\/media?parent=200480"}],"wp:term":[{"taxonomy":"category","embeddable":true,"href":"https:\/\/www.em.com.br\/emfoco\/wp-json\/wp\/v2\/categories?post=200480"},{"taxonomy":"post_tag","embeddable":true,"href":"https:\/\/www.em.com.br\/emfoco\/wp-json\/wp\/v2\/tags?post=200480"}],"curies":[{"name":"wp","href":"https:\/\/api.w.org\/{rel}","templated":true}]}}