{"id":200470,"date":"2026-04-27T22:15:00","date_gmt":"2026-04-28T01:15:00","guid":{"rendered":"https:\/\/www.em.com.br\/emfoco\/?p=200470"},"modified":"2026-04-27T10:07:57","modified_gmt":"2026-04-27T13:07:57","slug":"atencao-aposentados-e-servidores-estaduais-o-prazo-para-a-atualizacao-da-carteira-de-identidade-esta-chegando-ao-fim","status":"publish","type":"post","link":"https:\/\/www.em.com.br\/emfoco\/2026\/04\/27\/atencao-aposentados-e-servidores-estaduais-o-prazo-para-a-atualizacao-da-carteira-de-identidade-esta-chegando-ao-fim\/","title":{"rendered":"Aten\u00e7\u00e3o aposentados e servidores estaduais! O prazo para a atualiza\u00e7\u00e3o da Carteira de Identidade est\u00e1 chegando ao fim"},"content":{"rendered":"\n<p>Os <strong>servidores estaduais inativos <\/strong>e <strong>aposentados<\/strong> do <strong>Piau\u00ed <\/strong>precisam cumprir uma exig\u00eancia oficial do governo estadual: realizar a atualiza\u00e7\u00e3o da carteira de identidade at\u00e9 <strong>30 de abril<\/strong>. A medida faz parte de um decreto que determina a regulariza\u00e7\u00e3o documental para manter v\u00ednculos previdenci\u00e1rios e funcionais dentro da administra\u00e7\u00e3o p\u00fablica estadual.<\/p>\n\n\n\n<h2 class=\"wp-block-heading\">Por que a atualiza\u00e7\u00e3o \u00e9 uma exig\u00eancia espec\u00edfica do Piau\u00ed?<\/h2>\n\n\n\n<p>Os <strong>servidores estaduais inativos<\/strong> e <strong>aposentados<\/strong> est\u00e3o sujeitos a uma determina\u00e7\u00e3o do governo do Piau\u00ed baseada no <strong><a href=\"https:\/\/www.pi.gov.br\/decreto-determina-que-servidores-do-estado-do-piaui-devem-substituir-antigo-rg-pela-nova-identidade-nacional-confira-os-prazos\/\" target=\"_blank\" rel=\"noreferrer noopener\">Decreto Estadual n\u00ba 24.080\/2025<\/a><\/strong>. Essa norma tornou obrigat\u00f3ria a emiss\u00e3o da <a href=\"https:\/\/www.em.com.br\/emfoco\/2026\/04\/04\/essas-pessoas-precisam-atualizar-seus-documentos-de-identidade-para-o-novo-formato-como-fazer-isso-passo-a-passo\/\" target=\"_blank\" rel=\"noreferrer noopener\"><strong>nova Carteira de Identidade Nacional <\/strong><\/a>para todos os v\u00ednculos com o Estado.<\/p>\n\n\n\n<p>Essa exig\u00eancia espec\u00edfica do Piau\u00ed busca integrar bancos de dados p\u00fablicos, aumentar a <strong>seguran\u00e7a das informa\u00e7\u00f5es<\/strong> e garantir maior controle administrativo. A medida tamb\u00e9m padroniza os registros, utilizando o <strong>CPF <\/strong>como identificador \u00fanico em todo o sistema p\u00fablico.<\/p>\n\n\n\n<h2 class=\"wp-block-heading\">Qual \u00e9 o prazo para servidores estaduais inativos e aposentados?<\/h2>\n\n\n\n<p>O <strong>prazo final<\/strong> para os servidores estaduais inativos e aposentados realizarem a atualiza\u00e7\u00e3o \u00e9 at\u00e9<strong> 30 de abril.<\/strong> Essa data foi definida dentro do cronograma oficial do governo estadual para diferentes categorias de servidores.<\/p>\n\n\n\n<p>O decreto estabeleceu prazos distintos conforme o v\u00ednculo com o Estado, sendo o \u00faltimo grupo justamente o de aposentados e pensionistas. O n\u00e3o cumprimento pode gerar problemas administrativos e dificultar o acesso a benef\u00edcios.<\/p>\n\n\n\n<figure class=\"wp-block-image size-large\"><img loading=\"lazy\" decoding=\"async\" width=\"1024\" height=\"576\" src=\"https:\/\/www.em.com.br\/emfoco\/wp-content\/uploads\/2026\/04\/X-2026-04-27T100601.420-1024x576.jpg\" alt=\"Aten\u00e7\u00e3o aposentados e servidores estaduais! O prazo para a atualiza\u00e7\u00e3o da carteira de identidade est\u00e1 chegando ao fim\" class=\"wp-image-200475\" srcset=\"https:\/\/www.em.com.br\/emfoco\/wp-content\/uploads\/2026\/04\/X-2026-04-27T100601.420-1024x576.jpg 1024w, https:\/\/www.em.com.br\/emfoco\/wp-content\/uploads\/2026\/04\/X-2026-04-27T100601.420-300x169.jpg 300w, https:\/\/www.em.com.br\/emfoco\/wp-content\/uploads\/2026\/04\/X-2026-04-27T100601.420-768x432.jpg 768w, https:\/\/www.em.com.br\/emfoco\/wp-content\/uploads\/2026\/04\/X-2026-04-27T100601.420-1536x864.jpg 1536w, https:\/\/www.em.com.br\/emfoco\/wp-content\/uploads\/2026\/04\/X-2026-04-27T100601.420-2048x1152.jpg 2048w, https:\/\/www.em.com.br\/emfoco\/wp-content\/uploads\/2026\/04\/X-2026-04-27T100601.420-750x422.jpg 750w, https:\/\/www.em.com.br\/emfoco\/wp-content\/uploads\/2026\/04\/X-2026-04-27T100601.420-1140x641.jpg 1140w\" sizes=\"auto, (max-width: 1024px) 100vw, 1024px\" \/><figcaption class=\"wp-element-caption\">Servidores inativos devem atualizar a identidade<\/figcaption><\/figure>\n\n\n\n<h2 class=\"wp-block-heading\">Como funciona a atualiza\u00e7\u00e3o da carteira de identidade no Piau\u00ed?<\/h2>\n\n\n\n<p>A atualiza\u00e7\u00e3o da carteira de identidade no Piau\u00ed ocorre por meio da emiss\u00e3o da nova Carteira de Identidade Nacional (CIN). Esse documento moderno substitui o <strong>antigo RG <\/strong>e passa a utilizar o <strong>CPF <\/strong>como n\u00famero \u00fanico.<\/p>\n\n\n\n<p>O processo \u00e9 gratuito e pode ser feito em mais de<strong> 190 unidades <\/strong>de atendimento espalhadas pelo estado. Para facilitar, o governo tamb\u00e9m oferece atendimento domiciliar em casos de dificuldade de locomo\u00e7\u00e3o.<\/p>\n\n\n\n<p>Para realizar o procedimento, \u00e9 necess\u00e1rio seguir algumas etapas importantes:<\/p>\n\n\n\n<ul class=\"wp-block-list\">\n<li>Comparecer a uma unidade de atendimento autorizada<\/li>\n\n\n\n<li>Apresentar documentos pessoais atualizados<\/li>\n\n\n\n<li>Confirmar os dados cadastrais no sistema estadual<\/li>\n\n\n\n<li>Finalizar a emiss\u00e3o da nova identidade<\/li>\n<\/ul>\n\n\n\n<h2 class=\"wp-block-heading\">Quais s\u00e3o os riscos de n\u00e3o cumprir essa exig\u00eancia?<\/h2>\n\n\n\n<p>Os servidores estaduais inativos e aposentados que n\u00e3o realizarem a <strong>atualiza\u00e7\u00e3o <\/strong>at\u00e9 30 de abril podem enfrentar consequ\u00eancias diretas dentro da gest\u00e3o p\u00fablica estadual.<\/p>\n\n\n\n<p>Entre os principais impactos est\u00e3o dificuldades na <strong>manuten\u00e7\u00e3o de v\u00ednculos funcionais<\/strong> e <strong>previdenci\u00e1rios<\/strong>, al\u00e9m de poss\u00edveis restri\u00e7\u00f5es no acesso a servi\u00e7os e benef\u00edcios. A atualiza\u00e7\u00e3o \u00e9 considerada essencial para garantir a regularidade cadastral.<\/p>\n\n\n\n<h2 class=\"wp-block-heading\">Quais documentos s\u00e3o exigidos para atualiza\u00e7\u00e3o?<\/h2>\n\n\n\n<p>A atualiza\u00e7\u00e3o da carteira de identidade exige a apresenta\u00e7\u00e3o de documentos b\u00e1sicos que comprovem os dados dos aposentados e servidores estaduais inativos. Esses documentos garantem a <strong>valida\u00e7\u00e3o <\/strong>correta no sistema do governo.<\/p>\n\n\n\n<p>Os principais documentos solicitados incluem:<\/p>\n\n\n\n<ul class=\"wp-block-list\">\n<li>Certid\u00e3o de nascimento ou casamento em bom estado<\/li>\n\n\n\n<li>CPF regularizado<\/li>\n\n\n\n<li>Comprovante de resid\u00eancia atualizado<\/li>\n<\/ul>\n\n\n\n<p>A exig\u00eancia estabelecida pelo governo do Piau\u00ed refor\u00e7a a import\u00e2ncia da <strong>moderniza\u00e7\u00e3o administrativa <\/strong>e da organiza\u00e7\u00e3o dos dados p\u00fablicos. Para os servidores estaduais inativos e aposentados, cumprir o prazo de 30 de abril \u00e9 essencial para manter benef\u00edcios, evitar problemas e garantir conformidade com as regras da administra\u00e7\u00e3o p\u00fablica estadual.<\/p>\n","protected":false},"excerpt":{"rendered":"<p>Os servidores estaduais inativos e aposentados do Piau\u00ed precisam cumprir uma exig\u00eancia oficial do governo estadual: realizar a atualiza\u00e7\u00e3o da carteira de identidade at\u00e9 30 de abril. A medida faz parte de um decreto que determina a regulariza\u00e7\u00e3o documental para manter v\u00ednculos previdenci\u00e1rios e funcionais dentro da administra\u00e7\u00e3o p\u00fablica estadual. Por que a atualiza\u00e7\u00e3o \u00e9 [&hellip;]<\/p>\n","protected":false},"author":28,"featured_media":200476,"comment_status":"open","ping_status":"open","sticky":false,"template":"","format":"standard","meta":{"jnews-multi-image_gallery":[],"jnews_single_post":{"format":"standard"},"jnews_primary_category":[],"jnews_social_meta":[],"jnews_override_counter":[],"footnotes":""},"categories":[20108],"tags":[28893,28891,28892,28890],"class_list":["post-200470","post","type-post","status-publish","format-standard","has-post-thumbnail","hentry","category-noticia","tag-aposentados-piaui","tag-atualizacao-identidade","tag-carteira-de-identidade-cin","tag-servidores-inativos-piaui"],"yoast_head":"<!-- This site is optimized with the Yoast SEO plugin v23.8 - https:\/\/yoast.com\/wordpress\/plugins\/seo\/ -->\n<title>Aten\u00e7\u00e3o aposentados e servidores estaduais! O prazo para a atualiza\u00e7\u00e3o da Carteira de Identidade est\u00e1 chegando ao fim - Estado de Minas - Em foco<\/title>\n<meta name=\"description\" content=\"Servidores inativos e aposentados do Piau\u00ed devem atualizar a identidade at\u00e9 30 de abril para manter benef\u00edcios e regularizar cadastro.\" \/>\n<meta name=\"robots\" content=\"index, follow, max-snippet:-1, max-image-preview:large, max-video-preview:-1\" \/>\n<link rel=\"canonical\" href=\"https:\/\/www.em.com.br\/emfoco\/2026\/04\/27\/atencao-aposentados-e-servidores-estaduais-o-prazo-para-a-atualizacao-da-carteira-de-identidade-esta-chegando-ao-fim\/\" \/>\n<meta property=\"og:locale\" content=\"pt_BR\" \/>\n<meta property=\"og:type\" content=\"article\" \/>\n<meta property=\"og:title\" content=\"Aten\u00e7\u00e3o aposentados e servidores estaduais! O prazo para a atualiza\u00e7\u00e3o da Carteira de Identidade est\u00e1 chegando ao fim - Estado de Minas - Em foco\" \/>\n<meta property=\"og:description\" content=\"Servidores inativos e aposentados do Piau\u00ed devem atualizar a identidade at\u00e9 30 de abril para manter benef\u00edcios e regularizar cadastro.\" \/>\n<meta property=\"og:url\" content=\"https:\/\/www.em.com.br\/emfoco\/2026\/04\/27\/atencao-aposentados-e-servidores-estaduais-o-prazo-para-a-atualizacao-da-carteira-de-identidade-esta-chegando-ao-fim\/\" \/>\n<meta property=\"og:site_name\" content=\"Estado de Minas - Em foco\" \/>\n<meta property=\"article:published_time\" content=\"2026-04-28T01:15:00+00:00\" \/>\n<meta property=\"article:modified_time\" content=\"2026-04-27T13:07:57+00:00\" \/>\n<meta property=\"og:image\" content=\"https:\/\/www.em.com.br\/emfoco\/wp-content\/uploads\/2026\/04\/X-2026-04-27T100541.444.jpg\" \/>\n\t<meta property=\"og:image:width\" content=\"2560\" \/>\n\t<meta property=\"og:image:height\" content=\"1440\" \/>\n\t<meta property=\"og:image:type\" content=\"image\/jpeg\" \/>\n<meta name=\"author\" content=\"Elis Gabrielle Santos Souza\" \/>\n<meta name=\"twitter:card\" content=\"summary_large_image\" \/>\n<meta name=\"twitter:label1\" content=\"Escrito por\" \/>\n\t<meta name=\"twitter:data1\" content=\"Elis Gabrielle Santos Souza\" \/>\n\t<meta name=\"twitter:label2\" content=\"Est. tempo de leitura\" \/>\n\t<meta name=\"twitter:data2\" content=\"4 minutos\" \/>\n<!-- \/ Yoast SEO plugin. -->","yoast_head_json":{"title":"Aten\u00e7\u00e3o aposentados e servidores estaduais! O prazo para a atualiza\u00e7\u00e3o da Carteira de Identidade est\u00e1 chegando ao fim - Estado de Minas - Em foco","description":"Servidores inativos e aposentados do Piau\u00ed devem atualizar a identidade at\u00e9 30 de abril para manter benef\u00edcios e regularizar cadastro.","robots":{"index":"index","follow":"follow","max-snippet":"max-snippet:-1","max-image-preview":"max-image-preview:large","max-video-preview":"max-video-preview:-1"},"canonical":"https:\/\/www.em.com.br\/emfoco\/2026\/04\/27\/atencao-aposentados-e-servidores-estaduais-o-prazo-para-a-atualizacao-da-carteira-de-identidade-esta-chegando-ao-fim\/","og_locale":"pt_BR","og_type":"article","og_title":"Aten\u00e7\u00e3o aposentados e servidores estaduais! O prazo para a atualiza\u00e7\u00e3o da Carteira de Identidade est\u00e1 chegando ao fim - Estado de Minas - Em foco","og_description":"Servidores inativos e aposentados do Piau\u00ed devem atualizar a identidade at\u00e9 30 de abril para manter benef\u00edcios e regularizar cadastro.","og_url":"https:\/\/www.em.com.br\/emfoco\/2026\/04\/27\/atencao-aposentados-e-servidores-estaduais-o-prazo-para-a-atualizacao-da-carteira-de-identidade-esta-chegando-ao-fim\/","og_site_name":"Estado de Minas - Em foco","article_published_time":"2026-04-28T01:15:00+00:00","article_modified_time":"2026-04-27T13:07:57+00:00","og_image":[{"width":2560,"height":1440,"url":"https:\/\/www.em.com.br\/emfoco\/wp-content\/uploads\/2026\/04\/X-2026-04-27T100541.444.jpg","type":"image\/jpeg"}],"author":"Elis Gabrielle Santos Souza","twitter_card":"summary_large_image","twitter_misc":{"Escrito por":"Elis Gabrielle Santos Souza","Est. tempo de leitura":"4 minutos"},"schema":{"@context":"https:\/\/schema.org","@graph":[{"@type":"WebPage","@id":"https:\/\/www.em.com.br\/emfoco\/2026\/04\/27\/atencao-aposentados-e-servidores-estaduais-o-prazo-para-a-atualizacao-da-carteira-de-identidade-esta-chegando-ao-fim\/","url":"https:\/\/www.em.com.br\/emfoco\/2026\/04\/27\/atencao-aposentados-e-servidores-estaduais-o-prazo-para-a-atualizacao-da-carteira-de-identidade-esta-chegando-ao-fim\/","name":"Aten\u00e7\u00e3o aposentados e servidores estaduais! O prazo para a atualiza\u00e7\u00e3o da Carteira de Identidade est\u00e1 chegando ao fim - Estado de Minas - Em foco","isPartOf":{"@id":"https:\/\/www.em.com.br\/emfoco\/#website"},"primaryImageOfPage":{"@id":"https:\/\/www.em.com.br\/emfoco\/2026\/04\/27\/atencao-aposentados-e-servidores-estaduais-o-prazo-para-a-atualizacao-da-carteira-de-identidade-esta-chegando-ao-fim\/#primaryimage"},"image":{"@id":"https:\/\/www.em.com.br\/emfoco\/2026\/04\/27\/atencao-aposentados-e-servidores-estaduais-o-prazo-para-a-atualizacao-da-carteira-de-identidade-esta-chegando-ao-fim\/#primaryimage"},"thumbnailUrl":"https:\/\/www.em.com.br\/emfoco\/wp-content\/uploads\/2026\/04\/X-2026-04-27T100541.444.jpg","datePublished":"2026-04-28T01:15:00+00:00","dateModified":"2026-04-27T13:07:57+00:00","author":{"@id":"https:\/\/www.em.com.br\/emfoco\/#\/schema\/person\/0c545bffa944f9caa147d776b5f6f1f5"},"description":"Servidores inativos e aposentados do Piau\u00ed devem atualizar a identidade at\u00e9 30 de abril para manter benef\u00edcios e regularizar cadastro.","breadcrumb":{"@id":"https:\/\/www.em.com.br\/emfoco\/2026\/04\/27\/atencao-aposentados-e-servidores-estaduais-o-prazo-para-a-atualizacao-da-carteira-de-identidade-esta-chegando-ao-fim\/#breadcrumb"},"inLanguage":"pt-BR","potentialAction":[{"@type":"ReadAction","target":["https:\/\/www.em.com.br\/emfoco\/2026\/04\/27\/atencao-aposentados-e-servidores-estaduais-o-prazo-para-a-atualizacao-da-carteira-de-identidade-esta-chegando-ao-fim\/"]}]},{"@type":"ImageObject","inLanguage":"pt-BR","@id":"https:\/\/www.em.com.br\/emfoco\/2026\/04\/27\/atencao-aposentados-e-servidores-estaduais-o-prazo-para-a-atualizacao-da-carteira-de-identidade-esta-chegando-ao-fim\/#primaryimage","url":"https:\/\/www.em.com.br\/emfoco\/wp-content\/uploads\/2026\/04\/X-2026-04-27T100541.444.jpg","contentUrl":"https:\/\/www.em.com.br\/emfoco\/wp-content\/uploads\/2026\/04\/X-2026-04-27T100541.444.jpg","width":2560,"height":1440,"caption":"O prazo final \u00e9 30 de abril"},{"@type":"BreadcrumbList","@id":"https:\/\/www.em.com.br\/emfoco\/2026\/04\/27\/atencao-aposentados-e-servidores-estaduais-o-prazo-para-a-atualizacao-da-carteira-de-identidade-esta-chegando-ao-fim\/#breadcrumb","itemListElement":[{"@type":"ListItem","position":1,"name":"In\u00edcio","item":"https:\/\/www.em.com.br\/emfoco\/"},{"@type":"ListItem","position":2,"name":"Aten\u00e7\u00e3o aposentados e servidores estaduais! O prazo para a atualiza\u00e7\u00e3o da Carteira de Identidade est\u00e1 chegando ao fim"}]},{"@type":"WebSite","@id":"https:\/\/www.em.com.br\/emfoco\/#website","url":"https:\/\/www.em.com.br\/emfoco\/","name":"Estado de Minas - Em foco","description":"Acompanhe as \u00faltimas not\u00edcias e fique bem informado sobre tudo o que acontece em Minas Gerais, Brasil e no mundo.","potentialAction":[{"@type":"SearchAction","target":{"@type":"EntryPoint","urlTemplate":"https:\/\/www.em.com.br\/emfoco\/?s={search_term_string}"},"query-input":{"@type":"PropertyValueSpecification","valueRequired":true,"valueName":"search_term_string"}}],"inLanguage":"pt-BR"},{"@type":"Person","@id":"https:\/\/www.em.com.br\/emfoco\/#\/schema\/person\/0c545bffa944f9caa147d776b5f6f1f5","name":"Elis Gabrielle Santos Souza","image":{"@type":"ImageObject","inLanguage":"pt-BR","@id":"https:\/\/www.em.com.br\/emfoco\/#\/schema\/person\/image\/","url":"https:\/\/secure.gravatar.com\/avatar\/1dc86c254cebb74d9c8a14da612c52db?s=96&d=mm&r=g","contentUrl":"https:\/\/secure.gravatar.com\/avatar\/1dc86c254cebb74d9c8a14da612c52db?s=96&d=mm&r=g","caption":"Elis Gabrielle Santos Souza"},"sameAs":["https:\/\/www.em.com.br\/emfoco"],"url":"https:\/\/www.em.com.br\/emfoco\/author\/elis-myth\/"}]}},"_links":{"self":[{"href":"https:\/\/www.em.com.br\/emfoco\/wp-json\/wp\/v2\/posts\/200470","targetHints":{"allow":["GET"]}}],"collection":[{"href":"https:\/\/www.em.com.br\/emfoco\/wp-json\/wp\/v2\/posts"}],"about":[{"href":"https:\/\/www.em.com.br\/emfoco\/wp-json\/wp\/v2\/types\/post"}],"author":[{"embeddable":true,"href":"https:\/\/www.em.com.br\/emfoco\/wp-json\/wp\/v2\/users\/28"}],"replies":[{"embeddable":true,"href":"https:\/\/www.em.com.br\/emfoco\/wp-json\/wp\/v2\/comments?post=200470"}],"version-history":[{"count":2,"href":"https:\/\/www.em.com.br\/emfoco\/wp-json\/wp\/v2\/posts\/200470\/revisions"}],"predecessor-version":[{"id":200479,"href":"https:\/\/www.em.com.br\/emfoco\/wp-json\/wp\/v2\/posts\/200470\/revisions\/200479"}],"wp:featuredmedia":[{"embeddable":true,"href":"https:\/\/www.em.com.br\/emfoco\/wp-json\/wp\/v2\/media\/200476"}],"wp:attachment":[{"href":"https:\/\/www.em.com.br\/emfoco\/wp-json\/wp\/v2\/media?parent=200470"}],"wp:term":[{"taxonomy":"category","embeddable":true,"href":"https:\/\/www.em.com.br\/emfoco\/wp-json\/wp\/v2\/categories?post=200470"},{"taxonomy":"post_tag","embeddable":true,"href":"https:\/\/www.em.com.br\/emfoco\/wp-json\/wp\/v2\/tags?post=200470"}],"curies":[{"name":"wp","href":"https:\/\/api.w.org\/{rel}","templated":true}]}}