{"id":200464,"date":"2026-04-27T21:55:00","date_gmt":"2026-04-28T00:55:00","guid":{"rendered":"https:\/\/www.em.com.br\/emfoco\/?p=200464"},"modified":"2026-04-27T09:57:05","modified_gmt":"2026-04-27T12:57:05","slug":"bicarbonato-de-sodio-e-alecrim-no-cabelo-grisalho-por-que-essa-mistura-esta-em-alta","status":"publish","type":"post","link":"https:\/\/www.em.com.br\/emfoco\/2026\/04\/27\/bicarbonato-de-sodio-e-alecrim-no-cabelo-grisalho-por-que-essa-mistura-esta-em-alta\/","title":{"rendered":"Bicarbonato de s\u00f3dio e alecrim no cabelo grisalho: por que essa mistura est\u00e1 em alta?"},"content":{"rendered":"\n<p><strong>Bicarbonato de s\u00f3dio<\/strong> combinado com <strong>alecrim<\/strong> tem ganhado espa\u00e7o nas rotinas de <strong>cabelo<\/strong> e cuidados com <strong>cabelo grisalho<\/strong>, principalmente entre quem busca solu\u00e7\u00f5es naturais de beleza. Em meio a tend\u00eancias de cosm\u00e9ticos caseiros, hidrata\u00e7\u00e3o, brilho e sa\u00fade capilar, essa mistura promete melhorar a apar\u00eancia dos fios, controlar oleosidade e valorizar os grisalhos com mais luminosidade e maciez.<\/p>\n\n\n\n<h2 class=\"wp-block-heading\">Por que usar bicarbonato de s\u00f3dio no cabelo?<\/h2>\n\n\n\n<p><strong><a href=\"https:\/\/pt.wikipedia.org\/wiki\/Bicarbonato_de_s%C3%B3dio\" target=\"_blank\" rel=\"noreferrer noopener\">Bicarbonato de s\u00f3dio<\/a> <\/strong>\u00e9 conhecido por seu efeito de limpeza profunda no cabelo, ajudando a remover <strong>res\u00edduos de produtos<\/strong>, polui\u00e7\u00e3o e <strong>excesso de oleosidade<\/strong>. Em rotinas de beleza capilar, ele pode funcionar como um detox, deixando os fios mais leves, soltos e com aspecto saud\u00e1vel.<\/p>\n\n\n\n<p>No caso do cabelo grisalho, o uso moderado de bicarbonato de s\u00f3dio pode<strong> auxiliar na remo\u00e7\u00e3o do amarelado<\/strong> causado por fatores externos. Isso contribui para um visual mais uniforme, valorizando a textura natural dos fios e melhorando o brilho.<\/p>\n\n\n\n<h2 class=\"wp-block-heading\">Como o alecrim age no cabelo grisalho?<\/h2>\n\n\n\n<p>Alecrim \u00e9 uma planta muito usada em <strong>tratamentos naturais para o cabelo<\/strong>, especialmente por suas propriedades estimulantes e revitalizantes. Ele ajuda a fortalecer os fios, melhorar a circula\u00e7\u00e3o no couro cabeludo e contribuir para um crescimento mais saud\u00e1vel.<\/p>\n\n\n\n<p>Para quem tem <strong>cabelo grisalho<\/strong>, o <a href=\"https:\/\/www.em.com.br\/emfoco\/2026\/03\/21\/especialistas-explicam-por-que-o-alecrim-se-tornou-aliado-natural-na-rotina-de-saude-beleza-e-casa\/\" target=\"_blank\" rel=\"noreferrer noopener\"><strong>alecrim<\/strong> <\/a>pode intensificar o brilho e dar mais vitalidade aos fios, reduzindo o aspecto opaco. Al\u00e9m disso, seu uso frequente em enx\u00e1gues ou t\u00f4nicos capilares pode deixar o cabelo mais macio e com apar\u00eancia rejuvenescida.<\/p>\n\n\n\n<figure class=\"wp-block-image size-large\"><img loading=\"lazy\" decoding=\"async\" width=\"1024\" height=\"576\" src=\"https:\/\/www.em.com.br\/emfoco\/wp-content\/uploads\/2026\/04\/X-2026-04-27T095600.309-1024x576.jpg\" alt=\"Bicarbonato de s\u00f3dio e alecrim no cabelo grisalho: por que essa mistura est\u00e1 em alta?\" class=\"wp-image-200467\" srcset=\"https:\/\/www.em.com.br\/emfoco\/wp-content\/uploads\/2026\/04\/X-2026-04-27T095600.309-1024x576.jpg 1024w, https:\/\/www.em.com.br\/emfoco\/wp-content\/uploads\/2026\/04\/X-2026-04-27T095600.309-300x169.jpg 300w, https:\/\/www.em.com.br\/emfoco\/wp-content\/uploads\/2026\/04\/X-2026-04-27T095600.309-768x432.jpg 768w, https:\/\/www.em.com.br\/emfoco\/wp-content\/uploads\/2026\/04\/X-2026-04-27T095600.309-1536x864.jpg 1536w, https:\/\/www.em.com.br\/emfoco\/wp-content\/uploads\/2026\/04\/X-2026-04-27T095600.309-2048x1152.jpg 2048w, https:\/\/www.em.com.br\/emfoco\/wp-content\/uploads\/2026\/04\/X-2026-04-27T095600.309-750x422.jpg 750w, https:\/\/www.em.com.br\/emfoco\/wp-content\/uploads\/2026\/04\/X-2026-04-27T095600.309-1140x641.jpg 1140w\" sizes=\"auto, (max-width: 1024px) 100vw, 1024px\" \/><figcaption class=\"wp-element-caption\">A mistura pode reduzir o amarelado do cabelo grisalho<\/figcaption><\/figure>\n\n\n\n<h2 class=\"wp-block-heading\">Quais s\u00e3o os benef\u00edcios da mistura de bicarbonato de s\u00f3dio e alecrim?<\/h2>\n\n\n\n<p>A combina\u00e7\u00e3o de bicarbonato de s\u00f3dio com alecrim cria um tratamento caseiro que une<strong> limpeza profunda <\/strong>e <strong>nutri\u00e7\u00e3o leve<\/strong> para o cabelo. Essa mistura pode ser especialmente interessante para quem busca praticidade na rotina de cuidados com o cabelo grisalho.<\/p>\n\n\n\n<p>Entre os principais benef\u00edcios percebidos por quem utiliza essa t\u00e9cnica, destacam-se:<\/p>\n\n\n\n<ul class=\"wp-block-list\">\n<li>Remo\u00e7\u00e3o de res\u00edduos acumulados no cabelo<\/li>\n\n\n\n<li>Realce do brilho natural do cabelo grisalho<\/li>\n\n\n\n<li>Controle da oleosidade no couro cabeludo<\/li>\n\n\n\n<li>Sensa\u00e7\u00e3o de fios mais leves e soltos<\/li>\n\n\n\n<li>Apar\u00eancia mais saud\u00e1vel e uniforme<\/li>\n<\/ul>\n\n\n\n<h2 class=\"wp-block-heading\">Como aplicar bicarbonato de s\u00f3dio e alecrim no cabelo?<\/h2>\n\n\n\n<p>O uso correto de bicarbonato de s\u00f3dio com alecrim \u00e9 essencial para evitar ressecamento do cabelo. A aplica\u00e7\u00e3o deve ser feita com modera\u00e7\u00e3o, respeitando a <strong>frequ\u00eancia ideal para manter a sa\u00fade capilar <\/strong>e preservar o equil\u00edbrio natural dos fios.<\/p>\n\n\n\n<p>Uma forma simples de aplicar essa mistura no <strong>cabelo grisalho<\/strong> inclui os seguintes passos:<\/p>\n\n\n\n<ul class=\"wp-block-list\">\n<li>Diluir uma pequena quantidade de bicarbonato de s\u00f3dio em \u00e1gua<\/li>\n\n\n\n<li>Adicionar infus\u00e3o de alecrim j\u00e1 fria<\/li>\n\n\n\n<li>Aplicar no couro cabeludo e comprimento do cabelo<\/li>\n\n\n\n<li>Massagear suavemente para estimular a circula\u00e7\u00e3o<\/li>\n\n\n\n<li>Enxaguar bem e finalizar com hidrata\u00e7\u00e3o leve<\/li>\n<\/ul>\n\n\n\n<h2 class=\"wp-block-heading\">Essa t\u00e9cnica \u00e9 indicada para todos os tipos de cabelo?<\/h2>\n\n\n\n<p>Embora o bicarbonato de s\u00f3dio e o alecrim tragam benef\u00edcios, nem todo tipo de cabelo reage da mesma forma. Fios mais ressecados ou quimicamente tratados podem precisar de mais hidrata\u00e7\u00e3o para<strong> evitar danos<\/strong> ou <strong>perda de maciez<\/strong>.<\/p>\n\n\n\n<p>No caso do cabelo grisalho, que tende a ser mais seco, o uso deve ser<strong> equilibrado com m\u00e1scaras hidratantes <\/strong>e \u00f3leos capilares. Assim, \u00e9 poss\u00edvel manter o brilho, a sa\u00fade e a beleza natural dos fios dentro de uma rotina completa de cuidados de beleza.<\/p>\n\n\n\n<p>Em rotinas de beleza capilar, apostar em ingredientes como bicarbonato de s\u00f3dio e alecrim pode ser uma alternativa interessante, desde que usada com consci\u00eancia. O cuidado com o cabelo, especialmente o<strong> cabelo grisalho<\/strong>, exige equil\u00edbrio entre limpeza, hidrata\u00e7\u00e3o e nutri\u00e7\u00e3o para garantir fios bonitos, saud\u00e1veis e cheios de vida.<\/p>\n","protected":false},"excerpt":{"rendered":"<p>Bicarbonato de s\u00f3dio combinado com alecrim tem ganhado espa\u00e7o nas rotinas de cabelo e cuidados com cabelo grisalho, principalmente entre quem busca solu\u00e7\u00f5es naturais de beleza. Em meio a tend\u00eancias de cosm\u00e9ticos caseiros, hidrata\u00e7\u00e3o, brilho e sa\u00fade capilar, essa mistura promete melhorar a apar\u00eancia dos fios, controlar oleosidade e valorizar os grisalhos com mais luminosidade [&hellip;]<\/p>\n","protected":false},"author":28,"featured_media":200468,"comment_status":"open","ping_status":"open","sticky":false,"template":"","format":"standard","meta":{"jnews-multi-image_gallery":[],"jnews_single_post":{"format":"standard"},"jnews_primary_category":[],"jnews_social_meta":[],"jnews_override_counter":[],"footnotes":""},"categories":[8691],"tags":[28885,28886,8791,28887],"class_list":["post-200464","post","type-post","status-publish","format-standard","has-post-thumbnail","hentry","category-bem-estar","tag-alecrim-cabelo","tag-bicarbonato-no-cabelo","tag-brilho-capilar","tag-cabelo-grisalho-cuidados"],"yoast_head":"<!-- This site is optimized with the Yoast SEO plugin v23.8 - https:\/\/yoast.com\/wordpress\/plugins\/seo\/ -->\n<title>Bicarbonato de s\u00f3dio e alecrim no cabelo grisalho: por que essa mistura est\u00e1 em alta? - Estado de Minas - Em foco<\/title>\n<meta name=\"description\" content=\"Bicarbonato de s\u00f3dio e alecrim ajudam a limpar, dar brilho e valorizar o cabelo grisalho com apar\u00eancia saud\u00e1vel e fios mais leves.\" \/>\n<meta name=\"robots\" content=\"index, follow, max-snippet:-1, max-image-preview:large, max-video-preview:-1\" \/>\n<link rel=\"canonical\" href=\"https:\/\/www.em.com.br\/emfoco\/2026\/04\/27\/bicarbonato-de-sodio-e-alecrim-no-cabelo-grisalho-por-que-essa-mistura-esta-em-alta\/\" \/>\n<meta property=\"og:locale\" content=\"pt_BR\" \/>\n<meta property=\"og:type\" content=\"article\" \/>\n<meta property=\"og:title\" content=\"Bicarbonato de s\u00f3dio e alecrim no cabelo grisalho: por que essa mistura est\u00e1 em alta? - Estado de Minas - Em foco\" \/>\n<meta property=\"og:description\" content=\"Bicarbonato de s\u00f3dio e alecrim ajudam a limpar, dar brilho e valorizar o cabelo grisalho com apar\u00eancia saud\u00e1vel e fios mais leves.\" \/>\n<meta property=\"og:url\" content=\"https:\/\/www.em.com.br\/emfoco\/2026\/04\/27\/bicarbonato-de-sodio-e-alecrim-no-cabelo-grisalho-por-que-essa-mistura-esta-em-alta\/\" \/>\n<meta property=\"og:site_name\" content=\"Estado de Minas - Em foco\" \/>\n<meta property=\"article:published_time\" content=\"2026-04-28T00:55:00+00:00\" \/>\n<meta property=\"article:modified_time\" content=\"2026-04-27T12:57:05+00:00\" \/>\n<meta property=\"og:image\" content=\"https:\/\/www.em.com.br\/emfoco\/wp-content\/uploads\/2026\/04\/X-2026-04-27T095351.465.jpg\" \/>\n\t<meta property=\"og:image:width\" content=\"2560\" \/>\n\t<meta property=\"og:image:height\" content=\"1440\" \/>\n\t<meta property=\"og:image:type\" content=\"image\/jpeg\" \/>\n<meta name=\"author\" content=\"Elis Gabrielle Santos Souza\" \/>\n<meta name=\"twitter:card\" content=\"summary_large_image\" \/>\n<meta name=\"twitter:label1\" content=\"Escrito por\" \/>\n\t<meta name=\"twitter:data1\" content=\"Elis Gabrielle Santos Souza\" \/>\n\t<meta name=\"twitter:label2\" content=\"Est. tempo de leitura\" \/>\n\t<meta name=\"twitter:data2\" content=\"4 minutos\" \/>\n<!-- \/ Yoast SEO plugin. -->","yoast_head_json":{"title":"Bicarbonato de s\u00f3dio e alecrim no cabelo grisalho: por que essa mistura est\u00e1 em alta? - Estado de Minas - Em foco","description":"Bicarbonato de s\u00f3dio e alecrim ajudam a limpar, dar brilho e valorizar o cabelo grisalho com apar\u00eancia saud\u00e1vel e fios mais leves.","robots":{"index":"index","follow":"follow","max-snippet":"max-snippet:-1","max-image-preview":"max-image-preview:large","max-video-preview":"max-video-preview:-1"},"canonical":"https:\/\/www.em.com.br\/emfoco\/2026\/04\/27\/bicarbonato-de-sodio-e-alecrim-no-cabelo-grisalho-por-que-essa-mistura-esta-em-alta\/","og_locale":"pt_BR","og_type":"article","og_title":"Bicarbonato de s\u00f3dio e alecrim no cabelo grisalho: por que essa mistura est\u00e1 em alta? - Estado de Minas - Em foco","og_description":"Bicarbonato de s\u00f3dio e alecrim ajudam a limpar, dar brilho e valorizar o cabelo grisalho com apar\u00eancia saud\u00e1vel e fios mais leves.","og_url":"https:\/\/www.em.com.br\/emfoco\/2026\/04\/27\/bicarbonato-de-sodio-e-alecrim-no-cabelo-grisalho-por-que-essa-mistura-esta-em-alta\/","og_site_name":"Estado de Minas - Em foco","article_published_time":"2026-04-28T00:55:00+00:00","article_modified_time":"2026-04-27T12:57:05+00:00","og_image":[{"width":2560,"height":1440,"url":"https:\/\/www.em.com.br\/emfoco\/wp-content\/uploads\/2026\/04\/X-2026-04-27T095351.465.jpg","type":"image\/jpeg"}],"author":"Elis Gabrielle Santos Souza","twitter_card":"summary_large_image","twitter_misc":{"Escrito por":"Elis Gabrielle Santos Souza","Est. tempo de leitura":"4 minutos"},"schema":{"@context":"https:\/\/schema.org","@graph":[{"@type":"WebPage","@id":"https:\/\/www.em.com.br\/emfoco\/2026\/04\/27\/bicarbonato-de-sodio-e-alecrim-no-cabelo-grisalho-por-que-essa-mistura-esta-em-alta\/","url":"https:\/\/www.em.com.br\/emfoco\/2026\/04\/27\/bicarbonato-de-sodio-e-alecrim-no-cabelo-grisalho-por-que-essa-mistura-esta-em-alta\/","name":"Bicarbonato de s\u00f3dio e alecrim no cabelo grisalho: por que essa mistura est\u00e1 em alta? - Estado de Minas - Em foco","isPartOf":{"@id":"https:\/\/www.em.com.br\/emfoco\/#website"},"primaryImageOfPage":{"@id":"https:\/\/www.em.com.br\/emfoco\/2026\/04\/27\/bicarbonato-de-sodio-e-alecrim-no-cabelo-grisalho-por-que-essa-mistura-esta-em-alta\/#primaryimage"},"image":{"@id":"https:\/\/www.em.com.br\/emfoco\/2026\/04\/27\/bicarbonato-de-sodio-e-alecrim-no-cabelo-grisalho-por-que-essa-mistura-esta-em-alta\/#primaryimage"},"thumbnailUrl":"https:\/\/www.em.com.br\/emfoco\/wp-content\/uploads\/2026\/04\/X-2026-04-27T095351.465.jpg","datePublished":"2026-04-28T00:55:00+00:00","dateModified":"2026-04-27T12:57:05+00:00","author":{"@id":"https:\/\/www.em.com.br\/emfoco\/#\/schema\/person\/0c545bffa944f9caa147d776b5f6f1f5"},"description":"Bicarbonato de s\u00f3dio e alecrim ajudam a limpar, dar brilho e valorizar o cabelo grisalho com apar\u00eancia saud\u00e1vel e fios mais leves.","breadcrumb":{"@id":"https:\/\/www.em.com.br\/emfoco\/2026\/04\/27\/bicarbonato-de-sodio-e-alecrim-no-cabelo-grisalho-por-que-essa-mistura-esta-em-alta\/#breadcrumb"},"inLanguage":"pt-BR","potentialAction":[{"@type":"ReadAction","target":["https:\/\/www.em.com.br\/emfoco\/2026\/04\/27\/bicarbonato-de-sodio-e-alecrim-no-cabelo-grisalho-por-que-essa-mistura-esta-em-alta\/"]}]},{"@type":"ImageObject","inLanguage":"pt-BR","@id":"https:\/\/www.em.com.br\/emfoco\/2026\/04\/27\/bicarbonato-de-sodio-e-alecrim-no-cabelo-grisalho-por-que-essa-mistura-esta-em-alta\/#primaryimage","url":"https:\/\/www.em.com.br\/emfoco\/wp-content\/uploads\/2026\/04\/X-2026-04-27T095351.465.jpg","contentUrl":"https:\/\/www.em.com.br\/emfoco\/wp-content\/uploads\/2026\/04\/X-2026-04-27T095351.465.jpg","width":2560,"height":1440,"caption":"Bicarbonato de s\u00f3dio ajuda na limpeza profunda do cabelo"},{"@type":"BreadcrumbList","@id":"https:\/\/www.em.com.br\/emfoco\/2026\/04\/27\/bicarbonato-de-sodio-e-alecrim-no-cabelo-grisalho-por-que-essa-mistura-esta-em-alta\/#breadcrumb","itemListElement":[{"@type":"ListItem","position":1,"name":"In\u00edcio","item":"https:\/\/www.em.com.br\/emfoco\/"},{"@type":"ListItem","position":2,"name":"Bicarbonato de s\u00f3dio e alecrim no cabelo grisalho: por que essa mistura est\u00e1 em alta?"}]},{"@type":"WebSite","@id":"https:\/\/www.em.com.br\/emfoco\/#website","url":"https:\/\/www.em.com.br\/emfoco\/","name":"Estado de Minas - Em foco","description":"Acompanhe as \u00faltimas not\u00edcias e fique bem informado sobre tudo o que acontece em Minas Gerais, Brasil e no mundo.","potentialAction":[{"@type":"SearchAction","target":{"@type":"EntryPoint","urlTemplate":"https:\/\/www.em.com.br\/emfoco\/?s={search_term_string}"},"query-input":{"@type":"PropertyValueSpecification","valueRequired":true,"valueName":"search_term_string"}}],"inLanguage":"pt-BR"},{"@type":"Person","@id":"https:\/\/www.em.com.br\/emfoco\/#\/schema\/person\/0c545bffa944f9caa147d776b5f6f1f5","name":"Elis Gabrielle Santos Souza","image":{"@type":"ImageObject","inLanguage":"pt-BR","@id":"https:\/\/www.em.com.br\/emfoco\/#\/schema\/person\/image\/","url":"https:\/\/secure.gravatar.com\/avatar\/1dc86c254cebb74d9c8a14da612c52db?s=96&d=mm&r=g","contentUrl":"https:\/\/secure.gravatar.com\/avatar\/1dc86c254cebb74d9c8a14da612c52db?s=96&d=mm&r=g","caption":"Elis Gabrielle Santos Souza"},"sameAs":["https:\/\/www.em.com.br\/emfoco"],"url":"https:\/\/www.em.com.br\/emfoco\/author\/elis-myth\/"}]}},"_links":{"self":[{"href":"https:\/\/www.em.com.br\/emfoco\/wp-json\/wp\/v2\/posts\/200464","targetHints":{"allow":["GET"]}}],"collection":[{"href":"https:\/\/www.em.com.br\/emfoco\/wp-json\/wp\/v2\/posts"}],"about":[{"href":"https:\/\/www.em.com.br\/emfoco\/wp-json\/wp\/v2\/types\/post"}],"author":[{"embeddable":true,"href":"https:\/\/www.em.com.br\/emfoco\/wp-json\/wp\/v2\/users\/28"}],"replies":[{"embeddable":true,"href":"https:\/\/www.em.com.br\/emfoco\/wp-json\/wp\/v2\/comments?post=200464"}],"version-history":[{"count":1,"href":"https:\/\/www.em.com.br\/emfoco\/wp-json\/wp\/v2\/posts\/200464\/revisions"}],"predecessor-version":[{"id":200469,"href":"https:\/\/www.em.com.br\/emfoco\/wp-json\/wp\/v2\/posts\/200464\/revisions\/200469"}],"wp:featuredmedia":[{"embeddable":true,"href":"https:\/\/www.em.com.br\/emfoco\/wp-json\/wp\/v2\/media\/200468"}],"wp:attachment":[{"href":"https:\/\/www.em.com.br\/emfoco\/wp-json\/wp\/v2\/media?parent=200464"}],"wp:term":[{"taxonomy":"category","embeddable":true,"href":"https:\/\/www.em.com.br\/emfoco\/wp-json\/wp\/v2\/categories?post=200464"},{"taxonomy":"post_tag","embeddable":true,"href":"https:\/\/www.em.com.br\/emfoco\/wp-json\/wp\/v2\/tags?post=200464"}],"curies":[{"name":"wp","href":"https:\/\/api.w.org\/{rel}","templated":true}]}}