{"id":200463,"date":"2026-04-28T12:15:00","date_gmt":"2026-04-28T15:15:00","guid":{"rendered":"https:\/\/www.em.com.br\/emfoco\/?p=200463"},"modified":"2026-04-27T15:30:39","modified_gmt":"2026-04-27T18:30:39","slug":"a-receita-de-uma-salada-cremosa-e-crocante-que-vai-te-transportar-para-o-mediterraneo","status":"publish","type":"post","link":"https:\/\/www.em.com.br\/emfoco\/2026\/04\/28\/a-receita-de-uma-salada-cremosa-e-crocante-que-vai-te-transportar-para-o-mediterraneo\/","title":{"rendered":"A receita de uma salada cremosa e crocante que vai te transportar para o Mediterr\u00e2neo"},"content":{"rendered":"\n<p>Entre as op\u00e7\u00f5es de pratos leves para dias quentes, a&nbsp;<strong>salada de pepino com iogurte grego<\/strong>&nbsp;\u00e9 uma combina\u00e7\u00e3o simples, r\u00e1pida e vers\u00e1til, que une o frescor do pepino com a cremosidade do iogurte, funcionando tanto no card\u00e1pio do dia a dia quanto em ocasi\u00f5es especiais, com base enxuta e facilmente adapt\u00e1vel ao gosto de cada fam\u00edlia.<\/p>\n\n\n\n<h2 class=\"wp-block-heading\">O que torna a salada de pepino com iogurte grego diferente de outras saladas<\/h2>\n\n\n\n<p>A\u00a0<strong>salada de <a href=\"https:\/\/www.em.com.br\/emfoco\/2026\/04\/01\/o-uso-do-pepino-para-olheiras-funciona-mesmo-ou-e-apenas-um-mito-de-cinema\/\" target=\"_blank\" rel=\"noreferrer noopener\">pepino <\/a>com iogurte grego<\/strong>\u00a0se destaca pela combina\u00e7\u00e3o de texturas e pela sensa\u00e7\u00e3o de frescor constante em cada garfada. O pepino, rico em \u00e1gua, deixa o prato leve, enquanto o iogurte grego, mais espesso que o comum, garante um molho cremoso e consistente.<\/p>\n\n\n\n<p>Por usar poucos ingredientes, a qualidade de cada item \u00e9 essencial: pepino firme, sem partes moles, e iogurte natural sem a\u00e7\u00facar s\u00e3o a base para um resultado equilibrado. Ervas frescas, como endro ou <a href=\"https:\/\/www.instagram.com\/reel\/DSrqun1DCk1\/\" target=\"_blank\" rel=\"noreferrer noopener\">hortel\u00e3<\/a>, completam o conjunto, trazendo aroma e um toque herb\u00e1ceo que harmoniza com a acidez do lim\u00e3o.<\/p>\n\n\n\n<figure class=\"wp-block-image size-large\"><img loading=\"lazy\" decoding=\"async\" width=\"1024\" height=\"576\" src=\"https:\/\/www.em.com.br\/emfoco\/wp-content\/uploads\/2026\/04\/Gemini_Generated_Image_ya8v5vya8v5vya8v-1-1024x576.png\" alt=\"Mais frescor e sabor em minutos\" class=\"wp-image-200473\" srcset=\"https:\/\/www.em.com.br\/emfoco\/wp-content\/uploads\/2026\/04\/Gemini_Generated_Image_ya8v5vya8v5vya8v-1-1024x576.png 1024w, https:\/\/www.em.com.br\/emfoco\/wp-content\/uploads\/2026\/04\/Gemini_Generated_Image_ya8v5vya8v5vya8v-1-300x169.png 300w, https:\/\/www.em.com.br\/emfoco\/wp-content\/uploads\/2026\/04\/Gemini_Generated_Image_ya8v5vya8v5vya8v-1-768x432.png 768w, https:\/\/www.em.com.br\/emfoco\/wp-content\/uploads\/2026\/04\/Gemini_Generated_Image_ya8v5vya8v5vya8v-1-750x422.png 750w, https:\/\/www.em.com.br\/emfoco\/wp-content\/uploads\/2026\/04\/Gemini_Generated_Image_ya8v5vya8v5vya8v-1-1140x641.png 1140w, https:\/\/www.em.com.br\/emfoco\/wp-content\/uploads\/2026\/04\/Gemini_Generated_Image_ya8v5vya8v5vya8v-1.png 1280w\" sizes=\"auto, (max-width: 1024px) 100vw, 1024px\" \/><figcaption class=\"wp-element-caption\">Mais frescor e sabor em minutos<\/figcaption><\/figure>\n\n\n\n<h2 class=\"wp-block-heading\">Como preparar salada de pepino com iogurte grego em poucos minutos<\/h2>\n\n\n\n<p>Para uma por\u00e7\u00e3o que atende aproximadamente quatro pessoas, o preparo da salada de pepino com iogurte grego segue uma sequ\u00eancia simples. Organizar os ingredientes com anteced\u00eancia facilita o processo e ajuda a manter a textura crocante do pepino, sem perder a cremosidade do molho.<\/p>\n\n\n\n<ul class=\"wp-block-list\">\n<li><strong>Rendimento:<\/strong>\u00a0cerca de 4 por\u00e7\u00f5es<\/li>\n\n\n\n<li><strong>Tempo m\u00e9dio de preparo:<\/strong>\u00a0em torno de 15 a 20 minutos<\/li>\n\n\n\n<li><strong>Servi\u00e7o:<\/strong>\u00a0frio, como acompanhamento ou entrada<\/li>\n<\/ul>\n\n\n\n<p><strong>Ingredientes principais<\/strong><\/p>\n\n\n\n<ul class=\"wp-block-list\">\n<li>2 pepinos m\u00e9dios<\/li>\n\n\n\n<li>1 x\u00edcara de iogurte grego natural<\/li>\n\n\n\n<li>1 dente de alho pequeno bem picado ou ralado<\/li>\n\n\n\n<li>Suco de 1\/2 lim\u00e3o<\/li>\n\n\n\n<li>2 colheres de sopa de azeite de oliva<\/li>\n\n\n\n<li>2 colheres de sopa de endro fresco picado (pode ser substitu\u00eddo por hortel\u00e3)<\/li>\n\n\n\n<li>Sal e pimenta-do-reino a gosto<\/li>\n<\/ul>\n\n\n\n<p><strong>Modo de preparo passo a passo<\/strong><\/p>\n\n\n\n<ol class=\"wp-block-list\">\n<li>Lavar os pepinos em \u00e1gua corrente e secar bem com papel toalha ou pano limpo.<\/li>\n\n\n\n<li>Se desejado, retirar parte da casca, deixando faixas alternadas para manter um pouco de textura.<\/li>\n\n\n\n<li>Cortar os pepinos em rodelas finas ou em cubos pequenos, de acordo com a prefer\u00eancia.<\/li>\n\n\n\n<li>Em uma tigela, colocar o iogurte grego e adicionar o suco de lim\u00e3o, o alho picado, o azeite, sal e pimenta.<\/li>\n\n\n\n<li>Misturar at\u00e9 obter um molho homog\u00eaneo.<\/li>\n\n\n\n<li>Juntar o pepino e o endro fresco picado, envolvendo delicadamente para distribuir o molho por igual.<\/li>\n\n\n\n<li>Levar \u00e0 geladeira por cerca de 20 minutos antes de servir, para que os sabores se integrem melhor.<\/li>\n<\/ol>\n\n\n\n<figure class=\"wp-block-image size-large\"><img loading=\"lazy\" decoding=\"async\" width=\"1024\" height=\"576\" src=\"https:\/\/www.em.com.br\/emfoco\/wp-content\/uploads\/2026\/04\/Gemini_Generated_Image_hc8xy9hc8xy9hc8x-1-1024x576.png\" alt=\"Mais frescor e sabor em minutos\" class=\"wp-image-200474\" srcset=\"https:\/\/www.em.com.br\/emfoco\/wp-content\/uploads\/2026\/04\/Gemini_Generated_Image_hc8xy9hc8xy9hc8x-1-1024x576.png 1024w, https:\/\/www.em.com.br\/emfoco\/wp-content\/uploads\/2026\/04\/Gemini_Generated_Image_hc8xy9hc8xy9hc8x-1-300x169.png 300w, https:\/\/www.em.com.br\/emfoco\/wp-content\/uploads\/2026\/04\/Gemini_Generated_Image_hc8xy9hc8xy9hc8x-1-768x432.png 768w, https:\/\/www.em.com.br\/emfoco\/wp-content\/uploads\/2026\/04\/Gemini_Generated_Image_hc8xy9hc8xy9hc8x-1-750x422.png 750w, https:\/\/www.em.com.br\/emfoco\/wp-content\/uploads\/2026\/04\/Gemini_Generated_Image_hc8xy9hc8xy9hc8x-1-1140x641.png 1140w, https:\/\/www.em.com.br\/emfoco\/wp-content\/uploads\/2026\/04\/Gemini_Generated_Image_hc8xy9hc8xy9hc8x-1.png 1280w\" sizes=\"auto, (max-width: 1024px) 100vw, 1024px\" \/><figcaption class=\"wp-element-caption\">Mais frescor e sabor em minutos<\/figcaption><\/figure>\n\n\n\n<h2 class=\"wp-block-heading\">Como manter o pepino crocante por mais tempo na salada<\/h2>\n\n\n\n<p>Manter o pepino crocante \u00e9 essencial para que a salada continue atraente e saborosa ao longo das horas. Um dos cuidados mais usados \u00e9 retirar o excesso de \u00e1gua do legume antes de mistur\u00e1-lo ao iogurte, evitando que o molho fique aguado e que as rodelas percam firmeza.<\/p>\n\n\n\n<ul class=\"wp-block-list\">\n<li><strong>Uso de sal:<\/strong>\u00a0ap\u00f3s fatiar o pepino, salpique um pouco de sal, deixe descansar por alguns minutos e seque com papel toalha para remover o l\u00edquido liberado.<\/li>\n\n\n\n<li><strong>Armazenamento:<\/strong>\u00a0se a salada n\u00e3o for servida imediatamente, guarde em pote fechado na parte mais fria da geladeira e consuma, de prefer\u00eancia, no mesmo dia.<\/li>\n\n\n\n<li><strong>Montagem na hora:<\/strong>\u00a0para manter o pepino firme por mais tempo, deixe o molho separado e misture apenas pouco antes de servir.<\/li>\n<\/ul>\n\n\n\n<h2 class=\"wp-block-heading\">Por que voc\u00ea deveria preparar esta salada hoje mesmo<\/h2>\n\n\n\n<p>Escolher pepinos bem conservados, com casca lisa, cor uniforme e sem manchas escuras, faz diferen\u00e7a direta no resultado. Com esses cuidados simples, a salada de pepino com iogurte grego tende a permanecer fresca, cremosa e com boa textura durante o per\u00edodo de consumo recomendado.<\/p>\n\n\n\n<p>N\u00e3o deixe essa receita s\u00f3 para \u201cum dia desses\u201d: teste hoje mesmo, ajuste as ervas e temperos ao seu gosto e descubra como um prato r\u00e1pido pode transformar seu almo\u00e7o ou jantar. Corra para a cozinha, pegue poucos ingredientes e experimente agora essa salada leve, refrescante e cheia de sabor.<\/p>\n","protected":false},"excerpt":{"rendered":"<p>Entre as op\u00e7\u00f5es de pratos leves para dias quentes, a&nbsp;salada de pepino com iogurte grego&nbsp;\u00e9 uma combina\u00e7\u00e3o simples, r\u00e1pida e vers\u00e1til, que une o frescor do pepino com a cremosidade do iogurte, funcionando tanto no card\u00e1pio do dia a dia quanto em ocasi\u00f5es especiais, com base enxuta e facilmente adapt\u00e1vel ao gosto de cada fam\u00edlia. [&hellip;]<\/p>\n","protected":false},"author":11,"featured_media":200596,"comment_status":"open","ping_status":"open","sticky":false,"template":"","format":"standard","meta":{"jnews-multi-image_gallery":[],"jnews_single_post":{"format":"standard"},"jnews_primary_category":[],"jnews_social_meta":[],"jnews_override_counter":[],"footnotes":""},"categories":[8819,1],"tags":[17573,3440,13819],"class_list":["post-200463","post","type-post","status-publish","format-standard","has-post-thumbnail","hentry","category-curiosidades","category-noticias","tag-iogurte-grego","tag-receita","tag-salada-de-pepino"],"yoast_head":"<!-- This site is optimized with the Yoast SEO plugin v23.8 - https:\/\/yoast.com\/wordpress\/plugins\/seo\/ -->\n<title>A receita de uma salada cremosa e crocante que vai te transportar para o Mediterr\u00e2neo - Estado de Minas - Em foco<\/title>\n<meta name=\"description\" content=\"A salada de pepino com iogurte grego \u00e9 leve, cremosa e r\u00e1pida. Perfeita para dias quentes e refei\u00e7\u00f5es pr\u00e1ticas.\" \/>\n<meta name=\"robots\" content=\"index, follow, max-snippet:-1, max-image-preview:large, max-video-preview:-1\" \/>\n<link rel=\"canonical\" href=\"https:\/\/www.em.com.br\/emfoco\/2026\/04\/28\/a-receita-de-uma-salada-cremosa-e-crocante-que-vai-te-transportar-para-o-mediterraneo\/\" \/>\n<meta property=\"og:locale\" content=\"pt_BR\" \/>\n<meta property=\"og:type\" content=\"article\" \/>\n<meta property=\"og:title\" content=\"A receita de uma salada cremosa e crocante que vai te transportar para o Mediterr\u00e2neo - Estado de Minas - Em foco\" \/>\n<meta property=\"og:description\" content=\"A salada de pepino com iogurte grego \u00e9 leve, cremosa e r\u00e1pida. Perfeita para dias quentes e refei\u00e7\u00f5es pr\u00e1ticas.\" \/>\n<meta property=\"og:url\" content=\"https:\/\/www.em.com.br\/emfoco\/2026\/04\/28\/a-receita-de-uma-salada-cremosa-e-crocante-que-vai-te-transportar-para-o-mediterraneo\/\" \/>\n<meta property=\"og:site_name\" content=\"Estado de Minas - Em foco\" \/>\n<meta property=\"article:published_time\" content=\"2026-04-28T15:15:00+00:00\" \/>\n<meta property=\"article:modified_time\" content=\"2026-04-27T18:30:39+00:00\" \/>\n<meta property=\"og:image\" content=\"https:\/\/www.em.com.br\/emfoco\/wp-content\/uploads\/2026\/04\/EmFoco_29-7.jpg\" \/>\n\t<meta property=\"og:image:width\" content=\"1280\" \/>\n\t<meta property=\"og:image:height\" content=\"720\" \/>\n\t<meta property=\"og:image:type\" content=\"image\/jpeg\" \/>\n<meta name=\"author\" content=\"Andre\u0301 Rangel\u00a0\" \/>\n<meta name=\"twitter:card\" content=\"summary_large_image\" \/>\n<meta name=\"twitter:label1\" content=\"Escrito por\" \/>\n\t<meta name=\"twitter:data1\" content=\"Andre\u0301 Rangel\u00a0\" \/>\n\t<meta name=\"twitter:label2\" content=\"Est. tempo de leitura\" \/>\n\t<meta name=\"twitter:data2\" content=\"5 minutos\" \/>\n<!-- \/ Yoast SEO plugin. -->","yoast_head_json":{"title":"A receita de uma salada cremosa e crocante que vai te transportar para o Mediterr\u00e2neo - Estado de Minas - Em foco","description":"A salada de pepino com iogurte grego \u00e9 leve, cremosa e r\u00e1pida. Perfeita para dias quentes e refei\u00e7\u00f5es pr\u00e1ticas.","robots":{"index":"index","follow":"follow","max-snippet":"max-snippet:-1","max-image-preview":"max-image-preview:large","max-video-preview":"max-video-preview:-1"},"canonical":"https:\/\/www.em.com.br\/emfoco\/2026\/04\/28\/a-receita-de-uma-salada-cremosa-e-crocante-que-vai-te-transportar-para-o-mediterraneo\/","og_locale":"pt_BR","og_type":"article","og_title":"A receita de uma salada cremosa e crocante que vai te transportar para o Mediterr\u00e2neo - Estado de Minas - Em foco","og_description":"A salada de pepino com iogurte grego \u00e9 leve, cremosa e r\u00e1pida. Perfeita para dias quentes e refei\u00e7\u00f5es pr\u00e1ticas.","og_url":"https:\/\/www.em.com.br\/emfoco\/2026\/04\/28\/a-receita-de-uma-salada-cremosa-e-crocante-que-vai-te-transportar-para-o-mediterraneo\/","og_site_name":"Estado de Minas - Em foco","article_published_time":"2026-04-28T15:15:00+00:00","article_modified_time":"2026-04-27T18:30:39+00:00","og_image":[{"width":1280,"height":720,"url":"https:\/\/www.em.com.br\/emfoco\/wp-content\/uploads\/2026\/04\/EmFoco_29-7.jpg","type":"image\/jpeg"}],"author":"Andre\u0301 Rangel\u00a0","twitter_card":"summary_large_image","twitter_misc":{"Escrito por":"Andre\u0301 Rangel\u00a0","Est. tempo de leitura":"5 minutos"},"schema":{"@context":"https:\/\/schema.org","@graph":[{"@type":"WebPage","@id":"https:\/\/www.em.com.br\/emfoco\/2026\/04\/28\/a-receita-de-uma-salada-cremosa-e-crocante-que-vai-te-transportar-para-o-mediterraneo\/","url":"https:\/\/www.em.com.br\/emfoco\/2026\/04\/28\/a-receita-de-uma-salada-cremosa-e-crocante-que-vai-te-transportar-para-o-mediterraneo\/","name":"A receita de uma salada cremosa e crocante que vai te transportar para o Mediterr\u00e2neo - Estado de Minas - Em foco","isPartOf":{"@id":"https:\/\/www.em.com.br\/emfoco\/#website"},"primaryImageOfPage":{"@id":"https:\/\/www.em.com.br\/emfoco\/2026\/04\/28\/a-receita-de-uma-salada-cremosa-e-crocante-que-vai-te-transportar-para-o-mediterraneo\/#primaryimage"},"image":{"@id":"https:\/\/www.em.com.br\/emfoco\/2026\/04\/28\/a-receita-de-uma-salada-cremosa-e-crocante-que-vai-te-transportar-para-o-mediterraneo\/#primaryimage"},"thumbnailUrl":"https:\/\/www.em.com.br\/emfoco\/wp-content\/uploads\/2026\/04\/EmFoco_29-7.jpg","datePublished":"2026-04-28T15:15:00+00:00","dateModified":"2026-04-27T18:30:39+00:00","author":{"@id":"https:\/\/www.em.com.br\/emfoco\/#\/schema\/person\/60eda09c1fedf0d6891f4cef4b60b8b8"},"description":"A salada de pepino com iogurte grego \u00e9 leve, cremosa e r\u00e1pida. Perfeita para dias quentes e refei\u00e7\u00f5es pr\u00e1ticas.","breadcrumb":{"@id":"https:\/\/www.em.com.br\/emfoco\/2026\/04\/28\/a-receita-de-uma-salada-cremosa-e-crocante-que-vai-te-transportar-para-o-mediterraneo\/#breadcrumb"},"inLanguage":"pt-BR","potentialAction":[{"@type":"ReadAction","target":["https:\/\/www.em.com.br\/emfoco\/2026\/04\/28\/a-receita-de-uma-salada-cremosa-e-crocante-que-vai-te-transportar-para-o-mediterraneo\/"]}]},{"@type":"ImageObject","inLanguage":"pt-BR","@id":"https:\/\/www.em.com.br\/emfoco\/2026\/04\/28\/a-receita-de-uma-salada-cremosa-e-crocante-que-vai-te-transportar-para-o-mediterraneo\/#primaryimage","url":"https:\/\/www.em.com.br\/emfoco\/wp-content\/uploads\/2026\/04\/EmFoco_29-7.jpg","contentUrl":"https:\/\/www.em.com.br\/emfoco\/wp-content\/uploads\/2026\/04\/EmFoco_29-7.jpg","width":1280,"height":720,"caption":"Prato refrescante de pepino e iogurte grego oferece op\u00e7\u00e3o leve para dias quentes"},{"@type":"BreadcrumbList","@id":"https:\/\/www.em.com.br\/emfoco\/2026\/04\/28\/a-receita-de-uma-salada-cremosa-e-crocante-que-vai-te-transportar-para-o-mediterraneo\/#breadcrumb","itemListElement":[{"@type":"ListItem","position":1,"name":"In\u00edcio","item":"https:\/\/www.em.com.br\/emfoco\/"},{"@type":"ListItem","position":2,"name":"A receita de uma salada cremosa e crocante que vai te transportar para o Mediterr\u00e2neo"}]},{"@type":"WebSite","@id":"https:\/\/www.em.com.br\/emfoco\/#website","url":"https:\/\/www.em.com.br\/emfoco\/","name":"Estado de Minas - Em foco","description":"Acompanhe as \u00faltimas not\u00edcias e fique bem informado sobre tudo o que acontece em Minas Gerais, Brasil e no mundo.","potentialAction":[{"@type":"SearchAction","target":{"@type":"EntryPoint","urlTemplate":"https:\/\/www.em.com.br\/emfoco\/?s={search_term_string}"},"query-input":{"@type":"PropertyValueSpecification","valueRequired":true,"valueName":"search_term_string"}}],"inLanguage":"pt-BR"},{"@type":"Person","@id":"https:\/\/www.em.com.br\/emfoco\/#\/schema\/person\/60eda09c1fedf0d6891f4cef4b60b8b8","name":"Andre\u0301 Rangel\u00a0","image":{"@type":"ImageObject","inLanguage":"pt-BR","@id":"https:\/\/www.em.com.br\/emfoco\/#\/schema\/person\/image\/","url":"https:\/\/secure.gravatar.com\/avatar\/6234dc814c77c8ef6d8bba622c787efc?s=96&d=mm&r=g","contentUrl":"https:\/\/secure.gravatar.com\/avatar\/6234dc814c77c8ef6d8bba622c787efc?s=96&d=mm&r=g","caption":"Andre\u0301 Rangel\u00a0"},"url":"https:\/\/www.em.com.br\/emfoco\/author\/luizmyth\/"}]}},"_links":{"self":[{"href":"https:\/\/www.em.com.br\/emfoco\/wp-json\/wp\/v2\/posts\/200463","targetHints":{"allow":["GET"]}}],"collection":[{"href":"https:\/\/www.em.com.br\/emfoco\/wp-json\/wp\/v2\/posts"}],"about":[{"href":"https:\/\/www.em.com.br\/emfoco\/wp-json\/wp\/v2\/types\/post"}],"author":[{"embeddable":true,"href":"https:\/\/www.em.com.br\/emfoco\/wp-json\/wp\/v2\/users\/11"}],"replies":[{"embeddable":true,"href":"https:\/\/www.em.com.br\/emfoco\/wp-json\/wp\/v2\/comments?post=200463"}],"version-history":[{"count":2,"href":"https:\/\/www.em.com.br\/emfoco\/wp-json\/wp\/v2\/posts\/200463\/revisions"}],"predecessor-version":[{"id":200482,"href":"https:\/\/www.em.com.br\/emfoco\/wp-json\/wp\/v2\/posts\/200463\/revisions\/200482"}],"wp:featuredmedia":[{"embeddable":true,"href":"https:\/\/www.em.com.br\/emfoco\/wp-json\/wp\/v2\/media\/200596"}],"wp:attachment":[{"href":"https:\/\/www.em.com.br\/emfoco\/wp-json\/wp\/v2\/media?parent=200463"}],"wp:term":[{"taxonomy":"category","embeddable":true,"href":"https:\/\/www.em.com.br\/emfoco\/wp-json\/wp\/v2\/categories?post=200463"},{"taxonomy":"post_tag","embeddable":true,"href":"https:\/\/www.em.com.br\/emfoco\/wp-json\/wp\/v2\/tags?post=200463"}],"curies":[{"name":"wp","href":"https:\/\/api.w.org\/{rel}","templated":true}]}}