{"id":200459,"date":"2026-04-28T07:35:00","date_gmt":"2026-04-28T10:35:00","guid":{"rendered":"https:\/\/www.em.com.br\/emfoco\/?p=200459"},"modified":"2026-04-27T15:29:51","modified_gmt":"2026-04-27T18:29:51","slug":"cozinhe-um-dia-e-coma-a-semana-toda-10-opcoes-faceis-para-congelar-e-resolver-rapidamente-os-dilemas-do-almoco","status":"publish","type":"post","link":"https:\/\/www.em.com.br\/emfoco\/2026\/04\/28\/cozinhe-um-dia-e-coma-a-semana-toda-10-opcoes-faceis-para-congelar-e-resolver-rapidamente-os-dilemas-do-almoco\/","title":{"rendered":"Cozinhe um dia e coma a semana toda: 10 op\u00e7\u00f5es f\u00e1ceis para congelar e resolver rapidamente os dilemas do almo\u00e7o"},"content":{"rendered":"\n<p>Organizar as refei\u00e7\u00f5es do dia a dia, especialmente o almo\u00e7o, continua sendo um desafio para muitas fam\u00edlias. Com rotina corrida, pouco tempo e or\u00e7amento apertado, cresce a busca por pratos caseiros que rendem bastante, s\u00e3o r\u00e1pidos de preparar e ajudam a manter uma alimenta\u00e7\u00e3o mais equilibrada, sem depender tanto de delivery ou comidas industrializadas.<\/p>\n\n\n\n<h2 class=\"wp-block-heading\">O que s\u00e3o pratos caseiros que rendem bastante no dia a dia<\/h2>\n\n\n\n<p>Os chamados&nbsp;<strong>pratos caseiros que rendem bastante<\/strong>&nbsp;s\u00e3o receitas pensadas para gerar v\u00e1rias por\u00e7\u00f5es a partir de um \u00fanico preparo. Em vez de cozinhar apenas para uma refei\u00e7\u00e3o, a mesma base \u00e9 planejada para durar mais dias, mantendo sabor, textura e qualidade na geladeira ou no congelador.<\/p>\n\n\n\n<p><a href=\"https:\/\/www.em.com.br\/emfoco\/2026\/04\/21\/adeus-ao-creme-de-leite-a-alternativa-mais-economica-para-obter-molhos-de-massa-cremosos\/\" target=\"_blank\" rel=\"noreferrer noopener\">Molhos<\/a>, ensopados, refogados de carne ou frango, arroz incrementado e massas com bastante molho costumam se sair bem ap\u00f3s o reaquecimento. A versatilidade \u00e9 essencial: um frango bem temperado pode virar recheio de panqueca, sandu\u00edche, complemento de salada ou acompanhamento cl\u00e1ssico com arroz.<\/p>\n\n\n\n<figure class=\"wp-block-image size-large\"><img loading=\"lazy\" decoding=\"async\" width=\"1024\" height=\"576\" src=\"https:\/\/www.em.com.br\/emfoco\/wp-content\/uploads\/2026\/04\/Gemini_Generated_Image_eguueeguueeguuee-1-1024x576.png\" alt=\"O segredo de quem nunca pede delivery\" class=\"wp-image-200472\" srcset=\"https:\/\/www.em.com.br\/emfoco\/wp-content\/uploads\/2026\/04\/Gemini_Generated_Image_eguueeguueeguuee-1-1024x576.png 1024w, https:\/\/www.em.com.br\/emfoco\/wp-content\/uploads\/2026\/04\/Gemini_Generated_Image_eguueeguueeguuee-1-300x169.png 300w, https:\/\/www.em.com.br\/emfoco\/wp-content\/uploads\/2026\/04\/Gemini_Generated_Image_eguueeguueeguuee-1-768x432.png 768w, https:\/\/www.em.com.br\/emfoco\/wp-content\/uploads\/2026\/04\/Gemini_Generated_Image_eguueeguueeguuee-1-750x422.png 750w, https:\/\/www.em.com.br\/emfoco\/wp-content\/uploads\/2026\/04\/Gemini_Generated_Image_eguueeguueeguuee-1-1140x641.png 1140w, https:\/\/www.em.com.br\/emfoco\/wp-content\/uploads\/2026\/04\/Gemini_Generated_Image_eguueeguueeguuee-1.png 1280w\" sizes=\"auto, (max-width: 1024px) 100vw, 1024px\" \/><figcaption class=\"wp-element-caption\">O segredo de quem nunca pede delivery<\/figcaption><\/figure>\n\n\n\n<h2 class=\"wp-block-heading\">Como come\u00e7ar a ter pratos caseiros pr\u00e1ticos que rendem e ficam prontos em minutos<\/h2>\n\n\n\n<p>O foco est\u00e1 em prepara\u00e7\u00f5es simples, com poucos passos, que usem ingredientes comuns e que possam ser divididas em por\u00e7\u00f5es individuais ou familiares, evitando desperd\u00edcios.<\/p>\n\n\n\n<p>Para que esses pratos realmente funcionem na rotina, \u00e9 importante escolher receitas com boa durabilidade, reaquecimento f\u00e1cil e ingredientes acess\u00edveis. Assim, o card\u00e1pio semanal fica mais previs\u00edvel e a sensa\u00e7\u00e3o de improviso di\u00e1rio diminui, tanto para quem trabalha em casa quanto fora.<\/p>\n\n\n\n<h2 class=\"wp-block-heading\">Como organizar a rotina para ter refei\u00e7\u00f5es prontas sem estresse<\/h2>\n\n\n\n<p>Para ter<a href=\"https:\/\/www.receitasnestle.com.br\/artigos\/receitas-que-ficam-prontas-em-ate-30-minutos\" target=\"_blank\" rel=\"noreferrer noopener\">\u00a0<strong>comidas prontas em minutos<\/strong><\/a>, a organiza\u00e7\u00e3o come\u00e7a antes de ligar o fog\u00e3o. Vale separar um momento da semana para planejar o card\u00e1pio, checar a despensa, montar uma lista objetiva e evitar idas repetidas ao mercado, o que ajuda a economizar tempo e dinheiro.<\/p>\n\n\n\n<p>Na hora de cozinhar, voc\u00ea pode montar uma esp\u00e9cie de \u201clinha de produ\u00e7\u00e3o\u201d dom\u00e9stica, aproveitando forno e fog\u00e3o ao m\u00e1ximo. A sequ\u00eancia abaixo exemplifica um passo a passo simples para estruturar esse planejamento:<\/p>\n\n\n\n<ol class=\"wp-block-list\">\n<li>Definir quantas refei\u00e7\u00f5es precisam ser adiantadas.<\/li>\n\n\n\n<li>Escolher 3 a 5 receitas que rendam bastante, com ingredientes em comum.<\/li>\n\n\n\n<li>Preparar tudo no mesmo dia, aproveitando forno e fog\u00e3o ao m\u00e1ximo.<\/li>\n\n\n\n<li>Esperar esfriar, separar em por\u00e7\u00f5es e etiquetar com data e conte\u00fado.<\/li>\n\n\n\n<li>Distribuir entre geladeira e congelador conforme o tempo de consumo.<\/li>\n<\/ol>\n\n\n\n<h2 class=\"wp-block-heading\">Quais receitas rendem mais e congelam melhor<\/h2>\n\n\n\n<p>Entre os&nbsp;<em>pratos caseiros que rendem bastante<\/em>, alguns se destacam pela praticidade e pela forma como se comportam ap\u00f3s o congelamento. \u00c9 o caso de refogados de frango em cubos, carne mo\u00edda com legumes, molhos cremosos para massas, arroz com vegetais, sopas, ensopados, tortas salgadas e omeletes recheados.<\/p>\n\n\n\n<p>Outra categoria eficiente \u00e9 a dos pratos feitos em \u201cuma panela s\u00f3\u201d, que j\u00e1 re\u00fanem carboidrato, prote\u00edna e legumes. Para facilitar a escolha das prepara\u00e7\u00f5es, veja alguns exemplos que costumam funcionar muito bem na rotina:<\/p>\n\n\n\n<figure class=\"wp-block-image size-large\"><img loading=\"lazy\" decoding=\"async\" width=\"1024\" height=\"634\" src=\"https:\/\/www.em.com.br\/emfoco\/wp-content\/uploads\/2026\/04\/Opcoes-de-receitas-1024x634.jpg\" alt=\"O segredo de quem nunca pede delivery\" class=\"wp-image-200461\" srcset=\"https:\/\/www.em.com.br\/emfoco\/wp-content\/uploads\/2026\/04\/Opcoes-de-receitas-1024x634.jpg 1024w, https:\/\/www.em.com.br\/emfoco\/wp-content\/uploads\/2026\/04\/Opcoes-de-receitas-300x186.jpg 300w, https:\/\/www.em.com.br\/emfoco\/wp-content\/uploads\/2026\/04\/Opcoes-de-receitas-768x475.jpg 768w, https:\/\/www.em.com.br\/emfoco\/wp-content\/uploads\/2026\/04\/Opcoes-de-receitas-750x464.jpg 750w, https:\/\/www.em.com.br\/emfoco\/wp-content\/uploads\/2026\/04\/Opcoes-de-receitas-1140x705.jpg 1140w, https:\/\/www.em.com.br\/emfoco\/wp-content\/uploads\/2026\/04\/Opcoes-de-receitas.jpg 1280w\" sizes=\"auto, (max-width: 1024px) 100vw, 1024px\" \/><figcaption class=\"wp-element-caption\">O segredo de quem nunca pede delivery<\/figcaption><\/figure>\n\n\n\n<h2 class=\"wp-block-heading\">Como armazenar, reaquecer e manter a qualidade das refei\u00e7\u00f5es<\/h2>\n\n\n\n<p>Para que os pratos caseiros que rendem bastante mantenham sabor e seguran\u00e7a, o armazenamento correto \u00e9 essencial. Depois de prontos, os alimentos devem esfriar em potes tampados, em por\u00e7\u00f5es menores, e ser etiquetados com data, facilitando o controle entre geladeira e congelador.<\/p>\n\n\n\n<p>No momento de reaquecer, adicione um pouco de \u00e1gua, caldo ou molho para recuperar a textura de massas e arrozes, evitando que fiquem secos. Comece a aplicar esse m\u00e9todo j\u00e1 na pr\u00f3xima semana: escolha algumas receitas, prepare em lote e sinta, na pr\u00e1tica, a diferen\u00e7a de ter refei\u00e7\u00f5es caseiras prontas, econ\u00f4micas e r\u00e1pidas quando a fome aperta e o tempo \u00e9 curto.<\/p>\n","protected":false},"excerpt":{"rendered":"<p>Organizar as refei\u00e7\u00f5es do dia a dia, especialmente o almo\u00e7o, continua sendo um desafio para muitas fam\u00edlias. Com rotina corrida, pouco tempo e or\u00e7amento apertado, cresce a busca por pratos caseiros que rendem bastante, s\u00e3o r\u00e1pidos de preparar e ajudam a manter uma alimenta\u00e7\u00e3o mais equilibrada, sem depender tanto de delivery ou comidas industrializadas. O [&hellip;]<\/p>\n","protected":false},"author":11,"featured_media":200593,"comment_status":"open","ping_status":"open","sticky":false,"template":"","format":"standard","meta":{"jnews-multi-image_gallery":[],"jnews_single_post":{"format":"standard"},"jnews_primary_category":[],"jnews_social_meta":[],"jnews_override_counter":[],"footnotes":""},"categories":[8819,1],"tags":[2873,2856,28888,2872],"class_list":["post-200459","post","type-post","status-publish","format-standard","has-post-thumbnail","hentry","category-curiosidades","category-noticias","tag-almoco","tag-comida","tag-pratos-caseiros","tag-receitas"],"yoast_head":"<!-- This site is optimized with the Yoast SEO plugin v23.8 - https:\/\/yoast.com\/wordpress\/plugins\/seo\/ -->\n<title>Cozinhe um dia e coma a semana toda: 10 op\u00e7\u00f5es f\u00e1ceis para congelar e resolver rapidamente os dilemas do almo\u00e7o - Estado de Minas - Em foco<\/title>\n<meta name=\"description\" content=\"Aprenda pratos caseiros que rendem bastante e facilitam a semana. Mais economia, praticidade e menos delivery no dia a dia.\" \/>\n<meta name=\"robots\" content=\"index, follow, max-snippet:-1, max-image-preview:large, max-video-preview:-1\" \/>\n<link rel=\"canonical\" href=\"https:\/\/www.em.com.br\/emfoco\/2026\/04\/28\/cozinhe-um-dia-e-coma-a-semana-toda-10-opcoes-faceis-para-congelar-e-resolver-rapidamente-os-dilemas-do-almoco\/\" \/>\n<meta property=\"og:locale\" content=\"pt_BR\" \/>\n<meta property=\"og:type\" content=\"article\" \/>\n<meta property=\"og:title\" content=\"Cozinhe um dia e coma a semana toda: 10 op\u00e7\u00f5es f\u00e1ceis para congelar e resolver rapidamente os dilemas do almo\u00e7o - Estado de Minas - Em foco\" \/>\n<meta property=\"og:description\" content=\"Aprenda pratos caseiros que rendem bastante e facilitam a semana. Mais economia, praticidade e menos delivery no dia a dia.\" \/>\n<meta property=\"og:url\" content=\"https:\/\/www.em.com.br\/emfoco\/2026\/04\/28\/cozinhe-um-dia-e-coma-a-semana-toda-10-opcoes-faceis-para-congelar-e-resolver-rapidamente-os-dilemas-do-almoco\/\" \/>\n<meta property=\"og:site_name\" content=\"Estado de Minas - Em foco\" \/>\n<meta property=\"article:published_time\" content=\"2026-04-28T10:35:00+00:00\" \/>\n<meta property=\"article:modified_time\" content=\"2026-04-27T18:29:51+00:00\" \/>\n<meta property=\"og:image\" content=\"https:\/\/www.em.com.br\/emfoco\/wp-content\/uploads\/2026\/04\/EmFoco_22-7.jpg\" \/>\n\t<meta property=\"og:image:width\" content=\"1280\" \/>\n\t<meta property=\"og:image:height\" content=\"720\" \/>\n\t<meta property=\"og:image:type\" content=\"image\/jpeg\" \/>\n<meta name=\"author\" content=\"Andre\u0301 Rangel\u00a0\" \/>\n<meta name=\"twitter:card\" content=\"summary_large_image\" \/>\n<meta name=\"twitter:label1\" content=\"Escrito por\" \/>\n\t<meta name=\"twitter:data1\" content=\"Andre\u0301 Rangel\u00a0\" \/>\n\t<meta name=\"twitter:label2\" content=\"Est. tempo de leitura\" \/>\n\t<meta name=\"twitter:data2\" content=\"4 minutos\" \/>\n<!-- \/ Yoast SEO plugin. -->","yoast_head_json":{"title":"Cozinhe um dia e coma a semana toda: 10 op\u00e7\u00f5es f\u00e1ceis para congelar e resolver rapidamente os dilemas do almo\u00e7o - Estado de Minas - Em foco","description":"Aprenda pratos caseiros que rendem bastante e facilitam a semana. Mais economia, praticidade e menos delivery no dia a dia.","robots":{"index":"index","follow":"follow","max-snippet":"max-snippet:-1","max-image-preview":"max-image-preview:large","max-video-preview":"max-video-preview:-1"},"canonical":"https:\/\/www.em.com.br\/emfoco\/2026\/04\/28\/cozinhe-um-dia-e-coma-a-semana-toda-10-opcoes-faceis-para-congelar-e-resolver-rapidamente-os-dilemas-do-almoco\/","og_locale":"pt_BR","og_type":"article","og_title":"Cozinhe um dia e coma a semana toda: 10 op\u00e7\u00f5es f\u00e1ceis para congelar e resolver rapidamente os dilemas do almo\u00e7o - Estado de Minas - Em foco","og_description":"Aprenda pratos caseiros que rendem bastante e facilitam a semana. Mais economia, praticidade e menos delivery no dia a dia.","og_url":"https:\/\/www.em.com.br\/emfoco\/2026\/04\/28\/cozinhe-um-dia-e-coma-a-semana-toda-10-opcoes-faceis-para-congelar-e-resolver-rapidamente-os-dilemas-do-almoco\/","og_site_name":"Estado de Minas - Em foco","article_published_time":"2026-04-28T10:35:00+00:00","article_modified_time":"2026-04-27T18:29:51+00:00","og_image":[{"width":1280,"height":720,"url":"https:\/\/www.em.com.br\/emfoco\/wp-content\/uploads\/2026\/04\/EmFoco_22-7.jpg","type":"image\/jpeg"}],"author":"Andre\u0301 Rangel\u00a0","twitter_card":"summary_large_image","twitter_misc":{"Escrito por":"Andre\u0301 Rangel\u00a0","Est. tempo de leitura":"4 minutos"},"schema":{"@context":"https:\/\/schema.org","@graph":[{"@type":"WebPage","@id":"https:\/\/www.em.com.br\/emfoco\/2026\/04\/28\/cozinhe-um-dia-e-coma-a-semana-toda-10-opcoes-faceis-para-congelar-e-resolver-rapidamente-os-dilemas-do-almoco\/","url":"https:\/\/www.em.com.br\/emfoco\/2026\/04\/28\/cozinhe-um-dia-e-coma-a-semana-toda-10-opcoes-faceis-para-congelar-e-resolver-rapidamente-os-dilemas-do-almoco\/","name":"Cozinhe um dia e coma a semana toda: 10 op\u00e7\u00f5es f\u00e1ceis para congelar e resolver rapidamente os dilemas do almo\u00e7o - Estado de Minas - Em foco","isPartOf":{"@id":"https:\/\/www.em.com.br\/emfoco\/#website"},"primaryImageOfPage":{"@id":"https:\/\/www.em.com.br\/emfoco\/2026\/04\/28\/cozinhe-um-dia-e-coma-a-semana-toda-10-opcoes-faceis-para-congelar-e-resolver-rapidamente-os-dilemas-do-almoco\/#primaryimage"},"image":{"@id":"https:\/\/www.em.com.br\/emfoco\/2026\/04\/28\/cozinhe-um-dia-e-coma-a-semana-toda-10-opcoes-faceis-para-congelar-e-resolver-rapidamente-os-dilemas-do-almoco\/#primaryimage"},"thumbnailUrl":"https:\/\/www.em.com.br\/emfoco\/wp-content\/uploads\/2026\/04\/EmFoco_22-7.jpg","datePublished":"2026-04-28T10:35:00+00:00","dateModified":"2026-04-27T18:29:51+00:00","author":{"@id":"https:\/\/www.em.com.br\/emfoco\/#\/schema\/person\/60eda09c1fedf0d6891f4cef4b60b8b8"},"description":"Aprenda pratos caseiros que rendem bastante e facilitam a semana. Mais economia, praticidade e menos delivery no dia a dia.","breadcrumb":{"@id":"https:\/\/www.em.com.br\/emfoco\/2026\/04\/28\/cozinhe-um-dia-e-coma-a-semana-toda-10-opcoes-faceis-para-congelar-e-resolver-rapidamente-os-dilemas-do-almoco\/#breadcrumb"},"inLanguage":"pt-BR","potentialAction":[{"@type":"ReadAction","target":["https:\/\/www.em.com.br\/emfoco\/2026\/04\/28\/cozinhe-um-dia-e-coma-a-semana-toda-10-opcoes-faceis-para-congelar-e-resolver-rapidamente-os-dilemas-do-almoco\/"]}]},{"@type":"ImageObject","inLanguage":"pt-BR","@id":"https:\/\/www.em.com.br\/emfoco\/2026\/04\/28\/cozinhe-um-dia-e-coma-a-semana-toda-10-opcoes-faceis-para-congelar-e-resolver-rapidamente-os-dilemas-do-almoco\/#primaryimage","url":"https:\/\/www.em.com.br\/emfoco\/wp-content\/uploads\/2026\/04\/EmFoco_22-7.jpg","contentUrl":"https:\/\/www.em.com.br\/emfoco\/wp-content\/uploads\/2026\/04\/EmFoco_22-7.jpg","width":1280,"height":720,"caption":"Receitas pr\u00e1ticas de alto rendimento otimizam o card\u00e1pio semanal e evitam desperd\u00edcios alimentares"},{"@type":"BreadcrumbList","@id":"https:\/\/www.em.com.br\/emfoco\/2026\/04\/28\/cozinhe-um-dia-e-coma-a-semana-toda-10-opcoes-faceis-para-congelar-e-resolver-rapidamente-os-dilemas-do-almoco\/#breadcrumb","itemListElement":[{"@type":"ListItem","position":1,"name":"In\u00edcio","item":"https:\/\/www.em.com.br\/emfoco\/"},{"@type":"ListItem","position":2,"name":"Cozinhe um dia e coma a semana toda: 10 op\u00e7\u00f5es f\u00e1ceis para congelar e resolver rapidamente os dilemas do almo\u00e7o"}]},{"@type":"WebSite","@id":"https:\/\/www.em.com.br\/emfoco\/#website","url":"https:\/\/www.em.com.br\/emfoco\/","name":"Estado de Minas - Em foco","description":"Acompanhe as \u00faltimas not\u00edcias e fique bem informado sobre tudo o que acontece em Minas Gerais, Brasil e no mundo.","potentialAction":[{"@type":"SearchAction","target":{"@type":"EntryPoint","urlTemplate":"https:\/\/www.em.com.br\/emfoco\/?s={search_term_string}"},"query-input":{"@type":"PropertyValueSpecification","valueRequired":true,"valueName":"search_term_string"}}],"inLanguage":"pt-BR"},{"@type":"Person","@id":"https:\/\/www.em.com.br\/emfoco\/#\/schema\/person\/60eda09c1fedf0d6891f4cef4b60b8b8","name":"Andre\u0301 Rangel\u00a0","image":{"@type":"ImageObject","inLanguage":"pt-BR","@id":"https:\/\/www.em.com.br\/emfoco\/#\/schema\/person\/image\/","url":"https:\/\/secure.gravatar.com\/avatar\/6234dc814c77c8ef6d8bba622c787efc?s=96&d=mm&r=g","contentUrl":"https:\/\/secure.gravatar.com\/avatar\/6234dc814c77c8ef6d8bba622c787efc?s=96&d=mm&r=g","caption":"Andre\u0301 Rangel\u00a0"},"url":"https:\/\/www.em.com.br\/emfoco\/author\/luizmyth\/"}]}},"_links":{"self":[{"href":"https:\/\/www.em.com.br\/emfoco\/wp-json\/wp\/v2\/posts\/200459","targetHints":{"allow":["GET"]}}],"collection":[{"href":"https:\/\/www.em.com.br\/emfoco\/wp-json\/wp\/v2\/posts"}],"about":[{"href":"https:\/\/www.em.com.br\/emfoco\/wp-json\/wp\/v2\/types\/post"}],"author":[{"embeddable":true,"href":"https:\/\/www.em.com.br\/emfoco\/wp-json\/wp\/v2\/users\/11"}],"replies":[{"embeddable":true,"href":"https:\/\/www.em.com.br\/emfoco\/wp-json\/wp\/v2\/comments?post=200459"}],"version-history":[{"count":2,"href":"https:\/\/www.em.com.br\/emfoco\/wp-json\/wp\/v2\/posts\/200459\/revisions"}],"predecessor-version":[{"id":200484,"href":"https:\/\/www.em.com.br\/emfoco\/wp-json\/wp\/v2\/posts\/200459\/revisions\/200484"}],"wp:featuredmedia":[{"embeddable":true,"href":"https:\/\/www.em.com.br\/emfoco\/wp-json\/wp\/v2\/media\/200593"}],"wp:attachment":[{"href":"https:\/\/www.em.com.br\/emfoco\/wp-json\/wp\/v2\/media?parent=200459"}],"wp:term":[{"taxonomy":"category","embeddable":true,"href":"https:\/\/www.em.com.br\/emfoco\/wp-json\/wp\/v2\/categories?post=200459"},{"taxonomy":"post_tag","embeddable":true,"href":"https:\/\/www.em.com.br\/emfoco\/wp-json\/wp\/v2\/tags?post=200459"}],"curies":[{"name":"wp","href":"https:\/\/api.w.org\/{rel}","templated":true}]}}