{"id":200457,"date":"2026-04-28T18:25:00","date_gmt":"2026-04-28T21:25:00","guid":{"rendered":"https:\/\/www.em.com.br\/emfoco\/?p=200457"},"modified":"2026-04-27T15:38:16","modified_gmt":"2026-04-27T18:38:16","slug":"melhor-que-pastel-a-receita-sequinha-com-poucos-ingredientes-que-viralizou-na-airfryer","status":"publish","type":"post","link":"https:\/\/www.em.com.br\/emfoco\/2026\/04\/28\/melhor-que-pastel-a-receita-sequinha-com-poucos-ingredientes-que-viralizou-na-airfryer\/","title":{"rendered":"Melhor que pastel: a receita sequinha com poucos ingredientes que viralizou na airfryer"},"content":{"rendered":"\n<p>O<strong> pastel de wrap na airfryer<\/strong> virou queridinho nas cozinhas por ser uma alternativa mais r\u00e1pida e leve ao pastel tradicional frito em \u00f3leo, usando discos de wrap tipo Rap10, poucos ingredientes e um preparo bem pr\u00e1tico para quem quer croc\u00e2ncia e recheio derretido sem complica\u00e7\u00e3o.<\/p>\n\n\n\n<h2 class=\"wp-block-heading\">Por que o pastel de wrap na airfryer est\u00e1 fazendo tanto sucesso<\/h2>\n\n\n\n<p>O <a href=\"https:\/\/www.em.com.br\/emfoco\/2026\/03\/05\/mais-facil-que-o-pastel-tradicional-pastel-folhado-recheado-com-presunto-e-assado-no-forno-e-simples-e-divino\/\" target=\"_blank\" rel=\"noreferrer noopener\">pastel <\/a>de wrap na airfryer ganhou espa\u00e7o pela combina\u00e7\u00e3o de praticidade, preparo r\u00e1pido e menor uso de gordura. Em vez de abrir massa ou lidar com \u00f3leo quente, voc\u00ea s\u00f3 monta o recheio no disco pronto, fecha e leva direto para a airfryer.<\/p>\n\n\n\n<p>A textura tamb\u00e9m agrada: o wrap \u00e9 mais fino e uniforme, assa em poucos minutos e tende a ficar crocante por fora e macio por dentro. Quando bem selado e pincelado com pouco azeite, cria uma casquinha que quebra ao morder, sem ficar pesada ou ressecada.<\/p>\n\n\n\n<figure class=\"wp-block-image size-large\"><img loading=\"lazy\" decoding=\"async\" width=\"1024\" height=\"576\" src=\"https:\/\/www.em.com.br\/emfoco\/wp-content\/uploads\/2026\/04\/Gemini_Generated_Image_xk0msfxk0msfxk0m-1-1024x576.png\" alt=\"Melhor pastel de wrap na airfryer em minutos\" class=\"wp-image-200477\" srcset=\"https:\/\/www.em.com.br\/emfoco\/wp-content\/uploads\/2026\/04\/Gemini_Generated_Image_xk0msfxk0msfxk0m-1-1024x576.png 1024w, https:\/\/www.em.com.br\/emfoco\/wp-content\/uploads\/2026\/04\/Gemini_Generated_Image_xk0msfxk0msfxk0m-1-300x169.png 300w, https:\/\/www.em.com.br\/emfoco\/wp-content\/uploads\/2026\/04\/Gemini_Generated_Image_xk0msfxk0msfxk0m-1-768x432.png 768w, https:\/\/www.em.com.br\/emfoco\/wp-content\/uploads\/2026\/04\/Gemini_Generated_Image_xk0msfxk0msfxk0m-1-750x422.png 750w, https:\/\/www.em.com.br\/emfoco\/wp-content\/uploads\/2026\/04\/Gemini_Generated_Image_xk0msfxk0msfxk0m-1-1140x641.png 1140w, https:\/\/www.em.com.br\/emfoco\/wp-content\/uploads\/2026\/04\/Gemini_Generated_Image_xk0msfxk0msfxk0m-1.png 1280w\" sizes=\"auto, (max-width: 1024px) 100vw, 1024px\" \/><figcaption class=\"wp-element-caption\">Melhor pastel de wrap na airfryer em minutos<\/figcaption><\/figure>\n\n\n\n<h2 class=\"wp-block-heading\">Como fazer pastel de wrap na airfryer passo a passo<\/h2>\n\n\n\n<p>Para preparar uma unidade de pastel de <a href=\"https:\/\/www.instagram.com\/reel\/DNL0KvKoR2o\/\" target=\"_blank\" rel=\"noreferrer noopener\">wrap na airfryer<\/a>, a estrutura b\u00e1sica \u00e9 simples e f\u00e1cil de repetir. Voc\u00ea s\u00f3 precisa organizar massa, recheio, selagem e finaliza\u00e7\u00e3o para ter um resultado previs\u00edvel que pode ser multiplicado conforme o n\u00famero de por\u00e7\u00f5es.<\/p>\n\n\n\n<ul class=\"wp-block-list\">\n<li><strong>Massa:<\/strong>\u00a01 disco de wrap tipo Rap10 ou similar.<\/li>\n\n\n\n<li><strong>Recheio:<\/strong>\u00a01 fatia de queijo mu\u00e7arela e 1 fatia de presunto, ou cerca de 2 colheres de sopa de recheio picado.<\/li>\n\n\n\n<li><strong>Selagem:<\/strong>\u00a01 colher de ch\u00e1 de requeij\u00e3o para passar na borda da massa.<\/li>\n\n\n\n<li><strong>Finaliza\u00e7\u00e3o:<\/strong>\u00a0cerca de 1\/2 colher de ch\u00e1 de azeite para pincelar externamente.<\/li>\n<\/ul>\n\n\n\n<ol class=\"wp-block-list\">\n<li>Distribuir o recheio sobre uma das metades do disco de wrap, deixando as bordas livres.<\/li>\n\n\n\n<li>Passar o requeij\u00e3o (ou umedecer levemente com \u00e1gua) em toda a borda do disco para ajudar a fechar.<\/li>\n\n\n\n<li>Dobrar ao meio formando uma meia-lua e pressionar as pontas com um garfo, como no pastel comum.<\/li>\n\n\n\n<li>Pincelar a parte externa com uma fina camada de azeite, apenas o suficiente para ajudar a dourar.<\/li>\n\n\n\n<li>Levar \u00e0 airfryer pr\u00e9-aquecida a 180\u00a0\u00b0C por aproximadamente 5 a 7 minutos, virando na metade do tempo, at\u00e9 a superf\u00edcie ficar bem dourada.<\/li>\n<\/ol>\n\n\n\n<h2 class=\"wp-block-heading\">Quais recheios funcionam melhor no pastel de wrap<\/h2>\n\n\n\n<p>A versatilidade \u00e9 um dos grandes atrativos do pastel de wrap na airfryer, permitindo recheios salgados, doces e vers\u00f5es mais leves. A principal dica \u00e9 n\u00e3o exagerar na quantidade para n\u00e3o rasgar a massa nem dificultar o fechamento, mantendo o interior cremoso sem vazar.<\/p>\n\n\n\n<p>Recheios mais \u00famidos, como frango cremoso ou carne mo\u00edda refogada, funcionam bem em por\u00e7\u00f5es de cerca de 2 colheres de sopa por disco. J\u00e1 queijos de derretimento intenso ficam melhores combinados a ingredientes mais firmes, como presunto, peito de peru ou legumes picados, equilibrando textura e umidade.<\/p>\n\n\n\n<figure class=\"wp-block-image size-large\"><img loading=\"lazy\" decoding=\"async\" width=\"1024\" height=\"576\" src=\"https:\/\/www.em.com.br\/emfoco\/wp-content\/uploads\/2026\/04\/Gemini_Generated_Image_vlzf33vlzf33vlzf-1-1024x576.png\" alt=\"Melhor pastel de wrap na airfryer em minutos\" class=\"wp-image-200481\" srcset=\"https:\/\/www.em.com.br\/emfoco\/wp-content\/uploads\/2026\/04\/Gemini_Generated_Image_vlzf33vlzf33vlzf-1-1024x576.png 1024w, https:\/\/www.em.com.br\/emfoco\/wp-content\/uploads\/2026\/04\/Gemini_Generated_Image_vlzf33vlzf33vlzf-1-300x169.png 300w, https:\/\/www.em.com.br\/emfoco\/wp-content\/uploads\/2026\/04\/Gemini_Generated_Image_vlzf33vlzf33vlzf-1-768x432.png 768w, https:\/\/www.em.com.br\/emfoco\/wp-content\/uploads\/2026\/04\/Gemini_Generated_Image_vlzf33vlzf33vlzf-1-750x422.png 750w, https:\/\/www.em.com.br\/emfoco\/wp-content\/uploads\/2026\/04\/Gemini_Generated_Image_vlzf33vlzf33vlzf-1-1140x641.png 1140w, https:\/\/www.em.com.br\/emfoco\/wp-content\/uploads\/2026\/04\/Gemini_Generated_Image_vlzf33vlzf33vlzf-1.png 1280w\" sizes=\"auto, (max-width: 1024px) 100vw, 1024px\" \/><figcaption class=\"wp-element-caption\">Melhor pastel de wrap na airfryer em minutos<\/figcaption><\/figure>\n\n\n\n<h2 class=\"wp-block-heading\">Quais combina\u00e7\u00f5es de recheio fazem mais sucesso<\/h2>\n\n\n\n<p>Para variar o card\u00e1pio e agradar diferentes paladares, vale apostar em combina\u00e7\u00f5es cl\u00e1ssicas, criativas ou mais leves. Abaixo est\u00e3o algumas ideias de recheio que costumam funcionar muito bem na airfryer, mantendo boa textura e sabor marcante.<\/p>\n\n\n\n<ul class=\"wp-block-list\">\n<li><strong>Recheios salgados comuns:<\/strong>\u00a0queijo e presunto, frango desfiado cremoso, carne mo\u00edda refogada, calabresa com cebola, legumes salteados com queijo.<\/li>\n\n\n\n<li><strong>Recheios doces:<\/strong>\u00a0chocolate em peda\u00e7os, doce de leite mais firme, banana com canela, pastas de amendoim ou avel\u00e3 em pequena quantidade.<\/li>\n\n\n\n<li><strong>Op\u00e7\u00f5es mais leves:<\/strong>\u00a0ricota temperada, queijo branco com tomate, pasta de gr\u00e3o-de-bico, legumes assados picados.<\/li>\n<\/ul>\n\n\n\n<h2 class=\"wp-block-heading\">Como ajustar as quantidades e acertar no ponto final<\/h2>\n\n\n\n<p>Para uma fam\u00edlia de quatro pessoas, um pacote de wraps com 8 a 9 discos costuma ser suficiente, usando cerca de 150&nbsp;g a 200&nbsp;g de queijo para recheios simples. Em recheios mistos, basta ajustar de acordo com o apetite e a quantidade de unidades desejadas, sem lotar demais a cesta da airfryer.<\/p>\n\n\n\n<p>Respeite o espa\u00e7o entre os past\u00e9is para o ar circular, controle o tempo nas primeiras tentativas e use apenas uma leve pincelada de azeite para garantir dourado e croc\u00e2ncia. Comece a testar hoje mesmo, escolha seus recheios preferidos e aproveite essa receita pr\u00e1tica antes que a vontade passe: ligue a airfryer agora e prepare seu primeiro pastel de wrap ainda hoje.<\/p>\n","protected":false},"excerpt":{"rendered":"<p>O pastel de wrap na airfryer virou queridinho nas cozinhas por ser uma alternativa mais r\u00e1pida e leve ao pastel tradicional frito em \u00f3leo, usando discos de wrap tipo Rap10, poucos ingredientes e um preparo bem pr\u00e1tico para quem quer croc\u00e2ncia e recheio derretido sem complica\u00e7\u00e3o. Por que o pastel de wrap na airfryer est\u00e1 [&hellip;]<\/p>\n","protected":false},"author":11,"featured_media":200607,"comment_status":"open","ping_status":"open","sticky":false,"template":"","format":"standard","meta":{"jnews-multi-image_gallery":[],"jnews_single_post":{"format":"standard"},"jnews_primary_category":[],"jnews_social_meta":[],"jnews_override_counter":[],"footnotes":""},"categories":[8819,1],"tags":[4597,8030,3440,28889],"class_list":["post-200457","post","type-post","status-publish","format-standard","has-post-thumbnail","hentry","category-curiosidades","category-noticias","tag-airfryer","tag-pastel","tag-receita","tag-wrap"],"yoast_head":"<!-- This site is optimized with the Yoast SEO plugin v23.8 - https:\/\/yoast.com\/wordpress\/plugins\/seo\/ -->\n<title>Melhor que pastel: a receita sequinha com poucos ingredientes que viralizou na airfryer - Estado de Minas - Em foco<\/title>\n<meta name=\"description\" content=\"O pastel de wrap na airfryer fica crocante, r\u00e1pido e delicioso. Receita pr\u00e1tica com poucos ingredientes para qualquer hora.\" \/>\n<meta name=\"robots\" content=\"index, follow, max-snippet:-1, max-image-preview:large, max-video-preview:-1\" \/>\n<link rel=\"canonical\" href=\"https:\/\/www.em.com.br\/emfoco\/2026\/04\/28\/melhor-que-pastel-a-receita-sequinha-com-poucos-ingredientes-que-viralizou-na-airfryer\/\" \/>\n<meta property=\"og:locale\" content=\"pt_BR\" \/>\n<meta property=\"og:type\" content=\"article\" \/>\n<meta property=\"og:title\" content=\"Melhor que pastel: a receita sequinha com poucos ingredientes que viralizou na airfryer - Estado de Minas - Em foco\" \/>\n<meta property=\"og:description\" content=\"O pastel de wrap na airfryer fica crocante, r\u00e1pido e delicioso. Receita pr\u00e1tica com poucos ingredientes para qualquer hora.\" \/>\n<meta property=\"og:url\" content=\"https:\/\/www.em.com.br\/emfoco\/2026\/04\/28\/melhor-que-pastel-a-receita-sequinha-com-poucos-ingredientes-que-viralizou-na-airfryer\/\" \/>\n<meta property=\"og:site_name\" content=\"Estado de Minas - Em foco\" \/>\n<meta property=\"article:published_time\" content=\"2026-04-28T21:25:00+00:00\" \/>\n<meta property=\"article:modified_time\" content=\"2026-04-27T18:38:16+00:00\" \/>\n<meta property=\"og:image\" content=\"https:\/\/www.em.com.br\/emfoco\/wp-content\/uploads\/2026\/04\/EmFoco_34-7.jpg\" \/>\n\t<meta property=\"og:image:width\" content=\"1280\" \/>\n\t<meta property=\"og:image:height\" content=\"720\" \/>\n\t<meta property=\"og:image:type\" content=\"image\/jpeg\" \/>\n<meta name=\"author\" content=\"Andre\u0301 Rangel\u00a0\" \/>\n<meta name=\"twitter:card\" content=\"summary_large_image\" \/>\n<meta name=\"twitter:label1\" content=\"Escrito por\" \/>\n\t<meta name=\"twitter:data1\" content=\"Andre\u0301 Rangel\u00a0\" \/>\n\t<meta name=\"twitter:label2\" content=\"Est. tempo de leitura\" \/>\n\t<meta name=\"twitter:data2\" content=\"5 minutos\" \/>\n<!-- \/ Yoast SEO plugin. -->","yoast_head_json":{"title":"Melhor que pastel: a receita sequinha com poucos ingredientes que viralizou na airfryer - Estado de Minas - Em foco","description":"O pastel de wrap na airfryer fica crocante, r\u00e1pido e delicioso. Receita pr\u00e1tica com poucos ingredientes para qualquer hora.","robots":{"index":"index","follow":"follow","max-snippet":"max-snippet:-1","max-image-preview":"max-image-preview:large","max-video-preview":"max-video-preview:-1"},"canonical":"https:\/\/www.em.com.br\/emfoco\/2026\/04\/28\/melhor-que-pastel-a-receita-sequinha-com-poucos-ingredientes-que-viralizou-na-airfryer\/","og_locale":"pt_BR","og_type":"article","og_title":"Melhor que pastel: a receita sequinha com poucos ingredientes que viralizou na airfryer - Estado de Minas - Em foco","og_description":"O pastel de wrap na airfryer fica crocante, r\u00e1pido e delicioso. Receita pr\u00e1tica com poucos ingredientes para qualquer hora.","og_url":"https:\/\/www.em.com.br\/emfoco\/2026\/04\/28\/melhor-que-pastel-a-receita-sequinha-com-poucos-ingredientes-que-viralizou-na-airfryer\/","og_site_name":"Estado de Minas - Em foco","article_published_time":"2026-04-28T21:25:00+00:00","article_modified_time":"2026-04-27T18:38:16+00:00","og_image":[{"width":1280,"height":720,"url":"https:\/\/www.em.com.br\/emfoco\/wp-content\/uploads\/2026\/04\/EmFoco_34-7.jpg","type":"image\/jpeg"}],"author":"Andre\u0301 Rangel\u00a0","twitter_card":"summary_large_image","twitter_misc":{"Escrito por":"Andre\u0301 Rangel\u00a0","Est. tempo de leitura":"5 minutos"},"schema":{"@context":"https:\/\/schema.org","@graph":[{"@type":"WebPage","@id":"https:\/\/www.em.com.br\/emfoco\/2026\/04\/28\/melhor-que-pastel-a-receita-sequinha-com-poucos-ingredientes-que-viralizou-na-airfryer\/","url":"https:\/\/www.em.com.br\/emfoco\/2026\/04\/28\/melhor-que-pastel-a-receita-sequinha-com-poucos-ingredientes-que-viralizou-na-airfryer\/","name":"Melhor que pastel: a receita sequinha com poucos ingredientes que viralizou na airfryer - Estado de Minas - Em foco","isPartOf":{"@id":"https:\/\/www.em.com.br\/emfoco\/#website"},"primaryImageOfPage":{"@id":"https:\/\/www.em.com.br\/emfoco\/2026\/04\/28\/melhor-que-pastel-a-receita-sequinha-com-poucos-ingredientes-que-viralizou-na-airfryer\/#primaryimage"},"image":{"@id":"https:\/\/www.em.com.br\/emfoco\/2026\/04\/28\/melhor-que-pastel-a-receita-sequinha-com-poucos-ingredientes-que-viralizou-na-airfryer\/#primaryimage"},"thumbnailUrl":"https:\/\/www.em.com.br\/emfoco\/wp-content\/uploads\/2026\/04\/EmFoco_34-7.jpg","datePublished":"2026-04-28T21:25:00+00:00","dateModified":"2026-04-27T18:38:16+00:00","author":{"@id":"https:\/\/www.em.com.br\/emfoco\/#\/schema\/person\/60eda09c1fedf0d6891f4cef4b60b8b8"},"description":"O pastel de wrap na airfryer fica crocante, r\u00e1pido e delicioso. Receita pr\u00e1tica com poucos ingredientes para qualquer hora.","breadcrumb":{"@id":"https:\/\/www.em.com.br\/emfoco\/2026\/04\/28\/melhor-que-pastel-a-receita-sequinha-com-poucos-ingredientes-que-viralizou-na-airfryer\/#breadcrumb"},"inLanguage":"pt-BR","potentialAction":[{"@type":"ReadAction","target":["https:\/\/www.em.com.br\/emfoco\/2026\/04\/28\/melhor-que-pastel-a-receita-sequinha-com-poucos-ingredientes-que-viralizou-na-airfryer\/"]}]},{"@type":"ImageObject","inLanguage":"pt-BR","@id":"https:\/\/www.em.com.br\/emfoco\/2026\/04\/28\/melhor-que-pastel-a-receita-sequinha-com-poucos-ingredientes-que-viralizou-na-airfryer\/#primaryimage","url":"https:\/\/www.em.com.br\/emfoco\/wp-content\/uploads\/2026\/04\/EmFoco_34-7.jpg","contentUrl":"https:\/\/www.em.com.br\/emfoco\/wp-content\/uploads\/2026\/04\/EmFoco_34-7.jpg","width":1280,"height":720,"caption":"Receita pr\u00e1tica de pastel com massa de wrap garante croc\u00e2ncia sem fritura"},{"@type":"BreadcrumbList","@id":"https:\/\/www.em.com.br\/emfoco\/2026\/04\/28\/melhor-que-pastel-a-receita-sequinha-com-poucos-ingredientes-que-viralizou-na-airfryer\/#breadcrumb","itemListElement":[{"@type":"ListItem","position":1,"name":"In\u00edcio","item":"https:\/\/www.em.com.br\/emfoco\/"},{"@type":"ListItem","position":2,"name":"Melhor que pastel: a receita sequinha com poucos ingredientes que viralizou na airfryer"}]},{"@type":"WebSite","@id":"https:\/\/www.em.com.br\/emfoco\/#website","url":"https:\/\/www.em.com.br\/emfoco\/","name":"Estado de Minas - Em foco","description":"Acompanhe as \u00faltimas not\u00edcias e fique bem informado sobre tudo o que acontece em Minas Gerais, Brasil e no mundo.","potentialAction":[{"@type":"SearchAction","target":{"@type":"EntryPoint","urlTemplate":"https:\/\/www.em.com.br\/emfoco\/?s={search_term_string}"},"query-input":{"@type":"PropertyValueSpecification","valueRequired":true,"valueName":"search_term_string"}}],"inLanguage":"pt-BR"},{"@type":"Person","@id":"https:\/\/www.em.com.br\/emfoco\/#\/schema\/person\/60eda09c1fedf0d6891f4cef4b60b8b8","name":"Andre\u0301 Rangel\u00a0","image":{"@type":"ImageObject","inLanguage":"pt-BR","@id":"https:\/\/www.em.com.br\/emfoco\/#\/schema\/person\/image\/","url":"https:\/\/secure.gravatar.com\/avatar\/6234dc814c77c8ef6d8bba622c787efc?s=96&d=mm&r=g","contentUrl":"https:\/\/secure.gravatar.com\/avatar\/6234dc814c77c8ef6d8bba622c787efc?s=96&d=mm&r=g","caption":"Andre\u0301 Rangel\u00a0"},"url":"https:\/\/www.em.com.br\/emfoco\/author\/luizmyth\/"}]}},"_links":{"self":[{"href":"https:\/\/www.em.com.br\/emfoco\/wp-json\/wp\/v2\/posts\/200457","targetHints":{"allow":["GET"]}}],"collection":[{"href":"https:\/\/www.em.com.br\/emfoco\/wp-json\/wp\/v2\/posts"}],"about":[{"href":"https:\/\/www.em.com.br\/emfoco\/wp-json\/wp\/v2\/types\/post"}],"author":[{"embeddable":true,"href":"https:\/\/www.em.com.br\/emfoco\/wp-json\/wp\/v2\/users\/11"}],"replies":[{"embeddable":true,"href":"https:\/\/www.em.com.br\/emfoco\/wp-json\/wp\/v2\/comments?post=200457"}],"version-history":[{"count":3,"href":"https:\/\/www.em.com.br\/emfoco\/wp-json\/wp\/v2\/posts\/200457\/revisions"}],"predecessor-version":[{"id":200483,"href":"https:\/\/www.em.com.br\/emfoco\/wp-json\/wp\/v2\/posts\/200457\/revisions\/200483"}],"wp:featuredmedia":[{"embeddable":true,"href":"https:\/\/www.em.com.br\/emfoco\/wp-json\/wp\/v2\/media\/200607"}],"wp:attachment":[{"href":"https:\/\/www.em.com.br\/emfoco\/wp-json\/wp\/v2\/media?parent=200457"}],"wp:term":[{"taxonomy":"category","embeddable":true,"href":"https:\/\/www.em.com.br\/emfoco\/wp-json\/wp\/v2\/categories?post=200457"},{"taxonomy":"post_tag","embeddable":true,"href":"https:\/\/www.em.com.br\/emfoco\/wp-json\/wp\/v2\/tags?post=200457"}],"curies":[{"name":"wp","href":"https:\/\/api.w.org\/{rel}","templated":true}]}}