{"id":200434,"date":"2026-04-30T19:05:00","date_gmt":"2026-04-30T22:05:00","guid":{"rendered":"https:\/\/www.em.com.br\/emfoco\/?p=200434"},"modified":"2026-04-29T16:30:04","modified_gmt":"2026-04-29T19:30:04","slug":"dificuldade-de-relaxar-pode-ter-explicacao-na-psicologia-e-vai-alem-do-cansaco-comum","status":"publish","type":"post","link":"https:\/\/www.em.com.br\/emfoco\/2026\/04\/30\/dificuldade-de-relaxar-pode-ter-explicacao-na-psicologia-e-vai-alem-do-cansaco-comum\/","title":{"rendered":"Dificuldade de relaxar pode ter explica\u00e7\u00e3o na psicologia e vai al\u00e9m do cansa\u00e7o comum"},"content":{"rendered":"\n<p>Ter dificuldade de relaxar, mesmo em momentos calmos, costuma indicar que a mente permanece em estado de alerta, como se algo ruim estivesse prestes a acontecer, ainda que o ambiente n\u00e3o ofere\u00e7a amea\u00e7a real. Na psicologia, esse padr\u00e3o est\u00e1 ligado a um n\u00edvel elevado de <strong>tens\u00e3o<\/strong> interna, em que o corpo at\u00e9 est\u00e1 parado, mas os pensamentos seguem acelerados, cheios de preocupa\u00e7\u00f5es e cen\u00e1rios hipot\u00e9ticos.<\/p>\n\n\n\n<h2 class=\"wp-block-heading\">O que significa ter dificuldade de relaxar na psicologia?<\/h2>\n\n\n\n<p>Para a psicologia, ter <strong>dificuldade<\/strong> de relaxar significa que o organismo permanece em estado de ativa\u00e7\u00e3o, mesmo na aus\u00eancia de est\u00edmulos estressantes. A mente passa a interpretar situa\u00e7\u00f5es neutras ou tranquilas como momentos em que \u00e9 preciso se manter vigilante, impedindo a sensa\u00e7\u00e3o de descanso genu\u00edno e cont\u00ednuo.<\/p>\n\n\n\n<p>Em muitos casos, esse quadro est\u00e1 ligado a padr\u00f5es de <strong>ansiedade<\/strong>, estresse cr\u00f4nico ou a um estilo de vida em que o valor pessoal se associa \u00e0 produtividade constante. Assim, o sistema nervoso n\u00e3o retorna facilmente ao \u201cmodo repouso\u201d, e a pessoa sente que precisa estar sempre pronta para agir, resolver <a href=\"https:\/\/www.em.com.br\/emfoco\/2026\/04\/26\/o-tunel-subterraneo-que-pode-reduzir-o-calor-da-casa-usando-a-temperatura-estavel-do-solo\/\" target=\"_blank\" rel=\"noreferrer noopener\">pend\u00eancias <\/a>ou antecipar problemas.<\/p>\n\n\n\n<figure class=\"wp-block-image size-large\"><img loading=\"lazy\" decoding=\"async\" width=\"1024\" height=\"576\" src=\"https:\/\/www.em.com.br\/emfoco\/wp-content\/uploads\/2026\/04\/Texto-do-seu-paragrafo-2026-04-27T083452.628-1024x576.jpg\" alt=\"Dificuldade de relaxar pode ter explica\u00e7\u00e3o na psicologia e vai al\u00e9m do cansa\u00e7o comum\" class=\"wp-image-200440\" srcset=\"https:\/\/www.em.com.br\/emfoco\/wp-content\/uploads\/2026\/04\/Texto-do-seu-paragrafo-2026-04-27T083452.628-1024x576.jpg 1024w, https:\/\/www.em.com.br\/emfoco\/wp-content\/uploads\/2026\/04\/Texto-do-seu-paragrafo-2026-04-27T083452.628-300x169.jpg 300w, https:\/\/www.em.com.br\/emfoco\/wp-content\/uploads\/2026\/04\/Texto-do-seu-paragrafo-2026-04-27T083452.628-768x432.jpg 768w, https:\/\/www.em.com.br\/emfoco\/wp-content\/uploads\/2026\/04\/Texto-do-seu-paragrafo-2026-04-27T083452.628-750x422.jpg 750w, https:\/\/www.em.com.br\/emfoco\/wp-content\/uploads\/2026\/04\/Texto-do-seu-paragrafo-2026-04-27T083452.628-1140x641.jpg 1140w, https:\/\/www.em.com.br\/emfoco\/wp-content\/uploads\/2026\/04\/Texto-do-seu-paragrafo-2026-04-27T083452.628.jpg 1280w\" sizes=\"auto, (max-width: 1024px) 100vw, 1024px\" \/><figcaption class=\"wp-element-caption\">A mente em alerta constante pode impedir o relaxamento mesmo em momentos tranquilos<\/figcaption><\/figure>\n\n\n\n<h2 class=\"wp-block-heading\">Como a ansiedade se relaciona com a dificuldade de relaxar?<\/h2>\n\n\n\n<p>A dificuldade de relaxar costuma estar profundamente associada a quadros de <strong>ansiedade<\/strong>, em que a mente funciona como um \u201cradar\u201d em busca de riscos, mesmo onde n\u00e3o h\u00e1 perigo concreto. Momentos calmos se tornam terreno f\u00e9rtil para pensamentos antecipat\u00f3rios, como medo de fracasso, preocupa\u00e7\u00e3o com finan\u00e7as, fam\u00edlia ou sa\u00fade, sem evid\u00eancias imediatas.<\/p>\n\n\n\n<p>Psicologicamente, podem surgir cren\u00e7as como \u201cse eu relaxar, algo vai dar errado\u201d ou \u201cdescansar \u00e9 perda de tempo\u201d, que alimentam culpa ao descansar e refor\u00e7am a incapacidade de se desligar. Com o tempo, o corpo responde com sintomas f\u00edsicos significativos, como <strong>tens\u00e3o<\/strong> muscular, falta de ar subjetiva, aperto no peito, dores de cabe\u00e7a e dificuldade para dormir profundamente.<\/p>\n\n\n\n<ul class=\"wp-block-list\">\n<li><strong>Preocupa\u00e7\u00f5es<\/strong> constantes: mente ocupada com o que pode acontecer, mesmo em situa\u00e7\u00f5es neutras.<\/li>\n\n\n\n<li><strong>Medo<\/strong> de perder o controle: sensa\u00e7\u00e3o de que algo ruim surgir\u00e1 se houver pausa ou descanso.<\/li>\n\n\n\n<li><strong>Hipervigil\u00e2ncia:<\/strong> aten\u00e7\u00e3o exagerada a sinais de perigo, falhas ou poss\u00edveis problemas.<\/li>\n\n\n\n<li>Desconforto com o <strong>sil\u00eancio<\/strong>: necessidade de ru\u00eddo, tarefas, telas ou distra\u00e7\u00f5es o tempo todo.<\/li>\n<\/ul>\n\n\n\n<h2 class=\"wp-block-heading\">Quais sinais indicam dificuldade real em relaxar?<\/h2>\n\n\n\n<p>Alguns sinais aparecem na rotina e ajudam a perceber quando h\u00e1 dificuldade real de relaxamento, mesmo que a pessoa n\u00e3o se d\u00ea conta disso. A agita\u00e7\u00e3o pode ter se tornado o padr\u00e3o habitual de funcionamento, o que faz com que o <strong>cansa\u00e7o<\/strong> constante pare\u00e7a algo \u201cnormal\u201d ou at\u00e9 desej\u00e1vel.<\/p>\n\n\n\n<p>A psicologia observa esse quadro tanto pelo relato subjetivo quanto pelo comportamento e pelos sintomas f\u00edsicos associados. Quando esses sinais se mant\u00eam por longos per\u00edodos, a dificuldade de relaxar deixa de ser um <a href=\"https:\/\/www.em.com.br\/emfoco\/2026\/04\/26\/7-palmeiras-para-pequenos-espacos-que-trazem-beleza-leveza-e-proporcao-ao-ambiente\/\" target=\"_blank\" rel=\"noreferrer noopener\">inc\u00f4modo <\/a>pontual e passa a interferir em <strong>produtividade<\/strong>, rela\u00e7\u00f5es pessoais e sa\u00fade f\u00edsica.<\/p>\n\n\n\n<ol class=\"wp-block-list\">\n<li><strong>Dificuldade<\/strong> em ficar parado: inquieta\u00e7\u00e3o ao tentar descansar, levantar-se toda hora, checar o celular ou buscar algo para fazer.<\/li>\n\n\n\n<li>Pensamentos <strong>acelerados<\/strong>: fluxo constante de ideias, planos, preocupa\u00e7\u00f5es e lembran\u00e7as, como se a mente n\u00e3o tivesse bot\u00e3o de pausa.<\/li>\n\n\n\n<li><strong>Ins\u00f4nia<\/strong> ou sono n\u00e3o reparador: demora para pegar no sono, acordar v\u00e1rias vezes \u00e0 noite ou despertar cansado.<\/li>\n\n\n\n<li><strong>Tens\u00e3o<\/strong> muscular: ombros contra\u00eddos, maxilar travado, m\u00e3os fechadas, mesmo em situa\u00e7\u00f5es tranquilas.<\/li>\n\n\n\n<li>Dificuldade em aproveitar o <strong>lazer<\/strong>: culpa ao descansar ou impress\u00e3o de que o tempo de divers\u00e3o \u00e9 \u201ctempo perdido\u201d.<\/li>\n<\/ol>\n\n\n\n<p>Conte\u00fado do canal <strong>Casule<\/strong>, com mais de 339 mil de inscritos e cerca de 5.1 mil de visualiza\u00e7\u00f5es:<\/p>\n\n\n\n<figure class=\"wp-block-embed is-type-video is-provider-youtube wp-block-embed-youtube wp-embed-aspect-16-9 wp-has-aspect-ratio\"><div class=\"wp-block-embed__wrapper\">\n<div class=\"jeg_video_container jeg_video_content\"><iframe loading=\"lazy\" title=\"Por que eu n\u00e3o consigo relaxar? \u2022 Casule Sa\u00fade e Bem-estar\" width=\"500\" height=\"281\" src=\"https:\/\/www.youtube.com\/embed\/LVundeLFTPY?feature=oembed\" frameborder=\"0\" allow=\"accelerometer; autoplay; clipboard-write; encrypted-media; gyroscope; picture-in-picture; web-share\" referrerpolicy=\"strict-origin-when-cross-origin\" allowfullscreen><\/iframe><\/div>\n<\/div><\/figure>\n\n\n\n<h2 class=\"wp-block-heading\">Por que \u00e9 t\u00e3o dif\u00edcil relaxar em um mundo acelerado?<\/h2>\n\n\n\n<p>A dificuldade de relaxar tamb\u00e9m est\u00e1 ligada ao contexto social atual, em que rapidez, desempenho e disponibilidade constante s\u00e3o vistos como padr\u00e3o. A mente absorve a ideia de que descansar \u00e9 sin\u00f4nimo de falta de <a href=\"https:\/\/pubmed.ncbi.nlm.nih.gov\/20381670\/\" target=\"_blank\" rel=\"noreferrer noopener\">compromisso<\/a>, criando um cen\u00e1rio de <strong>estresse<\/strong> cont\u00ednuo, mesmo quando n\u00e3o h\u00e1 exig\u00eancia direta naquele momento espec\u00edfico.<\/p>\n\n\n\n<p>O uso intenso de tecnologia contribui para manter o c\u00e9rebro em alerta por meio de notifica\u00e7\u00f5es, mensagens e redes sociais. A pessoa tenta relaxar, mas continua respondendo e-mails ou rolando a tela do celular, e a mente interpreta isso como continuidade de est\u00edmulo, dificultando o estado de descanso profundo e a desconex\u00e3o emocional.<\/p>\n\n\n\n<ul class=\"wp-block-list\">\n<li>Jornadas de trabalho extensas, com poucas pausas ou limite claro entre trabalho e vida pessoal.<\/li>\n\n\n\n<li>Cultura de <strong>alta performance<\/strong>, metas agressivas e cobran\u00e7a por resultados imediatos.<\/li>\n\n\n\n<li>Exposi\u00e7\u00e3o constante a not\u00edcias preocupantes e conte\u00fado emocionalmente intenso.<\/li>\n\n\n\n<li>Aus\u00eancia de momentos estruturados para <strong>lazer<\/strong>, autocuidado e recupera\u00e7\u00e3o mental.<\/li>\n<\/ul>\n\n\n\n<h2 class=\"wp-block-heading\">Como recuperar a capacidade de relaxar de forma saud\u00e1vel?<\/h2>\n\n\n\n<p>Do ponto de vista psicol\u00f3gico, recuperar a capacidade de relaxar envolve treinar corpo e mente para reconhecer que existem momentos seguros em que n\u00e3o \u00e9 necess\u00e1rio se defender ou produzir. Esse processo passa por identificar cren\u00e7as r\u00edgidas sobre <strong>descanso<\/strong>, manejar a ansiedade e construir uma rotina em que o relaxamento seja visto como cuidado essencial, n\u00e3o como luxo.<\/p>\n\n\n\n<p>Profissionais da psicologia combinam t\u00e9cnicas de respira\u00e7\u00e3o, aten\u00e7\u00e3o ao momento presente, organiza\u00e7\u00e3o da rotina e reestrutura\u00e7\u00e3o de pensamentos que alimentam a preocupa\u00e7\u00e3o constante. Assim, a <a href=\"https:\/\/pubmed.ncbi.nlm.nih.gov\/11426325\/\" target=\"_blank\" rel=\"noreferrer noopener\">dificuldade <\/a>de relaxar deixa de ser um tra\u00e7o fixo da personalidade e passa a ser um estado que pode ser observado, nomeado e <strong>trabalhado<\/strong>, permitindo que momentos calmos realmente cumpram seu papel de recupera\u00e7\u00e3o f\u00edsica e mental.<\/p>\n","protected":false},"excerpt":{"rendered":"<p>Ter dificuldade de relaxar, mesmo em momentos calmos, costuma indicar que a mente permanece em estado de alerta, como se algo ruim estivesse prestes a acontecer, ainda que o ambiente n\u00e3o ofere\u00e7a amea\u00e7a real. Na psicologia, esse padr\u00e3o est\u00e1 ligado a um n\u00edvel elevado de tens\u00e3o interna, em que o corpo at\u00e9 est\u00e1 parado, mas [&hellip;]<\/p>\n","protected":false},"author":15,"featured_media":201584,"comment_status":"open","ping_status":"open","sticky":false,"template":"","format":"standard","meta":{"jnews-multi-image_gallery":[],"jnews_single_post":{"format":"standard"},"jnews_primary_category":[],"jnews_social_meta":[],"jnews_override_counter":[],"footnotes":""},"categories":[8819],"tags":[5155,327,415],"class_list":["post-200434","post","type-post","status-publish","format-standard","has-post-thumbnail","hentry","category-curiosidades","tag-psicologia","tag-qualidade-de-vida","tag-saude"],"yoast_head":"<!-- This site is optimized with the Yoast SEO plugin v23.8 - https:\/\/yoast.com\/wordpress\/plugins\/seo\/ -->\n<title>Dificuldade de relaxar pode ter explica\u00e7\u00e3o na psicologia e vai al\u00e9m do cansa\u00e7o comum - Estado de Minas - Em foco<\/title>\n<meta name=\"description\" content=\"Ter dificuldade de relaxar pode estar ligado \u00e0 mente em alerta, ansiedade e padr\u00f5es emocionais que impedem o corpo de desacelerar\" \/>\n<meta name=\"robots\" content=\"index, follow, max-snippet:-1, max-image-preview:large, max-video-preview:-1\" \/>\n<link rel=\"canonical\" href=\"https:\/\/www.em.com.br\/emfoco\/2026\/04\/30\/dificuldade-de-relaxar-pode-ter-explicacao-na-psicologia-e-vai-alem-do-cansaco-comum\/\" \/>\n<meta property=\"og:locale\" content=\"pt_BR\" \/>\n<meta property=\"og:type\" content=\"article\" \/>\n<meta property=\"og:title\" content=\"Dificuldade de relaxar pode ter explica\u00e7\u00e3o na psicologia e vai al\u00e9m do cansa\u00e7o comum - Estado de Minas - Em foco\" \/>\n<meta property=\"og:description\" content=\"Ter dificuldade de relaxar pode estar ligado \u00e0 mente em alerta, ansiedade e padr\u00f5es emocionais que impedem o corpo de desacelerar\" \/>\n<meta property=\"og:url\" content=\"https:\/\/www.em.com.br\/emfoco\/2026\/04\/30\/dificuldade-de-relaxar-pode-ter-explicacao-na-psicologia-e-vai-alem-do-cansaco-comum\/\" \/>\n<meta property=\"og:site_name\" content=\"Estado de Minas - Em foco\" \/>\n<meta property=\"article:published_time\" content=\"2026-04-30T22:05:00+00:00\" \/>\n<meta property=\"article:modified_time\" content=\"2026-04-29T19:30:04+00:00\" \/>\n<meta property=\"og:image\" content=\"https:\/\/www.em.com.br\/emfoco\/wp-content\/uploads\/2026\/04\/EmFoco_09-13.jpg\" \/>\n\t<meta property=\"og:image:width\" content=\"1280\" \/>\n\t<meta property=\"og:image:height\" content=\"720\" \/>\n\t<meta property=\"og:image:type\" content=\"image\/jpeg\" \/>\n<meta name=\"author\" content=\"Douglas Myth\" \/>\n<meta name=\"twitter:card\" content=\"summary_large_image\" \/>\n<meta name=\"twitter:label1\" content=\"Escrito por\" \/>\n\t<meta name=\"twitter:data1\" content=\"Douglas Myth\" \/>\n\t<meta name=\"twitter:label2\" content=\"Est. tempo de leitura\" \/>\n\t<meta name=\"twitter:data2\" content=\"5 minutos\" \/>\n<!-- \/ Yoast SEO plugin. -->","yoast_head_json":{"title":"Dificuldade de relaxar pode ter explica\u00e7\u00e3o na psicologia e vai al\u00e9m do cansa\u00e7o comum - Estado de Minas - Em foco","description":"Ter dificuldade de relaxar pode estar ligado \u00e0 mente em alerta, ansiedade e padr\u00f5es emocionais que impedem o corpo de desacelerar","robots":{"index":"index","follow":"follow","max-snippet":"max-snippet:-1","max-image-preview":"max-image-preview:large","max-video-preview":"max-video-preview:-1"},"canonical":"https:\/\/www.em.com.br\/emfoco\/2026\/04\/30\/dificuldade-de-relaxar-pode-ter-explicacao-na-psicologia-e-vai-alem-do-cansaco-comum\/","og_locale":"pt_BR","og_type":"article","og_title":"Dificuldade de relaxar pode ter explica\u00e7\u00e3o na psicologia e vai al\u00e9m do cansa\u00e7o comum - Estado de Minas - Em foco","og_description":"Ter dificuldade de relaxar pode estar ligado \u00e0 mente em alerta, ansiedade e padr\u00f5es emocionais que impedem o corpo de desacelerar","og_url":"https:\/\/www.em.com.br\/emfoco\/2026\/04\/30\/dificuldade-de-relaxar-pode-ter-explicacao-na-psicologia-e-vai-alem-do-cansaco-comum\/","og_site_name":"Estado de Minas - Em foco","article_published_time":"2026-04-30T22:05:00+00:00","article_modified_time":"2026-04-29T19:30:04+00:00","og_image":[{"width":1280,"height":720,"url":"https:\/\/www.em.com.br\/emfoco\/wp-content\/uploads\/2026\/04\/EmFoco_09-13.jpg","type":"image\/jpeg"}],"author":"Douglas Myth","twitter_card":"summary_large_image","twitter_misc":{"Escrito por":"Douglas Myth","Est. tempo de leitura":"5 minutos"},"schema":{"@context":"https:\/\/schema.org","@graph":[{"@type":"WebPage","@id":"https:\/\/www.em.com.br\/emfoco\/2026\/04\/30\/dificuldade-de-relaxar-pode-ter-explicacao-na-psicologia-e-vai-alem-do-cansaco-comum\/","url":"https:\/\/www.em.com.br\/emfoco\/2026\/04\/30\/dificuldade-de-relaxar-pode-ter-explicacao-na-psicologia-e-vai-alem-do-cansaco-comum\/","name":"Dificuldade de relaxar pode ter explica\u00e7\u00e3o na psicologia e vai al\u00e9m do cansa\u00e7o comum - Estado de Minas - Em foco","isPartOf":{"@id":"https:\/\/www.em.com.br\/emfoco\/#website"},"primaryImageOfPage":{"@id":"https:\/\/www.em.com.br\/emfoco\/2026\/04\/30\/dificuldade-de-relaxar-pode-ter-explicacao-na-psicologia-e-vai-alem-do-cansaco-comum\/#primaryimage"},"image":{"@id":"https:\/\/www.em.com.br\/emfoco\/2026\/04\/30\/dificuldade-de-relaxar-pode-ter-explicacao-na-psicologia-e-vai-alem-do-cansaco-comum\/#primaryimage"},"thumbnailUrl":"https:\/\/www.em.com.br\/emfoco\/wp-content\/uploads\/2026\/04\/EmFoco_09-13.jpg","datePublished":"2026-04-30T22:05:00+00:00","dateModified":"2026-04-29T19:30:04+00:00","author":{"@id":"https:\/\/www.em.com.br\/emfoco\/#\/schema\/person\/bba594b7eebe9b9885fec3a5c7837089"},"description":"Ter dificuldade de relaxar pode estar ligado \u00e0 mente em alerta, ansiedade e padr\u00f5es emocionais que impedem o corpo de desacelerar","breadcrumb":{"@id":"https:\/\/www.em.com.br\/emfoco\/2026\/04\/30\/dificuldade-de-relaxar-pode-ter-explicacao-na-psicologia-e-vai-alem-do-cansaco-comum\/#breadcrumb"},"inLanguage":"pt-BR","potentialAction":[{"@type":"ReadAction","target":["https:\/\/www.em.com.br\/emfoco\/2026\/04\/30\/dificuldade-de-relaxar-pode-ter-explicacao-na-psicologia-e-vai-alem-do-cansaco-comum\/"]}]},{"@type":"ImageObject","inLanguage":"pt-BR","@id":"https:\/\/www.em.com.br\/emfoco\/2026\/04\/30\/dificuldade-de-relaxar-pode-ter-explicacao-na-psicologia-e-vai-alem-do-cansaco-comum\/#primaryimage","url":"https:\/\/www.em.com.br\/emfoco\/wp-content\/uploads\/2026\/04\/EmFoco_09-13.jpg","contentUrl":"https:\/\/www.em.com.br\/emfoco\/wp-content\/uploads\/2026\/04\/EmFoco_09-13.jpg","width":1280,"height":720,"caption":"Mente em alerta constante compromete o descanso e exige estrat\u00e9gias de desconex\u00e3o"},{"@type":"BreadcrumbList","@id":"https:\/\/www.em.com.br\/emfoco\/2026\/04\/30\/dificuldade-de-relaxar-pode-ter-explicacao-na-psicologia-e-vai-alem-do-cansaco-comum\/#breadcrumb","itemListElement":[{"@type":"ListItem","position":1,"name":"In\u00edcio","item":"https:\/\/www.em.com.br\/emfoco\/"},{"@type":"ListItem","position":2,"name":"Dificuldade de relaxar pode ter explica\u00e7\u00e3o na psicologia e vai al\u00e9m do cansa\u00e7o comum"}]},{"@type":"WebSite","@id":"https:\/\/www.em.com.br\/emfoco\/#website","url":"https:\/\/www.em.com.br\/emfoco\/","name":"Estado de Minas - Em foco","description":"Acompanhe as \u00faltimas not\u00edcias e fique bem informado sobre tudo o que acontece em Minas Gerais, Brasil e no mundo.","potentialAction":[{"@type":"SearchAction","target":{"@type":"EntryPoint","urlTemplate":"https:\/\/www.em.com.br\/emfoco\/?s={search_term_string}"},"query-input":{"@type":"PropertyValueSpecification","valueRequired":true,"valueName":"search_term_string"}}],"inLanguage":"pt-BR"},{"@type":"Person","@id":"https:\/\/www.em.com.br\/emfoco\/#\/schema\/person\/bba594b7eebe9b9885fec3a5c7837089","name":"Douglas Myth","image":{"@type":"ImageObject","inLanguage":"pt-BR","@id":"https:\/\/www.em.com.br\/emfoco\/#\/schema\/person\/image\/","url":"https:\/\/secure.gravatar.com\/avatar\/1ac3cf50d0e68642c697dc0c960c802f?s=96&d=mm&r=g","contentUrl":"https:\/\/secure.gravatar.com\/avatar\/1ac3cf50d0e68642c697dc0c960c802f?s=96&d=mm&r=g","caption":"Douglas Myth"},"url":"https:\/\/www.em.com.br\/emfoco\/author\/douglasmyth\/"}]}},"_links":{"self":[{"href":"https:\/\/www.em.com.br\/emfoco\/wp-json\/wp\/v2\/posts\/200434","targetHints":{"allow":["GET"]}}],"collection":[{"href":"https:\/\/www.em.com.br\/emfoco\/wp-json\/wp\/v2\/posts"}],"about":[{"href":"https:\/\/www.em.com.br\/emfoco\/wp-json\/wp\/v2\/types\/post"}],"author":[{"embeddable":true,"href":"https:\/\/www.em.com.br\/emfoco\/wp-json\/wp\/v2\/users\/15"}],"replies":[{"embeddable":true,"href":"https:\/\/www.em.com.br\/emfoco\/wp-json\/wp\/v2\/comments?post=200434"}],"version-history":[{"count":2,"href":"https:\/\/www.em.com.br\/emfoco\/wp-json\/wp\/v2\/posts\/200434\/revisions"}],"predecessor-version":[{"id":200441,"href":"https:\/\/www.em.com.br\/emfoco\/wp-json\/wp\/v2\/posts\/200434\/revisions\/200441"}],"wp:featuredmedia":[{"embeddable":true,"href":"https:\/\/www.em.com.br\/emfoco\/wp-json\/wp\/v2\/media\/201584"}],"wp:attachment":[{"href":"https:\/\/www.em.com.br\/emfoco\/wp-json\/wp\/v2\/media?parent=200434"}],"wp:term":[{"taxonomy":"category","embeddable":true,"href":"https:\/\/www.em.com.br\/emfoco\/wp-json\/wp\/v2\/categories?post=200434"},{"taxonomy":"post_tag","embeddable":true,"href":"https:\/\/www.em.com.br\/emfoco\/wp-json\/wp\/v2\/tags?post=200434"}],"curies":[{"name":"wp","href":"https:\/\/api.w.org\/{rel}","templated":true}]}}