{"id":200430,"date":"2026-04-30T09:35:00","date_gmt":"2026-04-30T12:35:00","guid":{"rendered":"https:\/\/www.em.com.br\/emfoco\/?p=200430"},"modified":"2026-04-29T16:29:49","modified_gmt":"2026-04-29T19:29:49","slug":"sentir-que-precisa-cuidar-de-todos-pode-revelar-padroes-emocionais-mais-profundos","status":"publish","type":"post","link":"https:\/\/www.em.com.br\/emfoco\/2026\/04\/30\/sentir-que-precisa-cuidar-de-todos-pode-revelar-padroes-emocionais-mais-profundos\/","title":{"rendered":"Sentir que precisa cuidar de todos pode revelar padr\u00f5es emocionais mais profundos"},"content":{"rendered":"\n<p>Sentir-se respons\u00e1vel por tudo ao redor \u00e9 uma experi\u00eancia relatada com frequ\u00eancia em consult\u00f3rios de psicologia. Pessoas com esse tra\u00e7o costumam assumir tarefas, culpas e preocupa\u00e7\u00f5es que v\u00e3o al\u00e9m do que realmente lhes pertence, em casa, no trabalho, nos estudos e em situa\u00e7\u00f5es simples do dia a dia. Muitas vezes, isso surge de forma autom\u00e1tica, como se fosse um dever invis\u00edvel, e n\u00e3o apenas uma escolha de cuidado ou boa vontade.<\/p>\n\n\n\n<h2 class=\"wp-block-heading\">O que \u00e9 responsabilidade excessiva na vida cotidiana?<\/h2>\n\n\n\n<p>Na psicologia, a <strong>responsabilidade excessiva<\/strong> \u00e9 entendida como um padr\u00e3o em que a pessoa assume mais do que lhe cabe, tanto em tarefas quanto em culpas e preocupa\u00e7\u00f5es. N\u00e3o se trata apenas de ser prestativo: muitas vezes, esse comportamento est\u00e1 ligado a cren\u00e7as internas sobre valor pessoal, controle e seguran\u00e7a emocional.<\/p>\n\n\n\n<p>Abordagens como a terapia cognitivo-comportamental descrevem esse padr\u00e3o como <strong>hiper-responsabilidade<\/strong>, um tipo de pensamento distorcido em que a pessoa superestima seu impacto em tudo ao redor. Em vez de dividir fun\u00e7\u00f5es e <a href=\"https:\/\/www.em.com.br\/emfoco\/2026\/04\/26\/o-tunel-subterraneo-que-pode-reduzir-o-calor-da-casa-usando-a-temperatura-estavel-do-solo\/\" target=\"_blank\" rel=\"noreferrer noopener\">consequ\u00eancias<\/a>, ela concentra em si o peso de resultados, decis\u00f5es e at\u00e9 sentimentos dos outros, o que pode gerar sobrecarga e desgaste silencioso.<\/p>\n\n\n\n<figure class=\"wp-block-image size-large\"><img loading=\"lazy\" decoding=\"async\" width=\"1024\" height=\"576\" src=\"https:\/\/www.em.com.br\/emfoco\/wp-content\/uploads\/2026\/04\/Texto-do-seu-paragrafo-2026-04-27T082711.097-1024x576.jpg\" alt=\"Sentir que precisa cuidar de todos pode revelar padr\u00f5es emocionais mais profundos\" class=\"wp-image-200432\" srcset=\"https:\/\/www.em.com.br\/emfoco\/wp-content\/uploads\/2026\/04\/Texto-do-seu-paragrafo-2026-04-27T082711.097-1024x576.jpg 1024w, https:\/\/www.em.com.br\/emfoco\/wp-content\/uploads\/2026\/04\/Texto-do-seu-paragrafo-2026-04-27T082711.097-300x169.jpg 300w, https:\/\/www.em.com.br\/emfoco\/wp-content\/uploads\/2026\/04\/Texto-do-seu-paragrafo-2026-04-27T082711.097-768x432.jpg 768w, https:\/\/www.em.com.br\/emfoco\/wp-content\/uploads\/2026\/04\/Texto-do-seu-paragrafo-2026-04-27T082711.097-750x422.jpg 750w, https:\/\/www.em.com.br\/emfoco\/wp-content\/uploads\/2026\/04\/Texto-do-seu-paragrafo-2026-04-27T082711.097-1140x641.jpg 1140w, https:\/\/www.em.com.br\/emfoco\/wp-content\/uploads\/2026\/04\/Texto-do-seu-paragrafo-2026-04-27T082711.097.jpg 1280w\" sizes=\"auto, (max-width: 1024px) 100vw, 1024px\" \/><figcaption class=\"wp-element-caption\">Esse comportamento de assumir tudo pode esconder medo, culpa e necessidade de controle<\/figcaption><\/figure>\n\n\n\n<h2 class=\"wp-block-heading\">Como a responsabilidade excessiva aparece na rotina?<\/h2>\n\n\n\n<p>Quando se fala em responsabilidade excessiva na vida cotidiana, a psicologia observa n\u00e3o apenas o que a pessoa faz, mas como ela se sente e se organiza internamente. Em muitos casos, h\u00e1 autocobran\u00e7a intensa, dificuldade de dizer \u201cn\u00e3o\u201d e sensa\u00e7\u00e3o constante de estar em d\u00e9bito com algu\u00e9m, o que relega descanso, lazer e <strong>limites<\/strong> pessoais a um segundo plano.<\/p>\n\n\n\n<p>Esse padr\u00e3o se manifesta em diferentes contextos, afetando pap\u00e9is e rela\u00e7\u00f5es de forma ampla e persistente.<\/p>\n\n\n\n<ul class=\"wp-block-list\">\n<li><strong>Fam\u00edlia:<\/strong> sentir-se respons\u00e1vel pela harmonia da casa, pelos problemas financeiros ou pelas escolhas de parentes;<\/li>\n\n\n\n<li><strong>Trabalho:<\/strong> assumir tarefas de colegas, ter dificuldade em delegar e sentir culpa quando algo n\u00e3o sai como esperado;<\/li>\n\n\n\n<li><strong>Rela\u00e7\u00f5es sociais:<\/strong> ocupar o lugar de quem \u201cresolve tudo\u201d, media <a href=\"https:\/\/www.em.com.br\/emfoco\/2026\/04\/26\/7-palmeiras-para-pequenos-espacos-que-trazem-beleza-leveza-e-proporcao-ao-ambiente\/\" target=\"_blank\" rel=\"noreferrer noopener\">conflitos <\/a>e cuida do bem-estar de todos, mesmo \u00e0 custa da pr\u00f3pria energia.<\/li>\n<\/ul>\n\n\n\n<h2 class=\"wp-block-heading\">Quais s\u00e3o as poss\u00edveis origens da responsabilidade exagerada?<\/h2>\n\n\n\n<p>A psicologia aponta que n\u00e3o existe uma \u00fanica causa para a responsabilidade exagerada; em geral, trata-se de um conjunto de experi\u00eancias e mensagens internalizadas ao longo da vida. Viv\u00eancias na <strong>inf\u00e2ncia<\/strong>, modelos de cuidado na fam\u00edlia, expectativas sociais e eventos marcantes podem contribuir para a cren\u00e7a de que \u00e9 preciso sustentar tudo sozinho.<\/p>\n\n\n\n<p>Entre os fatores frequentemente observados est\u00e3o inf\u00e2ncias com muitas exig\u00eancias, ambientes imprevis\u00edveis e refor\u00e7os seletivos ao comportamento de \u201csalvar\u201d os outros. Tamb\u00e9m \u00e9 comum que o medo de <strong>rejei\u00e7\u00e3o<\/strong> ou cr\u00edtica leve a pessoa a fazer mais do que pode, na tentativa de evitar desapontar algu\u00e9m ou ser vista como negligente.<\/p>\n\n\n\n<p>Conte\u00fado do canal <strong>N\u00f3s da Quest\u00e3o<\/strong>, com mais de 2.5 milh\u00f5es de inscritos e cerca de 107 mil de visualiza\u00e7\u00f5es:<\/p>\n\n\n\n<figure class=\"wp-block-embed is-type-video is-provider-youtube wp-block-embed-youtube wp-embed-aspect-16-9 wp-has-aspect-ratio\"><div class=\"wp-block-embed__wrapper\">\n<div class=\"jeg_video_container jeg_video_content\"><iframe loading=\"lazy\" title=\"RESPONSABILIDADE EMOCIONAL | Marcos Lacerda\" width=\"500\" height=\"281\" src=\"https:\/\/www.youtube.com\/embed\/pJ8KfIqVJqs?feature=oembed\" frameborder=\"0\" allow=\"accelerometer; autoplay; clipboard-write; encrypted-media; gyroscope; picture-in-picture; web-share\" referrerpolicy=\"strict-origin-when-cross-origin\" allowfullscreen><\/iframe><\/div>\n<\/div><\/figure>\n\n\n\n<h2 class=\"wp-block-heading\">Quais s\u00e3o os impactos emocionais de sentir-se respons\u00e1vel por todos?<\/h2>\n\n\n\n<p>A responsabilidade ampliada costuma ter efeitos diretos na sa\u00fade emocional, favorecendo quadros de <strong>ansiedade<\/strong>, estresse cr\u00f4nico e dificuldade de reconhecer limites. A mente permanece ocupada com riscos, falhas poss\u00edveis e com o bem-estar alheio, deixando pouco espa\u00e7o para descanso genu\u00edno e autocuidado b\u00e1sico.<\/p>\n\n\n\n<p>Com o tempo, essa postura leva a um afastamento silencioso das pr\u00f3prias <a href=\"https:\/\/pubmed.ncbi.nlm.nih.gov\/12192613\/\" target=\"_blank\" rel=\"noreferrer noopener\">necessidades<\/a>. Em vez de buscar equil\u00edbrio, a pessoa passa a funcionar no modo autom\u00e1tico de resolver, amparar e antecipar problemas, o que pode comprometer relacionamentos, sa\u00fade f\u00edsica e satisfa\u00e7\u00e3o com a pr\u00f3pria vida.<\/p>\n\n\n\n<h2 class=\"wp-block-heading\">Como a psicologia pode ajudar a reduzir a responsabilidade excessiva?<\/h2>\n\n\n\n<p>O trabalho psicol\u00f3gico com quem se sente respons\u00e1vel por todos costuma focar na revis\u00e3o de cren\u00e7as, na identifica\u00e7\u00e3o de limites e na constru\u00e7\u00e3o de uma responsabilidade mais equilibrada. O objetivo n\u00e3o \u00e9 tornar a pessoa indiferente, mas ajud\u00e1-la a diferenciar cuidado genu\u00edno de obriga\u00e7\u00e3o movida por medo, culpa ou h\u00e1bito.<\/p>\n\n\n\n<p>Em <strong>psicoterapia<\/strong>, \u00e9 comum utilizar estrat\u00e9gias como o mapeamento de padr\u00f5es, a reestrutura\u00e7\u00e3o de pensamentos, o treino de comunica\u00e7\u00e3o assertiva e o fortalecimento da auto-percep\u00e7\u00e3o. Assim, a <a href=\"https:\/\/pubmed.ncbi.nlm.nih.gov\/10885644\/\" target=\"_blank\" rel=\"noreferrer noopener\">responsabilidade <\/a>passa a ser vista como fun\u00e7\u00e3o compartilhada, em que cada um responde pelo que lhe cabe, favorecendo rela\u00e7\u00f5es mais saud\u00e1veis e uma rotina emocionalmente mais est\u00e1vel.<\/p>\n","protected":false},"excerpt":{"rendered":"<p>Sentir-se respons\u00e1vel por tudo ao redor \u00e9 uma experi\u00eancia relatada com frequ\u00eancia em consult\u00f3rios de psicologia. Pessoas com esse tra\u00e7o costumam assumir tarefas, culpas e preocupa\u00e7\u00f5es que v\u00e3o al\u00e9m do que realmente lhes pertence, em casa, no trabalho, nos estudos e em situa\u00e7\u00f5es simples do dia a dia. Muitas vezes, isso surge de forma autom\u00e1tica, [&hellip;]<\/p>\n","protected":false},"author":15,"featured_media":201588,"comment_status":"open","ping_status":"open","sticky":false,"template":"","format":"standard","meta":{"jnews-multi-image_gallery":[],"jnews_single_post":{"format":"standard"},"jnews_primary_category":[],"jnews_social_meta":[],"jnews_override_counter":[],"footnotes":""},"categories":[8819],"tags":[711,5155,415],"class_list":["post-200430","post","type-post","status-publish","format-standard","has-post-thumbnail","hentry","category-curiosidades","tag-bem-estar","tag-psicologia","tag-saude"],"yoast_head":"<!-- This site is optimized with the Yoast SEO plugin v23.8 - https:\/\/yoast.com\/wordpress\/plugins\/seo\/ -->\n<title>Sentir que precisa cuidar de todos pode revelar padr\u00f5es emocionais mais profundos - Estado de Minas - Em foco<\/title>\n<meta name=\"description\" content=\"Sentir-se respons\u00e1vel por todos pode estar ligado a padr\u00f5es emocionais, medo de rejei\u00e7\u00e3o e dificuldade em estabelecer limites nas rela\u00e7\u00f5es.\" \/>\n<meta name=\"robots\" content=\"index, follow, max-snippet:-1, max-image-preview:large, max-video-preview:-1\" \/>\n<link rel=\"canonical\" href=\"https:\/\/www.em.com.br\/emfoco\/2026\/04\/30\/sentir-que-precisa-cuidar-de-todos-pode-revelar-padroes-emocionais-mais-profundos\/\" \/>\n<meta property=\"og:locale\" content=\"pt_BR\" \/>\n<meta property=\"og:type\" content=\"article\" \/>\n<meta property=\"og:title\" content=\"Sentir que precisa cuidar de todos pode revelar padr\u00f5es emocionais mais profundos - Estado de Minas - Em foco\" \/>\n<meta property=\"og:description\" content=\"Sentir-se respons\u00e1vel por todos pode estar ligado a padr\u00f5es emocionais, medo de rejei\u00e7\u00e3o e dificuldade em estabelecer limites nas rela\u00e7\u00f5es.\" \/>\n<meta property=\"og:url\" content=\"https:\/\/www.em.com.br\/emfoco\/2026\/04\/30\/sentir-que-precisa-cuidar-de-todos-pode-revelar-padroes-emocionais-mais-profundos\/\" \/>\n<meta property=\"og:site_name\" content=\"Estado de Minas - Em foco\" \/>\n<meta property=\"article:published_time\" content=\"2026-04-30T12:35:00+00:00\" \/>\n<meta property=\"article:modified_time\" content=\"2026-04-29T19:29:49+00:00\" \/>\n<meta property=\"og:image\" content=\"https:\/\/www.em.com.br\/emfoco\/wp-content\/uploads\/2026\/04\/EmFoco_06-12.jpg\" \/>\n\t<meta property=\"og:image:width\" content=\"1280\" \/>\n\t<meta property=\"og:image:height\" content=\"720\" \/>\n\t<meta property=\"og:image:type\" content=\"image\/jpeg\" \/>\n<meta name=\"author\" content=\"Douglas Myth\" \/>\n<meta name=\"twitter:card\" content=\"summary_large_image\" \/>\n<meta name=\"twitter:label1\" content=\"Escrito por\" \/>\n\t<meta name=\"twitter:data1\" content=\"Douglas Myth\" \/>\n\t<meta name=\"twitter:label2\" content=\"Est. tempo de leitura\" \/>\n\t<meta name=\"twitter:data2\" content=\"4 minutos\" \/>\n<!-- \/ Yoast SEO plugin. -->","yoast_head_json":{"title":"Sentir que precisa cuidar de todos pode revelar padr\u00f5es emocionais mais profundos - Estado de Minas - Em foco","description":"Sentir-se respons\u00e1vel por todos pode estar ligado a padr\u00f5es emocionais, medo de rejei\u00e7\u00e3o e dificuldade em estabelecer limites nas rela\u00e7\u00f5es.","robots":{"index":"index","follow":"follow","max-snippet":"max-snippet:-1","max-image-preview":"max-image-preview:large","max-video-preview":"max-video-preview:-1"},"canonical":"https:\/\/www.em.com.br\/emfoco\/2026\/04\/30\/sentir-que-precisa-cuidar-de-todos-pode-revelar-padroes-emocionais-mais-profundos\/","og_locale":"pt_BR","og_type":"article","og_title":"Sentir que precisa cuidar de todos pode revelar padr\u00f5es emocionais mais profundos - Estado de Minas - Em foco","og_description":"Sentir-se respons\u00e1vel por todos pode estar ligado a padr\u00f5es emocionais, medo de rejei\u00e7\u00e3o e dificuldade em estabelecer limites nas rela\u00e7\u00f5es.","og_url":"https:\/\/www.em.com.br\/emfoco\/2026\/04\/30\/sentir-que-precisa-cuidar-de-todos-pode-revelar-padroes-emocionais-mais-profundos\/","og_site_name":"Estado de Minas - Em foco","article_published_time":"2026-04-30T12:35:00+00:00","article_modified_time":"2026-04-29T19:29:49+00:00","og_image":[{"width":1280,"height":720,"url":"https:\/\/www.em.com.br\/emfoco\/wp-content\/uploads\/2026\/04\/EmFoco_06-12.jpg","type":"image\/jpeg"}],"author":"Douglas Myth","twitter_card":"summary_large_image","twitter_misc":{"Escrito por":"Douglas Myth","Est. tempo de leitura":"4 minutos"},"schema":{"@context":"https:\/\/schema.org","@graph":[{"@type":"WebPage","@id":"https:\/\/www.em.com.br\/emfoco\/2026\/04\/30\/sentir-que-precisa-cuidar-de-todos-pode-revelar-padroes-emocionais-mais-profundos\/","url":"https:\/\/www.em.com.br\/emfoco\/2026\/04\/30\/sentir-que-precisa-cuidar-de-todos-pode-revelar-padroes-emocionais-mais-profundos\/","name":"Sentir que precisa cuidar de todos pode revelar padr\u00f5es emocionais mais profundos - Estado de Minas - Em foco","isPartOf":{"@id":"https:\/\/www.em.com.br\/emfoco\/#website"},"primaryImageOfPage":{"@id":"https:\/\/www.em.com.br\/emfoco\/2026\/04\/30\/sentir-que-precisa-cuidar-de-todos-pode-revelar-padroes-emocionais-mais-profundos\/#primaryimage"},"image":{"@id":"https:\/\/www.em.com.br\/emfoco\/2026\/04\/30\/sentir-que-precisa-cuidar-de-todos-pode-revelar-padroes-emocionais-mais-profundos\/#primaryimage"},"thumbnailUrl":"https:\/\/www.em.com.br\/emfoco\/wp-content\/uploads\/2026\/04\/EmFoco_06-12.jpg","datePublished":"2026-04-30T12:35:00+00:00","dateModified":"2026-04-29T19:29:49+00:00","author":{"@id":"https:\/\/www.em.com.br\/emfoco\/#\/schema\/person\/bba594b7eebe9b9885fec3a5c7837089"},"description":"Sentir-se respons\u00e1vel por todos pode estar ligado a padr\u00f5es emocionais, medo de rejei\u00e7\u00e3o e dificuldade em estabelecer limites nas rela\u00e7\u00f5es.","breadcrumb":{"@id":"https:\/\/www.em.com.br\/emfoco\/2026\/04\/30\/sentir-que-precisa-cuidar-de-todos-pode-revelar-padroes-emocionais-mais-profundos\/#breadcrumb"},"inLanguage":"pt-BR","potentialAction":[{"@type":"ReadAction","target":["https:\/\/www.em.com.br\/emfoco\/2026\/04\/30\/sentir-que-precisa-cuidar-de-todos-pode-revelar-padroes-emocionais-mais-profundos\/"]}]},{"@type":"ImageObject","inLanguage":"pt-BR","@id":"https:\/\/www.em.com.br\/emfoco\/2026\/04\/30\/sentir-que-precisa-cuidar-de-todos-pode-revelar-padroes-emocionais-mais-profundos\/#primaryimage","url":"https:\/\/www.em.com.br\/emfoco\/wp-content\/uploads\/2026\/04\/EmFoco_06-12.jpg","contentUrl":"https:\/\/www.em.com.br\/emfoco\/wp-content\/uploads\/2026\/04\/EmFoco_06-12.jpg","width":1280,"height":720,"caption":"Equil\u00edbrio emocional exige estabelecer limites para evitar sobrecarga e estresse cr\u00f4nico"},{"@type":"BreadcrumbList","@id":"https:\/\/www.em.com.br\/emfoco\/2026\/04\/30\/sentir-que-precisa-cuidar-de-todos-pode-revelar-padroes-emocionais-mais-profundos\/#breadcrumb","itemListElement":[{"@type":"ListItem","position":1,"name":"In\u00edcio","item":"https:\/\/www.em.com.br\/emfoco\/"},{"@type":"ListItem","position":2,"name":"Sentir que precisa cuidar de todos pode revelar padr\u00f5es emocionais mais profundos"}]},{"@type":"WebSite","@id":"https:\/\/www.em.com.br\/emfoco\/#website","url":"https:\/\/www.em.com.br\/emfoco\/","name":"Estado de Minas - Em foco","description":"Acompanhe as \u00faltimas not\u00edcias e fique bem informado sobre tudo o que acontece em Minas Gerais, Brasil e no mundo.","potentialAction":[{"@type":"SearchAction","target":{"@type":"EntryPoint","urlTemplate":"https:\/\/www.em.com.br\/emfoco\/?s={search_term_string}"},"query-input":{"@type":"PropertyValueSpecification","valueRequired":true,"valueName":"search_term_string"}}],"inLanguage":"pt-BR"},{"@type":"Person","@id":"https:\/\/www.em.com.br\/emfoco\/#\/schema\/person\/bba594b7eebe9b9885fec3a5c7837089","name":"Douglas Myth","image":{"@type":"ImageObject","inLanguage":"pt-BR","@id":"https:\/\/www.em.com.br\/emfoco\/#\/schema\/person\/image\/","url":"https:\/\/secure.gravatar.com\/avatar\/1ac3cf50d0e68642c697dc0c960c802f?s=96&d=mm&r=g","contentUrl":"https:\/\/secure.gravatar.com\/avatar\/1ac3cf50d0e68642c697dc0c960c802f?s=96&d=mm&r=g","caption":"Douglas Myth"},"url":"https:\/\/www.em.com.br\/emfoco\/author\/douglasmyth\/"}]}},"_links":{"self":[{"href":"https:\/\/www.em.com.br\/emfoco\/wp-json\/wp\/v2\/posts\/200430","targetHints":{"allow":["GET"]}}],"collection":[{"href":"https:\/\/www.em.com.br\/emfoco\/wp-json\/wp\/v2\/posts"}],"about":[{"href":"https:\/\/www.em.com.br\/emfoco\/wp-json\/wp\/v2\/types\/post"}],"author":[{"embeddable":true,"href":"https:\/\/www.em.com.br\/emfoco\/wp-json\/wp\/v2\/users\/15"}],"replies":[{"embeddable":true,"href":"https:\/\/www.em.com.br\/emfoco\/wp-json\/wp\/v2\/comments?post=200430"}],"version-history":[{"count":2,"href":"https:\/\/www.em.com.br\/emfoco\/wp-json\/wp\/v2\/posts\/200430\/revisions"}],"predecessor-version":[{"id":200433,"href":"https:\/\/www.em.com.br\/emfoco\/wp-json\/wp\/v2\/posts\/200430\/revisions\/200433"}],"wp:featuredmedia":[{"embeddable":true,"href":"https:\/\/www.em.com.br\/emfoco\/wp-json\/wp\/v2\/media\/201588"}],"wp:attachment":[{"href":"https:\/\/www.em.com.br\/emfoco\/wp-json\/wp\/v2\/media?parent=200430"}],"wp:term":[{"taxonomy":"category","embeddable":true,"href":"https:\/\/www.em.com.br\/emfoco\/wp-json\/wp\/v2\/categories?post=200430"},{"taxonomy":"post_tag","embeddable":true,"href":"https:\/\/www.em.com.br\/emfoco\/wp-json\/wp\/v2\/tags?post=200430"}],"curies":[{"name":"wp","href":"https:\/\/api.w.org\/{rel}","templated":true}]}}