{"id":200427,"date":"2026-04-27T17:25:00","date_gmt":"2026-04-27T20:25:00","guid":{"rendered":"https:\/\/www.em.com.br\/emfoco\/?p=200427"},"modified":"2026-04-27T08:32:05","modified_gmt":"2026-04-27T11:32:05","slug":"adeus-ao-esmalte-tradicional-essa-nova-tecnica-deixa-as-unhas-mais-brilhantes-e-com-acabamento-profissional-por-mais-tempo","status":"publish","type":"post","link":"https:\/\/www.em.com.br\/emfoco\/2026\/04\/27\/adeus-ao-esmalte-tradicional-essa-nova-tecnica-deixa-as-unhas-mais-brilhantes-e-com-acabamento-profissional-por-mais-tempo\/","title":{"rendered":"Adeus ao esmalte tradicional: essa nova t\u00e9cnica deixa as unhas mais brilhantes e com acabamento profissional por mais tempo"},"content":{"rendered":"\n<p>A<strong> esmalta\u00e7\u00e3o em gel<\/strong> est\u00e1 revolucionando o universo da <strong>beleza<\/strong>, substituindo o esmalte tradicional por um m\u00e9todo mais duradouro, com brilho intenso e acabamento impec\u00e1vel. No cuidado com as unhas, t\u00e9cnicas modernas, est\u00e9tica refinada e praticidade se unem para oferecer resultados dignos de sal\u00e3o. Essa tend\u00eancia vem conquistando quem busca unhas bonitas, resistentes e com apar\u00eancia sempre renovada.<\/p>\n\n\n\n<h2 class=\"wp-block-heading\">O que diferencia a esmalta\u00e7\u00e3o em gel do esmalte tradicional?<\/h2>\n\n\n\n<p>A <strong>esmalta\u00e7\u00e3o em gel<\/strong> se destaca no mercado de beleza por oferecer maior <strong>durabilidade <\/strong>e <strong>brilho <\/strong>em compara\u00e7\u00e3o ao esmalte tradicional. Enquanto o m\u00e9todo comum pode descascar em poucos dias, o gel mant\u00e9m as unhas intactas por semanas, garantindo um visual mais profissional e sofisticado.<\/p>\n\n\n\n<p>O esmalte tradicional ainda \u00e9 popular, mas a esmalta\u00e7\u00e3o em gel entrega um <strong>acabamento mais uniforme<\/strong>, com secagem r\u00e1pida em cabine UV ou LED. Isso reduz falhas, bolhas e imperfei\u00e7\u00f5es, tornando o cuidado com as unhas mais eficiente e moderno dentro da rotina de est\u00e9tica.<\/p>\n\n\n\n<h2 class=\"wp-block-heading\">Quais s\u00e3o os benef\u00edcios da esmalta\u00e7\u00e3o em gel para as unhas?<\/h2>\n\n\n\n<p>A esmalta\u00e7\u00e3o em gel oferece diversas vantagens para quem valoriza unhas bem <strong>cuidadas no dia a dia<\/strong>. Al\u00e9m do visual elegante, o m\u00e9todo contribui para manter as unhas protegidas contra quebras e desgastes, sendo ideal para quem tem rotina intensa.<\/p>\n\n\n\n<p>Entre os principais benef\u00edcios que fazem essa t\u00e9cnica se destacar no universo da beleza, podemos listar:<\/p>\n\n\n\n<ul class=\"wp-block-list\">\n<li>Maior durabilidade, podendo chegar a at\u00e9 tr\u00eas semanas<\/li>\n\n\n\n<li>Brilho intenso que n\u00e3o perde o efeito com o tempo<\/li>\n\n\n\n<li>Secagem imediata, evitando borr\u00f5es<\/li>\n\n\n\n<li>Acabamento profissional, semelhante ao de sal\u00e3o<\/li>\n\n\n\n<li>Resist\u00eancia contra descascamento e lascas<\/li>\n<\/ul>\n\n\n\n<figure class=\"wp-block-image size-large\"><img loading=\"lazy\" decoding=\"async\" width=\"1024\" height=\"576\" src=\"https:\/\/www.em.com.br\/emfoco\/wp-content\/uploads\/2026\/04\/X-2026-04-27T082839.273-1024x576.jpg\" alt=\"Adeus ao esmalte tradicional: essa nova t\u00e9cnica deixa as unhas mais brilhantes e com acabamento profissional por mais tempo\" class=\"wp-image-200436\" srcset=\"https:\/\/www.em.com.br\/emfoco\/wp-content\/uploads\/2026\/04\/X-2026-04-27T082839.273-1024x576.jpg 1024w, https:\/\/www.em.com.br\/emfoco\/wp-content\/uploads\/2026\/04\/X-2026-04-27T082839.273-300x169.jpg 300w, https:\/\/www.em.com.br\/emfoco\/wp-content\/uploads\/2026\/04\/X-2026-04-27T082839.273-768x432.jpg 768w, https:\/\/www.em.com.br\/emfoco\/wp-content\/uploads\/2026\/04\/X-2026-04-27T082839.273-1536x864.jpg 1536w, https:\/\/www.em.com.br\/emfoco\/wp-content\/uploads\/2026\/04\/X-2026-04-27T082839.273-2048x1152.jpg 2048w, https:\/\/www.em.com.br\/emfoco\/wp-content\/uploads\/2026\/04\/X-2026-04-27T082839.273-750x422.jpg 750w, https:\/\/www.em.com.br\/emfoco\/wp-content\/uploads\/2026\/04\/X-2026-04-27T082839.273-1140x641.jpg 1140w\" sizes=\"auto, (max-width: 1024px) 100vw, 1024px\" \/><figcaption class=\"wp-element-caption\">O brilho das unhas permanece por semanas<\/figcaption><\/figure>\n\n\n\n<p><strong>Leia tamb\u00e9m: <a href=\"https:\/\/www.em.com.br\/emfoco\/2026\/04\/22\/adeus-a-unha-francesinha-essa-tendencia-deixa-as-unhas-mais-elegantes-com-efeito-sofisticado-e-acabamento-impecavel\/\" target=\"_blank\" rel=\"noreferrer noopener\">Adeus \u00e0 unha francesinha: essa tend\u00eancia deixa as unhas mais elegantes, com efeito sofisticado e acabamento impec\u00e1vel<\/a><\/strong><\/p>\n\n\n\n<h2 class=\"wp-block-heading\">A esmalta\u00e7\u00e3o em gel danifica as unhas?<\/h2>\n\n\n\n<p>A esmalta\u00e7\u00e3o em gel n\u00e3o danifica as unhas quando aplicada e removida corretamente. O segredo est\u00e1 no <strong>preparo adequado<\/strong>, uso de produtos de qualidade e na manuten\u00e7\u00e3o feita por profissionais capacitados dentro da \u00e1rea de beleza.<\/p>\n\n\n\n<p>O problema geralmente surge quando h\u00e1 remo\u00e7\u00e3o incorreta ou uso excessivo sem intervalos. Para manter a sa\u00fade das unhas, \u00e9 importante seguir alguns <strong>cuidados b\u00e1sicos <\/strong>que ajudam a preservar a estrutura natural.<\/p>\n\n\n\n<p>Antes de optar pelo procedimento, vale considerar boas pr\u00e1ticas como:<\/p>\n\n\n\n<ul class=\"wp-block-list\">\n<li>Fazer pausas entre aplica\u00e7\u00f5es para recupera\u00e7\u00e3o das unhas<\/li>\n\n\n\n<li>Evitar remover o gel em casa sem t\u00e9cnica adequada<\/li>\n\n\n\n<li>Hidratar cut\u00edculas e unhas regularmente<\/li>\n\n\n\n<li>Escolher profissionais qualificados em est\u00e9tica<\/li>\n\n\n\n<li>Utilizar produtos confi\u00e1veis e certificados<\/li>\n<\/ul>\n\n\n\n<h2 class=\"wp-block-heading\">Quanto tempo dura a esmalta\u00e7\u00e3o em gel nas unhas?<\/h2>\n\n\n\n<p>A esmalta\u00e7\u00e3o em gel \u00e9 conhecida pela sua longa dura\u00e7\u00e3o, sendo um dos principais motivos de sua<strong> popularidade no setor de beleza<\/strong>. Em m\u00e9dia, o resultado pode durar entre duas e tr\u00eas semanas, dependendo do crescimento das unhas e dos cuidados di\u00e1rios.<\/p>\n\n\n\n<p>Diferente do esmalte tradicional, que perde o brilho rapidamente, o gel mant\u00e9m o aspecto <strong>rec\u00e9m-feito <\/strong>por mais tempo. Isso \u00e9 ideal para quem busca praticidade, economia de tempo e um visual sempre alinhado com as tend\u00eancias de est\u00e9tica.<\/p>\n\n\n\n<p>No TikTok, o perfil <strong>@helotopcure<\/strong>, s\u00e3o oferecidas quatro dicas para deixar a esmalta\u00e7\u00e3o em gel impec\u00e1vel:<\/p>\n\n\n\n<blockquote class=\"tiktok-embed\" cite=\"https:\/\/www.tiktok.com\/@helotopcure\/video\/7612628845849480469\" data-video-id=\"7612628845849480469\" style=\"max-width: 605px;min-width: 325px;\" > <section> <a target=\"_blank\" title=\"@helotopcure\" href=\"https:\/\/www.tiktok.com\/@helotopcure?refer=embed\">@helotopcure<\/a> Esmalta\u00e7\u00e3o em gel bem feita n\u00e3o \u00e9 s\u00f3 t\u00e9cnica. \u00c9 posicionamento. Quando voc\u00ea domina o processo: \u2728 A cliente percebe \u2728 A durabilidade aumenta \u2728 Voc\u00ea pode cobrar mais As manicures que faturam alto n\u00e3o vivem de \u201csegredinho\u201d, vivem de m\u00e9todo. Se voc\u00ea quer transformar esmalta\u00e7\u00e3o em gel em servi\u00e7o premium no seu sal\u00e3o\u2026 Meu curso completo est\u00e1 dispon\u00edvel no link da bio. <a title=\"manicure\" target=\"_blank\" href=\"https:\/\/www.tiktok.com\/tag\/manicure?refer=embed\">#manicure<\/a> <a title=\"fyp\" target=\"_blank\" href=\"https:\/\/www.tiktok.com\/tag\/fyp?refer=embed\">#fyp<\/a> <a title=\"esmalte\" target=\"_blank\" href=\"https:\/\/www.tiktok.com\/tag\/esmalte?refer=embed\">#esmalte<\/a> <a target=\"_blank\" title=\"\u266c MINI VLOG. - ALOHI STYLE\" href=\"https:\/\/www.tiktok.com\/music\/MINI-VLOG-7558755583353030673?refer=embed\">\u266c MINI VLOG. &#8211; ALOHI STYLE<\/a> <\/section> <\/blockquote> <script async src=\"https:\/\/www.tiktok.com\/embed.js\"><\/script>\n\n\n\n<h2 class=\"wp-block-heading\">Vale a pena trocar o esmalte tradicional pela esmalta\u00e7\u00e3o em gel?<\/h2>\n\n\n\n<p>A esmalta\u00e7\u00e3o em gel vale a pena para quem deseja unhas com <strong>acabamento impec\u00e1vel<\/strong>, brilho duradouro e menos manuten\u00e7\u00e3o. Dentro do universo da beleza, essa t\u00e9cnica representa inova\u00e7\u00e3o, praticidade e sofistica\u00e7\u00e3o para o cuidado pessoal.<\/p>\n\n\n\n<p>O esmalte tradicional ainda tem seu espa\u00e7o, mas o avan\u00e7o das t\u00e9cnicas de est\u00e9tica mostra que investir em<strong> solu\u00e7\u00f5es mais modernas<\/strong> pode transformar a rotina de cuidados. Para quem busca unhas bonitas, resistentes e com apar\u00eancia profissional, a esmalta\u00e7\u00e3o em gel se consolida como uma das melhores escolhas na \u00e1rea de beleza.<\/p>\n","protected":false},"excerpt":{"rendered":"<p>A esmalta\u00e7\u00e3o em gel est\u00e1 revolucionando o universo da beleza, substituindo o esmalte tradicional por um m\u00e9todo mais duradouro, com brilho intenso e acabamento impec\u00e1vel. No cuidado com as unhas, t\u00e9cnicas modernas, est\u00e9tica refinada e praticidade se unem para oferecer resultados dignos de sal\u00e3o. Essa tend\u00eancia vem conquistando quem busca unhas bonitas, resistentes e com [&hellip;]<\/p>\n","protected":false},"author":28,"featured_media":200435,"comment_status":"open","ping_status":"open","sticky":false,"template":"","format":"standard","meta":{"jnews-multi-image_gallery":[],"jnews_single_post":{"format":"standard"},"jnews_primary_category":[],"jnews_social_meta":[],"jnews_override_counter":[],"footnotes":""},"categories":[8691],"tags":[28874,26448,28873,16987],"class_list":["post-200427","post","type-post","status-publish","format-standard","has-post-thumbnail","hentry","category-bem-estar","tag-beleza-unhas","tag-esmaltacao-em-gel","tag-esmalte-duradouro","tag-unhas-em-gel"],"yoast_head":"<!-- This site is optimized with the Yoast SEO plugin v23.8 - https:\/\/yoast.com\/wordpress\/plugins\/seo\/ -->\n<title>Adeus ao esmalte tradicional: essa nova t\u00e9cnica deixa as unhas mais brilhantes e com acabamento profissional por mais tempo - Estado de Minas - Em foco<\/title>\n<meta name=\"description\" content=\"Esmalta\u00e7\u00e3o em gel garante unhas com brilho intenso, alta durabilidade e acabamento profissional, sendo alternativa moderna.\" \/>\n<meta name=\"robots\" content=\"index, follow, max-snippet:-1, max-image-preview:large, max-video-preview:-1\" \/>\n<link rel=\"canonical\" href=\"https:\/\/www.em.com.br\/emfoco\/2026\/04\/27\/adeus-ao-esmalte-tradicional-essa-nova-tecnica-deixa-as-unhas-mais-brilhantes-e-com-acabamento-profissional-por-mais-tempo\/\" \/>\n<meta property=\"og:locale\" content=\"pt_BR\" \/>\n<meta property=\"og:type\" content=\"article\" \/>\n<meta property=\"og:title\" content=\"Adeus ao esmalte tradicional: essa nova t\u00e9cnica deixa as unhas mais brilhantes e com acabamento profissional por mais tempo - Estado de Minas - Em foco\" \/>\n<meta property=\"og:description\" content=\"Esmalta\u00e7\u00e3o em gel garante unhas com brilho intenso, alta durabilidade e acabamento profissional, sendo alternativa moderna.\" \/>\n<meta property=\"og:url\" content=\"https:\/\/www.em.com.br\/emfoco\/2026\/04\/27\/adeus-ao-esmalte-tradicional-essa-nova-tecnica-deixa-as-unhas-mais-brilhantes-e-com-acabamento-profissional-por-mais-tempo\/\" \/>\n<meta property=\"og:site_name\" content=\"Estado de Minas - Em foco\" \/>\n<meta property=\"article:published_time\" content=\"2026-04-27T20:25:00+00:00\" \/>\n<meta property=\"article:modified_time\" content=\"2026-04-27T11:32:05+00:00\" \/>\n<meta property=\"og:image\" content=\"https:\/\/www.em.com.br\/emfoco\/wp-content\/uploads\/2026\/04\/X-2026-04-27T083035.579.jpg\" \/>\n\t<meta property=\"og:image:width\" content=\"2560\" \/>\n\t<meta property=\"og:image:height\" content=\"1440\" \/>\n\t<meta property=\"og:image:type\" content=\"image\/jpeg\" \/>\n<meta name=\"author\" content=\"Elis Gabrielle Santos Souza\" \/>\n<meta name=\"twitter:card\" content=\"summary_large_image\" \/>\n<meta name=\"twitter:label1\" content=\"Escrito por\" \/>\n\t<meta name=\"twitter:data1\" content=\"Elis Gabrielle Santos Souza\" \/>\n\t<meta name=\"twitter:label2\" content=\"Est. tempo de leitura\" \/>\n\t<meta name=\"twitter:data2\" content=\"4 minutos\" \/>\n<!-- \/ Yoast SEO plugin. -->","yoast_head_json":{"title":"Adeus ao esmalte tradicional: essa nova t\u00e9cnica deixa as unhas mais brilhantes e com acabamento profissional por mais tempo - Estado de Minas - Em foco","description":"Esmalta\u00e7\u00e3o em gel garante unhas com brilho intenso, alta durabilidade e acabamento profissional, sendo alternativa moderna.","robots":{"index":"index","follow":"follow","max-snippet":"max-snippet:-1","max-image-preview":"max-image-preview:large","max-video-preview":"max-video-preview:-1"},"canonical":"https:\/\/www.em.com.br\/emfoco\/2026\/04\/27\/adeus-ao-esmalte-tradicional-essa-nova-tecnica-deixa-as-unhas-mais-brilhantes-e-com-acabamento-profissional-por-mais-tempo\/","og_locale":"pt_BR","og_type":"article","og_title":"Adeus ao esmalte tradicional: essa nova t\u00e9cnica deixa as unhas mais brilhantes e com acabamento profissional por mais tempo - Estado de Minas - Em foco","og_description":"Esmalta\u00e7\u00e3o em gel garante unhas com brilho intenso, alta durabilidade e acabamento profissional, sendo alternativa moderna.","og_url":"https:\/\/www.em.com.br\/emfoco\/2026\/04\/27\/adeus-ao-esmalte-tradicional-essa-nova-tecnica-deixa-as-unhas-mais-brilhantes-e-com-acabamento-profissional-por-mais-tempo\/","og_site_name":"Estado de Minas - Em foco","article_published_time":"2026-04-27T20:25:00+00:00","article_modified_time":"2026-04-27T11:32:05+00:00","og_image":[{"width":2560,"height":1440,"url":"https:\/\/www.em.com.br\/emfoco\/wp-content\/uploads\/2026\/04\/X-2026-04-27T083035.579.jpg","type":"image\/jpeg"}],"author":"Elis Gabrielle Santos Souza","twitter_card":"summary_large_image","twitter_misc":{"Escrito por":"Elis Gabrielle Santos Souza","Est. tempo de leitura":"4 minutos"},"schema":{"@context":"https:\/\/schema.org","@graph":[{"@type":"WebPage","@id":"https:\/\/www.em.com.br\/emfoco\/2026\/04\/27\/adeus-ao-esmalte-tradicional-essa-nova-tecnica-deixa-as-unhas-mais-brilhantes-e-com-acabamento-profissional-por-mais-tempo\/","url":"https:\/\/www.em.com.br\/emfoco\/2026\/04\/27\/adeus-ao-esmalte-tradicional-essa-nova-tecnica-deixa-as-unhas-mais-brilhantes-e-com-acabamento-profissional-por-mais-tempo\/","name":"Adeus ao esmalte tradicional: essa nova t\u00e9cnica deixa as unhas mais brilhantes e com acabamento profissional por mais tempo - Estado de Minas - Em foco","isPartOf":{"@id":"https:\/\/www.em.com.br\/emfoco\/#website"},"primaryImageOfPage":{"@id":"https:\/\/www.em.com.br\/emfoco\/2026\/04\/27\/adeus-ao-esmalte-tradicional-essa-nova-tecnica-deixa-as-unhas-mais-brilhantes-e-com-acabamento-profissional-por-mais-tempo\/#primaryimage"},"image":{"@id":"https:\/\/www.em.com.br\/emfoco\/2026\/04\/27\/adeus-ao-esmalte-tradicional-essa-nova-tecnica-deixa-as-unhas-mais-brilhantes-e-com-acabamento-profissional-por-mais-tempo\/#primaryimage"},"thumbnailUrl":"https:\/\/www.em.com.br\/emfoco\/wp-content\/uploads\/2026\/04\/X-2026-04-27T083035.579.jpg","datePublished":"2026-04-27T20:25:00+00:00","dateModified":"2026-04-27T11:32:05+00:00","author":{"@id":"https:\/\/www.em.com.br\/emfoco\/#\/schema\/person\/0c545bffa944f9caa147d776b5f6f1f5"},"description":"Esmalta\u00e7\u00e3o em gel garante unhas com brilho intenso, alta durabilidade e acabamento profissional, sendo alternativa moderna.","breadcrumb":{"@id":"https:\/\/www.em.com.br\/emfoco\/2026\/04\/27\/adeus-ao-esmalte-tradicional-essa-nova-tecnica-deixa-as-unhas-mais-brilhantes-e-com-acabamento-profissional-por-mais-tempo\/#breadcrumb"},"inLanguage":"pt-BR","potentialAction":[{"@type":"ReadAction","target":["https:\/\/www.em.com.br\/emfoco\/2026\/04\/27\/adeus-ao-esmalte-tradicional-essa-nova-tecnica-deixa-as-unhas-mais-brilhantes-e-com-acabamento-profissional-por-mais-tempo\/"]}]},{"@type":"ImageObject","inLanguage":"pt-BR","@id":"https:\/\/www.em.com.br\/emfoco\/2026\/04\/27\/adeus-ao-esmalte-tradicional-essa-nova-tecnica-deixa-as-unhas-mais-brilhantes-e-com-acabamento-profissional-por-mais-tempo\/#primaryimage","url":"https:\/\/www.em.com.br\/emfoco\/wp-content\/uploads\/2026\/04\/X-2026-04-27T083035.579.jpg","contentUrl":"https:\/\/www.em.com.br\/emfoco\/wp-content\/uploads\/2026\/04\/X-2026-04-27T083035.579.jpg","width":2560,"height":1440,"caption":"A esmalta\u00e7\u00e3o em gel dura mais que o esmalte tradicional"},{"@type":"BreadcrumbList","@id":"https:\/\/www.em.com.br\/emfoco\/2026\/04\/27\/adeus-ao-esmalte-tradicional-essa-nova-tecnica-deixa-as-unhas-mais-brilhantes-e-com-acabamento-profissional-por-mais-tempo\/#breadcrumb","itemListElement":[{"@type":"ListItem","position":1,"name":"In\u00edcio","item":"https:\/\/www.em.com.br\/emfoco\/"},{"@type":"ListItem","position":2,"name":"Adeus ao esmalte tradicional: essa nova t\u00e9cnica deixa as unhas mais brilhantes e com acabamento profissional por mais tempo"}]},{"@type":"WebSite","@id":"https:\/\/www.em.com.br\/emfoco\/#website","url":"https:\/\/www.em.com.br\/emfoco\/","name":"Estado de Minas - Em foco","description":"Acompanhe as \u00faltimas not\u00edcias e fique bem informado sobre tudo o que acontece em Minas Gerais, Brasil e no mundo.","potentialAction":[{"@type":"SearchAction","target":{"@type":"EntryPoint","urlTemplate":"https:\/\/www.em.com.br\/emfoco\/?s={search_term_string}"},"query-input":{"@type":"PropertyValueSpecification","valueRequired":true,"valueName":"search_term_string"}}],"inLanguage":"pt-BR"},{"@type":"Person","@id":"https:\/\/www.em.com.br\/emfoco\/#\/schema\/person\/0c545bffa944f9caa147d776b5f6f1f5","name":"Elis Gabrielle Santos Souza","image":{"@type":"ImageObject","inLanguage":"pt-BR","@id":"https:\/\/www.em.com.br\/emfoco\/#\/schema\/person\/image\/","url":"https:\/\/secure.gravatar.com\/avatar\/1dc86c254cebb74d9c8a14da612c52db?s=96&d=mm&r=g","contentUrl":"https:\/\/secure.gravatar.com\/avatar\/1dc86c254cebb74d9c8a14da612c52db?s=96&d=mm&r=g","caption":"Elis Gabrielle Santos Souza"},"sameAs":["https:\/\/www.em.com.br\/emfoco"],"url":"https:\/\/www.em.com.br\/emfoco\/author\/elis-myth\/"}]}},"_links":{"self":[{"href":"https:\/\/www.em.com.br\/emfoco\/wp-json\/wp\/v2\/posts\/200427","targetHints":{"allow":["GET"]}}],"collection":[{"href":"https:\/\/www.em.com.br\/emfoco\/wp-json\/wp\/v2\/posts"}],"about":[{"href":"https:\/\/www.em.com.br\/emfoco\/wp-json\/wp\/v2\/types\/post"}],"author":[{"embeddable":true,"href":"https:\/\/www.em.com.br\/emfoco\/wp-json\/wp\/v2\/users\/28"}],"replies":[{"embeddable":true,"href":"https:\/\/www.em.com.br\/emfoco\/wp-json\/wp\/v2\/comments?post=200427"}],"version-history":[{"count":1,"href":"https:\/\/www.em.com.br\/emfoco\/wp-json\/wp\/v2\/posts\/200427\/revisions"}],"predecessor-version":[{"id":200437,"href":"https:\/\/www.em.com.br\/emfoco\/wp-json\/wp\/v2\/posts\/200427\/revisions\/200437"}],"wp:featuredmedia":[{"embeddable":true,"href":"https:\/\/www.em.com.br\/emfoco\/wp-json\/wp\/v2\/media\/200435"}],"wp:attachment":[{"href":"https:\/\/www.em.com.br\/emfoco\/wp-json\/wp\/v2\/media?parent=200427"}],"wp:term":[{"taxonomy":"category","embeddable":true,"href":"https:\/\/www.em.com.br\/emfoco\/wp-json\/wp\/v2\/categories?post=200427"},{"taxonomy":"post_tag","embeddable":true,"href":"https:\/\/www.em.com.br\/emfoco\/wp-json\/wp\/v2\/tags?post=200427"}],"curies":[{"name":"wp","href":"https:\/\/api.w.org\/{rel}","templated":true}]}}