{"id":200416,"date":"2026-04-30T16:25:00","date_gmt":"2026-04-30T19:25:00","guid":{"rendered":"https:\/\/www.em.com.br\/emfoco\/?p=200416"},"modified":"2026-04-29T16:27:51","modified_gmt":"2026-04-29T19:27:51","slug":"pele-oleosa-nao-e-o-problema-que-muita-gente-imagina-e-pode-revelar-outro-desequilibrio","status":"publish","type":"post","link":"https:\/\/www.em.com.br\/emfoco\/2026\/04\/30\/pele-oleosa-nao-e-o-problema-que-muita-gente-imagina-e-pode-revelar-outro-desequilibrio\/","title":{"rendered":"Pele oleosa n\u00e3o \u00e9 o problema que muita gente imagina e pode revelar outro desequil\u00edbrio"},"content":{"rendered":"\n<p>Cerca de 60% da popula\u00e7\u00e3o brasileira apresenta pele oleosa em algum grau \u2014 pesquisa da Sociedade Brasileira de Dermatologia. E os cuidados certos podem fazer toda a diferen\u00e7a na apar\u00eancia e sa\u00fade da pele. Aqui, vamos desvendar os cuidados que voc\u00ea deve ter e alguns mitos que cercam a pele oleosa.<\/p>\n\n\n\n<h2 class=\"wp-block-heading\">Quais s\u00e3o as caracter\u00edsticas da pele oleosa?<\/h2>\n\n\n\n<p>A pele oleosa se caracteriza por um excesso de sebo, que pode levar ao brilho excessivo e \u00e0 dilata\u00e7\u00e3o dos poros. Al\u00e9m disso, \u00e9 comum que pessoas com pele tenham mais propens\u00e3o a acne e cravos. Algumas <a href=\"https:\/\/www.em.com.br\/emfoco\/2026\/04\/26\/o-tunel-subterraneo-que-pode-reduzir-o-calor-da-casa-usando-a-temperatura-estavel-do-solo\/\" target=\"_blank\" rel=\"noreferrer noopener\">caracter\u00edsticas <\/a>comuns incluem:<\/p>\n\n\n\n<ul class=\"wp-block-list\">\n<li>Brilho excessivo, especialmente na zona T (testa, nariz e queixo).<\/li>\n\n\n\n<li>Pele mais espessa, com poros dilatados.<\/li>\n\n\n\n<li>Maior tend\u00eancia a desenvolver acne e cravos.<\/li>\n\n\n\n<li>Necessidade de cuidados com a hidrata\u00e7\u00e3o, mesmo com a produ\u00e7\u00e3o excessiva de sebo.<\/li>\n<\/ul>\n\n\n\n<figure class=\"wp-block-image size-large\"><img loading=\"lazy\" decoding=\"async\" width=\"1024\" height=\"576\" src=\"https:\/\/www.em.com.br\/emfoco\/wp-content\/uploads\/2026\/04\/mitos-sobre-pele-oleosa-e-o-que-voce-precisa-saber-mulher-jovem-aplicando-hidratante-em-gel-no-rosto-em-frente-1024x576.jpg\" alt=\"Pele oleosa n\u00e3o \u00e9 o problema que muita gente imagina e pode revelar outro desequil\u00edbrio\" class=\"wp-image-200421\" srcset=\"https:\/\/www.em.com.br\/emfoco\/wp-content\/uploads\/2026\/04\/mitos-sobre-pele-oleosa-e-o-que-voce-precisa-saber-mulher-jovem-aplicando-hidratante-em-gel-no-rosto-em-frente-1024x576.jpg 1024w, https:\/\/www.em.com.br\/emfoco\/wp-content\/uploads\/2026\/04\/mitos-sobre-pele-oleosa-e-o-que-voce-precisa-saber-mulher-jovem-aplicando-hidratante-em-gel-no-rosto-em-frente-300x169.jpg 300w, https:\/\/www.em.com.br\/emfoco\/wp-content\/uploads\/2026\/04\/mitos-sobre-pele-oleosa-e-o-que-voce-precisa-saber-mulher-jovem-aplicando-hidratante-em-gel-no-rosto-em-frente-768x432.jpg 768w, https:\/\/www.em.com.br\/emfoco\/wp-content\/uploads\/2026\/04\/mitos-sobre-pele-oleosa-e-o-que-voce-precisa-saber-mulher-jovem-aplicando-hidratante-em-gel-no-rosto-em-frente-750x422.jpg 750w, https:\/\/www.em.com.br\/emfoco\/wp-content\/uploads\/2026\/04\/mitos-sobre-pele-oleosa-e-o-que-voce-precisa-saber-mulher-jovem-aplicando-hidratante-em-gel-no-rosto-em-frente-1140x641.jpg 1140w, https:\/\/www.em.com.br\/emfoco\/wp-content\/uploads\/2026\/04\/mitos-sobre-pele-oleosa-e-o-que-voce-precisa-saber-mulher-jovem-aplicando-hidratante-em-gel-no-rosto-em-frente.jpg 1280w\" sizes=\"auto, (max-width: 1024px) 100vw, 1024px\" \/><figcaption class=\"wp-element-caption\">A oleosidade pode aumentar quando a pele est\u00e1 sensibilizada, desidratada ou limpa em excesso<\/figcaption><\/figure>\n\n\n\n<h2 class=\"wp-block-heading\">Quais s\u00e3o as implica\u00e7\u00f5es da pele oleosa?<\/h2>\n\n\n\n<p>Embora a pele oleosa tenha algumas vantagens, como um envelhecimento mais lento, ela tamb\u00e9m traz desafios. A oleosidade pode resultar em acne e problemas dermatol\u00f3gicos, que impactam a autoestima e a beleza. Consequentemente, manter uma rotina adequada de cuidados \u00e9 essencial para evitar complica\u00e7\u00f5es.<\/p>\n\n\n\n<h2 class=\"wp-block-heading\">Quais cuidados s\u00e3o essenciais para a pele oleosa?<\/h2>\n\n\n\n<p>Adotar uma rotina de cuidados com a pele pode ajudar a minimizar a produ\u00e7\u00e3o de sebo e prevenir acne. \u00c9 importante incluir os seguintes passos:<\/p>\n\n\n\n<ul class=\"wp-block-list\">\n<li>Limpeza: Use um sabonete facial espec\u00edfico para pele , de <a href=\"https:\/\/www.em.com.br\/emfoco\/2026\/04\/26\/7-palmeiras-para-pequenos-espacos-que-trazem-beleza-leveza-e-proporcao-ao-ambiente\/\" target=\"_blank\" rel=\"noreferrer noopener\">prefer\u00eancia <\/a>com \u00e1cido salic\u00edlico ou outros ingredientes que controlam a oleosidade.<\/li>\n\n\n\n<li>Esfolia\u00e7\u00e3o: Realize a esfolia\u00e7\u00e3o uma ou duas vezes por semana para remover c\u00e9lulas mortas e prevenir a obstru\u00e7\u00e3o dos poros.<\/li>\n\n\n\n<li>Hidrata\u00e7\u00e3o: Escolha um hidratante oil-free para garantir a hidrata\u00e7\u00e3o sem aumentar a oleosidade.<\/li>\n\n\n\n<li>Protetor solar: Utilize protetor solar n\u00e3o comedog\u00eanico, essencial para proteger a pele sem entupir os poros.<\/li>\n<\/ul>\n\n\n\n<p>Conte\u00fado do canal <strong>Sem Filtro | Borchardt<\/strong>, com mais de 560 mil de inscritos e cerca de 11 mil de visualiza\u00e7\u00f5es:<\/p>\n\n\n\n<figure class=\"wp-block-embed is-type-video is-provider-youtube wp-block-embed-youtube wp-embed-aspect-16-9 wp-has-aspect-ratio\"><div class=\"wp-block-embed__wrapper\">\n<div class=\"jeg_video_container jeg_video_content\"><iframe loading=\"lazy\" title=\"Pele Oleosa N\u00e3o Existe\" width=\"500\" height=\"281\" src=\"https:\/\/www.youtube.com\/embed\/4_cTUGjMUdI?feature=oembed\" frameborder=\"0\" allow=\"accelerometer; autoplay; clipboard-write; encrypted-media; gyroscope; picture-in-picture; web-share\" referrerpolicy=\"strict-origin-when-cross-origin\" allowfullscreen><\/iframe><\/div>\n<\/div><\/figure>\n\n\n\n<h2 class=\"wp-block-heading\">Quais s\u00e3o os mitos comuns sobre a pele?<\/h2>\n\n\n\n<p>Existem muitos mitos sobre a pele oleosa que podem confundir os cuidados adequados. Vamos esclarecer alguns deles:<\/p>\n\n\n\n<ul class=\"wp-block-list\">\n<li>\u201cPele oleosa n\u00e3o precisa de hidrata\u00e7\u00e3o\u201d: Isso \u00e9 um equ\u00edvoco. Mesmo pele necessita de <a href=\"https:\/\/www.gov.br\/hubrasil\/pt-br\/hospitais-universitarios\/regiao-nordeste\/huol-ufrn\/saude\/coronavirus-covid-19\/cartilha-dicas-de-saude\/cuidados-com-a-pele-no-verao-1-compactado.pdf\" target=\"_blank\" rel=\"noreferrer noopener\">hidrata\u00e7\u00e3o <\/a>adequada.<\/li>\n\n\n\n<li>\u201cUsar produtos adstringentes em excesso ajuda\u201d: Na verdade, o uso excessivo pode irritar a pele e aumentar a produ\u00e7\u00e3o de sebo.<\/li>\n\n\n\n<li>\u201cSomente adolescentes t\u00eam pele oleosa\u201d: Embora seja comum na adolesc\u00eancia, a pele  pode afetar adultos tamb\u00e9m.<\/li>\n<\/ul>\n\n\n\n<h2 class=\"wp-block-heading\">Como montar uma rotina de cuidados eficaz?<\/h2>\n\n\n\n<p>Uma rotina de cuidados precisa ser simples e constante. O ideal \u00e9 us\u00e1-la em dois momentos: pela manh\u00e3 e \u00e0 noite. Considere as seguintes dicas para efic\u00e1cia:<\/p>\n\n\n\n<ul class=\"wp-block-list\">\n<li>Considere consultar um dermatologista para personalizar sua rotina.<\/li>\n\n\n\n<li>Teste novos produtos em pequenas \u00e1reas antes de usar em todo o rosto.<\/li>\n\n\n\n<li>Mantenha sua rotina mesmo em dias mais corridos; isso ajuda na disciplina dos cuidados.<\/li>\n<\/ul>\n\n\n\n<p>O cuidado com a pele oleosa requer aten\u00e7\u00e3o e persist\u00eancia. Entender suas caracter\u00edsticas e desmistificar informa\u00e7\u00f5es erradas ajuda no acompanhamento e controle da oleosidade. Com uma rotina adequada, a pele pode manter sua beleza e sa\u00fade ao longo do tempo.<\/p>\n","protected":false},"excerpt":{"rendered":"<p>Cerca de 60% da popula\u00e7\u00e3o brasileira apresenta pele oleosa em algum grau \u2014 pesquisa da Sociedade Brasileira de Dermatologia. E os cuidados certos podem fazer toda a diferen\u00e7a na apar\u00eancia e sa\u00fade da pele. Aqui, vamos desvendar os cuidados que voc\u00ea deve ter e alguns mitos que cercam a pele oleosa. Quais s\u00e3o as caracter\u00edsticas [&hellip;]<\/p>\n","protected":false},"author":15,"featured_media":201576,"comment_status":"open","ping_status":"open","sticky":false,"template":"","format":"standard","meta":{"jnews-multi-image_gallery":[],"jnews_single_post":{"format":"standard"},"jnews_primary_category":[],"jnews_social_meta":[],"jnews_override_counter":[],"footnotes":""},"categories":[8819],"tags":[711,12306,415],"class_list":["post-200416","post","type-post","status-publish","format-standard","has-post-thumbnail","hentry","category-curiosidades","tag-bem-estar","tag-pele-2","tag-saude"],"yoast_head":"<!-- This site is optimized with the Yoast SEO plugin v23.8 - https:\/\/yoast.com\/wordpress\/plugins\/seo\/ -->\n<title>Pele oleosa n\u00e3o \u00e9 o problema que muita gente imagina e pode revelar outro desequil\u00edbrio - Estado de Minas - Em foco<\/title>\n<meta name=\"description\" content=\"Pele oleosa pode n\u00e3o ser apenas excesso de brilho, mas um sinal de desequil\u00edbrio, limpeza agressiva e barreira cut\u00e2nea pedindo mais cuidado.\" \/>\n<meta name=\"robots\" content=\"index, follow, max-snippet:-1, max-image-preview:large, max-video-preview:-1\" \/>\n<link rel=\"canonical\" href=\"https:\/\/www.em.com.br\/emfoco\/2026\/04\/30\/pele-oleosa-nao-e-o-problema-que-muita-gente-imagina-e-pode-revelar-outro-desequilibrio\/\" \/>\n<meta property=\"og:locale\" content=\"pt_BR\" \/>\n<meta property=\"og:type\" content=\"article\" \/>\n<meta property=\"og:title\" content=\"Pele oleosa n\u00e3o \u00e9 o problema que muita gente imagina e pode revelar outro desequil\u00edbrio - Estado de Minas - Em foco\" \/>\n<meta property=\"og:description\" content=\"Pele oleosa pode n\u00e3o ser apenas excesso de brilho, mas um sinal de desequil\u00edbrio, limpeza agressiva e barreira cut\u00e2nea pedindo mais cuidado.\" \/>\n<meta property=\"og:url\" content=\"https:\/\/www.em.com.br\/emfoco\/2026\/04\/30\/pele-oleosa-nao-e-o-problema-que-muita-gente-imagina-e-pode-revelar-outro-desequilibrio\/\" \/>\n<meta property=\"og:site_name\" content=\"Estado de Minas - Em foco\" \/>\n<meta property=\"article:published_time\" content=\"2026-04-30T19:25:00+00:00\" \/>\n<meta property=\"article:modified_time\" content=\"2026-04-29T19:27:51+00:00\" \/>\n<meta property=\"og:image\" content=\"https:\/\/www.em.com.br\/emfoco\/wp-content\/uploads\/2026\/04\/EmFoco_05-12.jpg\" \/>\n\t<meta property=\"og:image:width\" content=\"1280\" \/>\n\t<meta property=\"og:image:height\" content=\"720\" \/>\n\t<meta property=\"og:image:type\" content=\"image\/jpeg\" \/>\n<meta name=\"author\" content=\"Douglas Myth\" \/>\n<meta name=\"twitter:card\" content=\"summary_large_image\" \/>\n<meta name=\"twitter:label1\" content=\"Escrito por\" \/>\n\t<meta name=\"twitter:data1\" content=\"Douglas Myth\" \/>\n\t<meta name=\"twitter:label2\" content=\"Est. tempo de leitura\" \/>\n\t<meta name=\"twitter:data2\" content=\"4 minutos\" \/>\n<!-- \/ Yoast SEO plugin. -->","yoast_head_json":{"title":"Pele oleosa n\u00e3o \u00e9 o problema que muita gente imagina e pode revelar outro desequil\u00edbrio - Estado de Minas - Em foco","description":"Pele oleosa pode n\u00e3o ser apenas excesso de brilho, mas um sinal de desequil\u00edbrio, limpeza agressiva e barreira cut\u00e2nea pedindo mais cuidado.","robots":{"index":"index","follow":"follow","max-snippet":"max-snippet:-1","max-image-preview":"max-image-preview:large","max-video-preview":"max-video-preview:-1"},"canonical":"https:\/\/www.em.com.br\/emfoco\/2026\/04\/30\/pele-oleosa-nao-e-o-problema-que-muita-gente-imagina-e-pode-revelar-outro-desequilibrio\/","og_locale":"pt_BR","og_type":"article","og_title":"Pele oleosa n\u00e3o \u00e9 o problema que muita gente imagina e pode revelar outro desequil\u00edbrio - Estado de Minas - Em foco","og_description":"Pele oleosa pode n\u00e3o ser apenas excesso de brilho, mas um sinal de desequil\u00edbrio, limpeza agressiva e barreira cut\u00e2nea pedindo mais cuidado.","og_url":"https:\/\/www.em.com.br\/emfoco\/2026\/04\/30\/pele-oleosa-nao-e-o-problema-que-muita-gente-imagina-e-pode-revelar-outro-desequilibrio\/","og_site_name":"Estado de Minas - Em foco","article_published_time":"2026-04-30T19:25:00+00:00","article_modified_time":"2026-04-29T19:27:51+00:00","og_image":[{"width":1280,"height":720,"url":"https:\/\/www.em.com.br\/emfoco\/wp-content\/uploads\/2026\/04\/EmFoco_05-12.jpg","type":"image\/jpeg"}],"author":"Douglas Myth","twitter_card":"summary_large_image","twitter_misc":{"Escrito por":"Douglas Myth","Est. tempo de leitura":"4 minutos"},"schema":{"@context":"https:\/\/schema.org","@graph":[{"@type":"WebPage","@id":"https:\/\/www.em.com.br\/emfoco\/2026\/04\/30\/pele-oleosa-nao-e-o-problema-que-muita-gente-imagina-e-pode-revelar-outro-desequilibrio\/","url":"https:\/\/www.em.com.br\/emfoco\/2026\/04\/30\/pele-oleosa-nao-e-o-problema-que-muita-gente-imagina-e-pode-revelar-outro-desequilibrio\/","name":"Pele oleosa n\u00e3o \u00e9 o problema que muita gente imagina e pode revelar outro desequil\u00edbrio - Estado de Minas - Em foco","isPartOf":{"@id":"https:\/\/www.em.com.br\/emfoco\/#website"},"primaryImageOfPage":{"@id":"https:\/\/www.em.com.br\/emfoco\/2026\/04\/30\/pele-oleosa-nao-e-o-problema-que-muita-gente-imagina-e-pode-revelar-outro-desequilibrio\/#primaryimage"},"image":{"@id":"https:\/\/www.em.com.br\/emfoco\/2026\/04\/30\/pele-oleosa-nao-e-o-problema-que-muita-gente-imagina-e-pode-revelar-outro-desequilibrio\/#primaryimage"},"thumbnailUrl":"https:\/\/www.em.com.br\/emfoco\/wp-content\/uploads\/2026\/04\/EmFoco_05-12.jpg","datePublished":"2026-04-30T19:25:00+00:00","dateModified":"2026-04-29T19:27:51+00:00","author":{"@id":"https:\/\/www.em.com.br\/emfoco\/#\/schema\/person\/bba594b7eebe9b9885fec3a5c7837089"},"description":"Pele oleosa pode n\u00e3o ser apenas excesso de brilho, mas um sinal de desequil\u00edbrio, limpeza agressiva e barreira cut\u00e2nea pedindo mais cuidado.","breadcrumb":{"@id":"https:\/\/www.em.com.br\/emfoco\/2026\/04\/30\/pele-oleosa-nao-e-o-problema-que-muita-gente-imagina-e-pode-revelar-outro-desequilibrio\/#breadcrumb"},"inLanguage":"pt-BR","potentialAction":[{"@type":"ReadAction","target":["https:\/\/www.em.com.br\/emfoco\/2026\/04\/30\/pele-oleosa-nao-e-o-problema-que-muita-gente-imagina-e-pode-revelar-outro-desequilibrio\/"]}]},{"@type":"ImageObject","inLanguage":"pt-BR","@id":"https:\/\/www.em.com.br\/emfoco\/2026\/04\/30\/pele-oleosa-nao-e-o-problema-que-muita-gente-imagina-e-pode-revelar-outro-desequilibrio\/#primaryimage","url":"https:\/\/www.em.com.br\/emfoco\/wp-content\/uploads\/2026\/04\/EmFoco_05-12.jpg","contentUrl":"https:\/\/www.em.com.br\/emfoco\/wp-content\/uploads\/2026\/04\/EmFoco_05-12.jpg","width":1280,"height":720,"caption":"Rotina de cuidados espec\u00edficos controla a oleosidade e mant\u00e9m a pele saud\u00e1vel"},{"@type":"BreadcrumbList","@id":"https:\/\/www.em.com.br\/emfoco\/2026\/04\/30\/pele-oleosa-nao-e-o-problema-que-muita-gente-imagina-e-pode-revelar-outro-desequilibrio\/#breadcrumb","itemListElement":[{"@type":"ListItem","position":1,"name":"In\u00edcio","item":"https:\/\/www.em.com.br\/emfoco\/"},{"@type":"ListItem","position":2,"name":"Pele oleosa n\u00e3o \u00e9 o problema que muita gente imagina e pode revelar outro desequil\u00edbrio"}]},{"@type":"WebSite","@id":"https:\/\/www.em.com.br\/emfoco\/#website","url":"https:\/\/www.em.com.br\/emfoco\/","name":"Estado de Minas - Em foco","description":"Acompanhe as \u00faltimas not\u00edcias e fique bem informado sobre tudo o que acontece em Minas Gerais, Brasil e no mundo.","potentialAction":[{"@type":"SearchAction","target":{"@type":"EntryPoint","urlTemplate":"https:\/\/www.em.com.br\/emfoco\/?s={search_term_string}"},"query-input":{"@type":"PropertyValueSpecification","valueRequired":true,"valueName":"search_term_string"}}],"inLanguage":"pt-BR"},{"@type":"Person","@id":"https:\/\/www.em.com.br\/emfoco\/#\/schema\/person\/bba594b7eebe9b9885fec3a5c7837089","name":"Douglas Myth","image":{"@type":"ImageObject","inLanguage":"pt-BR","@id":"https:\/\/www.em.com.br\/emfoco\/#\/schema\/person\/image\/","url":"https:\/\/secure.gravatar.com\/avatar\/1ac3cf50d0e68642c697dc0c960c802f?s=96&d=mm&r=g","contentUrl":"https:\/\/secure.gravatar.com\/avatar\/1ac3cf50d0e68642c697dc0c960c802f?s=96&d=mm&r=g","caption":"Douglas Myth"},"url":"https:\/\/www.em.com.br\/emfoco\/author\/douglasmyth\/"}]}},"_links":{"self":[{"href":"https:\/\/www.em.com.br\/emfoco\/wp-json\/wp\/v2\/posts\/200416","targetHints":{"allow":["GET"]}}],"collection":[{"href":"https:\/\/www.em.com.br\/emfoco\/wp-json\/wp\/v2\/posts"}],"about":[{"href":"https:\/\/www.em.com.br\/emfoco\/wp-json\/wp\/v2\/types\/post"}],"author":[{"embeddable":true,"href":"https:\/\/www.em.com.br\/emfoco\/wp-json\/wp\/v2\/users\/15"}],"replies":[{"embeddable":true,"href":"https:\/\/www.em.com.br\/emfoco\/wp-json\/wp\/v2\/comments?post=200416"}],"version-history":[{"count":2,"href":"https:\/\/www.em.com.br\/emfoco\/wp-json\/wp\/v2\/posts\/200416\/revisions"}],"predecessor-version":[{"id":200422,"href":"https:\/\/www.em.com.br\/emfoco\/wp-json\/wp\/v2\/posts\/200416\/revisions\/200422"}],"wp:featuredmedia":[{"embeddable":true,"href":"https:\/\/www.em.com.br\/emfoco\/wp-json\/wp\/v2\/media\/201576"}],"wp:attachment":[{"href":"https:\/\/www.em.com.br\/emfoco\/wp-json\/wp\/v2\/media?parent=200416"}],"wp:term":[{"taxonomy":"category","embeddable":true,"href":"https:\/\/www.em.com.br\/emfoco\/wp-json\/wp\/v2\/categories?post=200416"},{"taxonomy":"post_tag","embeddable":true,"href":"https:\/\/www.em.com.br\/emfoco\/wp-json\/wp\/v2\/tags?post=200416"}],"curies":[{"name":"wp","href":"https:\/\/api.w.org\/{rel}","templated":true}]}}