{"id":200408,"date":"2026-04-30T14:15:00","date_gmt":"2026-04-30T17:15:00","guid":{"rendered":"https:\/\/www.em.com.br\/emfoco\/?p=200408"},"modified":"2026-04-29T16:27:42","modified_gmt":"2026-04-29T19:27:42","slug":"ervas-daninhas-que-se-tornaram-as-melhores-aliadas-do-seu-jardim","status":"publish","type":"post","link":"https:\/\/www.em.com.br\/emfoco\/2026\/04\/30\/ervas-daninhas-que-se-tornaram-as-melhores-aliadas-do-seu-jardim\/","title":{"rendered":"Ervas daninhas que se tornaram as melhores aliadas do seu jardim"},"content":{"rendered":"\n<p>Voc\u00ea sabia que algumas ervas daninhas podem servir de aliadas no seu jardim? Embora muitas vezes sejam desprezadas, essas plantas t\u00eam valor significativo e podem contribuir para um cultivo sustent\u00e1vel. Neste artigo, vamos te apresentar ervas daninhas valiosas que podem ser extremamente \u00fateis.<\/p>\n\n\n\n<h2 class=\"wp-block-heading\">Quais s\u00e3o as ervas daninhas valiosas para o seu jardim?<\/h2>\n\n\n\n<p>Ervas daninhas valiosas s\u00e3o aquelas que, mesmo sendo classificadas como indesejadas, oferecem benef\u00edcios para o cultivo. Algumas delas s\u00e3o ricas em nutrientes, atraem polinizadores e podem at\u00e9 mesmo ajudar a <a href=\"https:\/\/www.em.com.br\/emfoco\/2026\/04\/26\/o-tunel-subterraneo-que-pode-reduzir-o-calor-da-casa-usando-a-temperatura-estavel-do-solo\/\" target=\"_blank\" rel=\"noreferrer noopener\">controlar <\/a>pragas. Veja abaixo algumas delas:<\/p>\n\n\n\n<ul class=\"wp-block-list\">\n<li><strong>Caruru:<\/strong> Essa planta \u00e9 rica em magn\u00e9sio e possui alto valor nutricional, podendo ser consumida em saladas e refogados.<\/li>\n\n\n\n<li><strong>Beldroega:<\/strong> Al\u00e9m de saborosa, essa erva \u00e9 rica em \u00f4mega 3 e pode ser facilmente incorporada em pratos variados.<\/li>\n\n\n\n<li><strong>Tanaceto:<\/strong> Conhecida por suas propriedades medicinais, \u00e9 excelente para repelir insetos do jardim.<\/li>\n\n\n\n<li><strong>Salsa-Crespa:<\/strong> Al\u00e9m de ser um tempero popular, essa planta ajuda na aera\u00e7\u00e3o do solo e sua presen\u00e7a favorece o crescimento de outras plantas.<\/li>\n<\/ul>\n\n\n\n<figure class=\"wp-block-image size-large\"><img loading=\"lazy\" decoding=\"async\" width=\"1024\" height=\"576\" src=\"https:\/\/www.em.com.br\/emfoco\/wp-content\/uploads\/2026\/04\/ervas-daninhas-valiosas-jardim-pessoa-colhendo-plantas-comestiveis-silvestres-em-um-ambient-1024x576.jpg\" alt=\"Ervas daninhas que se tornaram as melhores aliadas do seu jardim\" class=\"wp-image-200412\" srcset=\"https:\/\/www.em.com.br\/emfoco\/wp-content\/uploads\/2026\/04\/ervas-daninhas-valiosas-jardim-pessoa-colhendo-plantas-comestiveis-silvestres-em-um-ambient-1024x576.jpg 1024w, https:\/\/www.em.com.br\/emfoco\/wp-content\/uploads\/2026\/04\/ervas-daninhas-valiosas-jardim-pessoa-colhendo-plantas-comestiveis-silvestres-em-um-ambient-300x169.jpg 300w, https:\/\/www.em.com.br\/emfoco\/wp-content\/uploads\/2026\/04\/ervas-daninhas-valiosas-jardim-pessoa-colhendo-plantas-comestiveis-silvestres-em-um-ambient-768x432.jpg 768w, https:\/\/www.em.com.br\/emfoco\/wp-content\/uploads\/2026\/04\/ervas-daninhas-valiosas-jardim-pessoa-colhendo-plantas-comestiveis-silvestres-em-um-ambient-750x422.jpg 750w, https:\/\/www.em.com.br\/emfoco\/wp-content\/uploads\/2026\/04\/ervas-daninhas-valiosas-jardim-pessoa-colhendo-plantas-comestiveis-silvestres-em-um-ambient-1140x641.jpg 1140w, https:\/\/www.em.com.br\/emfoco\/wp-content\/uploads\/2026\/04\/ervas-daninhas-valiosas-jardim-pessoa-colhendo-plantas-comestiveis-silvestres-em-um-ambient.jpg 1280w\" sizes=\"auto, (max-width: 1024px) 100vw, 1024px\" \/><figcaption class=\"wp-element-caption\">Algumas plantas espont\u00e2neas ajudam o solo, atraem insetos \u00fateis e revelam sinais importantes do jardim<\/figcaption><\/figure>\n\n\n\n<h2 class=\"wp-block-heading\">Como as ervas daninhas podem beneficiar seu cultivo sustent\u00e1vel?<\/h2>\n\n\n\n<p>Utilizar ervas daninhas em seu jardim traz diversos benef\u00edcios. Elas podem servir como cobertura do solo, ajudar na reten\u00e7\u00e3o de umidade, e at\u00e9 mesmo melhorar a qualidade do solo. Al\u00e9m disso, ao permitir que algumas ervas cres\u00e7am, voc\u00ea diversifica seu ecossistema local.<\/p>\n\n\n\n<p>Essas plantas contribuem para um cultivo sustent\u00e1vel de v\u00e1rias maneiras:<\/p>\n\n\n\n<ul class=\"wp-block-list\">\n<li>Redu\u00e7\u00e3o da eros\u00e3o do solo;<\/li>\n\n\n\n<li>Aumento da biodiversidade;<\/li>\n\n\n\n<li>Controle natural de pragas;<\/li>\n\n\n\n<li>Fornecimento de nutrientes ao solo.<\/li>\n<\/ul>\n\n\n\n<h2 class=\"wp-block-heading\">Quais cuidados ter ao cultivar ervas?<\/h2>\n\n\n\n<p>Embora sejam ben\u00e9ficas, \u00e9 importante controlar o crescimento das ervas dentro do seu jardim. O ideal \u00e9 monitorar para que elas n\u00e3o se tornem invasivas e comprometam o crescimento das <a href=\"https:\/\/www.em.com.br\/emfoco\/2026\/04\/26\/7-palmeiras-para-pequenos-espacos-que-trazem-beleza-leveza-e-proporcao-ao-ambiente\/\" target=\"_blank\" rel=\"noreferrer noopener\">plantas <\/a>desejadas.<\/p>\n\n\n\n<p>Algumas dicas para manejar essas ervas incluem:<\/p>\n\n\n\n<ul class=\"wp-block-list\">\n<li>Realizar a colheita regular para evitar que elas se espalhem demais;<\/li>\n\n\n\n<li>Combinar plantas desejadas com ervas daninhas para garantir uma boa conviv\u00eancia;<\/li>\n\n\n\n<li>Fazer verifica\u00e7\u00f5es peri\u00f3dicas para que o ambiente do jardim continue equilibrado.<\/li>\n<\/ul>\n\n\n\n<p>Conte\u00fado do canal <strong>Ser Sustent\u00e1vel &#8211; Horta no Quintal<\/strong>, com mais de 440 mil de inscritos e cerca de 233 mil de visualiza\u00e7\u00f5es:<\/p>\n\n\n\n<figure class=\"wp-block-embed is-type-video is-provider-youtube wp-block-embed-youtube wp-embed-aspect-16-9 wp-has-aspect-ratio\"><div class=\"wp-block-embed__wrapper\">\n<div class=\"jeg_video_container jeg_video_content\"><iframe loading=\"lazy\" title=\"10 Plantas Medicinais Essenciais para Ter em Casa\" width=\"500\" height=\"281\" src=\"https:\/\/www.youtube.com\/embed\/bplMGAY6D2E?feature=oembed\" frameborder=\"0\" allow=\"accelerometer; autoplay; clipboard-write; encrypted-media; gyroscope; picture-in-picture; web-share\" referrerpolicy=\"strict-origin-when-cross-origin\" allowfullscreen><\/iframe><\/div>\n<\/div><\/figure>\n\n\n\n<h2 class=\"wp-block-heading\">Ervas daninhas como fonte de nutrientes<\/h2>\n\n\n\n<p>Muitas ervas daninhas s\u00e3o mais nutritivas do que alguns vegetais cultivados. Por exemplo, a beldroega cont\u00e9m mais vitamina C do que o alface e, ainda, \u00e9 uma \u00f3tima fonte de antioxidantes. Isso torna essas plantas uma excelente op\u00e7\u00e3o para quem busca uma alimenta\u00e7\u00e3o saud\u00e1vel e diversificada.<\/p>\n\n\n\n<p>Ao incluir ervas daninhas valiosas na sua dieta, voc\u00ea n\u00e3o s\u00f3 aproveita seus <a href=\"https:\/\/www.embrapa.br\/busca-de-publicacoes\/-\/publicacao\/1080482\/plantas-medicinais\" target=\"_blank\" rel=\"noreferrer noopener\">nutrientes<\/a>, mas tamb\u00e9m contribui para um cultivo mais sustent\u00e1vel, utilizando plantas que crescem naturalmente na sua regi\u00e3o.<\/p>\n\n\n\n<h2 class=\"wp-block-heading\">Qual \u00e9 o futuro das daninhas no cultivo sustent\u00e1vel?<\/h2>\n\n\n\n<p>O uso de ervas daninhas valiosas apresenta uma tend\u00eancia crescente na agricultura e jardinagem sustent\u00e1vel. H\u00e1 um reconhecimento cada vez maior sobre a import\u00e2ncia da biodiversidade nas pr\u00e1ticas agr\u00edcolas e como essas ervas podem trazer benef\u00edcios tanto econ\u00f4micos quanto ambientais.<\/p>\n\n\n\n<p>\u00c0 medida que a agricultura sustent\u00e1vel se torna uma prioridade, a integra\u00e7\u00e3o de ervas valiosas nos sistemas de cultivo pode ser uma solu\u00e7\u00e3o promissora. E voc\u00ea pode fazer parte dessa mudan\u00e7a ao valorizar a diversidade em seu pr\u00f3prio jardim.<\/p>\n","protected":false},"excerpt":{"rendered":"<p>Voc\u00ea sabia que algumas ervas daninhas podem servir de aliadas no seu jardim? Embora muitas vezes sejam desprezadas, essas plantas t\u00eam valor significativo e podem contribuir para um cultivo sustent\u00e1vel. Neste artigo, vamos te apresentar ervas daninhas valiosas que podem ser extremamente \u00fateis. Quais s\u00e3o as ervas daninhas valiosas para o seu jardim? Ervas daninhas [&hellip;]<\/p>\n","protected":false},"author":15,"featured_media":201577,"comment_status":"open","ping_status":"open","sticky":false,"template":"","format":"standard","meta":{"jnews-multi-image_gallery":[],"jnews_single_post":{"format":"standard"},"jnews_primary_category":[],"jnews_social_meta":[],"jnews_override_counter":[],"footnotes":""},"categories":[8819],"tags":[7989,3358,3324],"class_list":["post-200408","post","type-post","status-publish","format-standard","has-post-thumbnail","hentry","category-curiosidades","tag-ervas-medicinais","tag-jardinagem","tag-plantas"],"yoast_head":"<!-- This site is optimized with the Yoast SEO plugin v23.8 - https:\/\/yoast.com\/wordpress\/plugins\/seo\/ -->\n<title>Ervas daninhas que se tornaram as melhores aliadas do seu jardim - Estado de Minas - Em foco<\/title>\n<meta name=\"description\" content=\"Algumas ervas daninhas podem ajudar o solo, atrair polinizadores e revelar sinais importantes do quintal antes de serem arrancadas\" \/>\n<meta name=\"robots\" content=\"index, follow, max-snippet:-1, max-image-preview:large, max-video-preview:-1\" \/>\n<link rel=\"canonical\" href=\"https:\/\/www.em.com.br\/emfoco\/2026\/04\/30\/ervas-daninhas-que-se-tornaram-as-melhores-aliadas-do-seu-jardim\/\" \/>\n<meta property=\"og:locale\" content=\"pt_BR\" \/>\n<meta property=\"og:type\" content=\"article\" \/>\n<meta property=\"og:title\" content=\"Ervas daninhas que se tornaram as melhores aliadas do seu jardim - Estado de Minas - Em foco\" \/>\n<meta property=\"og:description\" content=\"Algumas ervas daninhas podem ajudar o solo, atrair polinizadores e revelar sinais importantes do quintal antes de serem arrancadas\" \/>\n<meta property=\"og:url\" content=\"https:\/\/www.em.com.br\/emfoco\/2026\/04\/30\/ervas-daninhas-que-se-tornaram-as-melhores-aliadas-do-seu-jardim\/\" \/>\n<meta property=\"og:site_name\" content=\"Estado de Minas - Em foco\" \/>\n<meta property=\"article:published_time\" content=\"2026-04-30T17:15:00+00:00\" \/>\n<meta property=\"article:modified_time\" content=\"2026-04-29T19:27:42+00:00\" \/>\n<meta property=\"og:image\" content=\"https:\/\/www.em.com.br\/emfoco\/wp-content\/uploads\/2026\/04\/EmFoco_04-12.jpg\" \/>\n\t<meta property=\"og:image:width\" content=\"1280\" \/>\n\t<meta property=\"og:image:height\" content=\"720\" \/>\n\t<meta property=\"og:image:type\" content=\"image\/jpeg\" \/>\n<meta name=\"author\" content=\"Douglas Myth\" \/>\n<meta name=\"twitter:card\" content=\"summary_large_image\" \/>\n<meta name=\"twitter:label1\" content=\"Escrito por\" \/>\n\t<meta name=\"twitter:data1\" content=\"Douglas Myth\" \/>\n\t<meta name=\"twitter:label2\" content=\"Est. tempo de leitura\" \/>\n\t<meta name=\"twitter:data2\" content=\"4 minutos\" \/>\n<!-- \/ Yoast SEO plugin. -->","yoast_head_json":{"title":"Ervas daninhas que se tornaram as melhores aliadas do seu jardim - Estado de Minas - Em foco","description":"Algumas ervas daninhas podem ajudar o solo, atrair polinizadores e revelar sinais importantes do quintal antes de serem arrancadas","robots":{"index":"index","follow":"follow","max-snippet":"max-snippet:-1","max-image-preview":"max-image-preview:large","max-video-preview":"max-video-preview:-1"},"canonical":"https:\/\/www.em.com.br\/emfoco\/2026\/04\/30\/ervas-daninhas-que-se-tornaram-as-melhores-aliadas-do-seu-jardim\/","og_locale":"pt_BR","og_type":"article","og_title":"Ervas daninhas que se tornaram as melhores aliadas do seu jardim - Estado de Minas - Em foco","og_description":"Algumas ervas daninhas podem ajudar o solo, atrair polinizadores e revelar sinais importantes do quintal antes de serem arrancadas","og_url":"https:\/\/www.em.com.br\/emfoco\/2026\/04\/30\/ervas-daninhas-que-se-tornaram-as-melhores-aliadas-do-seu-jardim\/","og_site_name":"Estado de Minas - Em foco","article_published_time":"2026-04-30T17:15:00+00:00","article_modified_time":"2026-04-29T19:27:42+00:00","og_image":[{"width":1280,"height":720,"url":"https:\/\/www.em.com.br\/emfoco\/wp-content\/uploads\/2026\/04\/EmFoco_04-12.jpg","type":"image\/jpeg"}],"author":"Douglas Myth","twitter_card":"summary_large_image","twitter_misc":{"Escrito por":"Douglas Myth","Est. tempo de leitura":"4 minutos"},"schema":{"@context":"https:\/\/schema.org","@graph":[{"@type":"WebPage","@id":"https:\/\/www.em.com.br\/emfoco\/2026\/04\/30\/ervas-daninhas-que-se-tornaram-as-melhores-aliadas-do-seu-jardim\/","url":"https:\/\/www.em.com.br\/emfoco\/2026\/04\/30\/ervas-daninhas-que-se-tornaram-as-melhores-aliadas-do-seu-jardim\/","name":"Ervas daninhas que se tornaram as melhores aliadas do seu jardim - Estado de Minas - Em foco","isPartOf":{"@id":"https:\/\/www.em.com.br\/emfoco\/#website"},"primaryImageOfPage":{"@id":"https:\/\/www.em.com.br\/emfoco\/2026\/04\/30\/ervas-daninhas-que-se-tornaram-as-melhores-aliadas-do-seu-jardim\/#primaryimage"},"image":{"@id":"https:\/\/www.em.com.br\/emfoco\/2026\/04\/30\/ervas-daninhas-que-se-tornaram-as-melhores-aliadas-do-seu-jardim\/#primaryimage"},"thumbnailUrl":"https:\/\/www.em.com.br\/emfoco\/wp-content\/uploads\/2026\/04\/EmFoco_04-12.jpg","datePublished":"2026-04-30T17:15:00+00:00","dateModified":"2026-04-29T19:27:42+00:00","author":{"@id":"https:\/\/www.em.com.br\/emfoco\/#\/schema\/person\/bba594b7eebe9b9885fec3a5c7837089"},"description":"Algumas ervas daninhas podem ajudar o solo, atrair polinizadores e revelar sinais importantes do quintal antes de serem arrancadas","breadcrumb":{"@id":"https:\/\/www.em.com.br\/emfoco\/2026\/04\/30\/ervas-daninhas-que-se-tornaram-as-melhores-aliadas-do-seu-jardim\/#breadcrumb"},"inLanguage":"pt-BR","potentialAction":[{"@type":"ReadAction","target":["https:\/\/www.em.com.br\/emfoco\/2026\/04\/30\/ervas-daninhas-que-se-tornaram-as-melhores-aliadas-do-seu-jardim\/"]}]},{"@type":"ImageObject","inLanguage":"pt-BR","@id":"https:\/\/www.em.com.br\/emfoco\/2026\/04\/30\/ervas-daninhas-que-se-tornaram-as-melhores-aliadas-do-seu-jardim\/#primaryimage","url":"https:\/\/www.em.com.br\/emfoco\/wp-content\/uploads\/2026\/04\/EmFoco_04-12.jpg","contentUrl":"https:\/\/www.em.com.br\/emfoco\/wp-content\/uploads\/2026\/04\/EmFoco_04-12.jpg","width":1280,"height":720,"caption":"Plantas espont\u00e2neas enriquecem o solo e contribuem para um cultivo mais sustent\u00e1vel"},{"@type":"BreadcrumbList","@id":"https:\/\/www.em.com.br\/emfoco\/2026\/04\/30\/ervas-daninhas-que-se-tornaram-as-melhores-aliadas-do-seu-jardim\/#breadcrumb","itemListElement":[{"@type":"ListItem","position":1,"name":"In\u00edcio","item":"https:\/\/www.em.com.br\/emfoco\/"},{"@type":"ListItem","position":2,"name":"Ervas daninhas que se tornaram as melhores aliadas do seu jardim"}]},{"@type":"WebSite","@id":"https:\/\/www.em.com.br\/emfoco\/#website","url":"https:\/\/www.em.com.br\/emfoco\/","name":"Estado de Minas - Em foco","description":"Acompanhe as \u00faltimas not\u00edcias e fique bem informado sobre tudo o que acontece em Minas Gerais, Brasil e no mundo.","potentialAction":[{"@type":"SearchAction","target":{"@type":"EntryPoint","urlTemplate":"https:\/\/www.em.com.br\/emfoco\/?s={search_term_string}"},"query-input":{"@type":"PropertyValueSpecification","valueRequired":true,"valueName":"search_term_string"}}],"inLanguage":"pt-BR"},{"@type":"Person","@id":"https:\/\/www.em.com.br\/emfoco\/#\/schema\/person\/bba594b7eebe9b9885fec3a5c7837089","name":"Douglas Myth","image":{"@type":"ImageObject","inLanguage":"pt-BR","@id":"https:\/\/www.em.com.br\/emfoco\/#\/schema\/person\/image\/","url":"https:\/\/secure.gravatar.com\/avatar\/1ac3cf50d0e68642c697dc0c960c802f?s=96&d=mm&r=g","contentUrl":"https:\/\/secure.gravatar.com\/avatar\/1ac3cf50d0e68642c697dc0c960c802f?s=96&d=mm&r=g","caption":"Douglas Myth"},"url":"https:\/\/www.em.com.br\/emfoco\/author\/douglasmyth\/"}]}},"_links":{"self":[{"href":"https:\/\/www.em.com.br\/emfoco\/wp-json\/wp\/v2\/posts\/200408","targetHints":{"allow":["GET"]}}],"collection":[{"href":"https:\/\/www.em.com.br\/emfoco\/wp-json\/wp\/v2\/posts"}],"about":[{"href":"https:\/\/www.em.com.br\/emfoco\/wp-json\/wp\/v2\/types\/post"}],"author":[{"embeddable":true,"href":"https:\/\/www.em.com.br\/emfoco\/wp-json\/wp\/v2\/users\/15"}],"replies":[{"embeddable":true,"href":"https:\/\/www.em.com.br\/emfoco\/wp-json\/wp\/v2\/comments?post=200408"}],"version-history":[{"count":2,"href":"https:\/\/www.em.com.br\/emfoco\/wp-json\/wp\/v2\/posts\/200408\/revisions"}],"predecessor-version":[{"id":200415,"href":"https:\/\/www.em.com.br\/emfoco\/wp-json\/wp\/v2\/posts\/200408\/revisions\/200415"}],"wp:featuredmedia":[{"embeddable":true,"href":"https:\/\/www.em.com.br\/emfoco\/wp-json\/wp\/v2\/media\/201577"}],"wp:attachment":[{"href":"https:\/\/www.em.com.br\/emfoco\/wp-json\/wp\/v2\/media?parent=200408"}],"wp:term":[{"taxonomy":"category","embeddable":true,"href":"https:\/\/www.em.com.br\/emfoco\/wp-json\/wp\/v2\/categories?post=200408"},{"taxonomy":"post_tag","embeddable":true,"href":"https:\/\/www.em.com.br\/emfoco\/wp-json\/wp\/v2\/tags?post=200408"}],"curies":[{"name":"wp","href":"https:\/\/api.w.org\/{rel}","templated":true}]}}